{"id":12556,"date":"2022-08-01T19:02:50","date_gmt":"2022-08-01T22:02:50","guid":{"rendered":"https:\/\/contabilidadecaxias.com.br\/index.php\/2022\/08\/01\/tv-justica-vai-transmitir-sessoes-de-julgamento-do-tst\/"},"modified":"2022-08-01T19:02:50","modified_gmt":"2022-08-01T22:02:50","slug":"tv-justica-vai-transmitir-sessoes-de-julgamento-do-tst","status":"publish","type":"post","link":"https:\/\/contabilidadecaxias.com.br\/index.php\/2022\/08\/01\/tv-justica-vai-transmitir-sessoes-de-julgamento-do-tst\/","title":{"rendered":"TV Justi\u00e7a vai transmitir sess\u00f5es de julgamento do TST"},"content":{"rendered":"<div class=\"noticia-wrapper\">\n<p><em><\/p>\n<p>Iniciativa amplia participa\u00e7\u00e3o da Justi\u00e7a do Trabalho na programa\u00e7\u00e3o da emissora<\/p>\n<p><\/em><\/p>\n<div class=\"social-media-share mobile\">\n        <a class=\"share-facebook\" href=\"https:\/\/www.facebook.com\/sharer.php?u=https:\/\/www.tst.jus.br\/-\/tv-justi%C3%A7a-vai-transmitir-sess%C3%B5es-de-julgamento-do-tst\" target=\"_blank\" rel=\"noopener\"><\/a><br \/>\n        <a class=\"share-twitter\" href=\"https:\/\/twitter.com\/intent\/tweet?text=TV%20Justi%C3%A7a%20vai%20transmitir%20sess%C3%B5es%20de%20julgamento%20do%20TST%0AVeja%20mais%20em:&amp;url=https:\/\/www.tst.jus.br\/-\/tv-justi%C3%A7a-vai-transmitir-sess%C3%B5es-de-julgamento-do-tst\" target=\"_blank\" rel=\"noopener\"><\/a><br \/>\n        <a class=\"share-linkedin\" href=\"https:\/\/www.linkedin.com\/shareArticle?mini=true&amp;url=https:\/\/www.tst.jus.br\/-\/tv-justi%C3%A7a-vai-transmitir-sess%C3%B5es-de-julgamento-do-tst&amp;title=TV%20Justi%C3%A7a%20vai%20transmitir%20sess%C3%B5es%20de%20julgamento%20do%20TST\" target=\"_blank\" rel=\"noopener\"><\/a><br \/>\n        <a class=\"share-whatsapp\" href=\"https:\/\/web.whatsapp.com\/send?text=https:\/\/www.tst.jus.br\/-\/tv-justi%C3%A7a-vai-transmitir-sess%C3%B5es-de-julgamento-do-tst\" target=\"_blank\" rel=\"noopener\"><\/a><br \/>\n        <a class=\"share-googleplus\" href=\"https:\/\/plus.google.com\/share?url=https:\/\/www.tst.jus.br\/-\/tv-justi%C3%A7a-vai-transmitir-sess%C3%B5es-de-julgamento-do-tst\" target=\"_blank\" rel=\"noopener\"><\/a>\n    <\/div>\n<div class=\"news-body\">\n<div class=\"imagem-da-noticia\">\n<p>Reda\u00e7\u00e3o da TV Justi\u00e7a<\/p>\n<div class=\"social-media-share\">\n                    <a class=\"share-facebook\" href=\"https:\/\/www.facebook.com\/sharer.php?u=https:\/\/www.tst.jus.br\/-\/tv-justi%C3%A7a-vai-transmitir-sess%C3%B5es-de-julgamento-do-tst\" target=\"_blank\" rel=\"noopener\"><\/a><br \/>\n                    <a class=\"share-twitter\" href=\"https:\/\/twitter.com\/intent\/tweet?text=TV%20Justi%C3%A7a%20vai%20transmitir%20sess%C3%B5es%20de%20julgamento%20do%20TST%0AVeja%20mais%20em:&amp;url=https:\/\/www.tst.jus.br\/-\/tv-justi%C3%A7a-vai-transmitir-sess%C3%B5es-de-julgamento-do-tst\" target=\"_blank\" rel=\"noopener\"><\/a><br \/>\n                    <a class=\"share-linkedin\" href=\"https:\/\/www.linkedin.com\/shareArticle?mini=true&amp;url=https:\/\/www.tst.jus.br\/-\/tv-justi%C3%A7a-vai-transmitir-sess%C3%B5es-de-julgamento-do-tst&amp;title=TV%20Justi%C3%A7a%20vai%20transmitir%20sess%C3%B5es%20de%20julgamento%20do%20TST\" target=\"_blank\" rel=\"noopener\"><\/a><br \/>\n                    <a class=\"share-whatsapp\" href=\"https:\/\/web.whatsapp.com\/send?text=https:\/\/www.tst.jus.br\/-\/tv-justi%C3%A7a-vai-transmitir-sess%C3%B5es-de-julgamento-do-tst\" target=\"_blank\" rel=\"noopener\"><\/a><br \/>\n                    <a class=\"share-googleplus\" href=\"https:\/\/plus.google.com\/share?url=https:\/\/www.tst.jus.br\/-\/tv-justi%C3%A7a-vai-transmitir-sess%C3%B5es-de-julgamento-do-tst\" target=\"_blank\" rel=\"noopener\"><\/a>\n                <\/div>\n<\/p><\/div>\n<div class=\"materia\">\n<p>01\/08\/22 &#8211; A partir desta ter\u00e7a-feira (2), os julgamentos das Se\u00e7\u00f5es Especializadas em Diss\u00eddios Individuais do Tribunal Superior do Trabalho passam a ser transmitidos, na \u00edntegra, pela TV Justi\u00e7a. A iniciativa amplia a participa\u00e7\u00e3o da Justi\u00e7a do Trabalho na programa\u00e7\u00e3o da emissora, conforme <a href=\"https:\/\/www.tst.jus.br\/-\/stf-e-tst-firmam-parceria-para-gest%C3%A3o-compartilhada-da-tv-e-da-r%C3%A1dio-justi%C3%A7a\" target=\"_blank\" rel=\"noopener\">termo de gest\u00e3o compartilhada<\/a> assinado entre o TST e o Supremo Tribunal Federal (STF).\u00a0<\/p>\n<p>As sess\u00f5es de julgamento da Subse\u00e7\u00e3o II Especializada em Diss\u00eddios Individuais (SDI-2) ser\u00e3o transmitidas ao vivo, toda ter\u00e7a-feira, \u00e0s 9h. O colegiado avalia a\u00e7\u00f5es rescis\u00f3rias, mandados de seguran\u00e7a, a\u00e7\u00f5es cautelares, habeas corpus, conflitos de compet\u00eancia, recursos ordin\u00e1rios e agravos de instrumento.<\/p>\n<p>J\u00e1 as sess\u00f5es de julgamento da Subse\u00e7\u00e3o I Especializada em Diss\u00eddios Individuais (SDI-1) ser\u00e3o exibidas \u00e0s sextas-feiras, \u00e0s 9h, em formato gravado. A SDI-1 \u00e9 respons\u00e1vel por uniformizar a jurisprud\u00eancia trabalhista, a partir da an\u00e1lise de teses antag\u00f4nicas das Turmas do Tribunal.\u00a0<\/p>\n<p>Para o presidente do TST e do Conselho Superior da Justi\u00e7a do Trabalho, ministro Emmanoel Pereira, a exibi\u00e7\u00e3o dos julgamentos amplia a transpar\u00eancia da Corte e favorece a cidadania. \u201cA TV Justi\u00e7a tem alcance nacional, com informa\u00e7\u00f5es de qualidade sendo divulgadas por todo o pa\u00eds. Ao acompanhar os julgamentos do TST, o telespectador ficar\u00e1 bem informado sobre os direitos trabalhistas e poder\u00e1 exercer sua cidadania com mais confian\u00e7a e seguran\u00e7a\u201d, destaca o ministro. \u00a0<\/p>\n<p>Saiba <a href=\"https:\/\/www.tvjustica.jus.br\/index\/sintonize\" target=\"_blank\" rel=\"noopener\">como sintonizar a TV Justi\u00e7a<\/a>.\u00a0<\/p>\n<p>(PR\/CF)\u00a0<\/p>\n<\/div><\/div>\n<\/div>\n","protected":false},"excerpt":{"rendered":"<p>Iniciativa amplia participa\u00e7\u00e3o da Justi\u00e7a do Trabalho na programa\u00e7\u00e3o da emissora Reda\u00e7\u00e3o da TV Justi\u00e7a 01\/08\/22 &#8211; A partir desta ter\u00e7a-feira (2), os julgamentos das Se\u00e7\u00f5es Especializadas em Diss\u00eddios Individuais do Tribunal Superior do Trabalho passam a ser transmitidos, na \u00edntegra, pela TV Justi\u00e7a. A iniciativa amplia a participa\u00e7\u00e3o da Justi\u00e7a do Trabalho na programa\u00e7\u00e3o [&hellip;]<\/p>\n","protected":false},"author":0,"featured_media":12557,"comment_status":"open","ping_status":"","sticky":false,"template":"","format":"standard","meta":{"footnotes":""},"categories":[5],"tags":[],"class_list":["post-12556","post","type-post","status-publish","format-standard","has-post-thumbnail","hentry","category-noticias-educacao-financeira"],"blocksy_meta":{"styles_descriptor":{"styles":{"desktop":"","tablet":"","mobile":""},"google_fonts":[],"version":6}},"yoast_head":"<!-- This site is optimized with the Yoast SEO plugin v27.4 - https:\/\/yoast.com\/product\/yoast-seo-wordpress\/ -->\n<title>TV Justi\u00e7a vai transmitir sess\u00f5es de julgamento do TST - Contabilidade Caxias<\/title>\n<meta name=\"robots\" content=\"index, follow, max-snippet:-1, max-image-preview:large, max-video-preview:-1\" \/>\n<link rel=\"canonical\" href=\"https:\/\/contabilidadecaxias.com.br\/index.php\/2022\/08\/01\/tv-justica-vai-transmitir-sessoes-de-julgamento-do-tst\/\" \/>\n<meta property=\"og:locale\" content=\"pt_BR\" \/>\n<meta property=\"og:type\" content=\"article\" \/>\n<meta property=\"og:title\" content=\"TV Justi\u00e7a vai transmitir sess\u00f5es de julgamento do TST - Contabilidade Caxias\" \/>\n<meta property=\"og:description\" content=\"Iniciativa amplia participa\u00e7\u00e3o da Justi\u00e7a do Trabalho na programa\u00e7\u00e3o da emissora Reda\u00e7\u00e3o da TV Justi\u00e7a 01\/08\/22 &#8211; A partir desta ter\u00e7a-feira (2), os julgamentos das Se\u00e7\u00f5es Especializadas em Diss\u00eddios Individuais do Tribunal Superior do Trabalho passam a ser transmitidos, na \u00edntegra, pela TV Justi\u00e7a. A iniciativa amplia a participa\u00e7\u00e3o da Justi\u00e7a do Trabalho na programa\u00e7\u00e3o [&hellip;]\" \/>\n<meta property=\"og:url\" content=\"https:\/\/contabilidadecaxias.com.br\/index.php\/2022\/08\/01\/tv-justica-vai-transmitir-sessoes-de-julgamento-do-tst\/\" \/>\n<meta property=\"og:site_name\" content=\"Contabilidade Caxias\" \/>\n<meta property=\"article:published_time\" content=\"2022-08-01T22:02:50+00:00\" \/>\n<meta name=\"twitter:card\" content=\"summary_large_image\" \/>\n<meta name=\"twitter:label1\" content=\"Est. tempo de leitura\" \/>\n\t<meta name=\"twitter:data1\" content=\"1 minuto\" \/>\n<script type=\"application\/ld+json\" class=\"yoast-schema-graph\">{\"@context\":\"https:\\\/\\\/schema.org\",\"@graph\":[{\"@type\":\"Article\",\"@id\":\"https:\\\/\\\/contabilidadecaxias.com.br\\\/index.php\\\/2022\\\/08\\\/01\\\/tv-justica-vai-transmitir-sessoes-de-julgamento-do-tst\\\/#article\",\"isPartOf\":{\"@id\":\"https:\\\/\\\/contabilidadecaxias.com.br\\\/index.php\\\/2022\\\/08\\\/01\\\/tv-justica-vai-transmitir-sessoes-de-julgamento-do-tst\\\/\"},\"author\":{\"name\":\"\",\"@id\":\"\"},\"headline\":\"TV Justi\u00e7a vai transmitir sess\u00f5es de julgamento do TST\",\"datePublished\":\"2022-08-01T22:02:50+00:00\",\"mainEntityOfPage\":{\"@id\":\"https:\\\/\\\/contabilidadecaxias.com.br\\\/index.php\\\/2022\\\/08\\\/01\\\/tv-justica-vai-transmitir-sessoes-de-julgamento-do-tst\\\/\"},\"wordCount\":285,\"commentCount\":0,\"image\":{\"@id\":\"https:\\\/\\\/contabilidadecaxias.com.br\\\/index.php\\\/2022\\\/08\\\/01\\\/tv-justica-vai-transmitir-sessoes-de-julgamento-do-tst\\\/#primaryimage\"},\"thumbnailUrl\":\"https:\\\/\\\/contabilidadecaxias.com.br\\\/wp-content\\\/uploads\\\/2022\\\/08\\\/c206cdef-e3b2-211a-2f51-ccbb1c89a219-ZvAcxT.jpeg\",\"articleSection\":[\"Educa\u00e7\u00e3o Financeira\"],\"inLanguage\":\"pt-BR\",\"potentialAction\":[{\"@type\":\"CommentAction\",\"name\":\"Comment\",\"target\":[\"https:\\\/\\\/contabilidadecaxias.com.br\\\/index.php\\\/2022\\\/08\\\/01\\\/tv-justica-vai-transmitir-sessoes-de-julgamento-do-tst\\\/#respond\"]}]},{\"@type\":\"WebPage\",\"@id\":\"https:\\\/\\\/contabilidadecaxias.com.br\\\/index.php\\\/2022\\\/08\\\/01\\\/tv-justica-vai-transmitir-sessoes-de-julgamento-do-tst\\\/\",\"url\":\"https:\\\/\\\/contabilidadecaxias.com.br\\\/index.php\\\/2022\\\/08\\\/01\\\/tv-justica-vai-transmitir-sessoes-de-julgamento-do-tst\\\/\",\"name\":\"TV Justi\u00e7a vai transmitir sess\u00f5es de julgamento do TST - Contabilidade Caxias\",\"isPartOf\":{\"@id\":\"https:\\\/\\\/contabilidadecaxias.com.br\\\/#website\"},\"primaryImageOfPage\":{\"@id\":\"https:\\\/\\\/contabilidadecaxias.com.br\\\/index.php\\\/2022\\\/08\\\/01\\\/tv-justica-vai-transmitir-sessoes-de-julgamento-do-tst\\\/#primaryimage\"},\"image\":{\"@id\":\"https:\\\/\\\/contabilidadecaxias.com.br\\\/index.php\\\/2022\\\/08\\\/01\\\/tv-justica-vai-transmitir-sessoes-de-julgamento-do-tst\\\/#primaryimage\"},\"thumbnailUrl\":\"https:\\\/\\\/contabilidadecaxias.com.br\\\/wp-content\\\/uploads\\\/2022\\\/08\\\/c206cdef-e3b2-211a-2f51-ccbb1c89a219-ZvAcxT.jpeg\",\"datePublished\":\"2022-08-01T22:02:50+00:00\",\"author\":{\"@id\":\"\"},\"breadcrumb\":{\"@id\":\"https:\\\/\\\/contabilidadecaxias.com.br\\\/index.php\\\/2022\\\/08\\\/01\\\/tv-justica-vai-transmitir-sessoes-de-julgamento-do-tst\\\/#breadcrumb\"},\"inLanguage\":\"pt-BR\",\"potentialAction\":[{\"@type\":\"ReadAction\",\"target\":[\"https:\\\/\\\/contabilidadecaxias.com.br\\\/index.php\\\/2022\\\/08\\\/01\\\/tv-justica-vai-transmitir-sessoes-de-julgamento-do-tst\\\/\"]}]},{\"@type\":\"ImageObject\",\"inLanguage\":\"pt-BR\",\"@id\":\"https:\\\/\\\/contabilidadecaxias.com.br\\\/index.php\\\/2022\\\/08\\\/01\\\/tv-justica-vai-transmitir-sessoes-de-julgamento-do-tst\\\/#primaryimage\",\"url\":\"https:\\\/\\\/contabilidadecaxias.com.br\\\/wp-content\\\/uploads\\\/2022\\\/08\\\/c206cdef-e3b2-211a-2f51-ccbb1c89a219-ZvAcxT.jpeg\",\"contentUrl\":\"https:\\\/\\\/contabilidadecaxias.com.br\\\/wp-content\\\/uploads\\\/2022\\\/08\\\/c206cdef-e3b2-211a-2f51-ccbb1c89a219-ZvAcxT.jpeg\",\"width\":330,\"height\":190},{\"@type\":\"BreadcrumbList\",\"@id\":\"https:\\\/\\\/contabilidadecaxias.com.br\\\/index.php\\\/2022\\\/08\\\/01\\\/tv-justica-vai-transmitir-sessoes-de-julgamento-do-tst\\\/#breadcrumb\",\"itemListElement\":[{\"@type\":\"ListItem\",\"position\":1,\"name\":\"In\u00edcio\",\"item\":\"https:\\\/\\\/contabilidadecaxias.com.br\\\/\"},{\"@type\":\"ListItem\",\"position\":2,\"name\":\"TV Justi\u00e7a vai transmitir sess\u00f5es de julgamento do TST\"}]},{\"@type\":\"WebSite\",\"@id\":\"https:\\\/\\\/contabilidadecaxias.com.br\\\/#website\",\"url\":\"https:\\\/\\\/contabilidadecaxias.com.br\\\/\",\"name\":\"Contabilidade Caxias\",\"description\":\"Site especializado em Contabilidade para Caxias.\",\"potentialAction\":[{\"@type\":\"SearchAction\",\"target\":{\"@type\":\"EntryPoint\",\"urlTemplate\":\"https:\\\/\\\/contabilidadecaxias.com.br\\\/?s={search_term_string}\"},\"query-input\":{\"@type\":\"PropertyValueSpecification\",\"valueRequired\":true,\"valueName\":\"search_term_string\"}}],\"inLanguage\":\"pt-BR\"}]}<\/script>\n<!-- \/ Yoast SEO plugin. -->","yoast_head_json":{"title":"TV Justi\u00e7a vai transmitir sess\u00f5es de julgamento do TST - Contabilidade Caxias","robots":{"index":"index","follow":"follow","max-snippet":"max-snippet:-1","max-image-preview":"max-image-preview:large","max-video-preview":"max-video-preview:-1"},"canonical":"https:\/\/contabilidadecaxias.com.br\/index.php\/2022\/08\/01\/tv-justica-vai-transmitir-sessoes-de-julgamento-do-tst\/","og_locale":"pt_BR","og_type":"article","og_title":"TV Justi\u00e7a vai transmitir sess\u00f5es de julgamento do TST - Contabilidade Caxias","og_description":"Iniciativa amplia participa\u00e7\u00e3o da Justi\u00e7a do Trabalho na programa\u00e7\u00e3o da emissora Reda\u00e7\u00e3o da TV Justi\u00e7a 01\/08\/22 &#8211; A partir desta ter\u00e7a-feira (2), os julgamentos das Se\u00e7\u00f5es Especializadas em Diss\u00eddios Individuais do Tribunal Superior do Trabalho passam a ser transmitidos, na \u00edntegra, pela TV Justi\u00e7a. A iniciativa amplia a participa\u00e7\u00e3o da Justi\u00e7a do Trabalho na programa\u00e7\u00e3o [&hellip;]","og_url":"https:\/\/contabilidadecaxias.com.br\/index.php\/2022\/08\/01\/tv-justica-vai-transmitir-sessoes-de-julgamento-do-tst\/","og_site_name":"Contabilidade Caxias","article_published_time":"2022-08-01T22:02:50+00:00","twitter_card":"summary_large_image","twitter_misc":{"Est. tempo de leitura":"1 minuto"},"schema":{"@context":"https:\/\/schema.org","@graph":[{"@type":"Article","@id":"https:\/\/contabilidadecaxias.com.br\/index.php\/2022\/08\/01\/tv-justica-vai-transmitir-sessoes-de-julgamento-do-tst\/#article","isPartOf":{"@id":"https:\/\/contabilidadecaxias.com.br\/index.php\/2022\/08\/01\/tv-justica-vai-transmitir-sessoes-de-julgamento-do-tst\/"},"author":{"name":"","@id":""},"headline":"TV Justi\u00e7a vai transmitir sess\u00f5es de julgamento do TST","datePublished":"2022-08-01T22:02:50+00:00","mainEntityOfPage":{"@id":"https:\/\/contabilidadecaxias.com.br\/index.php\/2022\/08\/01\/tv-justica-vai-transmitir-sessoes-de-julgamento-do-tst\/"},"wordCount":285,"commentCount":0,"image":{"@id":"https:\/\/contabilidadecaxias.com.br\/index.php\/2022\/08\/01\/tv-justica-vai-transmitir-sessoes-de-julgamento-do-tst\/#primaryimage"},"thumbnailUrl":"https:\/\/contabilidadecaxias.com.br\/wp-content\/uploads\/2022\/08\/c206cdef-e3b2-211a-2f51-ccbb1c89a219-ZvAcxT.jpeg","articleSection":["Educa\u00e7\u00e3o Financeira"],"inLanguage":"pt-BR","potentialAction":[{"@type":"CommentAction","name":"Comment","target":["https:\/\/contabilidadecaxias.com.br\/index.php\/2022\/08\/01\/tv-justica-vai-transmitir-sessoes-de-julgamento-do-tst\/#respond"]}]},{"@type":"WebPage","@id":"https:\/\/contabilidadecaxias.com.br\/index.php\/2022\/08\/01\/tv-justica-vai-transmitir-sessoes-de-julgamento-do-tst\/","url":"https:\/\/contabilidadecaxias.com.br\/index.php\/2022\/08\/01\/tv-justica-vai-transmitir-sessoes-de-julgamento-do-tst\/","name":"TV Justi\u00e7a vai transmitir sess\u00f5es de julgamento do TST - Contabilidade Caxias","isPartOf":{"@id":"https:\/\/contabilidadecaxias.com.br\/#website"},"primaryImageOfPage":{"@id":"https:\/\/contabilidadecaxias.com.br\/index.php\/2022\/08\/01\/tv-justica-vai-transmitir-sessoes-de-julgamento-do-tst\/#primaryimage"},"image":{"@id":"https:\/\/contabilidadecaxias.com.br\/index.php\/2022\/08\/01\/tv-justica-vai-transmitir-sessoes-de-julgamento-do-tst\/#primaryimage"},"thumbnailUrl":"https:\/\/contabilidadecaxias.com.br\/wp-content\/uploads\/2022\/08\/c206cdef-e3b2-211a-2f51-ccbb1c89a219-ZvAcxT.jpeg","datePublished":"2022-08-01T22:02:50+00:00","author":{"@id":""},"breadcrumb":{"@id":"https:\/\/contabilidadecaxias.com.br\/index.php\/2022\/08\/01\/tv-justica-vai-transmitir-sessoes-de-julgamento-do-tst\/#breadcrumb"},"inLanguage":"pt-BR","potentialAction":[{"@type":"ReadAction","target":["https:\/\/contabilidadecaxias.com.br\/index.php\/2022\/08\/01\/tv-justica-vai-transmitir-sessoes-de-julgamento-do-tst\/"]}]},{"@type":"ImageObject","inLanguage":"pt-BR","@id":"https:\/\/contabilidadecaxias.com.br\/index.php\/2022\/08\/01\/tv-justica-vai-transmitir-sessoes-de-julgamento-do-tst\/#primaryimage","url":"https:\/\/contabilidadecaxias.com.br\/wp-content\/uploads\/2022\/08\/c206cdef-e3b2-211a-2f51-ccbb1c89a219-ZvAcxT.jpeg","contentUrl":"https:\/\/contabilidadecaxias.com.br\/wp-content\/uploads\/2022\/08\/c206cdef-e3b2-211a-2f51-ccbb1c89a219-ZvAcxT.jpeg","width":330,"height":190},{"@type":"BreadcrumbList","@id":"https:\/\/contabilidadecaxias.com.br\/index.php\/2022\/08\/01\/tv-justica-vai-transmitir-sessoes-de-julgamento-do-tst\/#breadcrumb","itemListElement":[{"@type":"ListItem","position":1,"name":"In\u00edcio","item":"https:\/\/contabilidadecaxias.com.br\/"},{"@type":"ListItem","position":2,"name":"TV Justi\u00e7a vai transmitir sess\u00f5es de julgamento do TST"}]},{"@type":"WebSite","@id":"https:\/\/contabilidadecaxias.com.br\/#website","url":"https:\/\/contabilidadecaxias.com.br\/","name":"Contabilidade Caxias","description":"Site especializado em Contabilidade para Caxias.","potentialAction":[{"@type":"SearchAction","target":{"@type":"EntryPoint","urlTemplate":"https:\/\/contabilidadecaxias.com.br\/?s={search_term_string}"},"query-input":{"@type":"PropertyValueSpecification","valueRequired":true,"valueName":"search_term_string"}}],"inLanguage":"pt-BR"}]}},"_links":{"self":[{"href":"https:\/\/contabilidadecaxias.com.br\/index.php\/wp-json\/wp\/v2\/posts\/12556","targetHints":{"allow":["GET"]}}],"collection":[{"href":"https:\/\/contabilidadecaxias.com.br\/index.php\/wp-json\/wp\/v2\/posts"}],"about":[{"href":"https:\/\/contabilidadecaxias.com.br\/index.php\/wp-json\/wp\/v2\/types\/post"}],"replies":[{"embeddable":true,"href":"https:\/\/contabilidadecaxias.com.br\/index.php\/wp-json\/wp\/v2\/comments?post=12556"}],"version-history":[{"count":0,"href":"https:\/\/contabilidadecaxias.com.br\/index.php\/wp-json\/wp\/v2\/posts\/12556\/revisions"}],"wp:featuredmedia":[{"embeddable":true,"href":"https:\/\/contabilidadecaxias.com.br\/index.php\/wp-json\/wp\/v2\/media\/12557"}],"wp:attachment":[{"href":"https:\/\/contabilidadecaxias.com.br\/index.php\/wp-json\/wp\/v2\/media?parent=12556"}],"wp:term":[{"taxonomy":"category","embeddable":true,"href":"https:\/\/contabilidadecaxias.com.br\/index.php\/wp-json\/wp\/v2\/categories?post=12556"},{"taxonomy":"post_tag","embeddable":true,"href":"https:\/\/contabilidadecaxias.com.br\/index.php\/wp-json\/wp\/v2\/tags?post=12556"}],"curies":[{"name":"wp","href":"https:\/\/api.w.org\/{rel}","templated":true}]}}