{"id":12554,"date":"2022-08-01T18:02:49","date_gmt":"2022-08-01T21:02:49","guid":{"rendered":"https:\/\/contabilidadecaxias.com.br\/index.php\/2022\/08\/01\/tst-inicia-segundo-semestre-com-destaque-para-aumento-de-produtividade\/"},"modified":"2022-08-01T18:02:49","modified_gmt":"2022-08-01T21:02:49","slug":"tst-inicia-segundo-semestre-com-destaque-para-aumento-de-produtividade","status":"publish","type":"post","link":"https:\/\/contabilidadecaxias.com.br\/index.php\/2022\/08\/01\/tst-inicia-segundo-semestre-com-destaque-para-aumento-de-produtividade\/","title":{"rendered":"TST inicia segundo semestre com destaque para aumento de produtividade \u00a0"},"content":{"rendered":"<div class=\"noticia-wrapper\">\n<p><em><\/p>\n<p>O ministro Emmanoel Pereira ressaltou tamb\u00e9m as a\u00e7\u00f5es institucionais do Tribunal e o semin\u00e1rio internacional a ser realizado em agosto<\/p>\n<p><\/em><\/p>\n<div class=\"social-media-share mobile\">\n        <a class=\"share-facebook\" href=\"https:\/\/www.facebook.com\/sharer.php?u=https:\/\/www.tst.jus.br\/-\/tst-inicia-segundo-semestre-com-destaque-para-aumento-de-produtividade-%C2%A0\" target=\"_blank\" rel=\"noopener\"><\/a><br \/>\n        <a class=\"share-twitter\" href=\"https:\/\/twitter.com\/intent\/tweet?text=TST%20inicia%20segundo%20semestre%20com%20destaque%20para%20aumento%20de%20produtividade%20%C2%A0%0AVeja%20mais%20em:&amp;url=https:\/\/www.tst.jus.br\/-\/tst-inicia-segundo-semestre-com-destaque-para-aumento-de-produtividade-%C2%A0\" target=\"_blank\" rel=\"noopener\"><\/a><br \/>\n        <a class=\"share-linkedin\" href=\"https:\/\/www.linkedin.com\/shareArticle?mini=true&amp;url=https:\/\/www.tst.jus.br\/-\/tst-inicia-segundo-semestre-com-destaque-para-aumento-de-produtividade-%C2%A0&amp;title=TST%20inicia%20segundo%20semestre%20com%20destaque%20para%20aumento%20de%20produtividade%20%C2%A0\" target=\"_blank\" rel=\"noopener\"><\/a><br \/>\n        <a class=\"share-whatsapp\" href=\"https:\/\/web.whatsapp.com\/send?text=https:\/\/www.tst.jus.br\/-\/tst-inicia-segundo-semestre-com-destaque-para-aumento-de-produtividade-%C2%A0\" target=\"_blank\" rel=\"noopener\"><\/a><br \/>\n        <a class=\"share-googleplus\" href=\"https:\/\/plus.google.com\/share?url=https:\/\/www.tst.jus.br\/-\/tst-inicia-segundo-semestre-com-destaque-para-aumento-de-produtividade-%C2%A0\" target=\"_blank\" rel=\"noopener\"><\/a>\n    <\/div>\n<div class=\"news-body\">\n<div class=\"imagem-da-noticia\">\n<div class=\"social-media-share\">\n                    <a class=\"share-facebook\" href=\"https:\/\/www.facebook.com\/sharer.php?u=https:\/\/www.tst.jus.br\/-\/tst-inicia-segundo-semestre-com-destaque-para-aumento-de-produtividade-%C2%A0\" target=\"_blank\" rel=\"noopener\"><\/a><br \/>\n                    <a class=\"share-twitter\" href=\"https:\/\/twitter.com\/intent\/tweet?text=TST%20inicia%20segundo%20semestre%20com%20destaque%20para%20aumento%20de%20produtividade%20%C2%A0%0AVeja%20mais%20em:&amp;url=https:\/\/www.tst.jus.br\/-\/tst-inicia-segundo-semestre-com-destaque-para-aumento-de-produtividade-%C2%A0\" target=\"_blank\" rel=\"noopener\"><\/a><br \/>\n                    <a class=\"share-linkedin\" href=\"https:\/\/www.linkedin.com\/shareArticle?mini=true&amp;url=https:\/\/www.tst.jus.br\/-\/tst-inicia-segundo-semestre-com-destaque-para-aumento-de-produtividade-%C2%A0&amp;title=TST%20inicia%20segundo%20semestre%20com%20destaque%20para%20aumento%20de%20produtividade%20%C2%A0\" target=\"_blank\" rel=\"noopener\"><\/a><br \/>\n                    <a class=\"share-whatsapp\" href=\"https:\/\/web.whatsapp.com\/send?text=https:\/\/www.tst.jus.br\/-\/tst-inicia-segundo-semestre-com-destaque-para-aumento-de-produtividade-%C2%A0\" target=\"_blank\" rel=\"noopener\"><\/a><br \/>\n                    <a class=\"share-googleplus\" href=\"https:\/\/plus.google.com\/share?url=https:\/\/www.tst.jus.br\/-\/tst-inicia-segundo-semestre-com-destaque-para-aumento-de-produtividade-%C2%A0\" target=\"_blank\" rel=\"noopener\"><\/a>\n                <\/div>\n<\/p><\/div>\n<div class=\"materia\">\n<p>01\/08\/22 &#8211;\u00a0O Tribunal Superior do Trabalho retomou, nesta segunda-feira (1\u00ba), as atividades jurisdicionais com sess\u00e3o extraordin\u00e1ria do \u00d3rg\u00e3o Especial. O presidente do Tribunal, ministro Emmanuel Pereira, destacou o aumento de 20% no n\u00famero de recursos de revista julgados no primeiro semestre, em rela\u00e7\u00e3o ao ano passado, e de mais de 11% nos processos julgados em sess\u00e3o.\u00a0<\/p>\n<h4>Semin\u00e1rio<\/h4>\n<\/p>\n<p>Na abertura da sess\u00e3o, o ministro lembrou que o Tribunal realizar\u00e1, nos dias 18 e 19 de agosto, o Semin\u00e1rio Internacional \u201cA Compet\u00eancia da Justi\u00e7a do Trabalho\u201d, que buscar\u00e1 aprofundar as discuss\u00f5es sobre os avan\u00e7os e os retrocessos das atribui\u00e7\u00f5es e das responsabilidades do Judici\u00e1rio trabalhista. O evento contar\u00e1 com juristas do Brasil e do exterior, entre eles a magistrada Rosa Maria Virol\u00e9s Pi\u00f1ol, da Suprema Corte Espanhola, os ministros Nelson Jobim e Marco Aur\u00e9lio Mello, ex-presidentes do Supremo Tribunal Federal (STF), e dos ministros Roberto Barroso (STF) e Marco Aur\u00e9lio Buzzi, do Superior Tribunal de Justi\u00e7a (STJ).\u00a0<\/p>\n<h4>Trabalho an\u00e1logo \u00e0 escravid\u00e3o<\/h4>\n<p>Outro ponto destacado pelo presidente foi a homenagem ao cardeal arcebispo do Rio de Janeiro, Dom Orani Tempesta, e \u00e0 desembargadora Mery Bucker Caminha, vice-presidente do Tribunal Regional do Trabalho da 1\u00aa Regi\u00e3o (RJ), pelo projeto de combate e oreven\u00e7\u00e3o ao trabalho an\u00e1logo \u00e0 escravid\u00e3o desenvolvido pela institui\u00e7\u00e3o C\u00e1ritas Arquidiocesana do Rio de Janeiro, em parceria com o regional. A homenagem foi acompanhada pelo ministro Alberto Balazeiro.\u00a0<\/p>\n<h4>Primeira inf\u00e2ncia<\/h4>\n<p>Emmanoel Pereira noticiou que o TST, no \u00faltimo dia 28 de julho, firmou sua ades\u00e3o formal ao Pacto Nacional pela Primeira Inf\u00e2ncia, celebrado entre o Conselho Nacional de Justi\u00e7a (CNJ) e a Rede de Aten\u00e7\u00e3o \u00e0 Primeira Inf\u00e2ncia, com a participa\u00e7\u00e3o da C\u00e2mara dos Deputados, do Senado Federal, do Conselho Nacional do Minist\u00e9rio P\u00fablico, do Tribunal de Contas da Uni\u00e3o e da Ordem dos Advogados do Brasil, entre outras institui\u00e7\u00f5es. O pacto tem como objetivo a coopera\u00e7\u00e3o t\u00e9cnica e operacional dos diversos segmentos de poder visando ao aprimoramento do sistema de prote\u00e7\u00e3o do interesse da crian\u00e7a e \u00e0 garantia dos direitos previstos na Constitui\u00e7\u00e3o Federal, no Marco Legal da Primeira Inf\u00e2ncia e no Estatuto da Crian\u00e7a e do Adolescente (ECA).\u00a0<\/p>\n<p>(DA\/\/CF)<\/p>\n<\/div><\/div>\n<\/div>\n","protected":false},"excerpt":{"rendered":"<p>O ministro Emmanoel Pereira ressaltou tamb\u00e9m as a\u00e7\u00f5es institucionais do Tribunal e o semin\u00e1rio internacional a ser realizado em agosto 01\/08\/22 &#8211;\u00a0O Tribunal Superior do Trabalho retomou, nesta segunda-feira (1\u00ba), as atividades jurisdicionais com sess\u00e3o extraordin\u00e1ria do \u00d3rg\u00e3o Especial. O presidente do Tribunal, ministro Emmanuel Pereira, destacou o aumento de 20% no n\u00famero de recursos [&hellip;]<\/p>\n","protected":false},"author":0,"featured_media":12555,"comment_status":"open","ping_status":"","sticky":false,"template":"","format":"standard","meta":{"footnotes":""},"categories":[5],"tags":[],"class_list":["post-12554","post","type-post","status-publish","format-standard","has-post-thumbnail","hentry","category-noticias-educacao-financeira"],"blocksy_meta":{"styles_descriptor":{"styles":{"desktop":"","tablet":"","mobile":""},"google_fonts":[],"version":6}},"yoast_head":"<!-- This site is optimized with the Yoast SEO plugin v27.4 - https:\/\/yoast.com\/product\/yoast-seo-wordpress\/ -->\n<title>TST inicia segundo semestre com destaque para aumento de produtividade \u00a0 - Contabilidade Caxias<\/title>\n<meta name=\"robots\" content=\"index, follow, max-snippet:-1, max-image-preview:large, max-video-preview:-1\" \/>\n<link rel=\"canonical\" href=\"https:\/\/contabilidadecaxias.com.br\/index.php\/2022\/08\/01\/tst-inicia-segundo-semestre-com-destaque-para-aumento-de-produtividade\/\" \/>\n<meta property=\"og:locale\" content=\"pt_BR\" \/>\n<meta property=\"og:type\" content=\"article\" \/>\n<meta property=\"og:title\" content=\"TST inicia segundo semestre com destaque para aumento de produtividade \u00a0 - Contabilidade Caxias\" \/>\n<meta property=\"og:description\" content=\"O ministro Emmanoel Pereira ressaltou tamb\u00e9m as a\u00e7\u00f5es institucionais do Tribunal e o semin\u00e1rio internacional a ser realizado em agosto 01\/08\/22 &#8211;\u00a0O Tribunal Superior do Trabalho retomou, nesta segunda-feira (1\u00ba), as atividades jurisdicionais com sess\u00e3o extraordin\u00e1ria do \u00d3rg\u00e3o Especial. O presidente do Tribunal, ministro Emmanuel Pereira, destacou o aumento de 20% no n\u00famero de recursos [&hellip;]\" \/>\n<meta property=\"og:url\" content=\"https:\/\/contabilidadecaxias.com.br\/index.php\/2022\/08\/01\/tst-inicia-segundo-semestre-com-destaque-para-aumento-de-produtividade\/\" \/>\n<meta property=\"og:site_name\" content=\"Contabilidade Caxias\" \/>\n<meta property=\"article:published_time\" content=\"2022-08-01T21:02:49+00:00\" \/>\n<meta name=\"twitter:card\" content=\"summary_large_image\" \/>\n<meta name=\"twitter:label1\" content=\"Est. tempo de leitura\" \/>\n\t<meta name=\"twitter:data1\" content=\"2 minutos\" \/>\n<script type=\"application\/ld+json\" class=\"yoast-schema-graph\">{\"@context\":\"https:\\\/\\\/schema.org\",\"@graph\":[{\"@type\":\"Article\",\"@id\":\"https:\\\/\\\/contabilidadecaxias.com.br\\\/index.php\\\/2022\\\/08\\\/01\\\/tst-inicia-segundo-semestre-com-destaque-para-aumento-de-produtividade\\\/#article\",\"isPartOf\":{\"@id\":\"https:\\\/\\\/contabilidadecaxias.com.br\\\/index.php\\\/2022\\\/08\\\/01\\\/tst-inicia-segundo-semestre-com-destaque-para-aumento-de-produtividade\\\/\"},\"author\":{\"name\":\"\",\"@id\":\"\"},\"headline\":\"TST inicia segundo semestre com destaque para aumento de produtividade \u00a0\",\"datePublished\":\"2022-08-01T21:02:49+00:00\",\"mainEntityOfPage\":{\"@id\":\"https:\\\/\\\/contabilidadecaxias.com.br\\\/index.php\\\/2022\\\/08\\\/01\\\/tst-inicia-segundo-semestre-com-destaque-para-aumento-de-produtividade\\\/\"},\"wordCount\":418,\"commentCount\":0,\"image\":{\"@id\":\"https:\\\/\\\/contabilidadecaxias.com.br\\\/index.php\\\/2022\\\/08\\\/01\\\/tst-inicia-segundo-semestre-com-destaque-para-aumento-de-produtividade\\\/#primaryimage\"},\"thumbnailUrl\":\"https:\\\/\\\/contabilidadecaxias.com.br\\\/wp-content\\\/uploads\\\/2022\\\/08\\\/b500a9c5-97dc-314b-da9c-e397e2931ec6-PENY09.jpeg\",\"articleSection\":[\"Educa\u00e7\u00e3o Financeira\"],\"inLanguage\":\"pt-BR\",\"potentialAction\":[{\"@type\":\"CommentAction\",\"name\":\"Comment\",\"target\":[\"https:\\\/\\\/contabilidadecaxias.com.br\\\/index.php\\\/2022\\\/08\\\/01\\\/tst-inicia-segundo-semestre-com-destaque-para-aumento-de-produtividade\\\/#respond\"]}]},{\"@type\":\"WebPage\",\"@id\":\"https:\\\/\\\/contabilidadecaxias.com.br\\\/index.php\\\/2022\\\/08\\\/01\\\/tst-inicia-segundo-semestre-com-destaque-para-aumento-de-produtividade\\\/\",\"url\":\"https:\\\/\\\/contabilidadecaxias.com.br\\\/index.php\\\/2022\\\/08\\\/01\\\/tst-inicia-segundo-semestre-com-destaque-para-aumento-de-produtividade\\\/\",\"name\":\"TST inicia segundo semestre com destaque para aumento de produtividade \u00a0 - Contabilidade Caxias\",\"isPartOf\":{\"@id\":\"https:\\\/\\\/contabilidadecaxias.com.br\\\/#website\"},\"primaryImageOfPage\":{\"@id\":\"https:\\\/\\\/contabilidadecaxias.com.br\\\/index.php\\\/2022\\\/08\\\/01\\\/tst-inicia-segundo-semestre-com-destaque-para-aumento-de-produtividade\\\/#primaryimage\"},\"image\":{\"@id\":\"https:\\\/\\\/contabilidadecaxias.com.br\\\/index.php\\\/2022\\\/08\\\/01\\\/tst-inicia-segundo-semestre-com-destaque-para-aumento-de-produtividade\\\/#primaryimage\"},\"thumbnailUrl\":\"https:\\\/\\\/contabilidadecaxias.com.br\\\/wp-content\\\/uploads\\\/2022\\\/08\\\/b500a9c5-97dc-314b-da9c-e397e2931ec6-PENY09.jpeg\",\"datePublished\":\"2022-08-01T21:02:49+00:00\",\"author\":{\"@id\":\"\"},\"breadcrumb\":{\"@id\":\"https:\\\/\\\/contabilidadecaxias.com.br\\\/index.php\\\/2022\\\/08\\\/01\\\/tst-inicia-segundo-semestre-com-destaque-para-aumento-de-produtividade\\\/#breadcrumb\"},\"inLanguage\":\"pt-BR\",\"potentialAction\":[{\"@type\":\"ReadAction\",\"target\":[\"https:\\\/\\\/contabilidadecaxias.com.br\\\/index.php\\\/2022\\\/08\\\/01\\\/tst-inicia-segundo-semestre-com-destaque-para-aumento-de-produtividade\\\/\"]}]},{\"@type\":\"ImageObject\",\"inLanguage\":\"pt-BR\",\"@id\":\"https:\\\/\\\/contabilidadecaxias.com.br\\\/index.php\\\/2022\\\/08\\\/01\\\/tst-inicia-segundo-semestre-com-destaque-para-aumento-de-produtividade\\\/#primaryimage\",\"url\":\"https:\\\/\\\/contabilidadecaxias.com.br\\\/wp-content\\\/uploads\\\/2022\\\/08\\\/b500a9c5-97dc-314b-da9c-e397e2931ec6-PENY09.jpeg\",\"contentUrl\":\"https:\\\/\\\/contabilidadecaxias.com.br\\\/wp-content\\\/uploads\\\/2022\\\/08\\\/b500a9c5-97dc-314b-da9c-e397e2931ec6-PENY09.jpeg\",\"width\":800,\"height\":526},{\"@type\":\"BreadcrumbList\",\"@id\":\"https:\\\/\\\/contabilidadecaxias.com.br\\\/index.php\\\/2022\\\/08\\\/01\\\/tst-inicia-segundo-semestre-com-destaque-para-aumento-de-produtividade\\\/#breadcrumb\",\"itemListElement\":[{\"@type\":\"ListItem\",\"position\":1,\"name\":\"In\u00edcio\",\"item\":\"https:\\\/\\\/contabilidadecaxias.com.br\\\/\"},{\"@type\":\"ListItem\",\"position\":2,\"name\":\"TST inicia segundo semestre com destaque para aumento de produtividade \u00a0\"}]},{\"@type\":\"WebSite\",\"@id\":\"https:\\\/\\\/contabilidadecaxias.com.br\\\/#website\",\"url\":\"https:\\\/\\\/contabilidadecaxias.com.br\\\/\",\"name\":\"Contabilidade Caxias\",\"description\":\"Site especializado em Contabilidade para Caxias.\",\"potentialAction\":[{\"@type\":\"SearchAction\",\"target\":{\"@type\":\"EntryPoint\",\"urlTemplate\":\"https:\\\/\\\/contabilidadecaxias.com.br\\\/?s={search_term_string}\"},\"query-input\":{\"@type\":\"PropertyValueSpecification\",\"valueRequired\":true,\"valueName\":\"search_term_string\"}}],\"inLanguage\":\"pt-BR\"}]}<\/script>\n<!-- \/ Yoast SEO plugin. -->","yoast_head_json":{"title":"TST inicia segundo semestre com destaque para aumento de produtividade \u00a0 - Contabilidade Caxias","robots":{"index":"index","follow":"follow","max-snippet":"max-snippet:-1","max-image-preview":"max-image-preview:large","max-video-preview":"max-video-preview:-1"},"canonical":"https:\/\/contabilidadecaxias.com.br\/index.php\/2022\/08\/01\/tst-inicia-segundo-semestre-com-destaque-para-aumento-de-produtividade\/","og_locale":"pt_BR","og_type":"article","og_title":"TST inicia segundo semestre com destaque para aumento de produtividade \u00a0 - Contabilidade Caxias","og_description":"O ministro Emmanoel Pereira ressaltou tamb\u00e9m as a\u00e7\u00f5es institucionais do Tribunal e o semin\u00e1rio internacional a ser realizado em agosto 01\/08\/22 &#8211;\u00a0O Tribunal Superior do Trabalho retomou, nesta segunda-feira (1\u00ba), as atividades jurisdicionais com sess\u00e3o extraordin\u00e1ria do \u00d3rg\u00e3o Especial. O presidente do Tribunal, ministro Emmanuel Pereira, destacou o aumento de 20% no n\u00famero de recursos [&hellip;]","og_url":"https:\/\/contabilidadecaxias.com.br\/index.php\/2022\/08\/01\/tst-inicia-segundo-semestre-com-destaque-para-aumento-de-produtividade\/","og_site_name":"Contabilidade Caxias","article_published_time":"2022-08-01T21:02:49+00:00","twitter_card":"summary_large_image","twitter_misc":{"Est. tempo de leitura":"2 minutos"},"schema":{"@context":"https:\/\/schema.org","@graph":[{"@type":"Article","@id":"https:\/\/contabilidadecaxias.com.br\/index.php\/2022\/08\/01\/tst-inicia-segundo-semestre-com-destaque-para-aumento-de-produtividade\/#article","isPartOf":{"@id":"https:\/\/contabilidadecaxias.com.br\/index.php\/2022\/08\/01\/tst-inicia-segundo-semestre-com-destaque-para-aumento-de-produtividade\/"},"author":{"name":"","@id":""},"headline":"TST inicia segundo semestre com destaque para aumento de produtividade \u00a0","datePublished":"2022-08-01T21:02:49+00:00","mainEntityOfPage":{"@id":"https:\/\/contabilidadecaxias.com.br\/index.php\/2022\/08\/01\/tst-inicia-segundo-semestre-com-destaque-para-aumento-de-produtividade\/"},"wordCount":418,"commentCount":0,"image":{"@id":"https:\/\/contabilidadecaxias.com.br\/index.php\/2022\/08\/01\/tst-inicia-segundo-semestre-com-destaque-para-aumento-de-produtividade\/#primaryimage"},"thumbnailUrl":"https:\/\/contabilidadecaxias.com.br\/wp-content\/uploads\/2022\/08\/b500a9c5-97dc-314b-da9c-e397e2931ec6-PENY09.jpeg","articleSection":["Educa\u00e7\u00e3o Financeira"],"inLanguage":"pt-BR","potentialAction":[{"@type":"CommentAction","name":"Comment","target":["https:\/\/contabilidadecaxias.com.br\/index.php\/2022\/08\/01\/tst-inicia-segundo-semestre-com-destaque-para-aumento-de-produtividade\/#respond"]}]},{"@type":"WebPage","@id":"https:\/\/contabilidadecaxias.com.br\/index.php\/2022\/08\/01\/tst-inicia-segundo-semestre-com-destaque-para-aumento-de-produtividade\/","url":"https:\/\/contabilidadecaxias.com.br\/index.php\/2022\/08\/01\/tst-inicia-segundo-semestre-com-destaque-para-aumento-de-produtividade\/","name":"TST inicia segundo semestre com destaque para aumento de produtividade \u00a0 - Contabilidade Caxias","isPartOf":{"@id":"https:\/\/contabilidadecaxias.com.br\/#website"},"primaryImageOfPage":{"@id":"https:\/\/contabilidadecaxias.com.br\/index.php\/2022\/08\/01\/tst-inicia-segundo-semestre-com-destaque-para-aumento-de-produtividade\/#primaryimage"},"image":{"@id":"https:\/\/contabilidadecaxias.com.br\/index.php\/2022\/08\/01\/tst-inicia-segundo-semestre-com-destaque-para-aumento-de-produtividade\/#primaryimage"},"thumbnailUrl":"https:\/\/contabilidadecaxias.com.br\/wp-content\/uploads\/2022\/08\/b500a9c5-97dc-314b-da9c-e397e2931ec6-PENY09.jpeg","datePublished":"2022-08-01T21:02:49+00:00","author":{"@id":""},"breadcrumb":{"@id":"https:\/\/contabilidadecaxias.com.br\/index.php\/2022\/08\/01\/tst-inicia-segundo-semestre-com-destaque-para-aumento-de-produtividade\/#breadcrumb"},"inLanguage":"pt-BR","potentialAction":[{"@type":"ReadAction","target":["https:\/\/contabilidadecaxias.com.br\/index.php\/2022\/08\/01\/tst-inicia-segundo-semestre-com-destaque-para-aumento-de-produtividade\/"]}]},{"@type":"ImageObject","inLanguage":"pt-BR","@id":"https:\/\/contabilidadecaxias.com.br\/index.php\/2022\/08\/01\/tst-inicia-segundo-semestre-com-destaque-para-aumento-de-produtividade\/#primaryimage","url":"https:\/\/contabilidadecaxias.com.br\/wp-content\/uploads\/2022\/08\/b500a9c5-97dc-314b-da9c-e397e2931ec6-PENY09.jpeg","contentUrl":"https:\/\/contabilidadecaxias.com.br\/wp-content\/uploads\/2022\/08\/b500a9c5-97dc-314b-da9c-e397e2931ec6-PENY09.jpeg","width":800,"height":526},{"@type":"BreadcrumbList","@id":"https:\/\/contabilidadecaxias.com.br\/index.php\/2022\/08\/01\/tst-inicia-segundo-semestre-com-destaque-para-aumento-de-produtividade\/#breadcrumb","itemListElement":[{"@type":"ListItem","position":1,"name":"In\u00edcio","item":"https:\/\/contabilidadecaxias.com.br\/"},{"@type":"ListItem","position":2,"name":"TST inicia segundo semestre com destaque para aumento de produtividade \u00a0"}]},{"@type":"WebSite","@id":"https:\/\/contabilidadecaxias.com.br\/#website","url":"https:\/\/contabilidadecaxias.com.br\/","name":"Contabilidade Caxias","description":"Site especializado em Contabilidade para Caxias.","potentialAction":[{"@type":"SearchAction","target":{"@type":"EntryPoint","urlTemplate":"https:\/\/contabilidadecaxias.com.br\/?s={search_term_string}"},"query-input":{"@type":"PropertyValueSpecification","valueRequired":true,"valueName":"search_term_string"}}],"inLanguage":"pt-BR"}]}},"_links":{"self":[{"href":"https:\/\/contabilidadecaxias.com.br\/index.php\/wp-json\/wp\/v2\/posts\/12554","targetHints":{"allow":["GET"]}}],"collection":[{"href":"https:\/\/contabilidadecaxias.com.br\/index.php\/wp-json\/wp\/v2\/posts"}],"about":[{"href":"https:\/\/contabilidadecaxias.com.br\/index.php\/wp-json\/wp\/v2\/types\/post"}],"replies":[{"embeddable":true,"href":"https:\/\/contabilidadecaxias.com.br\/index.php\/wp-json\/wp\/v2\/comments?post=12554"}],"version-history":[{"count":0,"href":"https:\/\/contabilidadecaxias.com.br\/index.php\/wp-json\/wp\/v2\/posts\/12554\/revisions"}],"wp:featuredmedia":[{"embeddable":true,"href":"https:\/\/contabilidadecaxias.com.br\/index.php\/wp-json\/wp\/v2\/media\/12555"}],"wp:attachment":[{"href":"https:\/\/contabilidadecaxias.com.br\/index.php\/wp-json\/wp\/v2\/media?parent=12554"}],"wp:term":[{"taxonomy":"category","embeddable":true,"href":"https:\/\/contabilidadecaxias.com.br\/index.php\/wp-json\/wp\/v2\/categories?post=12554"},{"taxonomy":"post_tag","embeddable":true,"href":"https:\/\/contabilidadecaxias.com.br\/index.php\/wp-json\/wp\/v2\/tags?post=12554"}],"curies":[{"name":"wp","href":"https:\/\/api.w.org\/{rel}","templated":true}]}}