{"id":12513,"date":"2022-07-28T20:02:19","date_gmt":"2022-07-28T23:02:19","guid":{"rendered":"https:\/\/contabilidadecaxias.com.br\/index.php\/2022\/07\/28\/corregedorias-regionais-da-justica-do-trabalho-se-reunem-em-forum-nacional\/"},"modified":"2022-07-28T20:02:19","modified_gmt":"2022-07-28T23:02:19","slug":"corregedorias-regionais-da-justica-do-trabalho-se-reunem-em-forum-nacional","status":"publish","type":"post","link":"https:\/\/contabilidadecaxias.com.br\/index.php\/2022\/07\/28\/corregedorias-regionais-da-justica-do-trabalho-se-reunem-em-forum-nacional\/","title":{"rendered":"Corregedorias regionais da Justi\u00e7a do Trabalho se re\u00fanem em f\u00f3rum nacional"},"content":{"rendered":"<div class=\"noticia-wrapper\">\n<p><em><\/p>\n<p>Encontro realizado nesta quinta-feira (28), em Bras\u00edlia, promoveu compartilhamento de experi\u00eancias e fortaleceu intera\u00e7\u00e3o entre corregedores<\/p>\n<p><\/em><\/p>\n<div class=\"social-media-share mobile\">\n        <a class=\"share-facebook\" href=\"https:\/\/www.facebook.com\/sharer.php?u=https:\/\/www.tst.jus.br\/-\/corregedorias-regionais-da-justi%C3%A7a-do-trabalho-se-re%C3%BAnem-em-f%C3%B3rum-nacional\" target=\"_blank\" rel=\"noopener\"><\/a><br \/>\n        <a class=\"share-twitter\" href=\"https:\/\/twitter.com\/intent\/tweet?text=Corregedorias%20regionais%20da%20Justi%C3%A7a%20do%20Trabalho%20se%20re%C3%BAnem%20em%20f%C3%B3rum%20nacional%0AVeja%20mais%20em:&amp;url=https:\/\/www.tst.jus.br\/-\/corregedorias-regionais-da-justi%C3%A7a-do-trabalho-se-re%C3%BAnem-em-f%C3%B3rum-nacional\" target=\"_blank\" rel=\"noopener\"><\/a><br \/>\n        <a class=\"share-linkedin\" href=\"https:\/\/www.linkedin.com\/shareArticle?mini=true&amp;url=https:\/\/www.tst.jus.br\/-\/corregedorias-regionais-da-justi%C3%A7a-do-trabalho-se-re%C3%BAnem-em-f%C3%B3rum-nacional&amp;title=Corregedorias%20regionais%20da%20Justi%C3%A7a%20do%20Trabalho%20se%20re%C3%BAnem%20em%20f%C3%B3rum%20nacional\" target=\"_blank\" rel=\"noopener\"><\/a><br \/>\n        <a class=\"share-whatsapp\" href=\"https:\/\/web.whatsapp.com\/send?text=https:\/\/www.tst.jus.br\/-\/corregedorias-regionais-da-justi%C3%A7a-do-trabalho-se-re%C3%BAnem-em-f%C3%B3rum-nacional\" target=\"_blank\" rel=\"noopener\"><\/a><br \/>\n        <a class=\"share-googleplus\" href=\"https:\/\/plus.google.com\/share?url=https:\/\/www.tst.jus.br\/-\/corregedorias-regionais-da-justi%C3%A7a-do-trabalho-se-re%C3%BAnem-em-f%C3%B3rum-nacional\" target=\"_blank\" rel=\"noopener\"><\/a>\n    <\/div>\n<div class=\"news-body\">\n<div class=\"imagem-da-noticia\">\n<p>Mesa de abertura: ministros Luis Felipe Salom\u00e3o (STJ), Emmanoel Pereira (TST), Caputo Bastos (TST) e Vieira de Mello Filho (TST). (Foto: Felipe Sampaio &#8211; Secom\/TST)<\/p>\n<div class=\"social-media-share\">\n                    <a class=\"share-facebook\" href=\"https:\/\/www.facebook.com\/sharer.php?u=https:\/\/www.tst.jus.br\/-\/corregedorias-regionais-da-justi%C3%A7a-do-trabalho-se-re%C3%BAnem-em-f%C3%B3rum-nacional\" target=\"_blank\" rel=\"noopener\"><\/a><br \/>\n                    <a class=\"share-twitter\" href=\"https:\/\/twitter.com\/intent\/tweet?text=Corregedorias%20regionais%20da%20Justi%C3%A7a%20do%20Trabalho%20se%20re%C3%BAnem%20em%20f%C3%B3rum%20nacional%0AVeja%20mais%20em:&amp;url=https:\/\/www.tst.jus.br\/-\/corregedorias-regionais-da-justi%C3%A7a-do-trabalho-se-re%C3%BAnem-em-f%C3%B3rum-nacional\" target=\"_blank\" rel=\"noopener\"><\/a><br \/>\n                    <a class=\"share-linkedin\" href=\"https:\/\/www.linkedin.com\/shareArticle?mini=true&amp;url=https:\/\/www.tst.jus.br\/-\/corregedorias-regionais-da-justi%C3%A7a-do-trabalho-se-re%C3%BAnem-em-f%C3%B3rum-nacional&amp;title=Corregedorias%20regionais%20da%20Justi%C3%A7a%20do%20Trabalho%20se%20re%C3%BAnem%20em%20f%C3%B3rum%20nacional\" target=\"_blank\" rel=\"noopener\"><\/a><br \/>\n                    <a class=\"share-whatsapp\" href=\"https:\/\/web.whatsapp.com\/send?text=https:\/\/www.tst.jus.br\/-\/corregedorias-regionais-da-justi%C3%A7a-do-trabalho-se-re%C3%BAnem-em-f%C3%B3rum-nacional\" target=\"_blank\" rel=\"noopener\"><\/a><br \/>\n                    <a class=\"share-googleplus\" href=\"https:\/\/plus.google.com\/share?url=https:\/\/www.tst.jus.br\/-\/corregedorias-regionais-da-justi%C3%A7a-do-trabalho-se-re%C3%BAnem-em-f%C3%B3rum-nacional\" target=\"_blank\" rel=\"noopener\"><\/a>\n                <\/div>\n<\/p><\/div>\n<div class=\"materia\">\n<p><strong>28\/7\/2022<\/strong> &#8211; A Corregedoria-Geral da Justi\u00e7a do Trabalho realizou, nesta quinta-feira (28), na sede do Tribunal Superior do Trabalho (TST), em Bras\u00edlia, o primeiro encontro do F\u00f3rum Nacional das Corregedorias Regionais da Justi\u00e7a do Trabalho. O evento viabilizou a reuni\u00e3o de corregedores regionais e o compartilhamento de experi\u00eancias e de iniciativas adotadas nos diferentes Tribunais Regionais do Trabalho.<\/p>\n<p>Para o presidente do TST e do Conselho Superior da Justi\u00e7a do Trabalho (CSJT), ministro Emmanoel Pereira, que participou da abertura do evento, o di\u00e1logo entre as unidades jurisdicionais de variadas localidades se faz especialmente relevante em um pa\u00eds de dimens\u00f5es continentais como o Brasil para o bom funcionamento do Judici\u00e1rio. \u201cA maior intera\u00e7\u00e3o entre os \u00f3rg\u00e3os do Judici\u00e1rio Trabalhista e o compartilhamento de experi\u00eancias constituem mecanismos indispens\u00e1veis para o desenvolvimento do nosso segmento de Justi\u00e7a\u201d, disse. \u201cUnidos, somos mais eficientes no objetivo de construir uma Justi\u00e7a do Trabalho cada vez mais \u00e1gil, c\u00e9lere e verdadeiramente apta a atender os anseios da popula\u00e7\u00e3o brasileira\u201d, completou.<\/p>\n<p>De acordo com o corregedor-geral da Justi\u00e7a do Trabalho, ministro Guilherme Caputo Bastos, a organiza\u00e7\u00e3o do f\u00f3rum tem como objetivo \u201ccriar um ambiente em que corregedores regionais se re\u00fanam para debater quest\u00f5es espec\u00edficas e pr\u00f3prias das corregedorias regionais\u201d. Al\u00e9m disso, fomentar a multiplica\u00e7\u00e3o de boas pr\u00e1ticas e projetos adotados, hoje, de forma regionalizada.<\/p>\n<p><strong>Solu\u00e7\u00f5es para novos desafios<\/strong><\/p>\n<p>O ministro do Superior Tribunal de Justi\u00e7a (STJ) Luis Felipe Salom\u00e3o, eleito como corregedor nacional de Justi\u00e7a para o bi\u00eanio 2022-2024, tamb\u00e9m destacou positivamente a reuni\u00e3o das corregedoras e corregedores da Justi\u00e7a do Trabalho. \u201cVejo esse f\u00f3rum com entusiasmo, pois \u00e9 uma iniciativa pioneira. Percebemos que este \u00e9 um momento de inflex\u00e3o para o Poder Judici\u00e1rio. Um encontro como esse s\u00f3 pode produzir boas ideias. Esse interc\u00e2mbio \u00e9 importante para que possamos aperfei\u00e7oar a presta\u00e7\u00e3o do servi\u00e7o jurisdicional\u201d, disse.<\/p>\n<p>O ministro tamb\u00e9m pontuou a necessidade de se construir, de forma conjunta, solu\u00e7\u00f5es para os desafios que o Poder Judici\u00e1rio enfrenta nacionalmente, como elevada litigiosidade, fixa\u00e7\u00e3o de metas e monitoramento de produtividade e novas demandas decorrentes de transforma\u00e7\u00f5es nas rela\u00e7\u00f5es sociais, especialmente a partir da pandemia.<\/p>\n<p><strong>Relev\u00e2ncia das corregedorias<\/strong><\/p>\n<p>O ministro do TST e conselheiro do Conselho Nacional de Justi\u00e7a (CNJ), Luiz Philippe Vieira de Mello Filho, destacou a relev\u00e2ncia das corregedorias para a corre\u00e7\u00e3o de distor\u00e7\u00f5es, por meio de educa\u00e7\u00e3o e orienta\u00e7\u00e3o, com o consequente aprimoramento da presta\u00e7\u00e3o de servi\u00e7os ao jurisdicionado. Tamb\u00e9m exaltou a necessidade de membros, servidoras e servidores do Judici\u00e1rio se comprometerem em dar respostas \u00e0s demandas da sociedade e agir para resgatar a credibilidade da popula\u00e7\u00e3o no Poder Judici\u00e1rio brasileiro. \u201cTemos que encontrar caminhos num momento dif\u00edcil, que \u00e9 p\u00f3s-pandemia e suas sequelas. A nossa raz\u00e3o de ser, do Judici\u00e1rio, \u00e9 trazer uma cultura de paz, servindo a quem precisa de justi\u00e7a em um pa\u00eds desigual, que passa por necessidades profundas\u201d, destacou.<\/p>\n<p>(NP\/AJ)<\/p>\n<\/div><\/div>\n<\/div>\n","protected":false},"excerpt":{"rendered":"<p>Encontro realizado nesta quinta-feira (28), em Bras\u00edlia, promoveu compartilhamento de experi\u00eancias e fortaleceu intera\u00e7\u00e3o entre corregedores Mesa de abertura: ministros Luis Felipe Salom\u00e3o (STJ), Emmanoel Pereira (TST), Caputo Bastos (TST) e Vieira de Mello Filho (TST). (Foto: Felipe Sampaio &#8211; Secom\/TST) 28\/7\/2022 &#8211; A Corregedoria-Geral da Justi\u00e7a do Trabalho realizou, nesta quinta-feira (28), na sede [&hellip;]<\/p>\n","protected":false},"author":0,"featured_media":12514,"comment_status":"open","ping_status":"","sticky":false,"template":"","format":"standard","meta":{"footnotes":""},"categories":[5],"tags":[],"class_list":["post-12513","post","type-post","status-publish","format-standard","has-post-thumbnail","hentry","category-noticias-educacao-financeira"],"blocksy_meta":{"styles_descriptor":{"styles":{"desktop":"","tablet":"","mobile":""},"google_fonts":[],"version":6}},"yoast_head":"<!-- This site is optimized with the Yoast SEO plugin v27.5 - https:\/\/yoast.com\/product\/yoast-seo-wordpress\/ -->\n<title>Corregedorias regionais da Justi\u00e7a do Trabalho se re\u00fanem em f\u00f3rum nacional - Contabilidade Caxias<\/title>\n<meta name=\"robots\" content=\"index, follow, max-snippet:-1, max-image-preview:large, max-video-preview:-1\" \/>\n<link rel=\"canonical\" href=\"https:\/\/contabilidadecaxias.com.br\/index.php\/2022\/07\/28\/corregedorias-regionais-da-justica-do-trabalho-se-reunem-em-forum-nacional\/\" \/>\n<meta property=\"og:locale\" content=\"pt_BR\" \/>\n<meta property=\"og:type\" content=\"article\" \/>\n<meta property=\"og:title\" content=\"Corregedorias regionais da Justi\u00e7a do Trabalho se re\u00fanem em f\u00f3rum nacional - Contabilidade Caxias\" \/>\n<meta property=\"og:description\" content=\"Encontro realizado nesta quinta-feira (28), em Bras\u00edlia, promoveu compartilhamento de experi\u00eancias e fortaleceu intera\u00e7\u00e3o entre corregedores Mesa de abertura: ministros Luis Felipe Salom\u00e3o (STJ), Emmanoel Pereira (TST), Caputo Bastos (TST) e Vieira de Mello Filho (TST). (Foto: Felipe Sampaio &#8211; Secom\/TST) 28\/7\/2022 &#8211; A Corregedoria-Geral da Justi\u00e7a do Trabalho realizou, nesta quinta-feira (28), na sede [&hellip;]\" \/>\n<meta property=\"og:url\" content=\"https:\/\/contabilidadecaxias.com.br\/index.php\/2022\/07\/28\/corregedorias-regionais-da-justica-do-trabalho-se-reunem-em-forum-nacional\/\" \/>\n<meta property=\"og:site_name\" content=\"Contabilidade Caxias\" \/>\n<meta property=\"article:published_time\" content=\"2022-07-28T23:02:19+00:00\" \/>\n<meta name=\"twitter:card\" content=\"summary_large_image\" \/>\n<meta name=\"twitter:label1\" content=\"Est. tempo de leitura\" \/>\n\t<meta name=\"twitter:data1\" content=\"3 minutos\" \/>\n<script type=\"application\/ld+json\" class=\"yoast-schema-graph\">{\"@context\":\"https:\\\/\\\/schema.org\",\"@graph\":[{\"@type\":\"Article\",\"@id\":\"https:\\\/\\\/contabilidadecaxias.com.br\\\/index.php\\\/2022\\\/07\\\/28\\\/corregedorias-regionais-da-justica-do-trabalho-se-reunem-em-forum-nacional\\\/#article\",\"isPartOf\":{\"@id\":\"https:\\\/\\\/contabilidadecaxias.com.br\\\/index.php\\\/2022\\\/07\\\/28\\\/corregedorias-regionais-da-justica-do-trabalho-se-reunem-em-forum-nacional\\\/\"},\"author\":{\"name\":\"\",\"@id\":\"\"},\"headline\":\"Corregedorias regionais da Justi\u00e7a do Trabalho se re\u00fanem em f\u00f3rum nacional\",\"datePublished\":\"2022-07-28T23:02:19+00:00\",\"mainEntityOfPage\":{\"@id\":\"https:\\\/\\\/contabilidadecaxias.com.br\\\/index.php\\\/2022\\\/07\\\/28\\\/corregedorias-regionais-da-justica-do-trabalho-se-reunem-em-forum-nacional\\\/\"},\"wordCount\":590,\"commentCount\":0,\"image\":{\"@id\":\"https:\\\/\\\/contabilidadecaxias.com.br\\\/index.php\\\/2022\\\/07\\\/28\\\/corregedorias-regionais-da-justica-do-trabalho-se-reunem-em-forum-nacional\\\/#primaryimage\"},\"thumbnailUrl\":\"https:\\\/\\\/contabilidadecaxias.com.br\\\/wp-content\\\/uploads\\\/2022\\\/07\\\/3bd03eba-1750-50ee-ea98-f653a6bde6a4-E8iMtD-scaled.jpeg\",\"articleSection\":[\"Educa\u00e7\u00e3o Financeira\"],\"inLanguage\":\"pt-BR\",\"potentialAction\":[{\"@type\":\"CommentAction\",\"name\":\"Comment\",\"target\":[\"https:\\\/\\\/contabilidadecaxias.com.br\\\/index.php\\\/2022\\\/07\\\/28\\\/corregedorias-regionais-da-justica-do-trabalho-se-reunem-em-forum-nacional\\\/#respond\"]}]},{\"@type\":\"WebPage\",\"@id\":\"https:\\\/\\\/contabilidadecaxias.com.br\\\/index.php\\\/2022\\\/07\\\/28\\\/corregedorias-regionais-da-justica-do-trabalho-se-reunem-em-forum-nacional\\\/\",\"url\":\"https:\\\/\\\/contabilidadecaxias.com.br\\\/index.php\\\/2022\\\/07\\\/28\\\/corregedorias-regionais-da-justica-do-trabalho-se-reunem-em-forum-nacional\\\/\",\"name\":\"Corregedorias regionais da Justi\u00e7a do Trabalho se re\u00fanem em f\u00f3rum nacional - Contabilidade Caxias\",\"isPartOf\":{\"@id\":\"https:\\\/\\\/contabilidadecaxias.com.br\\\/#website\"},\"primaryImageOfPage\":{\"@id\":\"https:\\\/\\\/contabilidadecaxias.com.br\\\/index.php\\\/2022\\\/07\\\/28\\\/corregedorias-regionais-da-justica-do-trabalho-se-reunem-em-forum-nacional\\\/#primaryimage\"},\"image\":{\"@id\":\"https:\\\/\\\/contabilidadecaxias.com.br\\\/index.php\\\/2022\\\/07\\\/28\\\/corregedorias-regionais-da-justica-do-trabalho-se-reunem-em-forum-nacional\\\/#primaryimage\"},\"thumbnailUrl\":\"https:\\\/\\\/contabilidadecaxias.com.br\\\/wp-content\\\/uploads\\\/2022\\\/07\\\/3bd03eba-1750-50ee-ea98-f653a6bde6a4-E8iMtD-scaled.jpeg\",\"datePublished\":\"2022-07-28T23:02:19+00:00\",\"author\":{\"@id\":\"\"},\"breadcrumb\":{\"@id\":\"https:\\\/\\\/contabilidadecaxias.com.br\\\/index.php\\\/2022\\\/07\\\/28\\\/corregedorias-regionais-da-justica-do-trabalho-se-reunem-em-forum-nacional\\\/#breadcrumb\"},\"inLanguage\":\"pt-BR\",\"potentialAction\":[{\"@type\":\"ReadAction\",\"target\":[\"https:\\\/\\\/contabilidadecaxias.com.br\\\/index.php\\\/2022\\\/07\\\/28\\\/corregedorias-regionais-da-justica-do-trabalho-se-reunem-em-forum-nacional\\\/\"]}]},{\"@type\":\"ImageObject\",\"inLanguage\":\"pt-BR\",\"@id\":\"https:\\\/\\\/contabilidadecaxias.com.br\\\/index.php\\\/2022\\\/07\\\/28\\\/corregedorias-regionais-da-justica-do-trabalho-se-reunem-em-forum-nacional\\\/#primaryimage\",\"url\":\"https:\\\/\\\/contabilidadecaxias.com.br\\\/wp-content\\\/uploads\\\/2022\\\/07\\\/3bd03eba-1750-50ee-ea98-f653a6bde6a4-E8iMtD-scaled.jpeg\",\"contentUrl\":\"https:\\\/\\\/contabilidadecaxias.com.br\\\/wp-content\\\/uploads\\\/2022\\\/07\\\/3bd03eba-1750-50ee-ea98-f653a6bde6a4-E8iMtD-scaled.jpeg\",\"width\":2560,\"height\":1707},{\"@type\":\"BreadcrumbList\",\"@id\":\"https:\\\/\\\/contabilidadecaxias.com.br\\\/index.php\\\/2022\\\/07\\\/28\\\/corregedorias-regionais-da-justica-do-trabalho-se-reunem-em-forum-nacional\\\/#breadcrumb\",\"itemListElement\":[{\"@type\":\"ListItem\",\"position\":1,\"name\":\"In\u00edcio\",\"item\":\"https:\\\/\\\/contabilidadecaxias.com.br\\\/\"},{\"@type\":\"ListItem\",\"position\":2,\"name\":\"Corregedorias regionais da Justi\u00e7a do Trabalho se re\u00fanem em f\u00f3rum nacional\"}]},{\"@type\":\"WebSite\",\"@id\":\"https:\\\/\\\/contabilidadecaxias.com.br\\\/#website\",\"url\":\"https:\\\/\\\/contabilidadecaxias.com.br\\\/\",\"name\":\"Contabilidade Caxias\",\"description\":\"Site especializado em Contabilidade para Caxias.\",\"potentialAction\":[{\"@type\":\"SearchAction\",\"target\":{\"@type\":\"EntryPoint\",\"urlTemplate\":\"https:\\\/\\\/contabilidadecaxias.com.br\\\/?s={search_term_string}\"},\"query-input\":{\"@type\":\"PropertyValueSpecification\",\"valueRequired\":true,\"valueName\":\"search_term_string\"}}],\"inLanguage\":\"pt-BR\"}]}<\/script>\n<!-- \/ Yoast SEO plugin. -->","yoast_head_json":{"title":"Corregedorias regionais da Justi\u00e7a do Trabalho se re\u00fanem em f\u00f3rum nacional - Contabilidade Caxias","robots":{"index":"index","follow":"follow","max-snippet":"max-snippet:-1","max-image-preview":"max-image-preview:large","max-video-preview":"max-video-preview:-1"},"canonical":"https:\/\/contabilidadecaxias.com.br\/index.php\/2022\/07\/28\/corregedorias-regionais-da-justica-do-trabalho-se-reunem-em-forum-nacional\/","og_locale":"pt_BR","og_type":"article","og_title":"Corregedorias regionais da Justi\u00e7a do Trabalho se re\u00fanem em f\u00f3rum nacional - Contabilidade Caxias","og_description":"Encontro realizado nesta quinta-feira (28), em Bras\u00edlia, promoveu compartilhamento de experi\u00eancias e fortaleceu intera\u00e7\u00e3o entre corregedores Mesa de abertura: ministros Luis Felipe Salom\u00e3o (STJ), Emmanoel Pereira (TST), Caputo Bastos (TST) e Vieira de Mello Filho (TST). (Foto: Felipe Sampaio &#8211; Secom\/TST) 28\/7\/2022 &#8211; A Corregedoria-Geral da Justi\u00e7a do Trabalho realizou, nesta quinta-feira (28), na sede [&hellip;]","og_url":"https:\/\/contabilidadecaxias.com.br\/index.php\/2022\/07\/28\/corregedorias-regionais-da-justica-do-trabalho-se-reunem-em-forum-nacional\/","og_site_name":"Contabilidade Caxias","article_published_time":"2022-07-28T23:02:19+00:00","twitter_card":"summary_large_image","twitter_misc":{"Est. tempo de leitura":"3 minutos"},"schema":{"@context":"https:\/\/schema.org","@graph":[{"@type":"Article","@id":"https:\/\/contabilidadecaxias.com.br\/index.php\/2022\/07\/28\/corregedorias-regionais-da-justica-do-trabalho-se-reunem-em-forum-nacional\/#article","isPartOf":{"@id":"https:\/\/contabilidadecaxias.com.br\/index.php\/2022\/07\/28\/corregedorias-regionais-da-justica-do-trabalho-se-reunem-em-forum-nacional\/"},"author":{"name":"","@id":""},"headline":"Corregedorias regionais da Justi\u00e7a do Trabalho se re\u00fanem em f\u00f3rum nacional","datePublished":"2022-07-28T23:02:19+00:00","mainEntityOfPage":{"@id":"https:\/\/contabilidadecaxias.com.br\/index.php\/2022\/07\/28\/corregedorias-regionais-da-justica-do-trabalho-se-reunem-em-forum-nacional\/"},"wordCount":590,"commentCount":0,"image":{"@id":"https:\/\/contabilidadecaxias.com.br\/index.php\/2022\/07\/28\/corregedorias-regionais-da-justica-do-trabalho-se-reunem-em-forum-nacional\/#primaryimage"},"thumbnailUrl":"https:\/\/contabilidadecaxias.com.br\/wp-content\/uploads\/2022\/07\/3bd03eba-1750-50ee-ea98-f653a6bde6a4-E8iMtD-scaled.jpeg","articleSection":["Educa\u00e7\u00e3o Financeira"],"inLanguage":"pt-BR","potentialAction":[{"@type":"CommentAction","name":"Comment","target":["https:\/\/contabilidadecaxias.com.br\/index.php\/2022\/07\/28\/corregedorias-regionais-da-justica-do-trabalho-se-reunem-em-forum-nacional\/#respond"]}]},{"@type":"WebPage","@id":"https:\/\/contabilidadecaxias.com.br\/index.php\/2022\/07\/28\/corregedorias-regionais-da-justica-do-trabalho-se-reunem-em-forum-nacional\/","url":"https:\/\/contabilidadecaxias.com.br\/index.php\/2022\/07\/28\/corregedorias-regionais-da-justica-do-trabalho-se-reunem-em-forum-nacional\/","name":"Corregedorias regionais da Justi\u00e7a do Trabalho se re\u00fanem em f\u00f3rum nacional - Contabilidade Caxias","isPartOf":{"@id":"https:\/\/contabilidadecaxias.com.br\/#website"},"primaryImageOfPage":{"@id":"https:\/\/contabilidadecaxias.com.br\/index.php\/2022\/07\/28\/corregedorias-regionais-da-justica-do-trabalho-se-reunem-em-forum-nacional\/#primaryimage"},"image":{"@id":"https:\/\/contabilidadecaxias.com.br\/index.php\/2022\/07\/28\/corregedorias-regionais-da-justica-do-trabalho-se-reunem-em-forum-nacional\/#primaryimage"},"thumbnailUrl":"https:\/\/contabilidadecaxias.com.br\/wp-content\/uploads\/2022\/07\/3bd03eba-1750-50ee-ea98-f653a6bde6a4-E8iMtD-scaled.jpeg","datePublished":"2022-07-28T23:02:19+00:00","author":{"@id":""},"breadcrumb":{"@id":"https:\/\/contabilidadecaxias.com.br\/index.php\/2022\/07\/28\/corregedorias-regionais-da-justica-do-trabalho-se-reunem-em-forum-nacional\/#breadcrumb"},"inLanguage":"pt-BR","potentialAction":[{"@type":"ReadAction","target":["https:\/\/contabilidadecaxias.com.br\/index.php\/2022\/07\/28\/corregedorias-regionais-da-justica-do-trabalho-se-reunem-em-forum-nacional\/"]}]},{"@type":"ImageObject","inLanguage":"pt-BR","@id":"https:\/\/contabilidadecaxias.com.br\/index.php\/2022\/07\/28\/corregedorias-regionais-da-justica-do-trabalho-se-reunem-em-forum-nacional\/#primaryimage","url":"https:\/\/contabilidadecaxias.com.br\/wp-content\/uploads\/2022\/07\/3bd03eba-1750-50ee-ea98-f653a6bde6a4-E8iMtD-scaled.jpeg","contentUrl":"https:\/\/contabilidadecaxias.com.br\/wp-content\/uploads\/2022\/07\/3bd03eba-1750-50ee-ea98-f653a6bde6a4-E8iMtD-scaled.jpeg","width":2560,"height":1707},{"@type":"BreadcrumbList","@id":"https:\/\/contabilidadecaxias.com.br\/index.php\/2022\/07\/28\/corregedorias-regionais-da-justica-do-trabalho-se-reunem-em-forum-nacional\/#breadcrumb","itemListElement":[{"@type":"ListItem","position":1,"name":"In\u00edcio","item":"https:\/\/contabilidadecaxias.com.br\/"},{"@type":"ListItem","position":2,"name":"Corregedorias regionais da Justi\u00e7a do Trabalho se re\u00fanem em f\u00f3rum nacional"}]},{"@type":"WebSite","@id":"https:\/\/contabilidadecaxias.com.br\/#website","url":"https:\/\/contabilidadecaxias.com.br\/","name":"Contabilidade Caxias","description":"Site especializado em Contabilidade para Caxias.","potentialAction":[{"@type":"SearchAction","target":{"@type":"EntryPoint","urlTemplate":"https:\/\/contabilidadecaxias.com.br\/?s={search_term_string}"},"query-input":{"@type":"PropertyValueSpecification","valueRequired":true,"valueName":"search_term_string"}}],"inLanguage":"pt-BR"}]}},"_links":{"self":[{"href":"https:\/\/contabilidadecaxias.com.br\/index.php\/wp-json\/wp\/v2\/posts\/12513","targetHints":{"allow":["GET"]}}],"collection":[{"href":"https:\/\/contabilidadecaxias.com.br\/index.php\/wp-json\/wp\/v2\/posts"}],"about":[{"href":"https:\/\/contabilidadecaxias.com.br\/index.php\/wp-json\/wp\/v2\/types\/post"}],"replies":[{"embeddable":true,"href":"https:\/\/contabilidadecaxias.com.br\/index.php\/wp-json\/wp\/v2\/comments?post=12513"}],"version-history":[{"count":0,"href":"https:\/\/contabilidadecaxias.com.br\/index.php\/wp-json\/wp\/v2\/posts\/12513\/revisions"}],"wp:featuredmedia":[{"embeddable":true,"href":"https:\/\/contabilidadecaxias.com.br\/index.php\/wp-json\/wp\/v2\/media\/12514"}],"wp:attachment":[{"href":"https:\/\/contabilidadecaxias.com.br\/index.php\/wp-json\/wp\/v2\/media?parent=12513"}],"wp:term":[{"taxonomy":"category","embeddable":true,"href":"https:\/\/contabilidadecaxias.com.br\/index.php\/wp-json\/wp\/v2\/categories?post=12513"},{"taxonomy":"post_tag","embeddable":true,"href":"https:\/\/contabilidadecaxias.com.br\/index.php\/wp-json\/wp\/v2\/tags?post=12513"}],"curies":[{"name":"wp","href":"https:\/\/api.w.org\/{rel}","templated":true}]}}