{"id":12507,"date":"2022-07-28T17:05:35","date_gmt":"2022-07-28T20:05:35","guid":{"rendered":"https:\/\/contabilidadecaxias.com.br\/index.php\/2022\/07\/28\/trabalho-e-justica-ouca-o-programa-de-quinta-feira-28-07\/"},"modified":"2022-07-28T17:05:35","modified_gmt":"2022-07-28T20:05:35","slug":"trabalho-e-justica-ouca-o-programa-de-quinta-feira-28-07","status":"publish","type":"post","link":"https:\/\/contabilidadecaxias.com.br\/index.php\/2022\/07\/28\/trabalho-e-justica-ouca-o-programa-de-quinta-feira-28-07\/","title":{"rendered":"Trabalho e Justi\u00e7a | Ou\u00e7a o programa de quinta-feira (28\/07)"},"content":{"rendered":"<div>\n\u00a0<br \/>\n\u00a0\u00a0\u00a0\u00a0\u00a0\u00a0\u00a0\u00a0 \u00a0\u00a0\u00a0\u00a0\u00a0\u00a0\u00a0\u00a0 \u00a0\u00a0\u00a0\u00a0\u00a0\u00a0 <a href=\"https:\/\/www.tst.jus.br\/documents\/10157\/27885360\/PGM+1596+-+TRABALHO+E+JUSTICA+-+VERS%C3%83O+SITE.mp3\/99361969-0d27-a041-b815-17c0b4a14d6e?t=1659029962607\"> Baixe o \u00e1udio <\/a><\/div>\n<div><button>Reproduzir o \u00e1udio<\/button>\u00a0\u00a0<button>Pausar o \u00e1udio<\/button>\u00a0\u00a0<button>Aumentar o volume<\/button>\u00a0\u00a0<button>Diminuir o volume<\/button><\/div>\n<p>\u00a0<\/p>\n<p>28\/7\/2022 &#8211; A Segunda Turma do Tribunal Superior do Trabalho garantiu ao Banco do Brasil a exclus\u00e3o da cota-parte previdenci\u00e1ria patronal na base de c\u00e1lculo dos honor\u00e1rios advocat\u00edcios devidos em a\u00e7\u00e3o ajuizada por escritur\u00e1ria de Belo Horizonte (MG).<\/p>\n<p>De acordo com o colegiado, n\u00e3o h\u00e1 previs\u00e3o legal para se incluir a cota-parte do empregador, a ser creditada ao INSS, no c\u00e1lculo dos honor\u00e1rios assistenciais.<\/p>\n<p>A entrevista da semana \u00e9 com o\u00a0desembargador Sebasti\u00e3o Oliveira, gestor nacional do Programa Trabalho Seguro e tem como objetivo abordar as a\u00e7\u00f5es promovidas pela Justi\u00e7a do Trabalho que buscam garantir um ambiente laboral mais saud\u00e1vel e seguro.<\/p>\n<p>Aperte o play e ou\u00e7a o programa completo.<\/p>\n","protected":false},"excerpt":{"rendered":"<p>\u00a0 \u00a0\u00a0\u00a0\u00a0\u00a0\u00a0\u00a0\u00a0 \u00a0\u00a0\u00a0\u00a0\u00a0\u00a0\u00a0\u00a0 \u00a0\u00a0\u00a0\u00a0\u00a0\u00a0 Baixe o \u00e1udio Reproduzir o \u00e1udio\u00a0\u00a0Pausar o \u00e1udio\u00a0\u00a0Aumentar o volume\u00a0\u00a0Diminuir o volume \u00a0 28\/7\/2022 &#8211; A Segunda Turma do Tribunal Superior do Trabalho garantiu ao Banco do Brasil a exclus\u00e3o da cota-parte previdenci\u00e1ria patronal na base de c\u00e1lculo dos honor\u00e1rios advocat\u00edcios devidos em a\u00e7\u00e3o ajuizada por escritur\u00e1ria de Belo Horizonte (MG). [&hellip;]<\/p>\n","protected":false},"author":0,"featured_media":0,"comment_status":"open","ping_status":"","sticky":false,"template":"","format":"standard","meta":{"footnotes":""},"categories":[5],"tags":[],"class_list":["post-12507","post","type-post","status-publish","format-standard","hentry","category-noticias-educacao-financeira"],"blocksy_meta":{"styles_descriptor":{"styles":{"desktop":"","tablet":"","mobile":""},"google_fonts":[],"version":6}},"yoast_head":"<!-- This site is optimized with the Yoast SEO plugin v27.5 - https:\/\/yoast.com\/product\/yoast-seo-wordpress\/ -->\n<title>Trabalho e Justi\u00e7a | Ou\u00e7a o programa de quinta-feira (28\/07) - Contabilidade Caxias<\/title>\n<meta name=\"robots\" content=\"index, follow, max-snippet:-1, max-image-preview:large, max-video-preview:-1\" \/>\n<link rel=\"canonical\" href=\"https:\/\/contabilidadecaxias.com.br\/index.php\/2022\/07\/28\/trabalho-e-justica-ouca-o-programa-de-quinta-feira-28-07\/\" \/>\n<meta property=\"og:locale\" content=\"pt_BR\" \/>\n<meta property=\"og:type\" content=\"article\" \/>\n<meta property=\"og:title\" content=\"Trabalho e Justi\u00e7a | Ou\u00e7a o programa de quinta-feira (28\/07) - Contabilidade Caxias\" \/>\n<meta property=\"og:description\" content=\"\u00a0 \u00a0\u00a0\u00a0\u00a0\u00a0\u00a0\u00a0\u00a0 \u00a0\u00a0\u00a0\u00a0\u00a0\u00a0\u00a0\u00a0 \u00a0\u00a0\u00a0\u00a0\u00a0\u00a0 Baixe o \u00e1udio Reproduzir o \u00e1udio\u00a0\u00a0Pausar o \u00e1udio\u00a0\u00a0Aumentar o volume\u00a0\u00a0Diminuir o volume \u00a0 28\/7\/2022 &#8211; A Segunda Turma do Tribunal Superior do Trabalho garantiu ao Banco do Brasil a exclus\u00e3o da cota-parte previdenci\u00e1ria patronal na base de c\u00e1lculo dos honor\u00e1rios advocat\u00edcios devidos em a\u00e7\u00e3o ajuizada por escritur\u00e1ria de Belo Horizonte (MG). [&hellip;]\" \/>\n<meta property=\"og:url\" content=\"https:\/\/contabilidadecaxias.com.br\/index.php\/2022\/07\/28\/trabalho-e-justica-ouca-o-programa-de-quinta-feira-28-07\/\" \/>\n<meta property=\"og:site_name\" content=\"Contabilidade Caxias\" \/>\n<meta property=\"article:published_time\" content=\"2022-07-28T20:05:35+00:00\" \/>\n<meta name=\"twitter:card\" content=\"summary_large_image\" \/>\n<meta name=\"twitter:label1\" content=\"Est. tempo de leitura\" \/>\n\t<meta name=\"twitter:data1\" content=\"1 minuto\" \/>\n<script type=\"application\/ld+json\" class=\"yoast-schema-graph\">{\"@context\":\"https:\\\/\\\/schema.org\",\"@graph\":[{\"@type\":\"Article\",\"@id\":\"https:\\\/\\\/contabilidadecaxias.com.br\\\/index.php\\\/2022\\\/07\\\/28\\\/trabalho-e-justica-ouca-o-programa-de-quinta-feira-28-07\\\/#article\",\"isPartOf\":{\"@id\":\"https:\\\/\\\/contabilidadecaxias.com.br\\\/index.php\\\/2022\\\/07\\\/28\\\/trabalho-e-justica-ouca-o-programa-de-quinta-feira-28-07\\\/\"},\"author\":{\"name\":\"\",\"@id\":\"\"},\"headline\":\"Trabalho e Justi\u00e7a | Ou\u00e7a o programa de quinta-feira (28\\\/07)\",\"datePublished\":\"2022-07-28T20:05:35+00:00\",\"mainEntityOfPage\":{\"@id\":\"https:\\\/\\\/contabilidadecaxias.com.br\\\/index.php\\\/2022\\\/07\\\/28\\\/trabalho-e-justica-ouca-o-programa-de-quinta-feira-28-07\\\/\"},\"wordCount\":149,\"commentCount\":0,\"articleSection\":[\"Educa\u00e7\u00e3o Financeira\"],\"inLanguage\":\"pt-BR\",\"potentialAction\":[{\"@type\":\"CommentAction\",\"name\":\"Comment\",\"target\":[\"https:\\\/\\\/contabilidadecaxias.com.br\\\/index.php\\\/2022\\\/07\\\/28\\\/trabalho-e-justica-ouca-o-programa-de-quinta-feira-28-07\\\/#respond\"]}]},{\"@type\":\"WebPage\",\"@id\":\"https:\\\/\\\/contabilidadecaxias.com.br\\\/index.php\\\/2022\\\/07\\\/28\\\/trabalho-e-justica-ouca-o-programa-de-quinta-feira-28-07\\\/\",\"url\":\"https:\\\/\\\/contabilidadecaxias.com.br\\\/index.php\\\/2022\\\/07\\\/28\\\/trabalho-e-justica-ouca-o-programa-de-quinta-feira-28-07\\\/\",\"name\":\"Trabalho e Justi\u00e7a | Ou\u00e7a o programa de quinta-feira (28\\\/07) - Contabilidade Caxias\",\"isPartOf\":{\"@id\":\"https:\\\/\\\/contabilidadecaxias.com.br\\\/#website\"},\"datePublished\":\"2022-07-28T20:05:35+00:00\",\"author\":{\"@id\":\"\"},\"breadcrumb\":{\"@id\":\"https:\\\/\\\/contabilidadecaxias.com.br\\\/index.php\\\/2022\\\/07\\\/28\\\/trabalho-e-justica-ouca-o-programa-de-quinta-feira-28-07\\\/#breadcrumb\"},\"inLanguage\":\"pt-BR\",\"potentialAction\":[{\"@type\":\"ReadAction\",\"target\":[\"https:\\\/\\\/contabilidadecaxias.com.br\\\/index.php\\\/2022\\\/07\\\/28\\\/trabalho-e-justica-ouca-o-programa-de-quinta-feira-28-07\\\/\"]}]},{\"@type\":\"BreadcrumbList\",\"@id\":\"https:\\\/\\\/contabilidadecaxias.com.br\\\/index.php\\\/2022\\\/07\\\/28\\\/trabalho-e-justica-ouca-o-programa-de-quinta-feira-28-07\\\/#breadcrumb\",\"itemListElement\":[{\"@type\":\"ListItem\",\"position\":1,\"name\":\"In\u00edcio\",\"item\":\"https:\\\/\\\/contabilidadecaxias.com.br\\\/\"},{\"@type\":\"ListItem\",\"position\":2,\"name\":\"Trabalho e Justi\u00e7a | Ou\u00e7a o programa de quinta-feira (28\\\/07)\"}]},{\"@type\":\"WebSite\",\"@id\":\"https:\\\/\\\/contabilidadecaxias.com.br\\\/#website\",\"url\":\"https:\\\/\\\/contabilidadecaxias.com.br\\\/\",\"name\":\"Contabilidade Caxias\",\"description\":\"Site especializado em Contabilidade para Caxias.\",\"potentialAction\":[{\"@type\":\"SearchAction\",\"target\":{\"@type\":\"EntryPoint\",\"urlTemplate\":\"https:\\\/\\\/contabilidadecaxias.com.br\\\/?s={search_term_string}\"},\"query-input\":{\"@type\":\"PropertyValueSpecification\",\"valueRequired\":true,\"valueName\":\"search_term_string\"}}],\"inLanguage\":\"pt-BR\"}]}<\/script>\n<!-- \/ Yoast SEO plugin. -->","yoast_head_json":{"title":"Trabalho e Justi\u00e7a | Ou\u00e7a o programa de quinta-feira (28\/07) - Contabilidade Caxias","robots":{"index":"index","follow":"follow","max-snippet":"max-snippet:-1","max-image-preview":"max-image-preview:large","max-video-preview":"max-video-preview:-1"},"canonical":"https:\/\/contabilidadecaxias.com.br\/index.php\/2022\/07\/28\/trabalho-e-justica-ouca-o-programa-de-quinta-feira-28-07\/","og_locale":"pt_BR","og_type":"article","og_title":"Trabalho e Justi\u00e7a | Ou\u00e7a o programa de quinta-feira (28\/07) - Contabilidade Caxias","og_description":"\u00a0 \u00a0\u00a0\u00a0\u00a0\u00a0\u00a0\u00a0\u00a0 \u00a0\u00a0\u00a0\u00a0\u00a0\u00a0\u00a0\u00a0 \u00a0\u00a0\u00a0\u00a0\u00a0\u00a0 Baixe o \u00e1udio Reproduzir o \u00e1udio\u00a0\u00a0Pausar o \u00e1udio\u00a0\u00a0Aumentar o volume\u00a0\u00a0Diminuir o volume \u00a0 28\/7\/2022 &#8211; A Segunda Turma do Tribunal Superior do Trabalho garantiu ao Banco do Brasil a exclus\u00e3o da cota-parte previdenci\u00e1ria patronal na base de c\u00e1lculo dos honor\u00e1rios advocat\u00edcios devidos em a\u00e7\u00e3o ajuizada por escritur\u00e1ria de Belo Horizonte (MG). [&hellip;]","og_url":"https:\/\/contabilidadecaxias.com.br\/index.php\/2022\/07\/28\/trabalho-e-justica-ouca-o-programa-de-quinta-feira-28-07\/","og_site_name":"Contabilidade Caxias","article_published_time":"2022-07-28T20:05:35+00:00","twitter_card":"summary_large_image","twitter_misc":{"Est. tempo de leitura":"1 minuto"},"schema":{"@context":"https:\/\/schema.org","@graph":[{"@type":"Article","@id":"https:\/\/contabilidadecaxias.com.br\/index.php\/2022\/07\/28\/trabalho-e-justica-ouca-o-programa-de-quinta-feira-28-07\/#article","isPartOf":{"@id":"https:\/\/contabilidadecaxias.com.br\/index.php\/2022\/07\/28\/trabalho-e-justica-ouca-o-programa-de-quinta-feira-28-07\/"},"author":{"name":"","@id":""},"headline":"Trabalho e Justi\u00e7a | Ou\u00e7a o programa de quinta-feira (28\/07)","datePublished":"2022-07-28T20:05:35+00:00","mainEntityOfPage":{"@id":"https:\/\/contabilidadecaxias.com.br\/index.php\/2022\/07\/28\/trabalho-e-justica-ouca-o-programa-de-quinta-feira-28-07\/"},"wordCount":149,"commentCount":0,"articleSection":["Educa\u00e7\u00e3o Financeira"],"inLanguage":"pt-BR","potentialAction":[{"@type":"CommentAction","name":"Comment","target":["https:\/\/contabilidadecaxias.com.br\/index.php\/2022\/07\/28\/trabalho-e-justica-ouca-o-programa-de-quinta-feira-28-07\/#respond"]}]},{"@type":"WebPage","@id":"https:\/\/contabilidadecaxias.com.br\/index.php\/2022\/07\/28\/trabalho-e-justica-ouca-o-programa-de-quinta-feira-28-07\/","url":"https:\/\/contabilidadecaxias.com.br\/index.php\/2022\/07\/28\/trabalho-e-justica-ouca-o-programa-de-quinta-feira-28-07\/","name":"Trabalho e Justi\u00e7a | Ou\u00e7a o programa de quinta-feira (28\/07) - Contabilidade Caxias","isPartOf":{"@id":"https:\/\/contabilidadecaxias.com.br\/#website"},"datePublished":"2022-07-28T20:05:35+00:00","author":{"@id":""},"breadcrumb":{"@id":"https:\/\/contabilidadecaxias.com.br\/index.php\/2022\/07\/28\/trabalho-e-justica-ouca-o-programa-de-quinta-feira-28-07\/#breadcrumb"},"inLanguage":"pt-BR","potentialAction":[{"@type":"ReadAction","target":["https:\/\/contabilidadecaxias.com.br\/index.php\/2022\/07\/28\/trabalho-e-justica-ouca-o-programa-de-quinta-feira-28-07\/"]}]},{"@type":"BreadcrumbList","@id":"https:\/\/contabilidadecaxias.com.br\/index.php\/2022\/07\/28\/trabalho-e-justica-ouca-o-programa-de-quinta-feira-28-07\/#breadcrumb","itemListElement":[{"@type":"ListItem","position":1,"name":"In\u00edcio","item":"https:\/\/contabilidadecaxias.com.br\/"},{"@type":"ListItem","position":2,"name":"Trabalho e Justi\u00e7a | Ou\u00e7a o programa de quinta-feira (28\/07)"}]},{"@type":"WebSite","@id":"https:\/\/contabilidadecaxias.com.br\/#website","url":"https:\/\/contabilidadecaxias.com.br\/","name":"Contabilidade Caxias","description":"Site especializado em Contabilidade para Caxias.","potentialAction":[{"@type":"SearchAction","target":{"@type":"EntryPoint","urlTemplate":"https:\/\/contabilidadecaxias.com.br\/?s={search_term_string}"},"query-input":{"@type":"PropertyValueSpecification","valueRequired":true,"valueName":"search_term_string"}}],"inLanguage":"pt-BR"}]}},"_links":{"self":[{"href":"https:\/\/contabilidadecaxias.com.br\/index.php\/wp-json\/wp\/v2\/posts\/12507","targetHints":{"allow":["GET"]}}],"collection":[{"href":"https:\/\/contabilidadecaxias.com.br\/index.php\/wp-json\/wp\/v2\/posts"}],"about":[{"href":"https:\/\/contabilidadecaxias.com.br\/index.php\/wp-json\/wp\/v2\/types\/post"}],"replies":[{"embeddable":true,"href":"https:\/\/contabilidadecaxias.com.br\/index.php\/wp-json\/wp\/v2\/comments?post=12507"}],"version-history":[{"count":0,"href":"https:\/\/contabilidadecaxias.com.br\/index.php\/wp-json\/wp\/v2\/posts\/12507\/revisions"}],"wp:attachment":[{"href":"https:\/\/contabilidadecaxias.com.br\/index.php\/wp-json\/wp\/v2\/media?parent=12507"}],"wp:term":[{"taxonomy":"category","embeddable":true,"href":"https:\/\/contabilidadecaxias.com.br\/index.php\/wp-json\/wp\/v2\/categories?post=12507"},{"taxonomy":"post_tag","embeddable":true,"href":"https:\/\/contabilidadecaxias.com.br\/index.php\/wp-json\/wp\/v2\/tags?post=12507"}],"curies":[{"name":"wp","href":"https:\/\/api.w.org\/{rel}","templated":true}]}}