{"id":12506,"date":"2022-07-28T16:09:40","date_gmt":"2022-07-28T19:09:40","guid":{"rendered":"https:\/\/contabilidadecaxias.com.br\/index.php\/2022\/07\/28\/live-promovida-pelo-tst-marca-o-dia-nacional-da-prevencao-de-acidentes-de-trabalho\/"},"modified":"2022-07-28T16:09:40","modified_gmt":"2022-07-28T19:09:40","slug":"live-promovida-pelo-tst-marca-o-dia-nacional-da-prevencao-de-acidentes-de-trabalho","status":"publish","type":"post","link":"https:\/\/contabilidadecaxias.com.br\/index.php\/2022\/07\/28\/live-promovida-pelo-tst-marca-o-dia-nacional-da-prevencao-de-acidentes-de-trabalho\/","title":{"rendered":"Live promovida pelo TST marca o Dia Nacional da Preven\u00e7\u00e3o de Acidentes de Trabalho"},"content":{"rendered":"<div>\n\u00a0<br \/>\n\u00a0\u00a0\u00a0\u00a0\u00a0\u00a0\u00a0\u00a0 \u00a0\u00a0\u00a0\u00a0\u00a0\u00a0\u00a0\u00a0 \u00a0\u00a0\u00a0\u00a0\u00a0\u00a0 <a href=\"https:\/\/www.tst.jus.br\/documents\/10157\/27885360\/VIVO+18H+-+BOL+LIVE+ACIDENTES+-+JESSICA.mp3\/3b2ee8f6-0619-f595-83c3-5be644cacf94?t=1659029909020\"> Baixe o \u00e1udio <\/a><\/div>\n<div><button>Reproduzir o \u00e1udio<\/button>\u00a0\u00a0<button>Pausar o \u00e1udio<\/button>\u00a0\u00a0<button>Aumentar o volume<\/button>\u00a0\u00a0<button>Diminuir o volume<\/button><\/div>\n<p>\u00a0<\/p>\n<p>28\/07\/2022 &#8211; Para marcar o dia Nacional de Preven\u00e7\u00e3o de Acidentes de Trabalho o TST promoveu uma live com o objetivo de abordar os desafios atuais da preven\u00e7\u00e3o de acidentes e doen\u00e7as do trabalho.<\/p>\n<p>A abertura do evento foi realizada pelo\u00a0\u00a0presidente do Tribunal Superior do Trabalho e do Conselho Superior da Justi\u00e7a do Trabalho (CSJT), ministro Emmanoel Pereira e tamb\u00e9m contou com a participa\u00e7\u00e3o da\u00a0coordenadora do programa Trabalho Seguro, ministra Dela\u00edde Miranda.<\/p>\n<p>O evento \u00e9 de iniciativa do\u00a0Programa Nacional de Preven\u00e7\u00e3o de Acidentes de Trabalho (Trabalho Seguro) da Justi\u00e7a do Trabalho.<\/p>\n<p>Confira mais detalhes do evento na reportagem de J\u00e9ssica Vasconcelos.<\/p>\n","protected":false},"excerpt":{"rendered":"<p>\u00a0 \u00a0\u00a0\u00a0\u00a0\u00a0\u00a0\u00a0\u00a0 \u00a0\u00a0\u00a0\u00a0\u00a0\u00a0\u00a0\u00a0 \u00a0\u00a0\u00a0\u00a0\u00a0\u00a0 Baixe o \u00e1udio Reproduzir o \u00e1udio\u00a0\u00a0Pausar o \u00e1udio\u00a0\u00a0Aumentar o volume\u00a0\u00a0Diminuir o volume \u00a0 28\/07\/2022 &#8211; Para marcar o dia Nacional de Preven\u00e7\u00e3o de Acidentes de Trabalho o TST promoveu uma live com o objetivo de abordar os desafios atuais da preven\u00e7\u00e3o de acidentes e doen\u00e7as do trabalho. A abertura do evento [&hellip;]<\/p>\n","protected":false},"author":0,"featured_media":0,"comment_status":"open","ping_status":"","sticky":false,"template":"","format":"standard","meta":{"footnotes":""},"categories":[5],"tags":[],"class_list":["post-12506","post","type-post","status-publish","format-standard","hentry","category-noticias-educacao-financeira"],"blocksy_meta":{"styles_descriptor":{"styles":{"desktop":"","tablet":"","mobile":""},"google_fonts":[],"version":6}},"yoast_head":"<!-- This site is optimized with the Yoast SEO plugin v27.5 - https:\/\/yoast.com\/product\/yoast-seo-wordpress\/ -->\n<title>Live promovida pelo TST marca o Dia Nacional da Preven\u00e7\u00e3o de Acidentes de Trabalho - Contabilidade Caxias<\/title>\n<meta name=\"robots\" content=\"index, follow, max-snippet:-1, max-image-preview:large, max-video-preview:-1\" \/>\n<link rel=\"canonical\" href=\"https:\/\/contabilidadecaxias.com.br\/index.php\/2022\/07\/28\/live-promovida-pelo-tst-marca-o-dia-nacional-da-prevencao-de-acidentes-de-trabalho\/\" \/>\n<meta property=\"og:locale\" content=\"pt_BR\" \/>\n<meta property=\"og:type\" content=\"article\" \/>\n<meta property=\"og:title\" content=\"Live promovida pelo TST marca o Dia Nacional da Preven\u00e7\u00e3o de Acidentes de Trabalho - Contabilidade Caxias\" \/>\n<meta property=\"og:description\" content=\"\u00a0 \u00a0\u00a0\u00a0\u00a0\u00a0\u00a0\u00a0\u00a0 \u00a0\u00a0\u00a0\u00a0\u00a0\u00a0\u00a0\u00a0 \u00a0\u00a0\u00a0\u00a0\u00a0\u00a0 Baixe o \u00e1udio Reproduzir o \u00e1udio\u00a0\u00a0Pausar o \u00e1udio\u00a0\u00a0Aumentar o volume\u00a0\u00a0Diminuir o volume \u00a0 28\/07\/2022 &#8211; Para marcar o dia Nacional de Preven\u00e7\u00e3o de Acidentes de Trabalho o TST promoveu uma live com o objetivo de abordar os desafios atuais da preven\u00e7\u00e3o de acidentes e doen\u00e7as do trabalho. A abertura do evento [&hellip;]\" \/>\n<meta property=\"og:url\" content=\"https:\/\/contabilidadecaxias.com.br\/index.php\/2022\/07\/28\/live-promovida-pelo-tst-marca-o-dia-nacional-da-prevencao-de-acidentes-de-trabalho\/\" \/>\n<meta property=\"og:site_name\" content=\"Contabilidade Caxias\" \/>\n<meta property=\"article:published_time\" content=\"2022-07-28T19:09:40+00:00\" \/>\n<meta name=\"twitter:card\" content=\"summary_large_image\" \/>\n<meta name=\"twitter:label1\" content=\"Est. tempo de leitura\" \/>\n\t<meta name=\"twitter:data1\" content=\"1 minuto\" \/>\n<script type=\"application\/ld+json\" class=\"yoast-schema-graph\">{\"@context\":\"https:\\\/\\\/schema.org\",\"@graph\":[{\"@type\":\"Article\",\"@id\":\"https:\\\/\\\/contabilidadecaxias.com.br\\\/index.php\\\/2022\\\/07\\\/28\\\/live-promovida-pelo-tst-marca-o-dia-nacional-da-prevencao-de-acidentes-de-trabalho\\\/#article\",\"isPartOf\":{\"@id\":\"https:\\\/\\\/contabilidadecaxias.com.br\\\/index.php\\\/2022\\\/07\\\/28\\\/live-promovida-pelo-tst-marca-o-dia-nacional-da-prevencao-de-acidentes-de-trabalho\\\/\"},\"author\":{\"name\":\"\",\"@id\":\"\"},\"headline\":\"Live promovida pelo TST marca o Dia Nacional da Preven\u00e7\u00e3o de Acidentes de Trabalho\",\"datePublished\":\"2022-07-28T19:09:40+00:00\",\"mainEntityOfPage\":{\"@id\":\"https:\\\/\\\/contabilidadecaxias.com.br\\\/index.php\\\/2022\\\/07\\\/28\\\/live-promovida-pelo-tst-marca-o-dia-nacional-da-prevencao-de-acidentes-de-trabalho\\\/\"},\"wordCount\":142,\"commentCount\":0,\"articleSection\":[\"Educa\u00e7\u00e3o Financeira\"],\"inLanguage\":\"pt-BR\",\"potentialAction\":[{\"@type\":\"CommentAction\",\"name\":\"Comment\",\"target\":[\"https:\\\/\\\/contabilidadecaxias.com.br\\\/index.php\\\/2022\\\/07\\\/28\\\/live-promovida-pelo-tst-marca-o-dia-nacional-da-prevencao-de-acidentes-de-trabalho\\\/#respond\"]}]},{\"@type\":\"WebPage\",\"@id\":\"https:\\\/\\\/contabilidadecaxias.com.br\\\/index.php\\\/2022\\\/07\\\/28\\\/live-promovida-pelo-tst-marca-o-dia-nacional-da-prevencao-de-acidentes-de-trabalho\\\/\",\"url\":\"https:\\\/\\\/contabilidadecaxias.com.br\\\/index.php\\\/2022\\\/07\\\/28\\\/live-promovida-pelo-tst-marca-o-dia-nacional-da-prevencao-de-acidentes-de-trabalho\\\/\",\"name\":\"Live promovida pelo TST marca o Dia Nacional da Preven\u00e7\u00e3o de Acidentes de Trabalho - Contabilidade Caxias\",\"isPartOf\":{\"@id\":\"https:\\\/\\\/contabilidadecaxias.com.br\\\/#website\"},\"datePublished\":\"2022-07-28T19:09:40+00:00\",\"author\":{\"@id\":\"\"},\"breadcrumb\":{\"@id\":\"https:\\\/\\\/contabilidadecaxias.com.br\\\/index.php\\\/2022\\\/07\\\/28\\\/live-promovida-pelo-tst-marca-o-dia-nacional-da-prevencao-de-acidentes-de-trabalho\\\/#breadcrumb\"},\"inLanguage\":\"pt-BR\",\"potentialAction\":[{\"@type\":\"ReadAction\",\"target\":[\"https:\\\/\\\/contabilidadecaxias.com.br\\\/index.php\\\/2022\\\/07\\\/28\\\/live-promovida-pelo-tst-marca-o-dia-nacional-da-prevencao-de-acidentes-de-trabalho\\\/\"]}]},{\"@type\":\"BreadcrumbList\",\"@id\":\"https:\\\/\\\/contabilidadecaxias.com.br\\\/index.php\\\/2022\\\/07\\\/28\\\/live-promovida-pelo-tst-marca-o-dia-nacional-da-prevencao-de-acidentes-de-trabalho\\\/#breadcrumb\",\"itemListElement\":[{\"@type\":\"ListItem\",\"position\":1,\"name\":\"In\u00edcio\",\"item\":\"https:\\\/\\\/contabilidadecaxias.com.br\\\/\"},{\"@type\":\"ListItem\",\"position\":2,\"name\":\"Live promovida pelo TST marca o Dia Nacional da Preven\u00e7\u00e3o de Acidentes de Trabalho\"}]},{\"@type\":\"WebSite\",\"@id\":\"https:\\\/\\\/contabilidadecaxias.com.br\\\/#website\",\"url\":\"https:\\\/\\\/contabilidadecaxias.com.br\\\/\",\"name\":\"Contabilidade Caxias\",\"description\":\"Site especializado em Contabilidade para Caxias.\",\"potentialAction\":[{\"@type\":\"SearchAction\",\"target\":{\"@type\":\"EntryPoint\",\"urlTemplate\":\"https:\\\/\\\/contabilidadecaxias.com.br\\\/?s={search_term_string}\"},\"query-input\":{\"@type\":\"PropertyValueSpecification\",\"valueRequired\":true,\"valueName\":\"search_term_string\"}}],\"inLanguage\":\"pt-BR\"}]}<\/script>\n<!-- \/ Yoast SEO plugin. -->","yoast_head_json":{"title":"Live promovida pelo TST marca o Dia Nacional da Preven\u00e7\u00e3o de Acidentes de Trabalho - Contabilidade Caxias","robots":{"index":"index","follow":"follow","max-snippet":"max-snippet:-1","max-image-preview":"max-image-preview:large","max-video-preview":"max-video-preview:-1"},"canonical":"https:\/\/contabilidadecaxias.com.br\/index.php\/2022\/07\/28\/live-promovida-pelo-tst-marca-o-dia-nacional-da-prevencao-de-acidentes-de-trabalho\/","og_locale":"pt_BR","og_type":"article","og_title":"Live promovida pelo TST marca o Dia Nacional da Preven\u00e7\u00e3o de Acidentes de Trabalho - Contabilidade Caxias","og_description":"\u00a0 \u00a0\u00a0\u00a0\u00a0\u00a0\u00a0\u00a0\u00a0 \u00a0\u00a0\u00a0\u00a0\u00a0\u00a0\u00a0\u00a0 \u00a0\u00a0\u00a0\u00a0\u00a0\u00a0 Baixe o \u00e1udio Reproduzir o \u00e1udio\u00a0\u00a0Pausar o \u00e1udio\u00a0\u00a0Aumentar o volume\u00a0\u00a0Diminuir o volume \u00a0 28\/07\/2022 &#8211; Para marcar o dia Nacional de Preven\u00e7\u00e3o de Acidentes de Trabalho o TST promoveu uma live com o objetivo de abordar os desafios atuais da preven\u00e7\u00e3o de acidentes e doen\u00e7as do trabalho. A abertura do evento [&hellip;]","og_url":"https:\/\/contabilidadecaxias.com.br\/index.php\/2022\/07\/28\/live-promovida-pelo-tst-marca-o-dia-nacional-da-prevencao-de-acidentes-de-trabalho\/","og_site_name":"Contabilidade Caxias","article_published_time":"2022-07-28T19:09:40+00:00","twitter_card":"summary_large_image","twitter_misc":{"Est. tempo de leitura":"1 minuto"},"schema":{"@context":"https:\/\/schema.org","@graph":[{"@type":"Article","@id":"https:\/\/contabilidadecaxias.com.br\/index.php\/2022\/07\/28\/live-promovida-pelo-tst-marca-o-dia-nacional-da-prevencao-de-acidentes-de-trabalho\/#article","isPartOf":{"@id":"https:\/\/contabilidadecaxias.com.br\/index.php\/2022\/07\/28\/live-promovida-pelo-tst-marca-o-dia-nacional-da-prevencao-de-acidentes-de-trabalho\/"},"author":{"name":"","@id":""},"headline":"Live promovida pelo TST marca o Dia Nacional da Preven\u00e7\u00e3o de Acidentes de Trabalho","datePublished":"2022-07-28T19:09:40+00:00","mainEntityOfPage":{"@id":"https:\/\/contabilidadecaxias.com.br\/index.php\/2022\/07\/28\/live-promovida-pelo-tst-marca-o-dia-nacional-da-prevencao-de-acidentes-de-trabalho\/"},"wordCount":142,"commentCount":0,"articleSection":["Educa\u00e7\u00e3o Financeira"],"inLanguage":"pt-BR","potentialAction":[{"@type":"CommentAction","name":"Comment","target":["https:\/\/contabilidadecaxias.com.br\/index.php\/2022\/07\/28\/live-promovida-pelo-tst-marca-o-dia-nacional-da-prevencao-de-acidentes-de-trabalho\/#respond"]}]},{"@type":"WebPage","@id":"https:\/\/contabilidadecaxias.com.br\/index.php\/2022\/07\/28\/live-promovida-pelo-tst-marca-o-dia-nacional-da-prevencao-de-acidentes-de-trabalho\/","url":"https:\/\/contabilidadecaxias.com.br\/index.php\/2022\/07\/28\/live-promovida-pelo-tst-marca-o-dia-nacional-da-prevencao-de-acidentes-de-trabalho\/","name":"Live promovida pelo TST marca o Dia Nacional da Preven\u00e7\u00e3o de Acidentes de Trabalho - Contabilidade Caxias","isPartOf":{"@id":"https:\/\/contabilidadecaxias.com.br\/#website"},"datePublished":"2022-07-28T19:09:40+00:00","author":{"@id":""},"breadcrumb":{"@id":"https:\/\/contabilidadecaxias.com.br\/index.php\/2022\/07\/28\/live-promovida-pelo-tst-marca-o-dia-nacional-da-prevencao-de-acidentes-de-trabalho\/#breadcrumb"},"inLanguage":"pt-BR","potentialAction":[{"@type":"ReadAction","target":["https:\/\/contabilidadecaxias.com.br\/index.php\/2022\/07\/28\/live-promovida-pelo-tst-marca-o-dia-nacional-da-prevencao-de-acidentes-de-trabalho\/"]}]},{"@type":"BreadcrumbList","@id":"https:\/\/contabilidadecaxias.com.br\/index.php\/2022\/07\/28\/live-promovida-pelo-tst-marca-o-dia-nacional-da-prevencao-de-acidentes-de-trabalho\/#breadcrumb","itemListElement":[{"@type":"ListItem","position":1,"name":"In\u00edcio","item":"https:\/\/contabilidadecaxias.com.br\/"},{"@type":"ListItem","position":2,"name":"Live promovida pelo TST marca o Dia Nacional da Preven\u00e7\u00e3o de Acidentes de Trabalho"}]},{"@type":"WebSite","@id":"https:\/\/contabilidadecaxias.com.br\/#website","url":"https:\/\/contabilidadecaxias.com.br\/","name":"Contabilidade Caxias","description":"Site especializado em Contabilidade para Caxias.","potentialAction":[{"@type":"SearchAction","target":{"@type":"EntryPoint","urlTemplate":"https:\/\/contabilidadecaxias.com.br\/?s={search_term_string}"},"query-input":{"@type":"PropertyValueSpecification","valueRequired":true,"valueName":"search_term_string"}}],"inLanguage":"pt-BR"}]}},"_links":{"self":[{"href":"https:\/\/contabilidadecaxias.com.br\/index.php\/wp-json\/wp\/v2\/posts\/12506","targetHints":{"allow":["GET"]}}],"collection":[{"href":"https:\/\/contabilidadecaxias.com.br\/index.php\/wp-json\/wp\/v2\/posts"}],"about":[{"href":"https:\/\/contabilidadecaxias.com.br\/index.php\/wp-json\/wp\/v2\/types\/post"}],"replies":[{"embeddable":true,"href":"https:\/\/contabilidadecaxias.com.br\/index.php\/wp-json\/wp\/v2\/comments?post=12506"}],"version-history":[{"count":0,"href":"https:\/\/contabilidadecaxias.com.br\/index.php\/wp-json\/wp\/v2\/posts\/12506\/revisions"}],"wp:attachment":[{"href":"https:\/\/contabilidadecaxias.com.br\/index.php\/wp-json\/wp\/v2\/media?parent=12506"}],"wp:term":[{"taxonomy":"category","embeddable":true,"href":"https:\/\/contabilidadecaxias.com.br\/index.php\/wp-json\/wp\/v2\/categories?post=12506"},{"taxonomy":"post_tag","embeddable":true,"href":"https:\/\/contabilidadecaxias.com.br\/index.php\/wp-json\/wp\/v2\/tags?post=12506"}],"curies":[{"name":"wp","href":"https:\/\/api.w.org\/{rel}","templated":true}]}}