{"id":12484,"date":"2022-07-27T19:09:10","date_gmt":"2022-07-27T22:09:10","guid":{"rendered":"https:\/\/contabilidadecaxias.com.br\/index.php\/2022\/07\/27\/audiencia-publica-tst-recebe-sugestoes-da-sociedade-para-metas-nacionais-de-2023\/"},"modified":"2022-07-27T19:09:10","modified_gmt":"2022-07-27T22:09:10","slug":"audiencia-publica-tst-recebe-sugestoes-da-sociedade-para-metas-nacionais-de-2023","status":"publish","type":"post","link":"https:\/\/contabilidadecaxias.com.br\/index.php\/2022\/07\/27\/audiencia-publica-tst-recebe-sugestoes-da-sociedade-para-metas-nacionais-de-2023\/","title":{"rendered":"Audi\u00eancia p\u00fablica: TST recebe sugest\u00f5es da sociedade para metas nacionais de 2023"},"content":{"rendered":"<div class=\"noticia-wrapper\">\n<p><em><\/p>\n<p>Audi\u00eancia p\u00fablica reuniu representantes da magistratura, da advocacia e do Minist\u00e9rio P\u00fablico do Trabalho; consulta p\u00fablica sobre o tema segue aberta\u00a0<\/p>\n<p><\/em><\/p>\n<div class=\"social-media-share mobile\">\n        <a class=\"share-facebook\" href=\"https:\/\/www.facebook.com\/sharer.php?u=https:\/\/www.tst.jus.br\/-\/audi%C3%AAncia-p%C3%BAblica-tst-recebe-sugest%C3%B5es-da-sociedade-para-metas-nacionais-de-2023\" target=\"_blank\" rel=\"noopener\"><\/a><br \/>\n        <a class=\"share-twitter\" href=\"https:\/\/twitter.com\/intent\/tweet?text=Audi%C3%AAncia%20p%C3%BAblica:%20TST%20recebe%20sugest%C3%B5es%20da%20sociedade%20para%20metas%20nacionais%20de%202023%0AVeja%20mais%20em:&amp;url=https:\/\/www.tst.jus.br\/-\/audi%C3%AAncia-p%C3%BAblica-tst-recebe-sugest%C3%B5es-da-sociedade-para-metas-nacionais-de-2023\" target=\"_blank\" rel=\"noopener\"><\/a><br \/>\n        <a class=\"share-linkedin\" href=\"https:\/\/www.linkedin.com\/shareArticle?mini=true&amp;url=https:\/\/www.tst.jus.br\/-\/audi%C3%AAncia-p%C3%BAblica-tst-recebe-sugest%C3%B5es-da-sociedade-para-metas-nacionais-de-2023&amp;title=Audi%C3%AAncia%20p%C3%BAblica:%20TST%20recebe%20sugest%C3%B5es%20da%20sociedade%20para%20metas%20nacionais%20de%202023\" target=\"_blank\" rel=\"noopener\"><\/a><br \/>\n        <a class=\"share-whatsapp\" href=\"https:\/\/web.whatsapp.com\/send?text=https:\/\/www.tst.jus.br\/-\/audi%C3%AAncia-p%C3%BAblica-tst-recebe-sugest%C3%B5es-da-sociedade-para-metas-nacionais-de-2023\" target=\"_blank\" rel=\"noopener\"><\/a><br \/>\n        <a class=\"share-googleplus\" href=\"https:\/\/plus.google.com\/share?url=https:\/\/www.tst.jus.br\/-\/audi%C3%AAncia-p%C3%BAblica-tst-recebe-sugest%C3%B5es-da-sociedade-para-metas-nacionais-de-2023\" target=\"_blank\" rel=\"noopener\"><\/a>\n    <\/div>\n<div class=\"news-body\">\n<div class=\"imagem-da-noticia\">\n<p>Mesa de abertura da Audi\u00eancia P\u00fablica sobre as Metas Nacionais para 2023<\/p>\n<div class=\"social-media-share\">\n                    <a class=\"share-facebook\" href=\"https:\/\/www.facebook.com\/sharer.php?u=https:\/\/www.tst.jus.br\/-\/audi%C3%AAncia-p%C3%BAblica-tst-recebe-sugest%C3%B5es-da-sociedade-para-metas-nacionais-de-2023\" target=\"_blank\" rel=\"noopener\"><\/a><br \/>\n                    <a class=\"share-twitter\" href=\"https:\/\/twitter.com\/intent\/tweet?text=Audi%C3%AAncia%20p%C3%BAblica:%20TST%20recebe%20sugest%C3%B5es%20da%20sociedade%20para%20metas%20nacionais%20de%202023%0AVeja%20mais%20em:&amp;url=https:\/\/www.tst.jus.br\/-\/audi%C3%AAncia-p%C3%BAblica-tst-recebe-sugest%C3%B5es-da-sociedade-para-metas-nacionais-de-2023\" target=\"_blank\" rel=\"noopener\"><\/a><br \/>\n                    <a class=\"share-linkedin\" href=\"https:\/\/www.linkedin.com\/shareArticle?mini=true&amp;url=https:\/\/www.tst.jus.br\/-\/audi%C3%AAncia-p%C3%BAblica-tst-recebe-sugest%C3%B5es-da-sociedade-para-metas-nacionais-de-2023&amp;title=Audi%C3%AAncia%20p%C3%BAblica:%20TST%20recebe%20sugest%C3%B5es%20da%20sociedade%20para%20metas%20nacionais%20de%202023\" target=\"_blank\" rel=\"noopener\"><\/a><br \/>\n                    <a class=\"share-whatsapp\" href=\"https:\/\/web.whatsapp.com\/send?text=https:\/\/www.tst.jus.br\/-\/audi%C3%AAncia-p%C3%BAblica-tst-recebe-sugest%C3%B5es-da-sociedade-para-metas-nacionais-de-2023\" target=\"_blank\" rel=\"noopener\"><\/a><br \/>\n                    <a class=\"share-googleplus\" href=\"https:\/\/plus.google.com\/share?url=https:\/\/www.tst.jus.br\/-\/audi%C3%AAncia-p%C3%BAblica-tst-recebe-sugest%C3%B5es-da-sociedade-para-metas-nacionais-de-2023\" target=\"_blank\" rel=\"noopener\"><\/a>\n                <\/div>\n<\/p><\/div>\n<div class=\"materia\">\n<p>27\/07\/22 &#8211; O Tribunal Superior do Trabalho (TST) promoveu, nesta quarta-feira (27), pela primeira vez, uma audi\u00eancia p\u00fablica para obter contribui\u00e7\u00f5es da sociedade acerca das metas nacionais da institui\u00e7\u00e3o para 2023. O evento foi realizado na sede do TST, em Bras\u00edlia, com transmiss\u00e3o ao vivo pelo <a href=\"https:\/\/www.youtube.com\/watch?v=gRusG7RAnIg\" target=\"_blank\" rel=\"noopener\">canal oficial do TST no YouTube<\/a>.\u00a0<\/p>\n<p>O presidente do TST, ministro Emmanoel Pereira, abriu o encontro. \u201cPor esta a\u00e7\u00e3o concreta, buscamos ampliar a participa\u00e7\u00e3o democr\u00e1tica da sociedade brasileira na defini\u00e7\u00e3o dos objetivos a serem alcan\u00e7ados pela Justi\u00e7a do Trabalho. Atento aos anseios nacionais por um judici\u00e1rio trabalhista cada vez mais c\u00e9lere e efetivo, buscamos o constante aprimoramento de rotinas e procedimentos\u201d, destacou o ministro. Para ele, \u201cn\u00e3o basta a transpar\u00eancia. \u00c9 fundamental ampliar a participa\u00e7\u00e3o de distintos setores da sociedade com o objetivo de contemplar diferentes opini\u00f5es sobre a atua\u00e7\u00e3o do TST na entrega de resultados\u201d.\u00a0<\/p>\n<p><strong>Estrat\u00e9gia Nacional<\/strong><\/p>\n<p>As metas s\u00e3o fixadas para os objetivos que integram o Plano Estrat\u00e9gico do TST 2021-2016, documento alinhado aos macrodesafios fixados na Estrat\u00e9gia Nacional do Poder Judici\u00e1rio 2021-2016, prevista pela <a href=\"https:\/\/atos.cnj.jus.br\/atos\/detalhar\/3365\" target=\"_blank\" rel=\"noopener\">Resolu\u00e7\u00e3o CNJ n.\u00ba 325\/2020<\/a>. As metas nacionais do Poder Judici\u00e1rio representam o compromisso dos tribunais brasileiros com o aperfei\u00e7oamento da presta\u00e7\u00e3o jurisdicional, buscando proporcionar \u00e0 sociedade mais efici\u00eancia e qualidade nos servi\u00e7os. Anualmente, os resultados alcan\u00e7ados s\u00e3o analisados pelo Conselho Nacional de Justi\u00e7a (CNJ).\u00a0<\/p>\n<p><strong>Aprimoramento\u00a0<\/strong><\/p>\n<\/p>\n<p>Segundo Luciano Athayde, juiz auxiliar da Presid\u00eancia e gestor de metas do TST e do CSJT, o \u00eaxito da Corte no atingimento de suas metas tem sido reconhecido anualmente pelo CNJ, por meio do Pr\u00eamio CNJ de Qualidade &#8211; instrumento que fomenta o amadurecimento dos \u00f3rg\u00e3os do Poder Judici\u00e1rio. Fortalecer o di\u00e1logo com os atores do Sistema de Justi\u00e7a e com a sociedade visa, assim, a um aprimoramento ainda mais expressivo de seus resultados. E os desafios s\u00e3o grandes, conforme o magistrado. \u201cEntre 2016 e 2021, houve incremento de 56,17% no volume de processos no Tribunal Superior do Trabalho, o que representa m\u00e9dia de 70 mil novos processos por ano\u201d, informou.\u00a0\u00a0<\/p>\n<p>O secret\u00e1rio de Gest\u00e3o e Governan\u00e7a Estrat\u00e9gica do TST, M\u00e1rcio Cruz, ressalta que a busca pela melhoria de servi\u00e7os judiciais e administrativos, materializada por meio de objetivos estrat\u00e9gicos e suas metas, considera aspectos internos \u00e0 administra\u00e7\u00e3o (como processos de trabalho, gest\u00e3o or\u00e7ament\u00e1ria e financeira e desenvolvimento organizacional) e aspectos relacionados \u00e0 presta\u00e7\u00e3o de servi\u00e7os \u00e0 sociedade (como acesso \u00e0 justi\u00e7a, celeridade e promo\u00e7\u00e3o da sustentabilidade).\u00a0<\/p>\n<p><strong>Contribui\u00e7\u00f5es<\/strong><\/p>\n<p>Na audi\u00eancia, foram apresentadas metas e resultados parciais alcan\u00e7ados pelo TST no ano de 2022. Tamb\u00e9m foram ouvidos representantes da magistratura, da advocacia e do Minist\u00e9rio P\u00fablico do Trabalho.\u00a0<\/p>\n<p>Os primeiros expositores, Elise Correia, vice-presidente da Associa\u00e7\u00e3o Brasileira de Advogados Trabalhistas (Abrat), e Paulo Ant\u00f4nio Maia e Silva, conselheiro federal da Ordem dos Advogados do Brasil (OAB), destacaram a necessidade de aten\u00e7\u00e3o \u00e0s execu\u00e7\u00f5es, para a solu\u00e7\u00e3o definitiva de lit\u00edgios trabalhistas. Tamb\u00e9m salientaram a import\u00e2ncia de se conciliar celeridade e foco nas metas com a efetiva presta\u00e7\u00e3o jurisdicional.\u00a0\u00a0<\/p>\n<p>A procuradora regional do Trabalho Ludmila Lopes defendeu, por sua vez, a necessidade de se promover uma atua\u00e7\u00e3o com foco na promo\u00e7\u00e3o da diversidade e na efetiva\u00e7\u00e3o dos direitos fundamentais previstos na Constitui\u00e7\u00e3o Federal. Al\u00e9m desses pontos, o presidente da Associa\u00e7\u00e3o Nacional dos Magistrados da Justi\u00e7a do Trabalho (Anamatra), Luiz Antonio Colussi, salientou a import\u00e2ncia da capacita\u00e7\u00e3o de magistrados e servidores, bem como sua qualidade de vida, para o alcance das metas com efetividade e qualidade.\u00a0<\/p>\n<p>Todas as contribui\u00e7\u00f5es expostas durante a live desta quarta-feira ir\u00e3o compor um documento \u00fanico, que ser\u00e1 elaborado pelo TST e posteriormente apresentado ao Conselho Nacional de Justi\u00e7a.\u00a0<\/p>\n<p><strong>Consulta p\u00fablica<\/strong><\/p>\n<p>A defini\u00e7\u00e3o das metas nacionais do TST para 2023 tamb\u00e9m \u00e9 tema de uma consulta p\u00fablica, iniciada no dia 4 de julho. O envio das contribui\u00e7\u00f5es pode ser realizado at\u00e9 o dia 5 de agosto, por meio de<a href=\"https:\/\/docs.google.com\/forms\/d\/e\/1FAIpQLSfE3RYkJ5shnQ2lf-J0S0tJitiaAHBbrd7jHQCuAHmoLMifTg\/viewform\" target=\"_blank\" rel=\"noopener\"> formul\u00e1rio eletr\u00f4nico dispon\u00edvel aqui<\/a>.<\/p>\n<p>(Nat\u00e1lia Pianegonda\/RT)<\/p>\n<p><strong>Assista a audi\u00eancia p\u00fablica na \u00edntegra:<\/strong><\/p>\n<\/p>\n<\/div><\/div>\n<\/div>\n","protected":false},"excerpt":{"rendered":"<p>Audi\u00eancia p\u00fablica reuniu representantes da magistratura, da advocacia e do Minist\u00e9rio P\u00fablico do Trabalho; consulta p\u00fablica sobre o tema segue aberta\u00a0 Mesa de abertura da Audi\u00eancia P\u00fablica sobre as Metas Nacionais para 2023 27\/07\/22 &#8211; O Tribunal Superior do Trabalho (TST) promoveu, nesta quarta-feira (27), pela primeira vez, uma audi\u00eancia p\u00fablica para obter contribui\u00e7\u00f5es da [&hellip;]<\/p>\n","protected":false},"author":0,"featured_media":12485,"comment_status":"open","ping_status":"","sticky":false,"template":"","format":"standard","meta":{"footnotes":""},"categories":[5],"tags":[],"class_list":["post-12484","post","type-post","status-publish","format-standard","has-post-thumbnail","hentry","category-noticias-educacao-financeira"],"blocksy_meta":{"styles_descriptor":{"styles":{"desktop":"","tablet":"","mobile":""},"google_fonts":[],"version":6}},"yoast_head":"<!-- This site is optimized with the Yoast SEO plugin v27.5 - https:\/\/yoast.com\/product\/yoast-seo-wordpress\/ -->\n<title>Audi\u00eancia p\u00fablica: TST recebe sugest\u00f5es da sociedade para metas nacionais de 2023 - Contabilidade Caxias<\/title>\n<meta name=\"robots\" content=\"index, follow, max-snippet:-1, max-image-preview:large, max-video-preview:-1\" \/>\n<link rel=\"canonical\" href=\"https:\/\/contabilidadecaxias.com.br\/index.php\/2022\/07\/27\/audiencia-publica-tst-recebe-sugestoes-da-sociedade-para-metas-nacionais-de-2023\/\" \/>\n<meta property=\"og:locale\" content=\"pt_BR\" \/>\n<meta property=\"og:type\" content=\"article\" \/>\n<meta property=\"og:title\" content=\"Audi\u00eancia p\u00fablica: TST recebe sugest\u00f5es da sociedade para metas nacionais de 2023 - Contabilidade Caxias\" \/>\n<meta property=\"og:description\" content=\"Audi\u00eancia p\u00fablica reuniu representantes da magistratura, da advocacia e do Minist\u00e9rio P\u00fablico do Trabalho; consulta p\u00fablica sobre o tema segue aberta\u00a0 Mesa de abertura da Audi\u00eancia P\u00fablica sobre as Metas Nacionais para 2023 27\/07\/22 &#8211; O Tribunal Superior do Trabalho (TST) promoveu, nesta quarta-feira (27), pela primeira vez, uma audi\u00eancia p\u00fablica para obter contribui\u00e7\u00f5es da [&hellip;]\" \/>\n<meta property=\"og:url\" content=\"https:\/\/contabilidadecaxias.com.br\/index.php\/2022\/07\/27\/audiencia-publica-tst-recebe-sugestoes-da-sociedade-para-metas-nacionais-de-2023\/\" \/>\n<meta property=\"og:site_name\" content=\"Contabilidade Caxias\" \/>\n<meta property=\"article:published_time\" content=\"2022-07-27T22:09:10+00:00\" \/>\n<meta name=\"twitter:card\" content=\"summary_large_image\" \/>\n<meta name=\"twitter:label1\" content=\"Est. tempo de leitura\" \/>\n\t<meta name=\"twitter:data1\" content=\"4 minutos\" \/>\n<script type=\"application\/ld+json\" class=\"yoast-schema-graph\">{\"@context\":\"https:\\\/\\\/schema.org\",\"@graph\":[{\"@type\":\"Article\",\"@id\":\"https:\\\/\\\/contabilidadecaxias.com.br\\\/index.php\\\/2022\\\/07\\\/27\\\/audiencia-publica-tst-recebe-sugestoes-da-sociedade-para-metas-nacionais-de-2023\\\/#article\",\"isPartOf\":{\"@id\":\"https:\\\/\\\/contabilidadecaxias.com.br\\\/index.php\\\/2022\\\/07\\\/27\\\/audiencia-publica-tst-recebe-sugestoes-da-sociedade-para-metas-nacionais-de-2023\\\/\"},\"author\":{\"name\":\"\",\"@id\":\"\"},\"headline\":\"Audi\u00eancia p\u00fablica: TST recebe sugest\u00f5es da sociedade para metas nacionais de 2023\",\"datePublished\":\"2022-07-27T22:09:10+00:00\",\"mainEntityOfPage\":{\"@id\":\"https:\\\/\\\/contabilidadecaxias.com.br\\\/index.php\\\/2022\\\/07\\\/27\\\/audiencia-publica-tst-recebe-sugestoes-da-sociedade-para-metas-nacionais-de-2023\\\/\"},\"wordCount\":767,\"commentCount\":0,\"image\":{\"@id\":\"https:\\\/\\\/contabilidadecaxias.com.br\\\/index.php\\\/2022\\\/07\\\/27\\\/audiencia-publica-tst-recebe-sugestoes-da-sociedade-para-metas-nacionais-de-2023\\\/#primaryimage\"},\"thumbnailUrl\":\"https:\\\/\\\/contabilidadecaxias.com.br\\\/wp-content\\\/uploads\\\/2022\\\/07\\\/2d003780-b0df-9e0c-a728-c225b5e3cb69-rRSl1Q-scaled.jpeg\",\"articleSection\":[\"Educa\u00e7\u00e3o Financeira\"],\"inLanguage\":\"pt-BR\",\"potentialAction\":[{\"@type\":\"CommentAction\",\"name\":\"Comment\",\"target\":[\"https:\\\/\\\/contabilidadecaxias.com.br\\\/index.php\\\/2022\\\/07\\\/27\\\/audiencia-publica-tst-recebe-sugestoes-da-sociedade-para-metas-nacionais-de-2023\\\/#respond\"]}]},{\"@type\":\"WebPage\",\"@id\":\"https:\\\/\\\/contabilidadecaxias.com.br\\\/index.php\\\/2022\\\/07\\\/27\\\/audiencia-publica-tst-recebe-sugestoes-da-sociedade-para-metas-nacionais-de-2023\\\/\",\"url\":\"https:\\\/\\\/contabilidadecaxias.com.br\\\/index.php\\\/2022\\\/07\\\/27\\\/audiencia-publica-tst-recebe-sugestoes-da-sociedade-para-metas-nacionais-de-2023\\\/\",\"name\":\"Audi\u00eancia p\u00fablica: TST recebe sugest\u00f5es da sociedade para metas nacionais de 2023 - Contabilidade Caxias\",\"isPartOf\":{\"@id\":\"https:\\\/\\\/contabilidadecaxias.com.br\\\/#website\"},\"primaryImageOfPage\":{\"@id\":\"https:\\\/\\\/contabilidadecaxias.com.br\\\/index.php\\\/2022\\\/07\\\/27\\\/audiencia-publica-tst-recebe-sugestoes-da-sociedade-para-metas-nacionais-de-2023\\\/#primaryimage\"},\"image\":{\"@id\":\"https:\\\/\\\/contabilidadecaxias.com.br\\\/index.php\\\/2022\\\/07\\\/27\\\/audiencia-publica-tst-recebe-sugestoes-da-sociedade-para-metas-nacionais-de-2023\\\/#primaryimage\"},\"thumbnailUrl\":\"https:\\\/\\\/contabilidadecaxias.com.br\\\/wp-content\\\/uploads\\\/2022\\\/07\\\/2d003780-b0df-9e0c-a728-c225b5e3cb69-rRSl1Q-scaled.jpeg\",\"datePublished\":\"2022-07-27T22:09:10+00:00\",\"author\":{\"@id\":\"\"},\"breadcrumb\":{\"@id\":\"https:\\\/\\\/contabilidadecaxias.com.br\\\/index.php\\\/2022\\\/07\\\/27\\\/audiencia-publica-tst-recebe-sugestoes-da-sociedade-para-metas-nacionais-de-2023\\\/#breadcrumb\"},\"inLanguage\":\"pt-BR\",\"potentialAction\":[{\"@type\":\"ReadAction\",\"target\":[\"https:\\\/\\\/contabilidadecaxias.com.br\\\/index.php\\\/2022\\\/07\\\/27\\\/audiencia-publica-tst-recebe-sugestoes-da-sociedade-para-metas-nacionais-de-2023\\\/\"]}]},{\"@type\":\"ImageObject\",\"inLanguage\":\"pt-BR\",\"@id\":\"https:\\\/\\\/contabilidadecaxias.com.br\\\/index.php\\\/2022\\\/07\\\/27\\\/audiencia-publica-tst-recebe-sugestoes-da-sociedade-para-metas-nacionais-de-2023\\\/#primaryimage\",\"url\":\"https:\\\/\\\/contabilidadecaxias.com.br\\\/wp-content\\\/uploads\\\/2022\\\/07\\\/2d003780-b0df-9e0c-a728-c225b5e3cb69-rRSl1Q-scaled.jpeg\",\"contentUrl\":\"https:\\\/\\\/contabilidadecaxias.com.br\\\/wp-content\\\/uploads\\\/2022\\\/07\\\/2d003780-b0df-9e0c-a728-c225b5e3cb69-rRSl1Q-scaled.jpeg\",\"width\":2560,\"height\":1707},{\"@type\":\"BreadcrumbList\",\"@id\":\"https:\\\/\\\/contabilidadecaxias.com.br\\\/index.php\\\/2022\\\/07\\\/27\\\/audiencia-publica-tst-recebe-sugestoes-da-sociedade-para-metas-nacionais-de-2023\\\/#breadcrumb\",\"itemListElement\":[{\"@type\":\"ListItem\",\"position\":1,\"name\":\"In\u00edcio\",\"item\":\"https:\\\/\\\/contabilidadecaxias.com.br\\\/\"},{\"@type\":\"ListItem\",\"position\":2,\"name\":\"Audi\u00eancia p\u00fablica: TST recebe sugest\u00f5es da sociedade para metas nacionais de 2023\"}]},{\"@type\":\"WebSite\",\"@id\":\"https:\\\/\\\/contabilidadecaxias.com.br\\\/#website\",\"url\":\"https:\\\/\\\/contabilidadecaxias.com.br\\\/\",\"name\":\"Contabilidade Caxias\",\"description\":\"Site especializado em Contabilidade para Caxias.\",\"potentialAction\":[{\"@type\":\"SearchAction\",\"target\":{\"@type\":\"EntryPoint\",\"urlTemplate\":\"https:\\\/\\\/contabilidadecaxias.com.br\\\/?s={search_term_string}\"},\"query-input\":{\"@type\":\"PropertyValueSpecification\",\"valueRequired\":true,\"valueName\":\"search_term_string\"}}],\"inLanguage\":\"pt-BR\"}]}<\/script>\n<!-- \/ Yoast SEO plugin. -->","yoast_head_json":{"title":"Audi\u00eancia p\u00fablica: TST recebe sugest\u00f5es da sociedade para metas nacionais de 2023 - Contabilidade Caxias","robots":{"index":"index","follow":"follow","max-snippet":"max-snippet:-1","max-image-preview":"max-image-preview:large","max-video-preview":"max-video-preview:-1"},"canonical":"https:\/\/contabilidadecaxias.com.br\/index.php\/2022\/07\/27\/audiencia-publica-tst-recebe-sugestoes-da-sociedade-para-metas-nacionais-de-2023\/","og_locale":"pt_BR","og_type":"article","og_title":"Audi\u00eancia p\u00fablica: TST recebe sugest\u00f5es da sociedade para metas nacionais de 2023 - Contabilidade Caxias","og_description":"Audi\u00eancia p\u00fablica reuniu representantes da magistratura, da advocacia e do Minist\u00e9rio P\u00fablico do Trabalho; consulta p\u00fablica sobre o tema segue aberta\u00a0 Mesa de abertura da Audi\u00eancia P\u00fablica sobre as Metas Nacionais para 2023 27\/07\/22 &#8211; O Tribunal Superior do Trabalho (TST) promoveu, nesta quarta-feira (27), pela primeira vez, uma audi\u00eancia p\u00fablica para obter contribui\u00e7\u00f5es da [&hellip;]","og_url":"https:\/\/contabilidadecaxias.com.br\/index.php\/2022\/07\/27\/audiencia-publica-tst-recebe-sugestoes-da-sociedade-para-metas-nacionais-de-2023\/","og_site_name":"Contabilidade Caxias","article_published_time":"2022-07-27T22:09:10+00:00","twitter_card":"summary_large_image","twitter_misc":{"Est. tempo de leitura":"4 minutos"},"schema":{"@context":"https:\/\/schema.org","@graph":[{"@type":"Article","@id":"https:\/\/contabilidadecaxias.com.br\/index.php\/2022\/07\/27\/audiencia-publica-tst-recebe-sugestoes-da-sociedade-para-metas-nacionais-de-2023\/#article","isPartOf":{"@id":"https:\/\/contabilidadecaxias.com.br\/index.php\/2022\/07\/27\/audiencia-publica-tst-recebe-sugestoes-da-sociedade-para-metas-nacionais-de-2023\/"},"author":{"name":"","@id":""},"headline":"Audi\u00eancia p\u00fablica: TST recebe sugest\u00f5es da sociedade para metas nacionais de 2023","datePublished":"2022-07-27T22:09:10+00:00","mainEntityOfPage":{"@id":"https:\/\/contabilidadecaxias.com.br\/index.php\/2022\/07\/27\/audiencia-publica-tst-recebe-sugestoes-da-sociedade-para-metas-nacionais-de-2023\/"},"wordCount":767,"commentCount":0,"image":{"@id":"https:\/\/contabilidadecaxias.com.br\/index.php\/2022\/07\/27\/audiencia-publica-tst-recebe-sugestoes-da-sociedade-para-metas-nacionais-de-2023\/#primaryimage"},"thumbnailUrl":"https:\/\/contabilidadecaxias.com.br\/wp-content\/uploads\/2022\/07\/2d003780-b0df-9e0c-a728-c225b5e3cb69-rRSl1Q-scaled.jpeg","articleSection":["Educa\u00e7\u00e3o Financeira"],"inLanguage":"pt-BR","potentialAction":[{"@type":"CommentAction","name":"Comment","target":["https:\/\/contabilidadecaxias.com.br\/index.php\/2022\/07\/27\/audiencia-publica-tst-recebe-sugestoes-da-sociedade-para-metas-nacionais-de-2023\/#respond"]}]},{"@type":"WebPage","@id":"https:\/\/contabilidadecaxias.com.br\/index.php\/2022\/07\/27\/audiencia-publica-tst-recebe-sugestoes-da-sociedade-para-metas-nacionais-de-2023\/","url":"https:\/\/contabilidadecaxias.com.br\/index.php\/2022\/07\/27\/audiencia-publica-tst-recebe-sugestoes-da-sociedade-para-metas-nacionais-de-2023\/","name":"Audi\u00eancia p\u00fablica: TST recebe sugest\u00f5es da sociedade para metas nacionais de 2023 - Contabilidade Caxias","isPartOf":{"@id":"https:\/\/contabilidadecaxias.com.br\/#website"},"primaryImageOfPage":{"@id":"https:\/\/contabilidadecaxias.com.br\/index.php\/2022\/07\/27\/audiencia-publica-tst-recebe-sugestoes-da-sociedade-para-metas-nacionais-de-2023\/#primaryimage"},"image":{"@id":"https:\/\/contabilidadecaxias.com.br\/index.php\/2022\/07\/27\/audiencia-publica-tst-recebe-sugestoes-da-sociedade-para-metas-nacionais-de-2023\/#primaryimage"},"thumbnailUrl":"https:\/\/contabilidadecaxias.com.br\/wp-content\/uploads\/2022\/07\/2d003780-b0df-9e0c-a728-c225b5e3cb69-rRSl1Q-scaled.jpeg","datePublished":"2022-07-27T22:09:10+00:00","author":{"@id":""},"breadcrumb":{"@id":"https:\/\/contabilidadecaxias.com.br\/index.php\/2022\/07\/27\/audiencia-publica-tst-recebe-sugestoes-da-sociedade-para-metas-nacionais-de-2023\/#breadcrumb"},"inLanguage":"pt-BR","potentialAction":[{"@type":"ReadAction","target":["https:\/\/contabilidadecaxias.com.br\/index.php\/2022\/07\/27\/audiencia-publica-tst-recebe-sugestoes-da-sociedade-para-metas-nacionais-de-2023\/"]}]},{"@type":"ImageObject","inLanguage":"pt-BR","@id":"https:\/\/contabilidadecaxias.com.br\/index.php\/2022\/07\/27\/audiencia-publica-tst-recebe-sugestoes-da-sociedade-para-metas-nacionais-de-2023\/#primaryimage","url":"https:\/\/contabilidadecaxias.com.br\/wp-content\/uploads\/2022\/07\/2d003780-b0df-9e0c-a728-c225b5e3cb69-rRSl1Q-scaled.jpeg","contentUrl":"https:\/\/contabilidadecaxias.com.br\/wp-content\/uploads\/2022\/07\/2d003780-b0df-9e0c-a728-c225b5e3cb69-rRSl1Q-scaled.jpeg","width":2560,"height":1707},{"@type":"BreadcrumbList","@id":"https:\/\/contabilidadecaxias.com.br\/index.php\/2022\/07\/27\/audiencia-publica-tst-recebe-sugestoes-da-sociedade-para-metas-nacionais-de-2023\/#breadcrumb","itemListElement":[{"@type":"ListItem","position":1,"name":"In\u00edcio","item":"https:\/\/contabilidadecaxias.com.br\/"},{"@type":"ListItem","position":2,"name":"Audi\u00eancia p\u00fablica: TST recebe sugest\u00f5es da sociedade para metas nacionais de 2023"}]},{"@type":"WebSite","@id":"https:\/\/contabilidadecaxias.com.br\/#website","url":"https:\/\/contabilidadecaxias.com.br\/","name":"Contabilidade Caxias","description":"Site especializado em Contabilidade para Caxias.","potentialAction":[{"@type":"SearchAction","target":{"@type":"EntryPoint","urlTemplate":"https:\/\/contabilidadecaxias.com.br\/?s={search_term_string}"},"query-input":{"@type":"PropertyValueSpecification","valueRequired":true,"valueName":"search_term_string"}}],"inLanguage":"pt-BR"}]}},"_links":{"self":[{"href":"https:\/\/contabilidadecaxias.com.br\/index.php\/wp-json\/wp\/v2\/posts\/12484","targetHints":{"allow":["GET"]}}],"collection":[{"href":"https:\/\/contabilidadecaxias.com.br\/index.php\/wp-json\/wp\/v2\/posts"}],"about":[{"href":"https:\/\/contabilidadecaxias.com.br\/index.php\/wp-json\/wp\/v2\/types\/post"}],"replies":[{"embeddable":true,"href":"https:\/\/contabilidadecaxias.com.br\/index.php\/wp-json\/wp\/v2\/comments?post=12484"}],"version-history":[{"count":0,"href":"https:\/\/contabilidadecaxias.com.br\/index.php\/wp-json\/wp\/v2\/posts\/12484\/revisions"}],"wp:featuredmedia":[{"embeddable":true,"href":"https:\/\/contabilidadecaxias.com.br\/index.php\/wp-json\/wp\/v2\/media\/12485"}],"wp:attachment":[{"href":"https:\/\/contabilidadecaxias.com.br\/index.php\/wp-json\/wp\/v2\/media?parent=12484"}],"wp:term":[{"taxonomy":"category","embeddable":true,"href":"https:\/\/contabilidadecaxias.com.br\/index.php\/wp-json\/wp\/v2\/categories?post=12484"},{"taxonomy":"post_tag","embeddable":true,"href":"https:\/\/contabilidadecaxias.com.br\/index.php\/wp-json\/wp\/v2\/tags?post=12484"}],"curies":[{"name":"wp","href":"https:\/\/api.w.org\/{rel}","templated":true}]}}