{"id":12480,"date":"2022-07-27T17:09:16","date_gmt":"2022-07-27T20:09:16","guid":{"rendered":"https:\/\/contabilidadecaxias.com.br\/index.php\/2022\/07\/27\/exigencia-generica-de-certidao-de-antecedentes-criminais-por-supermercado-e-considerada-ilicita\/"},"modified":"2022-07-27T17:09:16","modified_gmt":"2022-07-27T20:09:16","slug":"exigencia-generica-de-certidao-de-antecedentes-criminais-por-supermercado-e-considerada-ilicita","status":"publish","type":"post","link":"https:\/\/contabilidadecaxias.com.br\/index.php\/2022\/07\/27\/exigencia-generica-de-certidao-de-antecedentes-criminais-por-supermercado-e-considerada-ilicita\/","title":{"rendered":"Exig\u00eancia gen\u00e9rica de certid\u00e3o de antecedentes criminais por supermercado \u00e9 considerada il\u00edcita"},"content":{"rendered":"<div>\n\u00a0<br \/>\n\u00a0\u00a0\u00a0\u00a0\u00a0\u00a0\u00a0\u00a0 \u00a0\u00a0\u00a0\u00a0\u00a0\u00a0\u00a0\u00a0 \u00a0\u00a0\u00a0\u00a0\u00a0\u00a0 <a href=\"https:\/\/www.tst.jus.br\/documents\/10157\/27885360\/JORNAL+DA+JUSTIC%CC%A7A+2+-+22.07.2022+-VIVO+12H+BOL+SUPERMERCADO+CERTID%C3%83O+-+MICHELLE+CHIAPPA.mp3\/63c5c5c9-b649-250c-984e-8cef38de37da?t=1658947854594\"> Baixe o \u00e1udio <\/a><\/div>\n<div><button>Reproduzir o \u00e1udio<\/button>\u00a0\u00a0<button>Pausar o \u00e1udio<\/button>\u00a0\u00a0<button>Aumentar o volume<\/button>\u00a0\u00a0<button>Diminuir o volume<\/button><\/div>\n<p>\u00a0<\/p>\n<p>27\/07\/22 &#8211; A Oitava Turma do Tribunal Superior do Trabalho (TST) condenou a Mateus Supermercados S.A., de S\u00e3o Lu\u00eds (MA), a pagar R$ 100 mil de indeniza\u00e7\u00e3o por danos morais coletivos pela exig\u00eancia de antecedentes criminais para sele\u00e7\u00e3o de empregados.<\/p>\n<p>A empresa afirmou que a exig\u00eancia era feita a todos os empregados, n\u00e3o s\u00f3 para aqueles em fun\u00e7\u00f5es de confian\u00e7a. O crit\u00e9rio, segundo o colegiado, \u00e9 discriminat\u00f3rio.<\/p>\n<p>Mais informa\u00e7\u00f5es na reportagem de Michelle Chiappa.<\/p>\n<p>Processo:\u00a0\u00a0<a href=\"https:\/\/consultaprocessual.tst.jus.br\/consultaProcessual\/consultaTstNumUnica.do?consulta=Consultar&amp;conscsjt=&amp;numeroTst=17302&amp;digitoTst=16&amp;anoTst=2013&amp;orgaoTst=5&amp;tribunalTst=16&amp;varaTst=0002&amp;submit=Consultar\" target=\"_blank\" rel=\"noopener\">TST-RR-17302-16.2013.5.16.0002<\/a><\/p>\n","protected":false},"excerpt":{"rendered":"<p>\u00a0 \u00a0\u00a0\u00a0\u00a0\u00a0\u00a0\u00a0\u00a0 \u00a0\u00a0\u00a0\u00a0\u00a0\u00a0\u00a0\u00a0 \u00a0\u00a0\u00a0\u00a0\u00a0\u00a0 Baixe o \u00e1udio Reproduzir o \u00e1udio\u00a0\u00a0Pausar o \u00e1udio\u00a0\u00a0Aumentar o volume\u00a0\u00a0Diminuir o volume \u00a0 27\/07\/22 &#8211; A Oitava Turma do Tribunal Superior do Trabalho (TST) condenou a Mateus Supermercados S.A., de S\u00e3o Lu\u00eds (MA), a pagar R$ 100 mil de indeniza\u00e7\u00e3o por danos morais coletivos pela exig\u00eancia de antecedentes criminais para sele\u00e7\u00e3o [&hellip;]<\/p>\n","protected":false},"author":0,"featured_media":0,"comment_status":"open","ping_status":"","sticky":false,"template":"","format":"standard","meta":{"footnotes":""},"categories":[5],"tags":[],"class_list":["post-12480","post","type-post","status-publish","format-standard","hentry","category-noticias-educacao-financeira"],"blocksy_meta":{"styles_descriptor":{"styles":{"desktop":"","tablet":"","mobile":""},"google_fonts":[],"version":6}},"yoast_head":"<!-- This site is optimized with the Yoast SEO plugin v27.4 - https:\/\/yoast.com\/product\/yoast-seo-wordpress\/ -->\n<title>Exig\u00eancia gen\u00e9rica de certid\u00e3o de antecedentes criminais por supermercado \u00e9 considerada il\u00edcita - Contabilidade Caxias<\/title>\n<meta name=\"robots\" content=\"index, follow, max-snippet:-1, max-image-preview:large, max-video-preview:-1\" \/>\n<link rel=\"canonical\" href=\"https:\/\/contabilidadecaxias.com.br\/index.php\/2022\/07\/27\/exigencia-generica-de-certidao-de-antecedentes-criminais-por-supermercado-e-considerada-ilicita\/\" \/>\n<meta property=\"og:locale\" content=\"pt_BR\" \/>\n<meta property=\"og:type\" content=\"article\" \/>\n<meta property=\"og:title\" content=\"Exig\u00eancia gen\u00e9rica de certid\u00e3o de antecedentes criminais por supermercado \u00e9 considerada il\u00edcita - Contabilidade Caxias\" \/>\n<meta property=\"og:description\" content=\"\u00a0 \u00a0\u00a0\u00a0\u00a0\u00a0\u00a0\u00a0\u00a0 \u00a0\u00a0\u00a0\u00a0\u00a0\u00a0\u00a0\u00a0 \u00a0\u00a0\u00a0\u00a0\u00a0\u00a0 Baixe o \u00e1udio Reproduzir o \u00e1udio\u00a0\u00a0Pausar o \u00e1udio\u00a0\u00a0Aumentar o volume\u00a0\u00a0Diminuir o volume \u00a0 27\/07\/22 &#8211; A Oitava Turma do Tribunal Superior do Trabalho (TST) condenou a Mateus Supermercados S.A., de S\u00e3o Lu\u00eds (MA), a pagar R$ 100 mil de indeniza\u00e7\u00e3o por danos morais coletivos pela exig\u00eancia de antecedentes criminais para sele\u00e7\u00e3o [&hellip;]\" \/>\n<meta property=\"og:url\" content=\"https:\/\/contabilidadecaxias.com.br\/index.php\/2022\/07\/27\/exigencia-generica-de-certidao-de-antecedentes-criminais-por-supermercado-e-considerada-ilicita\/\" \/>\n<meta property=\"og:site_name\" content=\"Contabilidade Caxias\" \/>\n<meta property=\"article:published_time\" content=\"2022-07-27T20:09:16+00:00\" \/>\n<meta name=\"twitter:card\" content=\"summary_large_image\" \/>\n<meta name=\"twitter:label1\" content=\"Est. tempo de leitura\" \/>\n\t<meta name=\"twitter:data1\" content=\"1 minuto\" \/>\n<script type=\"application\/ld+json\" class=\"yoast-schema-graph\">{\"@context\":\"https:\\\/\\\/schema.org\",\"@graph\":[{\"@type\":\"Article\",\"@id\":\"https:\\\/\\\/contabilidadecaxias.com.br\\\/index.php\\\/2022\\\/07\\\/27\\\/exigencia-generica-de-certidao-de-antecedentes-criminais-por-supermercado-e-considerada-ilicita\\\/#article\",\"isPartOf\":{\"@id\":\"https:\\\/\\\/contabilidadecaxias.com.br\\\/index.php\\\/2022\\\/07\\\/27\\\/exigencia-generica-de-certidao-de-antecedentes-criminais-por-supermercado-e-considerada-ilicita\\\/\"},\"author\":{\"name\":\"\",\"@id\":\"\"},\"headline\":\"Exig\u00eancia gen\u00e9rica de certid\u00e3o de antecedentes criminais por supermercado \u00e9 considerada il\u00edcita\",\"datePublished\":\"2022-07-27T20:09:16+00:00\",\"mainEntityOfPage\":{\"@id\":\"https:\\\/\\\/contabilidadecaxias.com.br\\\/index.php\\\/2022\\\/07\\\/27\\\/exigencia-generica-de-certidao-de-antecedentes-criminais-por-supermercado-e-considerada-ilicita\\\/\"},\"wordCount\":117,\"commentCount\":0,\"articleSection\":[\"Educa\u00e7\u00e3o Financeira\"],\"inLanguage\":\"pt-BR\",\"potentialAction\":[{\"@type\":\"CommentAction\",\"name\":\"Comment\",\"target\":[\"https:\\\/\\\/contabilidadecaxias.com.br\\\/index.php\\\/2022\\\/07\\\/27\\\/exigencia-generica-de-certidao-de-antecedentes-criminais-por-supermercado-e-considerada-ilicita\\\/#respond\"]}]},{\"@type\":\"WebPage\",\"@id\":\"https:\\\/\\\/contabilidadecaxias.com.br\\\/index.php\\\/2022\\\/07\\\/27\\\/exigencia-generica-de-certidao-de-antecedentes-criminais-por-supermercado-e-considerada-ilicita\\\/\",\"url\":\"https:\\\/\\\/contabilidadecaxias.com.br\\\/index.php\\\/2022\\\/07\\\/27\\\/exigencia-generica-de-certidao-de-antecedentes-criminais-por-supermercado-e-considerada-ilicita\\\/\",\"name\":\"Exig\u00eancia gen\u00e9rica de certid\u00e3o de antecedentes criminais por supermercado \u00e9 considerada il\u00edcita - Contabilidade Caxias\",\"isPartOf\":{\"@id\":\"https:\\\/\\\/contabilidadecaxias.com.br\\\/#website\"},\"datePublished\":\"2022-07-27T20:09:16+00:00\",\"author\":{\"@id\":\"\"},\"breadcrumb\":{\"@id\":\"https:\\\/\\\/contabilidadecaxias.com.br\\\/index.php\\\/2022\\\/07\\\/27\\\/exigencia-generica-de-certidao-de-antecedentes-criminais-por-supermercado-e-considerada-ilicita\\\/#breadcrumb\"},\"inLanguage\":\"pt-BR\",\"potentialAction\":[{\"@type\":\"ReadAction\",\"target\":[\"https:\\\/\\\/contabilidadecaxias.com.br\\\/index.php\\\/2022\\\/07\\\/27\\\/exigencia-generica-de-certidao-de-antecedentes-criminais-por-supermercado-e-considerada-ilicita\\\/\"]}]},{\"@type\":\"BreadcrumbList\",\"@id\":\"https:\\\/\\\/contabilidadecaxias.com.br\\\/index.php\\\/2022\\\/07\\\/27\\\/exigencia-generica-de-certidao-de-antecedentes-criminais-por-supermercado-e-considerada-ilicita\\\/#breadcrumb\",\"itemListElement\":[{\"@type\":\"ListItem\",\"position\":1,\"name\":\"In\u00edcio\",\"item\":\"https:\\\/\\\/contabilidadecaxias.com.br\\\/\"},{\"@type\":\"ListItem\",\"position\":2,\"name\":\"Exig\u00eancia gen\u00e9rica de certid\u00e3o de antecedentes criminais por supermercado \u00e9 considerada il\u00edcita\"}]},{\"@type\":\"WebSite\",\"@id\":\"https:\\\/\\\/contabilidadecaxias.com.br\\\/#website\",\"url\":\"https:\\\/\\\/contabilidadecaxias.com.br\\\/\",\"name\":\"Contabilidade Caxias\",\"description\":\"Site especializado em Contabilidade para Caxias.\",\"potentialAction\":[{\"@type\":\"SearchAction\",\"target\":{\"@type\":\"EntryPoint\",\"urlTemplate\":\"https:\\\/\\\/contabilidadecaxias.com.br\\\/?s={search_term_string}\"},\"query-input\":{\"@type\":\"PropertyValueSpecification\",\"valueRequired\":true,\"valueName\":\"search_term_string\"}}],\"inLanguage\":\"pt-BR\"}]}<\/script>\n<!-- \/ Yoast SEO plugin. -->","yoast_head_json":{"title":"Exig\u00eancia gen\u00e9rica de certid\u00e3o de antecedentes criminais por supermercado \u00e9 considerada il\u00edcita - Contabilidade Caxias","robots":{"index":"index","follow":"follow","max-snippet":"max-snippet:-1","max-image-preview":"max-image-preview:large","max-video-preview":"max-video-preview:-1"},"canonical":"https:\/\/contabilidadecaxias.com.br\/index.php\/2022\/07\/27\/exigencia-generica-de-certidao-de-antecedentes-criminais-por-supermercado-e-considerada-ilicita\/","og_locale":"pt_BR","og_type":"article","og_title":"Exig\u00eancia gen\u00e9rica de certid\u00e3o de antecedentes criminais por supermercado \u00e9 considerada il\u00edcita - Contabilidade Caxias","og_description":"\u00a0 \u00a0\u00a0\u00a0\u00a0\u00a0\u00a0\u00a0\u00a0 \u00a0\u00a0\u00a0\u00a0\u00a0\u00a0\u00a0\u00a0 \u00a0\u00a0\u00a0\u00a0\u00a0\u00a0 Baixe o \u00e1udio Reproduzir o \u00e1udio\u00a0\u00a0Pausar o \u00e1udio\u00a0\u00a0Aumentar o volume\u00a0\u00a0Diminuir o volume \u00a0 27\/07\/22 &#8211; A Oitava Turma do Tribunal Superior do Trabalho (TST) condenou a Mateus Supermercados S.A., de S\u00e3o Lu\u00eds (MA), a pagar R$ 100 mil de indeniza\u00e7\u00e3o por danos morais coletivos pela exig\u00eancia de antecedentes criminais para sele\u00e7\u00e3o [&hellip;]","og_url":"https:\/\/contabilidadecaxias.com.br\/index.php\/2022\/07\/27\/exigencia-generica-de-certidao-de-antecedentes-criminais-por-supermercado-e-considerada-ilicita\/","og_site_name":"Contabilidade Caxias","article_published_time":"2022-07-27T20:09:16+00:00","twitter_card":"summary_large_image","twitter_misc":{"Est. tempo de leitura":"1 minuto"},"schema":{"@context":"https:\/\/schema.org","@graph":[{"@type":"Article","@id":"https:\/\/contabilidadecaxias.com.br\/index.php\/2022\/07\/27\/exigencia-generica-de-certidao-de-antecedentes-criminais-por-supermercado-e-considerada-ilicita\/#article","isPartOf":{"@id":"https:\/\/contabilidadecaxias.com.br\/index.php\/2022\/07\/27\/exigencia-generica-de-certidao-de-antecedentes-criminais-por-supermercado-e-considerada-ilicita\/"},"author":{"name":"","@id":""},"headline":"Exig\u00eancia gen\u00e9rica de certid\u00e3o de antecedentes criminais por supermercado \u00e9 considerada il\u00edcita","datePublished":"2022-07-27T20:09:16+00:00","mainEntityOfPage":{"@id":"https:\/\/contabilidadecaxias.com.br\/index.php\/2022\/07\/27\/exigencia-generica-de-certidao-de-antecedentes-criminais-por-supermercado-e-considerada-ilicita\/"},"wordCount":117,"commentCount":0,"articleSection":["Educa\u00e7\u00e3o Financeira"],"inLanguage":"pt-BR","potentialAction":[{"@type":"CommentAction","name":"Comment","target":["https:\/\/contabilidadecaxias.com.br\/index.php\/2022\/07\/27\/exigencia-generica-de-certidao-de-antecedentes-criminais-por-supermercado-e-considerada-ilicita\/#respond"]}]},{"@type":"WebPage","@id":"https:\/\/contabilidadecaxias.com.br\/index.php\/2022\/07\/27\/exigencia-generica-de-certidao-de-antecedentes-criminais-por-supermercado-e-considerada-ilicita\/","url":"https:\/\/contabilidadecaxias.com.br\/index.php\/2022\/07\/27\/exigencia-generica-de-certidao-de-antecedentes-criminais-por-supermercado-e-considerada-ilicita\/","name":"Exig\u00eancia gen\u00e9rica de certid\u00e3o de antecedentes criminais por supermercado \u00e9 considerada il\u00edcita - Contabilidade Caxias","isPartOf":{"@id":"https:\/\/contabilidadecaxias.com.br\/#website"},"datePublished":"2022-07-27T20:09:16+00:00","author":{"@id":""},"breadcrumb":{"@id":"https:\/\/contabilidadecaxias.com.br\/index.php\/2022\/07\/27\/exigencia-generica-de-certidao-de-antecedentes-criminais-por-supermercado-e-considerada-ilicita\/#breadcrumb"},"inLanguage":"pt-BR","potentialAction":[{"@type":"ReadAction","target":["https:\/\/contabilidadecaxias.com.br\/index.php\/2022\/07\/27\/exigencia-generica-de-certidao-de-antecedentes-criminais-por-supermercado-e-considerada-ilicita\/"]}]},{"@type":"BreadcrumbList","@id":"https:\/\/contabilidadecaxias.com.br\/index.php\/2022\/07\/27\/exigencia-generica-de-certidao-de-antecedentes-criminais-por-supermercado-e-considerada-ilicita\/#breadcrumb","itemListElement":[{"@type":"ListItem","position":1,"name":"In\u00edcio","item":"https:\/\/contabilidadecaxias.com.br\/"},{"@type":"ListItem","position":2,"name":"Exig\u00eancia gen\u00e9rica de certid\u00e3o de antecedentes criminais por supermercado \u00e9 considerada il\u00edcita"}]},{"@type":"WebSite","@id":"https:\/\/contabilidadecaxias.com.br\/#website","url":"https:\/\/contabilidadecaxias.com.br\/","name":"Contabilidade Caxias","description":"Site especializado em Contabilidade para Caxias.","potentialAction":[{"@type":"SearchAction","target":{"@type":"EntryPoint","urlTemplate":"https:\/\/contabilidadecaxias.com.br\/?s={search_term_string}"},"query-input":{"@type":"PropertyValueSpecification","valueRequired":true,"valueName":"search_term_string"}}],"inLanguage":"pt-BR"}]}},"_links":{"self":[{"href":"https:\/\/contabilidadecaxias.com.br\/index.php\/wp-json\/wp\/v2\/posts\/12480","targetHints":{"allow":["GET"]}}],"collection":[{"href":"https:\/\/contabilidadecaxias.com.br\/index.php\/wp-json\/wp\/v2\/posts"}],"about":[{"href":"https:\/\/contabilidadecaxias.com.br\/index.php\/wp-json\/wp\/v2\/types\/post"}],"replies":[{"embeddable":true,"href":"https:\/\/contabilidadecaxias.com.br\/index.php\/wp-json\/wp\/v2\/comments?post=12480"}],"version-history":[{"count":0,"href":"https:\/\/contabilidadecaxias.com.br\/index.php\/wp-json\/wp\/v2\/posts\/12480\/revisions"}],"wp:attachment":[{"href":"https:\/\/contabilidadecaxias.com.br\/index.php\/wp-json\/wp\/v2\/media?parent=12480"}],"wp:term":[{"taxonomy":"category","embeddable":true,"href":"https:\/\/contabilidadecaxias.com.br\/index.php\/wp-json\/wp\/v2\/categories?post=12480"},{"taxonomy":"post_tag","embeddable":true,"href":"https:\/\/contabilidadecaxias.com.br\/index.php\/wp-json\/wp\/v2\/tags?post=12480"}],"curies":[{"name":"wp","href":"https:\/\/api.w.org\/{rel}","templated":true}]}}