{"id":12421,"date":"2022-07-26T20:06:09","date_gmt":"2022-07-26T23:06:09","guid":{"rendered":"https:\/\/contabilidadecaxias.com.br\/index.php\/2022\/07\/26\/presidente-do-tst-faz-visita-inedita-a-caritas-em-reconhecimento-a-atuacao-contra-trabalho-escravo\/"},"modified":"2022-07-26T20:06:09","modified_gmt":"2022-07-26T23:06:09","slug":"presidente-do-tst-faz-visita-inedita-a-caritas-em-reconhecimento-a-atuacao-contra-trabalho-escravo","status":"publish","type":"post","link":"https:\/\/contabilidadecaxias.com.br\/index.php\/2022\/07\/26\/presidente-do-tst-faz-visita-inedita-a-caritas-em-reconhecimento-a-atuacao-contra-trabalho-escravo\/","title":{"rendered":"Presidente do TST faz visita in\u00e9dita a Caritas em reconhecimento \u00e0 atua\u00e7\u00e3o contra trabalho escravo"},"content":{"rendered":"<div class=\"noticia-wrapper\">\n<p><em><\/p>\n<p>A agenda in\u00e9dita teve o objetivo de conhecer projeto que atua no combate e preven\u00e7\u00e3o ao trabalho an\u00e1logo \u00e0 escravid\u00e3o.<\/p>\n<p><\/em><\/p>\n<div class=\"social-media-share mobile\">\n        <a class=\"share-facebook\" href=\"https:\/\/www.facebook.com\/sharer.php?u=https:\/\/www.tst.jus.br\/-\/presidente-do-tst-faz-visita-in%C3%A9dita-a-caritas-em-reconhecimento-%C3%A0-atua%C3%A7%C3%A3o-contra-trabalho-escravo\" target=\"_blank\" rel=\"noopener\"><\/a><br \/>\n        <a class=\"share-twitter\" href=\"https:\/\/twitter.com\/intent\/tweet?text=Presidente%20do%20TST%20faz%20visita%20in%C3%A9dita%20a%20Caritas%20em%20reconhecimento%20%C3%A0%20atua%C3%A7%C3%A3o%20contra%20trabalho%20escravo%0AVeja%20mais%20em:&amp;url=https:\/\/www.tst.jus.br\/-\/presidente-do-tst-faz-visita-in%C3%A9dita-a-caritas-em-reconhecimento-%C3%A0-atua%C3%A7%C3%A3o-contra-trabalho-escravo\" target=\"_blank\" rel=\"noopener\"><\/a><br \/>\n        <a class=\"share-linkedin\" href=\"https:\/\/www.linkedin.com\/shareArticle?mini=true&amp;url=https:\/\/www.tst.jus.br\/-\/presidente-do-tst-faz-visita-in%C3%A9dita-a-caritas-em-reconhecimento-%C3%A0-atua%C3%A7%C3%A3o-contra-trabalho-escravo&amp;title=Presidente%20do%20TST%20faz%20visita%20in%C3%A9dita%20a%20Caritas%20em%20reconhecimento%20%C3%A0%20atua%C3%A7%C3%A3o%20contra%20trabalho%20escravo\" target=\"_blank\" rel=\"noopener\"><\/a><br \/>\n        <a class=\"share-whatsapp\" href=\"https:\/\/web.whatsapp.com\/send?text=https:\/\/www.tst.jus.br\/-\/presidente-do-tst-faz-visita-in%C3%A9dita-a-caritas-em-reconhecimento-%C3%A0-atua%C3%A7%C3%A3o-contra-trabalho-escravo\" target=\"_blank\" rel=\"noopener\"><\/a><br \/>\n        <a class=\"share-googleplus\" href=\"https:\/\/plus.google.com\/share?url=https:\/\/www.tst.jus.br\/-\/presidente-do-tst-faz-visita-in%C3%A9dita-a-caritas-em-reconhecimento-%C3%A0-atua%C3%A7%C3%A3o-contra-trabalho-escravo\" target=\"_blank\" rel=\"noopener\"><\/a>\n    <\/div>\n<div class=\"news-body\">\n<div class=\"imagem-da-noticia\">\n<p>Presidente do TST, ministro Emmanoel Pereira, durante evento na Caritas, no Rio de Janeiro<\/p>\n<div class=\"social-media-share\">\n                    <a class=\"share-facebook\" href=\"https:\/\/www.facebook.com\/sharer.php?u=https:\/\/www.tst.jus.br\/-\/presidente-do-tst-faz-visita-in%C3%A9dita-a-caritas-em-reconhecimento-%C3%A0-atua%C3%A7%C3%A3o-contra-trabalho-escravo\" target=\"_blank\" rel=\"noopener\"><\/a><br \/>\n                    <a class=\"share-twitter\" href=\"https:\/\/twitter.com\/intent\/tweet?text=Presidente%20do%20TST%20faz%20visita%20in%C3%A9dita%20a%20Caritas%20em%20reconhecimento%20%C3%A0%20atua%C3%A7%C3%A3o%20contra%20trabalho%20escravo%0AVeja%20mais%20em:&amp;url=https:\/\/www.tst.jus.br\/-\/presidente-do-tst-faz-visita-in%C3%A9dita-a-caritas-em-reconhecimento-%C3%A0-atua%C3%A7%C3%A3o-contra-trabalho-escravo\" target=\"_blank\" rel=\"noopener\"><\/a><br \/>\n                    <a class=\"share-linkedin\" href=\"https:\/\/www.linkedin.com\/shareArticle?mini=true&amp;url=https:\/\/www.tst.jus.br\/-\/presidente-do-tst-faz-visita-in%C3%A9dita-a-caritas-em-reconhecimento-%C3%A0-atua%C3%A7%C3%A3o-contra-trabalho-escravo&amp;title=Presidente%20do%20TST%20faz%20visita%20in%C3%A9dita%20a%20Caritas%20em%20reconhecimento%20%C3%A0%20atua%C3%A7%C3%A3o%20contra%20trabalho%20escravo\" target=\"_blank\" rel=\"noopener\"><\/a><br \/>\n                    <a class=\"share-whatsapp\" href=\"https:\/\/web.whatsapp.com\/send?text=https:\/\/www.tst.jus.br\/-\/presidente-do-tst-faz-visita-in%C3%A9dita-a-caritas-em-reconhecimento-%C3%A0-atua%C3%A7%C3%A3o-contra-trabalho-escravo\" target=\"_blank\" rel=\"noopener\"><\/a><br \/>\n                    <a class=\"share-googleplus\" href=\"https:\/\/plus.google.com\/share?url=https:\/\/www.tst.jus.br\/-\/presidente-do-tst-faz-visita-in%C3%A9dita-a-caritas-em-reconhecimento-%C3%A0-atua%C3%A7%C3%A3o-contra-trabalho-escravo\" target=\"_blank\" rel=\"noopener\"><\/a>\n                <\/div>\n<\/p><\/div>\n<div class=\"materia\">\n<p>26\/07\/22 &#8211; O presidente do Tribunal Superior do Trabalho (TST) e do Conselho Superior da Justi\u00e7a do Trabalho (CSJT), ministro Emmanoel Pereira, fez visita institucional, nesta ter\u00e7a-feira (26), \u00e0 C\u00e1ritas Arquidiocesana do Rio de Janeiro. A agenda in\u00e9dita teve o objetivo de conhecer projeto que atua no combate e preven\u00e7\u00e3o ao trabalho an\u00e1logo \u00e0 escravid\u00e3o. Apenas nos \u00faltimos cinco anos, a Justi\u00e7a do Trabalho julgou 10 mil processos sobre o tema e observa demanda crescente referente ao assunto nos \u00faltimos anos.<\/p>\n<p>O \u201cProjeto A\u00e7\u00e3o Integrada: Resgatando a Cidadania\u201d \u00e9 desenvolvido pelo Minist\u00e9rio P\u00fablico do Trabalho (MPT) e mantido por meio de recursos de condena\u00e7\u00f5es trabalhistas por danos morais coletivos e de multas por descumprimento da legisla\u00e7\u00e3o trabalhista. A execu\u00e7\u00e3o \u00e9 realizada em parceria com a C\u00e1ritas-RJ, atrav\u00e9s do Programa de Atendimento a Resgatados do Trabalho Escravo (Parte).<\/p>\n<p>Al\u00e9m de conhecer o projeto, o ministro Emmanoel Pereira foi recebido pelo arcebispo do Rio de Janeiro, Dom Orani Tempesta, a quem entregou a medalha dos 80 anos da Justi\u00e7a do Trabalho, destinada \u00e0 pessoas ou entidades que colaboram com a Justi\u00e7a Social no pa\u00eds.<\/p>\n<p>\u201cO trabalho an\u00e1logo \u00e0 escravid\u00e3o \u00e9 uma chaga que insiste em se fazer presente em nossa sociedade. \u00c9 uma situa\u00e7\u00e3o que afronta a Constitui\u00e7\u00e3o Federal e a dignidade do trabalhador, este um valor inegoci\u00e1vel da condi\u00e7\u00e3o humana. Por isso, o Tribunal da Justi\u00e7a Social veio at\u00e9 a C\u00e1ritas, junto com o Minist\u00e9rio P\u00fablico do Trabalho, para reconhecer um trabalho que \u00e9 fundamental para a sociedade. Temos que amplificar o tema, torna-lo conhecido, para que mais pessoas sigam o exemplo e se engajem nessa luta\u201d, destacou o presidente do TST.<\/p>\n<p>Durante a visita, o ministro Emmanoel Pereira concedeu a medalha dos 80 anos da Justi\u00e7a do Trabalho \u00e0 coordenadora de projetos da C\u00e1ritas-RJ, Aline Thuller, que agradeceu a distin\u00e7\u00e3o e falou da import\u00e2ncia de manter a discuss\u00e3o sobre o assunto. \u201cAinda se fala muito pouco sobre a quest\u00e3o, infelizmente. Muitas vezes as pessoas que est\u00e3o em situa\u00e7\u00e3o an\u00e1loga \u00e0 escravid\u00e3o n\u00e3o se reconhecem como tal. Queremos conscientizar para que outras pessoas n\u00e3o acabem nessa situa\u00e7\u00e3o\u201d, disse. O projeto oferece apoio a pessoas resgatadas, qualifica\u00e7\u00e3o, ajuda com a entrega de cestas b\u00e1sicas a popula\u00e7\u00f5es vulner\u00e1veis e um setor encarregado de difundir informa\u00e7\u00f5es sobre o tema.<\/p>\n<p>As procuradoras do MPT-RJ Juliane Mombelli e Guadalupe Couto, idealizadoras do projeto, tamb\u00e9m receberam o reconhecimento. Em 2014, a institui\u00e7\u00e3o buscou a parceria da Caritas-RJ para desenvolver a iniciativa, a partir dos repasses de acordos e penas pecuni\u00e1rias pagas referentes a esse tipo de crime.<\/p>\n<p>\u201cSempre que \u00edamos a um local com trabalho an\u00e1logo \u00e0 escravid\u00e3o, t\u00ednhamos um misto de satisfa\u00e7\u00e3o, por tirar a pessoa daquela situa\u00e7\u00e3o, mas de d\u00favida, sobre como seria a vida daquela pessoa depois do resgate. N\u00e3o \u00e9 anormal a reincid\u00eancia, pela vulnerabilidade. E assim nasceu o projeto. E sempre tivemos a Justi\u00e7a do Trabalho como parceira\u201d, relatou a procuradora Juliane Mombelli.<\/p>\n<p>Presente \u00e0 cerim\u00f4nia, o procurador-geral do Trabalho, Jos\u00e9 de Lima Ramos Pereira, citou a uni\u00e3o de esfor\u00e7os de todos os atores envolvidos na cria\u00e7\u00e3o das leis, na fiscaliza\u00e7\u00e3o, no julgamento e na execu\u00e7\u00e3o das penas para o combate aos casos. \u201cTodos t\u00eam sua responsabilidade. O Congresso Nacional em fazer leis mais duras, a Justi\u00e7a do Trabalho e a Justi\u00e7a em geral, a pol\u00edcia, o Minist\u00e9rio P\u00fablico do Trabalho, todos. \u00c9 um crime e precisa ser combatido em todas as esferas.<\/p>\n<p>O ministro do TST Alberto Balazeiro tamb\u00e9m compareceu \u00e0 cerim\u00f4nia, assim como a vice-presidente do Tribunal Regional do Trabalho da 1\u00aa Regi\u00e3o (RJ), Mery Bucker Caminha, que recebeu a medalha dos 80 anos da Justi\u00e7a do Trabalho, e o vice-procurador-chefe do MPT-RJ, Fabio Goulart Villela.<\/p>\n<p><strong>N\u00fameros do projeto<\/strong><\/p>\n<p>639 pessoas atendidas entre resgatados do trabalho escravo contempor\u00e2neo e vulner\u00e1veis ao risco de se tornarem escravos contempor\u00e2neos (2016-2022);<\/p>\n<p>262 pessoas participaram de qualifica\u00e7\u00e3o profissional, de idiomas e oficinas, entre resgatados e vulner\u00e1veis (2015-2022);<\/p>\n<p>130 costureiras vulner\u00e1veis ligadas ao projeto produziram mais de 31 mil m\u00e1scaras durante a pandemia distribuidas a 40 entidades;<\/p>\n<p>8,3 mil cestas b\u00e1sicas doadas na pandemia para pessoas vulner\u00e1veis;<\/p>\n<p>1.625 pessoas j\u00e1 participaram de capacita\u00e7\u00f5es sobre tr\u00e1fico de pessoas e trabalho escravo contempor\u00e2neo (2016-2022);<\/p>\n<p>R$ 830 mil em despesas anuais estimadas, custeadas com recursos provenientes dos resultados das a\u00e7\u00f5es civis p\u00fablicas e dos termos de ajustamento de conduta realizados pelo MPT.<\/p>\n<p><strong>Mais de 57 mil trabalhadores resgatados desde 1995<\/strong><\/p>\n<p>Em 1995, o Brasil reconheceu diante da Organiza\u00e7\u00e3o das Na\u00e7\u00f5es Unidas (ONU) a persist\u00eancia do trabalho escravo em seu territ\u00f3rio. Desde ent\u00e3o, at\u00e9 junho de 2022, mais de 57 mil pessoas foram resgatadas nessa situa\u00e7\u00e3o. Al\u00e9m disso, no ano passado, o Minist\u00e9rio P\u00fablico do Trabalho (MPT) recebeu 1.415 den\u00fancias de trabalho escravo, aliciamento e tr\u00e1fico de trabalhadores, n\u00famero 70% maior que em 2020.<\/p>\n<p>Nos \u00faltimos cinco anos, o MPT recebeu 5.538 den\u00fancias relacionadas a trabalho escravo e, nesse mesmo per\u00edodo, foram firmados 1.164 termos de ajuste de conduta (TACs), ajuizadas 459 a\u00e7\u00f5es civis p\u00fablicas e instaurados 2.810 inqu\u00e9ritos civis sobre o tema.<\/p>\n<p>Com rela\u00e7\u00e3o \u00e0s opera\u00e7\u00f5es de resgate, 1.937 trabalhadoras e trabalhadores foram retirados da situa\u00e7\u00e3o de escravid\u00e3o contempor\u00e2nea em 2021. Os dados s\u00e3o da Subsecretaria de Inspe\u00e7\u00e3o do Trabalho (SIT) do Minist\u00e9rio do Trabalho e Previd\u00eancia. O Minist\u00e9rio P\u00fablico do Trabalho (MPT) esteve presente no resgate de 1.671 pessoas. As opera\u00e7\u00f5es foram realizadas em conjunto com outros \u00f3rg\u00e3os p\u00fablicos, entre eles Auditoria Fiscal do Trabalho, vinculada ao Minist\u00e9rio do Trabalho e Previd\u00eancia, Minist\u00e9rio P\u00fablico Federal, Defensoria P\u00fablica da Uni\u00e3o, Pol\u00edcia Federal e Pol\u00edcia Rodovi\u00e1ria Federal.<\/p>\n<p><strong>Como a Justi\u00e7a do Trabalho tem atuado<\/strong><\/p>\n<p>Nos \u00faltimos anos, a Justi\u00e7a do Trabalho vem melhorando seus indicadores no que diz respeito \u00e0 celeridade no julgamento de processos. A Justi\u00e7a do Trabalho \u00e9 respons\u00e1vel pelo processamento de diversas a\u00e7\u00f5es que versam sobre o trabalho em condi\u00e7\u00f5es an\u00e1logas \u00e0 de escravo, especialmente em lides coletivas propostas pelo Minist\u00e9rio P\u00fablico do Trabalho (MPT), com o intuito de responsabilizar e punir os agentes agressores.<\/p>\n<p>Desde 2017, at\u00e9 junho deste ano, todas as inst\u00e2ncias trabalhistas julgaram 10.482 processos envolvendo o reconhecimento da rela\u00e7\u00e3o de emprego de trabalhadores em condi\u00e7\u00f5es an\u00e1logas \u00e0 escravid\u00e3o. Nesses mais de cinco anos de dados, observa-se um crescimento do n\u00famero de processos julgados com esse tema. De 2020 para 2021, o aumento foi de 41%.<\/p>\n<p>J\u00e1 o n\u00famero de processos pendentes de julgamento em toda a Justi\u00e7a do Trabalho est\u00e1 em 7.039. Um estudo do Departamento de Pesquisas Judici\u00e1rias (DPJ), do Conselho Nacional de Justi\u00e7a (CNJ), revelou, em 2017, que o tempo m\u00e9dio de tramita\u00e7\u00e3o de processos relacionados ao trabalho escravo \u00e9 de 3,6 anos em todo o Poder Judici\u00e1rio. O colegiado reuniu dados de 17 tribunais entre estaduais, federais e do trabalho.\u00a0<\/p>\n<p>(Mateus Ferraz \/ Secom)<\/p>\n<\/div><\/div>\n<\/div>\n","protected":false},"excerpt":{"rendered":"<p>A agenda in\u00e9dita teve o objetivo de conhecer projeto que atua no combate e preven\u00e7\u00e3o ao trabalho an\u00e1logo \u00e0 escravid\u00e3o. Presidente do TST, ministro Emmanoel Pereira, durante evento na Caritas, no Rio de Janeiro 26\/07\/22 &#8211; O presidente do Tribunal Superior do Trabalho (TST) e do Conselho Superior da Justi\u00e7a do Trabalho (CSJT), ministro Emmanoel [&hellip;]<\/p>\n","protected":false},"author":0,"featured_media":12422,"comment_status":"open","ping_status":"","sticky":false,"template":"","format":"standard","meta":{"footnotes":""},"categories":[5],"tags":[],"class_list":["post-12421","post","type-post","status-publish","format-standard","has-post-thumbnail","hentry","category-noticias-educacao-financeira"],"blocksy_meta":{"styles_descriptor":{"styles":{"desktop":"","tablet":"","mobile":""},"google_fonts":[],"version":6}},"yoast_head":"<!-- This site is optimized with the Yoast SEO plugin v27.4 - https:\/\/yoast.com\/product\/yoast-seo-wordpress\/ -->\n<title>Presidente do TST faz visita in\u00e9dita a Caritas em reconhecimento \u00e0 atua\u00e7\u00e3o contra trabalho escravo - Contabilidade Caxias<\/title>\n<meta name=\"robots\" content=\"index, follow, max-snippet:-1, max-image-preview:large, max-video-preview:-1\" \/>\n<link rel=\"canonical\" href=\"https:\/\/contabilidadecaxias.com.br\/index.php\/2022\/07\/26\/presidente-do-tst-faz-visita-inedita-a-caritas-em-reconhecimento-a-atuacao-contra-trabalho-escravo\/\" \/>\n<meta property=\"og:locale\" content=\"pt_BR\" \/>\n<meta property=\"og:type\" content=\"article\" \/>\n<meta property=\"og:title\" content=\"Presidente do TST faz visita in\u00e9dita a Caritas em reconhecimento \u00e0 atua\u00e7\u00e3o contra trabalho escravo - Contabilidade Caxias\" \/>\n<meta property=\"og:description\" content=\"A agenda in\u00e9dita teve o objetivo de conhecer projeto que atua no combate e preven\u00e7\u00e3o ao trabalho an\u00e1logo \u00e0 escravid\u00e3o. Presidente do TST, ministro Emmanoel Pereira, durante evento na Caritas, no Rio de Janeiro 26\/07\/22 &#8211; O presidente do Tribunal Superior do Trabalho (TST) e do Conselho Superior da Justi\u00e7a do Trabalho (CSJT), ministro Emmanoel [&hellip;]\" \/>\n<meta property=\"og:url\" content=\"https:\/\/contabilidadecaxias.com.br\/index.php\/2022\/07\/26\/presidente-do-tst-faz-visita-inedita-a-caritas-em-reconhecimento-a-atuacao-contra-trabalho-escravo\/\" \/>\n<meta property=\"og:site_name\" content=\"Contabilidade Caxias\" \/>\n<meta property=\"article:published_time\" content=\"2022-07-26T23:06:09+00:00\" \/>\n<meta name=\"twitter:card\" content=\"summary_large_image\" \/>\n<meta name=\"twitter:label1\" content=\"Est. tempo de leitura\" \/>\n\t<meta name=\"twitter:data1\" content=\"6 minutos\" \/>\n<script type=\"application\/ld+json\" class=\"yoast-schema-graph\">{\"@context\":\"https:\\\/\\\/schema.org\",\"@graph\":[{\"@type\":\"Article\",\"@id\":\"https:\\\/\\\/contabilidadecaxias.com.br\\\/index.php\\\/2022\\\/07\\\/26\\\/presidente-do-tst-faz-visita-inedita-a-caritas-em-reconhecimento-a-atuacao-contra-trabalho-escravo\\\/#article\",\"isPartOf\":{\"@id\":\"https:\\\/\\\/contabilidadecaxias.com.br\\\/index.php\\\/2022\\\/07\\\/26\\\/presidente-do-tst-faz-visita-inedita-a-caritas-em-reconhecimento-a-atuacao-contra-trabalho-escravo\\\/\"},\"author\":{\"name\":\"\",\"@id\":\"\"},\"headline\":\"Presidente do TST faz visita in\u00e9dita a Caritas em reconhecimento \u00e0 atua\u00e7\u00e3o contra trabalho escravo\",\"datePublished\":\"2022-07-26T23:06:09+00:00\",\"mainEntityOfPage\":{\"@id\":\"https:\\\/\\\/contabilidadecaxias.com.br\\\/index.php\\\/2022\\\/07\\\/26\\\/presidente-do-tst-faz-visita-inedita-a-caritas-em-reconhecimento-a-atuacao-contra-trabalho-escravo\\\/\"},\"wordCount\":1249,\"commentCount\":0,\"image\":{\"@id\":\"https:\\\/\\\/contabilidadecaxias.com.br\\\/index.php\\\/2022\\\/07\\\/26\\\/presidente-do-tst-faz-visita-inedita-a-caritas-em-reconhecimento-a-atuacao-contra-trabalho-escravo\\\/#primaryimage\"},\"thumbnailUrl\":\"https:\\\/\\\/contabilidadecaxias.com.br\\\/wp-content\\\/uploads\\\/2022\\\/07\\\/whatsapp-image-2022-07-26-at-19.14.50.jpeg\",\"articleSection\":[\"Educa\u00e7\u00e3o Financeira\"],\"inLanguage\":\"pt-BR\",\"potentialAction\":[{\"@type\":\"CommentAction\",\"name\":\"Comment\",\"target\":[\"https:\\\/\\\/contabilidadecaxias.com.br\\\/index.php\\\/2022\\\/07\\\/26\\\/presidente-do-tst-faz-visita-inedita-a-caritas-em-reconhecimento-a-atuacao-contra-trabalho-escravo\\\/#respond\"]}]},{\"@type\":\"WebPage\",\"@id\":\"https:\\\/\\\/contabilidadecaxias.com.br\\\/index.php\\\/2022\\\/07\\\/26\\\/presidente-do-tst-faz-visita-inedita-a-caritas-em-reconhecimento-a-atuacao-contra-trabalho-escravo\\\/\",\"url\":\"https:\\\/\\\/contabilidadecaxias.com.br\\\/index.php\\\/2022\\\/07\\\/26\\\/presidente-do-tst-faz-visita-inedita-a-caritas-em-reconhecimento-a-atuacao-contra-trabalho-escravo\\\/\",\"name\":\"Presidente do TST faz visita in\u00e9dita a Caritas em reconhecimento \u00e0 atua\u00e7\u00e3o contra trabalho escravo - Contabilidade Caxias\",\"isPartOf\":{\"@id\":\"https:\\\/\\\/contabilidadecaxias.com.br\\\/#website\"},\"primaryImageOfPage\":{\"@id\":\"https:\\\/\\\/contabilidadecaxias.com.br\\\/index.php\\\/2022\\\/07\\\/26\\\/presidente-do-tst-faz-visita-inedita-a-caritas-em-reconhecimento-a-atuacao-contra-trabalho-escravo\\\/#primaryimage\"},\"image\":{\"@id\":\"https:\\\/\\\/contabilidadecaxias.com.br\\\/index.php\\\/2022\\\/07\\\/26\\\/presidente-do-tst-faz-visita-inedita-a-caritas-em-reconhecimento-a-atuacao-contra-trabalho-escravo\\\/#primaryimage\"},\"thumbnailUrl\":\"https:\\\/\\\/contabilidadecaxias.com.br\\\/wp-content\\\/uploads\\\/2022\\\/07\\\/whatsapp-image-2022-07-26-at-19.14.50.jpeg\",\"datePublished\":\"2022-07-26T23:06:09+00:00\",\"author\":{\"@id\":\"\"},\"breadcrumb\":{\"@id\":\"https:\\\/\\\/contabilidadecaxias.com.br\\\/index.php\\\/2022\\\/07\\\/26\\\/presidente-do-tst-faz-visita-inedita-a-caritas-em-reconhecimento-a-atuacao-contra-trabalho-escravo\\\/#breadcrumb\"},\"inLanguage\":\"pt-BR\",\"potentialAction\":[{\"@type\":\"ReadAction\",\"target\":[\"https:\\\/\\\/contabilidadecaxias.com.br\\\/index.php\\\/2022\\\/07\\\/26\\\/presidente-do-tst-faz-visita-inedita-a-caritas-em-reconhecimento-a-atuacao-contra-trabalho-escravo\\\/\"]}]},{\"@type\":\"ImageObject\",\"inLanguage\":\"pt-BR\",\"@id\":\"https:\\\/\\\/contabilidadecaxias.com.br\\\/index.php\\\/2022\\\/07\\\/26\\\/presidente-do-tst-faz-visita-inedita-a-caritas-em-reconhecimento-a-atuacao-contra-trabalho-escravo\\\/#primaryimage\",\"url\":\"https:\\\/\\\/contabilidadecaxias.com.br\\\/wp-content\\\/uploads\\\/2022\\\/07\\\/whatsapp-image-2022-07-26-at-19.14.50.jpeg\",\"contentUrl\":\"https:\\\/\\\/contabilidadecaxias.com.br\\\/wp-content\\\/uploads\\\/2022\\\/07\\\/whatsapp-image-2022-07-26-at-19.14.50.jpeg\",\"width\":1024,\"height\":768},{\"@type\":\"BreadcrumbList\",\"@id\":\"https:\\\/\\\/contabilidadecaxias.com.br\\\/index.php\\\/2022\\\/07\\\/26\\\/presidente-do-tst-faz-visita-inedita-a-caritas-em-reconhecimento-a-atuacao-contra-trabalho-escravo\\\/#breadcrumb\",\"itemListElement\":[{\"@type\":\"ListItem\",\"position\":1,\"name\":\"In\u00edcio\",\"item\":\"https:\\\/\\\/contabilidadecaxias.com.br\\\/\"},{\"@type\":\"ListItem\",\"position\":2,\"name\":\"Presidente do TST faz visita in\u00e9dita a Caritas em reconhecimento \u00e0 atua\u00e7\u00e3o contra trabalho escravo\"}]},{\"@type\":\"WebSite\",\"@id\":\"https:\\\/\\\/contabilidadecaxias.com.br\\\/#website\",\"url\":\"https:\\\/\\\/contabilidadecaxias.com.br\\\/\",\"name\":\"Contabilidade Caxias\",\"description\":\"Site especializado em Contabilidade para Caxias.\",\"potentialAction\":[{\"@type\":\"SearchAction\",\"target\":{\"@type\":\"EntryPoint\",\"urlTemplate\":\"https:\\\/\\\/contabilidadecaxias.com.br\\\/?s={search_term_string}\"},\"query-input\":{\"@type\":\"PropertyValueSpecification\",\"valueRequired\":true,\"valueName\":\"search_term_string\"}}],\"inLanguage\":\"pt-BR\"}]}<\/script>\n<!-- \/ Yoast SEO plugin. -->","yoast_head_json":{"title":"Presidente do TST faz visita in\u00e9dita a Caritas em reconhecimento \u00e0 atua\u00e7\u00e3o contra trabalho escravo - Contabilidade Caxias","robots":{"index":"index","follow":"follow","max-snippet":"max-snippet:-1","max-image-preview":"max-image-preview:large","max-video-preview":"max-video-preview:-1"},"canonical":"https:\/\/contabilidadecaxias.com.br\/index.php\/2022\/07\/26\/presidente-do-tst-faz-visita-inedita-a-caritas-em-reconhecimento-a-atuacao-contra-trabalho-escravo\/","og_locale":"pt_BR","og_type":"article","og_title":"Presidente do TST faz visita in\u00e9dita a Caritas em reconhecimento \u00e0 atua\u00e7\u00e3o contra trabalho escravo - Contabilidade Caxias","og_description":"A agenda in\u00e9dita teve o objetivo de conhecer projeto que atua no combate e preven\u00e7\u00e3o ao trabalho an\u00e1logo \u00e0 escravid\u00e3o. Presidente do TST, ministro Emmanoel Pereira, durante evento na Caritas, no Rio de Janeiro 26\/07\/22 &#8211; O presidente do Tribunal Superior do Trabalho (TST) e do Conselho Superior da Justi\u00e7a do Trabalho (CSJT), ministro Emmanoel [&hellip;]","og_url":"https:\/\/contabilidadecaxias.com.br\/index.php\/2022\/07\/26\/presidente-do-tst-faz-visita-inedita-a-caritas-em-reconhecimento-a-atuacao-contra-trabalho-escravo\/","og_site_name":"Contabilidade Caxias","article_published_time":"2022-07-26T23:06:09+00:00","twitter_card":"summary_large_image","twitter_misc":{"Est. tempo de leitura":"6 minutos"},"schema":{"@context":"https:\/\/schema.org","@graph":[{"@type":"Article","@id":"https:\/\/contabilidadecaxias.com.br\/index.php\/2022\/07\/26\/presidente-do-tst-faz-visita-inedita-a-caritas-em-reconhecimento-a-atuacao-contra-trabalho-escravo\/#article","isPartOf":{"@id":"https:\/\/contabilidadecaxias.com.br\/index.php\/2022\/07\/26\/presidente-do-tst-faz-visita-inedita-a-caritas-em-reconhecimento-a-atuacao-contra-trabalho-escravo\/"},"author":{"name":"","@id":""},"headline":"Presidente do TST faz visita in\u00e9dita a Caritas em reconhecimento \u00e0 atua\u00e7\u00e3o contra trabalho escravo","datePublished":"2022-07-26T23:06:09+00:00","mainEntityOfPage":{"@id":"https:\/\/contabilidadecaxias.com.br\/index.php\/2022\/07\/26\/presidente-do-tst-faz-visita-inedita-a-caritas-em-reconhecimento-a-atuacao-contra-trabalho-escravo\/"},"wordCount":1249,"commentCount":0,"image":{"@id":"https:\/\/contabilidadecaxias.com.br\/index.php\/2022\/07\/26\/presidente-do-tst-faz-visita-inedita-a-caritas-em-reconhecimento-a-atuacao-contra-trabalho-escravo\/#primaryimage"},"thumbnailUrl":"https:\/\/contabilidadecaxias.com.br\/wp-content\/uploads\/2022\/07\/whatsapp-image-2022-07-26-at-19.14.50.jpeg","articleSection":["Educa\u00e7\u00e3o Financeira"],"inLanguage":"pt-BR","potentialAction":[{"@type":"CommentAction","name":"Comment","target":["https:\/\/contabilidadecaxias.com.br\/index.php\/2022\/07\/26\/presidente-do-tst-faz-visita-inedita-a-caritas-em-reconhecimento-a-atuacao-contra-trabalho-escravo\/#respond"]}]},{"@type":"WebPage","@id":"https:\/\/contabilidadecaxias.com.br\/index.php\/2022\/07\/26\/presidente-do-tst-faz-visita-inedita-a-caritas-em-reconhecimento-a-atuacao-contra-trabalho-escravo\/","url":"https:\/\/contabilidadecaxias.com.br\/index.php\/2022\/07\/26\/presidente-do-tst-faz-visita-inedita-a-caritas-em-reconhecimento-a-atuacao-contra-trabalho-escravo\/","name":"Presidente do TST faz visita in\u00e9dita a Caritas em reconhecimento \u00e0 atua\u00e7\u00e3o contra trabalho escravo - Contabilidade Caxias","isPartOf":{"@id":"https:\/\/contabilidadecaxias.com.br\/#website"},"primaryImageOfPage":{"@id":"https:\/\/contabilidadecaxias.com.br\/index.php\/2022\/07\/26\/presidente-do-tst-faz-visita-inedita-a-caritas-em-reconhecimento-a-atuacao-contra-trabalho-escravo\/#primaryimage"},"image":{"@id":"https:\/\/contabilidadecaxias.com.br\/index.php\/2022\/07\/26\/presidente-do-tst-faz-visita-inedita-a-caritas-em-reconhecimento-a-atuacao-contra-trabalho-escravo\/#primaryimage"},"thumbnailUrl":"https:\/\/contabilidadecaxias.com.br\/wp-content\/uploads\/2022\/07\/whatsapp-image-2022-07-26-at-19.14.50.jpeg","datePublished":"2022-07-26T23:06:09+00:00","author":{"@id":""},"breadcrumb":{"@id":"https:\/\/contabilidadecaxias.com.br\/index.php\/2022\/07\/26\/presidente-do-tst-faz-visita-inedita-a-caritas-em-reconhecimento-a-atuacao-contra-trabalho-escravo\/#breadcrumb"},"inLanguage":"pt-BR","potentialAction":[{"@type":"ReadAction","target":["https:\/\/contabilidadecaxias.com.br\/index.php\/2022\/07\/26\/presidente-do-tst-faz-visita-inedita-a-caritas-em-reconhecimento-a-atuacao-contra-trabalho-escravo\/"]}]},{"@type":"ImageObject","inLanguage":"pt-BR","@id":"https:\/\/contabilidadecaxias.com.br\/index.php\/2022\/07\/26\/presidente-do-tst-faz-visita-inedita-a-caritas-em-reconhecimento-a-atuacao-contra-trabalho-escravo\/#primaryimage","url":"https:\/\/contabilidadecaxias.com.br\/wp-content\/uploads\/2022\/07\/whatsapp-image-2022-07-26-at-19.14.50.jpeg","contentUrl":"https:\/\/contabilidadecaxias.com.br\/wp-content\/uploads\/2022\/07\/whatsapp-image-2022-07-26-at-19.14.50.jpeg","width":1024,"height":768},{"@type":"BreadcrumbList","@id":"https:\/\/contabilidadecaxias.com.br\/index.php\/2022\/07\/26\/presidente-do-tst-faz-visita-inedita-a-caritas-em-reconhecimento-a-atuacao-contra-trabalho-escravo\/#breadcrumb","itemListElement":[{"@type":"ListItem","position":1,"name":"In\u00edcio","item":"https:\/\/contabilidadecaxias.com.br\/"},{"@type":"ListItem","position":2,"name":"Presidente do TST faz visita in\u00e9dita a Caritas em reconhecimento \u00e0 atua\u00e7\u00e3o contra trabalho escravo"}]},{"@type":"WebSite","@id":"https:\/\/contabilidadecaxias.com.br\/#website","url":"https:\/\/contabilidadecaxias.com.br\/","name":"Contabilidade Caxias","description":"Site especializado em Contabilidade para Caxias.","potentialAction":[{"@type":"SearchAction","target":{"@type":"EntryPoint","urlTemplate":"https:\/\/contabilidadecaxias.com.br\/?s={search_term_string}"},"query-input":{"@type":"PropertyValueSpecification","valueRequired":true,"valueName":"search_term_string"}}],"inLanguage":"pt-BR"}]}},"_links":{"self":[{"href":"https:\/\/contabilidadecaxias.com.br\/index.php\/wp-json\/wp\/v2\/posts\/12421","targetHints":{"allow":["GET"]}}],"collection":[{"href":"https:\/\/contabilidadecaxias.com.br\/index.php\/wp-json\/wp\/v2\/posts"}],"about":[{"href":"https:\/\/contabilidadecaxias.com.br\/index.php\/wp-json\/wp\/v2\/types\/post"}],"replies":[{"embeddable":true,"href":"https:\/\/contabilidadecaxias.com.br\/index.php\/wp-json\/wp\/v2\/comments?post=12421"}],"version-history":[{"count":0,"href":"https:\/\/contabilidadecaxias.com.br\/index.php\/wp-json\/wp\/v2\/posts\/12421\/revisions"}],"wp:featuredmedia":[{"embeddable":true,"href":"https:\/\/contabilidadecaxias.com.br\/index.php\/wp-json\/wp\/v2\/media\/12422"}],"wp:attachment":[{"href":"https:\/\/contabilidadecaxias.com.br\/index.php\/wp-json\/wp\/v2\/media?parent=12421"}],"wp:term":[{"taxonomy":"category","embeddable":true,"href":"https:\/\/contabilidadecaxias.com.br\/index.php\/wp-json\/wp\/v2\/categories?post=12421"},{"taxonomy":"post_tag","embeddable":true,"href":"https:\/\/contabilidadecaxias.com.br\/index.php\/wp-json\/wp\/v2\/tags?post=12421"}],"curies":[{"name":"wp","href":"https:\/\/api.w.org\/{rel}","templated":true}]}}