{"id":12419,"date":"2022-07-26T20:05:57","date_gmt":"2022-07-26T23:05:57","guid":{"rendered":"https:\/\/contabilidadecaxias.com.br\/index.php\/2022\/07\/26\/homenagem-do-tst-a-arcebispo-do-rio-de-janeiro-aproxima-justica-social-da-populacao\/"},"modified":"2022-07-26T20:05:57","modified_gmt":"2022-07-26T23:05:57","slug":"homenagem-do-tst-a-arcebispo-do-rio-de-janeiro-aproxima-justica-social-da-populacao","status":"publish","type":"post","link":"https:\/\/contabilidadecaxias.com.br\/index.php\/2022\/07\/26\/homenagem-do-tst-a-arcebispo-do-rio-de-janeiro-aproxima-justica-social-da-populacao\/","title":{"rendered":"Homenagem do TST a arcebispo do Rio de Janeiro aproxima Justi\u00e7a Social da popula\u00e7\u00e3o"},"content":{"rendered":"<div class=\"noticia-wrapper\">\n<p><em><\/p>\n<p>Tamb\u00e9m foram homenageadas\u00a0as procuradoras do MPT,\u00a0Juliane Mombelli e Guadalupe Couto, a coordenadora de projetos da Caritas, Aline Thuller, e a vice-presidente do TRT1,\u00a0desembargadora Mery Bucker Caminha.<\/p>\n<p><\/em><\/p>\n<div class=\"social-media-share mobile\">\n        <a class=\"share-facebook\" href=\"https:\/\/www.facebook.com\/sharer.php?u=https:\/\/www.tst.jus.br\/-\/homenagem-do-tst-a-arcebispo-do-rio-de-janeiro-aproxima-justi%C3%A7a-social-da-popula%C3%A7%C3%A3o\" target=\"_blank\" rel=\"noopener\"><\/a><br \/>\n        <a class=\"share-twitter\" href=\"https:\/\/twitter.com\/intent\/tweet?text=Homenagem%20do%20TST%20a%20arcebispo%20do%20Rio%20de%20Janeiro%20aproxima%20Justi%C3%A7a%20Social%20da%20popula%C3%A7%C3%A3o%0AVeja%20mais%20em:&amp;url=https:\/\/www.tst.jus.br\/-\/homenagem-do-tst-a-arcebispo-do-rio-de-janeiro-aproxima-justi%C3%A7a-social-da-popula%C3%A7%C3%A3o\" target=\"_blank\" rel=\"noopener\"><\/a><br \/>\n        <a class=\"share-linkedin\" href=\"https:\/\/www.linkedin.com\/shareArticle?mini=true&amp;url=https:\/\/www.tst.jus.br\/-\/homenagem-do-tst-a-arcebispo-do-rio-de-janeiro-aproxima-justi%C3%A7a-social-da-popula%C3%A7%C3%A3o&amp;title=Homenagem%20do%20TST%20a%20arcebispo%20do%20Rio%20de%20Janeiro%20aproxima%20Justi%C3%A7a%20Social%20da%20popula%C3%A7%C3%A3o\" target=\"_blank\" rel=\"noopener\"><\/a><br \/>\n        <a class=\"share-whatsapp\" href=\"https:\/\/web.whatsapp.com\/send?text=https:\/\/www.tst.jus.br\/-\/homenagem-do-tst-a-arcebispo-do-rio-de-janeiro-aproxima-justi%C3%A7a-social-da-popula%C3%A7%C3%A3o\" target=\"_blank\" rel=\"noopener\"><\/a><br \/>\n        <a class=\"share-googleplus\" href=\"https:\/\/plus.google.com\/share?url=https:\/\/www.tst.jus.br\/-\/homenagem-do-tst-a-arcebispo-do-rio-de-janeiro-aproxima-justi%C3%A7a-social-da-popula%C3%A7%C3%A3o\" target=\"_blank\" rel=\"noopener\"><\/a>\n    <\/div>\n<div class=\"news-body\">\n<div class=\"imagem-da-noticia\">\n<p>Ministro Emmanoel Pereira presta homenagem ao cardeal arcebispo do Rio de Janeiro, Dom Orani Tempesta<\/p>\n<div class=\"social-media-share\">\n                    <a class=\"share-facebook\" href=\"https:\/\/www.facebook.com\/sharer.php?u=https:\/\/www.tst.jus.br\/-\/homenagem-do-tst-a-arcebispo-do-rio-de-janeiro-aproxima-justi%C3%A7a-social-da-popula%C3%A7%C3%A3o\" target=\"_blank\" rel=\"noopener\"><\/a><br \/>\n                    <a class=\"share-twitter\" href=\"https:\/\/twitter.com\/intent\/tweet?text=Homenagem%20do%20TST%20a%20arcebispo%20do%20Rio%20de%20Janeiro%20aproxima%20Justi%C3%A7a%20Social%20da%20popula%C3%A7%C3%A3o%0AVeja%20mais%20em:&amp;url=https:\/\/www.tst.jus.br\/-\/homenagem-do-tst-a-arcebispo-do-rio-de-janeiro-aproxima-justi%C3%A7a-social-da-popula%C3%A7%C3%A3o\" target=\"_blank\" rel=\"noopener\"><\/a><br \/>\n                    <a class=\"share-linkedin\" href=\"https:\/\/www.linkedin.com\/shareArticle?mini=true&amp;url=https:\/\/www.tst.jus.br\/-\/homenagem-do-tst-a-arcebispo-do-rio-de-janeiro-aproxima-justi%C3%A7a-social-da-popula%C3%A7%C3%A3o&amp;title=Homenagem%20do%20TST%20a%20arcebispo%20do%20Rio%20de%20Janeiro%20aproxima%20Justi%C3%A7a%20Social%20da%20popula%C3%A7%C3%A3o\" target=\"_blank\" rel=\"noopener\"><\/a><br \/>\n                    <a class=\"share-whatsapp\" href=\"https:\/\/web.whatsapp.com\/send?text=https:\/\/www.tst.jus.br\/-\/homenagem-do-tst-a-arcebispo-do-rio-de-janeiro-aproxima-justi%C3%A7a-social-da-popula%C3%A7%C3%A3o\" target=\"_blank\" rel=\"noopener\"><\/a><br \/>\n                    <a class=\"share-googleplus\" href=\"https:\/\/plus.google.com\/share?url=https:\/\/www.tst.jus.br\/-\/homenagem-do-tst-a-arcebispo-do-rio-de-janeiro-aproxima-justi%C3%A7a-social-da-popula%C3%A7%C3%A3o\" target=\"_blank\" rel=\"noopener\"><\/a>\n                <\/div>\n<\/p><\/div>\n<div class=\"materia\">\n<p>26\/07\/22 &#8211; Ao visitar a sede da Caritas Arquidiocesana do Rio de Janeiro, nesta ter\u00e7a-feira (26), o presidente do Tribunal Superior do Trabalho (TST) e do Conselho Superior da Justi\u00e7a do Trabalho (CSJT), ministro Emmanoel Pereira, n\u00e3o s\u00f3 conheceu projeto de combate e preven\u00e7\u00e3o ao trabalho an\u00e1logo \u00e0 escravid\u00e3o, mas aproximou a Justi\u00e7a Social da popula\u00e7\u00e3o, ao prestar homenagem ao cardeal arcebispo do Rio de Janeiro, Dom Orani Tempesta.<\/p>\n<p>\u201cTemos na figura de Dom Orani um aliado em nossa busca perene por Justi\u00e7a Social. O TST \u00e9 o Tribunal da Justi\u00e7a Social que hoje distingue a relev\u00e2ncia de sua atua\u00e7\u00e3o na defesa da dignidade da pessoa humana e do indispens\u00e1vel respeito \u00e0 garantia dos direitos de todas as trabalhadoras e de todos os trabalhadores, prop\u00f3sitos que se alinham a nossos anseios, na busca por um Brasil mais justo, igualit\u00e1rio e solid\u00e1rio\u201d, pontuou o presidente do TST.<\/p>\n<p>Ao receber a medalha dos 80 Anos da Justi\u00e7a do Trabalho, Dom Orani Tempesta fez um breve hist\u00f3rico sobre a atua\u00e7\u00e3o da Caritas, que, inicialmente, surgiu com a preocupa\u00e7\u00e3o na manuten\u00e7\u00e3o dos direitos de refugiados pol\u00edticos, ampliando sua atua\u00e7\u00e3o para refugiados de outros pa\u00edses que v\u00eam ao Brasil e culminando no acolhimento de pessoas expostas ao trabalho an\u00e1logo \u00e0 escravid\u00e3o.<\/p>\n<p>\u201cA homenagem atrav\u00e9s da medalha representa menos minha pessoa e mais o que a Caritas realiza. Trabalhamos para o bem comum, pela dignidade, pela cidadania. Esse reconhecimento do Tribunal Superior do Trabalho ao Projeto Resgatando a Cidadania nos deixa muito felizes. Nos impulsiona a fazer muito mais. Queremos fazer mais, e com esse reconhecimento, \u00e9 um an\u00fancio de que temos que continuar trabalhando com vigor ainda. Agrade\u00e7o muito essa oportunidade e esse reconhecimento\u201d, relatou o arcebispo do Rio de Janeiro.<\/p>\n<p>No encontro, tamb\u00e9m foram homenageadas com a medalha dos 80 Anos da Justi\u00e7a do Trabalho as procuradoras do Minist\u00e9rio P\u00fablico do Trabalho (MPT), Juliane Mombelli e Guadalupe Couto, respons\u00e1veis pela cria\u00e7\u00e3o do projeto em 2014, a coordenadora de projetos da C\u00e1ritas-RJ, Aline Thuller, e a vice-presidente do Tribunal Regional do Trabalho da 1\u00aa Regi\u00e3o (TRT1), desembargadora Mery Bucker Caminha.<\/p>\n<p>Tamb\u00e9m participaram do evento o ministro do TST Alberto Balazeiro, o procurador-geral do Trabalho, Jos\u00e9 Lima de Ramos Pereira, e o vice- procurador-chefe do MPT-RJ, Fabio Goulart Villela.<\/p>\n<p><strong>Projeto<\/strong><\/p>\n<p>A reuni\u00e3o ocorreu depois que o presidente do TST participou da apresenta\u00e7\u00e3o do \u201cProjeto A\u00e7\u00e3o Integrada: Resgatando a Cidadania\u201d, realizado em parceria entre MPT e Caritas-RJ, atrav\u00e9s do Programa de Atendimento a Resgatados do Trabalho Escravo (Parte). A iniciativa \u00e9 mantida por meio de recursos de condena\u00e7\u00f5es trabalhistas por danos morais coletivos e de multas por descumprimento da legisla\u00e7\u00e3o trabalhista.<\/p>\n<p>A iniciativa oferece apoio a pessoas resgatadas, qualifica\u00e7\u00e3o, ajuda com a entrega de cestas b\u00e1sicas a popula\u00e7\u00f5es vulner\u00e1veis, al\u00e9m de contar com um setor encarregado de difundir informa\u00e7\u00f5es sobre o tema para conscientiza\u00e7\u00e3o da sociedade.<\/p>\n<p>Desde 2014, quando o projeto foi idealizado, 639 pessoas foram atendidas, entre resgatados do trabalho an\u00e1logo \u00e0 escravid\u00e3o e vulner\u00e1veis ao risco de serem v\u00edtimas desse crime. No grupo, 262 pessoas participaram de qualifica\u00e7\u00e3o profissional, de idiomas e oficinas e 130 costureiras vulner\u00e1veis ligadas ao projeto produziram mais de 31 mil m\u00e1scaras durante a pandemia distribu\u00eddas a 40 entidades. Foram entregues, ainda, 8,3 mil cestas b\u00e1sicas durante a pandemia para pessoas vulner\u00e1veis.<\/p>\n<p>Para ampliar a difus\u00e3o de informa\u00e7\u00f5es sobre o tema, 1.625 pessoas j\u00e1 participaram de capacita\u00e7\u00f5es sobre tr\u00e1fico de pessoas e trabalho an\u00e1logo \u00e0 escravid\u00e3o. As despesas anuais estimadas do projeto ficam em cerca de R$ 830 mil, custeadas com recursos provenientes dos resultados das a\u00e7\u00f5es civis p\u00fablicas e dos termos de ajustamento de conduta realizados pelo MPT.<\/p>\n<p>(Mateus Ferraz \/ Secom)<\/p>\n<\/div><\/div>\n<\/div>\n","protected":false},"excerpt":{"rendered":"<p>Tamb\u00e9m foram homenageadas\u00a0as procuradoras do MPT,\u00a0Juliane Mombelli e Guadalupe Couto, a coordenadora de projetos da Caritas, Aline Thuller, e a vice-presidente do TRT1,\u00a0desembargadora Mery Bucker Caminha. Ministro Emmanoel Pereira presta homenagem ao cardeal arcebispo do Rio de Janeiro, Dom Orani Tempesta 26\/07\/22 &#8211; Ao visitar a sede da Caritas Arquidiocesana do Rio de Janeiro, nesta [&hellip;]<\/p>\n","protected":false},"author":0,"featured_media":12420,"comment_status":"open","ping_status":"","sticky":false,"template":"","format":"standard","meta":{"footnotes":""},"categories":[5],"tags":[],"class_list":["post-12419","post","type-post","status-publish","format-standard","has-post-thumbnail","hentry","category-noticias-educacao-financeira"],"blocksy_meta":{"styles_descriptor":{"styles":{"desktop":"","tablet":"","mobile":""},"google_fonts":[],"version":6}},"yoast_head":"<!-- This site is optimized with the Yoast SEO plugin v27.5 - https:\/\/yoast.com\/product\/yoast-seo-wordpress\/ -->\n<title>Homenagem do TST a arcebispo do Rio de Janeiro aproxima Justi\u00e7a Social da popula\u00e7\u00e3o - Contabilidade Caxias<\/title>\n<meta name=\"robots\" content=\"index, follow, max-snippet:-1, max-image-preview:large, max-video-preview:-1\" \/>\n<link rel=\"canonical\" href=\"https:\/\/contabilidadecaxias.com.br\/index.php\/2022\/07\/26\/homenagem-do-tst-a-arcebispo-do-rio-de-janeiro-aproxima-justica-social-da-populacao\/\" \/>\n<meta property=\"og:locale\" content=\"pt_BR\" \/>\n<meta property=\"og:type\" content=\"article\" \/>\n<meta property=\"og:title\" content=\"Homenagem do TST a arcebispo do Rio de Janeiro aproxima Justi\u00e7a Social da popula\u00e7\u00e3o - Contabilidade Caxias\" \/>\n<meta property=\"og:description\" content=\"Tamb\u00e9m foram homenageadas\u00a0as procuradoras do MPT,\u00a0Juliane Mombelli e Guadalupe Couto, a coordenadora de projetos da Caritas, Aline Thuller, e a vice-presidente do TRT1,\u00a0desembargadora Mery Bucker Caminha. Ministro Emmanoel Pereira presta homenagem ao cardeal arcebispo do Rio de Janeiro, Dom Orani Tempesta 26\/07\/22 &#8211; Ao visitar a sede da Caritas Arquidiocesana do Rio de Janeiro, nesta [&hellip;]\" \/>\n<meta property=\"og:url\" content=\"https:\/\/contabilidadecaxias.com.br\/index.php\/2022\/07\/26\/homenagem-do-tst-a-arcebispo-do-rio-de-janeiro-aproxima-justica-social-da-populacao\/\" \/>\n<meta property=\"og:site_name\" content=\"Contabilidade Caxias\" \/>\n<meta property=\"article:published_time\" content=\"2022-07-26T23:05:57+00:00\" \/>\n<meta name=\"twitter:card\" content=\"summary_large_image\" \/>\n<meta name=\"twitter:label1\" content=\"Est. tempo de leitura\" \/>\n\t<meta name=\"twitter:data1\" content=\"3 minutos\" \/>\n<script type=\"application\/ld+json\" class=\"yoast-schema-graph\">{\"@context\":\"https:\\\/\\\/schema.org\",\"@graph\":[{\"@type\":\"Article\",\"@id\":\"https:\\\/\\\/contabilidadecaxias.com.br\\\/index.php\\\/2022\\\/07\\\/26\\\/homenagem-do-tst-a-arcebispo-do-rio-de-janeiro-aproxima-justica-social-da-populacao\\\/#article\",\"isPartOf\":{\"@id\":\"https:\\\/\\\/contabilidadecaxias.com.br\\\/index.php\\\/2022\\\/07\\\/26\\\/homenagem-do-tst-a-arcebispo-do-rio-de-janeiro-aproxima-justica-social-da-populacao\\\/\"},\"author\":{\"name\":\"\",\"@id\":\"\"},\"headline\":\"Homenagem do TST a arcebispo do Rio de Janeiro aproxima Justi\u00e7a Social da popula\u00e7\u00e3o\",\"datePublished\":\"2022-07-26T23:05:57+00:00\",\"mainEntityOfPage\":{\"@id\":\"https:\\\/\\\/contabilidadecaxias.com.br\\\/index.php\\\/2022\\\/07\\\/26\\\/homenagem-do-tst-a-arcebispo-do-rio-de-janeiro-aproxima-justica-social-da-populacao\\\/\"},\"wordCount\":709,\"commentCount\":0,\"image\":{\"@id\":\"https:\\\/\\\/contabilidadecaxias.com.br\\\/index.php\\\/2022\\\/07\\\/26\\\/homenagem-do-tst-a-arcebispo-do-rio-de-janeiro-aproxima-justica-social-da-populacao\\\/#primaryimage\"},\"thumbnailUrl\":\"https:\\\/\\\/contabilidadecaxias.com.br\\\/wp-content\\\/uploads\\\/2022\\\/07\\\/7e9a3c46-5152-fe7e-085e-2a2dc3a96e6c-nIm39h-scaled.jpeg\",\"articleSection\":[\"Educa\u00e7\u00e3o Financeira\"],\"inLanguage\":\"pt-BR\",\"potentialAction\":[{\"@type\":\"CommentAction\",\"name\":\"Comment\",\"target\":[\"https:\\\/\\\/contabilidadecaxias.com.br\\\/index.php\\\/2022\\\/07\\\/26\\\/homenagem-do-tst-a-arcebispo-do-rio-de-janeiro-aproxima-justica-social-da-populacao\\\/#respond\"]}]},{\"@type\":\"WebPage\",\"@id\":\"https:\\\/\\\/contabilidadecaxias.com.br\\\/index.php\\\/2022\\\/07\\\/26\\\/homenagem-do-tst-a-arcebispo-do-rio-de-janeiro-aproxima-justica-social-da-populacao\\\/\",\"url\":\"https:\\\/\\\/contabilidadecaxias.com.br\\\/index.php\\\/2022\\\/07\\\/26\\\/homenagem-do-tst-a-arcebispo-do-rio-de-janeiro-aproxima-justica-social-da-populacao\\\/\",\"name\":\"Homenagem do TST a arcebispo do Rio de Janeiro aproxima Justi\u00e7a Social da popula\u00e7\u00e3o - Contabilidade Caxias\",\"isPartOf\":{\"@id\":\"https:\\\/\\\/contabilidadecaxias.com.br\\\/#website\"},\"primaryImageOfPage\":{\"@id\":\"https:\\\/\\\/contabilidadecaxias.com.br\\\/index.php\\\/2022\\\/07\\\/26\\\/homenagem-do-tst-a-arcebispo-do-rio-de-janeiro-aproxima-justica-social-da-populacao\\\/#primaryimage\"},\"image\":{\"@id\":\"https:\\\/\\\/contabilidadecaxias.com.br\\\/index.php\\\/2022\\\/07\\\/26\\\/homenagem-do-tst-a-arcebispo-do-rio-de-janeiro-aproxima-justica-social-da-populacao\\\/#primaryimage\"},\"thumbnailUrl\":\"https:\\\/\\\/contabilidadecaxias.com.br\\\/wp-content\\\/uploads\\\/2022\\\/07\\\/7e9a3c46-5152-fe7e-085e-2a2dc3a96e6c-nIm39h-scaled.jpeg\",\"datePublished\":\"2022-07-26T23:05:57+00:00\",\"author\":{\"@id\":\"\"},\"breadcrumb\":{\"@id\":\"https:\\\/\\\/contabilidadecaxias.com.br\\\/index.php\\\/2022\\\/07\\\/26\\\/homenagem-do-tst-a-arcebispo-do-rio-de-janeiro-aproxima-justica-social-da-populacao\\\/#breadcrumb\"},\"inLanguage\":\"pt-BR\",\"potentialAction\":[{\"@type\":\"ReadAction\",\"target\":[\"https:\\\/\\\/contabilidadecaxias.com.br\\\/index.php\\\/2022\\\/07\\\/26\\\/homenagem-do-tst-a-arcebispo-do-rio-de-janeiro-aproxima-justica-social-da-populacao\\\/\"]}]},{\"@type\":\"ImageObject\",\"inLanguage\":\"pt-BR\",\"@id\":\"https:\\\/\\\/contabilidadecaxias.com.br\\\/index.php\\\/2022\\\/07\\\/26\\\/homenagem-do-tst-a-arcebispo-do-rio-de-janeiro-aproxima-justica-social-da-populacao\\\/#primaryimage\",\"url\":\"https:\\\/\\\/contabilidadecaxias.com.br\\\/wp-content\\\/uploads\\\/2022\\\/07\\\/7e9a3c46-5152-fe7e-085e-2a2dc3a96e6c-nIm39h-scaled.jpeg\",\"contentUrl\":\"https:\\\/\\\/contabilidadecaxias.com.br\\\/wp-content\\\/uploads\\\/2022\\\/07\\\/7e9a3c46-5152-fe7e-085e-2a2dc3a96e6c-nIm39h-scaled.jpeg\",\"width\":2560,\"height\":1442},{\"@type\":\"BreadcrumbList\",\"@id\":\"https:\\\/\\\/contabilidadecaxias.com.br\\\/index.php\\\/2022\\\/07\\\/26\\\/homenagem-do-tst-a-arcebispo-do-rio-de-janeiro-aproxima-justica-social-da-populacao\\\/#breadcrumb\",\"itemListElement\":[{\"@type\":\"ListItem\",\"position\":1,\"name\":\"In\u00edcio\",\"item\":\"https:\\\/\\\/contabilidadecaxias.com.br\\\/\"},{\"@type\":\"ListItem\",\"position\":2,\"name\":\"Homenagem do TST a arcebispo do Rio de Janeiro aproxima Justi\u00e7a Social da popula\u00e7\u00e3o\"}]},{\"@type\":\"WebSite\",\"@id\":\"https:\\\/\\\/contabilidadecaxias.com.br\\\/#website\",\"url\":\"https:\\\/\\\/contabilidadecaxias.com.br\\\/\",\"name\":\"Contabilidade Caxias\",\"description\":\"Site especializado em Contabilidade para Caxias.\",\"potentialAction\":[{\"@type\":\"SearchAction\",\"target\":{\"@type\":\"EntryPoint\",\"urlTemplate\":\"https:\\\/\\\/contabilidadecaxias.com.br\\\/?s={search_term_string}\"},\"query-input\":{\"@type\":\"PropertyValueSpecification\",\"valueRequired\":true,\"valueName\":\"search_term_string\"}}],\"inLanguage\":\"pt-BR\"}]}<\/script>\n<!-- \/ Yoast SEO plugin. -->","yoast_head_json":{"title":"Homenagem do TST a arcebispo do Rio de Janeiro aproxima Justi\u00e7a Social da popula\u00e7\u00e3o - Contabilidade Caxias","robots":{"index":"index","follow":"follow","max-snippet":"max-snippet:-1","max-image-preview":"max-image-preview:large","max-video-preview":"max-video-preview:-1"},"canonical":"https:\/\/contabilidadecaxias.com.br\/index.php\/2022\/07\/26\/homenagem-do-tst-a-arcebispo-do-rio-de-janeiro-aproxima-justica-social-da-populacao\/","og_locale":"pt_BR","og_type":"article","og_title":"Homenagem do TST a arcebispo do Rio de Janeiro aproxima Justi\u00e7a Social da popula\u00e7\u00e3o - Contabilidade Caxias","og_description":"Tamb\u00e9m foram homenageadas\u00a0as procuradoras do MPT,\u00a0Juliane Mombelli e Guadalupe Couto, a coordenadora de projetos da Caritas, Aline Thuller, e a vice-presidente do TRT1,\u00a0desembargadora Mery Bucker Caminha. Ministro Emmanoel Pereira presta homenagem ao cardeal arcebispo do Rio de Janeiro, Dom Orani Tempesta 26\/07\/22 &#8211; Ao visitar a sede da Caritas Arquidiocesana do Rio de Janeiro, nesta [&hellip;]","og_url":"https:\/\/contabilidadecaxias.com.br\/index.php\/2022\/07\/26\/homenagem-do-tst-a-arcebispo-do-rio-de-janeiro-aproxima-justica-social-da-populacao\/","og_site_name":"Contabilidade Caxias","article_published_time":"2022-07-26T23:05:57+00:00","twitter_card":"summary_large_image","twitter_misc":{"Est. tempo de leitura":"3 minutos"},"schema":{"@context":"https:\/\/schema.org","@graph":[{"@type":"Article","@id":"https:\/\/contabilidadecaxias.com.br\/index.php\/2022\/07\/26\/homenagem-do-tst-a-arcebispo-do-rio-de-janeiro-aproxima-justica-social-da-populacao\/#article","isPartOf":{"@id":"https:\/\/contabilidadecaxias.com.br\/index.php\/2022\/07\/26\/homenagem-do-tst-a-arcebispo-do-rio-de-janeiro-aproxima-justica-social-da-populacao\/"},"author":{"name":"","@id":""},"headline":"Homenagem do TST a arcebispo do Rio de Janeiro aproxima Justi\u00e7a Social da popula\u00e7\u00e3o","datePublished":"2022-07-26T23:05:57+00:00","mainEntityOfPage":{"@id":"https:\/\/contabilidadecaxias.com.br\/index.php\/2022\/07\/26\/homenagem-do-tst-a-arcebispo-do-rio-de-janeiro-aproxima-justica-social-da-populacao\/"},"wordCount":709,"commentCount":0,"image":{"@id":"https:\/\/contabilidadecaxias.com.br\/index.php\/2022\/07\/26\/homenagem-do-tst-a-arcebispo-do-rio-de-janeiro-aproxima-justica-social-da-populacao\/#primaryimage"},"thumbnailUrl":"https:\/\/contabilidadecaxias.com.br\/wp-content\/uploads\/2022\/07\/7e9a3c46-5152-fe7e-085e-2a2dc3a96e6c-nIm39h-scaled.jpeg","articleSection":["Educa\u00e7\u00e3o Financeira"],"inLanguage":"pt-BR","potentialAction":[{"@type":"CommentAction","name":"Comment","target":["https:\/\/contabilidadecaxias.com.br\/index.php\/2022\/07\/26\/homenagem-do-tst-a-arcebispo-do-rio-de-janeiro-aproxima-justica-social-da-populacao\/#respond"]}]},{"@type":"WebPage","@id":"https:\/\/contabilidadecaxias.com.br\/index.php\/2022\/07\/26\/homenagem-do-tst-a-arcebispo-do-rio-de-janeiro-aproxima-justica-social-da-populacao\/","url":"https:\/\/contabilidadecaxias.com.br\/index.php\/2022\/07\/26\/homenagem-do-tst-a-arcebispo-do-rio-de-janeiro-aproxima-justica-social-da-populacao\/","name":"Homenagem do TST a arcebispo do Rio de Janeiro aproxima Justi\u00e7a Social da popula\u00e7\u00e3o - Contabilidade Caxias","isPartOf":{"@id":"https:\/\/contabilidadecaxias.com.br\/#website"},"primaryImageOfPage":{"@id":"https:\/\/contabilidadecaxias.com.br\/index.php\/2022\/07\/26\/homenagem-do-tst-a-arcebispo-do-rio-de-janeiro-aproxima-justica-social-da-populacao\/#primaryimage"},"image":{"@id":"https:\/\/contabilidadecaxias.com.br\/index.php\/2022\/07\/26\/homenagem-do-tst-a-arcebispo-do-rio-de-janeiro-aproxima-justica-social-da-populacao\/#primaryimage"},"thumbnailUrl":"https:\/\/contabilidadecaxias.com.br\/wp-content\/uploads\/2022\/07\/7e9a3c46-5152-fe7e-085e-2a2dc3a96e6c-nIm39h-scaled.jpeg","datePublished":"2022-07-26T23:05:57+00:00","author":{"@id":""},"breadcrumb":{"@id":"https:\/\/contabilidadecaxias.com.br\/index.php\/2022\/07\/26\/homenagem-do-tst-a-arcebispo-do-rio-de-janeiro-aproxima-justica-social-da-populacao\/#breadcrumb"},"inLanguage":"pt-BR","potentialAction":[{"@type":"ReadAction","target":["https:\/\/contabilidadecaxias.com.br\/index.php\/2022\/07\/26\/homenagem-do-tst-a-arcebispo-do-rio-de-janeiro-aproxima-justica-social-da-populacao\/"]}]},{"@type":"ImageObject","inLanguage":"pt-BR","@id":"https:\/\/contabilidadecaxias.com.br\/index.php\/2022\/07\/26\/homenagem-do-tst-a-arcebispo-do-rio-de-janeiro-aproxima-justica-social-da-populacao\/#primaryimage","url":"https:\/\/contabilidadecaxias.com.br\/wp-content\/uploads\/2022\/07\/7e9a3c46-5152-fe7e-085e-2a2dc3a96e6c-nIm39h-scaled.jpeg","contentUrl":"https:\/\/contabilidadecaxias.com.br\/wp-content\/uploads\/2022\/07\/7e9a3c46-5152-fe7e-085e-2a2dc3a96e6c-nIm39h-scaled.jpeg","width":2560,"height":1442},{"@type":"BreadcrumbList","@id":"https:\/\/contabilidadecaxias.com.br\/index.php\/2022\/07\/26\/homenagem-do-tst-a-arcebispo-do-rio-de-janeiro-aproxima-justica-social-da-populacao\/#breadcrumb","itemListElement":[{"@type":"ListItem","position":1,"name":"In\u00edcio","item":"https:\/\/contabilidadecaxias.com.br\/"},{"@type":"ListItem","position":2,"name":"Homenagem do TST a arcebispo do Rio de Janeiro aproxima Justi\u00e7a Social da popula\u00e7\u00e3o"}]},{"@type":"WebSite","@id":"https:\/\/contabilidadecaxias.com.br\/#website","url":"https:\/\/contabilidadecaxias.com.br\/","name":"Contabilidade Caxias","description":"Site especializado em Contabilidade para Caxias.","potentialAction":[{"@type":"SearchAction","target":{"@type":"EntryPoint","urlTemplate":"https:\/\/contabilidadecaxias.com.br\/?s={search_term_string}"},"query-input":{"@type":"PropertyValueSpecification","valueRequired":true,"valueName":"search_term_string"}}],"inLanguage":"pt-BR"}]}},"_links":{"self":[{"href":"https:\/\/contabilidadecaxias.com.br\/index.php\/wp-json\/wp\/v2\/posts\/12419","targetHints":{"allow":["GET"]}}],"collection":[{"href":"https:\/\/contabilidadecaxias.com.br\/index.php\/wp-json\/wp\/v2\/posts"}],"about":[{"href":"https:\/\/contabilidadecaxias.com.br\/index.php\/wp-json\/wp\/v2\/types\/post"}],"replies":[{"embeddable":true,"href":"https:\/\/contabilidadecaxias.com.br\/index.php\/wp-json\/wp\/v2\/comments?post=12419"}],"version-history":[{"count":0,"href":"https:\/\/contabilidadecaxias.com.br\/index.php\/wp-json\/wp\/v2\/posts\/12419\/revisions"}],"wp:featuredmedia":[{"embeddable":true,"href":"https:\/\/contabilidadecaxias.com.br\/index.php\/wp-json\/wp\/v2\/media\/12420"}],"wp:attachment":[{"href":"https:\/\/contabilidadecaxias.com.br\/index.php\/wp-json\/wp\/v2\/media?parent=12419"}],"wp:term":[{"taxonomy":"category","embeddable":true,"href":"https:\/\/contabilidadecaxias.com.br\/index.php\/wp-json\/wp\/v2\/categories?post=12419"},{"taxonomy":"post_tag","embeddable":true,"href":"https:\/\/contabilidadecaxias.com.br\/index.php\/wp-json\/wp\/v2\/tags?post=12419"}],"curies":[{"name":"wp","href":"https:\/\/api.w.org\/{rel}","templated":true}]}}