{"id":12413,"date":"2022-07-26T19:04:03","date_gmt":"2022-07-26T22:04:03","guid":{"rendered":"https:\/\/contabilidadecaxias.com.br\/index.php\/2022\/07\/26\/tst-realiza-audiencia-publica-sobre-metas-nacionais-para-2023\/"},"modified":"2022-07-26T19:04:03","modified_gmt":"2022-07-26T22:04:03","slug":"tst-realiza-audiencia-publica-sobre-metas-nacionais-para-2023","status":"publish","type":"post","link":"https:\/\/contabilidadecaxias.com.br\/index.php\/2022\/07\/26\/tst-realiza-audiencia-publica-sobre-metas-nacionais-para-2023\/","title":{"rendered":"TST realiza audi\u00eancia p\u00fablica sobre metas nacionais para 2023"},"content":{"rendered":"<div class=\"noticia-wrapper\">\n<p><em><\/p>\n<p>Evento ocorrer\u00e1 na tarde desta quarta-feira (27).\u00a0Tribunal Superior do Trabalho tamb\u00e9m abriu consulta p\u00fablica sobre o tema<\/p>\n<p><\/em><\/p>\n<div class=\"social-media-share mobile\">\n        <a class=\"share-facebook\" href=\"https:\/\/www.facebook.com\/sharer.php?u=https:\/\/www.tst.jus.br\/-\/tst-realiza-audi%C3%AAncia-p%C3%BAblica-sobre-metas-nacionais-para-2023\" target=\"_blank\" rel=\"noopener\"><\/a><br \/>\n        <a class=\"share-twitter\" href=\"https:\/\/twitter.com\/intent\/tweet?text=TST%20realiza%20audi%C3%AAncia%20p%C3%BAblica%20sobre%20metas%20nacionais%20para%202023%0AVeja%20mais%20em:&amp;url=https:\/\/www.tst.jus.br\/-\/tst-realiza-audi%C3%AAncia-p%C3%BAblica-sobre-metas-nacionais-para-2023\" target=\"_blank\" rel=\"noopener\"><\/a><br \/>\n        <a class=\"share-linkedin\" href=\"https:\/\/www.linkedin.com\/shareArticle?mini=true&amp;url=https:\/\/www.tst.jus.br\/-\/tst-realiza-audi%C3%AAncia-p%C3%BAblica-sobre-metas-nacionais-para-2023&amp;title=TST%20realiza%20audi%C3%AAncia%20p%C3%BAblica%20sobre%20metas%20nacionais%20para%202023\" target=\"_blank\" rel=\"noopener\"><\/a><br \/>\n        <a class=\"share-whatsapp\" href=\"https:\/\/web.whatsapp.com\/send?text=https:\/\/www.tst.jus.br\/-\/tst-realiza-audi%C3%AAncia-p%C3%BAblica-sobre-metas-nacionais-para-2023\" target=\"_blank\" rel=\"noopener\"><\/a><br \/>\n        <a class=\"share-googleplus\" href=\"https:\/\/plus.google.com\/share?url=https:\/\/www.tst.jus.br\/-\/tst-realiza-audi%C3%AAncia-p%C3%BAblica-sobre-metas-nacionais-para-2023\" target=\"_blank\" rel=\"noopener\"><\/a>\n    <\/div>\n<div class=\"news-body\">\n<div class=\"imagem-da-noticia\">\n<p>Imagem do edif\u00edcio-sede do TST<\/p>\n<div class=\"social-media-share\">\n                    <a class=\"share-facebook\" href=\"https:\/\/www.facebook.com\/sharer.php?u=https:\/\/www.tst.jus.br\/-\/tst-realiza-audi%C3%AAncia-p%C3%BAblica-sobre-metas-nacionais-para-2023\" target=\"_blank\" rel=\"noopener\"><\/a><br \/>\n                    <a class=\"share-twitter\" href=\"https:\/\/twitter.com\/intent\/tweet?text=TST%20realiza%20audi%C3%AAncia%20p%C3%BAblica%20sobre%20metas%20nacionais%20para%202023%0AVeja%20mais%20em:&amp;url=https:\/\/www.tst.jus.br\/-\/tst-realiza-audi%C3%AAncia-p%C3%BAblica-sobre-metas-nacionais-para-2023\" target=\"_blank\" rel=\"noopener\"><\/a><br \/>\n                    <a class=\"share-linkedin\" href=\"https:\/\/www.linkedin.com\/shareArticle?mini=true&amp;url=https:\/\/www.tst.jus.br\/-\/tst-realiza-audi%C3%AAncia-p%C3%BAblica-sobre-metas-nacionais-para-2023&amp;title=TST%20realiza%20audi%C3%AAncia%20p%C3%BAblica%20sobre%20metas%20nacionais%20para%202023\" target=\"_blank\" rel=\"noopener\"><\/a><br \/>\n                    <a class=\"share-whatsapp\" href=\"https:\/\/web.whatsapp.com\/send?text=https:\/\/www.tst.jus.br\/-\/tst-realiza-audi%C3%AAncia-p%C3%BAblica-sobre-metas-nacionais-para-2023\" target=\"_blank\" rel=\"noopener\"><\/a><br \/>\n                    <a class=\"share-googleplus\" href=\"https:\/\/plus.google.com\/share?url=https:\/\/www.tst.jus.br\/-\/tst-realiza-audi%C3%AAncia-p%C3%BAblica-sobre-metas-nacionais-para-2023\" target=\"_blank\" rel=\"noopener\"><\/a>\n                <\/div>\n<\/p><\/div>\n<div class=\"materia\">\n<p>26\/07\/22 &#8211; O Tribunal Superior do Trabalho (TST) realizar\u00e1, nesta quarta-feira (27), audi\u00eancia p\u00fablica sobre a defini\u00e7\u00e3o das metas nacionais do TST para 2023. O evento ser\u00e1 realizado das 14h \u00e0s 17h, na sede do TST, com transmiss\u00e3o ao vivo pelo <a href=\"https:\/\/www.youtube.com\/watch?v=gRusG7RAnIg\" target=\"_blank\" rel=\"noopener\">canal oficial do TST no YouTube<\/a>.\u00a0\u00a0<\/p>\n<p>Representantes do Conselho Federal da Ordem dos Advogados do Brasil (OAB), do Minist\u00e9rio P\u00fablico do Trabalho (MPT), da Associa\u00e7\u00e3o Nacional dos Magistrados da Justi\u00e7a do Trabalho (Anamatra) e da Associa\u00e7\u00e3o Brasileira de Advogados Trabalhistas (Abrat) foram convidados para o evento. Cada participante ter\u00e1 10 minutos para expor suas ideias.\u00a0<\/p>\n<p>A sociedade civil tamb\u00e9m poder\u00e1 participar por meio do envio de coment\u00e1rios durante a transmiss\u00e3o da audi\u00eancia. O chat do canal, ao lado do visor, estar\u00e1 aberto para receber perguntas, que ser\u00e3o lidas no decorrer do evento.<\/p>\n<p><strong>Consulta p\u00fablica<\/strong><\/p>\n<p>A defini\u00e7\u00e3o das metas nacionais do TST para 2023 tamb\u00e9m \u00e9 tema de uma consulta p\u00fablica, iniciada no dia 4 de julho. O envio das contribui\u00e7\u00f5es pode ser realizado at\u00e9 o dia 5 de agosto, por meio de <a href=\"https:\/\/docs.google.com\/forms\/d\/e\/1FAIpQLSfE3RYkJ5shnQ2lf-J0S0tJitiaAHBbrd7jHQCuAHmoLMifTg\/viewform\" target=\"_blank\" rel=\"noopener\">formul\u00e1rio eletr\u00f4nico dispon\u00edvel aqui<\/a>.<\/p>\n<p><strong>Gest\u00e3o participativa<\/strong><\/p>\n<p>As metas representam um compromisso do Tribunal Superior do Trabalho com a sociedade para o aprimoramento da atua\u00e7\u00e3o e do desempenho do \u00f3rg\u00e3o.\u00a0<\/p>\n<p>Por meio da audi\u00eancia e da consulta p\u00fablica, o TST busca promover uma gest\u00e3o participativa que contemple a diversidade de opini\u00f5es sobre a atua\u00e7\u00e3o do Tribunal para, ent\u00e3o, direcionar esfor\u00e7os alinhados ao interesse p\u00fablico.<\/p>\n<p><strong>Servi\u00e7o:<\/strong><\/p>\n<p>Audi\u00eancia P\u00fablica &#8211; Metas Nacionais 2023<\/p>\n<p>Quando: 27 de julho<\/p>\n<p>Hor\u00e1rio: das 14h \u00e0s 17h<\/p>\n<p>Local: audit\u00f3rio Walmir Oliveira da Costa, localizado no 1\u00ba andar do bloco B do TST. Transmiss\u00e3o ao vivo pelo canal oficial do TST no YouTube.<\/p>\n<p>(Nat\u00e1lia Pianegonda\/RT)<\/p>\n<p>\u00a0<\/p>\n<\/p>\n<\/div><\/div>\n<\/div>\n","protected":false},"excerpt":{"rendered":"<p>Evento ocorrer\u00e1 na tarde desta quarta-feira (27).\u00a0Tribunal Superior do Trabalho tamb\u00e9m abriu consulta p\u00fablica sobre o tema Imagem do edif\u00edcio-sede do TST 26\/07\/22 &#8211; O Tribunal Superior do Trabalho (TST) realizar\u00e1, nesta quarta-feira (27), audi\u00eancia p\u00fablica sobre a defini\u00e7\u00e3o das metas nacionais do TST para 2023. O evento ser\u00e1 realizado das 14h \u00e0s 17h, na [&hellip;]<\/p>\n","protected":false},"author":0,"featured_media":12414,"comment_status":"open","ping_status":"","sticky":false,"template":"","format":"standard","meta":{"footnotes":""},"categories":[5],"tags":[],"class_list":["post-12413","post","type-post","status-publish","format-standard","has-post-thumbnail","hentry","category-noticias-educacao-financeira"],"blocksy_meta":{"styles_descriptor":{"styles":{"desktop":"","tablet":"","mobile":""},"google_fonts":[],"version":6}},"yoast_head":"<!-- This site is optimized with the Yoast SEO plugin v27.4 - https:\/\/yoast.com\/product\/yoast-seo-wordpress\/ -->\n<title>TST realiza audi\u00eancia p\u00fablica sobre metas nacionais para 2023 - Contabilidade Caxias<\/title>\n<meta name=\"robots\" content=\"index, follow, max-snippet:-1, max-image-preview:large, max-video-preview:-1\" \/>\n<link rel=\"canonical\" href=\"https:\/\/contabilidadecaxias.com.br\/index.php\/2022\/07\/26\/tst-realiza-audiencia-publica-sobre-metas-nacionais-para-2023\/\" \/>\n<meta property=\"og:locale\" content=\"pt_BR\" \/>\n<meta property=\"og:type\" content=\"article\" \/>\n<meta property=\"og:title\" content=\"TST realiza audi\u00eancia p\u00fablica sobre metas nacionais para 2023 - Contabilidade Caxias\" \/>\n<meta property=\"og:description\" content=\"Evento ocorrer\u00e1 na tarde desta quarta-feira (27).\u00a0Tribunal Superior do Trabalho tamb\u00e9m abriu consulta p\u00fablica sobre o tema Imagem do edif\u00edcio-sede do TST 26\/07\/22 &#8211; O Tribunal Superior do Trabalho (TST) realizar\u00e1, nesta quarta-feira (27), audi\u00eancia p\u00fablica sobre a defini\u00e7\u00e3o das metas nacionais do TST para 2023. O evento ser\u00e1 realizado das 14h \u00e0s 17h, na [&hellip;]\" \/>\n<meta property=\"og:url\" content=\"https:\/\/contabilidadecaxias.com.br\/index.php\/2022\/07\/26\/tst-realiza-audiencia-publica-sobre-metas-nacionais-para-2023\/\" \/>\n<meta property=\"og:site_name\" content=\"Contabilidade Caxias\" \/>\n<meta property=\"article:published_time\" content=\"2022-07-26T22:04:03+00:00\" \/>\n<meta name=\"twitter:card\" content=\"summary_large_image\" \/>\n<meta name=\"twitter:label1\" content=\"Est. tempo de leitura\" \/>\n\t<meta name=\"twitter:data1\" content=\"2 minutos\" \/>\n<script type=\"application\/ld+json\" class=\"yoast-schema-graph\">{\"@context\":\"https:\\\/\\\/schema.org\",\"@graph\":[{\"@type\":\"Article\",\"@id\":\"https:\\\/\\\/contabilidadecaxias.com.br\\\/index.php\\\/2022\\\/07\\\/26\\\/tst-realiza-audiencia-publica-sobre-metas-nacionais-para-2023\\\/#article\",\"isPartOf\":{\"@id\":\"https:\\\/\\\/contabilidadecaxias.com.br\\\/index.php\\\/2022\\\/07\\\/26\\\/tst-realiza-audiencia-publica-sobre-metas-nacionais-para-2023\\\/\"},\"author\":{\"name\":\"\",\"@id\":\"\"},\"headline\":\"TST realiza audi\u00eancia p\u00fablica sobre metas nacionais para 2023\",\"datePublished\":\"2022-07-26T22:04:03+00:00\",\"mainEntityOfPage\":{\"@id\":\"https:\\\/\\\/contabilidadecaxias.com.br\\\/index.php\\\/2022\\\/07\\\/26\\\/tst-realiza-audiencia-publica-sobre-metas-nacionais-para-2023\\\/\"},\"wordCount\":344,\"commentCount\":0,\"image\":{\"@id\":\"https:\\\/\\\/contabilidadecaxias.com.br\\\/index.php\\\/2022\\\/07\\\/26\\\/tst-realiza-audiencia-publica-sobre-metas-nacionais-para-2023\\\/#primaryimage\"},\"thumbnailUrl\":\"https:\\\/\\\/contabilidadecaxias.com.br\\\/wp-content\\\/uploads\\\/2022\\\/07\\\/4670c4b9-c3b9-9147-8bd7-42bb2abb27a2-5MvRDo-scaled.jpeg\",\"articleSection\":[\"Educa\u00e7\u00e3o Financeira\"],\"inLanguage\":\"pt-BR\",\"potentialAction\":[{\"@type\":\"CommentAction\",\"name\":\"Comment\",\"target\":[\"https:\\\/\\\/contabilidadecaxias.com.br\\\/index.php\\\/2022\\\/07\\\/26\\\/tst-realiza-audiencia-publica-sobre-metas-nacionais-para-2023\\\/#respond\"]}]},{\"@type\":\"WebPage\",\"@id\":\"https:\\\/\\\/contabilidadecaxias.com.br\\\/index.php\\\/2022\\\/07\\\/26\\\/tst-realiza-audiencia-publica-sobre-metas-nacionais-para-2023\\\/\",\"url\":\"https:\\\/\\\/contabilidadecaxias.com.br\\\/index.php\\\/2022\\\/07\\\/26\\\/tst-realiza-audiencia-publica-sobre-metas-nacionais-para-2023\\\/\",\"name\":\"TST realiza audi\u00eancia p\u00fablica sobre metas nacionais para 2023 - Contabilidade Caxias\",\"isPartOf\":{\"@id\":\"https:\\\/\\\/contabilidadecaxias.com.br\\\/#website\"},\"primaryImageOfPage\":{\"@id\":\"https:\\\/\\\/contabilidadecaxias.com.br\\\/index.php\\\/2022\\\/07\\\/26\\\/tst-realiza-audiencia-publica-sobre-metas-nacionais-para-2023\\\/#primaryimage\"},\"image\":{\"@id\":\"https:\\\/\\\/contabilidadecaxias.com.br\\\/index.php\\\/2022\\\/07\\\/26\\\/tst-realiza-audiencia-publica-sobre-metas-nacionais-para-2023\\\/#primaryimage\"},\"thumbnailUrl\":\"https:\\\/\\\/contabilidadecaxias.com.br\\\/wp-content\\\/uploads\\\/2022\\\/07\\\/4670c4b9-c3b9-9147-8bd7-42bb2abb27a2-5MvRDo-scaled.jpeg\",\"datePublished\":\"2022-07-26T22:04:03+00:00\",\"author\":{\"@id\":\"\"},\"breadcrumb\":{\"@id\":\"https:\\\/\\\/contabilidadecaxias.com.br\\\/index.php\\\/2022\\\/07\\\/26\\\/tst-realiza-audiencia-publica-sobre-metas-nacionais-para-2023\\\/#breadcrumb\"},\"inLanguage\":\"pt-BR\",\"potentialAction\":[{\"@type\":\"ReadAction\",\"target\":[\"https:\\\/\\\/contabilidadecaxias.com.br\\\/index.php\\\/2022\\\/07\\\/26\\\/tst-realiza-audiencia-publica-sobre-metas-nacionais-para-2023\\\/\"]}]},{\"@type\":\"ImageObject\",\"inLanguage\":\"pt-BR\",\"@id\":\"https:\\\/\\\/contabilidadecaxias.com.br\\\/index.php\\\/2022\\\/07\\\/26\\\/tst-realiza-audiencia-publica-sobre-metas-nacionais-para-2023\\\/#primaryimage\",\"url\":\"https:\\\/\\\/contabilidadecaxias.com.br\\\/wp-content\\\/uploads\\\/2022\\\/07\\\/4670c4b9-c3b9-9147-8bd7-42bb2abb27a2-5MvRDo-scaled.jpeg\",\"contentUrl\":\"https:\\\/\\\/contabilidadecaxias.com.br\\\/wp-content\\\/uploads\\\/2022\\\/07\\\/4670c4b9-c3b9-9147-8bd7-42bb2abb27a2-5MvRDo-scaled.jpeg\",\"width\":2560,\"height\":1743},{\"@type\":\"BreadcrumbList\",\"@id\":\"https:\\\/\\\/contabilidadecaxias.com.br\\\/index.php\\\/2022\\\/07\\\/26\\\/tst-realiza-audiencia-publica-sobre-metas-nacionais-para-2023\\\/#breadcrumb\",\"itemListElement\":[{\"@type\":\"ListItem\",\"position\":1,\"name\":\"In\u00edcio\",\"item\":\"https:\\\/\\\/contabilidadecaxias.com.br\\\/\"},{\"@type\":\"ListItem\",\"position\":2,\"name\":\"TST realiza audi\u00eancia p\u00fablica sobre metas nacionais para 2023\"}]},{\"@type\":\"WebSite\",\"@id\":\"https:\\\/\\\/contabilidadecaxias.com.br\\\/#website\",\"url\":\"https:\\\/\\\/contabilidadecaxias.com.br\\\/\",\"name\":\"Contabilidade Caxias\",\"description\":\"Site especializado em Contabilidade para Caxias.\",\"potentialAction\":[{\"@type\":\"SearchAction\",\"target\":{\"@type\":\"EntryPoint\",\"urlTemplate\":\"https:\\\/\\\/contabilidadecaxias.com.br\\\/?s={search_term_string}\"},\"query-input\":{\"@type\":\"PropertyValueSpecification\",\"valueRequired\":true,\"valueName\":\"search_term_string\"}}],\"inLanguage\":\"pt-BR\"}]}<\/script>\n<!-- \/ Yoast SEO plugin. -->","yoast_head_json":{"title":"TST realiza audi\u00eancia p\u00fablica sobre metas nacionais para 2023 - Contabilidade Caxias","robots":{"index":"index","follow":"follow","max-snippet":"max-snippet:-1","max-image-preview":"max-image-preview:large","max-video-preview":"max-video-preview:-1"},"canonical":"https:\/\/contabilidadecaxias.com.br\/index.php\/2022\/07\/26\/tst-realiza-audiencia-publica-sobre-metas-nacionais-para-2023\/","og_locale":"pt_BR","og_type":"article","og_title":"TST realiza audi\u00eancia p\u00fablica sobre metas nacionais para 2023 - Contabilidade Caxias","og_description":"Evento ocorrer\u00e1 na tarde desta quarta-feira (27).\u00a0Tribunal Superior do Trabalho tamb\u00e9m abriu consulta p\u00fablica sobre o tema Imagem do edif\u00edcio-sede do TST 26\/07\/22 &#8211; O Tribunal Superior do Trabalho (TST) realizar\u00e1, nesta quarta-feira (27), audi\u00eancia p\u00fablica sobre a defini\u00e7\u00e3o das metas nacionais do TST para 2023. O evento ser\u00e1 realizado das 14h \u00e0s 17h, na [&hellip;]","og_url":"https:\/\/contabilidadecaxias.com.br\/index.php\/2022\/07\/26\/tst-realiza-audiencia-publica-sobre-metas-nacionais-para-2023\/","og_site_name":"Contabilidade Caxias","article_published_time":"2022-07-26T22:04:03+00:00","twitter_card":"summary_large_image","twitter_misc":{"Est. tempo de leitura":"2 minutos"},"schema":{"@context":"https:\/\/schema.org","@graph":[{"@type":"Article","@id":"https:\/\/contabilidadecaxias.com.br\/index.php\/2022\/07\/26\/tst-realiza-audiencia-publica-sobre-metas-nacionais-para-2023\/#article","isPartOf":{"@id":"https:\/\/contabilidadecaxias.com.br\/index.php\/2022\/07\/26\/tst-realiza-audiencia-publica-sobre-metas-nacionais-para-2023\/"},"author":{"name":"","@id":""},"headline":"TST realiza audi\u00eancia p\u00fablica sobre metas nacionais para 2023","datePublished":"2022-07-26T22:04:03+00:00","mainEntityOfPage":{"@id":"https:\/\/contabilidadecaxias.com.br\/index.php\/2022\/07\/26\/tst-realiza-audiencia-publica-sobre-metas-nacionais-para-2023\/"},"wordCount":344,"commentCount":0,"image":{"@id":"https:\/\/contabilidadecaxias.com.br\/index.php\/2022\/07\/26\/tst-realiza-audiencia-publica-sobre-metas-nacionais-para-2023\/#primaryimage"},"thumbnailUrl":"https:\/\/contabilidadecaxias.com.br\/wp-content\/uploads\/2022\/07\/4670c4b9-c3b9-9147-8bd7-42bb2abb27a2-5MvRDo-scaled.jpeg","articleSection":["Educa\u00e7\u00e3o Financeira"],"inLanguage":"pt-BR","potentialAction":[{"@type":"CommentAction","name":"Comment","target":["https:\/\/contabilidadecaxias.com.br\/index.php\/2022\/07\/26\/tst-realiza-audiencia-publica-sobre-metas-nacionais-para-2023\/#respond"]}]},{"@type":"WebPage","@id":"https:\/\/contabilidadecaxias.com.br\/index.php\/2022\/07\/26\/tst-realiza-audiencia-publica-sobre-metas-nacionais-para-2023\/","url":"https:\/\/contabilidadecaxias.com.br\/index.php\/2022\/07\/26\/tst-realiza-audiencia-publica-sobre-metas-nacionais-para-2023\/","name":"TST realiza audi\u00eancia p\u00fablica sobre metas nacionais para 2023 - Contabilidade Caxias","isPartOf":{"@id":"https:\/\/contabilidadecaxias.com.br\/#website"},"primaryImageOfPage":{"@id":"https:\/\/contabilidadecaxias.com.br\/index.php\/2022\/07\/26\/tst-realiza-audiencia-publica-sobre-metas-nacionais-para-2023\/#primaryimage"},"image":{"@id":"https:\/\/contabilidadecaxias.com.br\/index.php\/2022\/07\/26\/tst-realiza-audiencia-publica-sobre-metas-nacionais-para-2023\/#primaryimage"},"thumbnailUrl":"https:\/\/contabilidadecaxias.com.br\/wp-content\/uploads\/2022\/07\/4670c4b9-c3b9-9147-8bd7-42bb2abb27a2-5MvRDo-scaled.jpeg","datePublished":"2022-07-26T22:04:03+00:00","author":{"@id":""},"breadcrumb":{"@id":"https:\/\/contabilidadecaxias.com.br\/index.php\/2022\/07\/26\/tst-realiza-audiencia-publica-sobre-metas-nacionais-para-2023\/#breadcrumb"},"inLanguage":"pt-BR","potentialAction":[{"@type":"ReadAction","target":["https:\/\/contabilidadecaxias.com.br\/index.php\/2022\/07\/26\/tst-realiza-audiencia-publica-sobre-metas-nacionais-para-2023\/"]}]},{"@type":"ImageObject","inLanguage":"pt-BR","@id":"https:\/\/contabilidadecaxias.com.br\/index.php\/2022\/07\/26\/tst-realiza-audiencia-publica-sobre-metas-nacionais-para-2023\/#primaryimage","url":"https:\/\/contabilidadecaxias.com.br\/wp-content\/uploads\/2022\/07\/4670c4b9-c3b9-9147-8bd7-42bb2abb27a2-5MvRDo-scaled.jpeg","contentUrl":"https:\/\/contabilidadecaxias.com.br\/wp-content\/uploads\/2022\/07\/4670c4b9-c3b9-9147-8bd7-42bb2abb27a2-5MvRDo-scaled.jpeg","width":2560,"height":1743},{"@type":"BreadcrumbList","@id":"https:\/\/contabilidadecaxias.com.br\/index.php\/2022\/07\/26\/tst-realiza-audiencia-publica-sobre-metas-nacionais-para-2023\/#breadcrumb","itemListElement":[{"@type":"ListItem","position":1,"name":"In\u00edcio","item":"https:\/\/contabilidadecaxias.com.br\/"},{"@type":"ListItem","position":2,"name":"TST realiza audi\u00eancia p\u00fablica sobre metas nacionais para 2023"}]},{"@type":"WebSite","@id":"https:\/\/contabilidadecaxias.com.br\/#website","url":"https:\/\/contabilidadecaxias.com.br\/","name":"Contabilidade Caxias","description":"Site especializado em Contabilidade para Caxias.","potentialAction":[{"@type":"SearchAction","target":{"@type":"EntryPoint","urlTemplate":"https:\/\/contabilidadecaxias.com.br\/?s={search_term_string}"},"query-input":{"@type":"PropertyValueSpecification","valueRequired":true,"valueName":"search_term_string"}}],"inLanguage":"pt-BR"}]}},"_links":{"self":[{"href":"https:\/\/contabilidadecaxias.com.br\/index.php\/wp-json\/wp\/v2\/posts\/12413","targetHints":{"allow":["GET"]}}],"collection":[{"href":"https:\/\/contabilidadecaxias.com.br\/index.php\/wp-json\/wp\/v2\/posts"}],"about":[{"href":"https:\/\/contabilidadecaxias.com.br\/index.php\/wp-json\/wp\/v2\/types\/post"}],"replies":[{"embeddable":true,"href":"https:\/\/contabilidadecaxias.com.br\/index.php\/wp-json\/wp\/v2\/comments?post=12413"}],"version-history":[{"count":0,"href":"https:\/\/contabilidadecaxias.com.br\/index.php\/wp-json\/wp\/v2\/posts\/12413\/revisions"}],"wp:featuredmedia":[{"embeddable":true,"href":"https:\/\/contabilidadecaxias.com.br\/index.php\/wp-json\/wp\/v2\/media\/12414"}],"wp:attachment":[{"href":"https:\/\/contabilidadecaxias.com.br\/index.php\/wp-json\/wp\/v2\/media?parent=12413"}],"wp:term":[{"taxonomy":"category","embeddable":true,"href":"https:\/\/contabilidadecaxias.com.br\/index.php\/wp-json\/wp\/v2\/categories?post=12413"},{"taxonomy":"post_tag","embeddable":true,"href":"https:\/\/contabilidadecaxias.com.br\/index.php\/wp-json\/wp\/v2\/tags?post=12413"}],"curies":[{"name":"wp","href":"https:\/\/api.w.org\/{rel}","templated":true}]}}