{"id":1208,"date":"2022-02-20T20:35:16","date_gmt":"2022-02-20T23:35:16","guid":{"rendered":"https:\/\/contabilidadecaxias.com.br\/index.php\/2022\/02\/20\/maria-afirma-que-nao-se-arrepende-de-participacao-no-bbb-22\/"},"modified":"2022-02-20T20:35:16","modified_gmt":"2022-02-20T23:35:16","slug":"maria-afirma-que-nao-se-arrepende-de-participacao-no-bbb-22","status":"publish","type":"post","link":"https:\/\/contabilidadecaxias.com.br\/index.php\/2022\/02\/20\/maria-afirma-que-nao-se-arrepende-de-participacao-no-bbb-22\/","title":{"rendered":"Maria afirma que n\u00e3o se arrepende de participa\u00e7\u00e3o no &#8220;BBB 22&#8221;"},"content":{"rendered":"<p>S\u00c3O PAULO, SP (FOLHAPRESS) &#8211; Maria, que foi expulsa do BBB 22 (Globo) ap\u00f3s bater com um balde na cabe\u00e7a de Nat\u00e1lia, participou do Doming\u00e3o com Huck (tamb\u00e9m da Globo) neste domingo (20). A atriz relembrou o epis\u00f3dio que acabou com a desclassifica\u00e7\u00e3o dela no jogo.<\/p>\n<p>&#8220;Eu fiquei muito mais tranquila quando vi o VT porque deu para entender o lugar imediato de arrependimento&#8221;, contou ao apresentador Luciano Huck e a seus convidados. &#8220;No momento que eu fiz, era n\u00edtido que n\u00e3o tinha consci\u00eancia do que estava fazendo.&#8221;<\/p>\n<p>A agora ex-BBB contou que n\u00e3o se reconheceu naquela atitude. &#8220;Aqui fora eu n\u00e3o tinha essas rea\u00e7\u00f5es&#8221;, afirmou. &#8220;A minha tend\u00eancia que eu tenho ao me alterar \u00e9 o meu deboche.&#8221;<\/p>\n<p>A atriz contou que aceitou &#8220;sem titubear&#8221; a sua expuls\u00e3o, mas que deixar o programa n\u00e3o foi nada f\u00e1cil. &#8220;O primeiro momento foi de desespero&#8221;, relatou. &#8220;Mas em seguida recebi acolhimento muito grande.&#8221;<\/p>\n<p>Ela disse que temia ser reduzida \u00e0 cena da agress\u00e3o e disse que ouviu muitos conselhos de fazer tratamento psicol\u00f3gico para controlar a agressividade. &#8220;Eu j\u00e1 fazia terapia aqui fora&#8221;, disse. &#8220;Eu estava passando por momento conturbado, mas decidi aceitar o convite do programa por achar que era uma grande oportunidade.&#8221;<\/p>\n<p>Perguntada se, caso soubesse como sua jornada no programa terminaria, ela teria deixado de entrar na casa, ela respondeu que n\u00e3o. &#8220;Teria feito a mesma trajet\u00f3ria e cometido os mesmos erros, sen\u00e3o n\u00e3o tinha chegado aonde estou agora.&#8221;<\/p>\n<p>Al\u00e9m de Maria, a eliminada da semana, B\u00e1rbara Heck, tamb\u00e9m participou do programa. Ela comentou os 86% de votos que recebeu para sair do programa. &#8220;Estou fazendo hist\u00f3ria, estou entre as 10 maiores rejei\u00e7\u00f5es&#8221;, comemorou.<\/p>\n<p>O momento que mais chamou a aten\u00e7\u00e3o foi quando Jo\u00e3o Vicente de Castro, um dos convidados do programa, revelou que conhecia a modelo. Questionado por Huck, ele disse que ambos tinham &#8220;amigos em comum&#8221;. &#8220;Eu sou uma pessoa bem relacionada&#8221;, contou ela.<\/p>\n<p>Ela disse tamb\u00e9m que n\u00e3o se arrependeu das alian\u00e7as que fez na casa. Sobre Jade Picon, que era sua amiga dentro da casa, ela disse que a sentia &#8220;mais fria&#8221;, mas respeitou a forma da influenciadora de se relacionar. &#8220;N\u00e3o gosto de cobrar e tento respeitar o jeito do outro&#8221;, afirmou.<\/p>","protected":false},"excerpt":{"rendered":"<p>S\u00c3O PAULO, SP (FOLHAPRESS) &#8211; Maria, que foi expulsa do BBB 22 (Globo) ap\u00f3s bater com um balde na cabe\u00e7a de Nat\u00e1lia, participou do Doming\u00e3o com Huck (tamb\u00e9m da Globo) neste domingo (20). A atriz relembrou o epis\u00f3dio que acabou com a desclassifica\u00e7\u00e3o dela no jogo. &#8220;Eu fiquei muito mais tranquila quando vi o VT [&hellip;]<\/p>\n","protected":false},"author":0,"featured_media":0,"comment_status":"open","ping_status":"open","sticky":false,"template":"","format":"standard","meta":{"footnotes":""},"categories":[4],"tags":[],"class_list":["post-1208","post","type-post","status-publish","format-standard","hentry","category-noticias-empreendedorismo"],"blocksy_meta":{"styles_descriptor":{"styles":{"desktop":"","tablet":"","mobile":""},"google_fonts":[],"version":6}},"yoast_head":"<!-- This site is optimized with the Yoast SEO plugin v27.5 - https:\/\/yoast.com\/product\/yoast-seo-wordpress\/ -->\n<title>Maria afirma que n\u00e3o se arrepende de participa\u00e7\u00e3o no &quot;BBB 22&quot; - Contabilidade Caxias<\/title>\n<meta name=\"robots\" content=\"index, follow, max-snippet:-1, max-image-preview:large, max-video-preview:-1\" \/>\n<link rel=\"canonical\" href=\"https:\/\/contabilidadecaxias.com.br\/index.php\/2022\/02\/20\/maria-afirma-que-nao-se-arrepende-de-participacao-no-bbb-22\/\" \/>\n<meta property=\"og:locale\" content=\"pt_BR\" \/>\n<meta property=\"og:type\" content=\"article\" \/>\n<meta property=\"og:title\" content=\"Maria afirma que n\u00e3o se arrepende de participa\u00e7\u00e3o no &quot;BBB 22&quot; - Contabilidade Caxias\" \/>\n<meta property=\"og:description\" content=\"S\u00c3O PAULO, SP (FOLHAPRESS) &#8211; Maria, que foi expulsa do BBB 22 (Globo) ap\u00f3s bater com um balde na cabe\u00e7a de Nat\u00e1lia, participou do Doming\u00e3o com Huck (tamb\u00e9m da Globo) neste domingo (20). A atriz relembrou o epis\u00f3dio que acabou com a desclassifica\u00e7\u00e3o dela no jogo. &#8220;Eu fiquei muito mais tranquila quando vi o VT [&hellip;]\" \/>\n<meta property=\"og:url\" content=\"https:\/\/contabilidadecaxias.com.br\/index.php\/2022\/02\/20\/maria-afirma-que-nao-se-arrepende-de-participacao-no-bbb-22\/\" \/>\n<meta property=\"og:site_name\" content=\"Contabilidade Caxias\" \/>\n<meta property=\"article:published_time\" content=\"2022-02-20T23:35:16+00:00\" \/>\n<meta name=\"twitter:card\" content=\"summary_large_image\" \/>\n<meta name=\"twitter:label1\" content=\"Est. tempo de leitura\" \/>\n\t<meta name=\"twitter:data1\" content=\"2 minutos\" \/>\n<script type=\"application\/ld+json\" class=\"yoast-schema-graph\">{\"@context\":\"https:\\\/\\\/schema.org\",\"@graph\":[{\"@type\":\"Article\",\"@id\":\"https:\\\/\\\/contabilidadecaxias.com.br\\\/index.php\\\/2022\\\/02\\\/20\\\/maria-afirma-que-nao-se-arrepende-de-participacao-no-bbb-22\\\/#article\",\"isPartOf\":{\"@id\":\"https:\\\/\\\/contabilidadecaxias.com.br\\\/index.php\\\/2022\\\/02\\\/20\\\/maria-afirma-que-nao-se-arrepende-de-participacao-no-bbb-22\\\/\"},\"author\":{\"name\":\"\",\"@id\":\"\"},\"headline\":\"Maria afirma que n\u00e3o se arrepende de participa\u00e7\u00e3o no &#8220;BBB 22&#8221;\",\"datePublished\":\"2022-02-20T23:35:16+00:00\",\"mainEntityOfPage\":{\"@id\":\"https:\\\/\\\/contabilidadecaxias.com.br\\\/index.php\\\/2022\\\/02\\\/20\\\/maria-afirma-que-nao-se-arrepende-de-participacao-no-bbb-22\\\/\"},\"wordCount\":410,\"commentCount\":0,\"articleSection\":[\"Empreendedorismo\"],\"inLanguage\":\"pt-BR\",\"potentialAction\":[{\"@type\":\"CommentAction\",\"name\":\"Comment\",\"target\":[\"https:\\\/\\\/contabilidadecaxias.com.br\\\/index.php\\\/2022\\\/02\\\/20\\\/maria-afirma-que-nao-se-arrepende-de-participacao-no-bbb-22\\\/#respond\"]}]},{\"@type\":\"WebPage\",\"@id\":\"https:\\\/\\\/contabilidadecaxias.com.br\\\/index.php\\\/2022\\\/02\\\/20\\\/maria-afirma-que-nao-se-arrepende-de-participacao-no-bbb-22\\\/\",\"url\":\"https:\\\/\\\/contabilidadecaxias.com.br\\\/index.php\\\/2022\\\/02\\\/20\\\/maria-afirma-que-nao-se-arrepende-de-participacao-no-bbb-22\\\/\",\"name\":\"Maria afirma que n\u00e3o se arrepende de participa\u00e7\u00e3o no \\\"BBB 22\\\" - Contabilidade Caxias\",\"isPartOf\":{\"@id\":\"https:\\\/\\\/contabilidadecaxias.com.br\\\/#website\"},\"datePublished\":\"2022-02-20T23:35:16+00:00\",\"author\":{\"@id\":\"\"},\"breadcrumb\":{\"@id\":\"https:\\\/\\\/contabilidadecaxias.com.br\\\/index.php\\\/2022\\\/02\\\/20\\\/maria-afirma-que-nao-se-arrepende-de-participacao-no-bbb-22\\\/#breadcrumb\"},\"inLanguage\":\"pt-BR\",\"potentialAction\":[{\"@type\":\"ReadAction\",\"target\":[\"https:\\\/\\\/contabilidadecaxias.com.br\\\/index.php\\\/2022\\\/02\\\/20\\\/maria-afirma-que-nao-se-arrepende-de-participacao-no-bbb-22\\\/\"]}]},{\"@type\":\"BreadcrumbList\",\"@id\":\"https:\\\/\\\/contabilidadecaxias.com.br\\\/index.php\\\/2022\\\/02\\\/20\\\/maria-afirma-que-nao-se-arrepende-de-participacao-no-bbb-22\\\/#breadcrumb\",\"itemListElement\":[{\"@type\":\"ListItem\",\"position\":1,\"name\":\"In\u00edcio\",\"item\":\"https:\\\/\\\/contabilidadecaxias.com.br\\\/\"},{\"@type\":\"ListItem\",\"position\":2,\"name\":\"Maria afirma que n\u00e3o se arrepende de participa\u00e7\u00e3o no &#8220;BBB 22&#8221;\"}]},{\"@type\":\"WebSite\",\"@id\":\"https:\\\/\\\/contabilidadecaxias.com.br\\\/#website\",\"url\":\"https:\\\/\\\/contabilidadecaxias.com.br\\\/\",\"name\":\"Contabilidade Caxias\",\"description\":\"Site especializado em Contabilidade para Caxias.\",\"potentialAction\":[{\"@type\":\"SearchAction\",\"target\":{\"@type\":\"EntryPoint\",\"urlTemplate\":\"https:\\\/\\\/contabilidadecaxias.com.br\\\/?s={search_term_string}\"},\"query-input\":{\"@type\":\"PropertyValueSpecification\",\"valueRequired\":true,\"valueName\":\"search_term_string\"}}],\"inLanguage\":\"pt-BR\"}]}<\/script>\n<!-- \/ Yoast SEO plugin. -->","yoast_head_json":{"title":"Maria afirma que n\u00e3o se arrepende de participa\u00e7\u00e3o no \"BBB 22\" - Contabilidade Caxias","robots":{"index":"index","follow":"follow","max-snippet":"max-snippet:-1","max-image-preview":"max-image-preview:large","max-video-preview":"max-video-preview:-1"},"canonical":"https:\/\/contabilidadecaxias.com.br\/index.php\/2022\/02\/20\/maria-afirma-que-nao-se-arrepende-de-participacao-no-bbb-22\/","og_locale":"pt_BR","og_type":"article","og_title":"Maria afirma que n\u00e3o se arrepende de participa\u00e7\u00e3o no \"BBB 22\" - Contabilidade Caxias","og_description":"S\u00c3O PAULO, SP (FOLHAPRESS) &#8211; Maria, que foi expulsa do BBB 22 (Globo) ap\u00f3s bater com um balde na cabe\u00e7a de Nat\u00e1lia, participou do Doming\u00e3o com Huck (tamb\u00e9m da Globo) neste domingo (20). A atriz relembrou o epis\u00f3dio que acabou com a desclassifica\u00e7\u00e3o dela no jogo. &#8220;Eu fiquei muito mais tranquila quando vi o VT [&hellip;]","og_url":"https:\/\/contabilidadecaxias.com.br\/index.php\/2022\/02\/20\/maria-afirma-que-nao-se-arrepende-de-participacao-no-bbb-22\/","og_site_name":"Contabilidade Caxias","article_published_time":"2022-02-20T23:35:16+00:00","twitter_card":"summary_large_image","twitter_misc":{"Est. tempo de leitura":"2 minutos"},"schema":{"@context":"https:\/\/schema.org","@graph":[{"@type":"Article","@id":"https:\/\/contabilidadecaxias.com.br\/index.php\/2022\/02\/20\/maria-afirma-que-nao-se-arrepende-de-participacao-no-bbb-22\/#article","isPartOf":{"@id":"https:\/\/contabilidadecaxias.com.br\/index.php\/2022\/02\/20\/maria-afirma-que-nao-se-arrepende-de-participacao-no-bbb-22\/"},"author":{"name":"","@id":""},"headline":"Maria afirma que n\u00e3o se arrepende de participa\u00e7\u00e3o no &#8220;BBB 22&#8221;","datePublished":"2022-02-20T23:35:16+00:00","mainEntityOfPage":{"@id":"https:\/\/contabilidadecaxias.com.br\/index.php\/2022\/02\/20\/maria-afirma-que-nao-se-arrepende-de-participacao-no-bbb-22\/"},"wordCount":410,"commentCount":0,"articleSection":["Empreendedorismo"],"inLanguage":"pt-BR","potentialAction":[{"@type":"CommentAction","name":"Comment","target":["https:\/\/contabilidadecaxias.com.br\/index.php\/2022\/02\/20\/maria-afirma-que-nao-se-arrepende-de-participacao-no-bbb-22\/#respond"]}]},{"@type":"WebPage","@id":"https:\/\/contabilidadecaxias.com.br\/index.php\/2022\/02\/20\/maria-afirma-que-nao-se-arrepende-de-participacao-no-bbb-22\/","url":"https:\/\/contabilidadecaxias.com.br\/index.php\/2022\/02\/20\/maria-afirma-que-nao-se-arrepende-de-participacao-no-bbb-22\/","name":"Maria afirma que n\u00e3o se arrepende de participa\u00e7\u00e3o no \"BBB 22\" - Contabilidade Caxias","isPartOf":{"@id":"https:\/\/contabilidadecaxias.com.br\/#website"},"datePublished":"2022-02-20T23:35:16+00:00","author":{"@id":""},"breadcrumb":{"@id":"https:\/\/contabilidadecaxias.com.br\/index.php\/2022\/02\/20\/maria-afirma-que-nao-se-arrepende-de-participacao-no-bbb-22\/#breadcrumb"},"inLanguage":"pt-BR","potentialAction":[{"@type":"ReadAction","target":["https:\/\/contabilidadecaxias.com.br\/index.php\/2022\/02\/20\/maria-afirma-que-nao-se-arrepende-de-participacao-no-bbb-22\/"]}]},{"@type":"BreadcrumbList","@id":"https:\/\/contabilidadecaxias.com.br\/index.php\/2022\/02\/20\/maria-afirma-que-nao-se-arrepende-de-participacao-no-bbb-22\/#breadcrumb","itemListElement":[{"@type":"ListItem","position":1,"name":"In\u00edcio","item":"https:\/\/contabilidadecaxias.com.br\/"},{"@type":"ListItem","position":2,"name":"Maria afirma que n\u00e3o se arrepende de participa\u00e7\u00e3o no &#8220;BBB 22&#8221;"}]},{"@type":"WebSite","@id":"https:\/\/contabilidadecaxias.com.br\/#website","url":"https:\/\/contabilidadecaxias.com.br\/","name":"Contabilidade Caxias","description":"Site especializado em Contabilidade para Caxias.","potentialAction":[{"@type":"SearchAction","target":{"@type":"EntryPoint","urlTemplate":"https:\/\/contabilidadecaxias.com.br\/?s={search_term_string}"},"query-input":{"@type":"PropertyValueSpecification","valueRequired":true,"valueName":"search_term_string"}}],"inLanguage":"pt-BR"}]}},"_links":{"self":[{"href":"https:\/\/contabilidadecaxias.com.br\/index.php\/wp-json\/wp\/v2\/posts\/1208","targetHints":{"allow":["GET"]}}],"collection":[{"href":"https:\/\/contabilidadecaxias.com.br\/index.php\/wp-json\/wp\/v2\/posts"}],"about":[{"href":"https:\/\/contabilidadecaxias.com.br\/index.php\/wp-json\/wp\/v2\/types\/post"}],"replies":[{"embeddable":true,"href":"https:\/\/contabilidadecaxias.com.br\/index.php\/wp-json\/wp\/v2\/comments?post=1208"}],"version-history":[{"count":0,"href":"https:\/\/contabilidadecaxias.com.br\/index.php\/wp-json\/wp\/v2\/posts\/1208\/revisions"}],"wp:attachment":[{"href":"https:\/\/contabilidadecaxias.com.br\/index.php\/wp-json\/wp\/v2\/media?parent=1208"}],"wp:term":[{"taxonomy":"category","embeddable":true,"href":"https:\/\/contabilidadecaxias.com.br\/index.php\/wp-json\/wp\/v2\/categories?post=1208"},{"taxonomy":"post_tag","embeddable":true,"href":"https:\/\/contabilidadecaxias.com.br\/index.php\/wp-json\/wp\/v2\/tags?post=1208"}],"curies":[{"name":"wp","href":"https:\/\/api.w.org\/{rel}","templated":true}]}}