{"id":11780,"date":"2022-07-23T12:14:54","date_gmt":"2022-07-23T15:14:54","guid":{"rendered":"https:\/\/contabilidadecaxias.com.br\/index.php\/2022\/07\/23\/empresa-precisa-ser-citada-sobre-o-inicio-da-execucao-da-sentenca\/"},"modified":"2022-07-23T12:14:54","modified_gmt":"2022-07-23T15:14:54","slug":"empresa-precisa-ser-citada-sobre-o-inicio-da-execucao-da-sentenca","status":"publish","type":"post","link":"https:\/\/contabilidadecaxias.com.br\/index.php\/2022\/07\/23\/empresa-precisa-ser-citada-sobre-o-inicio-da-execucao-da-sentenca\/","title":{"rendered":"Empresa precisa ser citada sobre o in\u00edcio da execu\u00e7\u00e3o da senten\u00e7a"},"content":{"rendered":"<div>\n\u00a0<br \/>\n\u00a0\u00a0\u00a0\u00a0\u00a0\u00a0\u00a0\u00a0 \u00a0\u00a0\u00a0\u00a0\u00a0\u00a0\u00a0\u00a0 \u00a0\u00a0\u00a0\u00a0\u00a0\u00a0 <a href=\"https:\/\/www.tst.jus.br\/documents\/10157\/27885360\/REVISTA+JUSTI%C3%87A+-20.07.22+-VIVO+09H+-+BOL+EMPRESA+EXECU%C3%87%C3%83O+-+MICHELE+CHIAPPA.mp3\/e5ab0e57-f101-3216-c090-b8e1158826d0?t=1658422665811\"> Baixe o \u00e1udio <\/a><\/div>\n<div><button>Reproduzir o \u00e1udio<\/button>\u00a0\u00a0<button>Pausar o \u00e1udio<\/button>\u00a0\u00a0<button>Aumentar o volume<\/button>\u00a0\u00a0<button>Diminuir o volume<\/button><\/div>\n<p>\u00a0<\/p>\n<p>21\/07\/2022 &#8211;\u00a0A Oitava Turma do Tribunal Superior do Trabalho (TST) determinou que a Mejer Agroflorestal Ltda., condenada a pagar verbas trabalhistas, seja citada do in\u00edcio da fase de execu\u00e7\u00e3o. Conforme o colegiado, que reformou decis\u00e3o das inst\u00e2ncias anteriores, na Justi\u00e7a do Trabalho, n\u00e3o h\u00e1 possibilidade de se determinar imediata penhora, ap\u00f3s cinco dias do tr\u00e2nsito em julgado, sem a devida cita\u00e7\u00e3o do executado.<\/p>\n<p>A a\u00e7\u00e3o foi ajuizada por um trabalhador rural que prestou servi\u00e7os para a Mejer, de 2014 a 2016, no plantio e colheita de dend\u00ea, na fazenda da empregadora localizada no munic\u00edpio de Bonito (PA).\u00a0<\/p>\n<p>A rep\u00f3rter Michelle Chiappa traz mais detalhes sobre a senten\u00e7a.<\/p>\n<p>Processo:\u00a0<a href=\"https:\/\/consultaprocessual.tst.jus.br\/consultaProcessual\/consultaTstNumUnica.do;jsessionid=P2UV6Fy8ZWSUdkVJ7R8lMz-fYAFbUhWKhFkj-h-n.consultaprocessual-17-55gjk?conscsjt=&amp;numeroTst=459&amp;digitoTst=72&amp;anoTst=2016&amp;orgaoTst=5&amp;tribunalTst=08&amp;varaTst=0105&amp;consulta=Consultar\" target=\"_blank\" rel=\"noopener\">RRAg &#8211; 459-72.2016.5.08.0105<\/a><\/p>\n","protected":false},"excerpt":{"rendered":"<p>\u00a0 \u00a0\u00a0\u00a0\u00a0\u00a0\u00a0\u00a0\u00a0 \u00a0\u00a0\u00a0\u00a0\u00a0\u00a0\u00a0\u00a0 \u00a0\u00a0\u00a0\u00a0\u00a0\u00a0 Baixe o \u00e1udio Reproduzir o \u00e1udio\u00a0\u00a0Pausar o \u00e1udio\u00a0\u00a0Aumentar o volume\u00a0\u00a0Diminuir o volume \u00a0 21\/07\/2022 &#8211;\u00a0A Oitava Turma do Tribunal Superior do Trabalho (TST) determinou que a Mejer Agroflorestal Ltda., condenada a pagar verbas trabalhistas, seja citada do in\u00edcio da fase de execu\u00e7\u00e3o. Conforme o colegiado, que reformou decis\u00e3o das inst\u00e2ncias anteriores, [&hellip;]<\/p>\n","protected":false},"author":0,"featured_media":0,"comment_status":"open","ping_status":"","sticky":false,"template":"","format":"standard","meta":{"footnotes":""},"categories":[5],"tags":[],"class_list":["post-11780","post","type-post","status-publish","format-standard","hentry","category-noticias-educacao-financeira"],"blocksy_meta":{"styles_descriptor":{"styles":{"desktop":"","tablet":"","mobile":""},"google_fonts":[],"version":6}},"yoast_head":"<!-- This site is optimized with the Yoast SEO plugin v27.5 - https:\/\/yoast.com\/product\/yoast-seo-wordpress\/ -->\n<title>Empresa precisa ser citada sobre o in\u00edcio da execu\u00e7\u00e3o da senten\u00e7a - Contabilidade Caxias<\/title>\n<meta name=\"robots\" content=\"index, follow, max-snippet:-1, max-image-preview:large, max-video-preview:-1\" \/>\n<link rel=\"canonical\" href=\"https:\/\/contabilidadecaxias.com.br\/index.php\/2022\/07\/23\/empresa-precisa-ser-citada-sobre-o-inicio-da-execucao-da-sentenca\/\" \/>\n<meta property=\"og:locale\" content=\"pt_BR\" \/>\n<meta property=\"og:type\" content=\"article\" \/>\n<meta property=\"og:title\" content=\"Empresa precisa ser citada sobre o in\u00edcio da execu\u00e7\u00e3o da senten\u00e7a - Contabilidade Caxias\" \/>\n<meta property=\"og:description\" content=\"\u00a0 \u00a0\u00a0\u00a0\u00a0\u00a0\u00a0\u00a0\u00a0 \u00a0\u00a0\u00a0\u00a0\u00a0\u00a0\u00a0\u00a0 \u00a0\u00a0\u00a0\u00a0\u00a0\u00a0 Baixe o \u00e1udio Reproduzir o \u00e1udio\u00a0\u00a0Pausar o \u00e1udio\u00a0\u00a0Aumentar o volume\u00a0\u00a0Diminuir o volume \u00a0 21\/07\/2022 &#8211;\u00a0A Oitava Turma do Tribunal Superior do Trabalho (TST) determinou que a Mejer Agroflorestal Ltda., condenada a pagar verbas trabalhistas, seja citada do in\u00edcio da fase de execu\u00e7\u00e3o. Conforme o colegiado, que reformou decis\u00e3o das inst\u00e2ncias anteriores, [&hellip;]\" \/>\n<meta property=\"og:url\" content=\"https:\/\/contabilidadecaxias.com.br\/index.php\/2022\/07\/23\/empresa-precisa-ser-citada-sobre-o-inicio-da-execucao-da-sentenca\/\" \/>\n<meta property=\"og:site_name\" content=\"Contabilidade Caxias\" \/>\n<meta property=\"article:published_time\" content=\"2022-07-23T15:14:54+00:00\" \/>\n<meta name=\"twitter:card\" content=\"summary_large_image\" \/>\n<meta name=\"twitter:label1\" content=\"Est. tempo de leitura\" \/>\n\t<meta name=\"twitter:data1\" content=\"1 minuto\" \/>\n<script type=\"application\/ld+json\" class=\"yoast-schema-graph\">{\"@context\":\"https:\\\/\\\/schema.org\",\"@graph\":[{\"@type\":\"Article\",\"@id\":\"https:\\\/\\\/contabilidadecaxias.com.br\\\/index.php\\\/2022\\\/07\\\/23\\\/empresa-precisa-ser-citada-sobre-o-inicio-da-execucao-da-sentenca\\\/#article\",\"isPartOf\":{\"@id\":\"https:\\\/\\\/contabilidadecaxias.com.br\\\/index.php\\\/2022\\\/07\\\/23\\\/empresa-precisa-ser-citada-sobre-o-inicio-da-execucao-da-sentenca\\\/\"},\"author\":{\"name\":\"\",\"@id\":\"\"},\"headline\":\"Empresa precisa ser citada sobre o in\u00edcio da execu\u00e7\u00e3o da senten\u00e7a\",\"datePublished\":\"2022-07-23T15:14:54+00:00\",\"mainEntityOfPage\":{\"@id\":\"https:\\\/\\\/contabilidadecaxias.com.br\\\/index.php\\\/2022\\\/07\\\/23\\\/empresa-precisa-ser-citada-sobre-o-inicio-da-execucao-da-sentenca\\\/\"},\"wordCount\":152,\"commentCount\":0,\"articleSection\":[\"Educa\u00e7\u00e3o Financeira\"],\"inLanguage\":\"pt-BR\",\"potentialAction\":[{\"@type\":\"CommentAction\",\"name\":\"Comment\",\"target\":[\"https:\\\/\\\/contabilidadecaxias.com.br\\\/index.php\\\/2022\\\/07\\\/23\\\/empresa-precisa-ser-citada-sobre-o-inicio-da-execucao-da-sentenca\\\/#respond\"]}]},{\"@type\":\"WebPage\",\"@id\":\"https:\\\/\\\/contabilidadecaxias.com.br\\\/index.php\\\/2022\\\/07\\\/23\\\/empresa-precisa-ser-citada-sobre-o-inicio-da-execucao-da-sentenca\\\/\",\"url\":\"https:\\\/\\\/contabilidadecaxias.com.br\\\/index.php\\\/2022\\\/07\\\/23\\\/empresa-precisa-ser-citada-sobre-o-inicio-da-execucao-da-sentenca\\\/\",\"name\":\"Empresa precisa ser citada sobre o in\u00edcio da execu\u00e7\u00e3o da senten\u00e7a - Contabilidade Caxias\",\"isPartOf\":{\"@id\":\"https:\\\/\\\/contabilidadecaxias.com.br\\\/#website\"},\"datePublished\":\"2022-07-23T15:14:54+00:00\",\"author\":{\"@id\":\"\"},\"breadcrumb\":{\"@id\":\"https:\\\/\\\/contabilidadecaxias.com.br\\\/index.php\\\/2022\\\/07\\\/23\\\/empresa-precisa-ser-citada-sobre-o-inicio-da-execucao-da-sentenca\\\/#breadcrumb\"},\"inLanguage\":\"pt-BR\",\"potentialAction\":[{\"@type\":\"ReadAction\",\"target\":[\"https:\\\/\\\/contabilidadecaxias.com.br\\\/index.php\\\/2022\\\/07\\\/23\\\/empresa-precisa-ser-citada-sobre-o-inicio-da-execucao-da-sentenca\\\/\"]}]},{\"@type\":\"BreadcrumbList\",\"@id\":\"https:\\\/\\\/contabilidadecaxias.com.br\\\/index.php\\\/2022\\\/07\\\/23\\\/empresa-precisa-ser-citada-sobre-o-inicio-da-execucao-da-sentenca\\\/#breadcrumb\",\"itemListElement\":[{\"@type\":\"ListItem\",\"position\":1,\"name\":\"In\u00edcio\",\"item\":\"https:\\\/\\\/contabilidadecaxias.com.br\\\/\"},{\"@type\":\"ListItem\",\"position\":2,\"name\":\"Empresa precisa ser citada sobre o in\u00edcio da execu\u00e7\u00e3o da senten\u00e7a\"}]},{\"@type\":\"WebSite\",\"@id\":\"https:\\\/\\\/contabilidadecaxias.com.br\\\/#website\",\"url\":\"https:\\\/\\\/contabilidadecaxias.com.br\\\/\",\"name\":\"Contabilidade Caxias\",\"description\":\"Site especializado em Contabilidade para Caxias.\",\"potentialAction\":[{\"@type\":\"SearchAction\",\"target\":{\"@type\":\"EntryPoint\",\"urlTemplate\":\"https:\\\/\\\/contabilidadecaxias.com.br\\\/?s={search_term_string}\"},\"query-input\":{\"@type\":\"PropertyValueSpecification\",\"valueRequired\":true,\"valueName\":\"search_term_string\"}}],\"inLanguage\":\"pt-BR\"}]}<\/script>\n<!-- \/ Yoast SEO plugin. -->","yoast_head_json":{"title":"Empresa precisa ser citada sobre o in\u00edcio da execu\u00e7\u00e3o da senten\u00e7a - Contabilidade Caxias","robots":{"index":"index","follow":"follow","max-snippet":"max-snippet:-1","max-image-preview":"max-image-preview:large","max-video-preview":"max-video-preview:-1"},"canonical":"https:\/\/contabilidadecaxias.com.br\/index.php\/2022\/07\/23\/empresa-precisa-ser-citada-sobre-o-inicio-da-execucao-da-sentenca\/","og_locale":"pt_BR","og_type":"article","og_title":"Empresa precisa ser citada sobre o in\u00edcio da execu\u00e7\u00e3o da senten\u00e7a - Contabilidade Caxias","og_description":"\u00a0 \u00a0\u00a0\u00a0\u00a0\u00a0\u00a0\u00a0\u00a0 \u00a0\u00a0\u00a0\u00a0\u00a0\u00a0\u00a0\u00a0 \u00a0\u00a0\u00a0\u00a0\u00a0\u00a0 Baixe o \u00e1udio Reproduzir o \u00e1udio\u00a0\u00a0Pausar o \u00e1udio\u00a0\u00a0Aumentar o volume\u00a0\u00a0Diminuir o volume \u00a0 21\/07\/2022 &#8211;\u00a0A Oitava Turma do Tribunal Superior do Trabalho (TST) determinou que a Mejer Agroflorestal Ltda., condenada a pagar verbas trabalhistas, seja citada do in\u00edcio da fase de execu\u00e7\u00e3o. Conforme o colegiado, que reformou decis\u00e3o das inst\u00e2ncias anteriores, [&hellip;]","og_url":"https:\/\/contabilidadecaxias.com.br\/index.php\/2022\/07\/23\/empresa-precisa-ser-citada-sobre-o-inicio-da-execucao-da-sentenca\/","og_site_name":"Contabilidade Caxias","article_published_time":"2022-07-23T15:14:54+00:00","twitter_card":"summary_large_image","twitter_misc":{"Est. tempo de leitura":"1 minuto"},"schema":{"@context":"https:\/\/schema.org","@graph":[{"@type":"Article","@id":"https:\/\/contabilidadecaxias.com.br\/index.php\/2022\/07\/23\/empresa-precisa-ser-citada-sobre-o-inicio-da-execucao-da-sentenca\/#article","isPartOf":{"@id":"https:\/\/contabilidadecaxias.com.br\/index.php\/2022\/07\/23\/empresa-precisa-ser-citada-sobre-o-inicio-da-execucao-da-sentenca\/"},"author":{"name":"","@id":""},"headline":"Empresa precisa ser citada sobre o in\u00edcio da execu\u00e7\u00e3o da senten\u00e7a","datePublished":"2022-07-23T15:14:54+00:00","mainEntityOfPage":{"@id":"https:\/\/contabilidadecaxias.com.br\/index.php\/2022\/07\/23\/empresa-precisa-ser-citada-sobre-o-inicio-da-execucao-da-sentenca\/"},"wordCount":152,"commentCount":0,"articleSection":["Educa\u00e7\u00e3o Financeira"],"inLanguage":"pt-BR","potentialAction":[{"@type":"CommentAction","name":"Comment","target":["https:\/\/contabilidadecaxias.com.br\/index.php\/2022\/07\/23\/empresa-precisa-ser-citada-sobre-o-inicio-da-execucao-da-sentenca\/#respond"]}]},{"@type":"WebPage","@id":"https:\/\/contabilidadecaxias.com.br\/index.php\/2022\/07\/23\/empresa-precisa-ser-citada-sobre-o-inicio-da-execucao-da-sentenca\/","url":"https:\/\/contabilidadecaxias.com.br\/index.php\/2022\/07\/23\/empresa-precisa-ser-citada-sobre-o-inicio-da-execucao-da-sentenca\/","name":"Empresa precisa ser citada sobre o in\u00edcio da execu\u00e7\u00e3o da senten\u00e7a - Contabilidade Caxias","isPartOf":{"@id":"https:\/\/contabilidadecaxias.com.br\/#website"},"datePublished":"2022-07-23T15:14:54+00:00","author":{"@id":""},"breadcrumb":{"@id":"https:\/\/contabilidadecaxias.com.br\/index.php\/2022\/07\/23\/empresa-precisa-ser-citada-sobre-o-inicio-da-execucao-da-sentenca\/#breadcrumb"},"inLanguage":"pt-BR","potentialAction":[{"@type":"ReadAction","target":["https:\/\/contabilidadecaxias.com.br\/index.php\/2022\/07\/23\/empresa-precisa-ser-citada-sobre-o-inicio-da-execucao-da-sentenca\/"]}]},{"@type":"BreadcrumbList","@id":"https:\/\/contabilidadecaxias.com.br\/index.php\/2022\/07\/23\/empresa-precisa-ser-citada-sobre-o-inicio-da-execucao-da-sentenca\/#breadcrumb","itemListElement":[{"@type":"ListItem","position":1,"name":"In\u00edcio","item":"https:\/\/contabilidadecaxias.com.br\/"},{"@type":"ListItem","position":2,"name":"Empresa precisa ser citada sobre o in\u00edcio da execu\u00e7\u00e3o da senten\u00e7a"}]},{"@type":"WebSite","@id":"https:\/\/contabilidadecaxias.com.br\/#website","url":"https:\/\/contabilidadecaxias.com.br\/","name":"Contabilidade Caxias","description":"Site especializado em Contabilidade para Caxias.","potentialAction":[{"@type":"SearchAction","target":{"@type":"EntryPoint","urlTemplate":"https:\/\/contabilidadecaxias.com.br\/?s={search_term_string}"},"query-input":{"@type":"PropertyValueSpecification","valueRequired":true,"valueName":"search_term_string"}}],"inLanguage":"pt-BR"}]}},"_links":{"self":[{"href":"https:\/\/contabilidadecaxias.com.br\/index.php\/wp-json\/wp\/v2\/posts\/11780","targetHints":{"allow":["GET"]}}],"collection":[{"href":"https:\/\/contabilidadecaxias.com.br\/index.php\/wp-json\/wp\/v2\/posts"}],"about":[{"href":"https:\/\/contabilidadecaxias.com.br\/index.php\/wp-json\/wp\/v2\/types\/post"}],"replies":[{"embeddable":true,"href":"https:\/\/contabilidadecaxias.com.br\/index.php\/wp-json\/wp\/v2\/comments?post=11780"}],"version-history":[{"count":0,"href":"https:\/\/contabilidadecaxias.com.br\/index.php\/wp-json\/wp\/v2\/posts\/11780\/revisions"}],"wp:attachment":[{"href":"https:\/\/contabilidadecaxias.com.br\/index.php\/wp-json\/wp\/v2\/media?parent=11780"}],"wp:term":[{"taxonomy":"category","embeddable":true,"href":"https:\/\/contabilidadecaxias.com.br\/index.php\/wp-json\/wp\/v2\/categories?post=11780"},{"taxonomy":"post_tag","embeddable":true,"href":"https:\/\/contabilidadecaxias.com.br\/index.php\/wp-json\/wp\/v2\/tags?post=11780"}],"curies":[{"name":"wp","href":"https:\/\/api.w.org\/{rel}","templated":true}]}}