{"id":11771,"date":"2022-07-23T12:14:38","date_gmt":"2022-07-23T15:14:38","guid":{"rendered":"https:\/\/contabilidadecaxias.com.br\/index.php\/2022\/07\/23\/tst-promovera-seminario-internacional-para-discutir-as-competencias-da-justica-do-trabalho\/"},"modified":"2022-07-23T12:14:38","modified_gmt":"2022-07-23T15:14:38","slug":"tst-promovera-seminario-internacional-para-discutir-as-competencias-da-justica-do-trabalho","status":"publish","type":"post","link":"https:\/\/contabilidadecaxias.com.br\/index.php\/2022\/07\/23\/tst-promovera-seminario-internacional-para-discutir-as-competencias-da-justica-do-trabalho\/","title":{"rendered":"TST promover\u00e1 semin\u00e1rio internacional para discutir as compet\u00eancias da Justi\u00e7a do Trabalho"},"content":{"rendered":"<div class=\"noticia-wrapper\">\n<p><em><\/p>\n<p>Evento ser\u00e1 realizado no edif\u00edcio-sede do Tribunal Superior do Trabalho (TST), em Bras\u00edlia, nos dias 18 e 19 de agosto.<\/p>\n<p><\/em><\/p>\n<div class=\"social-media-share mobile\">\n        <a class=\"share-facebook\" href=\"https:\/\/www.facebook.com\/sharer.php?u=https:\/\/www.tst.jus.br\/-\/tst-promover%C3%A1-semin%C3%A1rio-internacional-para-discutir-as-compet%C3%AAncias-da-justi%C3%A7a-do-trabalho\" target=\"_blank\" rel=\"noopener\"><\/a><br \/>\n        <a class=\"share-twitter\" href=\"https:\/\/twitter.com\/intent\/tweet?text=TST%20promover%C3%A1%20semin%C3%A1rio%20internacional%20para%20discutir%20as%20compet%C3%AAncias%20da%20Justi%C3%A7a%20do%20Trabalho%0AVeja%20mais%20em:&amp;url=https:\/\/www.tst.jus.br\/-\/tst-promover%C3%A1-semin%C3%A1rio-internacional-para-discutir-as-compet%C3%AAncias-da-justi%C3%A7a-do-trabalho\" target=\"_blank\" rel=\"noopener\"><\/a><br \/>\n        <a class=\"share-linkedin\" href=\"https:\/\/www.linkedin.com\/shareArticle?mini=true&amp;url=https:\/\/www.tst.jus.br\/-\/tst-promover%C3%A1-semin%C3%A1rio-internacional-para-discutir-as-compet%C3%AAncias-da-justi%C3%A7a-do-trabalho&amp;title=TST%20promover%C3%A1%20semin%C3%A1rio%20internacional%20para%20discutir%20as%20compet%C3%AAncias%20da%20Justi%C3%A7a%20do%20Trabalho\" target=\"_blank\" rel=\"noopener\"><\/a><br \/>\n        <a class=\"share-whatsapp\" href=\"https:\/\/web.whatsapp.com\/send?text=https:\/\/www.tst.jus.br\/-\/tst-promover%C3%A1-semin%C3%A1rio-internacional-para-discutir-as-compet%C3%AAncias-da-justi%C3%A7a-do-trabalho\" target=\"_blank\" rel=\"noopener\"><\/a><br \/>\n        <a class=\"share-googleplus\" href=\"https:\/\/plus.google.com\/share?url=https:\/\/www.tst.jus.br\/-\/tst-promover%C3%A1-semin%C3%A1rio-internacional-para-discutir-as-compet%C3%AAncias-da-justi%C3%A7a-do-trabalho\" target=\"_blank\" rel=\"noopener\"><\/a>\n    <\/div>\n<div class=\"news-body\">\n<div class=\"imagem-da-noticia\">\n<div class=\"social-media-share\">\n                    <a class=\"share-facebook\" href=\"https:\/\/www.facebook.com\/sharer.php?u=https:\/\/www.tst.jus.br\/-\/tst-promover%C3%A1-semin%C3%A1rio-internacional-para-discutir-as-compet%C3%AAncias-da-justi%C3%A7a-do-trabalho\" target=\"_blank\" rel=\"noopener\"><\/a><br \/>\n                    <a class=\"share-twitter\" href=\"https:\/\/twitter.com\/intent\/tweet?text=TST%20promover%C3%A1%20semin%C3%A1rio%20internacional%20para%20discutir%20as%20compet%C3%AAncias%20da%20Justi%C3%A7a%20do%20Trabalho%0AVeja%20mais%20em:&amp;url=https:\/\/www.tst.jus.br\/-\/tst-promover%C3%A1-semin%C3%A1rio-internacional-para-discutir-as-compet%C3%AAncias-da-justi%C3%A7a-do-trabalho\" target=\"_blank\" rel=\"noopener\"><\/a><br \/>\n                    <a class=\"share-linkedin\" href=\"https:\/\/www.linkedin.com\/shareArticle?mini=true&amp;url=https:\/\/www.tst.jus.br\/-\/tst-promover%C3%A1-semin%C3%A1rio-internacional-para-discutir-as-compet%C3%AAncias-da-justi%C3%A7a-do-trabalho&amp;title=TST%20promover%C3%A1%20semin%C3%A1rio%20internacional%20para%20discutir%20as%20compet%C3%AAncias%20da%20Justi%C3%A7a%20do%20Trabalho\" target=\"_blank\" rel=\"noopener\"><\/a><br \/>\n                    <a class=\"share-whatsapp\" href=\"https:\/\/web.whatsapp.com\/send?text=https:\/\/www.tst.jus.br\/-\/tst-promover%C3%A1-semin%C3%A1rio-internacional-para-discutir-as-compet%C3%AAncias-da-justi%C3%A7a-do-trabalho\" target=\"_blank\" rel=\"noopener\"><\/a><br \/>\n                    <a class=\"share-googleplus\" href=\"https:\/\/plus.google.com\/share?url=https:\/\/www.tst.jus.br\/-\/tst-promover%C3%A1-semin%C3%A1rio-internacional-para-discutir-as-compet%C3%AAncias-da-justi%C3%A7a-do-trabalho\" target=\"_blank\" rel=\"noopener\"><\/a>\n                <\/div>\n<\/p><\/div>\n<div class=\"materia\">\n<p>22\/07\/22 &#8211; O Tribunal Superior do Trabalho (TST) realizar\u00e1, nos dias 18 e 19 de agosto, semin\u00e1rio internacional para debater e avaliar a atua\u00e7\u00e3o e as compet\u00eancias da Justi\u00e7a do Trabalho. O objetivo do evento \u00e9 aprofundar as discuss\u00f5es referentes aos avan\u00e7os e retrocessos quanto \u00e0s responsabilidades da Corte Trabalhista ao longo dos \u00faltimos anos. Os debates contar\u00e3o com magistrados do Brasil e do exterior, al\u00e9m de juristas e docentes da \u00e1rea do Direito.<\/p>\n<p>\u201cDiscutir as compet\u00eancias da Justi\u00e7a do Trabalho e fazer uma profunda an\u00e1lise do papel desse ramo especializado do Judici\u00e1rio se faz necess\u00e1rio para valorizarmos essa institui\u00e7\u00e3o que atua no equil\u00edbrio entre capital e trabalho. Somos o Tribunal da Justi\u00e7a Social e, para que esse lema, que tanto nos orgulha, siga presente no dia a dia da sociedade, seguiremos promovendo o debate de alto n\u00edvel e as possibilidades para ampliarmos nossa presen\u00e7a ao lado do jurisdicionado\u201d, relata o ministro Emmanoel Pereira, presidente do TST e do Conselho Superior da Justi\u00e7a do Trabalho (CSJT).<\/p>\n<p>Entre os conferencistas, estar\u00e1 a magistrada Rosa Mar\u00eda Virol\u00e9s Pi\u00f1ol, integrante da Suprema Corte espanhola, que vir\u00e1 ao Brasil a convite do TST para participar do evento. Tamb\u00e9m integram a programa\u00e7\u00e3o os ex-presidentes do Supremo Tribunal Federal ministros Nelson Jobim e Marco Aur\u00e9lio Mello, al\u00e9m do ministro Lu\u00eds Roberto Barroso. Do Superior Tribunal de Justi\u00e7a, est\u00e1 confirmada a presen\u00e7a do ministro Marco Aur\u00e9lio Gastaldi Buzzi.<\/p>\n<p>A abertura e o encerramento do evento caber\u00e3o ao presidente do TST e do CSJT, ministro Emmanoel Pereira.<\/p>\n<p><strong>Inscri\u00e7\u00f5es<\/strong><\/p>\n<p>O Semin\u00e1rio Internacional \u201cA Compet\u00eancia da Justi\u00e7a do Trabalho\u201d ser\u00e1 realizado no Audit\u00f3rio Ministro Mozart Victor Russomano, no 5\u00ba andar do Bloco B do edif\u00edcio-sede do TST, em Bras\u00edlia.<\/p>\n<p>As inscri\u00e7\u00f5es para participa\u00e7\u00e3o presencial poder\u00e3o ser realizadas no site do TST e ser\u00e3o abertas nos pr\u00f3ximos dias.<\/p>\n<p>(Secom)<\/p>\n<\/div><\/div>\n<\/div>\n","protected":false},"excerpt":{"rendered":"<p>Evento ser\u00e1 realizado no edif\u00edcio-sede do Tribunal Superior do Trabalho (TST), em Bras\u00edlia, nos dias 18 e 19 de agosto. 22\/07\/22 &#8211; O Tribunal Superior do Trabalho (TST) realizar\u00e1, nos dias 18 e 19 de agosto, semin\u00e1rio internacional para debater e avaliar a atua\u00e7\u00e3o e as compet\u00eancias da Justi\u00e7a do Trabalho. O objetivo do evento [&hellip;]<\/p>\n","protected":false},"author":0,"featured_media":11772,"comment_status":"open","ping_status":"","sticky":false,"template":"","format":"standard","meta":{"footnotes":""},"categories":[5],"tags":[],"class_list":["post-11771","post","type-post","status-publish","format-standard","has-post-thumbnail","hentry","category-noticias-educacao-financeira"],"blocksy_meta":{"styles_descriptor":{"styles":{"desktop":"","tablet":"","mobile":""},"google_fonts":[],"version":6}},"yoast_head":"<!-- This site is optimized with the Yoast SEO plugin v27.4 - https:\/\/yoast.com\/product\/yoast-seo-wordpress\/ -->\n<title>TST promover\u00e1 semin\u00e1rio internacional para discutir as compet\u00eancias da Justi\u00e7a do Trabalho - Contabilidade Caxias<\/title>\n<meta name=\"robots\" content=\"index, follow, max-snippet:-1, max-image-preview:large, max-video-preview:-1\" \/>\n<link rel=\"canonical\" href=\"https:\/\/contabilidadecaxias.com.br\/index.php\/2022\/07\/23\/tst-promovera-seminario-internacional-para-discutir-as-competencias-da-justica-do-trabalho\/\" \/>\n<meta property=\"og:locale\" content=\"pt_BR\" \/>\n<meta property=\"og:type\" content=\"article\" \/>\n<meta property=\"og:title\" content=\"TST promover\u00e1 semin\u00e1rio internacional para discutir as compet\u00eancias da Justi\u00e7a do Trabalho - Contabilidade Caxias\" \/>\n<meta property=\"og:description\" content=\"Evento ser\u00e1 realizado no edif\u00edcio-sede do Tribunal Superior do Trabalho (TST), em Bras\u00edlia, nos dias 18 e 19 de agosto. 22\/07\/22 &#8211; O Tribunal Superior do Trabalho (TST) realizar\u00e1, nos dias 18 e 19 de agosto, semin\u00e1rio internacional para debater e avaliar a atua\u00e7\u00e3o e as compet\u00eancias da Justi\u00e7a do Trabalho. O objetivo do evento [&hellip;]\" \/>\n<meta property=\"og:url\" content=\"https:\/\/contabilidadecaxias.com.br\/index.php\/2022\/07\/23\/tst-promovera-seminario-internacional-para-discutir-as-competencias-da-justica-do-trabalho\/\" \/>\n<meta property=\"og:site_name\" content=\"Contabilidade Caxias\" \/>\n<meta property=\"article:published_time\" content=\"2022-07-23T15:14:38+00:00\" \/>\n<meta name=\"twitter:card\" content=\"summary_large_image\" \/>\n<meta name=\"twitter:label1\" content=\"Est. tempo de leitura\" \/>\n\t<meta name=\"twitter:data1\" content=\"2 minutos\" \/>\n<script type=\"application\/ld+json\" class=\"yoast-schema-graph\">{\"@context\":\"https:\\\/\\\/schema.org\",\"@graph\":[{\"@type\":\"Article\",\"@id\":\"https:\\\/\\\/contabilidadecaxias.com.br\\\/index.php\\\/2022\\\/07\\\/23\\\/tst-promovera-seminario-internacional-para-discutir-as-competencias-da-justica-do-trabalho\\\/#article\",\"isPartOf\":{\"@id\":\"https:\\\/\\\/contabilidadecaxias.com.br\\\/index.php\\\/2022\\\/07\\\/23\\\/tst-promovera-seminario-internacional-para-discutir-as-competencias-da-justica-do-trabalho\\\/\"},\"author\":{\"name\":\"\",\"@id\":\"\"},\"headline\":\"TST promover\u00e1 semin\u00e1rio internacional para discutir as compet\u00eancias da Justi\u00e7a do Trabalho\",\"datePublished\":\"2022-07-23T15:14:38+00:00\",\"mainEntityOfPage\":{\"@id\":\"https:\\\/\\\/contabilidadecaxias.com.br\\\/index.php\\\/2022\\\/07\\\/23\\\/tst-promovera-seminario-internacional-para-discutir-as-competencias-da-justica-do-trabalho\\\/\"},\"wordCount\":371,\"commentCount\":0,\"image\":{\"@id\":\"https:\\\/\\\/contabilidadecaxias.com.br\\\/index.php\\\/2022\\\/07\\\/23\\\/tst-promovera-seminario-internacional-para-discutir-as-competencias-da-justica-do-trabalho\\\/#primaryimage\"},\"thumbnailUrl\":\"https:\\\/\\\/contabilidadecaxias.com.br\\\/wp-content\\\/uploads\\\/2022\\\/07\\\/2c8efaf0-fc1f-8f34-c7f5-68759892f6b9-yYfpmd.png\",\"articleSection\":[\"Educa\u00e7\u00e3o Financeira\"],\"inLanguage\":\"pt-BR\",\"potentialAction\":[{\"@type\":\"CommentAction\",\"name\":\"Comment\",\"target\":[\"https:\\\/\\\/contabilidadecaxias.com.br\\\/index.php\\\/2022\\\/07\\\/23\\\/tst-promovera-seminario-internacional-para-discutir-as-competencias-da-justica-do-trabalho\\\/#respond\"]}]},{\"@type\":\"WebPage\",\"@id\":\"https:\\\/\\\/contabilidadecaxias.com.br\\\/index.php\\\/2022\\\/07\\\/23\\\/tst-promovera-seminario-internacional-para-discutir-as-competencias-da-justica-do-trabalho\\\/\",\"url\":\"https:\\\/\\\/contabilidadecaxias.com.br\\\/index.php\\\/2022\\\/07\\\/23\\\/tst-promovera-seminario-internacional-para-discutir-as-competencias-da-justica-do-trabalho\\\/\",\"name\":\"TST promover\u00e1 semin\u00e1rio internacional para discutir as compet\u00eancias da Justi\u00e7a do Trabalho - Contabilidade Caxias\",\"isPartOf\":{\"@id\":\"https:\\\/\\\/contabilidadecaxias.com.br\\\/#website\"},\"primaryImageOfPage\":{\"@id\":\"https:\\\/\\\/contabilidadecaxias.com.br\\\/index.php\\\/2022\\\/07\\\/23\\\/tst-promovera-seminario-internacional-para-discutir-as-competencias-da-justica-do-trabalho\\\/#primaryimage\"},\"image\":{\"@id\":\"https:\\\/\\\/contabilidadecaxias.com.br\\\/index.php\\\/2022\\\/07\\\/23\\\/tst-promovera-seminario-internacional-para-discutir-as-competencias-da-justica-do-trabalho\\\/#primaryimage\"},\"thumbnailUrl\":\"https:\\\/\\\/contabilidadecaxias.com.br\\\/wp-content\\\/uploads\\\/2022\\\/07\\\/2c8efaf0-fc1f-8f34-c7f5-68759892f6b9-yYfpmd.png\",\"datePublished\":\"2022-07-23T15:14:38+00:00\",\"author\":{\"@id\":\"\"},\"breadcrumb\":{\"@id\":\"https:\\\/\\\/contabilidadecaxias.com.br\\\/index.php\\\/2022\\\/07\\\/23\\\/tst-promovera-seminario-internacional-para-discutir-as-competencias-da-justica-do-trabalho\\\/#breadcrumb\"},\"inLanguage\":\"pt-BR\",\"potentialAction\":[{\"@type\":\"ReadAction\",\"target\":[\"https:\\\/\\\/contabilidadecaxias.com.br\\\/index.php\\\/2022\\\/07\\\/23\\\/tst-promovera-seminario-internacional-para-discutir-as-competencias-da-justica-do-trabalho\\\/\"]}]},{\"@type\":\"ImageObject\",\"inLanguage\":\"pt-BR\",\"@id\":\"https:\\\/\\\/contabilidadecaxias.com.br\\\/index.php\\\/2022\\\/07\\\/23\\\/tst-promovera-seminario-internacional-para-discutir-as-competencias-da-justica-do-trabalho\\\/#primaryimage\",\"url\":\"https:\\\/\\\/contabilidadecaxias.com.br\\\/wp-content\\\/uploads\\\/2022\\\/07\\\/2c8efaf0-fc1f-8f34-c7f5-68759892f6b9-yYfpmd.png\",\"contentUrl\":\"https:\\\/\\\/contabilidadecaxias.com.br\\\/wp-content\\\/uploads\\\/2022\\\/07\\\/2c8efaf0-fc1f-8f34-c7f5-68759892f6b9-yYfpmd.png\",\"width\":600,\"height\":400},{\"@type\":\"BreadcrumbList\",\"@id\":\"https:\\\/\\\/contabilidadecaxias.com.br\\\/index.php\\\/2022\\\/07\\\/23\\\/tst-promovera-seminario-internacional-para-discutir-as-competencias-da-justica-do-trabalho\\\/#breadcrumb\",\"itemListElement\":[{\"@type\":\"ListItem\",\"position\":1,\"name\":\"In\u00edcio\",\"item\":\"https:\\\/\\\/contabilidadecaxias.com.br\\\/\"},{\"@type\":\"ListItem\",\"position\":2,\"name\":\"TST promover\u00e1 semin\u00e1rio internacional para discutir as compet\u00eancias da Justi\u00e7a do Trabalho\"}]},{\"@type\":\"WebSite\",\"@id\":\"https:\\\/\\\/contabilidadecaxias.com.br\\\/#website\",\"url\":\"https:\\\/\\\/contabilidadecaxias.com.br\\\/\",\"name\":\"Contabilidade Caxias\",\"description\":\"Site especializado em Contabilidade para Caxias.\",\"potentialAction\":[{\"@type\":\"SearchAction\",\"target\":{\"@type\":\"EntryPoint\",\"urlTemplate\":\"https:\\\/\\\/contabilidadecaxias.com.br\\\/?s={search_term_string}\"},\"query-input\":{\"@type\":\"PropertyValueSpecification\",\"valueRequired\":true,\"valueName\":\"search_term_string\"}}],\"inLanguage\":\"pt-BR\"}]}<\/script>\n<!-- \/ Yoast SEO plugin. -->","yoast_head_json":{"title":"TST promover\u00e1 semin\u00e1rio internacional para discutir as compet\u00eancias da Justi\u00e7a do Trabalho - Contabilidade Caxias","robots":{"index":"index","follow":"follow","max-snippet":"max-snippet:-1","max-image-preview":"max-image-preview:large","max-video-preview":"max-video-preview:-1"},"canonical":"https:\/\/contabilidadecaxias.com.br\/index.php\/2022\/07\/23\/tst-promovera-seminario-internacional-para-discutir-as-competencias-da-justica-do-trabalho\/","og_locale":"pt_BR","og_type":"article","og_title":"TST promover\u00e1 semin\u00e1rio internacional para discutir as compet\u00eancias da Justi\u00e7a do Trabalho - Contabilidade Caxias","og_description":"Evento ser\u00e1 realizado no edif\u00edcio-sede do Tribunal Superior do Trabalho (TST), em Bras\u00edlia, nos dias 18 e 19 de agosto. 22\/07\/22 &#8211; O Tribunal Superior do Trabalho (TST) realizar\u00e1, nos dias 18 e 19 de agosto, semin\u00e1rio internacional para debater e avaliar a atua\u00e7\u00e3o e as compet\u00eancias da Justi\u00e7a do Trabalho. O objetivo do evento [&hellip;]","og_url":"https:\/\/contabilidadecaxias.com.br\/index.php\/2022\/07\/23\/tst-promovera-seminario-internacional-para-discutir-as-competencias-da-justica-do-trabalho\/","og_site_name":"Contabilidade Caxias","article_published_time":"2022-07-23T15:14:38+00:00","twitter_card":"summary_large_image","twitter_misc":{"Est. tempo de leitura":"2 minutos"},"schema":{"@context":"https:\/\/schema.org","@graph":[{"@type":"Article","@id":"https:\/\/contabilidadecaxias.com.br\/index.php\/2022\/07\/23\/tst-promovera-seminario-internacional-para-discutir-as-competencias-da-justica-do-trabalho\/#article","isPartOf":{"@id":"https:\/\/contabilidadecaxias.com.br\/index.php\/2022\/07\/23\/tst-promovera-seminario-internacional-para-discutir-as-competencias-da-justica-do-trabalho\/"},"author":{"name":"","@id":""},"headline":"TST promover\u00e1 semin\u00e1rio internacional para discutir as compet\u00eancias da Justi\u00e7a do Trabalho","datePublished":"2022-07-23T15:14:38+00:00","mainEntityOfPage":{"@id":"https:\/\/contabilidadecaxias.com.br\/index.php\/2022\/07\/23\/tst-promovera-seminario-internacional-para-discutir-as-competencias-da-justica-do-trabalho\/"},"wordCount":371,"commentCount":0,"image":{"@id":"https:\/\/contabilidadecaxias.com.br\/index.php\/2022\/07\/23\/tst-promovera-seminario-internacional-para-discutir-as-competencias-da-justica-do-trabalho\/#primaryimage"},"thumbnailUrl":"https:\/\/contabilidadecaxias.com.br\/wp-content\/uploads\/2022\/07\/2c8efaf0-fc1f-8f34-c7f5-68759892f6b9-yYfpmd.png","articleSection":["Educa\u00e7\u00e3o Financeira"],"inLanguage":"pt-BR","potentialAction":[{"@type":"CommentAction","name":"Comment","target":["https:\/\/contabilidadecaxias.com.br\/index.php\/2022\/07\/23\/tst-promovera-seminario-internacional-para-discutir-as-competencias-da-justica-do-trabalho\/#respond"]}]},{"@type":"WebPage","@id":"https:\/\/contabilidadecaxias.com.br\/index.php\/2022\/07\/23\/tst-promovera-seminario-internacional-para-discutir-as-competencias-da-justica-do-trabalho\/","url":"https:\/\/contabilidadecaxias.com.br\/index.php\/2022\/07\/23\/tst-promovera-seminario-internacional-para-discutir-as-competencias-da-justica-do-trabalho\/","name":"TST promover\u00e1 semin\u00e1rio internacional para discutir as compet\u00eancias da Justi\u00e7a do Trabalho - Contabilidade Caxias","isPartOf":{"@id":"https:\/\/contabilidadecaxias.com.br\/#website"},"primaryImageOfPage":{"@id":"https:\/\/contabilidadecaxias.com.br\/index.php\/2022\/07\/23\/tst-promovera-seminario-internacional-para-discutir-as-competencias-da-justica-do-trabalho\/#primaryimage"},"image":{"@id":"https:\/\/contabilidadecaxias.com.br\/index.php\/2022\/07\/23\/tst-promovera-seminario-internacional-para-discutir-as-competencias-da-justica-do-trabalho\/#primaryimage"},"thumbnailUrl":"https:\/\/contabilidadecaxias.com.br\/wp-content\/uploads\/2022\/07\/2c8efaf0-fc1f-8f34-c7f5-68759892f6b9-yYfpmd.png","datePublished":"2022-07-23T15:14:38+00:00","author":{"@id":""},"breadcrumb":{"@id":"https:\/\/contabilidadecaxias.com.br\/index.php\/2022\/07\/23\/tst-promovera-seminario-internacional-para-discutir-as-competencias-da-justica-do-trabalho\/#breadcrumb"},"inLanguage":"pt-BR","potentialAction":[{"@type":"ReadAction","target":["https:\/\/contabilidadecaxias.com.br\/index.php\/2022\/07\/23\/tst-promovera-seminario-internacional-para-discutir-as-competencias-da-justica-do-trabalho\/"]}]},{"@type":"ImageObject","inLanguage":"pt-BR","@id":"https:\/\/contabilidadecaxias.com.br\/index.php\/2022\/07\/23\/tst-promovera-seminario-internacional-para-discutir-as-competencias-da-justica-do-trabalho\/#primaryimage","url":"https:\/\/contabilidadecaxias.com.br\/wp-content\/uploads\/2022\/07\/2c8efaf0-fc1f-8f34-c7f5-68759892f6b9-yYfpmd.png","contentUrl":"https:\/\/contabilidadecaxias.com.br\/wp-content\/uploads\/2022\/07\/2c8efaf0-fc1f-8f34-c7f5-68759892f6b9-yYfpmd.png","width":600,"height":400},{"@type":"BreadcrumbList","@id":"https:\/\/contabilidadecaxias.com.br\/index.php\/2022\/07\/23\/tst-promovera-seminario-internacional-para-discutir-as-competencias-da-justica-do-trabalho\/#breadcrumb","itemListElement":[{"@type":"ListItem","position":1,"name":"In\u00edcio","item":"https:\/\/contabilidadecaxias.com.br\/"},{"@type":"ListItem","position":2,"name":"TST promover\u00e1 semin\u00e1rio internacional para discutir as compet\u00eancias da Justi\u00e7a do Trabalho"}]},{"@type":"WebSite","@id":"https:\/\/contabilidadecaxias.com.br\/#website","url":"https:\/\/contabilidadecaxias.com.br\/","name":"Contabilidade Caxias","description":"Site especializado em Contabilidade para Caxias.","potentialAction":[{"@type":"SearchAction","target":{"@type":"EntryPoint","urlTemplate":"https:\/\/contabilidadecaxias.com.br\/?s={search_term_string}"},"query-input":{"@type":"PropertyValueSpecification","valueRequired":true,"valueName":"search_term_string"}}],"inLanguage":"pt-BR"}]}},"_links":{"self":[{"href":"https:\/\/contabilidadecaxias.com.br\/index.php\/wp-json\/wp\/v2\/posts\/11771","targetHints":{"allow":["GET"]}}],"collection":[{"href":"https:\/\/contabilidadecaxias.com.br\/index.php\/wp-json\/wp\/v2\/posts"}],"about":[{"href":"https:\/\/contabilidadecaxias.com.br\/index.php\/wp-json\/wp\/v2\/types\/post"}],"replies":[{"embeddable":true,"href":"https:\/\/contabilidadecaxias.com.br\/index.php\/wp-json\/wp\/v2\/comments?post=11771"}],"version-history":[{"count":0,"href":"https:\/\/contabilidadecaxias.com.br\/index.php\/wp-json\/wp\/v2\/posts\/11771\/revisions"}],"wp:featuredmedia":[{"embeddable":true,"href":"https:\/\/contabilidadecaxias.com.br\/index.php\/wp-json\/wp\/v2\/media\/11772"}],"wp:attachment":[{"href":"https:\/\/contabilidadecaxias.com.br\/index.php\/wp-json\/wp\/v2\/media?parent=11771"}],"wp:term":[{"taxonomy":"category","embeddable":true,"href":"https:\/\/contabilidadecaxias.com.br\/index.php\/wp-json\/wp\/v2\/categories?post=11771"},{"taxonomy":"post_tag","embeddable":true,"href":"https:\/\/contabilidadecaxias.com.br\/index.php\/wp-json\/wp\/v2\/tags?post=11771"}],"curies":[{"name":"wp","href":"https:\/\/api.w.org\/{rel}","templated":true}]}}