{"id":11749,"date":"2022-07-21T13:10:19","date_gmt":"2022-07-21T16:10:19","guid":{"rendered":"https:\/\/contabilidadecaxias.com.br\/index.php\/2022\/07\/21\/sexta-turma-autoriza-dispensa-de-empregado-concursado-de-empresa-estatal-privatizada-2\/"},"modified":"2022-07-21T13:10:19","modified_gmt":"2022-07-21T16:10:19","slug":"sexta-turma-autoriza-dispensa-de-empregado-concursado-de-empresa-estatal-privatizada-2","status":"publish","type":"post","link":"https:\/\/contabilidadecaxias.com.br\/index.php\/2022\/07\/21\/sexta-turma-autoriza-dispensa-de-empregado-concursado-de-empresa-estatal-privatizada-2\/","title":{"rendered":"Sexta Turma autoriza dispensa de empregado concursado de empresa estatal privatizada"},"content":{"rendered":"<div class=\"noticia-wrapper\">\n<p><em><\/p>\n<p>Com a privatiza\u00e7\u00e3o da companhia, n\u00e3o h\u00e1 mais a necessidade de motiva\u00e7\u00e3o do ato de dispensa de empregados.\u00a0<\/p>\n<p><\/em><\/p>\n<div class=\"social-media-share mobile\">\n        <a class=\"share-facebook\" href=\"https:\/\/www.facebook.com\/sharer.php?u=https:\/\/www.tst.jus.br\/-\/sexta-turma-autoriza-dispensa-de-empregado-concursado-de-empresa-estatal-privatizada-1\" target=\"_blank\" rel=\"noopener\"><\/a><br \/>\n        <a class=\"share-twitter\" href=\"https:\/\/twitter.com\/intent\/tweet?text=Sexta%20Turma%20autoriza%20dispensa%20de%20empregado%20concursado%20de%20empresa%20estatal%20privatizada%0AVeja%20mais%20em:&amp;url=https:\/\/www.tst.jus.br\/-\/sexta-turma-autoriza-dispensa-de-empregado-concursado-de-empresa-estatal-privatizada-1\" target=\"_blank\" rel=\"noopener\"><\/a><br \/>\n        <a class=\"share-linkedin\" href=\"https:\/\/www.linkedin.com\/shareArticle?mini=true&amp;url=https:\/\/www.tst.jus.br\/-\/sexta-turma-autoriza-dispensa-de-empregado-concursado-de-empresa-estatal-privatizada-1&amp;title=Sexta%20Turma%20autoriza%20dispensa%20de%20empregado%20concursado%20de%20empresa%20estatal%20privatizada\" target=\"_blank\" rel=\"noopener\"><\/a><br \/>\n        <a class=\"share-whatsapp\" href=\"https:\/\/web.whatsapp.com\/send?text=https:\/\/www.tst.jus.br\/-\/sexta-turma-autoriza-dispensa-de-empregado-concursado-de-empresa-estatal-privatizada-1\" target=\"_blank\" rel=\"noopener\"><\/a><br \/>\n        <a class=\"share-googleplus\" href=\"https:\/\/plus.google.com\/share?url=https:\/\/www.tst.jus.br\/-\/sexta-turma-autoriza-dispensa-de-empregado-concursado-de-empresa-estatal-privatizada-1\" target=\"_blank\" rel=\"noopener\"><\/a>\n    <\/div>\n<div class=\"news-body\">\n<div class=\"imagem-da-noticia\">\n<p>O ministro Augusto C\u00e9sar foi o relator do processo na Sexta Turma do TST<\/p>\n<div class=\"social-media-share\">\n                    <a class=\"share-facebook\" href=\"https:\/\/www.facebook.com\/sharer.php?u=https:\/\/www.tst.jus.br\/-\/sexta-turma-autoriza-dispensa-de-empregado-concursado-de-empresa-estatal-privatizada-1\" target=\"_blank\" rel=\"noopener\"><\/a><br \/>\n                    <a class=\"share-twitter\" href=\"https:\/\/twitter.com\/intent\/tweet?text=Sexta%20Turma%20autoriza%20dispensa%20de%20empregado%20concursado%20de%20empresa%20estatal%20privatizada%0AVeja%20mais%20em:&amp;url=https:\/\/www.tst.jus.br\/-\/sexta-turma-autoriza-dispensa-de-empregado-concursado-de-empresa-estatal-privatizada-1\" target=\"_blank\" rel=\"noopener\"><\/a><br \/>\n                    <a class=\"share-linkedin\" href=\"https:\/\/www.linkedin.com\/shareArticle?mini=true&amp;url=https:\/\/www.tst.jus.br\/-\/sexta-turma-autoriza-dispensa-de-empregado-concursado-de-empresa-estatal-privatizada-1&amp;title=Sexta%20Turma%20autoriza%20dispensa%20de%20empregado%20concursado%20de%20empresa%20estatal%20privatizada\" target=\"_blank\" rel=\"noopener\"><\/a><br \/>\n                    <a class=\"share-whatsapp\" href=\"https:\/\/web.whatsapp.com\/send?text=https:\/\/www.tst.jus.br\/-\/sexta-turma-autoriza-dispensa-de-empregado-concursado-de-empresa-estatal-privatizada-1\" target=\"_blank\" rel=\"noopener\"><\/a><br \/>\n                    <a class=\"share-googleplus\" href=\"https:\/\/plus.google.com\/share?url=https:\/\/www.tst.jus.br\/-\/sexta-turma-autoriza-dispensa-de-empregado-concursado-de-empresa-estatal-privatizada-1\" target=\"_blank\" rel=\"noopener\"><\/a>\n                <\/div>\n<\/p><\/div>\n<div class=\"materia\">\n<p>20\/07\/22 &#8211; A Sexta Turma do Tribunal Superior do Trabalho considerou v\u00e1lido o ato de dispensa, sem justa causa, de um securit\u00e1rio contratado por meio de concurso p\u00fablico pelo IRB &#8211; Brasil Resseguros. A sele\u00e7\u00e3o ocorreu antes da privatiza\u00e7\u00e3o dessa empresa estatal, e a dispensa se deu ap\u00f3s. Pela decis\u00e3o, o empregado p\u00fablico pode ser dispensado sem a necessidade de motiva\u00e7\u00e3o depois do processo de privatiza\u00e7\u00e3o da empresa em que atuava.\u00a0<\/p>\n<p><strong>Regras da admiss\u00e3o no IRB<\/strong><\/p>\n<p>Na a\u00e7\u00e3o, o autor relatou que fora admitido no Instituto de Resseguros do Brasil \u2013 IRB, sociedade de economia mista, em 26\/11\/1977, mediante aprova\u00e7\u00e3o em concurso p\u00fablico. Disse que, com a privatiza\u00e7\u00e3o da empresa, em setembro de 2013, fora dispensado, sem justa causa, em 31\/01\/2014.\u00a0<\/p>\n<p>Ele requereu, ent\u00e3o, a declara\u00e7\u00e3o de nulidade do ato de dispensa, porque ocorreu sem motiva\u00e7\u00e3o. Consequentemente, pediu reintegra\u00e7\u00e3o ao emprego, bem como o pagamento dos sal\u00e1rios relativos ao per\u00edodo de afastamento. Alegou que tinha direito \u00e0 estabilidade no emprego em fun\u00e7\u00e3o das regras do tempo em que prestara concurso p\u00fablico para ser contratado, a exemplo do pr\u00f3prio edital do concurso e o artigo 17 do <a href=\"https:\/\/www.planalto.gov.br\/ccivil_03\/decreto-lei\/del9735.htm\" target=\"_blank\" rel=\"noopener\">Decreto-Lei n\u00ba 9.735\/1946<\/a>. O decreto consolidou a legisla\u00e7\u00e3o pertinente ao IRB, dispondo sobre a estabilidade dos funcion\u00e1rios ap\u00f3s dois anos de exerc\u00edcio no cargo.<\/p>\n<p><strong>Normas antigas<\/strong><\/p>\n<p>O Tribunal Regional do Trabalho da 1\u00aa Regi\u00e3o (RJ) reformou a senten\u00e7a do ju\u00edzo da 5\u00aa Vara do Trabalho do Rio de Janeiro para declarar a nulidade da despedida do empregado. Para o Regional, a privatiza\u00e7\u00e3o da empresa n\u00e3o tem a capacidade de atingir os contratos de trabalho sujeitos a normas anteriores a esse processo.\u00a0<\/p>\n<p><strong>Motiva\u00e7\u00e3o desnecess\u00e1ria<\/strong><\/p>\n<p>Em recurso ao TST,\u00a0 o IRB \u2013 Brasil Resseguros, nova designa\u00e7\u00e3o da empresa depois da privatiza\u00e7\u00e3o, argumentou que passara a ostentar natureza jur\u00eddica de sociedade an\u00f4nima com a sucess\u00e3o ocorrida, por isso n\u00e3o necessita mais de motiva\u00e7\u00e3o para dispensar empregados. Sustentou que a Uni\u00e3o det\u00e9m apenas 27,55% das suas a\u00e7\u00f5es ordin\u00e1rias (denominadas \u201cgolden share\u201d), o que n\u00e3o lhe permite deliberar sobre assuntos estrat\u00e9gicos da empresa, a n\u00e3o ser que o interesse p\u00fablico exija.\u00a0<\/p>\n<p><strong>Validade da dispensa<\/strong><\/p>\n<p>O relator do processo na Sexta Turma, ministro Augusto C\u00e9sar, ao estudar o recurso, enfatizou que a privatiza\u00e7\u00e3o da empresa estatal autoriza a dispensa sem justa causa do empregado, sem a necessidade de motiva\u00e7\u00e3o do ato de rompimento do seu contrato de trabalho.\u00a0<\/p>\n<p>Nesse cen\u00e1rio, algumas obriga\u00e7\u00f5es trabalhistas a que as empresas estatais estavam submetidas devido \u00e0 sua condi\u00e7\u00e3o de ente p\u00fablico antes do processo de privatiza\u00e7\u00e3o (seja em fun\u00e7\u00e3o de lei, da Constitui\u00e7\u00e3o Federal ou de decreto)\u00a0 n\u00e3o se perpetuam ap\u00f3s a sucess\u00e3o.\u00a0<\/p>\n<p>Por unanimidade, a Sexta Turma acompanhou o voto do relator para restabelecer a senten\u00e7a quanto \u00e0 validade do ato de dispensa. Contudo, houve a apresenta\u00e7\u00e3o de embargos de declara\u00e7\u00e3o ainda n\u00e3o julgados pelo colegiado.\u00a0<\/p>\n<p>(LF\/CF)<\/p>\n<p>Processo:\u00a0<a href=\"https:\/\/consultaprocessual.tst.jus.br\/consultaProcessual\/consultaTstNumUnica.do?consulta=Consultar&amp;conscsjt=&amp;numeroTst=11624&amp;digitoTst=29&amp;anoTst=2014&amp;orgaoTst=5&amp;tribunalTst=01&amp;varaTst=0058&amp;submit=Consultar\" target=\"_blank\" rel=\"noopener\">RR-11624-29.2014.5.01.0058<\/a><\/p>\n<p><em>O TST possui oito Turmas, cada uma composta por tr\u00eas ministros, com a atribui\u00e7\u00e3o de analisar recursos de revista, agravos, agravos de instrumento, agravos regimentais e recursos ordin\u00e1rios em a\u00e7\u00e3o cautelar. Das decis\u00f5es das Turmas, a parte ainda pode, em alguns casos, recorrer \u00e0 Subse\u00e7\u00e3o I Especializada em Diss\u00eddios Individuais (SBDI-1).<\/em><\/p>\n<p>Esta mat\u00e9ria tem car\u00e1ter informativo.<br \/>\nPermitida a reprodu\u00e7\u00e3o mediante cita\u00e7\u00e3o da fonte.<br \/>\nSecretaria de Comunica\u00e7\u00e3o Social<br \/>\nTribunal Superior do Trabalho<br \/>\nTel. (61) 3043-4907<br \/>\nsecom@tst.jus.br<\/p>\n<p>\u00a0<\/p>\n<\/div><\/div>\n<\/div>\n","protected":false},"excerpt":{"rendered":"<p>Com a privatiza\u00e7\u00e3o da companhia, n\u00e3o h\u00e1 mais a necessidade de motiva\u00e7\u00e3o do ato de dispensa de empregados.\u00a0 O ministro Augusto C\u00e9sar foi o relator do processo na Sexta Turma do TST 20\/07\/22 &#8211; A Sexta Turma do Tribunal Superior do Trabalho considerou v\u00e1lido o ato de dispensa, sem justa causa, de um securit\u00e1rio contratado [&hellip;]<\/p>\n","protected":false},"author":0,"featured_media":11750,"comment_status":"open","ping_status":"","sticky":false,"template":"","format":"standard","meta":{"footnotes":""},"categories":[5],"tags":[],"class_list":["post-11749","post","type-post","status-publish","format-standard","has-post-thumbnail","hentry","category-noticias-educacao-financeira"],"blocksy_meta":{"styles_descriptor":{"styles":{"desktop":"","tablet":"","mobile":""},"google_fonts":[],"version":6}},"yoast_head":"<!-- This site is optimized with the Yoast SEO plugin v27.4 - https:\/\/yoast.com\/product\/yoast-seo-wordpress\/ -->\n<title>Sexta Turma autoriza dispensa de empregado concursado de empresa estatal privatizada - Contabilidade Caxias<\/title>\n<meta name=\"robots\" content=\"index, follow, max-snippet:-1, max-image-preview:large, max-video-preview:-1\" \/>\n<link rel=\"canonical\" href=\"https:\/\/contabilidadecaxias.com.br\/index.php\/2022\/07\/21\/sexta-turma-autoriza-dispensa-de-empregado-concursado-de-empresa-estatal-privatizada-2\/\" \/>\n<meta property=\"og:locale\" content=\"pt_BR\" \/>\n<meta property=\"og:type\" content=\"article\" \/>\n<meta property=\"og:title\" content=\"Sexta Turma autoriza dispensa de empregado concursado de empresa estatal privatizada - Contabilidade Caxias\" \/>\n<meta property=\"og:description\" content=\"Com a privatiza\u00e7\u00e3o da companhia, n\u00e3o h\u00e1 mais a necessidade de motiva\u00e7\u00e3o do ato de dispensa de empregados.\u00a0 O ministro Augusto C\u00e9sar foi o relator do processo na Sexta Turma do TST 20\/07\/22 &#8211; A Sexta Turma do Tribunal Superior do Trabalho considerou v\u00e1lido o ato de dispensa, sem justa causa, de um securit\u00e1rio contratado [&hellip;]\" \/>\n<meta property=\"og:url\" content=\"https:\/\/contabilidadecaxias.com.br\/index.php\/2022\/07\/21\/sexta-turma-autoriza-dispensa-de-empregado-concursado-de-empresa-estatal-privatizada-2\/\" \/>\n<meta property=\"og:site_name\" content=\"Contabilidade Caxias\" \/>\n<meta property=\"article:published_time\" content=\"2022-07-21T16:10:19+00:00\" \/>\n<meta name=\"twitter:card\" content=\"summary_large_image\" \/>\n<meta name=\"twitter:label1\" content=\"Est. tempo de leitura\" \/>\n\t<meta name=\"twitter:data1\" content=\"3 minutos\" \/>\n<script type=\"application\/ld+json\" class=\"yoast-schema-graph\">{\"@context\":\"https:\\\/\\\/schema.org\",\"@graph\":[{\"@type\":\"Article\",\"@id\":\"https:\\\/\\\/contabilidadecaxias.com.br\\\/index.php\\\/2022\\\/07\\\/21\\\/sexta-turma-autoriza-dispensa-de-empregado-concursado-de-empresa-estatal-privatizada-2\\\/#article\",\"isPartOf\":{\"@id\":\"https:\\\/\\\/contabilidadecaxias.com.br\\\/index.php\\\/2022\\\/07\\\/21\\\/sexta-turma-autoriza-dispensa-de-empregado-concursado-de-empresa-estatal-privatizada-2\\\/\"},\"author\":{\"name\":\"\",\"@id\":\"\"},\"headline\":\"Sexta Turma autoriza dispensa de empregado concursado de empresa estatal privatizada\",\"datePublished\":\"2022-07-21T16:10:19+00:00\",\"mainEntityOfPage\":{\"@id\":\"https:\\\/\\\/contabilidadecaxias.com.br\\\/index.php\\\/2022\\\/07\\\/21\\\/sexta-turma-autoriza-dispensa-de-empregado-concursado-de-empresa-estatal-privatizada-2\\\/\"},\"wordCount\":656,\"commentCount\":0,\"image\":{\"@id\":\"https:\\\/\\\/contabilidadecaxias.com.br\\\/index.php\\\/2022\\\/07\\\/21\\\/sexta-turma-autoriza-dispensa-de-empregado-concursado-de-empresa-estatal-privatizada-2\\\/#primaryimage\"},\"thumbnailUrl\":\"https:\\\/\\\/contabilidadecaxias.com.br\\\/wp-content\\\/uploads\\\/2022\\\/07\\\/85240022-8f60-5ea0-5239-672acf8f7365-dZTDMs-scaled.jpeg\",\"articleSection\":[\"Educa\u00e7\u00e3o Financeira\"],\"inLanguage\":\"pt-BR\",\"potentialAction\":[{\"@type\":\"CommentAction\",\"name\":\"Comment\",\"target\":[\"https:\\\/\\\/contabilidadecaxias.com.br\\\/index.php\\\/2022\\\/07\\\/21\\\/sexta-turma-autoriza-dispensa-de-empregado-concursado-de-empresa-estatal-privatizada-2\\\/#respond\"]}]},{\"@type\":\"WebPage\",\"@id\":\"https:\\\/\\\/contabilidadecaxias.com.br\\\/index.php\\\/2022\\\/07\\\/21\\\/sexta-turma-autoriza-dispensa-de-empregado-concursado-de-empresa-estatal-privatizada-2\\\/\",\"url\":\"https:\\\/\\\/contabilidadecaxias.com.br\\\/index.php\\\/2022\\\/07\\\/21\\\/sexta-turma-autoriza-dispensa-de-empregado-concursado-de-empresa-estatal-privatizada-2\\\/\",\"name\":\"Sexta Turma autoriza dispensa de empregado concursado de empresa estatal privatizada - Contabilidade Caxias\",\"isPartOf\":{\"@id\":\"https:\\\/\\\/contabilidadecaxias.com.br\\\/#website\"},\"primaryImageOfPage\":{\"@id\":\"https:\\\/\\\/contabilidadecaxias.com.br\\\/index.php\\\/2022\\\/07\\\/21\\\/sexta-turma-autoriza-dispensa-de-empregado-concursado-de-empresa-estatal-privatizada-2\\\/#primaryimage\"},\"image\":{\"@id\":\"https:\\\/\\\/contabilidadecaxias.com.br\\\/index.php\\\/2022\\\/07\\\/21\\\/sexta-turma-autoriza-dispensa-de-empregado-concursado-de-empresa-estatal-privatizada-2\\\/#primaryimage\"},\"thumbnailUrl\":\"https:\\\/\\\/contabilidadecaxias.com.br\\\/wp-content\\\/uploads\\\/2022\\\/07\\\/85240022-8f60-5ea0-5239-672acf8f7365-dZTDMs-scaled.jpeg\",\"datePublished\":\"2022-07-21T16:10:19+00:00\",\"author\":{\"@id\":\"\"},\"breadcrumb\":{\"@id\":\"https:\\\/\\\/contabilidadecaxias.com.br\\\/index.php\\\/2022\\\/07\\\/21\\\/sexta-turma-autoriza-dispensa-de-empregado-concursado-de-empresa-estatal-privatizada-2\\\/#breadcrumb\"},\"inLanguage\":\"pt-BR\",\"potentialAction\":[{\"@type\":\"ReadAction\",\"target\":[\"https:\\\/\\\/contabilidadecaxias.com.br\\\/index.php\\\/2022\\\/07\\\/21\\\/sexta-turma-autoriza-dispensa-de-empregado-concursado-de-empresa-estatal-privatizada-2\\\/\"]}]},{\"@type\":\"ImageObject\",\"inLanguage\":\"pt-BR\",\"@id\":\"https:\\\/\\\/contabilidadecaxias.com.br\\\/index.php\\\/2022\\\/07\\\/21\\\/sexta-turma-autoriza-dispensa-de-empregado-concursado-de-empresa-estatal-privatizada-2\\\/#primaryimage\",\"url\":\"https:\\\/\\\/contabilidadecaxias.com.br\\\/wp-content\\\/uploads\\\/2022\\\/07\\\/85240022-8f60-5ea0-5239-672acf8f7365-dZTDMs-scaled.jpeg\",\"contentUrl\":\"https:\\\/\\\/contabilidadecaxias.com.br\\\/wp-content\\\/uploads\\\/2022\\\/07\\\/85240022-8f60-5ea0-5239-672acf8f7365-dZTDMs-scaled.jpeg\",\"width\":2560,\"height\":1707},{\"@type\":\"BreadcrumbList\",\"@id\":\"https:\\\/\\\/contabilidadecaxias.com.br\\\/index.php\\\/2022\\\/07\\\/21\\\/sexta-turma-autoriza-dispensa-de-empregado-concursado-de-empresa-estatal-privatizada-2\\\/#breadcrumb\",\"itemListElement\":[{\"@type\":\"ListItem\",\"position\":1,\"name\":\"In\u00edcio\",\"item\":\"https:\\\/\\\/contabilidadecaxias.com.br\\\/\"},{\"@type\":\"ListItem\",\"position\":2,\"name\":\"Sexta Turma autoriza dispensa de empregado concursado de empresa estatal privatizada\"}]},{\"@type\":\"WebSite\",\"@id\":\"https:\\\/\\\/contabilidadecaxias.com.br\\\/#website\",\"url\":\"https:\\\/\\\/contabilidadecaxias.com.br\\\/\",\"name\":\"Contabilidade Caxias\",\"description\":\"Site especializado em Contabilidade para Caxias.\",\"potentialAction\":[{\"@type\":\"SearchAction\",\"target\":{\"@type\":\"EntryPoint\",\"urlTemplate\":\"https:\\\/\\\/contabilidadecaxias.com.br\\\/?s={search_term_string}\"},\"query-input\":{\"@type\":\"PropertyValueSpecification\",\"valueRequired\":true,\"valueName\":\"search_term_string\"}}],\"inLanguage\":\"pt-BR\"}]}<\/script>\n<!-- \/ Yoast SEO plugin. -->","yoast_head_json":{"title":"Sexta Turma autoriza dispensa de empregado concursado de empresa estatal privatizada - Contabilidade Caxias","robots":{"index":"index","follow":"follow","max-snippet":"max-snippet:-1","max-image-preview":"max-image-preview:large","max-video-preview":"max-video-preview:-1"},"canonical":"https:\/\/contabilidadecaxias.com.br\/index.php\/2022\/07\/21\/sexta-turma-autoriza-dispensa-de-empregado-concursado-de-empresa-estatal-privatizada-2\/","og_locale":"pt_BR","og_type":"article","og_title":"Sexta Turma autoriza dispensa de empregado concursado de empresa estatal privatizada - Contabilidade Caxias","og_description":"Com a privatiza\u00e7\u00e3o da companhia, n\u00e3o h\u00e1 mais a necessidade de motiva\u00e7\u00e3o do ato de dispensa de empregados.\u00a0 O ministro Augusto C\u00e9sar foi o relator do processo na Sexta Turma do TST 20\/07\/22 &#8211; A Sexta Turma do Tribunal Superior do Trabalho considerou v\u00e1lido o ato de dispensa, sem justa causa, de um securit\u00e1rio contratado [&hellip;]","og_url":"https:\/\/contabilidadecaxias.com.br\/index.php\/2022\/07\/21\/sexta-turma-autoriza-dispensa-de-empregado-concursado-de-empresa-estatal-privatizada-2\/","og_site_name":"Contabilidade Caxias","article_published_time":"2022-07-21T16:10:19+00:00","twitter_card":"summary_large_image","twitter_misc":{"Est. tempo de leitura":"3 minutos"},"schema":{"@context":"https:\/\/schema.org","@graph":[{"@type":"Article","@id":"https:\/\/contabilidadecaxias.com.br\/index.php\/2022\/07\/21\/sexta-turma-autoriza-dispensa-de-empregado-concursado-de-empresa-estatal-privatizada-2\/#article","isPartOf":{"@id":"https:\/\/contabilidadecaxias.com.br\/index.php\/2022\/07\/21\/sexta-turma-autoriza-dispensa-de-empregado-concursado-de-empresa-estatal-privatizada-2\/"},"author":{"name":"","@id":""},"headline":"Sexta Turma autoriza dispensa de empregado concursado de empresa estatal privatizada","datePublished":"2022-07-21T16:10:19+00:00","mainEntityOfPage":{"@id":"https:\/\/contabilidadecaxias.com.br\/index.php\/2022\/07\/21\/sexta-turma-autoriza-dispensa-de-empregado-concursado-de-empresa-estatal-privatizada-2\/"},"wordCount":656,"commentCount":0,"image":{"@id":"https:\/\/contabilidadecaxias.com.br\/index.php\/2022\/07\/21\/sexta-turma-autoriza-dispensa-de-empregado-concursado-de-empresa-estatal-privatizada-2\/#primaryimage"},"thumbnailUrl":"https:\/\/contabilidadecaxias.com.br\/wp-content\/uploads\/2022\/07\/85240022-8f60-5ea0-5239-672acf8f7365-dZTDMs-scaled.jpeg","articleSection":["Educa\u00e7\u00e3o Financeira"],"inLanguage":"pt-BR","potentialAction":[{"@type":"CommentAction","name":"Comment","target":["https:\/\/contabilidadecaxias.com.br\/index.php\/2022\/07\/21\/sexta-turma-autoriza-dispensa-de-empregado-concursado-de-empresa-estatal-privatizada-2\/#respond"]}]},{"@type":"WebPage","@id":"https:\/\/contabilidadecaxias.com.br\/index.php\/2022\/07\/21\/sexta-turma-autoriza-dispensa-de-empregado-concursado-de-empresa-estatal-privatizada-2\/","url":"https:\/\/contabilidadecaxias.com.br\/index.php\/2022\/07\/21\/sexta-turma-autoriza-dispensa-de-empregado-concursado-de-empresa-estatal-privatizada-2\/","name":"Sexta Turma autoriza dispensa de empregado concursado de empresa estatal privatizada - Contabilidade Caxias","isPartOf":{"@id":"https:\/\/contabilidadecaxias.com.br\/#website"},"primaryImageOfPage":{"@id":"https:\/\/contabilidadecaxias.com.br\/index.php\/2022\/07\/21\/sexta-turma-autoriza-dispensa-de-empregado-concursado-de-empresa-estatal-privatizada-2\/#primaryimage"},"image":{"@id":"https:\/\/contabilidadecaxias.com.br\/index.php\/2022\/07\/21\/sexta-turma-autoriza-dispensa-de-empregado-concursado-de-empresa-estatal-privatizada-2\/#primaryimage"},"thumbnailUrl":"https:\/\/contabilidadecaxias.com.br\/wp-content\/uploads\/2022\/07\/85240022-8f60-5ea0-5239-672acf8f7365-dZTDMs-scaled.jpeg","datePublished":"2022-07-21T16:10:19+00:00","author":{"@id":""},"breadcrumb":{"@id":"https:\/\/contabilidadecaxias.com.br\/index.php\/2022\/07\/21\/sexta-turma-autoriza-dispensa-de-empregado-concursado-de-empresa-estatal-privatizada-2\/#breadcrumb"},"inLanguage":"pt-BR","potentialAction":[{"@type":"ReadAction","target":["https:\/\/contabilidadecaxias.com.br\/index.php\/2022\/07\/21\/sexta-turma-autoriza-dispensa-de-empregado-concursado-de-empresa-estatal-privatizada-2\/"]}]},{"@type":"ImageObject","inLanguage":"pt-BR","@id":"https:\/\/contabilidadecaxias.com.br\/index.php\/2022\/07\/21\/sexta-turma-autoriza-dispensa-de-empregado-concursado-de-empresa-estatal-privatizada-2\/#primaryimage","url":"https:\/\/contabilidadecaxias.com.br\/wp-content\/uploads\/2022\/07\/85240022-8f60-5ea0-5239-672acf8f7365-dZTDMs-scaled.jpeg","contentUrl":"https:\/\/contabilidadecaxias.com.br\/wp-content\/uploads\/2022\/07\/85240022-8f60-5ea0-5239-672acf8f7365-dZTDMs-scaled.jpeg","width":2560,"height":1707},{"@type":"BreadcrumbList","@id":"https:\/\/contabilidadecaxias.com.br\/index.php\/2022\/07\/21\/sexta-turma-autoriza-dispensa-de-empregado-concursado-de-empresa-estatal-privatizada-2\/#breadcrumb","itemListElement":[{"@type":"ListItem","position":1,"name":"In\u00edcio","item":"https:\/\/contabilidadecaxias.com.br\/"},{"@type":"ListItem","position":2,"name":"Sexta Turma autoriza dispensa de empregado concursado de empresa estatal privatizada"}]},{"@type":"WebSite","@id":"https:\/\/contabilidadecaxias.com.br\/#website","url":"https:\/\/contabilidadecaxias.com.br\/","name":"Contabilidade Caxias","description":"Site especializado em Contabilidade para Caxias.","potentialAction":[{"@type":"SearchAction","target":{"@type":"EntryPoint","urlTemplate":"https:\/\/contabilidadecaxias.com.br\/?s={search_term_string}"},"query-input":{"@type":"PropertyValueSpecification","valueRequired":true,"valueName":"search_term_string"}}],"inLanguage":"pt-BR"}]}},"_links":{"self":[{"href":"https:\/\/contabilidadecaxias.com.br\/index.php\/wp-json\/wp\/v2\/posts\/11749","targetHints":{"allow":["GET"]}}],"collection":[{"href":"https:\/\/contabilidadecaxias.com.br\/index.php\/wp-json\/wp\/v2\/posts"}],"about":[{"href":"https:\/\/contabilidadecaxias.com.br\/index.php\/wp-json\/wp\/v2\/types\/post"}],"replies":[{"embeddable":true,"href":"https:\/\/contabilidadecaxias.com.br\/index.php\/wp-json\/wp\/v2\/comments?post=11749"}],"version-history":[{"count":0,"href":"https:\/\/contabilidadecaxias.com.br\/index.php\/wp-json\/wp\/v2\/posts\/11749\/revisions"}],"wp:featuredmedia":[{"embeddable":true,"href":"https:\/\/contabilidadecaxias.com.br\/index.php\/wp-json\/wp\/v2\/media\/11750"}],"wp:attachment":[{"href":"https:\/\/contabilidadecaxias.com.br\/index.php\/wp-json\/wp\/v2\/media?parent=11749"}],"wp:term":[{"taxonomy":"category","embeddable":true,"href":"https:\/\/contabilidadecaxias.com.br\/index.php\/wp-json\/wp\/v2\/categories?post=11749"},{"taxonomy":"post_tag","embeddable":true,"href":"https:\/\/contabilidadecaxias.com.br\/index.php\/wp-json\/wp\/v2\/tags?post=11749"}],"curies":[{"name":"wp","href":"https:\/\/api.w.org\/{rel}","templated":true}]}}