{"id":11695,"date":"2022-07-18T17:04:39","date_gmt":"2022-07-18T20:04:39","guid":{"rendered":"https:\/\/contabilidadecaxias.com.br\/index.php\/2022\/07\/18\/tem-inicio-correicao-ordinaria-no-trt-da-12a-regiao-sc\/"},"modified":"2022-07-18T17:04:39","modified_gmt":"2022-07-18T20:04:39","slug":"tem-inicio-correicao-ordinaria-no-trt-da-12a-regiao-sc","status":"publish","type":"post","link":"https:\/\/contabilidadecaxias.com.br\/index.php\/2022\/07\/18\/tem-inicio-correicao-ordinaria-no-trt-da-12a-regiao-sc\/","title":{"rendered":"Tem in\u00edcio correi\u00e7\u00e3o ordin\u00e1ria no TRT da 12\u00aa Regi\u00e3o (SC)"},"content":{"rendered":"<div class=\"noticia-wrapper\">\n<p><em><\/p>\n<p><em>Conclus\u00e3o dos trabalhos ser\u00e1 apresentada no dia 21 de julho pelo ministro Caputo Bastos, corregedor-geral da Justi\u00e7a do Trabalho<\/em><\/p>\n<p><\/em><\/p>\n<div class=\"social-media-share mobile\">\n        <a class=\"share-facebook\" href=\"https:\/\/www.facebook.com\/sharer.php?u=https:\/\/www.tst.jus.br\/-\/tem-in%C3%ADcio-correi%C3%A7%C3%A3o-ordin%C3%A1ria-no-trt-da-12%C2%AA-regi%C3%A3o-sc-\" target=\"_blank\" rel=\"noopener\"><\/a><br \/>\n        <a class=\"share-twitter\" href=\"https:\/\/twitter.com\/intent\/tweet?text=Tem%20in%C3%ADcio%20correi%C3%A7%C3%A3o%20ordin%C3%A1ria%20no%20TRT%20da%2012%C2%AA%20Regi%C3%A3o%20(SC)%0AVeja%20mais%20em:&amp;url=https:\/\/www.tst.jus.br\/-\/tem-in%C3%ADcio-correi%C3%A7%C3%A3o-ordin%C3%A1ria-no-trt-da-12%C2%AA-regi%C3%A3o-sc-\" target=\"_blank\" rel=\"noopener\"><\/a><br \/>\n        <a class=\"share-linkedin\" href=\"https:\/\/www.linkedin.com\/shareArticle?mini=true&amp;url=https:\/\/www.tst.jus.br\/-\/tem-in%C3%ADcio-correi%C3%A7%C3%A3o-ordin%C3%A1ria-no-trt-da-12%C2%AA-regi%C3%A3o-sc-&amp;title=Tem%20in%C3%ADcio%20correi%C3%A7%C3%A3o%20ordin%C3%A1ria%20no%20TRT%20da%2012%C2%AA%20Regi%C3%A3o%20(SC)\" target=\"_blank\" rel=\"noopener\"><\/a><br \/>\n        <a class=\"share-whatsapp\" href=\"https:\/\/web.whatsapp.com\/send?text=https:\/\/www.tst.jus.br\/-\/tem-in%C3%ADcio-correi%C3%A7%C3%A3o-ordin%C3%A1ria-no-trt-da-12%C2%AA-regi%C3%A3o-sc-\" target=\"_blank\" rel=\"noopener\"><\/a><br \/>\n        <a class=\"share-googleplus\" href=\"https:\/\/plus.google.com\/share?url=https:\/\/www.tst.jus.br\/-\/tem-in%C3%ADcio-correi%C3%A7%C3%A3o-ordin%C3%A1ria-no-trt-da-12%C2%AA-regi%C3%A3o-sc-\" target=\"_blank\" rel=\"noopener\"><\/a>\n    <\/div>\n<div class=\"news-body\">\n<div class=\"imagem-da-noticia\">\n<div class=\"social-media-share\">\n                    <a class=\"share-facebook\" href=\"https:\/\/www.facebook.com\/sharer.php?u=https:\/\/www.tst.jus.br\/-\/tem-in%C3%ADcio-correi%C3%A7%C3%A3o-ordin%C3%A1ria-no-trt-da-12%C2%AA-regi%C3%A3o-sc-\" target=\"_blank\" rel=\"noopener\"><\/a><br \/>\n                    <a class=\"share-twitter\" href=\"https:\/\/twitter.com\/intent\/tweet?text=Tem%20in%C3%ADcio%20correi%C3%A7%C3%A3o%20ordin%C3%A1ria%20no%20TRT%20da%2012%C2%AA%20Regi%C3%A3o%20(SC)%0AVeja%20mais%20em:&amp;url=https:\/\/www.tst.jus.br\/-\/tem-in%C3%ADcio-correi%C3%A7%C3%A3o-ordin%C3%A1ria-no-trt-da-12%C2%AA-regi%C3%A3o-sc-\" target=\"_blank\" rel=\"noopener\"><\/a><br \/>\n                    <a class=\"share-linkedin\" href=\"https:\/\/www.linkedin.com\/shareArticle?mini=true&amp;url=https:\/\/www.tst.jus.br\/-\/tem-in%C3%ADcio-correi%C3%A7%C3%A3o-ordin%C3%A1ria-no-trt-da-12%C2%AA-regi%C3%A3o-sc-&amp;title=Tem%20in%C3%ADcio%20correi%C3%A7%C3%A3o%20ordin%C3%A1ria%20no%20TRT%20da%2012%C2%AA%20Regi%C3%A3o%20(SC)\" target=\"_blank\" rel=\"noopener\"><\/a><br \/>\n                    <a class=\"share-whatsapp\" href=\"https:\/\/web.whatsapp.com\/send?text=https:\/\/www.tst.jus.br\/-\/tem-in%C3%ADcio-correi%C3%A7%C3%A3o-ordin%C3%A1ria-no-trt-da-12%C2%AA-regi%C3%A3o-sc-\" target=\"_blank\" rel=\"noopener\"><\/a><br \/>\n                    <a class=\"share-googleplus\" href=\"https:\/\/plus.google.com\/share?url=https:\/\/www.tst.jus.br\/-\/tem-in%C3%ADcio-correi%C3%A7%C3%A3o-ordin%C3%A1ria-no-trt-da-12%C2%AA-regi%C3%A3o-sc-\" target=\"_blank\" rel=\"noopener\"><\/a>\n                <\/div>\n<\/p><\/div>\n<div class=\"materia\">\n<p><em>Conclus\u00e3o dos trabalhos ser\u00e1 apresentada no dia 21 de julho<\/em><\/p>\n<p>O corregedor-geral da Justi\u00e7a do Trabalho, ministro Caputo Bastos, iniciou nesta segunda-feira (18\/7), a correi\u00e7\u00e3o ordin\u00e1ria no Tribunal Regional do Trabalho da 12\u00aa Regi\u00e3o (SC). O resultado dos trabalhos ser\u00e1 apresentado na pr\u00f3xima quinta-feira (21), \u00e0s 10h, em sess\u00e3o plen\u00e1ria administrativa.<\/p>\n<p>As atividades se iniciaram com uma reuni\u00e3o entre o ministro e os integrantes da Administra\u00e7\u00e3o do TRT-12, desembargadores Jos\u00e9 Ernesto Manzi, Wanderley Godoy Junior e Nivaldo Stankiewicz, presidente, vice-presidente e corregedor-regional, respectivamente. Na sequ\u00eancia, o ministro\u00a0 falou diretamente aos gestores das equipes que v\u00e3o subsidiar os trabalhos da Corregedoria.<\/p>\n<p>\u201cOs n\u00fameros frios n\u00f3s obtemos pelos sistemas informatizados, mas o que procuramos em cada visita \u00e9 entender o porqu\u00ea de um tribunal n\u00e3o estar seguindo alguma recomenda\u00e7\u00e3o, observar mais de perto o motivo. N\u00e3o se trata apenas de uma fiscaliza\u00e7\u00e3o, mas de uma parceria\u201d, pontuou.<\/p>\n<p>A correi\u00e7\u00e3o ordin\u00e1ria faz parte da rotina de procedimentos dos tribunais e tem por finalidade verificar como est\u00e1 sendo feita a presta\u00e7\u00e3o da Justi\u00e7a pelas inst\u00e2ncias inferiores. Nela, o corregedor-geral examina processos, registros e documentos. Ele tamb\u00e9m avalia a adequa\u00e7\u00e3o de procedimentos a normas legais e quest\u00f5es administrativas, entre outras. Ao final, apresenta suas conclus\u00f5es mediante recomenda\u00e7\u00f5es aos \u00f3rg\u00e3os correicionados.<\/p>\n<p>(NP\/TG)<\/p>\n<\/div><\/div>\n<\/div>\n","protected":false},"excerpt":{"rendered":"<p>Conclus\u00e3o dos trabalhos ser\u00e1 apresentada no dia 21 de julho pelo ministro Caputo Bastos, corregedor-geral da Justi\u00e7a do Trabalho Conclus\u00e3o dos trabalhos ser\u00e1 apresentada no dia 21 de julho O corregedor-geral da Justi\u00e7a do Trabalho, ministro Caputo Bastos, iniciou nesta segunda-feira (18\/7), a correi\u00e7\u00e3o ordin\u00e1ria no Tribunal Regional do Trabalho da 12\u00aa Regi\u00e3o (SC). O [&hellip;]<\/p>\n","protected":false},"author":0,"featured_media":11696,"comment_status":"open","ping_status":"","sticky":false,"template":"","format":"standard","meta":{"footnotes":""},"categories":[5],"tags":[],"class_list":["post-11695","post","type-post","status-publish","format-standard","has-post-thumbnail","hentry","category-noticias-educacao-financeira"],"blocksy_meta":{"styles_descriptor":{"styles":{"desktop":"","tablet":"","mobile":""},"google_fonts":[],"version":6}},"yoast_head":"<!-- This site is optimized with the Yoast SEO plugin v27.4 - https:\/\/yoast.com\/product\/yoast-seo-wordpress\/ -->\n<title>Tem in\u00edcio correi\u00e7\u00e3o ordin\u00e1ria no TRT da 12\u00aa Regi\u00e3o (SC) - Contabilidade Caxias<\/title>\n<meta name=\"robots\" content=\"index, follow, max-snippet:-1, max-image-preview:large, max-video-preview:-1\" \/>\n<link rel=\"canonical\" href=\"https:\/\/contabilidadecaxias.com.br\/index.php\/2022\/07\/18\/tem-inicio-correicao-ordinaria-no-trt-da-12a-regiao-sc\/\" \/>\n<meta property=\"og:locale\" content=\"pt_BR\" \/>\n<meta property=\"og:type\" content=\"article\" \/>\n<meta property=\"og:title\" content=\"Tem in\u00edcio correi\u00e7\u00e3o ordin\u00e1ria no TRT da 12\u00aa Regi\u00e3o (SC) - Contabilidade Caxias\" \/>\n<meta property=\"og:description\" content=\"Conclus\u00e3o dos trabalhos ser\u00e1 apresentada no dia 21 de julho pelo ministro Caputo Bastos, corregedor-geral da Justi\u00e7a do Trabalho Conclus\u00e3o dos trabalhos ser\u00e1 apresentada no dia 21 de julho O corregedor-geral da Justi\u00e7a do Trabalho, ministro Caputo Bastos, iniciou nesta segunda-feira (18\/7), a correi\u00e7\u00e3o ordin\u00e1ria no Tribunal Regional do Trabalho da 12\u00aa Regi\u00e3o (SC). O [&hellip;]\" \/>\n<meta property=\"og:url\" content=\"https:\/\/contabilidadecaxias.com.br\/index.php\/2022\/07\/18\/tem-inicio-correicao-ordinaria-no-trt-da-12a-regiao-sc\/\" \/>\n<meta property=\"og:site_name\" content=\"Contabilidade Caxias\" \/>\n<meta property=\"article:published_time\" content=\"2022-07-18T20:04:39+00:00\" \/>\n<meta name=\"twitter:card\" content=\"summary_large_image\" \/>\n<meta name=\"twitter:label1\" content=\"Est. tempo de leitura\" \/>\n\t<meta name=\"twitter:data1\" content=\"1 minuto\" \/>\n<script type=\"application\/ld+json\" class=\"yoast-schema-graph\">{\"@context\":\"https:\\\/\\\/schema.org\",\"@graph\":[{\"@type\":\"Article\",\"@id\":\"https:\\\/\\\/contabilidadecaxias.com.br\\\/index.php\\\/2022\\\/07\\\/18\\\/tem-inicio-correicao-ordinaria-no-trt-da-12a-regiao-sc\\\/#article\",\"isPartOf\":{\"@id\":\"https:\\\/\\\/contabilidadecaxias.com.br\\\/index.php\\\/2022\\\/07\\\/18\\\/tem-inicio-correicao-ordinaria-no-trt-da-12a-regiao-sc\\\/\"},\"author\":{\"name\":\"\",\"@id\":\"\"},\"headline\":\"Tem in\u00edcio correi\u00e7\u00e3o ordin\u00e1ria no TRT da 12\u00aa Regi\u00e3o (SC)\",\"datePublished\":\"2022-07-18T20:04:39+00:00\",\"mainEntityOfPage\":{\"@id\":\"https:\\\/\\\/contabilidadecaxias.com.br\\\/index.php\\\/2022\\\/07\\\/18\\\/tem-inicio-correicao-ordinaria-no-trt-da-12a-regiao-sc\\\/\"},\"wordCount\":264,\"commentCount\":0,\"image\":{\"@id\":\"https:\\\/\\\/contabilidadecaxias.com.br\\\/index.php\\\/2022\\\/07\\\/18\\\/tem-inicio-correicao-ordinaria-no-trt-da-12a-regiao-sc\\\/#primaryimage\"},\"thumbnailUrl\":\"https:\\\/\\\/contabilidadecaxias.com.br\\\/wp-content\\\/uploads\\\/2022\\\/07\\\/216ea1e0-39eb-73ef-48a8-0e6c0bb4fbc7-PkRcAh.jpeg\",\"articleSection\":[\"Educa\u00e7\u00e3o Financeira\"],\"inLanguage\":\"pt-BR\",\"potentialAction\":[{\"@type\":\"CommentAction\",\"name\":\"Comment\",\"target\":[\"https:\\\/\\\/contabilidadecaxias.com.br\\\/index.php\\\/2022\\\/07\\\/18\\\/tem-inicio-correicao-ordinaria-no-trt-da-12a-regiao-sc\\\/#respond\"]}]},{\"@type\":\"WebPage\",\"@id\":\"https:\\\/\\\/contabilidadecaxias.com.br\\\/index.php\\\/2022\\\/07\\\/18\\\/tem-inicio-correicao-ordinaria-no-trt-da-12a-regiao-sc\\\/\",\"url\":\"https:\\\/\\\/contabilidadecaxias.com.br\\\/index.php\\\/2022\\\/07\\\/18\\\/tem-inicio-correicao-ordinaria-no-trt-da-12a-regiao-sc\\\/\",\"name\":\"Tem in\u00edcio correi\u00e7\u00e3o ordin\u00e1ria no TRT da 12\u00aa Regi\u00e3o (SC) - Contabilidade Caxias\",\"isPartOf\":{\"@id\":\"https:\\\/\\\/contabilidadecaxias.com.br\\\/#website\"},\"primaryImageOfPage\":{\"@id\":\"https:\\\/\\\/contabilidadecaxias.com.br\\\/index.php\\\/2022\\\/07\\\/18\\\/tem-inicio-correicao-ordinaria-no-trt-da-12a-regiao-sc\\\/#primaryimage\"},\"image\":{\"@id\":\"https:\\\/\\\/contabilidadecaxias.com.br\\\/index.php\\\/2022\\\/07\\\/18\\\/tem-inicio-correicao-ordinaria-no-trt-da-12a-regiao-sc\\\/#primaryimage\"},\"thumbnailUrl\":\"https:\\\/\\\/contabilidadecaxias.com.br\\\/wp-content\\\/uploads\\\/2022\\\/07\\\/216ea1e0-39eb-73ef-48a8-0e6c0bb4fbc7-PkRcAh.jpeg\",\"datePublished\":\"2022-07-18T20:04:39+00:00\",\"author\":{\"@id\":\"\"},\"breadcrumb\":{\"@id\":\"https:\\\/\\\/contabilidadecaxias.com.br\\\/index.php\\\/2022\\\/07\\\/18\\\/tem-inicio-correicao-ordinaria-no-trt-da-12a-regiao-sc\\\/#breadcrumb\"},\"inLanguage\":\"pt-BR\",\"potentialAction\":[{\"@type\":\"ReadAction\",\"target\":[\"https:\\\/\\\/contabilidadecaxias.com.br\\\/index.php\\\/2022\\\/07\\\/18\\\/tem-inicio-correicao-ordinaria-no-trt-da-12a-regiao-sc\\\/\"]}]},{\"@type\":\"ImageObject\",\"inLanguage\":\"pt-BR\",\"@id\":\"https:\\\/\\\/contabilidadecaxias.com.br\\\/index.php\\\/2022\\\/07\\\/18\\\/tem-inicio-correicao-ordinaria-no-trt-da-12a-regiao-sc\\\/#primaryimage\",\"url\":\"https:\\\/\\\/contabilidadecaxias.com.br\\\/wp-content\\\/uploads\\\/2022\\\/07\\\/216ea1e0-39eb-73ef-48a8-0e6c0bb4fbc7-PkRcAh.jpeg\",\"contentUrl\":\"https:\\\/\\\/contabilidadecaxias.com.br\\\/wp-content\\\/uploads\\\/2022\\\/07\\\/216ea1e0-39eb-73ef-48a8-0e6c0bb4fbc7-PkRcAh.jpeg\",\"width\":825,\"height\":512},{\"@type\":\"BreadcrumbList\",\"@id\":\"https:\\\/\\\/contabilidadecaxias.com.br\\\/index.php\\\/2022\\\/07\\\/18\\\/tem-inicio-correicao-ordinaria-no-trt-da-12a-regiao-sc\\\/#breadcrumb\",\"itemListElement\":[{\"@type\":\"ListItem\",\"position\":1,\"name\":\"In\u00edcio\",\"item\":\"https:\\\/\\\/contabilidadecaxias.com.br\\\/\"},{\"@type\":\"ListItem\",\"position\":2,\"name\":\"Tem in\u00edcio correi\u00e7\u00e3o ordin\u00e1ria no TRT da 12\u00aa Regi\u00e3o (SC)\"}]},{\"@type\":\"WebSite\",\"@id\":\"https:\\\/\\\/contabilidadecaxias.com.br\\\/#website\",\"url\":\"https:\\\/\\\/contabilidadecaxias.com.br\\\/\",\"name\":\"Contabilidade Caxias\",\"description\":\"Site especializado em Contabilidade para Caxias.\",\"potentialAction\":[{\"@type\":\"SearchAction\",\"target\":{\"@type\":\"EntryPoint\",\"urlTemplate\":\"https:\\\/\\\/contabilidadecaxias.com.br\\\/?s={search_term_string}\"},\"query-input\":{\"@type\":\"PropertyValueSpecification\",\"valueRequired\":true,\"valueName\":\"search_term_string\"}}],\"inLanguage\":\"pt-BR\"}]}<\/script>\n<!-- \/ Yoast SEO plugin. -->","yoast_head_json":{"title":"Tem in\u00edcio correi\u00e7\u00e3o ordin\u00e1ria no TRT da 12\u00aa Regi\u00e3o (SC) - Contabilidade Caxias","robots":{"index":"index","follow":"follow","max-snippet":"max-snippet:-1","max-image-preview":"max-image-preview:large","max-video-preview":"max-video-preview:-1"},"canonical":"https:\/\/contabilidadecaxias.com.br\/index.php\/2022\/07\/18\/tem-inicio-correicao-ordinaria-no-trt-da-12a-regiao-sc\/","og_locale":"pt_BR","og_type":"article","og_title":"Tem in\u00edcio correi\u00e7\u00e3o ordin\u00e1ria no TRT da 12\u00aa Regi\u00e3o (SC) - Contabilidade Caxias","og_description":"Conclus\u00e3o dos trabalhos ser\u00e1 apresentada no dia 21 de julho pelo ministro Caputo Bastos, corregedor-geral da Justi\u00e7a do Trabalho Conclus\u00e3o dos trabalhos ser\u00e1 apresentada no dia 21 de julho O corregedor-geral da Justi\u00e7a do Trabalho, ministro Caputo Bastos, iniciou nesta segunda-feira (18\/7), a correi\u00e7\u00e3o ordin\u00e1ria no Tribunal Regional do Trabalho da 12\u00aa Regi\u00e3o (SC). O [&hellip;]","og_url":"https:\/\/contabilidadecaxias.com.br\/index.php\/2022\/07\/18\/tem-inicio-correicao-ordinaria-no-trt-da-12a-regiao-sc\/","og_site_name":"Contabilidade Caxias","article_published_time":"2022-07-18T20:04:39+00:00","twitter_card":"summary_large_image","twitter_misc":{"Est. tempo de leitura":"1 minuto"},"schema":{"@context":"https:\/\/schema.org","@graph":[{"@type":"Article","@id":"https:\/\/contabilidadecaxias.com.br\/index.php\/2022\/07\/18\/tem-inicio-correicao-ordinaria-no-trt-da-12a-regiao-sc\/#article","isPartOf":{"@id":"https:\/\/contabilidadecaxias.com.br\/index.php\/2022\/07\/18\/tem-inicio-correicao-ordinaria-no-trt-da-12a-regiao-sc\/"},"author":{"name":"","@id":""},"headline":"Tem in\u00edcio correi\u00e7\u00e3o ordin\u00e1ria no TRT da 12\u00aa Regi\u00e3o (SC)","datePublished":"2022-07-18T20:04:39+00:00","mainEntityOfPage":{"@id":"https:\/\/contabilidadecaxias.com.br\/index.php\/2022\/07\/18\/tem-inicio-correicao-ordinaria-no-trt-da-12a-regiao-sc\/"},"wordCount":264,"commentCount":0,"image":{"@id":"https:\/\/contabilidadecaxias.com.br\/index.php\/2022\/07\/18\/tem-inicio-correicao-ordinaria-no-trt-da-12a-regiao-sc\/#primaryimage"},"thumbnailUrl":"https:\/\/contabilidadecaxias.com.br\/wp-content\/uploads\/2022\/07\/216ea1e0-39eb-73ef-48a8-0e6c0bb4fbc7-PkRcAh.jpeg","articleSection":["Educa\u00e7\u00e3o Financeira"],"inLanguage":"pt-BR","potentialAction":[{"@type":"CommentAction","name":"Comment","target":["https:\/\/contabilidadecaxias.com.br\/index.php\/2022\/07\/18\/tem-inicio-correicao-ordinaria-no-trt-da-12a-regiao-sc\/#respond"]}]},{"@type":"WebPage","@id":"https:\/\/contabilidadecaxias.com.br\/index.php\/2022\/07\/18\/tem-inicio-correicao-ordinaria-no-trt-da-12a-regiao-sc\/","url":"https:\/\/contabilidadecaxias.com.br\/index.php\/2022\/07\/18\/tem-inicio-correicao-ordinaria-no-trt-da-12a-regiao-sc\/","name":"Tem in\u00edcio correi\u00e7\u00e3o ordin\u00e1ria no TRT da 12\u00aa Regi\u00e3o (SC) - Contabilidade Caxias","isPartOf":{"@id":"https:\/\/contabilidadecaxias.com.br\/#website"},"primaryImageOfPage":{"@id":"https:\/\/contabilidadecaxias.com.br\/index.php\/2022\/07\/18\/tem-inicio-correicao-ordinaria-no-trt-da-12a-regiao-sc\/#primaryimage"},"image":{"@id":"https:\/\/contabilidadecaxias.com.br\/index.php\/2022\/07\/18\/tem-inicio-correicao-ordinaria-no-trt-da-12a-regiao-sc\/#primaryimage"},"thumbnailUrl":"https:\/\/contabilidadecaxias.com.br\/wp-content\/uploads\/2022\/07\/216ea1e0-39eb-73ef-48a8-0e6c0bb4fbc7-PkRcAh.jpeg","datePublished":"2022-07-18T20:04:39+00:00","author":{"@id":""},"breadcrumb":{"@id":"https:\/\/contabilidadecaxias.com.br\/index.php\/2022\/07\/18\/tem-inicio-correicao-ordinaria-no-trt-da-12a-regiao-sc\/#breadcrumb"},"inLanguage":"pt-BR","potentialAction":[{"@type":"ReadAction","target":["https:\/\/contabilidadecaxias.com.br\/index.php\/2022\/07\/18\/tem-inicio-correicao-ordinaria-no-trt-da-12a-regiao-sc\/"]}]},{"@type":"ImageObject","inLanguage":"pt-BR","@id":"https:\/\/contabilidadecaxias.com.br\/index.php\/2022\/07\/18\/tem-inicio-correicao-ordinaria-no-trt-da-12a-regiao-sc\/#primaryimage","url":"https:\/\/contabilidadecaxias.com.br\/wp-content\/uploads\/2022\/07\/216ea1e0-39eb-73ef-48a8-0e6c0bb4fbc7-PkRcAh.jpeg","contentUrl":"https:\/\/contabilidadecaxias.com.br\/wp-content\/uploads\/2022\/07\/216ea1e0-39eb-73ef-48a8-0e6c0bb4fbc7-PkRcAh.jpeg","width":825,"height":512},{"@type":"BreadcrumbList","@id":"https:\/\/contabilidadecaxias.com.br\/index.php\/2022\/07\/18\/tem-inicio-correicao-ordinaria-no-trt-da-12a-regiao-sc\/#breadcrumb","itemListElement":[{"@type":"ListItem","position":1,"name":"In\u00edcio","item":"https:\/\/contabilidadecaxias.com.br\/"},{"@type":"ListItem","position":2,"name":"Tem in\u00edcio correi\u00e7\u00e3o ordin\u00e1ria no TRT da 12\u00aa Regi\u00e3o (SC)"}]},{"@type":"WebSite","@id":"https:\/\/contabilidadecaxias.com.br\/#website","url":"https:\/\/contabilidadecaxias.com.br\/","name":"Contabilidade Caxias","description":"Site especializado em Contabilidade para Caxias.","potentialAction":[{"@type":"SearchAction","target":{"@type":"EntryPoint","urlTemplate":"https:\/\/contabilidadecaxias.com.br\/?s={search_term_string}"},"query-input":{"@type":"PropertyValueSpecification","valueRequired":true,"valueName":"search_term_string"}}],"inLanguage":"pt-BR"}]}},"_links":{"self":[{"href":"https:\/\/contabilidadecaxias.com.br\/index.php\/wp-json\/wp\/v2\/posts\/11695","targetHints":{"allow":["GET"]}}],"collection":[{"href":"https:\/\/contabilidadecaxias.com.br\/index.php\/wp-json\/wp\/v2\/posts"}],"about":[{"href":"https:\/\/contabilidadecaxias.com.br\/index.php\/wp-json\/wp\/v2\/types\/post"}],"replies":[{"embeddable":true,"href":"https:\/\/contabilidadecaxias.com.br\/index.php\/wp-json\/wp\/v2\/comments?post=11695"}],"version-history":[{"count":0,"href":"https:\/\/contabilidadecaxias.com.br\/index.php\/wp-json\/wp\/v2\/posts\/11695\/revisions"}],"wp:featuredmedia":[{"embeddable":true,"href":"https:\/\/contabilidadecaxias.com.br\/index.php\/wp-json\/wp\/v2\/media\/11696"}],"wp:attachment":[{"href":"https:\/\/contabilidadecaxias.com.br\/index.php\/wp-json\/wp\/v2\/media?parent=11695"}],"wp:term":[{"taxonomy":"category","embeddable":true,"href":"https:\/\/contabilidadecaxias.com.br\/index.php\/wp-json\/wp\/v2\/categories?post=11695"},{"taxonomy":"post_tag","embeddable":true,"href":"https:\/\/contabilidadecaxias.com.br\/index.php\/wp-json\/wp\/v2\/tags?post=11695"}],"curies":[{"name":"wp","href":"https:\/\/api.w.org\/{rel}","templated":true}]}}