{"id":11679,"date":"2022-07-15T19:06:00","date_gmt":"2022-07-15T22:06:00","guid":{"rendered":"https:\/\/contabilidadecaxias.com.br\/index.php\/2022\/07\/15\/sdi-2-declara-nulidade-processual-porque-decisao-regional-nao-incluiu-voto-vencido\/"},"modified":"2022-07-15T19:06:00","modified_gmt":"2022-07-15T22:06:00","slug":"sdi-2-declara-nulidade-processual-porque-decisao-regional-nao-incluiu-voto-vencido","status":"publish","type":"post","link":"https:\/\/contabilidadecaxias.com.br\/index.php\/2022\/07\/15\/sdi-2-declara-nulidade-processual-porque-decisao-regional-nao-incluiu-voto-vencido\/","title":{"rendered":"SDI-2 declara nulidade processual porque decis\u00e3o regional n\u00e3o incluiu voto vencido"},"content":{"rendered":"<div class=\"noticia-wrapper\">\n<p><em><\/p>\n<p>O Tribunal Regional far\u00e1 nova publica\u00e7\u00e3o do ac\u00f3rd\u00e3o.<\/p>\n<p><\/em><\/p>\n<div class=\"social-media-share mobile\">\n        <a class=\"share-facebook\" href=\"https:\/\/www.facebook.com\/sharer.php?u=https:\/\/www.tst.jus.br\/-\/sdi-2-declara-nulidade-processual-porque-decis%C3%A3o-regional-n%C3%A3o-incluiu-voto-vencido\" target=\"_blank\" rel=\"noopener\"><\/a><br \/>\n        <a class=\"share-twitter\" href=\"https:\/\/twitter.com\/intent\/tweet?text=SDI-2%20declara%20nulidade%20processual%20porque%20decis%C3%A3o%20regional%20n%C3%A3o%20incluiu%20voto%20vencido%0AVeja%20mais%20em:&amp;url=https:\/\/www.tst.jus.br\/-\/sdi-2-declara-nulidade-processual-porque-decis%C3%A3o-regional-n%C3%A3o-incluiu-voto-vencido\" target=\"_blank\" rel=\"noopener\"><\/a><br \/>\n        <a class=\"share-linkedin\" href=\"https:\/\/www.linkedin.com\/shareArticle?mini=true&amp;url=https:\/\/www.tst.jus.br\/-\/sdi-2-declara-nulidade-processual-porque-decis%C3%A3o-regional-n%C3%A3o-incluiu-voto-vencido&amp;title=SDI-2%20declara%20nulidade%20processual%20porque%20decis%C3%A3o%20regional%20n%C3%A3o%20incluiu%20voto%20vencido\" target=\"_blank\" rel=\"noopener\"><\/a><br \/>\n        <a class=\"share-whatsapp\" href=\"https:\/\/web.whatsapp.com\/send?text=https:\/\/www.tst.jus.br\/-\/sdi-2-declara-nulidade-processual-porque-decis%C3%A3o-regional-n%C3%A3o-incluiu-voto-vencido\" target=\"_blank\" rel=\"noopener\"><\/a><br \/>\n        <a class=\"share-googleplus\" href=\"https:\/\/plus.google.com\/share?url=https:\/\/www.tst.jus.br\/-\/sdi-2-declara-nulidade-processual-porque-decis%C3%A3o-regional-n%C3%A3o-incluiu-voto-vencido\" target=\"_blank\" rel=\"noopener\"><\/a>\n    <\/div>\n<div class=\"news-body\">\n<div class=\"imagem-da-noticia\">\n<p>Foto do ministro Dezena da Silva em sess\u00e3o<\/p>\n<div class=\"social-media-share\">\n                    <a class=\"share-facebook\" href=\"https:\/\/www.facebook.com\/sharer.php?u=https:\/\/www.tst.jus.br\/-\/sdi-2-declara-nulidade-processual-porque-decis%C3%A3o-regional-n%C3%A3o-incluiu-voto-vencido\" target=\"_blank\" rel=\"noopener\"><\/a><br \/>\n                    <a class=\"share-twitter\" href=\"https:\/\/twitter.com\/intent\/tweet?text=SDI-2%20declara%20nulidade%20processual%20porque%20decis%C3%A3o%20regional%20n%C3%A3o%20incluiu%20voto%20vencido%0AVeja%20mais%20em:&amp;url=https:\/\/www.tst.jus.br\/-\/sdi-2-declara-nulidade-processual-porque-decis%C3%A3o-regional-n%C3%A3o-incluiu-voto-vencido\" target=\"_blank\" rel=\"noopener\"><\/a><br \/>\n                    <a class=\"share-linkedin\" href=\"https:\/\/www.linkedin.com\/shareArticle?mini=true&amp;url=https:\/\/www.tst.jus.br\/-\/sdi-2-declara-nulidade-processual-porque-decis%C3%A3o-regional-n%C3%A3o-incluiu-voto-vencido&amp;title=SDI-2%20declara%20nulidade%20processual%20porque%20decis%C3%A3o%20regional%20n%C3%A3o%20incluiu%20voto%20vencido\" target=\"_blank\" rel=\"noopener\"><\/a><br \/>\n                    <a class=\"share-whatsapp\" href=\"https:\/\/web.whatsapp.com\/send?text=https:\/\/www.tst.jus.br\/-\/sdi-2-declara-nulidade-processual-porque-decis%C3%A3o-regional-n%C3%A3o-incluiu-voto-vencido\" target=\"_blank\" rel=\"noopener\"><\/a><br \/>\n                    <a class=\"share-googleplus\" href=\"https:\/\/plus.google.com\/share?url=https:\/\/www.tst.jus.br\/-\/sdi-2-declara-nulidade-processual-porque-decis%C3%A3o-regional-n%C3%A3o-incluiu-voto-vencido\" target=\"_blank\" rel=\"noopener\"><\/a>\n                <\/div>\n<\/p><\/div>\n<div class=\"materia\">\n<p>25\/7\/2022 &#8211; A Subse\u00e7\u00e3o II Especializada em Diss\u00eddios Individuais (SDI-2) \u00a0do Tribunal Superior do Trabalho declarou nulos todos os atos processuais realizados ap\u00f3s a publica\u00e7\u00e3o do ac\u00f3rd\u00e3o regional proferido em uma a\u00e7\u00e3o rescis\u00f3ria, porque os votos dos desembargadores que ficaram vencidos no julgamento n\u00e3o foram inclu\u00eddos na decis\u00e3o. Agora, o Tribunal Regional do Trabalho da 15\u00aa Regi\u00e3o dever\u00e1 proceder \u00e0 correta publica\u00e7\u00e3o do ac\u00f3rd\u00e3o, com o voto vencedor e os vencidos, al\u00e9m de reabrir os prazos recursais. \u00a0<\/p>\n<p><strong>Entenda o caso<\/strong><\/p>\n<p>Em 2014, um motorista carreteiro, residente em Mineiros do Tiete (SP), ajuizou reclama\u00e7\u00e3o trabalhista contra a ex-empregadora, TRF Transportes e Servi\u00e7os, de Piracicaba (SP), com pedido de horas extras e indeniza\u00e7\u00e3o por dano moral. \u00a0No processo, ele contou que, em cerca de trinta dias, fora homologado um acordo, na 1\u00aa Vara do Trabalho de Piracicaba, para quita\u00e7\u00e3o das verbas rescis\u00f3rias devidas pela TRF.<\/p>\n<p>Quando essa senten\u00e7a homologat\u00f3ria se tornou definitiva, o motorista ingressou com uma a\u00e7\u00e3o rescis\u00f3ria perante o Tribunal Regional do Trabalho da 15\u00aa Regi\u00e3o (Campinas\/SP) com o prop\u00f3sito de anular o acordo homologado com a alega\u00e7\u00e3o de que ocorrera v\u00edcio de consentimento.\u00a0<\/p>\n<p>Narrou que seu advogado havia sido indicado pela pr\u00f3pria empresa, que a peti\u00e7\u00e3o do acordo era semelhante a tantas outras firmadas pela TRF com o aux\u00edlio do referido advogado e que os valores ajustados eram inferiores \u00e0s verbas rescis\u00f3rias devidas.\u00a0<\/p>\n<p><strong>Consentimento\u00a0<\/strong><\/p>\n<p>A empresa, por outro lado, defendeu que o motorista concordara com os termos do acordo na presen\u00e7a do juiz e que ela n\u00e3o havia intermediado a contrata\u00e7\u00e3o do advogado do trabalhador. Afirmou, ainda, que o empregado n\u00e3o demonstrara ter sido coagido a celebrar o ajuste.\u00a0<\/p>\n<p>Contudo, o Tribunal Regional julgou procedente a a\u00e7\u00e3o do trabalhador para anular a senten\u00e7a homologat\u00f3ria do acordo, com respaldo na <a href=\"https:\/\/www.tst.jus.br\/web\/guest\/ojs\/-\/asset_publisher\/1N7k\/content\/id\/355346?_com_liferay_asset_publisher_web_portlet_AssetPublisherPortlet_INSTANCE_1N7k_redirect=https%3A%2F%2Fwww.tst.jus.br%3A443%2Fweb%2Fguest%2Fojs%3Fp_p_id%3Dcom_liferay_asset_publisher_web_portlet_AssetPublisherPortlet_INSTANCE_1N7k%26p_p_lifecycle%3D0%26p_p_state%3Dnormal%26p_p_mode%3Dview%26_com_liferay_asset_publisher_web_portlet_AssetPublisherPortlet_INSTANCE_1N7k_cur%3D0%26p_r_p_resetCur%3Dfalse%26_com_liferay_asset_publisher_web_portlet_AssetPublisherPortlet_INSTANCE_1N7k_assetEntryId%3D355346\" target=\"_blank\" rel=\"noopener\">Orienta\u00e7\u00e3o Jurisprudencial n\u00ba 154<\/a> da SDI-2 do TST, que disp\u00f5e sobre a possibilidade de invalidar a transa\u00e7\u00e3o nos casos em que houver fraude ou v\u00edcio de consentimento. Segundo o TRT, as testemunhas ouvidas confirmaram a vers\u00e3o do motorista acerca da conduta da empresa e do advogado em situa\u00e7\u00f5es semelhantes. \u00a0<\/p>\n<p><strong>Voto vencido<\/strong><\/p>\n<p>No recurso ordin\u00e1rio encaminhado ao TST, a TRF Transportes e Servi\u00e7os sustentou a aus\u00eancia de amparo legal para o Regional anular a senten\u00e7a homologat\u00f3ria de acordo, uma vez que, para a empresa, n\u00e3o havia ind\u00edcio de v\u00edcio de consentimento na hip\u00f3tese.<\/p>\n<p>O m\u00e9rito do apelo, no entanto, nem chegou a ser discutido na SDI-2, porque o ministro Dezena da Silva, relator, \u00a0identificou que a decis\u00e3o do Regional fora tomada por maioria, e o voto dos desembargadores que ficaram vencidos no julgamento n\u00e3o haviam sido juntados ao p\u00e9 do ac\u00f3rd\u00e3o vencedor.\u00a0<\/p>\n<p>Por essa raz\u00e3o, completou o relator, \u00e9 for\u00e7oso concluir pela nulidade de todos os atos processuais realizados a partir da publica\u00e7\u00e3o do ac\u00f3rd\u00e3o do TRT. \u00a0Ele explicou que o artigo 941, par\u00e1grafo 3\u00ba, do <a href=\"https:\/\/www.planalto.gov.br\/ccivil_03\/_ato2015-2018\/2015\/lei\/l13105.htm\" target=\"_blank\" rel=\"noopener\">C\u00f3digo de Processo Civil<\/a> de 2015 estabelece, taxativamente, que o voto vencido deve ser declarado e integrar o ac\u00f3rd\u00e3o.<\/p>\n<p>Ainda de acordo com o ministro Dezena, a SDI-2, em julgamento de 2019, confirmou a necessidade de observ\u00e2ncia \u00a0da juntada do voto vencido, sob pena de nulidade absoluta da publica\u00e7\u00e3o do ac\u00f3rd\u00e3o, independentemente da demonstra\u00e7\u00e3o de preju\u00edzo pela parte.\u00a0<\/p>\n<p>Assim, o processo ser\u00e1 devolvido ao Tribunal Regional para que sane o problema com nova publica\u00e7\u00e3o do ac\u00f3rd\u00e3o, contendo o voto vencedor e vencido, e proceda \u00e0 reabertura dos prazos recursais.\u00a0<\/p>\n<p>A decis\u00e3o foi un\u00e2nime.\u00a0<br \/>\n\u00a0<br \/>\n(LF\/GS)<\/p>\n<p>Processo:<a href=\"https:\/\/consultaprocessual.tst.jus.br\/consultaProcessual\/consultaTstNumUnica.do?consulta=Consultar&amp;conscsjt=&amp;numeroTst=7901&amp;digitoTst=21&amp;anoTst=2016&amp;orgaoTst=5&amp;tribunalTst=15&amp;varaTst=0000&amp;submit=Consultar\" target=\"_blank\" rel=\"noopener\"> PROT-7901-21.2016.5.15.0000<\/a><br \/>\n\u00a0<br \/>\nO TST possui oito Turmas, cada uma composta por tr\u00eas ministros, com a atribui\u00e7\u00e3o de analisar recursos de revista, agravos, agravos de instrumento, agravos regimentais e recursos ordin\u00e1rios em a\u00e7\u00e3o cautelar. Das decis\u00f5es das Turmas, a parte ainda pode, em alguns casos, recorrer \u00e0 Subse\u00e7\u00e3o I Especializada em Diss\u00eddios Individuais (SBDI-1).<\/p>\n<p>Esta mat\u00e9ria tem car\u00e1ter informativo.<br \/>\nPermitida a reprodu\u00e7\u00e3o mediante cita\u00e7\u00e3o da fonte.<br \/>\nSecretaria de Comunica\u00e7\u00e3o Social<br \/>\nTribunal Superior do Trabalho<br \/>\nTel. (61) 3043-4907<br \/>\nsecom@tst.jus.br<\/p>\n<\/div><\/div>\n<\/div>\n","protected":false},"excerpt":{"rendered":"<p>O Tribunal Regional far\u00e1 nova publica\u00e7\u00e3o do ac\u00f3rd\u00e3o. Foto do ministro Dezena da Silva em sess\u00e3o 25\/7\/2022 &#8211; A Subse\u00e7\u00e3o II Especializada em Diss\u00eddios Individuais (SDI-2) \u00a0do Tribunal Superior do Trabalho declarou nulos todos os atos processuais realizados ap\u00f3s a publica\u00e7\u00e3o do ac\u00f3rd\u00e3o regional proferido em uma a\u00e7\u00e3o rescis\u00f3ria, porque os votos dos desembargadores que [&hellip;]<\/p>\n","protected":false},"author":0,"featured_media":11680,"comment_status":"open","ping_status":"","sticky":false,"template":"","format":"standard","meta":{"footnotes":""},"categories":[5],"tags":[],"class_list":["post-11679","post","type-post","status-publish","format-standard","has-post-thumbnail","hentry","category-noticias-educacao-financeira"],"blocksy_meta":{"styles_descriptor":{"styles":{"desktop":"","tablet":"","mobile":""},"google_fonts":[],"version":6}},"yoast_head":"<!-- This site is optimized with the Yoast SEO plugin v27.5 - https:\/\/yoast.com\/product\/yoast-seo-wordpress\/ -->\n<title>SDI-2 declara nulidade processual porque decis\u00e3o regional n\u00e3o incluiu voto vencido - Contabilidade Caxias<\/title>\n<meta name=\"robots\" content=\"index, follow, max-snippet:-1, max-image-preview:large, max-video-preview:-1\" \/>\n<link rel=\"canonical\" href=\"https:\/\/contabilidadecaxias.com.br\/index.php\/2022\/07\/15\/sdi-2-declara-nulidade-processual-porque-decisao-regional-nao-incluiu-voto-vencido\/\" \/>\n<meta property=\"og:locale\" content=\"pt_BR\" \/>\n<meta property=\"og:type\" content=\"article\" \/>\n<meta property=\"og:title\" content=\"SDI-2 declara nulidade processual porque decis\u00e3o regional n\u00e3o incluiu voto vencido - Contabilidade Caxias\" \/>\n<meta property=\"og:description\" content=\"O Tribunal Regional far\u00e1 nova publica\u00e7\u00e3o do ac\u00f3rd\u00e3o. Foto do ministro Dezena da Silva em sess\u00e3o 25\/7\/2022 &#8211; A Subse\u00e7\u00e3o II Especializada em Diss\u00eddios Individuais (SDI-2) \u00a0do Tribunal Superior do Trabalho declarou nulos todos os atos processuais realizados ap\u00f3s a publica\u00e7\u00e3o do ac\u00f3rd\u00e3o regional proferido em uma a\u00e7\u00e3o rescis\u00f3ria, porque os votos dos desembargadores que [&hellip;]\" \/>\n<meta property=\"og:url\" content=\"https:\/\/contabilidadecaxias.com.br\/index.php\/2022\/07\/15\/sdi-2-declara-nulidade-processual-porque-decisao-regional-nao-incluiu-voto-vencido\/\" \/>\n<meta property=\"og:site_name\" content=\"Contabilidade Caxias\" \/>\n<meta property=\"article:published_time\" content=\"2022-07-15T22:06:00+00:00\" \/>\n<meta name=\"twitter:card\" content=\"summary_large_image\" \/>\n<meta name=\"twitter:label1\" content=\"Est. tempo de leitura\" \/>\n\t<meta name=\"twitter:data1\" content=\"4 minutos\" \/>\n<script type=\"application\/ld+json\" class=\"yoast-schema-graph\">{\"@context\":\"https:\\\/\\\/schema.org\",\"@graph\":[{\"@type\":\"Article\",\"@id\":\"https:\\\/\\\/contabilidadecaxias.com.br\\\/index.php\\\/2022\\\/07\\\/15\\\/sdi-2-declara-nulidade-processual-porque-decisao-regional-nao-incluiu-voto-vencido\\\/#article\",\"isPartOf\":{\"@id\":\"https:\\\/\\\/contabilidadecaxias.com.br\\\/index.php\\\/2022\\\/07\\\/15\\\/sdi-2-declara-nulidade-processual-porque-decisao-regional-nao-incluiu-voto-vencido\\\/\"},\"author\":{\"name\":\"\",\"@id\":\"\"},\"headline\":\"SDI-2 declara nulidade processual porque decis\u00e3o regional n\u00e3o incluiu voto vencido\",\"datePublished\":\"2022-07-15T22:06:00+00:00\",\"mainEntityOfPage\":{\"@id\":\"https:\\\/\\\/contabilidadecaxias.com.br\\\/index.php\\\/2022\\\/07\\\/15\\\/sdi-2-declara-nulidade-processual-porque-decisao-regional-nao-incluiu-voto-vencido\\\/\"},\"wordCount\":752,\"commentCount\":0,\"image\":{\"@id\":\"https:\\\/\\\/contabilidadecaxias.com.br\\\/index.php\\\/2022\\\/07\\\/15\\\/sdi-2-declara-nulidade-processual-porque-decisao-regional-nao-incluiu-voto-vencido\\\/#primaryimage\"},\"thumbnailUrl\":\"https:\\\/\\\/contabilidadecaxias.com.br\\\/wp-content\\\/uploads\\\/2022\\\/07\\\/304ab46f-8e86-a598-b61a-d94396139828-fHwbj9-scaled.jpeg\",\"articleSection\":[\"Educa\u00e7\u00e3o Financeira\"],\"inLanguage\":\"pt-BR\",\"potentialAction\":[{\"@type\":\"CommentAction\",\"name\":\"Comment\",\"target\":[\"https:\\\/\\\/contabilidadecaxias.com.br\\\/index.php\\\/2022\\\/07\\\/15\\\/sdi-2-declara-nulidade-processual-porque-decisao-regional-nao-incluiu-voto-vencido\\\/#respond\"]}]},{\"@type\":\"WebPage\",\"@id\":\"https:\\\/\\\/contabilidadecaxias.com.br\\\/index.php\\\/2022\\\/07\\\/15\\\/sdi-2-declara-nulidade-processual-porque-decisao-regional-nao-incluiu-voto-vencido\\\/\",\"url\":\"https:\\\/\\\/contabilidadecaxias.com.br\\\/index.php\\\/2022\\\/07\\\/15\\\/sdi-2-declara-nulidade-processual-porque-decisao-regional-nao-incluiu-voto-vencido\\\/\",\"name\":\"SDI-2 declara nulidade processual porque decis\u00e3o regional n\u00e3o incluiu voto vencido - Contabilidade Caxias\",\"isPartOf\":{\"@id\":\"https:\\\/\\\/contabilidadecaxias.com.br\\\/#website\"},\"primaryImageOfPage\":{\"@id\":\"https:\\\/\\\/contabilidadecaxias.com.br\\\/index.php\\\/2022\\\/07\\\/15\\\/sdi-2-declara-nulidade-processual-porque-decisao-regional-nao-incluiu-voto-vencido\\\/#primaryimage\"},\"image\":{\"@id\":\"https:\\\/\\\/contabilidadecaxias.com.br\\\/index.php\\\/2022\\\/07\\\/15\\\/sdi-2-declara-nulidade-processual-porque-decisao-regional-nao-incluiu-voto-vencido\\\/#primaryimage\"},\"thumbnailUrl\":\"https:\\\/\\\/contabilidadecaxias.com.br\\\/wp-content\\\/uploads\\\/2022\\\/07\\\/304ab46f-8e86-a598-b61a-d94396139828-fHwbj9-scaled.jpeg\",\"datePublished\":\"2022-07-15T22:06:00+00:00\",\"author\":{\"@id\":\"\"},\"breadcrumb\":{\"@id\":\"https:\\\/\\\/contabilidadecaxias.com.br\\\/index.php\\\/2022\\\/07\\\/15\\\/sdi-2-declara-nulidade-processual-porque-decisao-regional-nao-incluiu-voto-vencido\\\/#breadcrumb\"},\"inLanguage\":\"pt-BR\",\"potentialAction\":[{\"@type\":\"ReadAction\",\"target\":[\"https:\\\/\\\/contabilidadecaxias.com.br\\\/index.php\\\/2022\\\/07\\\/15\\\/sdi-2-declara-nulidade-processual-porque-decisao-regional-nao-incluiu-voto-vencido\\\/\"]}]},{\"@type\":\"ImageObject\",\"inLanguage\":\"pt-BR\",\"@id\":\"https:\\\/\\\/contabilidadecaxias.com.br\\\/index.php\\\/2022\\\/07\\\/15\\\/sdi-2-declara-nulidade-processual-porque-decisao-regional-nao-incluiu-voto-vencido\\\/#primaryimage\",\"url\":\"https:\\\/\\\/contabilidadecaxias.com.br\\\/wp-content\\\/uploads\\\/2022\\\/07\\\/304ab46f-8e86-a598-b61a-d94396139828-fHwbj9-scaled.jpeg\",\"contentUrl\":\"https:\\\/\\\/contabilidadecaxias.com.br\\\/wp-content\\\/uploads\\\/2022\\\/07\\\/304ab46f-8e86-a598-b61a-d94396139828-fHwbj9-scaled.jpeg\",\"width\":2560,\"height\":1707},{\"@type\":\"BreadcrumbList\",\"@id\":\"https:\\\/\\\/contabilidadecaxias.com.br\\\/index.php\\\/2022\\\/07\\\/15\\\/sdi-2-declara-nulidade-processual-porque-decisao-regional-nao-incluiu-voto-vencido\\\/#breadcrumb\",\"itemListElement\":[{\"@type\":\"ListItem\",\"position\":1,\"name\":\"In\u00edcio\",\"item\":\"https:\\\/\\\/contabilidadecaxias.com.br\\\/\"},{\"@type\":\"ListItem\",\"position\":2,\"name\":\"SDI-2 declara nulidade processual porque decis\u00e3o regional n\u00e3o incluiu voto vencido\"}]},{\"@type\":\"WebSite\",\"@id\":\"https:\\\/\\\/contabilidadecaxias.com.br\\\/#website\",\"url\":\"https:\\\/\\\/contabilidadecaxias.com.br\\\/\",\"name\":\"Contabilidade Caxias\",\"description\":\"Site especializado em Contabilidade para Caxias.\",\"potentialAction\":[{\"@type\":\"SearchAction\",\"target\":{\"@type\":\"EntryPoint\",\"urlTemplate\":\"https:\\\/\\\/contabilidadecaxias.com.br\\\/?s={search_term_string}\"},\"query-input\":{\"@type\":\"PropertyValueSpecification\",\"valueRequired\":true,\"valueName\":\"search_term_string\"}}],\"inLanguage\":\"pt-BR\"}]}<\/script>\n<!-- \/ Yoast SEO plugin. -->","yoast_head_json":{"title":"SDI-2 declara nulidade processual porque decis\u00e3o regional n\u00e3o incluiu voto vencido - Contabilidade Caxias","robots":{"index":"index","follow":"follow","max-snippet":"max-snippet:-1","max-image-preview":"max-image-preview:large","max-video-preview":"max-video-preview:-1"},"canonical":"https:\/\/contabilidadecaxias.com.br\/index.php\/2022\/07\/15\/sdi-2-declara-nulidade-processual-porque-decisao-regional-nao-incluiu-voto-vencido\/","og_locale":"pt_BR","og_type":"article","og_title":"SDI-2 declara nulidade processual porque decis\u00e3o regional n\u00e3o incluiu voto vencido - Contabilidade Caxias","og_description":"O Tribunal Regional far\u00e1 nova publica\u00e7\u00e3o do ac\u00f3rd\u00e3o. Foto do ministro Dezena da Silva em sess\u00e3o 25\/7\/2022 &#8211; A Subse\u00e7\u00e3o II Especializada em Diss\u00eddios Individuais (SDI-2) \u00a0do Tribunal Superior do Trabalho declarou nulos todos os atos processuais realizados ap\u00f3s a publica\u00e7\u00e3o do ac\u00f3rd\u00e3o regional proferido em uma a\u00e7\u00e3o rescis\u00f3ria, porque os votos dos desembargadores que [&hellip;]","og_url":"https:\/\/contabilidadecaxias.com.br\/index.php\/2022\/07\/15\/sdi-2-declara-nulidade-processual-porque-decisao-regional-nao-incluiu-voto-vencido\/","og_site_name":"Contabilidade Caxias","article_published_time":"2022-07-15T22:06:00+00:00","twitter_card":"summary_large_image","twitter_misc":{"Est. tempo de leitura":"4 minutos"},"schema":{"@context":"https:\/\/schema.org","@graph":[{"@type":"Article","@id":"https:\/\/contabilidadecaxias.com.br\/index.php\/2022\/07\/15\/sdi-2-declara-nulidade-processual-porque-decisao-regional-nao-incluiu-voto-vencido\/#article","isPartOf":{"@id":"https:\/\/contabilidadecaxias.com.br\/index.php\/2022\/07\/15\/sdi-2-declara-nulidade-processual-porque-decisao-regional-nao-incluiu-voto-vencido\/"},"author":{"name":"","@id":""},"headline":"SDI-2 declara nulidade processual porque decis\u00e3o regional n\u00e3o incluiu voto vencido","datePublished":"2022-07-15T22:06:00+00:00","mainEntityOfPage":{"@id":"https:\/\/contabilidadecaxias.com.br\/index.php\/2022\/07\/15\/sdi-2-declara-nulidade-processual-porque-decisao-regional-nao-incluiu-voto-vencido\/"},"wordCount":752,"commentCount":0,"image":{"@id":"https:\/\/contabilidadecaxias.com.br\/index.php\/2022\/07\/15\/sdi-2-declara-nulidade-processual-porque-decisao-regional-nao-incluiu-voto-vencido\/#primaryimage"},"thumbnailUrl":"https:\/\/contabilidadecaxias.com.br\/wp-content\/uploads\/2022\/07\/304ab46f-8e86-a598-b61a-d94396139828-fHwbj9-scaled.jpeg","articleSection":["Educa\u00e7\u00e3o Financeira"],"inLanguage":"pt-BR","potentialAction":[{"@type":"CommentAction","name":"Comment","target":["https:\/\/contabilidadecaxias.com.br\/index.php\/2022\/07\/15\/sdi-2-declara-nulidade-processual-porque-decisao-regional-nao-incluiu-voto-vencido\/#respond"]}]},{"@type":"WebPage","@id":"https:\/\/contabilidadecaxias.com.br\/index.php\/2022\/07\/15\/sdi-2-declara-nulidade-processual-porque-decisao-regional-nao-incluiu-voto-vencido\/","url":"https:\/\/contabilidadecaxias.com.br\/index.php\/2022\/07\/15\/sdi-2-declara-nulidade-processual-porque-decisao-regional-nao-incluiu-voto-vencido\/","name":"SDI-2 declara nulidade processual porque decis\u00e3o regional n\u00e3o incluiu voto vencido - Contabilidade Caxias","isPartOf":{"@id":"https:\/\/contabilidadecaxias.com.br\/#website"},"primaryImageOfPage":{"@id":"https:\/\/contabilidadecaxias.com.br\/index.php\/2022\/07\/15\/sdi-2-declara-nulidade-processual-porque-decisao-regional-nao-incluiu-voto-vencido\/#primaryimage"},"image":{"@id":"https:\/\/contabilidadecaxias.com.br\/index.php\/2022\/07\/15\/sdi-2-declara-nulidade-processual-porque-decisao-regional-nao-incluiu-voto-vencido\/#primaryimage"},"thumbnailUrl":"https:\/\/contabilidadecaxias.com.br\/wp-content\/uploads\/2022\/07\/304ab46f-8e86-a598-b61a-d94396139828-fHwbj9-scaled.jpeg","datePublished":"2022-07-15T22:06:00+00:00","author":{"@id":""},"breadcrumb":{"@id":"https:\/\/contabilidadecaxias.com.br\/index.php\/2022\/07\/15\/sdi-2-declara-nulidade-processual-porque-decisao-regional-nao-incluiu-voto-vencido\/#breadcrumb"},"inLanguage":"pt-BR","potentialAction":[{"@type":"ReadAction","target":["https:\/\/contabilidadecaxias.com.br\/index.php\/2022\/07\/15\/sdi-2-declara-nulidade-processual-porque-decisao-regional-nao-incluiu-voto-vencido\/"]}]},{"@type":"ImageObject","inLanguage":"pt-BR","@id":"https:\/\/contabilidadecaxias.com.br\/index.php\/2022\/07\/15\/sdi-2-declara-nulidade-processual-porque-decisao-regional-nao-incluiu-voto-vencido\/#primaryimage","url":"https:\/\/contabilidadecaxias.com.br\/wp-content\/uploads\/2022\/07\/304ab46f-8e86-a598-b61a-d94396139828-fHwbj9-scaled.jpeg","contentUrl":"https:\/\/contabilidadecaxias.com.br\/wp-content\/uploads\/2022\/07\/304ab46f-8e86-a598-b61a-d94396139828-fHwbj9-scaled.jpeg","width":2560,"height":1707},{"@type":"BreadcrumbList","@id":"https:\/\/contabilidadecaxias.com.br\/index.php\/2022\/07\/15\/sdi-2-declara-nulidade-processual-porque-decisao-regional-nao-incluiu-voto-vencido\/#breadcrumb","itemListElement":[{"@type":"ListItem","position":1,"name":"In\u00edcio","item":"https:\/\/contabilidadecaxias.com.br\/"},{"@type":"ListItem","position":2,"name":"SDI-2 declara nulidade processual porque decis\u00e3o regional n\u00e3o incluiu voto vencido"}]},{"@type":"WebSite","@id":"https:\/\/contabilidadecaxias.com.br\/#website","url":"https:\/\/contabilidadecaxias.com.br\/","name":"Contabilidade Caxias","description":"Site especializado em Contabilidade para Caxias.","potentialAction":[{"@type":"SearchAction","target":{"@type":"EntryPoint","urlTemplate":"https:\/\/contabilidadecaxias.com.br\/?s={search_term_string}"},"query-input":{"@type":"PropertyValueSpecification","valueRequired":true,"valueName":"search_term_string"}}],"inLanguage":"pt-BR"}]}},"_links":{"self":[{"href":"https:\/\/contabilidadecaxias.com.br\/index.php\/wp-json\/wp\/v2\/posts\/11679","targetHints":{"allow":["GET"]}}],"collection":[{"href":"https:\/\/contabilidadecaxias.com.br\/index.php\/wp-json\/wp\/v2\/posts"}],"about":[{"href":"https:\/\/contabilidadecaxias.com.br\/index.php\/wp-json\/wp\/v2\/types\/post"}],"replies":[{"embeddable":true,"href":"https:\/\/contabilidadecaxias.com.br\/index.php\/wp-json\/wp\/v2\/comments?post=11679"}],"version-history":[{"count":0,"href":"https:\/\/contabilidadecaxias.com.br\/index.php\/wp-json\/wp\/v2\/posts\/11679\/revisions"}],"wp:featuredmedia":[{"embeddable":true,"href":"https:\/\/contabilidadecaxias.com.br\/index.php\/wp-json\/wp\/v2\/media\/11680"}],"wp:attachment":[{"href":"https:\/\/contabilidadecaxias.com.br\/index.php\/wp-json\/wp\/v2\/media?parent=11679"}],"wp:term":[{"taxonomy":"category","embeddable":true,"href":"https:\/\/contabilidadecaxias.com.br\/index.php\/wp-json\/wp\/v2\/categories?post=11679"},{"taxonomy":"post_tag","embeddable":true,"href":"https:\/\/contabilidadecaxias.com.br\/index.php\/wp-json\/wp\/v2\/tags?post=11679"}],"curies":[{"name":"wp","href":"https:\/\/api.w.org\/{rel}","templated":true}]}}