{"id":11677,"date":"2022-07-15T19:05:51","date_gmt":"2022-07-15T22:05:51","guid":{"rendered":"https:\/\/contabilidadecaxias.com.br\/index.php\/2022\/07\/15\/jt-vai-julgar-acao-contra-empresa-que-consulta-dados-de-motoristas-rodoviarios-de-carga\/"},"modified":"2022-07-15T19:05:51","modified_gmt":"2022-07-15T22:05:51","slug":"jt-vai-julgar-acao-contra-empresa-que-consulta-dados-de-motoristas-rodoviarios-de-carga","status":"publish","type":"post","link":"https:\/\/contabilidadecaxias.com.br\/index.php\/2022\/07\/15\/jt-vai-julgar-acao-contra-empresa-que-consulta-dados-de-motoristas-rodoviarios-de-carga\/","title":{"rendered":"JT vai julgar a\u00e7\u00e3o contra empresa que consulta dados de motoristas rodovi\u00e1rios de carga"},"content":{"rendered":"<div class=\"noticia-wrapper\">\n<p><em><\/p>\n<p>Colegiado afastou declara\u00e7\u00e3o de incompet\u00eancia da Justi\u00e7a do Trabalho.\u00a0<\/p>\n<p><\/em><\/p>\n<div class=\"social-media-share mobile\">\n        <a class=\"share-facebook\" href=\"https:\/\/www.facebook.com\/sharer.php?u=https:\/\/www.tst.jus.br\/-\/jt-vai-julgar-a%C3%A7%C3%A3o-contra-empresa-que-consulta-dados-de-motoristas-rodovi%C3%A1rios-de-carga\" target=\"_blank\" rel=\"noopener\"><\/a><br \/>\n        <a class=\"share-twitter\" href=\"https:\/\/twitter.com\/intent\/tweet?text=JT%20vai%20julgar%20a%C3%A7%C3%A3o%20contra%20empresa%20que%20consulta%20dados%20de%20motoristas%20rodovi%C3%A1rios%20de%20carga%0AVeja%20mais%20em:&amp;url=https:\/\/www.tst.jus.br\/-\/jt-vai-julgar-a%C3%A7%C3%A3o-contra-empresa-que-consulta-dados-de-motoristas-rodovi%C3%A1rios-de-carga\" target=\"_blank\" rel=\"noopener\"><\/a><br \/>\n        <a class=\"share-linkedin\" href=\"https:\/\/www.linkedin.com\/shareArticle?mini=true&amp;url=https:\/\/www.tst.jus.br\/-\/jt-vai-julgar-a%C3%A7%C3%A3o-contra-empresa-que-consulta-dados-de-motoristas-rodovi%C3%A1rios-de-carga&amp;title=JT%20vai%20julgar%20a%C3%A7%C3%A3o%20contra%20empresa%20que%20consulta%20dados%20de%20motoristas%20rodovi%C3%A1rios%20de%20carga\" target=\"_blank\" rel=\"noopener\"><\/a><br \/>\n        <a class=\"share-whatsapp\" href=\"https:\/\/web.whatsapp.com\/send?text=https:\/\/www.tst.jus.br\/-\/jt-vai-julgar-a%C3%A7%C3%A3o-contra-empresa-que-consulta-dados-de-motoristas-rodovi%C3%A1rios-de-carga\" target=\"_blank\" rel=\"noopener\"><\/a><br \/>\n        <a class=\"share-googleplus\" href=\"https:\/\/plus.google.com\/share?url=https:\/\/www.tst.jus.br\/-\/jt-vai-julgar-a%C3%A7%C3%A3o-contra-empresa-que-consulta-dados-de-motoristas-rodovi%C3%A1rios-de-carga\" target=\"_blank\" rel=\"noopener\"><\/a>\n    <\/div>\n<div class=\"news-body\">\n<div class=\"imagem-da-noticia\">\n<p>Foto do ministro Douglas Rodrigues em sess\u00e3o<\/p>\n<div class=\"social-media-share\">\n                    <a class=\"share-facebook\" href=\"https:\/\/www.facebook.com\/sharer.php?u=https:\/\/www.tst.jus.br\/-\/jt-vai-julgar-a%C3%A7%C3%A3o-contra-empresa-que-consulta-dados-de-motoristas-rodovi%C3%A1rios-de-carga\" target=\"_blank\" rel=\"noopener\"><\/a><br \/>\n                    <a class=\"share-twitter\" href=\"https:\/\/twitter.com\/intent\/tweet?text=JT%20vai%20julgar%20a%C3%A7%C3%A3o%20contra%20empresa%20que%20consulta%20dados%20de%20motoristas%20rodovi%C3%A1rios%20de%20carga%0AVeja%20mais%20em:&amp;url=https:\/\/www.tst.jus.br\/-\/jt-vai-julgar-a%C3%A7%C3%A3o-contra-empresa-que-consulta-dados-de-motoristas-rodovi%C3%A1rios-de-carga\" target=\"_blank\" rel=\"noopener\"><\/a><br \/>\n                    <a class=\"share-linkedin\" href=\"https:\/\/www.linkedin.com\/shareArticle?mini=true&amp;url=https:\/\/www.tst.jus.br\/-\/jt-vai-julgar-a%C3%A7%C3%A3o-contra-empresa-que-consulta-dados-de-motoristas-rodovi%C3%A1rios-de-carga&amp;title=JT%20vai%20julgar%20a%C3%A7%C3%A3o%20contra%20empresa%20que%20consulta%20dados%20de%20motoristas%20rodovi%C3%A1rios%20de%20carga\" target=\"_blank\" rel=\"noopener\"><\/a><br \/>\n                    <a class=\"share-whatsapp\" href=\"https:\/\/web.whatsapp.com\/send?text=https:\/\/www.tst.jus.br\/-\/jt-vai-julgar-a%C3%A7%C3%A3o-contra-empresa-que-consulta-dados-de-motoristas-rodovi%C3%A1rios-de-carga\" target=\"_blank\" rel=\"noopener\"><\/a><br \/>\n                    <a class=\"share-googleplus\" href=\"https:\/\/plus.google.com\/share?url=https:\/\/www.tst.jus.br\/-\/jt-vai-julgar-a%C3%A7%C3%A3o-contra-empresa-que-consulta-dados-de-motoristas-rodovi%C3%A1rios-de-carga\" target=\"_blank\" rel=\"noopener\"><\/a>\n                <\/div>\n<\/p><\/div>\n<div class=\"materia\">\n<p>25\/7\/2022 &#8211; A Quinta Turma do Tribunal Superior do Trabalho decidiu que a Justi\u00e7a do Trabalho \u00e9 competente para julgar a\u00e7\u00e3o contra a NR Sistemas de Gerenciamento de Riscos Ltda. por consultar informa\u00e7\u00f5es de motoristas rodovi\u00e1rios de carga em cadastro de entidades de prote\u00e7\u00e3o ao cr\u00e9dito e de antecedentes criminais. O objetivo da consulta era atender demanda de empresas interessadas em contratar esses profissionais.<\/p>\n<p>A a\u00e7\u00e3o civil p\u00fablica em quest\u00e3o foi ajuizada pelo Minist\u00e9rio P\u00fablico do Trabalho da 1\u00aa Regi\u00e3o (RJ), para que a empresa fosse proibida de consultar cadastro de entidades de prote\u00e7\u00e3o ao cr\u00e9dito e de antecedentes criminais, al\u00e9m de n\u00e3o contratar ou manter servi\u00e7os de informa\u00e7\u00f5es de dados de candidatos ao emprego, evitando tratamento desigual. Pediu ainda o n\u00e3o repasse destas informa\u00e7\u00f5es para empresas transportadoras. Requereu tamb\u00e9m a condena\u00e7\u00e3o da NR ao pagamento de multa por pesquisa realizada e indeniza\u00e7\u00e3o por dano moral coletivo.<\/p>\n<p><strong>Sem rela\u00e7\u00e3o de trabalho<\/strong><\/p>\n<p>O Tribunal Regional do Trabalho da 1\u00aa Regi\u00e3o (RJ) entendeu que o dano a que se refere o MPT na inicial (divulga\u00e7\u00e3o de dados personal\u00edssimos e discrimina\u00e7\u00e3o) n\u00e3o decorre de uma rela\u00e7\u00e3o de trabalho, e que o agente que, pretensamente, teria cometido o ato il\u00edcito tamb\u00e9m n\u00e3o fazia parte deste tipo de rela\u00e7\u00e3o. Registrou que a NR apenas assessora outras empresas, fornecendo-lhes informa\u00e7\u00f5es acerca do candidato \u00e0 vaga de emprego de motorista. \u00a0Com essa fundamenta\u00e7\u00e3o, o TRT declarou a incompet\u00eancia da Justi\u00e7a do Trabalho para julgar a quest\u00e3o.<\/p>\n<p><strong>Restri\u00e7\u00e3o a coloca\u00e7\u00e3o no mercado de trabalho<\/strong><\/p>\n<p>No recurso ao TST, o Minist\u00e9rio P\u00fablico afirmou que \u201ca lide em tela tem n\u00edtida fei\u00e7\u00e3o trabalhista, ainda que de car\u00e1ter pr\u00e9-contratual, exatamente por decorrer, de forma inequ\u00edvoca, dos potenciais contratos de emprego ou de trabalho a que os candidatos avaliados pela reclamada venham ou viessem a pleitear\u201d. Para o MPT, ainda que n\u00e3o exista rela\u00e7\u00e3o de trabalho direta com a NR, \u201cj\u00e1 que estaria sendo obstaculizado o exerc\u00edcio do direito ao trabalho, a obriga\u00e7\u00e3o de reparar o dano sofrido guarda rela\u00e7\u00e3o com o pacto laboral e insere-se na compet\u00eancia material desta Justi\u00e7a a indeniza\u00e7\u00e3o por danos decorrentes\u201d.<\/p>\n<p><strong>Compet\u00eancia<\/strong><\/p>\n<p>O relator do recurso de revista, ministro Douglas Alencar, destacou que o TST, ao examinar casos an\u00e1logos, concluiu que \u201cesta Justi\u00e7a Especializada possui compet\u00eancia para processar e julgar os casos em que o obreiro sofre dano, em raz\u00e3o da inser\u00e7\u00e3o de seu nome em lista de risco, tendo em vista a restri\u00e7\u00e3o de sua coloca\u00e7\u00e3o no mercado de trabalho\u201d. Lembrou tamb\u00e9m da Lei Geral de Prote\u00e7\u00e3o de Dados Pessoais (LGPD) (<a href=\"https:\/\/www.planalto.gov.br\/ccivil_03\/_ato2015-2018\/2018\/lei\/l13709.htm\" target=\"_blank\" rel=\"noopener\">Lei 13.709\/2018<\/a>), promulgada para proteger os direitos fundamentais de liberdade e de privacidade do indiv\u00edduo.<\/p>\n<p>Seguindo o entendimento do relator, a Quinta Turma afastou a declara\u00e7\u00e3o de incompet\u00eancia da Justi\u00e7a do Trabalho e determinou o retorno do processo ao TRT-RJ, para que prossiga no julgamento do recurso ordin\u00e1rio. A decis\u00e3o foi un\u00e2nime.<\/p>\n<p>(LT\/GS)<\/p>\n<p>Processo: \u00a0<a href=\"https:\/\/consultaprocessual.tst.jus.br\/consultaProcessual\/resumoForm.do?consulta=1&amp;numeroInt=236222&amp;anoInt=2018&amp;qtdAcesso=84852009\" target=\"_blank\" rel=\"noopener\">RR &#8211; 1190-43.2012.5.01.0060 \u00a0<\/a><\/p>\n<p>O TST possui oito Turmas, cada uma composta de tr\u00eas ministros, com a atribui\u00e7\u00e3o de analisar recursos de revista, agravos, agravos de instrumento, agravos regimentais e recursos ordin\u00e1rios em a\u00e7\u00e3o cautelar. Das decis\u00f5es das Turmas, a parte ainda pode, em alguns casos, recorrer \u00e0 Subse\u00e7\u00e3o I Especializada em Diss\u00eddios Individuais (SBDI-1).<\/p>\n<p>Esta mat\u00e9ria tem cunho meramente informativo.<br \/>\nPermitida a reprodu\u00e7\u00e3o mediante cita\u00e7\u00e3o da fonte.<br \/>\nSecretaria de Comunica\u00e7\u00e3o Social<br \/>\nTribunal Superior do Trabalho<br \/>\nTel. (61) 3043-4907\u00a0<br \/>\nsecom@tst.jus.br<\/p>\n<\/div><\/div>\n<\/div>\n","protected":false},"excerpt":{"rendered":"<p>Colegiado afastou declara\u00e7\u00e3o de incompet\u00eancia da Justi\u00e7a do Trabalho.\u00a0 Foto do ministro Douglas Rodrigues em sess\u00e3o 25\/7\/2022 &#8211; A Quinta Turma do Tribunal Superior do Trabalho decidiu que a Justi\u00e7a do Trabalho \u00e9 competente para julgar a\u00e7\u00e3o contra a NR Sistemas de Gerenciamento de Riscos Ltda. por consultar informa\u00e7\u00f5es de motoristas rodovi\u00e1rios de carga em [&hellip;]<\/p>\n","protected":false},"author":0,"featured_media":11678,"comment_status":"open","ping_status":"","sticky":false,"template":"","format":"standard","meta":{"footnotes":""},"categories":[5],"tags":[],"class_list":["post-11677","post","type-post","status-publish","format-standard","has-post-thumbnail","hentry","category-noticias-educacao-financeira"],"blocksy_meta":{"styles_descriptor":{"styles":{"desktop":"","tablet":"","mobile":""},"google_fonts":[],"version":6}},"yoast_head":"<!-- This site is optimized with the Yoast SEO plugin v27.4 - https:\/\/yoast.com\/product\/yoast-seo-wordpress\/ -->\n<title>JT vai julgar a\u00e7\u00e3o contra empresa que consulta dados de motoristas rodovi\u00e1rios de carga - Contabilidade Caxias<\/title>\n<meta name=\"robots\" content=\"index, follow, max-snippet:-1, max-image-preview:large, max-video-preview:-1\" \/>\n<link rel=\"canonical\" href=\"https:\/\/contabilidadecaxias.com.br\/index.php\/2022\/07\/15\/jt-vai-julgar-acao-contra-empresa-que-consulta-dados-de-motoristas-rodoviarios-de-carga\/\" \/>\n<meta property=\"og:locale\" content=\"pt_BR\" \/>\n<meta property=\"og:type\" content=\"article\" \/>\n<meta property=\"og:title\" content=\"JT vai julgar a\u00e7\u00e3o contra empresa que consulta dados de motoristas rodovi\u00e1rios de carga - Contabilidade Caxias\" \/>\n<meta property=\"og:description\" content=\"Colegiado afastou declara\u00e7\u00e3o de incompet\u00eancia da Justi\u00e7a do Trabalho.\u00a0 Foto do ministro Douglas Rodrigues em sess\u00e3o 25\/7\/2022 &#8211; A Quinta Turma do Tribunal Superior do Trabalho decidiu que a Justi\u00e7a do Trabalho \u00e9 competente para julgar a\u00e7\u00e3o contra a NR Sistemas de Gerenciamento de Riscos Ltda. por consultar informa\u00e7\u00f5es de motoristas rodovi\u00e1rios de carga em [&hellip;]\" \/>\n<meta property=\"og:url\" content=\"https:\/\/contabilidadecaxias.com.br\/index.php\/2022\/07\/15\/jt-vai-julgar-acao-contra-empresa-que-consulta-dados-de-motoristas-rodoviarios-de-carga\/\" \/>\n<meta property=\"og:site_name\" content=\"Contabilidade Caxias\" \/>\n<meta property=\"article:published_time\" content=\"2022-07-15T22:05:51+00:00\" \/>\n<meta name=\"twitter:card\" content=\"summary_large_image\" \/>\n<meta name=\"twitter:label1\" content=\"Est. tempo de leitura\" \/>\n\t<meta name=\"twitter:data1\" content=\"3 minutos\" \/>\n<script type=\"application\/ld+json\" class=\"yoast-schema-graph\">{\"@context\":\"https:\\\/\\\/schema.org\",\"@graph\":[{\"@type\":\"Article\",\"@id\":\"https:\\\/\\\/contabilidadecaxias.com.br\\\/index.php\\\/2022\\\/07\\\/15\\\/jt-vai-julgar-acao-contra-empresa-que-consulta-dados-de-motoristas-rodoviarios-de-carga\\\/#article\",\"isPartOf\":{\"@id\":\"https:\\\/\\\/contabilidadecaxias.com.br\\\/index.php\\\/2022\\\/07\\\/15\\\/jt-vai-julgar-acao-contra-empresa-que-consulta-dados-de-motoristas-rodoviarios-de-carga\\\/\"},\"author\":{\"name\":\"\",\"@id\":\"\"},\"headline\":\"JT vai julgar a\u00e7\u00e3o contra empresa que consulta dados de motoristas rodovi\u00e1rios de carga\",\"datePublished\":\"2022-07-15T22:05:51+00:00\",\"mainEntityOfPage\":{\"@id\":\"https:\\\/\\\/contabilidadecaxias.com.br\\\/index.php\\\/2022\\\/07\\\/15\\\/jt-vai-julgar-acao-contra-empresa-que-consulta-dados-de-motoristas-rodoviarios-de-carga\\\/\"},\"wordCount\":664,\"commentCount\":0,\"image\":{\"@id\":\"https:\\\/\\\/contabilidadecaxias.com.br\\\/index.php\\\/2022\\\/07\\\/15\\\/jt-vai-julgar-acao-contra-empresa-que-consulta-dados-de-motoristas-rodoviarios-de-carga\\\/#primaryimage\"},\"thumbnailUrl\":\"https:\\\/\\\/contabilidadecaxias.com.br\\\/wp-content\\\/uploads\\\/2022\\\/07\\\/82c9476f-e1d8-7cf3-1c32-e3647a0d937b-DkjCL7-scaled.jpeg\",\"articleSection\":[\"Educa\u00e7\u00e3o Financeira\"],\"inLanguage\":\"pt-BR\",\"potentialAction\":[{\"@type\":\"CommentAction\",\"name\":\"Comment\",\"target\":[\"https:\\\/\\\/contabilidadecaxias.com.br\\\/index.php\\\/2022\\\/07\\\/15\\\/jt-vai-julgar-acao-contra-empresa-que-consulta-dados-de-motoristas-rodoviarios-de-carga\\\/#respond\"]}]},{\"@type\":\"WebPage\",\"@id\":\"https:\\\/\\\/contabilidadecaxias.com.br\\\/index.php\\\/2022\\\/07\\\/15\\\/jt-vai-julgar-acao-contra-empresa-que-consulta-dados-de-motoristas-rodoviarios-de-carga\\\/\",\"url\":\"https:\\\/\\\/contabilidadecaxias.com.br\\\/index.php\\\/2022\\\/07\\\/15\\\/jt-vai-julgar-acao-contra-empresa-que-consulta-dados-de-motoristas-rodoviarios-de-carga\\\/\",\"name\":\"JT vai julgar a\u00e7\u00e3o contra empresa que consulta dados de motoristas rodovi\u00e1rios de carga - Contabilidade Caxias\",\"isPartOf\":{\"@id\":\"https:\\\/\\\/contabilidadecaxias.com.br\\\/#website\"},\"primaryImageOfPage\":{\"@id\":\"https:\\\/\\\/contabilidadecaxias.com.br\\\/index.php\\\/2022\\\/07\\\/15\\\/jt-vai-julgar-acao-contra-empresa-que-consulta-dados-de-motoristas-rodoviarios-de-carga\\\/#primaryimage\"},\"image\":{\"@id\":\"https:\\\/\\\/contabilidadecaxias.com.br\\\/index.php\\\/2022\\\/07\\\/15\\\/jt-vai-julgar-acao-contra-empresa-que-consulta-dados-de-motoristas-rodoviarios-de-carga\\\/#primaryimage\"},\"thumbnailUrl\":\"https:\\\/\\\/contabilidadecaxias.com.br\\\/wp-content\\\/uploads\\\/2022\\\/07\\\/82c9476f-e1d8-7cf3-1c32-e3647a0d937b-DkjCL7-scaled.jpeg\",\"datePublished\":\"2022-07-15T22:05:51+00:00\",\"author\":{\"@id\":\"\"},\"breadcrumb\":{\"@id\":\"https:\\\/\\\/contabilidadecaxias.com.br\\\/index.php\\\/2022\\\/07\\\/15\\\/jt-vai-julgar-acao-contra-empresa-que-consulta-dados-de-motoristas-rodoviarios-de-carga\\\/#breadcrumb\"},\"inLanguage\":\"pt-BR\",\"potentialAction\":[{\"@type\":\"ReadAction\",\"target\":[\"https:\\\/\\\/contabilidadecaxias.com.br\\\/index.php\\\/2022\\\/07\\\/15\\\/jt-vai-julgar-acao-contra-empresa-que-consulta-dados-de-motoristas-rodoviarios-de-carga\\\/\"]}]},{\"@type\":\"ImageObject\",\"inLanguage\":\"pt-BR\",\"@id\":\"https:\\\/\\\/contabilidadecaxias.com.br\\\/index.php\\\/2022\\\/07\\\/15\\\/jt-vai-julgar-acao-contra-empresa-que-consulta-dados-de-motoristas-rodoviarios-de-carga\\\/#primaryimage\",\"url\":\"https:\\\/\\\/contabilidadecaxias.com.br\\\/wp-content\\\/uploads\\\/2022\\\/07\\\/82c9476f-e1d8-7cf3-1c32-e3647a0d937b-DkjCL7-scaled.jpeg\",\"contentUrl\":\"https:\\\/\\\/contabilidadecaxias.com.br\\\/wp-content\\\/uploads\\\/2022\\\/07\\\/82c9476f-e1d8-7cf3-1c32-e3647a0d937b-DkjCL7-scaled.jpeg\",\"width\":2560,\"height\":1707},{\"@type\":\"BreadcrumbList\",\"@id\":\"https:\\\/\\\/contabilidadecaxias.com.br\\\/index.php\\\/2022\\\/07\\\/15\\\/jt-vai-julgar-acao-contra-empresa-que-consulta-dados-de-motoristas-rodoviarios-de-carga\\\/#breadcrumb\",\"itemListElement\":[{\"@type\":\"ListItem\",\"position\":1,\"name\":\"In\u00edcio\",\"item\":\"https:\\\/\\\/contabilidadecaxias.com.br\\\/\"},{\"@type\":\"ListItem\",\"position\":2,\"name\":\"JT vai julgar a\u00e7\u00e3o contra empresa que consulta dados de motoristas rodovi\u00e1rios de carga\"}]},{\"@type\":\"WebSite\",\"@id\":\"https:\\\/\\\/contabilidadecaxias.com.br\\\/#website\",\"url\":\"https:\\\/\\\/contabilidadecaxias.com.br\\\/\",\"name\":\"Contabilidade Caxias\",\"description\":\"Site especializado em Contabilidade para Caxias.\",\"potentialAction\":[{\"@type\":\"SearchAction\",\"target\":{\"@type\":\"EntryPoint\",\"urlTemplate\":\"https:\\\/\\\/contabilidadecaxias.com.br\\\/?s={search_term_string}\"},\"query-input\":{\"@type\":\"PropertyValueSpecification\",\"valueRequired\":true,\"valueName\":\"search_term_string\"}}],\"inLanguage\":\"pt-BR\"}]}<\/script>\n<!-- \/ Yoast SEO plugin. -->","yoast_head_json":{"title":"JT vai julgar a\u00e7\u00e3o contra empresa que consulta dados de motoristas rodovi\u00e1rios de carga - Contabilidade Caxias","robots":{"index":"index","follow":"follow","max-snippet":"max-snippet:-1","max-image-preview":"max-image-preview:large","max-video-preview":"max-video-preview:-1"},"canonical":"https:\/\/contabilidadecaxias.com.br\/index.php\/2022\/07\/15\/jt-vai-julgar-acao-contra-empresa-que-consulta-dados-de-motoristas-rodoviarios-de-carga\/","og_locale":"pt_BR","og_type":"article","og_title":"JT vai julgar a\u00e7\u00e3o contra empresa que consulta dados de motoristas rodovi\u00e1rios de carga - Contabilidade Caxias","og_description":"Colegiado afastou declara\u00e7\u00e3o de incompet\u00eancia da Justi\u00e7a do Trabalho.\u00a0 Foto do ministro Douglas Rodrigues em sess\u00e3o 25\/7\/2022 &#8211; A Quinta Turma do Tribunal Superior do Trabalho decidiu que a Justi\u00e7a do Trabalho \u00e9 competente para julgar a\u00e7\u00e3o contra a NR Sistemas de Gerenciamento de Riscos Ltda. por consultar informa\u00e7\u00f5es de motoristas rodovi\u00e1rios de carga em [&hellip;]","og_url":"https:\/\/contabilidadecaxias.com.br\/index.php\/2022\/07\/15\/jt-vai-julgar-acao-contra-empresa-que-consulta-dados-de-motoristas-rodoviarios-de-carga\/","og_site_name":"Contabilidade Caxias","article_published_time":"2022-07-15T22:05:51+00:00","twitter_card":"summary_large_image","twitter_misc":{"Est. tempo de leitura":"3 minutos"},"schema":{"@context":"https:\/\/schema.org","@graph":[{"@type":"Article","@id":"https:\/\/contabilidadecaxias.com.br\/index.php\/2022\/07\/15\/jt-vai-julgar-acao-contra-empresa-que-consulta-dados-de-motoristas-rodoviarios-de-carga\/#article","isPartOf":{"@id":"https:\/\/contabilidadecaxias.com.br\/index.php\/2022\/07\/15\/jt-vai-julgar-acao-contra-empresa-que-consulta-dados-de-motoristas-rodoviarios-de-carga\/"},"author":{"name":"","@id":""},"headline":"JT vai julgar a\u00e7\u00e3o contra empresa que consulta dados de motoristas rodovi\u00e1rios de carga","datePublished":"2022-07-15T22:05:51+00:00","mainEntityOfPage":{"@id":"https:\/\/contabilidadecaxias.com.br\/index.php\/2022\/07\/15\/jt-vai-julgar-acao-contra-empresa-que-consulta-dados-de-motoristas-rodoviarios-de-carga\/"},"wordCount":664,"commentCount":0,"image":{"@id":"https:\/\/contabilidadecaxias.com.br\/index.php\/2022\/07\/15\/jt-vai-julgar-acao-contra-empresa-que-consulta-dados-de-motoristas-rodoviarios-de-carga\/#primaryimage"},"thumbnailUrl":"https:\/\/contabilidadecaxias.com.br\/wp-content\/uploads\/2022\/07\/82c9476f-e1d8-7cf3-1c32-e3647a0d937b-DkjCL7-scaled.jpeg","articleSection":["Educa\u00e7\u00e3o Financeira"],"inLanguage":"pt-BR","potentialAction":[{"@type":"CommentAction","name":"Comment","target":["https:\/\/contabilidadecaxias.com.br\/index.php\/2022\/07\/15\/jt-vai-julgar-acao-contra-empresa-que-consulta-dados-de-motoristas-rodoviarios-de-carga\/#respond"]}]},{"@type":"WebPage","@id":"https:\/\/contabilidadecaxias.com.br\/index.php\/2022\/07\/15\/jt-vai-julgar-acao-contra-empresa-que-consulta-dados-de-motoristas-rodoviarios-de-carga\/","url":"https:\/\/contabilidadecaxias.com.br\/index.php\/2022\/07\/15\/jt-vai-julgar-acao-contra-empresa-que-consulta-dados-de-motoristas-rodoviarios-de-carga\/","name":"JT vai julgar a\u00e7\u00e3o contra empresa que consulta dados de motoristas rodovi\u00e1rios de carga - Contabilidade Caxias","isPartOf":{"@id":"https:\/\/contabilidadecaxias.com.br\/#website"},"primaryImageOfPage":{"@id":"https:\/\/contabilidadecaxias.com.br\/index.php\/2022\/07\/15\/jt-vai-julgar-acao-contra-empresa-que-consulta-dados-de-motoristas-rodoviarios-de-carga\/#primaryimage"},"image":{"@id":"https:\/\/contabilidadecaxias.com.br\/index.php\/2022\/07\/15\/jt-vai-julgar-acao-contra-empresa-que-consulta-dados-de-motoristas-rodoviarios-de-carga\/#primaryimage"},"thumbnailUrl":"https:\/\/contabilidadecaxias.com.br\/wp-content\/uploads\/2022\/07\/82c9476f-e1d8-7cf3-1c32-e3647a0d937b-DkjCL7-scaled.jpeg","datePublished":"2022-07-15T22:05:51+00:00","author":{"@id":""},"breadcrumb":{"@id":"https:\/\/contabilidadecaxias.com.br\/index.php\/2022\/07\/15\/jt-vai-julgar-acao-contra-empresa-que-consulta-dados-de-motoristas-rodoviarios-de-carga\/#breadcrumb"},"inLanguage":"pt-BR","potentialAction":[{"@type":"ReadAction","target":["https:\/\/contabilidadecaxias.com.br\/index.php\/2022\/07\/15\/jt-vai-julgar-acao-contra-empresa-que-consulta-dados-de-motoristas-rodoviarios-de-carga\/"]}]},{"@type":"ImageObject","inLanguage":"pt-BR","@id":"https:\/\/contabilidadecaxias.com.br\/index.php\/2022\/07\/15\/jt-vai-julgar-acao-contra-empresa-que-consulta-dados-de-motoristas-rodoviarios-de-carga\/#primaryimage","url":"https:\/\/contabilidadecaxias.com.br\/wp-content\/uploads\/2022\/07\/82c9476f-e1d8-7cf3-1c32-e3647a0d937b-DkjCL7-scaled.jpeg","contentUrl":"https:\/\/contabilidadecaxias.com.br\/wp-content\/uploads\/2022\/07\/82c9476f-e1d8-7cf3-1c32-e3647a0d937b-DkjCL7-scaled.jpeg","width":2560,"height":1707},{"@type":"BreadcrumbList","@id":"https:\/\/contabilidadecaxias.com.br\/index.php\/2022\/07\/15\/jt-vai-julgar-acao-contra-empresa-que-consulta-dados-de-motoristas-rodoviarios-de-carga\/#breadcrumb","itemListElement":[{"@type":"ListItem","position":1,"name":"In\u00edcio","item":"https:\/\/contabilidadecaxias.com.br\/"},{"@type":"ListItem","position":2,"name":"JT vai julgar a\u00e7\u00e3o contra empresa que consulta dados de motoristas rodovi\u00e1rios de carga"}]},{"@type":"WebSite","@id":"https:\/\/contabilidadecaxias.com.br\/#website","url":"https:\/\/contabilidadecaxias.com.br\/","name":"Contabilidade Caxias","description":"Site especializado em Contabilidade para Caxias.","potentialAction":[{"@type":"SearchAction","target":{"@type":"EntryPoint","urlTemplate":"https:\/\/contabilidadecaxias.com.br\/?s={search_term_string}"},"query-input":{"@type":"PropertyValueSpecification","valueRequired":true,"valueName":"search_term_string"}}],"inLanguage":"pt-BR"}]}},"_links":{"self":[{"href":"https:\/\/contabilidadecaxias.com.br\/index.php\/wp-json\/wp\/v2\/posts\/11677","targetHints":{"allow":["GET"]}}],"collection":[{"href":"https:\/\/contabilidadecaxias.com.br\/index.php\/wp-json\/wp\/v2\/posts"}],"about":[{"href":"https:\/\/contabilidadecaxias.com.br\/index.php\/wp-json\/wp\/v2\/types\/post"}],"replies":[{"embeddable":true,"href":"https:\/\/contabilidadecaxias.com.br\/index.php\/wp-json\/wp\/v2\/comments?post=11677"}],"version-history":[{"count":0,"href":"https:\/\/contabilidadecaxias.com.br\/index.php\/wp-json\/wp\/v2\/posts\/11677\/revisions"}],"wp:featuredmedia":[{"embeddable":true,"href":"https:\/\/contabilidadecaxias.com.br\/index.php\/wp-json\/wp\/v2\/media\/11678"}],"wp:attachment":[{"href":"https:\/\/contabilidadecaxias.com.br\/index.php\/wp-json\/wp\/v2\/media?parent=11677"}],"wp:term":[{"taxonomy":"category","embeddable":true,"href":"https:\/\/contabilidadecaxias.com.br\/index.php\/wp-json\/wp\/v2\/categories?post=11677"},{"taxonomy":"post_tag","embeddable":true,"href":"https:\/\/contabilidadecaxias.com.br\/index.php\/wp-json\/wp\/v2\/tags?post=11677"}],"curies":[{"name":"wp","href":"https:\/\/api.w.org\/{rel}","templated":true}]}}