{"id":11675,"date":"2022-07-15T19:05:37","date_gmt":"2022-07-15T22:05:37","guid":{"rendered":"https:\/\/contabilidadecaxias.com.br\/index.php\/2022\/07\/15\/tst-decide-que-justica-estadual-deve-julgar-acao-de-representante-comercial\/"},"modified":"2022-07-15T19:05:37","modified_gmt":"2022-07-15T22:05:37","slug":"tst-decide-que-justica-estadual-deve-julgar-acao-de-representante-comercial","status":"publish","type":"post","link":"https:\/\/contabilidadecaxias.com.br\/index.php\/2022\/07\/15\/tst-decide-que-justica-estadual-deve-julgar-acao-de-representante-comercial\/","title":{"rendered":"TST decide que justi\u00e7a estadual deve julgar a\u00e7\u00e3o de representante comercial\u00a0"},"content":{"rendered":"<div class=\"noticia-wrapper\">\n<p><em><\/p>\n<p>A rela\u00e7\u00e3o representante com a empresa \u00e9 de natureza civil.<\/p>\n<p><\/em><\/p>\n<div class=\"social-media-share mobile\">\n        <a class=\"share-facebook\" href=\"https:\/\/www.facebook.com\/sharer.php?u=https:\/\/www.tst.jus.br\/-\/tst-decide-que-justi%C3%A7a-estadual-deve-julgar-a%C3%A7%C3%A3o-de-representante-comercial%C2%A0\" target=\"_blank\" rel=\"noopener\"><\/a><br \/>\n        <a class=\"share-twitter\" href=\"https:\/\/twitter.com\/intent\/tweet?text=TST%20decide%20que%20justi%C3%A7a%20estadual%20deve%20julgar%20a%C3%A7%C3%A3o%20de%20representante%20comercial%C2%A0%0AVeja%20mais%20em:&amp;url=https:\/\/www.tst.jus.br\/-\/tst-decide-que-justi%C3%A7a-estadual-deve-julgar-a%C3%A7%C3%A3o-de-representante-comercial%C2%A0\" target=\"_blank\" rel=\"noopener\"><\/a><br \/>\n        <a class=\"share-linkedin\" href=\"https:\/\/www.linkedin.com\/shareArticle?mini=true&amp;url=https:\/\/www.tst.jus.br\/-\/tst-decide-que-justi%C3%A7a-estadual-deve-julgar-a%C3%A7%C3%A3o-de-representante-comercial%C2%A0&amp;title=TST%20decide%20que%20justi%C3%A7a%20estadual%20deve%20julgar%20a%C3%A7%C3%A3o%20de%20representante%20comercial%C2%A0\" target=\"_blank\" rel=\"noopener\"><\/a><br \/>\n        <a class=\"share-whatsapp\" href=\"https:\/\/web.whatsapp.com\/send?text=https:\/\/www.tst.jus.br\/-\/tst-decide-que-justi%C3%A7a-estadual-deve-julgar-a%C3%A7%C3%A3o-de-representante-comercial%C2%A0\" target=\"_blank\" rel=\"noopener\"><\/a><br \/>\n        <a class=\"share-googleplus\" href=\"https:\/\/plus.google.com\/share?url=https:\/\/www.tst.jus.br\/-\/tst-decide-que-justi%C3%A7a-estadual-deve-julgar-a%C3%A7%C3%A3o-de-representante-comercial%C2%A0\" target=\"_blank\" rel=\"noopener\"><\/a>\n    <\/div>\n<div class=\"news-body\">\n<div class=\"imagem-da-noticia\">\n<p>Imagem do ministro Alberto Balazeiro em sess\u00e3o<\/p>\n<div class=\"social-media-share\">\n                    <a class=\"share-facebook\" href=\"https:\/\/www.facebook.com\/sharer.php?u=https:\/\/www.tst.jus.br\/-\/tst-decide-que-justi%C3%A7a-estadual-deve-julgar-a%C3%A7%C3%A3o-de-representante-comercial%C2%A0\" target=\"_blank\" rel=\"noopener\"><\/a><br \/>\n                    <a class=\"share-twitter\" href=\"https:\/\/twitter.com\/intent\/tweet?text=TST%20decide%20que%20justi%C3%A7a%20estadual%20deve%20julgar%20a%C3%A7%C3%A3o%20de%20representante%20comercial%C2%A0%0AVeja%20mais%20em:&amp;url=https:\/\/www.tst.jus.br\/-\/tst-decide-que-justi%C3%A7a-estadual-deve-julgar-a%C3%A7%C3%A3o-de-representante-comercial%C2%A0\" target=\"_blank\" rel=\"noopener\"><\/a><br \/>\n                    <a class=\"share-linkedin\" href=\"https:\/\/www.linkedin.com\/shareArticle?mini=true&amp;url=https:\/\/www.tst.jus.br\/-\/tst-decide-que-justi%C3%A7a-estadual-deve-julgar-a%C3%A7%C3%A3o-de-representante-comercial%C2%A0&amp;title=TST%20decide%20que%20justi%C3%A7a%20estadual%20deve%20julgar%20a%C3%A7%C3%A3o%20de%20representante%20comercial%C2%A0\" target=\"_blank\" rel=\"noopener\"><\/a><br \/>\n                    <a class=\"share-whatsapp\" href=\"https:\/\/web.whatsapp.com\/send?text=https:\/\/www.tst.jus.br\/-\/tst-decide-que-justi%C3%A7a-estadual-deve-julgar-a%C3%A7%C3%A3o-de-representante-comercial%C2%A0\" target=\"_blank\" rel=\"noopener\"><\/a><br \/>\n                    <a class=\"share-googleplus\" href=\"https:\/\/plus.google.com\/share?url=https:\/\/www.tst.jus.br\/-\/tst-decide-que-justi%C3%A7a-estadual-deve-julgar-a%C3%A7%C3%A3o-de-representante-comercial%C2%A0\" target=\"_blank\" rel=\"noopener\"><\/a>\n                <\/div>\n<\/p><\/div>\n<div class=\"materia\">\n<p>26\/7\/2022 &#8211; A Terceira Turma do Tribunal Superior do Trabalho afastou a compet\u00eancia da Justi\u00e7a do Trabalho para julgar a a\u00e7\u00e3o de um representante comercial, residente em Jaru (RO), contra a WB Componentes Automotivos, com sede em Goi\u00e2nia (GO), para a qual ele prestava servi\u00e7os. O colegiado seguiu a interpreta\u00e7\u00e3o do Supremo Tribunal Federal que n\u00e3o reconhece a exist\u00eancia de rela\u00e7\u00e3o de trabalho em situa\u00e7\u00f5es como a do processo, mesmo quando se trata de representante comercial pessoa f\u00edsica.<\/p>\n<p><strong>D\u00edvida com a empresa<\/strong><\/p>\n<p>Na a\u00e7\u00e3o, o representante declarou que trabalhou para a WB Componentes Automotivos, de 25\/10\/2016 a 23\/04\/2019, na fun\u00e7\u00e3o de representante comercial dos produtos da linha automotiva da empresa nas regi\u00f5es de Ouro do Oeste e Ariquemes, \u00a0em Rond\u00f4nia. \u00a0<\/p>\n<p>Contou que sofreu um acidente de tr\u00e2nsito que danificou totalmente o seu ve\u00edculo utilizado para o servi\u00e7o, por isso a empresa lhe vendera um autom\u00f3vel (FIAT Uno\/Way 1.0) para que ele pudesse continuar exercendo suas atividades.\u00a0<\/p>\n<p>O valor total do neg\u00f3cio foi de R$41 mil, tendo sido acertado o pagamento de R$ 5 mil de entrada e mais 48 parcelas fixas de R$750,00, a serem descontadas diretamente na folha de pagamento do profissional. Segundo ele, a empresa ainda teria descontado 14 parcelas da d\u00edvida, totalizando R$10.500,00, at\u00e9 o seu pedido de afastamento do servi\u00e7o.\u00a0<\/p>\n<p>O trabalhador alegou que o ve\u00edculo foi retido pela WB Componentes, sem que ele pudesse negociar as parcelas devidas ou fosse reembolsado pelos valores j\u00e1 pagos, incluindo o IPVA. Nessas condi\u00e7\u00f5es, pediu o ressarcimento da quantia paga com a devida corre\u00e7\u00e3o monet\u00e1ria, al\u00e9m de indeniza\u00e7\u00e3o por danos morais, em decorr\u00eancia dos preju\u00edzos sofridos.<\/p>\n<p><strong>Incompet\u00eancia da Justi\u00e7a do Trabalho<\/strong><\/p>\n<p>Em defesa, a WB Componentes Automotivos argumentou que, na reclama\u00e7\u00e3o, n\u00e3o havia debate acerca de rela\u00e7\u00e3o de emprego, v\u00ednculo ou qualquer rela\u00e7\u00e3o afeta ao trabalho, por isso a Justi\u00e7a do Trabalho n\u00e3o poderia julgar a causa. Afirmou que, nas situa\u00e7\u00f5es em que se discute rela\u00e7\u00f5es contratuais de car\u00e1ter civil, a compet\u00eancia para apreciar a mat\u00e9ria \u00e9 da Justi\u00e7a Comum Estadual.\u00a0<\/p>\n<p><strong>Provas juntadas<\/strong><\/p>\n<p>O Tribunal Regional do Trabalho da 14\u00aa Regi\u00e3o (RO\/AC) confirmou a decis\u00e3o da \u00a0Vara do Trabalho de Jaru (RO) no sentido de que a Justi\u00e7a do Trabalho \u00e9 competente para apreciar a demanda, pois n\u00e3o haveria elementos para corroborar a natureza c\u00edvel da demanda. O TRT tamb\u00e9m manteve a condena\u00e7\u00e3o da empresa em restituir os valores quitados pelo representante comercial referentes ao ve\u00edculo (R$15.000,00) e pagar indeniza\u00e7\u00e3o por danos morais (R$13.997,79), visto que os documentos juntados ao processo comprovaram as alega\u00e7\u00f5es do representante.<\/p>\n<p><strong>Decis\u00e3o do STF<\/strong><\/p>\n<p>Ao examinar o recurso de revista da empresa, o ministro Alberto Balazeiro, relator, esclareceu que o entendimento do TST era de que a atividade exercida pelo representante comercial pessoa f\u00edsica estava \u00a0inserida no conceito de rela\u00e7\u00e3o de trabalho em sentido amplo, cabendo \u00e0 Justi\u00e7a do Trabalho dirimir os lit\u00edgios decorrentes desse tipo de rela\u00e7\u00e3o.\u00a0<\/p>\n<p>Isso em raz\u00e3o de a <a href=\"https:\/\/www.planalto.gov.br\/ccivil_03\/constituicao\/emendas\/emc\/emc45.htm\" target=\"_blank\" rel=\"noopener\">Emenda Constitucional n\u00ba 45\/2004<\/a>, no seu artigo 114, inciso I, \u00a0ter ampliado as mat\u00e9rias de compet\u00eancia da Justi\u00e7a do Trabalho, antes restritas \u00e0s rela\u00e7\u00f5es de emprego, para o conceito mais gen\u00e9rico de rela\u00e7\u00e3o de trabalho. \u00a0<\/p>\n<p>Contudo, destacou o relator, o Supremo Tribunal Federal, no julgamento do R<a href=\"https:\/\/portal.stf.jus.br\/processos\/detalhe.asp?incidente=3797518\" target=\"_blank\" rel=\"noopener\">E 606003, <\/a>em 2020, concluiu que n\u00e3o existe rela\u00e7\u00e3o de trabalho na hip\u00f3tese de disputa entre representante comercial pessoa f\u00edsica e representado.\u00a0<\/p>\n<p>Na ocasi\u00e3o, o STF definiu que, mesmo ap\u00f3s a entrada em vigor da EC n\u00ba 45\/2004, prevalece \u00a0a compet\u00eancia da Justi\u00e7a Comum, nos termos da <a href=\"https:\/\/www.planalto.gov.br\/ccivil_03\/leis\/l4886.htm\" target=\"_blank\" rel=\"noopener\">Lei n\u00ba 4.886\/1965<\/a>, uma vez que estaria configurada a rela\u00e7\u00e3o comercial de natureza civil entre as partes.\u00a0<\/p>\n<p>A Lei n\u00ba 4.886\/1965, que regula as atividades dos representantes comerciais aut\u00f4nomos, estabelece, no seu artigo 39, a compet\u00eancia da Justi\u00e7a Comum para julgar as controv\u00e9rsias entre representante e representado.\u00a0<\/p>\n<p>O ministro Balazeiro votou no sentido de reconhecer a incompet\u00eancia da Justi\u00e7a do Trabalho para julgar o caso, \u00a0anular as condena\u00e7\u00f5es da empresa e determinar o envio do processo para a Justi\u00e7a Comum do Estado de Rond\u00f4nia.\u00a0<br \/>\n\u00a0<br \/>\nPor unanimidade, a Terceira Turma acompanhou o voto do relator.\u00a0<\/p>\n<p>(LF\/GS)<\/p>\n<p>Processo: <a href=\"https:\/\/consultaprocessual.tst.jus.br\/consultaProcessual\/consultaTstNumUnica.do?consulta=Consultar&amp;conscsjt=&amp;numeroTst=285&amp;digitoTst=65&amp;anoTst=2019&amp;orgaoTst=5&amp;tribunalTst=14&amp;varaTst=0081&amp;submit=Consultar\" target=\"_blank\" rel=\"noopener\">RR-285-65.2019.5.14.0081 <\/a>\u00a0<br \/>\n\u00a0<br \/>\nO TST possui oito Turmas, cada uma composta por tr\u00eas ministros, com a atribui\u00e7\u00e3o de analisar recursos de revista, agravos, agravos de instrumento, agravos regimentais e recursos ordin\u00e1rios em a\u00e7\u00e3o cautelar. Das decis\u00f5es das Turmas, a parte ainda pode, em alguns casos, recorrer \u00e0 Subse\u00e7\u00e3o I Especializada em Diss\u00eddios Individuais (SBDI-1).<\/p>\n<p>Esta mat\u00e9ria tem car\u00e1ter informativo.<br \/>\nPermitida a reprodu\u00e7\u00e3o mediante cita\u00e7\u00e3o da fonte.<br \/>\nSecretaria de Comunica\u00e7\u00e3o Social<br \/>\nTribunal Superior do Trabalho<br \/>\nTel. (61) 3043-4907<br \/>\nsecom@tst.jus.br<\/p>\n<\/div><\/div>\n<\/div>\n","protected":false},"excerpt":{"rendered":"<p>A rela\u00e7\u00e3o representante com a empresa \u00e9 de natureza civil. Imagem do ministro Alberto Balazeiro em sess\u00e3o 26\/7\/2022 &#8211; A Terceira Turma do Tribunal Superior do Trabalho afastou a compet\u00eancia da Justi\u00e7a do Trabalho para julgar a a\u00e7\u00e3o de um representante comercial, residente em Jaru (RO), contra a WB Componentes Automotivos, com sede em Goi\u00e2nia [&hellip;]<\/p>\n","protected":false},"author":0,"featured_media":11676,"comment_status":"open","ping_status":"","sticky":false,"template":"","format":"standard","meta":{"footnotes":""},"categories":[5],"tags":[],"class_list":["post-11675","post","type-post","status-publish","format-standard","has-post-thumbnail","hentry","category-noticias-educacao-financeira"],"blocksy_meta":{"styles_descriptor":{"styles":{"desktop":"","tablet":"","mobile":""},"google_fonts":[],"version":6}},"yoast_head":"<!-- This site is optimized with the Yoast SEO plugin v27.4 - https:\/\/yoast.com\/product\/yoast-seo-wordpress\/ -->\n<title>TST decide que justi\u00e7a estadual deve julgar a\u00e7\u00e3o de representante comercial\u00a0 - Contabilidade Caxias<\/title>\n<meta name=\"robots\" content=\"index, follow, max-snippet:-1, max-image-preview:large, max-video-preview:-1\" \/>\n<link rel=\"canonical\" href=\"https:\/\/contabilidadecaxias.com.br\/index.php\/2022\/07\/15\/tst-decide-que-justica-estadual-deve-julgar-acao-de-representante-comercial\/\" \/>\n<meta property=\"og:locale\" content=\"pt_BR\" \/>\n<meta property=\"og:type\" content=\"article\" \/>\n<meta property=\"og:title\" content=\"TST decide que justi\u00e7a estadual deve julgar a\u00e7\u00e3o de representante comercial\u00a0 - Contabilidade Caxias\" \/>\n<meta property=\"og:description\" content=\"A rela\u00e7\u00e3o representante com a empresa \u00e9 de natureza civil. Imagem do ministro Alberto Balazeiro em sess\u00e3o 26\/7\/2022 &#8211; A Terceira Turma do Tribunal Superior do Trabalho afastou a compet\u00eancia da Justi\u00e7a do Trabalho para julgar a a\u00e7\u00e3o de um representante comercial, residente em Jaru (RO), contra a WB Componentes Automotivos, com sede em Goi\u00e2nia [&hellip;]\" \/>\n<meta property=\"og:url\" content=\"https:\/\/contabilidadecaxias.com.br\/index.php\/2022\/07\/15\/tst-decide-que-justica-estadual-deve-julgar-acao-de-representante-comercial\/\" \/>\n<meta property=\"og:site_name\" content=\"Contabilidade Caxias\" \/>\n<meta property=\"article:published_time\" content=\"2022-07-15T22:05:37+00:00\" \/>\n<meta name=\"twitter:card\" content=\"summary_large_image\" \/>\n<meta name=\"twitter:label1\" content=\"Est. tempo de leitura\" \/>\n\t<meta name=\"twitter:data1\" content=\"4 minutos\" \/>\n<script type=\"application\/ld+json\" class=\"yoast-schema-graph\">{\"@context\":\"https:\\\/\\\/schema.org\",\"@graph\":[{\"@type\":\"Article\",\"@id\":\"https:\\\/\\\/contabilidadecaxias.com.br\\\/index.php\\\/2022\\\/07\\\/15\\\/tst-decide-que-justica-estadual-deve-julgar-acao-de-representante-comercial\\\/#article\",\"isPartOf\":{\"@id\":\"https:\\\/\\\/contabilidadecaxias.com.br\\\/index.php\\\/2022\\\/07\\\/15\\\/tst-decide-que-justica-estadual-deve-julgar-acao-de-representante-comercial\\\/\"},\"author\":{\"name\":\"\",\"@id\":\"\"},\"headline\":\"TST decide que justi\u00e7a estadual deve julgar a\u00e7\u00e3o de representante comercial\u00a0\",\"datePublished\":\"2022-07-15T22:05:37+00:00\",\"mainEntityOfPage\":{\"@id\":\"https:\\\/\\\/contabilidadecaxias.com.br\\\/index.php\\\/2022\\\/07\\\/15\\\/tst-decide-que-justica-estadual-deve-julgar-acao-de-representante-comercial\\\/\"},\"wordCount\":860,\"commentCount\":0,\"image\":{\"@id\":\"https:\\\/\\\/contabilidadecaxias.com.br\\\/index.php\\\/2022\\\/07\\\/15\\\/tst-decide-que-justica-estadual-deve-julgar-acao-de-representante-comercial\\\/#primaryimage\"},\"thumbnailUrl\":\"https:\\\/\\\/contabilidadecaxias.com.br\\\/wp-content\\\/uploads\\\/2022\\\/07\\\/7ce5eb15-4c4d-4118-223d-e3e358cbcd66-KYYN47-scaled.jpeg\",\"articleSection\":[\"Educa\u00e7\u00e3o Financeira\"],\"inLanguage\":\"pt-BR\",\"potentialAction\":[{\"@type\":\"CommentAction\",\"name\":\"Comment\",\"target\":[\"https:\\\/\\\/contabilidadecaxias.com.br\\\/index.php\\\/2022\\\/07\\\/15\\\/tst-decide-que-justica-estadual-deve-julgar-acao-de-representante-comercial\\\/#respond\"]}]},{\"@type\":\"WebPage\",\"@id\":\"https:\\\/\\\/contabilidadecaxias.com.br\\\/index.php\\\/2022\\\/07\\\/15\\\/tst-decide-que-justica-estadual-deve-julgar-acao-de-representante-comercial\\\/\",\"url\":\"https:\\\/\\\/contabilidadecaxias.com.br\\\/index.php\\\/2022\\\/07\\\/15\\\/tst-decide-que-justica-estadual-deve-julgar-acao-de-representante-comercial\\\/\",\"name\":\"TST decide que justi\u00e7a estadual deve julgar a\u00e7\u00e3o de representante comercial\u00a0 - Contabilidade Caxias\",\"isPartOf\":{\"@id\":\"https:\\\/\\\/contabilidadecaxias.com.br\\\/#website\"},\"primaryImageOfPage\":{\"@id\":\"https:\\\/\\\/contabilidadecaxias.com.br\\\/index.php\\\/2022\\\/07\\\/15\\\/tst-decide-que-justica-estadual-deve-julgar-acao-de-representante-comercial\\\/#primaryimage\"},\"image\":{\"@id\":\"https:\\\/\\\/contabilidadecaxias.com.br\\\/index.php\\\/2022\\\/07\\\/15\\\/tst-decide-que-justica-estadual-deve-julgar-acao-de-representante-comercial\\\/#primaryimage\"},\"thumbnailUrl\":\"https:\\\/\\\/contabilidadecaxias.com.br\\\/wp-content\\\/uploads\\\/2022\\\/07\\\/7ce5eb15-4c4d-4118-223d-e3e358cbcd66-KYYN47-scaled.jpeg\",\"datePublished\":\"2022-07-15T22:05:37+00:00\",\"author\":{\"@id\":\"\"},\"breadcrumb\":{\"@id\":\"https:\\\/\\\/contabilidadecaxias.com.br\\\/index.php\\\/2022\\\/07\\\/15\\\/tst-decide-que-justica-estadual-deve-julgar-acao-de-representante-comercial\\\/#breadcrumb\"},\"inLanguage\":\"pt-BR\",\"potentialAction\":[{\"@type\":\"ReadAction\",\"target\":[\"https:\\\/\\\/contabilidadecaxias.com.br\\\/index.php\\\/2022\\\/07\\\/15\\\/tst-decide-que-justica-estadual-deve-julgar-acao-de-representante-comercial\\\/\"]}]},{\"@type\":\"ImageObject\",\"inLanguage\":\"pt-BR\",\"@id\":\"https:\\\/\\\/contabilidadecaxias.com.br\\\/index.php\\\/2022\\\/07\\\/15\\\/tst-decide-que-justica-estadual-deve-julgar-acao-de-representante-comercial\\\/#primaryimage\",\"url\":\"https:\\\/\\\/contabilidadecaxias.com.br\\\/wp-content\\\/uploads\\\/2022\\\/07\\\/7ce5eb15-4c4d-4118-223d-e3e358cbcd66-KYYN47-scaled.jpeg\",\"contentUrl\":\"https:\\\/\\\/contabilidadecaxias.com.br\\\/wp-content\\\/uploads\\\/2022\\\/07\\\/7ce5eb15-4c4d-4118-223d-e3e358cbcd66-KYYN47-scaled.jpeg\",\"width\":2560,\"height\":1707},{\"@type\":\"BreadcrumbList\",\"@id\":\"https:\\\/\\\/contabilidadecaxias.com.br\\\/index.php\\\/2022\\\/07\\\/15\\\/tst-decide-que-justica-estadual-deve-julgar-acao-de-representante-comercial\\\/#breadcrumb\",\"itemListElement\":[{\"@type\":\"ListItem\",\"position\":1,\"name\":\"In\u00edcio\",\"item\":\"https:\\\/\\\/contabilidadecaxias.com.br\\\/\"},{\"@type\":\"ListItem\",\"position\":2,\"name\":\"TST decide que justi\u00e7a estadual deve julgar a\u00e7\u00e3o de representante comercial\u00a0\"}]},{\"@type\":\"WebSite\",\"@id\":\"https:\\\/\\\/contabilidadecaxias.com.br\\\/#website\",\"url\":\"https:\\\/\\\/contabilidadecaxias.com.br\\\/\",\"name\":\"Contabilidade Caxias\",\"description\":\"Site especializado em Contabilidade para Caxias.\",\"potentialAction\":[{\"@type\":\"SearchAction\",\"target\":{\"@type\":\"EntryPoint\",\"urlTemplate\":\"https:\\\/\\\/contabilidadecaxias.com.br\\\/?s={search_term_string}\"},\"query-input\":{\"@type\":\"PropertyValueSpecification\",\"valueRequired\":true,\"valueName\":\"search_term_string\"}}],\"inLanguage\":\"pt-BR\"}]}<\/script>\n<!-- \/ Yoast SEO plugin. -->","yoast_head_json":{"title":"TST decide que justi\u00e7a estadual deve julgar a\u00e7\u00e3o de representante comercial\u00a0 - Contabilidade Caxias","robots":{"index":"index","follow":"follow","max-snippet":"max-snippet:-1","max-image-preview":"max-image-preview:large","max-video-preview":"max-video-preview:-1"},"canonical":"https:\/\/contabilidadecaxias.com.br\/index.php\/2022\/07\/15\/tst-decide-que-justica-estadual-deve-julgar-acao-de-representante-comercial\/","og_locale":"pt_BR","og_type":"article","og_title":"TST decide que justi\u00e7a estadual deve julgar a\u00e7\u00e3o de representante comercial\u00a0 - Contabilidade Caxias","og_description":"A rela\u00e7\u00e3o representante com a empresa \u00e9 de natureza civil. Imagem do ministro Alberto Balazeiro em sess\u00e3o 26\/7\/2022 &#8211; A Terceira Turma do Tribunal Superior do Trabalho afastou a compet\u00eancia da Justi\u00e7a do Trabalho para julgar a a\u00e7\u00e3o de um representante comercial, residente em Jaru (RO), contra a WB Componentes Automotivos, com sede em Goi\u00e2nia [&hellip;]","og_url":"https:\/\/contabilidadecaxias.com.br\/index.php\/2022\/07\/15\/tst-decide-que-justica-estadual-deve-julgar-acao-de-representante-comercial\/","og_site_name":"Contabilidade Caxias","article_published_time":"2022-07-15T22:05:37+00:00","twitter_card":"summary_large_image","twitter_misc":{"Est. tempo de leitura":"4 minutos"},"schema":{"@context":"https:\/\/schema.org","@graph":[{"@type":"Article","@id":"https:\/\/contabilidadecaxias.com.br\/index.php\/2022\/07\/15\/tst-decide-que-justica-estadual-deve-julgar-acao-de-representante-comercial\/#article","isPartOf":{"@id":"https:\/\/contabilidadecaxias.com.br\/index.php\/2022\/07\/15\/tst-decide-que-justica-estadual-deve-julgar-acao-de-representante-comercial\/"},"author":{"name":"","@id":""},"headline":"TST decide que justi\u00e7a estadual deve julgar a\u00e7\u00e3o de representante comercial\u00a0","datePublished":"2022-07-15T22:05:37+00:00","mainEntityOfPage":{"@id":"https:\/\/contabilidadecaxias.com.br\/index.php\/2022\/07\/15\/tst-decide-que-justica-estadual-deve-julgar-acao-de-representante-comercial\/"},"wordCount":860,"commentCount":0,"image":{"@id":"https:\/\/contabilidadecaxias.com.br\/index.php\/2022\/07\/15\/tst-decide-que-justica-estadual-deve-julgar-acao-de-representante-comercial\/#primaryimage"},"thumbnailUrl":"https:\/\/contabilidadecaxias.com.br\/wp-content\/uploads\/2022\/07\/7ce5eb15-4c4d-4118-223d-e3e358cbcd66-KYYN47-scaled.jpeg","articleSection":["Educa\u00e7\u00e3o Financeira"],"inLanguage":"pt-BR","potentialAction":[{"@type":"CommentAction","name":"Comment","target":["https:\/\/contabilidadecaxias.com.br\/index.php\/2022\/07\/15\/tst-decide-que-justica-estadual-deve-julgar-acao-de-representante-comercial\/#respond"]}]},{"@type":"WebPage","@id":"https:\/\/contabilidadecaxias.com.br\/index.php\/2022\/07\/15\/tst-decide-que-justica-estadual-deve-julgar-acao-de-representante-comercial\/","url":"https:\/\/contabilidadecaxias.com.br\/index.php\/2022\/07\/15\/tst-decide-que-justica-estadual-deve-julgar-acao-de-representante-comercial\/","name":"TST decide que justi\u00e7a estadual deve julgar a\u00e7\u00e3o de representante comercial\u00a0 - Contabilidade Caxias","isPartOf":{"@id":"https:\/\/contabilidadecaxias.com.br\/#website"},"primaryImageOfPage":{"@id":"https:\/\/contabilidadecaxias.com.br\/index.php\/2022\/07\/15\/tst-decide-que-justica-estadual-deve-julgar-acao-de-representante-comercial\/#primaryimage"},"image":{"@id":"https:\/\/contabilidadecaxias.com.br\/index.php\/2022\/07\/15\/tst-decide-que-justica-estadual-deve-julgar-acao-de-representante-comercial\/#primaryimage"},"thumbnailUrl":"https:\/\/contabilidadecaxias.com.br\/wp-content\/uploads\/2022\/07\/7ce5eb15-4c4d-4118-223d-e3e358cbcd66-KYYN47-scaled.jpeg","datePublished":"2022-07-15T22:05:37+00:00","author":{"@id":""},"breadcrumb":{"@id":"https:\/\/contabilidadecaxias.com.br\/index.php\/2022\/07\/15\/tst-decide-que-justica-estadual-deve-julgar-acao-de-representante-comercial\/#breadcrumb"},"inLanguage":"pt-BR","potentialAction":[{"@type":"ReadAction","target":["https:\/\/contabilidadecaxias.com.br\/index.php\/2022\/07\/15\/tst-decide-que-justica-estadual-deve-julgar-acao-de-representante-comercial\/"]}]},{"@type":"ImageObject","inLanguage":"pt-BR","@id":"https:\/\/contabilidadecaxias.com.br\/index.php\/2022\/07\/15\/tst-decide-que-justica-estadual-deve-julgar-acao-de-representante-comercial\/#primaryimage","url":"https:\/\/contabilidadecaxias.com.br\/wp-content\/uploads\/2022\/07\/7ce5eb15-4c4d-4118-223d-e3e358cbcd66-KYYN47-scaled.jpeg","contentUrl":"https:\/\/contabilidadecaxias.com.br\/wp-content\/uploads\/2022\/07\/7ce5eb15-4c4d-4118-223d-e3e358cbcd66-KYYN47-scaled.jpeg","width":2560,"height":1707},{"@type":"BreadcrumbList","@id":"https:\/\/contabilidadecaxias.com.br\/index.php\/2022\/07\/15\/tst-decide-que-justica-estadual-deve-julgar-acao-de-representante-comercial\/#breadcrumb","itemListElement":[{"@type":"ListItem","position":1,"name":"In\u00edcio","item":"https:\/\/contabilidadecaxias.com.br\/"},{"@type":"ListItem","position":2,"name":"TST decide que justi\u00e7a estadual deve julgar a\u00e7\u00e3o de representante comercial\u00a0"}]},{"@type":"WebSite","@id":"https:\/\/contabilidadecaxias.com.br\/#website","url":"https:\/\/contabilidadecaxias.com.br\/","name":"Contabilidade Caxias","description":"Site especializado em Contabilidade para Caxias.","potentialAction":[{"@type":"SearchAction","target":{"@type":"EntryPoint","urlTemplate":"https:\/\/contabilidadecaxias.com.br\/?s={search_term_string}"},"query-input":{"@type":"PropertyValueSpecification","valueRequired":true,"valueName":"search_term_string"}}],"inLanguage":"pt-BR"}]}},"_links":{"self":[{"href":"https:\/\/contabilidadecaxias.com.br\/index.php\/wp-json\/wp\/v2\/posts\/11675","targetHints":{"allow":["GET"]}}],"collection":[{"href":"https:\/\/contabilidadecaxias.com.br\/index.php\/wp-json\/wp\/v2\/posts"}],"about":[{"href":"https:\/\/contabilidadecaxias.com.br\/index.php\/wp-json\/wp\/v2\/types\/post"}],"replies":[{"embeddable":true,"href":"https:\/\/contabilidadecaxias.com.br\/index.php\/wp-json\/wp\/v2\/comments?post=11675"}],"version-history":[{"count":0,"href":"https:\/\/contabilidadecaxias.com.br\/index.php\/wp-json\/wp\/v2\/posts\/11675\/revisions"}],"wp:featuredmedia":[{"embeddable":true,"href":"https:\/\/contabilidadecaxias.com.br\/index.php\/wp-json\/wp\/v2\/media\/11676"}],"wp:attachment":[{"href":"https:\/\/contabilidadecaxias.com.br\/index.php\/wp-json\/wp\/v2\/media?parent=11675"}],"wp:term":[{"taxonomy":"category","embeddable":true,"href":"https:\/\/contabilidadecaxias.com.br\/index.php\/wp-json\/wp\/v2\/categories?post=11675"},{"taxonomy":"post_tag","embeddable":true,"href":"https:\/\/contabilidadecaxias.com.br\/index.php\/wp-json\/wp\/v2\/tags?post=11675"}],"curies":[{"name":"wp","href":"https:\/\/api.w.org\/{rel}","templated":true}]}}