{"id":11669,"date":"2022-07-15T19:05:01","date_gmt":"2022-07-15T22:05:01","guid":{"rendered":"https:\/\/contabilidadecaxias.com.br\/index.php\/2022\/07\/15\/industriaria-dispensada-logo-apos-ajuizar-reclamacao-trabalhista-consegue-indenizacao\/"},"modified":"2022-07-15T19:05:01","modified_gmt":"2022-07-15T22:05:01","slug":"industriaria-dispensada-logo-apos-ajuizar-reclamacao-trabalhista-consegue-indenizacao","status":"publish","type":"post","link":"https:\/\/contabilidadecaxias.com.br\/index.php\/2022\/07\/15\/industriaria-dispensada-logo-apos-ajuizar-reclamacao-trabalhista-consegue-indenizacao\/","title":{"rendered":"Industri\u00e1ria dispensada logo ap\u00f3s ajuizar reclama\u00e7\u00e3o trabalhista consegue indeniza\u00e7\u00e3o"},"content":{"rendered":"<div class=\"noticia-wrapper\">\n<p><em><\/p>\n<p>Para a S\u00e9tima Turma, \u00e9 evidente o preju\u00edzo moral da trabalhadora, ao ver-se punida por exercer um direito.\u00a0<\/p>\n<p><\/em><\/p>\n<div class=\"social-media-share mobile\">\n        <a class=\"share-facebook\" href=\"https:\/\/www.facebook.com\/sharer.php?u=https:\/\/www.tst.jus.br\/-\/industri%C3%A1ria-dispensada-logo-ap%C3%B3s-ajuizar-reclama%C3%A7%C3%A3o-trabalhista-consegue-indeniza%C3%A7%C3%A3o\" target=\"_blank\" rel=\"noopener\"><\/a><br \/>\n        <a class=\"share-twitter\" href=\"https:\/\/twitter.com\/intent\/tweet?text=Industri%C3%A1ria%20dispensada%20logo%20ap%C3%B3s%20ajuizar%20reclama%C3%A7%C3%A3o%20trabalhista%20consegue%20indeniza%C3%A7%C3%A3o%0AVeja%20mais%20em:&amp;url=https:\/\/www.tst.jus.br\/-\/industri%C3%A1ria-dispensada-logo-ap%C3%B3s-ajuizar-reclama%C3%A7%C3%A3o-trabalhista-consegue-indeniza%C3%A7%C3%A3o\" target=\"_blank\" rel=\"noopener\"><\/a><br \/>\n        <a class=\"share-linkedin\" href=\"https:\/\/www.linkedin.com\/shareArticle?mini=true&amp;url=https:\/\/www.tst.jus.br\/-\/industri%C3%A1ria-dispensada-logo-ap%C3%B3s-ajuizar-reclama%C3%A7%C3%A3o-trabalhista-consegue-indeniza%C3%A7%C3%A3o&amp;title=Industri%C3%A1ria%20dispensada%20logo%20ap%C3%B3s%20ajuizar%20reclama%C3%A7%C3%A3o%20trabalhista%20consegue%20indeniza%C3%A7%C3%A3o\" target=\"_blank\" rel=\"noopener\"><\/a><br \/>\n        <a class=\"share-whatsapp\" href=\"https:\/\/web.whatsapp.com\/send?text=https:\/\/www.tst.jus.br\/-\/industri%C3%A1ria-dispensada-logo-ap%C3%B3s-ajuizar-reclama%C3%A7%C3%A3o-trabalhista-consegue-indeniza%C3%A7%C3%A3o\" target=\"_blank\" rel=\"noopener\"><\/a><br \/>\n        <a class=\"share-googleplus\" href=\"https:\/\/plus.google.com\/share?url=https:\/\/www.tst.jus.br\/-\/industri%C3%A1ria-dispensada-logo-ap%C3%B3s-ajuizar-reclama%C3%A7%C3%A3o-trabalhista-consegue-indeniza%C3%A7%C3%A3o\" target=\"_blank\" rel=\"noopener\"><\/a>\n    <\/div>\n<div class=\"news-body\">\n<div class=\"imagem-da-noticia\">\n<p>Imagem de trabalhadora recebendo carta de demiss\u00e3o<\/p>\n<div class=\"social-media-share\">\n                    <a class=\"share-facebook\" href=\"https:\/\/www.facebook.com\/sharer.php?u=https:\/\/www.tst.jus.br\/-\/industri%C3%A1ria-dispensada-logo-ap%C3%B3s-ajuizar-reclama%C3%A7%C3%A3o-trabalhista-consegue-indeniza%C3%A7%C3%A3o\" target=\"_blank\" rel=\"noopener\"><\/a><br \/>\n                    <a class=\"share-twitter\" href=\"https:\/\/twitter.com\/intent\/tweet?text=Industri%C3%A1ria%20dispensada%20logo%20ap%C3%B3s%20ajuizar%20reclama%C3%A7%C3%A3o%20trabalhista%20consegue%20indeniza%C3%A7%C3%A3o%0AVeja%20mais%20em:&amp;url=https:\/\/www.tst.jus.br\/-\/industri%C3%A1ria-dispensada-logo-ap%C3%B3s-ajuizar-reclama%C3%A7%C3%A3o-trabalhista-consegue-indeniza%C3%A7%C3%A3o\" target=\"_blank\" rel=\"noopener\"><\/a><br \/>\n                    <a class=\"share-linkedin\" href=\"https:\/\/www.linkedin.com\/shareArticle?mini=true&amp;url=https:\/\/www.tst.jus.br\/-\/industri%C3%A1ria-dispensada-logo-ap%C3%B3s-ajuizar-reclama%C3%A7%C3%A3o-trabalhista-consegue-indeniza%C3%A7%C3%A3o&amp;title=Industri%C3%A1ria%20dispensada%20logo%20ap%C3%B3s%20ajuizar%20reclama%C3%A7%C3%A3o%20trabalhista%20consegue%20indeniza%C3%A7%C3%A3o\" target=\"_blank\" rel=\"noopener\"><\/a><br \/>\n                    <a class=\"share-whatsapp\" href=\"https:\/\/web.whatsapp.com\/send?text=https:\/\/www.tst.jus.br\/-\/industri%C3%A1ria-dispensada-logo-ap%C3%B3s-ajuizar-reclama%C3%A7%C3%A3o-trabalhista-consegue-indeniza%C3%A7%C3%A3o\" target=\"_blank\" rel=\"noopener\"><\/a><br \/>\n                    <a class=\"share-googleplus\" href=\"https:\/\/plus.google.com\/share?url=https:\/\/www.tst.jus.br\/-\/industri%C3%A1ria-dispensada-logo-ap%C3%B3s-ajuizar-reclama%C3%A7%C3%A3o-trabalhista-consegue-indeniza%C3%A7%C3%A3o\" target=\"_blank\" rel=\"noopener\"><\/a>\n                <\/div>\n<\/p><\/div>\n<div class=\"materia\">\n<p>27\/7\/2022 &#8211; A S\u00e9tima Turma do Tribunal Superior do Trabalho rejeitou examinar recurso da Cal\u00e7ados Bottero Ltda. contra senten\u00e7a que determinou \u00e0 empresa pagar indeniza\u00e7\u00e3o por danos morais a uma trabalhadora de Sapiranga (RS) dispensada por justa causa onze dias ap\u00f3s ajuizar reclama\u00e7\u00e3o trabalhista contra a empregadora. De acordo com a decis\u00e3o, houve preju\u00edzo moral \u00e0 profissional.<\/p>\n<p><strong>Dispensa\u00a0<\/strong><\/p>\n<p>Ainda com o contrato de trabalho em vigor, a profissional ajuizou a a\u00e7\u00e3o em 15\/3\/2013. Ela exercia a fun\u00e7\u00e3o de servi\u00e7os gerais de costura e requereu, entre outras coisas, adicional de insalubridade e horas extras. Quanto ao adicional, alegou que mantinha contato com diversos produtos qu\u00edmicos e f\u00edsicos nocivos \u00e0 sa\u00fade, tais como \u00f3leo, graxa, cola, \u00e1lcool e solvente, al\u00e9m de trabalhar exposta a ru\u00eddo excessivo.<br \/>\n\u00a0<br \/>\nDias depois, em aditamento \u00e0 peti\u00e7\u00e3o inicial, a trabalhadora informou que foi despedida por justa causa em 26\/3, pleiteando a convers\u00e3o da modalidade de ruptura contratual, com o reconhecimento de despedida sem justa causa, e condena\u00e7\u00e3o da empresa ao pagamento das verbas rescis\u00f3rias e da indeniza\u00e7\u00e3o por danos morais.<\/p>\n<p>Em sua defesa, a Bottero argumentou que a ruptura do contrato de emprego se deu por reiteradas faltas injustificadas ao trabalho e por indisciplina (&#8220;consistente no ato de desacatar ordens de trabalho&#8221;), j\u00e1 que a profissional n\u00e3o modificou suas atitudes &#8220;frente \u00e0s medidas disciplinares adotadas&#8221;.<\/p>\n<p><strong>Condena\u00e7\u00e3o<\/strong><\/p>\n<p>O ju\u00edzo de primeiro grau deferiu a revers\u00e3o da justa causa, concluindo que a despedida caracterizou ato discriminat\u00f3rio, afrontando a dignidade da pessoa humana, por desrespeitar o direito fundamental de acesso \u00e0 Justi\u00e7a. Al\u00e9m disso, acolheu a alega\u00e7\u00e3o de que a despedida foi um ato de retalia\u00e7\u00e3o adotado pela empresa, deferindo \u00e0 trabalhadora repara\u00e7\u00e3o de R$ 8 mil.<\/p>\n<p>No recurso ao Tribunal Regional do Trabalho da 4\u00aa Regi\u00e3o (RS), a empresa negou ter cometido ato discriminat\u00f3rio e afirmou que a profissional n\u00e3o sofreu abalo psicol\u00f3gico, salientando que essas situa\u00e7\u00f5es n\u00e3o foram comprovadas.\u00a0<\/p>\n<p>Para o TRT, por\u00e9m, a dispensa discriminat\u00f3ria ficou comprovada. O Tribunal Regional frisou que, al\u00e9m de ter sido sem motivo justo, a dispensa ocorreu logo ap\u00f3s o ajuizamento desta a\u00e7\u00e3o, o que teria fortalecido a alega\u00e7\u00e3o da trabalhadora de que sofreu revide. Ressaltou tamb\u00e9m que a caracteriza\u00e7\u00e3o da ofensa prescinde de prova em rela\u00e7\u00e3o ao preju\u00edzo causado, bastando estar configurado \u201co desrespeito aos direitos fundamentais tutelados, pois a pr\u00e1tica de ato il\u00edcito atenta contra postulados consagrados na Constitui\u00e7\u00e3o\u201d.<\/p>\n<p>Acrescentou que \u00a0o valor deferido em senten\u00e7a, R$ 8 mil, \u00e9 razo\u00e1vel e suficiente, considerando a extens\u00e3o dos danos sofridos pela profissional, a capacidade econ\u00f4mica do ofensor (o capital social da Bottero na \u00e9poca era de R$ 2.320.000,00), o grau de culpa dessa e o car\u00e1ter pedag\u00f3gico e punitivo da medida.\u00a0<\/p>\n<p><strong>\u201cPreju\u00edzo moral\u201d<\/strong><\/p>\n<p>Para tentar ser absolvida da condena\u00e7\u00e3o, a Cal\u00e7ados Bottero recorreu ao TST, reafirmando que n\u00e3o existia dano a ser reparado, pois a trabalhadora \u201cn\u00e3o comprovou ter sofrido qualquer tipo de dano pela demiss\u00e3o sofrida\u201d.\u00a0<\/p>\n<p>No entanto, o ministro relator Evandro Valad\u00e3o considerou n\u00e3o ser poss\u00edvel o exame do recurso de revista nesse tema.\u00a0<\/p>\n<p>Segundo o relator, no caso, o direito do empregador de rescindir o contrato de trabalho \u201cn\u00e3o o legitima para, valendo-se do seu poder diretivo e de sua supremacia econ\u00f4mica, praticar ato destinado a punir o empregado que exerceu o direito constitucional de acesso ao Judici\u00e1rio\u201d. \u00a0Na avalia\u00e7\u00e3o do ministro Evandro, ficou \u201cevidente o preju\u00edzo moral da trabalhadora, ao ver-se punida pelo exerc\u00edcio regular de um direito\u201d.\u00a0<\/p>\n<p>Nesse sentido, ele citou precedentes da Terceira, da Sexta e da S\u00e9tima Turma. O colegiado adotou o voto do relator e n\u00e3o conheceu do recurso quanto ao tema, mantendo, assim, a senten\u00e7a que condenou a empresa a pagar R$ 8 mil de indeniza\u00e7\u00e3o por danos morais.<br \/>\n\u00a0<br \/>\n(LT\/GS)<\/p>\n<p>Processo: <a href=\"https:\/\/consultaprocessual.tst.jus.br\/consultaProcessual\/consultaTstNumUnica.do;jsessionid=2TFC3vFJSPB0sEJoXgXYOC6lUO5owauz71WGIRU4.consultaprocessual-17-55gjk?conscsjt=&amp;numeroTst=285&amp;digitoTst=27&amp;anoTst=2013&amp;orgaoTst=5&amp;tribunalTst=04&amp;varaTst=&amp;consulta=Consultar\" target=\"_blank\" rel=\"noopener\">RR &#8211; 285-27.2013.5.04.0381<\/a><\/p>\n<p>O TST possui oito Turmas, cada uma composta de tr\u00eas ministros, com a atribui\u00e7\u00e3o de analisar recursos de revista, agravos, agravos de instrumento, agravos regimentais e recursos ordin\u00e1rios em a\u00e7\u00e3o cautelar. Das decis\u00f5es das Turmas, a parte ainda pode, em alguns casos, recorrer \u00e0 Subse\u00e7\u00e3o I Especializada em Diss\u00eddios Individuais (SBDI-1).<\/p>\n<p>Esta mat\u00e9ria tem cunho meramente informativo.<br \/>\nPermitida a reprodu\u00e7\u00e3o mediante cita\u00e7\u00e3o da fonte.<br \/>\nSecretaria de Comunica\u00e7\u00e3o Social<br \/>\nTribunal Superior do Trabalho<br \/>\nTel. (61) 3043-4907\u00a0<br \/>\nsecom@tst.jus.br<\/p>\n<\/div><\/div>\n<\/div>\n","protected":false},"excerpt":{"rendered":"<p>Para a S\u00e9tima Turma, \u00e9 evidente o preju\u00edzo moral da trabalhadora, ao ver-se punida por exercer um direito.\u00a0 Imagem de trabalhadora recebendo carta de demiss\u00e3o 27\/7\/2022 &#8211; A S\u00e9tima Turma do Tribunal Superior do Trabalho rejeitou examinar recurso da Cal\u00e7ados Bottero Ltda. contra senten\u00e7a que determinou \u00e0 empresa pagar indeniza\u00e7\u00e3o por danos morais a uma [&hellip;]<\/p>\n","protected":false},"author":0,"featured_media":11670,"comment_status":"open","ping_status":"","sticky":false,"template":"","format":"standard","meta":{"footnotes":""},"categories":[5],"tags":[],"class_list":["post-11669","post","type-post","status-publish","format-standard","has-post-thumbnail","hentry","category-noticias-educacao-financeira"],"blocksy_meta":{"styles_descriptor":{"styles":{"desktop":"","tablet":"","mobile":""},"google_fonts":[],"version":6}},"yoast_head":"<!-- This site is optimized with the Yoast SEO plugin v27.4 - https:\/\/yoast.com\/product\/yoast-seo-wordpress\/ -->\n<title>Industri\u00e1ria dispensada logo ap\u00f3s ajuizar reclama\u00e7\u00e3o trabalhista consegue indeniza\u00e7\u00e3o - Contabilidade Caxias<\/title>\n<meta name=\"robots\" content=\"index, follow, max-snippet:-1, max-image-preview:large, max-video-preview:-1\" \/>\n<link rel=\"canonical\" href=\"https:\/\/contabilidadecaxias.com.br\/index.php\/2022\/07\/15\/industriaria-dispensada-logo-apos-ajuizar-reclamacao-trabalhista-consegue-indenizacao\/\" \/>\n<meta property=\"og:locale\" content=\"pt_BR\" \/>\n<meta property=\"og:type\" content=\"article\" \/>\n<meta property=\"og:title\" content=\"Industri\u00e1ria dispensada logo ap\u00f3s ajuizar reclama\u00e7\u00e3o trabalhista consegue indeniza\u00e7\u00e3o - Contabilidade Caxias\" \/>\n<meta property=\"og:description\" content=\"Para a S\u00e9tima Turma, \u00e9 evidente o preju\u00edzo moral da trabalhadora, ao ver-se punida por exercer um direito.\u00a0 Imagem de trabalhadora recebendo carta de demiss\u00e3o 27\/7\/2022 &#8211; A S\u00e9tima Turma do Tribunal Superior do Trabalho rejeitou examinar recurso da Cal\u00e7ados Bottero Ltda. contra senten\u00e7a que determinou \u00e0 empresa pagar indeniza\u00e7\u00e3o por danos morais a uma [&hellip;]\" \/>\n<meta property=\"og:url\" content=\"https:\/\/contabilidadecaxias.com.br\/index.php\/2022\/07\/15\/industriaria-dispensada-logo-apos-ajuizar-reclamacao-trabalhista-consegue-indenizacao\/\" \/>\n<meta property=\"og:site_name\" content=\"Contabilidade Caxias\" \/>\n<meta property=\"article:published_time\" content=\"2022-07-15T22:05:01+00:00\" \/>\n<meta name=\"twitter:card\" content=\"summary_large_image\" \/>\n<meta name=\"twitter:label1\" content=\"Est. tempo de leitura\" \/>\n\t<meta name=\"twitter:data1\" content=\"4 minutos\" \/>\n<script type=\"application\/ld+json\" class=\"yoast-schema-graph\">{\"@context\":\"https:\\\/\\\/schema.org\",\"@graph\":[{\"@type\":\"Article\",\"@id\":\"https:\\\/\\\/contabilidadecaxias.com.br\\\/index.php\\\/2022\\\/07\\\/15\\\/industriaria-dispensada-logo-apos-ajuizar-reclamacao-trabalhista-consegue-indenizacao\\\/#article\",\"isPartOf\":{\"@id\":\"https:\\\/\\\/contabilidadecaxias.com.br\\\/index.php\\\/2022\\\/07\\\/15\\\/industriaria-dispensada-logo-apos-ajuizar-reclamacao-trabalhista-consegue-indenizacao\\\/\"},\"author\":{\"name\":\"\",\"@id\":\"\"},\"headline\":\"Industri\u00e1ria dispensada logo ap\u00f3s ajuizar reclama\u00e7\u00e3o trabalhista consegue indeniza\u00e7\u00e3o\",\"datePublished\":\"2022-07-15T22:05:01+00:00\",\"mainEntityOfPage\":{\"@id\":\"https:\\\/\\\/contabilidadecaxias.com.br\\\/index.php\\\/2022\\\/07\\\/15\\\/industriaria-dispensada-logo-apos-ajuizar-reclamacao-trabalhista-consegue-indenizacao\\\/\"},\"wordCount\":801,\"commentCount\":0,\"image\":{\"@id\":\"https:\\\/\\\/contabilidadecaxias.com.br\\\/index.php\\\/2022\\\/07\\\/15\\\/industriaria-dispensada-logo-apos-ajuizar-reclamacao-trabalhista-consegue-indenizacao\\\/#primaryimage\"},\"thumbnailUrl\":\"https:\\\/\\\/contabilidadecaxias.com.br\\\/wp-content\\\/uploads\\\/2022\\\/07\\\/7a84f4f2-319b-dc46-4b0c-111e20319f7f-b63RJS.jpeg\",\"articleSection\":[\"Educa\u00e7\u00e3o Financeira\"],\"inLanguage\":\"pt-BR\",\"potentialAction\":[{\"@type\":\"CommentAction\",\"name\":\"Comment\",\"target\":[\"https:\\\/\\\/contabilidadecaxias.com.br\\\/index.php\\\/2022\\\/07\\\/15\\\/industriaria-dispensada-logo-apos-ajuizar-reclamacao-trabalhista-consegue-indenizacao\\\/#respond\"]}]},{\"@type\":\"WebPage\",\"@id\":\"https:\\\/\\\/contabilidadecaxias.com.br\\\/index.php\\\/2022\\\/07\\\/15\\\/industriaria-dispensada-logo-apos-ajuizar-reclamacao-trabalhista-consegue-indenizacao\\\/\",\"url\":\"https:\\\/\\\/contabilidadecaxias.com.br\\\/index.php\\\/2022\\\/07\\\/15\\\/industriaria-dispensada-logo-apos-ajuizar-reclamacao-trabalhista-consegue-indenizacao\\\/\",\"name\":\"Industri\u00e1ria dispensada logo ap\u00f3s ajuizar reclama\u00e7\u00e3o trabalhista consegue indeniza\u00e7\u00e3o - Contabilidade Caxias\",\"isPartOf\":{\"@id\":\"https:\\\/\\\/contabilidadecaxias.com.br\\\/#website\"},\"primaryImageOfPage\":{\"@id\":\"https:\\\/\\\/contabilidadecaxias.com.br\\\/index.php\\\/2022\\\/07\\\/15\\\/industriaria-dispensada-logo-apos-ajuizar-reclamacao-trabalhista-consegue-indenizacao\\\/#primaryimage\"},\"image\":{\"@id\":\"https:\\\/\\\/contabilidadecaxias.com.br\\\/index.php\\\/2022\\\/07\\\/15\\\/industriaria-dispensada-logo-apos-ajuizar-reclamacao-trabalhista-consegue-indenizacao\\\/#primaryimage\"},\"thumbnailUrl\":\"https:\\\/\\\/contabilidadecaxias.com.br\\\/wp-content\\\/uploads\\\/2022\\\/07\\\/7a84f4f2-319b-dc46-4b0c-111e20319f7f-b63RJS.jpeg\",\"datePublished\":\"2022-07-15T22:05:01+00:00\",\"author\":{\"@id\":\"\"},\"breadcrumb\":{\"@id\":\"https:\\\/\\\/contabilidadecaxias.com.br\\\/index.php\\\/2022\\\/07\\\/15\\\/industriaria-dispensada-logo-apos-ajuizar-reclamacao-trabalhista-consegue-indenizacao\\\/#breadcrumb\"},\"inLanguage\":\"pt-BR\",\"potentialAction\":[{\"@type\":\"ReadAction\",\"target\":[\"https:\\\/\\\/contabilidadecaxias.com.br\\\/index.php\\\/2022\\\/07\\\/15\\\/industriaria-dispensada-logo-apos-ajuizar-reclamacao-trabalhista-consegue-indenizacao\\\/\"]}]},{\"@type\":\"ImageObject\",\"inLanguage\":\"pt-BR\",\"@id\":\"https:\\\/\\\/contabilidadecaxias.com.br\\\/index.php\\\/2022\\\/07\\\/15\\\/industriaria-dispensada-logo-apos-ajuizar-reclamacao-trabalhista-consegue-indenizacao\\\/#primaryimage\",\"url\":\"https:\\\/\\\/contabilidadecaxias.com.br\\\/wp-content\\\/uploads\\\/2022\\\/07\\\/7a84f4f2-319b-dc46-4b0c-111e20319f7f-b63RJS.jpeg\",\"contentUrl\":\"https:\\\/\\\/contabilidadecaxias.com.br\\\/wp-content\\\/uploads\\\/2022\\\/07\\\/7a84f4f2-319b-dc46-4b0c-111e20319f7f-b63RJS.jpeg\",\"width\":2309,\"height\":1299},{\"@type\":\"BreadcrumbList\",\"@id\":\"https:\\\/\\\/contabilidadecaxias.com.br\\\/index.php\\\/2022\\\/07\\\/15\\\/industriaria-dispensada-logo-apos-ajuizar-reclamacao-trabalhista-consegue-indenizacao\\\/#breadcrumb\",\"itemListElement\":[{\"@type\":\"ListItem\",\"position\":1,\"name\":\"In\u00edcio\",\"item\":\"https:\\\/\\\/contabilidadecaxias.com.br\\\/\"},{\"@type\":\"ListItem\",\"position\":2,\"name\":\"Industri\u00e1ria dispensada logo ap\u00f3s ajuizar reclama\u00e7\u00e3o trabalhista consegue indeniza\u00e7\u00e3o\"}]},{\"@type\":\"WebSite\",\"@id\":\"https:\\\/\\\/contabilidadecaxias.com.br\\\/#website\",\"url\":\"https:\\\/\\\/contabilidadecaxias.com.br\\\/\",\"name\":\"Contabilidade Caxias\",\"description\":\"Site especializado em Contabilidade para Caxias.\",\"potentialAction\":[{\"@type\":\"SearchAction\",\"target\":{\"@type\":\"EntryPoint\",\"urlTemplate\":\"https:\\\/\\\/contabilidadecaxias.com.br\\\/?s={search_term_string}\"},\"query-input\":{\"@type\":\"PropertyValueSpecification\",\"valueRequired\":true,\"valueName\":\"search_term_string\"}}],\"inLanguage\":\"pt-BR\"}]}<\/script>\n<!-- \/ Yoast SEO plugin. -->","yoast_head_json":{"title":"Industri\u00e1ria dispensada logo ap\u00f3s ajuizar reclama\u00e7\u00e3o trabalhista consegue indeniza\u00e7\u00e3o - Contabilidade Caxias","robots":{"index":"index","follow":"follow","max-snippet":"max-snippet:-1","max-image-preview":"max-image-preview:large","max-video-preview":"max-video-preview:-1"},"canonical":"https:\/\/contabilidadecaxias.com.br\/index.php\/2022\/07\/15\/industriaria-dispensada-logo-apos-ajuizar-reclamacao-trabalhista-consegue-indenizacao\/","og_locale":"pt_BR","og_type":"article","og_title":"Industri\u00e1ria dispensada logo ap\u00f3s ajuizar reclama\u00e7\u00e3o trabalhista consegue indeniza\u00e7\u00e3o - Contabilidade Caxias","og_description":"Para a S\u00e9tima Turma, \u00e9 evidente o preju\u00edzo moral da trabalhadora, ao ver-se punida por exercer um direito.\u00a0 Imagem de trabalhadora recebendo carta de demiss\u00e3o 27\/7\/2022 &#8211; A S\u00e9tima Turma do Tribunal Superior do Trabalho rejeitou examinar recurso da Cal\u00e7ados Bottero Ltda. contra senten\u00e7a que determinou \u00e0 empresa pagar indeniza\u00e7\u00e3o por danos morais a uma [&hellip;]","og_url":"https:\/\/contabilidadecaxias.com.br\/index.php\/2022\/07\/15\/industriaria-dispensada-logo-apos-ajuizar-reclamacao-trabalhista-consegue-indenizacao\/","og_site_name":"Contabilidade Caxias","article_published_time":"2022-07-15T22:05:01+00:00","twitter_card":"summary_large_image","twitter_misc":{"Est. tempo de leitura":"4 minutos"},"schema":{"@context":"https:\/\/schema.org","@graph":[{"@type":"Article","@id":"https:\/\/contabilidadecaxias.com.br\/index.php\/2022\/07\/15\/industriaria-dispensada-logo-apos-ajuizar-reclamacao-trabalhista-consegue-indenizacao\/#article","isPartOf":{"@id":"https:\/\/contabilidadecaxias.com.br\/index.php\/2022\/07\/15\/industriaria-dispensada-logo-apos-ajuizar-reclamacao-trabalhista-consegue-indenizacao\/"},"author":{"name":"","@id":""},"headline":"Industri\u00e1ria dispensada logo ap\u00f3s ajuizar reclama\u00e7\u00e3o trabalhista consegue indeniza\u00e7\u00e3o","datePublished":"2022-07-15T22:05:01+00:00","mainEntityOfPage":{"@id":"https:\/\/contabilidadecaxias.com.br\/index.php\/2022\/07\/15\/industriaria-dispensada-logo-apos-ajuizar-reclamacao-trabalhista-consegue-indenizacao\/"},"wordCount":801,"commentCount":0,"image":{"@id":"https:\/\/contabilidadecaxias.com.br\/index.php\/2022\/07\/15\/industriaria-dispensada-logo-apos-ajuizar-reclamacao-trabalhista-consegue-indenizacao\/#primaryimage"},"thumbnailUrl":"https:\/\/contabilidadecaxias.com.br\/wp-content\/uploads\/2022\/07\/7a84f4f2-319b-dc46-4b0c-111e20319f7f-b63RJS.jpeg","articleSection":["Educa\u00e7\u00e3o Financeira"],"inLanguage":"pt-BR","potentialAction":[{"@type":"CommentAction","name":"Comment","target":["https:\/\/contabilidadecaxias.com.br\/index.php\/2022\/07\/15\/industriaria-dispensada-logo-apos-ajuizar-reclamacao-trabalhista-consegue-indenizacao\/#respond"]}]},{"@type":"WebPage","@id":"https:\/\/contabilidadecaxias.com.br\/index.php\/2022\/07\/15\/industriaria-dispensada-logo-apos-ajuizar-reclamacao-trabalhista-consegue-indenizacao\/","url":"https:\/\/contabilidadecaxias.com.br\/index.php\/2022\/07\/15\/industriaria-dispensada-logo-apos-ajuizar-reclamacao-trabalhista-consegue-indenizacao\/","name":"Industri\u00e1ria dispensada logo ap\u00f3s ajuizar reclama\u00e7\u00e3o trabalhista consegue indeniza\u00e7\u00e3o - Contabilidade Caxias","isPartOf":{"@id":"https:\/\/contabilidadecaxias.com.br\/#website"},"primaryImageOfPage":{"@id":"https:\/\/contabilidadecaxias.com.br\/index.php\/2022\/07\/15\/industriaria-dispensada-logo-apos-ajuizar-reclamacao-trabalhista-consegue-indenizacao\/#primaryimage"},"image":{"@id":"https:\/\/contabilidadecaxias.com.br\/index.php\/2022\/07\/15\/industriaria-dispensada-logo-apos-ajuizar-reclamacao-trabalhista-consegue-indenizacao\/#primaryimage"},"thumbnailUrl":"https:\/\/contabilidadecaxias.com.br\/wp-content\/uploads\/2022\/07\/7a84f4f2-319b-dc46-4b0c-111e20319f7f-b63RJS.jpeg","datePublished":"2022-07-15T22:05:01+00:00","author":{"@id":""},"breadcrumb":{"@id":"https:\/\/contabilidadecaxias.com.br\/index.php\/2022\/07\/15\/industriaria-dispensada-logo-apos-ajuizar-reclamacao-trabalhista-consegue-indenizacao\/#breadcrumb"},"inLanguage":"pt-BR","potentialAction":[{"@type":"ReadAction","target":["https:\/\/contabilidadecaxias.com.br\/index.php\/2022\/07\/15\/industriaria-dispensada-logo-apos-ajuizar-reclamacao-trabalhista-consegue-indenizacao\/"]}]},{"@type":"ImageObject","inLanguage":"pt-BR","@id":"https:\/\/contabilidadecaxias.com.br\/index.php\/2022\/07\/15\/industriaria-dispensada-logo-apos-ajuizar-reclamacao-trabalhista-consegue-indenizacao\/#primaryimage","url":"https:\/\/contabilidadecaxias.com.br\/wp-content\/uploads\/2022\/07\/7a84f4f2-319b-dc46-4b0c-111e20319f7f-b63RJS.jpeg","contentUrl":"https:\/\/contabilidadecaxias.com.br\/wp-content\/uploads\/2022\/07\/7a84f4f2-319b-dc46-4b0c-111e20319f7f-b63RJS.jpeg","width":2309,"height":1299},{"@type":"BreadcrumbList","@id":"https:\/\/contabilidadecaxias.com.br\/index.php\/2022\/07\/15\/industriaria-dispensada-logo-apos-ajuizar-reclamacao-trabalhista-consegue-indenizacao\/#breadcrumb","itemListElement":[{"@type":"ListItem","position":1,"name":"In\u00edcio","item":"https:\/\/contabilidadecaxias.com.br\/"},{"@type":"ListItem","position":2,"name":"Industri\u00e1ria dispensada logo ap\u00f3s ajuizar reclama\u00e7\u00e3o trabalhista consegue indeniza\u00e7\u00e3o"}]},{"@type":"WebSite","@id":"https:\/\/contabilidadecaxias.com.br\/#website","url":"https:\/\/contabilidadecaxias.com.br\/","name":"Contabilidade Caxias","description":"Site especializado em Contabilidade para Caxias.","potentialAction":[{"@type":"SearchAction","target":{"@type":"EntryPoint","urlTemplate":"https:\/\/contabilidadecaxias.com.br\/?s={search_term_string}"},"query-input":{"@type":"PropertyValueSpecification","valueRequired":true,"valueName":"search_term_string"}}],"inLanguage":"pt-BR"}]}},"_links":{"self":[{"href":"https:\/\/contabilidadecaxias.com.br\/index.php\/wp-json\/wp\/v2\/posts\/11669","targetHints":{"allow":["GET"]}}],"collection":[{"href":"https:\/\/contabilidadecaxias.com.br\/index.php\/wp-json\/wp\/v2\/posts"}],"about":[{"href":"https:\/\/contabilidadecaxias.com.br\/index.php\/wp-json\/wp\/v2\/types\/post"}],"replies":[{"embeddable":true,"href":"https:\/\/contabilidadecaxias.com.br\/index.php\/wp-json\/wp\/v2\/comments?post=11669"}],"version-history":[{"count":0,"href":"https:\/\/contabilidadecaxias.com.br\/index.php\/wp-json\/wp\/v2\/posts\/11669\/revisions"}],"wp:featuredmedia":[{"embeddable":true,"href":"https:\/\/contabilidadecaxias.com.br\/index.php\/wp-json\/wp\/v2\/media\/11670"}],"wp:attachment":[{"href":"https:\/\/contabilidadecaxias.com.br\/index.php\/wp-json\/wp\/v2\/media?parent=11669"}],"wp:term":[{"taxonomy":"category","embeddable":true,"href":"https:\/\/contabilidadecaxias.com.br\/index.php\/wp-json\/wp\/v2\/categories?post=11669"},{"taxonomy":"post_tag","embeddable":true,"href":"https:\/\/contabilidadecaxias.com.br\/index.php\/wp-json\/wp\/v2\/tags?post=11669"}],"curies":[{"name":"wp","href":"https:\/\/api.w.org\/{rel}","templated":true}]}}