{"id":11667,"date":"2022-07-15T17:14:25","date_gmt":"2022-07-15T20:14:25","guid":{"rendered":"https:\/\/contabilidadecaxias.com.br\/index.php\/2022\/07\/15\/turma-rejeita-cota-parte-previdenciaria-patronal-na-base-de-calculo-dos-honorarios-assistenciais\/"},"modified":"2022-07-15T17:14:25","modified_gmt":"2022-07-15T20:14:25","slug":"turma-rejeita-cota-parte-previdenciaria-patronal-na-base-de-calculo-dos-honorarios-assistenciais","status":"publish","type":"post","link":"https:\/\/contabilidadecaxias.com.br\/index.php\/2022\/07\/15\/turma-rejeita-cota-parte-previdenciaria-patronal-na-base-de-calculo-dos-honorarios-assistenciais\/","title":{"rendered":"Turma rejeita cota-parte previdenci\u00e1ria patronal na base de c\u00e1lculo dos honor\u00e1rios assistenciais"},"content":{"rendered":"<div class=\"noticia-wrapper\">\n<p><em><\/p>\n<p>\u00a0A \u00a0parcela \u00e9 cr\u00e9dito de terceiro, e n\u00e3o pode ser inclu\u00edda nos c\u00e1lculos.<\/p>\n<p><\/em><\/p>\n<div class=\"social-media-share mobile\">\n        <a class=\"share-facebook\" href=\"https:\/\/www.facebook.com\/sharer.php?u=https:\/\/www.tst.jus.br\/-\/turma-rejeita-cota-parte-previdenci%C3%A1ria-patronal-na-base-de-c%C3%A1lculo-dos-honor%C3%A1rios-assistenciais\" target=\"_blank\" rel=\"noopener\"><\/a><br \/>\n        <a class=\"share-twitter\" href=\"https:\/\/twitter.com\/intent\/tweet?text=Turma%20rejeita%20cota-parte%20previdenci%C3%A1ria%20patronal%20na%20base%20de%20c%C3%A1lculo%20dos%20honor%C3%A1rios%20assistenciais%0AVeja%20mais%20em:&amp;url=https:\/\/www.tst.jus.br\/-\/turma-rejeita-cota-parte-previdenci%C3%A1ria-patronal-na-base-de-c%C3%A1lculo-dos-honor%C3%A1rios-assistenciais\" target=\"_blank\" rel=\"noopener\"><\/a><br \/>\n        <a class=\"share-linkedin\" href=\"https:\/\/www.linkedin.com\/shareArticle?mini=true&amp;url=https:\/\/www.tst.jus.br\/-\/turma-rejeita-cota-parte-previdenci%C3%A1ria-patronal-na-base-de-c%C3%A1lculo-dos-honor%C3%A1rios-assistenciais&amp;title=Turma%20rejeita%20cota-parte%20previdenci%C3%A1ria%20patronal%20na%20base%20de%20c%C3%A1lculo%20dos%20honor%C3%A1rios%20assistenciais\" target=\"_blank\" rel=\"noopener\"><\/a><br \/>\n        <a class=\"share-whatsapp\" href=\"https:\/\/web.whatsapp.com\/send?text=https:\/\/www.tst.jus.br\/-\/turma-rejeita-cota-parte-previdenci%C3%A1ria-patronal-na-base-de-c%C3%A1lculo-dos-honor%C3%A1rios-assistenciais\" target=\"_blank\" rel=\"noopener\"><\/a><br \/>\n        <a class=\"share-googleplus\" href=\"https:\/\/plus.google.com\/share?url=https:\/\/www.tst.jus.br\/-\/turma-rejeita-cota-parte-previdenci%C3%A1ria-patronal-na-base-de-c%C3%A1lculo-dos-honor%C3%A1rios-assistenciais\" target=\"_blank\" rel=\"noopener\"><\/a>\n    <\/div>\n<div class=\"news-body\">\n<div class=\"imagem-da-noticia\">\n<p>Foto da ministra Maria Helena Mallmann em sess\u00e3o<\/p>\n<div class=\"social-media-share\">\n                    <a class=\"share-facebook\" href=\"https:\/\/www.facebook.com\/sharer.php?u=https:\/\/www.tst.jus.br\/-\/turma-rejeita-cota-parte-previdenci%C3%A1ria-patronal-na-base-de-c%C3%A1lculo-dos-honor%C3%A1rios-assistenciais\" target=\"_blank\" rel=\"noopener\"><\/a><br \/>\n                    <a class=\"share-twitter\" href=\"https:\/\/twitter.com\/intent\/tweet?text=Turma%20rejeita%20cota-parte%20previdenci%C3%A1ria%20patronal%20na%20base%20de%20c%C3%A1lculo%20dos%20honor%C3%A1rios%20assistenciais%0AVeja%20mais%20em:&amp;url=https:\/\/www.tst.jus.br\/-\/turma-rejeita-cota-parte-previdenci%C3%A1ria-patronal-na-base-de-c%C3%A1lculo-dos-honor%C3%A1rios-assistenciais\" target=\"_blank\" rel=\"noopener\"><\/a><br \/>\n                    <a class=\"share-linkedin\" href=\"https:\/\/www.linkedin.com\/shareArticle?mini=true&amp;url=https:\/\/www.tst.jus.br\/-\/turma-rejeita-cota-parte-previdenci%C3%A1ria-patronal-na-base-de-c%C3%A1lculo-dos-honor%C3%A1rios-assistenciais&amp;title=Turma%20rejeita%20cota-parte%20previdenci%C3%A1ria%20patronal%20na%20base%20de%20c%C3%A1lculo%20dos%20honor%C3%A1rios%20assistenciais\" target=\"_blank\" rel=\"noopener\"><\/a><br \/>\n                    <a class=\"share-whatsapp\" href=\"https:\/\/web.whatsapp.com\/send?text=https:\/\/www.tst.jus.br\/-\/turma-rejeita-cota-parte-previdenci%C3%A1ria-patronal-na-base-de-c%C3%A1lculo-dos-honor%C3%A1rios-assistenciais\" target=\"_blank\" rel=\"noopener\"><\/a><br \/>\n                    <a class=\"share-googleplus\" href=\"https:\/\/plus.google.com\/share?url=https:\/\/www.tst.jus.br\/-\/turma-rejeita-cota-parte-previdenci%C3%A1ria-patronal-na-base-de-c%C3%A1lculo-dos-honor%C3%A1rios-assistenciais\" target=\"_blank\" rel=\"noopener\"><\/a>\n                <\/div>\n<\/p><\/div>\n<div class=\"materia\">\n<p>19\/7\/2022 &#8211; A Segunda Turma do Tribunal Superior do Trabalho garantiu ao Banco do Brasil a exclus\u00e3o da cota-parte previdenci\u00e1ria patronal na base de c\u00e1lculo dos honor\u00e1rios advocat\u00edcios devidos em a\u00e7\u00e3o ajuizada por escritur\u00e1ria de Belo Horizonte (MG). De acordo com o colegiado, n\u00e3o h\u00e1 previs\u00e3o legal para se incluir a cota-parte do empregador, a ser creditada ao INSS, no c\u00e1lculo dos honor\u00e1rios assistenciais.<br \/>\n\u00a0<br \/>\n<strong>Diferen\u00e7as salariais<\/strong><\/p>\n<p>A a\u00e7\u00e3o trabalhista teve in\u00edcio quando a escritur\u00e1ria requereu o pagamento de horas extras pelas 7\u00aa e 8\u00aa horas trabalhadas. Ela contou que seu contrato com o banco est\u00e1 em vigor desde 2000 e que os pedidos se referem ao per\u00edodo de 2007 a 2013. Tamb\u00e9m pleiteou a condena\u00e7\u00e3o do banco ao pagamento dos honor\u00e1rios advocat\u00edcios com a inclus\u00e3o da cota-parte do INSS paga pelo empregador na base de c\u00e1lculo desses honor\u00e1rios.<br \/>\n\u00a0<br \/>\n<strong>Obriga\u00e7\u00e3o tribut\u00e1ria<\/strong><\/p>\n<p>Na 33\u00aa Vara do Trabalho \u00a0de Belo Horizonte (MG), houve a condena\u00e7\u00e3o, inclusive para o pagamento de honor\u00e1rios advocat\u00edcios na quantia de 15% sobre o valor l\u00edquido da condena\u00e7\u00e3o, sem a dedu\u00e7\u00e3o dos descontos fiscais e previdenci\u00e1rios, nos termos da <a href=\"https:\/\/www3.tst.jus.br\/jurisprudencia\/OJ_SDI_1\/n_s1_341.htm#TEMA348\" target=\"_blank\" rel=\"noopener\">Orienta\u00e7\u00e3o Jurisprudencial n\u00ba 348 <\/a>da Subse\u00e7\u00e3o I Especializada em Diss\u00eddios Individuais (SDI-1) do TST.<br \/>\n\u00a0<br \/>\nEntretanto, o juiz rejeitou a inclus\u00e3o da contribui\u00e7\u00e3o previdenci\u00e1ria patronal na base de c\u00e1lculo dos honor\u00e1rios. \u00a0O Tribunal Regional do Trabalho da 3\u00aa Regi\u00e3o (MG) manteve a decis\u00e3o com a interpreta\u00e7\u00e3o de que \u00a0essa parcela n\u00e3o constitui cr\u00e9dito do empregado, mas se trata de uma obriga\u00e7\u00e3o tribut\u00e1ria do banco junto \u00e0 Uni\u00e3o.\u00a0<br \/>\n\u00a0<br \/>\n<strong>M\u00e1 interpreta\u00e7\u00e3o<\/strong><\/p>\n<p>No recurso ao TST, a escritur\u00e1ria insistiu na inclus\u00e3o da cota-parte previdenci\u00e1ria a cargo do empregador nos c\u00e1lculos dos honor\u00e1rios. Alegou que a Orienta\u00e7\u00e3o Jurisprudencial n\u00ba 348 da SDI-1 foi mal interpretada pelas inst\u00e2ncias ordin\u00e1rias, uma vez que ela estabelece que os honor\u00e1rios advocat\u00edcios devem incidir sobre o valor l\u00edquido da condena\u00e7\u00e3o, apurado na fase de liquida\u00e7\u00e3o de senten\u00e7a, sem a dedu\u00e7\u00e3o dos descontos fiscais e previdenci\u00e1rios.\u00a0<br \/>\n\u00a0<br \/>\n<strong>Entendimento pacificado<\/strong><br \/>\n\u00a0<br \/>\nA ministra Maria Helena Mallmann, relatora do recurso de revista, esclareceu que a Subse\u00e7\u00e3o I Especializada em Diss\u00eddios Individuais (SDI-1) do TST, \u00a0no julgamento do processo <a href=\"https:\/\/consultaprocessual.tst.jus.br\/consultaProcessual\/consultaTstNumUnica.do?consulta=Consultar&amp;conscsjt=&amp;numeroTst=1028&amp;digitoTst=64&amp;anoTst=2011&amp;orgaoTst=5&amp;tribunalTst=07&amp;varaTst=0012&amp;submit=Consultar\" target=\"_blank\" rel=\"noopener\">ED-E-ED-RR-1028-64.2011.5.07.0012<\/a>, em 15\/12\/2016, \u00a0pacificou o entendimento de que a cota-parte previdenci\u00e1ria patronal, verba destinada a terceiro (INSS), deve ser exclu\u00edda da base de c\u00e1lculo dos honor\u00e1rios advocat\u00edcios.\u00a0<br \/>\n\u00a0<br \/>\nDe acordo com a relatora, \u00a0na apura\u00e7\u00e3o dos honor\u00e1rios advocat\u00edcios, n\u00e3o se excluem os descontos relativos \u00e0 contribui\u00e7\u00e3o previdenci\u00e1ria a cargo do trabalhador, nem o imposto de renda, por se tratar de \u00a0cr\u00e9dito recebido. Contudo, n\u00e3o h\u00e1 autoriza\u00e7\u00e3o legal para se incluir a cota-parte do empregador, a ser creditada a terceiro (INSS), que deve ser acrescida \u00e0 condena\u00e7\u00e3o.<br \/>\n\u00a0<br \/>\nA decis\u00e3o foi un\u00e2nime. Contudo, a escritur\u00e1ria apresentou recurso de embargos, com a inten\u00e7\u00e3o de que a SDI-1 julgue o caso. \u00a0\u00a0<\/p>\n<p>(LF\/GS)<\/p>\n<p>Processo: <a href=\"https:\/\/consultaprocessual.tst.jus.br\/consultaProcessual\/consultaTstNumUnica.do?consulta=Consultar&amp;conscsjt=&amp;numeroTst=533&amp;digitoTst=17&amp;anoTst=2014&amp;orgaoTst=5&amp;tribunalTst=03&amp;varaTst=0112&amp;submit=Consultar\" target=\"_blank\" rel=\"noopener\">\u00a0RR-533-17.2014.5.03.0112<\/a><br \/>\n\u00a0<br \/>\nO TST possui oito Turmas, cada uma composta por tr\u00eas ministros, com a atribui\u00e7\u00e3o de analisar recursos de revista, agravos, agravos de instrumento, agravos regimentais e recursos ordin\u00e1rios em a\u00e7\u00e3o cautelar. Das decis\u00f5es das Turmas, a parte ainda pode, em alguns casos, recorrer \u00e0 Subse\u00e7\u00e3o I Especializada em Diss\u00eddios Individuais (SBDI-1).<\/p>\n<p>Esta mat\u00e9ria tem car\u00e1ter informativo.<br \/>\nPermitida a reprodu\u00e7\u00e3o mediante cita\u00e7\u00e3o da fonte.<br \/>\nSecretaria de Comunica\u00e7\u00e3o Social<br \/>\nTribunal Superior do Trabalho<br \/>\nTel. (61) 3043-4907<br \/>\nsecom@tst.jus.br<\/p>\n<\/div><\/div>\n<\/div>\n","protected":false},"excerpt":{"rendered":"<p>\u00a0A \u00a0parcela \u00e9 cr\u00e9dito de terceiro, e n\u00e3o pode ser inclu\u00edda nos c\u00e1lculos. Foto da ministra Maria Helena Mallmann em sess\u00e3o 19\/7\/2022 &#8211; A Segunda Turma do Tribunal Superior do Trabalho garantiu ao Banco do Brasil a exclus\u00e3o da cota-parte previdenci\u00e1ria patronal na base de c\u00e1lculo dos honor\u00e1rios advocat\u00edcios devidos em a\u00e7\u00e3o ajuizada por escritur\u00e1ria [&hellip;]<\/p>\n","protected":false},"author":0,"featured_media":11668,"comment_status":"open","ping_status":"","sticky":false,"template":"","format":"standard","meta":{"footnotes":""},"categories":[5],"tags":[],"class_list":["post-11667","post","type-post","status-publish","format-standard","has-post-thumbnail","hentry","category-noticias-educacao-financeira"],"blocksy_meta":{"styles_descriptor":{"styles":{"desktop":"","tablet":"","mobile":""},"google_fonts":[],"version":6}},"yoast_head":"<!-- This site is optimized with the Yoast SEO plugin v27.4 - https:\/\/yoast.com\/product\/yoast-seo-wordpress\/ -->\n<title>Turma rejeita cota-parte previdenci\u00e1ria patronal na base de c\u00e1lculo dos honor\u00e1rios assistenciais - Contabilidade Caxias<\/title>\n<meta name=\"robots\" content=\"index, follow, max-snippet:-1, max-image-preview:large, max-video-preview:-1\" \/>\n<link rel=\"canonical\" href=\"https:\/\/contabilidadecaxias.com.br\/index.php\/2022\/07\/15\/turma-rejeita-cota-parte-previdenciaria-patronal-na-base-de-calculo-dos-honorarios-assistenciais\/\" \/>\n<meta property=\"og:locale\" content=\"pt_BR\" \/>\n<meta property=\"og:type\" content=\"article\" \/>\n<meta property=\"og:title\" content=\"Turma rejeita cota-parte previdenci\u00e1ria patronal na base de c\u00e1lculo dos honor\u00e1rios assistenciais - Contabilidade Caxias\" \/>\n<meta property=\"og:description\" content=\"\u00a0A \u00a0parcela \u00e9 cr\u00e9dito de terceiro, e n\u00e3o pode ser inclu\u00edda nos c\u00e1lculos. Foto da ministra Maria Helena Mallmann em sess\u00e3o 19\/7\/2022 &#8211; A Segunda Turma do Tribunal Superior do Trabalho garantiu ao Banco do Brasil a exclus\u00e3o da cota-parte previdenci\u00e1ria patronal na base de c\u00e1lculo dos honor\u00e1rios advocat\u00edcios devidos em a\u00e7\u00e3o ajuizada por escritur\u00e1ria [&hellip;]\" \/>\n<meta property=\"og:url\" content=\"https:\/\/contabilidadecaxias.com.br\/index.php\/2022\/07\/15\/turma-rejeita-cota-parte-previdenciaria-patronal-na-base-de-calculo-dos-honorarios-assistenciais\/\" \/>\n<meta property=\"og:site_name\" content=\"Contabilidade Caxias\" \/>\n<meta property=\"article:published_time\" content=\"2022-07-15T20:14:25+00:00\" \/>\n<meta name=\"twitter:card\" content=\"summary_large_image\" \/>\n<meta name=\"twitter:label1\" content=\"Est. tempo de leitura\" \/>\n\t<meta name=\"twitter:data1\" content=\"3 minutos\" \/>\n<script type=\"application\/ld+json\" class=\"yoast-schema-graph\">{\"@context\":\"https:\\\/\\\/schema.org\",\"@graph\":[{\"@type\":\"Article\",\"@id\":\"https:\\\/\\\/contabilidadecaxias.com.br\\\/index.php\\\/2022\\\/07\\\/15\\\/turma-rejeita-cota-parte-previdenciaria-patronal-na-base-de-calculo-dos-honorarios-assistenciais\\\/#article\",\"isPartOf\":{\"@id\":\"https:\\\/\\\/contabilidadecaxias.com.br\\\/index.php\\\/2022\\\/07\\\/15\\\/turma-rejeita-cota-parte-previdenciaria-patronal-na-base-de-calculo-dos-honorarios-assistenciais\\\/\"},\"author\":{\"name\":\"\",\"@id\":\"\"},\"headline\":\"Turma rejeita cota-parte previdenci\u00e1ria patronal na base de c\u00e1lculo dos honor\u00e1rios assistenciais\",\"datePublished\":\"2022-07-15T20:14:25+00:00\",\"mainEntityOfPage\":{\"@id\":\"https:\\\/\\\/contabilidadecaxias.com.br\\\/index.php\\\/2022\\\/07\\\/15\\\/turma-rejeita-cota-parte-previdenciaria-patronal-na-base-de-calculo-dos-honorarios-assistenciais\\\/\"},\"wordCount\":654,\"commentCount\":0,\"image\":{\"@id\":\"https:\\\/\\\/contabilidadecaxias.com.br\\\/index.php\\\/2022\\\/07\\\/15\\\/turma-rejeita-cota-parte-previdenciaria-patronal-na-base-de-calculo-dos-honorarios-assistenciais\\\/#primaryimage\"},\"thumbnailUrl\":\"https:\\\/\\\/contabilidadecaxias.com.br\\\/wp-content\\\/uploads\\\/2022\\\/07\\\/35d1b37b-b59f-5679-e029-7137b7b78df4-ZsY01g-scaled.jpeg\",\"articleSection\":[\"Educa\u00e7\u00e3o Financeira\"],\"inLanguage\":\"pt-BR\",\"potentialAction\":[{\"@type\":\"CommentAction\",\"name\":\"Comment\",\"target\":[\"https:\\\/\\\/contabilidadecaxias.com.br\\\/index.php\\\/2022\\\/07\\\/15\\\/turma-rejeita-cota-parte-previdenciaria-patronal-na-base-de-calculo-dos-honorarios-assistenciais\\\/#respond\"]}]},{\"@type\":\"WebPage\",\"@id\":\"https:\\\/\\\/contabilidadecaxias.com.br\\\/index.php\\\/2022\\\/07\\\/15\\\/turma-rejeita-cota-parte-previdenciaria-patronal-na-base-de-calculo-dos-honorarios-assistenciais\\\/\",\"url\":\"https:\\\/\\\/contabilidadecaxias.com.br\\\/index.php\\\/2022\\\/07\\\/15\\\/turma-rejeita-cota-parte-previdenciaria-patronal-na-base-de-calculo-dos-honorarios-assistenciais\\\/\",\"name\":\"Turma rejeita cota-parte previdenci\u00e1ria patronal na base de c\u00e1lculo dos honor\u00e1rios assistenciais - Contabilidade Caxias\",\"isPartOf\":{\"@id\":\"https:\\\/\\\/contabilidadecaxias.com.br\\\/#website\"},\"primaryImageOfPage\":{\"@id\":\"https:\\\/\\\/contabilidadecaxias.com.br\\\/index.php\\\/2022\\\/07\\\/15\\\/turma-rejeita-cota-parte-previdenciaria-patronal-na-base-de-calculo-dos-honorarios-assistenciais\\\/#primaryimage\"},\"image\":{\"@id\":\"https:\\\/\\\/contabilidadecaxias.com.br\\\/index.php\\\/2022\\\/07\\\/15\\\/turma-rejeita-cota-parte-previdenciaria-patronal-na-base-de-calculo-dos-honorarios-assistenciais\\\/#primaryimage\"},\"thumbnailUrl\":\"https:\\\/\\\/contabilidadecaxias.com.br\\\/wp-content\\\/uploads\\\/2022\\\/07\\\/35d1b37b-b59f-5679-e029-7137b7b78df4-ZsY01g-scaled.jpeg\",\"datePublished\":\"2022-07-15T20:14:25+00:00\",\"author\":{\"@id\":\"\"},\"breadcrumb\":{\"@id\":\"https:\\\/\\\/contabilidadecaxias.com.br\\\/index.php\\\/2022\\\/07\\\/15\\\/turma-rejeita-cota-parte-previdenciaria-patronal-na-base-de-calculo-dos-honorarios-assistenciais\\\/#breadcrumb\"},\"inLanguage\":\"pt-BR\",\"potentialAction\":[{\"@type\":\"ReadAction\",\"target\":[\"https:\\\/\\\/contabilidadecaxias.com.br\\\/index.php\\\/2022\\\/07\\\/15\\\/turma-rejeita-cota-parte-previdenciaria-patronal-na-base-de-calculo-dos-honorarios-assistenciais\\\/\"]}]},{\"@type\":\"ImageObject\",\"inLanguage\":\"pt-BR\",\"@id\":\"https:\\\/\\\/contabilidadecaxias.com.br\\\/index.php\\\/2022\\\/07\\\/15\\\/turma-rejeita-cota-parte-previdenciaria-patronal-na-base-de-calculo-dos-honorarios-assistenciais\\\/#primaryimage\",\"url\":\"https:\\\/\\\/contabilidadecaxias.com.br\\\/wp-content\\\/uploads\\\/2022\\\/07\\\/35d1b37b-b59f-5679-e029-7137b7b78df4-ZsY01g-scaled.jpeg\",\"contentUrl\":\"https:\\\/\\\/contabilidadecaxias.com.br\\\/wp-content\\\/uploads\\\/2022\\\/07\\\/35d1b37b-b59f-5679-e029-7137b7b78df4-ZsY01g-scaled.jpeg\",\"width\":2560,\"height\":1707},{\"@type\":\"BreadcrumbList\",\"@id\":\"https:\\\/\\\/contabilidadecaxias.com.br\\\/index.php\\\/2022\\\/07\\\/15\\\/turma-rejeita-cota-parte-previdenciaria-patronal-na-base-de-calculo-dos-honorarios-assistenciais\\\/#breadcrumb\",\"itemListElement\":[{\"@type\":\"ListItem\",\"position\":1,\"name\":\"In\u00edcio\",\"item\":\"https:\\\/\\\/contabilidadecaxias.com.br\\\/\"},{\"@type\":\"ListItem\",\"position\":2,\"name\":\"Turma rejeita cota-parte previdenci\u00e1ria patronal na base de c\u00e1lculo dos honor\u00e1rios assistenciais\"}]},{\"@type\":\"WebSite\",\"@id\":\"https:\\\/\\\/contabilidadecaxias.com.br\\\/#website\",\"url\":\"https:\\\/\\\/contabilidadecaxias.com.br\\\/\",\"name\":\"Contabilidade Caxias\",\"description\":\"Site especializado em Contabilidade para Caxias.\",\"potentialAction\":[{\"@type\":\"SearchAction\",\"target\":{\"@type\":\"EntryPoint\",\"urlTemplate\":\"https:\\\/\\\/contabilidadecaxias.com.br\\\/?s={search_term_string}\"},\"query-input\":{\"@type\":\"PropertyValueSpecification\",\"valueRequired\":true,\"valueName\":\"search_term_string\"}}],\"inLanguage\":\"pt-BR\"}]}<\/script>\n<!-- \/ Yoast SEO plugin. -->","yoast_head_json":{"title":"Turma rejeita cota-parte previdenci\u00e1ria patronal na base de c\u00e1lculo dos honor\u00e1rios assistenciais - Contabilidade Caxias","robots":{"index":"index","follow":"follow","max-snippet":"max-snippet:-1","max-image-preview":"max-image-preview:large","max-video-preview":"max-video-preview:-1"},"canonical":"https:\/\/contabilidadecaxias.com.br\/index.php\/2022\/07\/15\/turma-rejeita-cota-parte-previdenciaria-patronal-na-base-de-calculo-dos-honorarios-assistenciais\/","og_locale":"pt_BR","og_type":"article","og_title":"Turma rejeita cota-parte previdenci\u00e1ria patronal na base de c\u00e1lculo dos honor\u00e1rios assistenciais - Contabilidade Caxias","og_description":"\u00a0A \u00a0parcela \u00e9 cr\u00e9dito de terceiro, e n\u00e3o pode ser inclu\u00edda nos c\u00e1lculos. Foto da ministra Maria Helena Mallmann em sess\u00e3o 19\/7\/2022 &#8211; A Segunda Turma do Tribunal Superior do Trabalho garantiu ao Banco do Brasil a exclus\u00e3o da cota-parte previdenci\u00e1ria patronal na base de c\u00e1lculo dos honor\u00e1rios advocat\u00edcios devidos em a\u00e7\u00e3o ajuizada por escritur\u00e1ria [&hellip;]","og_url":"https:\/\/contabilidadecaxias.com.br\/index.php\/2022\/07\/15\/turma-rejeita-cota-parte-previdenciaria-patronal-na-base-de-calculo-dos-honorarios-assistenciais\/","og_site_name":"Contabilidade Caxias","article_published_time":"2022-07-15T20:14:25+00:00","twitter_card":"summary_large_image","twitter_misc":{"Est. tempo de leitura":"3 minutos"},"schema":{"@context":"https:\/\/schema.org","@graph":[{"@type":"Article","@id":"https:\/\/contabilidadecaxias.com.br\/index.php\/2022\/07\/15\/turma-rejeita-cota-parte-previdenciaria-patronal-na-base-de-calculo-dos-honorarios-assistenciais\/#article","isPartOf":{"@id":"https:\/\/contabilidadecaxias.com.br\/index.php\/2022\/07\/15\/turma-rejeita-cota-parte-previdenciaria-patronal-na-base-de-calculo-dos-honorarios-assistenciais\/"},"author":{"name":"","@id":""},"headline":"Turma rejeita cota-parte previdenci\u00e1ria patronal na base de c\u00e1lculo dos honor\u00e1rios assistenciais","datePublished":"2022-07-15T20:14:25+00:00","mainEntityOfPage":{"@id":"https:\/\/contabilidadecaxias.com.br\/index.php\/2022\/07\/15\/turma-rejeita-cota-parte-previdenciaria-patronal-na-base-de-calculo-dos-honorarios-assistenciais\/"},"wordCount":654,"commentCount":0,"image":{"@id":"https:\/\/contabilidadecaxias.com.br\/index.php\/2022\/07\/15\/turma-rejeita-cota-parte-previdenciaria-patronal-na-base-de-calculo-dos-honorarios-assistenciais\/#primaryimage"},"thumbnailUrl":"https:\/\/contabilidadecaxias.com.br\/wp-content\/uploads\/2022\/07\/35d1b37b-b59f-5679-e029-7137b7b78df4-ZsY01g-scaled.jpeg","articleSection":["Educa\u00e7\u00e3o Financeira"],"inLanguage":"pt-BR","potentialAction":[{"@type":"CommentAction","name":"Comment","target":["https:\/\/contabilidadecaxias.com.br\/index.php\/2022\/07\/15\/turma-rejeita-cota-parte-previdenciaria-patronal-na-base-de-calculo-dos-honorarios-assistenciais\/#respond"]}]},{"@type":"WebPage","@id":"https:\/\/contabilidadecaxias.com.br\/index.php\/2022\/07\/15\/turma-rejeita-cota-parte-previdenciaria-patronal-na-base-de-calculo-dos-honorarios-assistenciais\/","url":"https:\/\/contabilidadecaxias.com.br\/index.php\/2022\/07\/15\/turma-rejeita-cota-parte-previdenciaria-patronal-na-base-de-calculo-dos-honorarios-assistenciais\/","name":"Turma rejeita cota-parte previdenci\u00e1ria patronal na base de c\u00e1lculo dos honor\u00e1rios assistenciais - Contabilidade Caxias","isPartOf":{"@id":"https:\/\/contabilidadecaxias.com.br\/#website"},"primaryImageOfPage":{"@id":"https:\/\/contabilidadecaxias.com.br\/index.php\/2022\/07\/15\/turma-rejeita-cota-parte-previdenciaria-patronal-na-base-de-calculo-dos-honorarios-assistenciais\/#primaryimage"},"image":{"@id":"https:\/\/contabilidadecaxias.com.br\/index.php\/2022\/07\/15\/turma-rejeita-cota-parte-previdenciaria-patronal-na-base-de-calculo-dos-honorarios-assistenciais\/#primaryimage"},"thumbnailUrl":"https:\/\/contabilidadecaxias.com.br\/wp-content\/uploads\/2022\/07\/35d1b37b-b59f-5679-e029-7137b7b78df4-ZsY01g-scaled.jpeg","datePublished":"2022-07-15T20:14:25+00:00","author":{"@id":""},"breadcrumb":{"@id":"https:\/\/contabilidadecaxias.com.br\/index.php\/2022\/07\/15\/turma-rejeita-cota-parte-previdenciaria-patronal-na-base-de-calculo-dos-honorarios-assistenciais\/#breadcrumb"},"inLanguage":"pt-BR","potentialAction":[{"@type":"ReadAction","target":["https:\/\/contabilidadecaxias.com.br\/index.php\/2022\/07\/15\/turma-rejeita-cota-parte-previdenciaria-patronal-na-base-de-calculo-dos-honorarios-assistenciais\/"]}]},{"@type":"ImageObject","inLanguage":"pt-BR","@id":"https:\/\/contabilidadecaxias.com.br\/index.php\/2022\/07\/15\/turma-rejeita-cota-parte-previdenciaria-patronal-na-base-de-calculo-dos-honorarios-assistenciais\/#primaryimage","url":"https:\/\/contabilidadecaxias.com.br\/wp-content\/uploads\/2022\/07\/35d1b37b-b59f-5679-e029-7137b7b78df4-ZsY01g-scaled.jpeg","contentUrl":"https:\/\/contabilidadecaxias.com.br\/wp-content\/uploads\/2022\/07\/35d1b37b-b59f-5679-e029-7137b7b78df4-ZsY01g-scaled.jpeg","width":2560,"height":1707},{"@type":"BreadcrumbList","@id":"https:\/\/contabilidadecaxias.com.br\/index.php\/2022\/07\/15\/turma-rejeita-cota-parte-previdenciaria-patronal-na-base-de-calculo-dos-honorarios-assistenciais\/#breadcrumb","itemListElement":[{"@type":"ListItem","position":1,"name":"In\u00edcio","item":"https:\/\/contabilidadecaxias.com.br\/"},{"@type":"ListItem","position":2,"name":"Turma rejeita cota-parte previdenci\u00e1ria patronal na base de c\u00e1lculo dos honor\u00e1rios assistenciais"}]},{"@type":"WebSite","@id":"https:\/\/contabilidadecaxias.com.br\/#website","url":"https:\/\/contabilidadecaxias.com.br\/","name":"Contabilidade Caxias","description":"Site especializado em Contabilidade para Caxias.","potentialAction":[{"@type":"SearchAction","target":{"@type":"EntryPoint","urlTemplate":"https:\/\/contabilidadecaxias.com.br\/?s={search_term_string}"},"query-input":{"@type":"PropertyValueSpecification","valueRequired":true,"valueName":"search_term_string"}}],"inLanguage":"pt-BR"}]}},"_links":{"self":[{"href":"https:\/\/contabilidadecaxias.com.br\/index.php\/wp-json\/wp\/v2\/posts\/11667","targetHints":{"allow":["GET"]}}],"collection":[{"href":"https:\/\/contabilidadecaxias.com.br\/index.php\/wp-json\/wp\/v2\/posts"}],"about":[{"href":"https:\/\/contabilidadecaxias.com.br\/index.php\/wp-json\/wp\/v2\/types\/post"}],"replies":[{"embeddable":true,"href":"https:\/\/contabilidadecaxias.com.br\/index.php\/wp-json\/wp\/v2\/comments?post=11667"}],"version-history":[{"count":0,"href":"https:\/\/contabilidadecaxias.com.br\/index.php\/wp-json\/wp\/v2\/posts\/11667\/revisions"}],"wp:featuredmedia":[{"embeddable":true,"href":"https:\/\/contabilidadecaxias.com.br\/index.php\/wp-json\/wp\/v2\/media\/11668"}],"wp:attachment":[{"href":"https:\/\/contabilidadecaxias.com.br\/index.php\/wp-json\/wp\/v2\/media?parent=11667"}],"wp:term":[{"taxonomy":"category","embeddable":true,"href":"https:\/\/contabilidadecaxias.com.br\/index.php\/wp-json\/wp\/v2\/categories?post=11667"},{"taxonomy":"post_tag","embeddable":true,"href":"https:\/\/contabilidadecaxias.com.br\/index.php\/wp-json\/wp\/v2\/tags?post=11667"}],"curies":[{"name":"wp","href":"https:\/\/api.w.org\/{rel}","templated":true}]}}