{"id":11664,"date":"2022-07-15T17:14:09","date_gmt":"2022-07-15T20:14:09","guid":{"rendered":"https:\/\/contabilidadecaxias.com.br\/index.php\/2022\/07\/15\/tst-reduz-valor-de-contribuicao-assistencial-a-sindicato-no-rio-grande-do-sul\/"},"modified":"2022-07-15T17:14:09","modified_gmt":"2022-07-15T20:14:09","slug":"tst-reduz-valor-de-contribuicao-assistencial-a-sindicato-no-rio-grande-do-sul","status":"publish","type":"post","link":"https:\/\/contabilidadecaxias.com.br\/index.php\/2022\/07\/15\/tst-reduz-valor-de-contribuicao-assistencial-a-sindicato-no-rio-grande-do-sul\/","title":{"rendered":"TST reduz valor de contribui\u00e7\u00e3o assistencial a sindicato no Rio Grande do Sul"},"content":{"rendered":"<div class=\"noticia-wrapper\">\n<p><em><\/p>\n<p>O colegiado entendeu que o valor de at\u00e9 8% do sal\u00e1rio estava desproporcional.<\/p>\n<p><\/em><\/p>\n<div class=\"social-media-share mobile\">\n        <a class=\"share-facebook\" href=\"https:\/\/www.facebook.com\/sharer.php?u=https:\/\/www.tst.jus.br\/-\/tst-reduz-valor-de-contribui%C3%A7%C3%A3o-assistencial-a-sindicato-no-rio-grande-do-sul\" target=\"_blank\" rel=\"noopener\"><\/a><br \/>\n        <a class=\"share-twitter\" href=\"https:\/\/twitter.com\/intent\/tweet?text=TST%20reduz%20valor%20de%20contribui%C3%A7%C3%A3o%20assistencial%20a%20sindicato%20no%20Rio%20Grande%20do%20Sul%0AVeja%20mais%20em:&amp;url=https:\/\/www.tst.jus.br\/-\/tst-reduz-valor-de-contribui%C3%A7%C3%A3o-assistencial-a-sindicato-no-rio-grande-do-sul\" target=\"_blank\" rel=\"noopener\"><\/a><br \/>\n        <a class=\"share-linkedin\" href=\"https:\/\/www.linkedin.com\/shareArticle?mini=true&amp;url=https:\/\/www.tst.jus.br\/-\/tst-reduz-valor-de-contribui%C3%A7%C3%A3o-assistencial-a-sindicato-no-rio-grande-do-sul&amp;title=TST%20reduz%20valor%20de%20contribui%C3%A7%C3%A3o%20assistencial%20a%20sindicato%20no%20Rio%20Grande%20do%20Sul\" target=\"_blank\" rel=\"noopener\"><\/a><br \/>\n        <a class=\"share-whatsapp\" href=\"https:\/\/web.whatsapp.com\/send?text=https:\/\/www.tst.jus.br\/-\/tst-reduz-valor-de-contribui%C3%A7%C3%A3o-assistencial-a-sindicato-no-rio-grande-do-sul\" target=\"_blank\" rel=\"noopener\"><\/a><br \/>\n        <a class=\"share-googleplus\" href=\"https:\/\/plus.google.com\/share?url=https:\/\/www.tst.jus.br\/-\/tst-reduz-valor-de-contribui%C3%A7%C3%A3o-assistencial-a-sindicato-no-rio-grande-do-sul\" target=\"_blank\" rel=\"noopener\"><\/a>\n    <\/div>\n<div class=\"news-body\">\n<div class=\"imagem-da-noticia\">\n<p>Foto do ministro Mauricio Godinho durante julgamento<\/p>\n<div class=\"social-media-share\">\n                    <a class=\"share-facebook\" href=\"https:\/\/www.facebook.com\/sharer.php?u=https:\/\/www.tst.jus.br\/-\/tst-reduz-valor-de-contribui%C3%A7%C3%A3o-assistencial-a-sindicato-no-rio-grande-do-sul\" target=\"_blank\" rel=\"noopener\"><\/a><br \/>\n                    <a class=\"share-twitter\" href=\"https:\/\/twitter.com\/intent\/tweet?text=TST%20reduz%20valor%20de%20contribui%C3%A7%C3%A3o%20assistencial%20a%20sindicato%20no%20Rio%20Grande%20do%20Sul%0AVeja%20mais%20em:&amp;url=https:\/\/www.tst.jus.br\/-\/tst-reduz-valor-de-contribui%C3%A7%C3%A3o-assistencial-a-sindicato-no-rio-grande-do-sul\" target=\"_blank\" rel=\"noopener\"><\/a><br \/>\n                    <a class=\"share-linkedin\" href=\"https:\/\/www.linkedin.com\/shareArticle?mini=true&amp;url=https:\/\/www.tst.jus.br\/-\/tst-reduz-valor-de-contribui%C3%A7%C3%A3o-assistencial-a-sindicato-no-rio-grande-do-sul&amp;title=TST%20reduz%20valor%20de%20contribui%C3%A7%C3%A3o%20assistencial%20a%20sindicato%20no%20Rio%20Grande%20do%20Sul\" target=\"_blank\" rel=\"noopener\"><\/a><br \/>\n                    <a class=\"share-whatsapp\" href=\"https:\/\/web.whatsapp.com\/send?text=https:\/\/www.tst.jus.br\/-\/tst-reduz-valor-de-contribui%C3%A7%C3%A3o-assistencial-a-sindicato-no-rio-grande-do-sul\" target=\"_blank\" rel=\"noopener\"><\/a><br \/>\n                    <a class=\"share-googleplus\" href=\"https:\/\/plus.google.com\/share?url=https:\/\/www.tst.jus.br\/-\/tst-reduz-valor-de-contribui%C3%A7%C3%A3o-assistencial-a-sindicato-no-rio-grande-do-sul\" target=\"_blank\" rel=\"noopener\"><\/a>\n                <\/div>\n<\/p><\/div>\n<div class=\"materia\">\n<p>19\/7\/2022 &#8211; A Se\u00e7\u00e3o Especializada em Diss\u00eddios Coletivos (SDC) do Tribunal Superior do Trabalho reduziu o valor do desconto para contribui\u00e7\u00e3o assistencial, previsto em norma coletiva entre o Sindicato \u00a0dos Trabalhadores nas Ind\u00fastrias da Constru\u00e7\u00e3o e do Mobili\u00e1rio do Rio Grande e o Sindicato Intermunicipal das Ind\u00fastrias Madeireiras, Serrarias, Carpintarias, Tanoarias, Esquadrias, Marcenarias, M\u00f3veis, Madeiras Compensadas e Laminadas, Aglomerados e Chapas de Fibras de Madeiras do Estado do Rio Grande do Sul. A redu\u00e7\u00e3o foi para 50% de um dia de sal\u00e1rio j\u00e1 reajustado, pago uma \u00fanica vez durante a vig\u00eancia da norma. O colegiado no TST entendeu que a quantia que havia sido fixada na conven\u00e7\u00e3o coletiva n\u00e3o era razo\u00e1vel.<\/p>\n<p><strong>Contribui\u00e7\u00e3o assistencial<\/strong><\/p>\n<p>A conven\u00e7\u00e3o coletiva de trabalho, celebrada entre os dois sindicatos, foi homologada pelo Tribunal Regional do Trabalho da 4\u00aa Regi\u00e3o (RS) \u00a0em outubro de 2020. \u00a0A cl\u00e1usula 23\u00aa do instrumento normativo disp\u00f5e sobre o desconto no sal\u00e1rio dos trabalhadores a t\u00edtulo de contribui\u00e7\u00e3o assistencial.\u00a0<\/p>\n<p>A previs\u00e3o era de desconto de 5% do sal\u00e1rio-base, j\u00e1 reajustado e referente a junho de 2018, agosto de 2018 e outubro de 2018, e de 8% sobre o sal\u00e1rio do primeiro m\u00eas para os que ingressaram na categoria econ\u00f4mica ap\u00f3s o m\u00eas de outubro de 2018.<\/p>\n<p>O Minist\u00e9rio P\u00fablico do Trabalho do Rio Grande do Sul avaliou que o valor fixado na norma era abusivo e feria o princ\u00edpio da razoabilidade. Nesse contexto, recorreu ao TST para impugnar a homologa\u00e7\u00e3o da cl\u00e1usula n\u00ba 23\u00aa nesse aspecto apenas.\u00a0<\/p>\n<p>Para o MPT, era necess\u00e1ria a adequa\u00e7\u00e3o do desconto aos patamares admitidos pela jurisprud\u00eancia da SDC que \u00e9 de 50% (cinquenta por cento) do sal\u00e1rio-dia j\u00e1 reajustado.\u00a0<\/p>\n<p><strong>Valor elevado<\/strong><\/p>\n<p>O relator do recurso, ministro Mauricio Godinho Delgado, concordou com os argumentos do Minist\u00e9rio P\u00fablico. Segundo o relator, no caso, a contribui\u00e7\u00e3o assistencial foi fixada no equivalente a 5% do sal\u00e1rio j\u00e1 reajustado, paga em tr\u00eas meses, ou 8%, paga em um m\u00eas, para os empregados admitidos ap\u00f3s o per\u00edodo de seis meses do in\u00edcio de vig\u00eancia do instrumento normativo, que \u00e9 1\u00ba de maio, \u00a0chegando, no total, a 15% de um sal\u00e1rio.<br \/>\n\u00a0<br \/>\nNa avalia\u00e7\u00e3o do ministro, essa quantia elevada foge do princ\u00edpio da razoabilidade. Nessas situa\u00e7\u00f5es, explicou, a jurisprud\u00eancia dominante na SDC \u201ctem respeitado o limite de um \u00fanico pagamento, por ano, no importe de 50% do sal\u00e1rio equivalente a um dia de labor reajustado\u201d, explicou.<br \/>\n\u00a0<br \/>\nA decis\u00e3o foi un\u00e2nime.\u00a0<br \/>\n\u00a0<br \/>\n(LF\/GS)<\/p>\n<p>Processo: <a href=\"https:\/\/consultaprocessual.tst.jus.br\/consultaProcessual\/consultaTstNumUnica.do?consulta=Consultar&amp;conscsjt=&amp;numeroTst=21463&amp;digitoTst=35&amp;anoTst=2018&amp;orgaoTst=5&amp;tribunalTst=04&amp;varaTst=0000&amp;submit=Consultar\" target=\"_blank\" rel=\"noopener\">ROT-21463-35.2018.5.04.0000<\/a><br \/>\n\u00a0<br \/>\nA Se\u00e7\u00e3o Especializada em Diss\u00eddios Coletivos \u00e9 composta de nove ministros. S\u00e3o necess\u00e1rios pelo menos cinco ministros para o julgamento de diss\u00eddios coletivos de natureza econ\u00f4mica e jur\u00eddica, recursos contra decis\u00f5es dos TRTs em diss\u00eddios coletivos, embargos infringentes e agravos de instrumento, al\u00e9m de revis\u00e3o de suas pr\u00f3prias senten\u00e7as e homologa\u00e7\u00e3o das concilia\u00e7\u00f5es feitas nos diss\u00eddios coletivos.<\/p>\n<p>Esta mat\u00e9ria tem car\u00e1ter informativo.<br \/>\nPermitida a reprodu\u00e7\u00e3o mediante cita\u00e7\u00e3o da fonte.<br \/>\nSecretaria de Comunica\u00e7\u00e3o Social<br \/>\nTribunal Superior do Trabalho<br \/>\nTel. (61) 3043-4907<br \/>\nsecom@tst.jus.br<\/p>\n<\/div><\/div>\n<\/div>\n","protected":false},"excerpt":{"rendered":"<p>O colegiado entendeu que o valor de at\u00e9 8% do sal\u00e1rio estava desproporcional. Foto do ministro Mauricio Godinho durante julgamento 19\/7\/2022 &#8211; A Se\u00e7\u00e3o Especializada em Diss\u00eddios Coletivos (SDC) do Tribunal Superior do Trabalho reduziu o valor do desconto para contribui\u00e7\u00e3o assistencial, previsto em norma coletiva entre o Sindicato \u00a0dos Trabalhadores nas Ind\u00fastrias da Constru\u00e7\u00e3o [&hellip;]<\/p>\n","protected":false},"author":0,"featured_media":11665,"comment_status":"open","ping_status":"","sticky":false,"template":"","format":"standard","meta":{"footnotes":""},"categories":[5],"tags":[],"class_list":["post-11664","post","type-post","status-publish","format-standard","has-post-thumbnail","hentry","category-noticias-educacao-financeira"],"blocksy_meta":{"styles_descriptor":{"styles":{"desktop":"","tablet":"","mobile":""},"google_fonts":[],"version":6}},"yoast_head":"<!-- This site is optimized with the Yoast SEO plugin v27.4 - https:\/\/yoast.com\/product\/yoast-seo-wordpress\/ -->\n<title>TST reduz valor de contribui\u00e7\u00e3o assistencial a sindicato no Rio Grande do Sul - Contabilidade Caxias<\/title>\n<meta name=\"robots\" content=\"index, follow, max-snippet:-1, max-image-preview:large, max-video-preview:-1\" \/>\n<link rel=\"canonical\" href=\"https:\/\/contabilidadecaxias.com.br\/index.php\/2022\/07\/15\/tst-reduz-valor-de-contribuicao-assistencial-a-sindicato-no-rio-grande-do-sul\/\" \/>\n<meta property=\"og:locale\" content=\"pt_BR\" \/>\n<meta property=\"og:type\" content=\"article\" \/>\n<meta property=\"og:title\" content=\"TST reduz valor de contribui\u00e7\u00e3o assistencial a sindicato no Rio Grande do Sul - Contabilidade Caxias\" \/>\n<meta property=\"og:description\" content=\"O colegiado entendeu que o valor de at\u00e9 8% do sal\u00e1rio estava desproporcional. Foto do ministro Mauricio Godinho durante julgamento 19\/7\/2022 &#8211; A Se\u00e7\u00e3o Especializada em Diss\u00eddios Coletivos (SDC) do Tribunal Superior do Trabalho reduziu o valor do desconto para contribui\u00e7\u00e3o assistencial, previsto em norma coletiva entre o Sindicato \u00a0dos Trabalhadores nas Ind\u00fastrias da Constru\u00e7\u00e3o [&hellip;]\" \/>\n<meta property=\"og:url\" content=\"https:\/\/contabilidadecaxias.com.br\/index.php\/2022\/07\/15\/tst-reduz-valor-de-contribuicao-assistencial-a-sindicato-no-rio-grande-do-sul\/\" \/>\n<meta property=\"og:site_name\" content=\"Contabilidade Caxias\" \/>\n<meta property=\"article:published_time\" content=\"2022-07-15T20:14:09+00:00\" \/>\n<meta name=\"twitter:card\" content=\"summary_large_image\" \/>\n<meta name=\"twitter:label1\" content=\"Est. tempo de leitura\" \/>\n\t<meta name=\"twitter:data1\" content=\"3 minutos\" \/>\n<script type=\"application\/ld+json\" class=\"yoast-schema-graph\">{\"@context\":\"https:\\\/\\\/schema.org\",\"@graph\":[{\"@type\":\"Article\",\"@id\":\"https:\\\/\\\/contabilidadecaxias.com.br\\\/index.php\\\/2022\\\/07\\\/15\\\/tst-reduz-valor-de-contribuicao-assistencial-a-sindicato-no-rio-grande-do-sul\\\/#article\",\"isPartOf\":{\"@id\":\"https:\\\/\\\/contabilidadecaxias.com.br\\\/index.php\\\/2022\\\/07\\\/15\\\/tst-reduz-valor-de-contribuicao-assistencial-a-sindicato-no-rio-grande-do-sul\\\/\"},\"author\":{\"name\":\"\",\"@id\":\"\"},\"headline\":\"TST reduz valor de contribui\u00e7\u00e3o assistencial a sindicato no Rio Grande do Sul\",\"datePublished\":\"2022-07-15T20:14:09+00:00\",\"mainEntityOfPage\":{\"@id\":\"https:\\\/\\\/contabilidadecaxias.com.br\\\/index.php\\\/2022\\\/07\\\/15\\\/tst-reduz-valor-de-contribuicao-assistencial-a-sindicato-no-rio-grande-do-sul\\\/\"},\"wordCount\":573,\"commentCount\":0,\"image\":{\"@id\":\"https:\\\/\\\/contabilidadecaxias.com.br\\\/index.php\\\/2022\\\/07\\\/15\\\/tst-reduz-valor-de-contribuicao-assistencial-a-sindicato-no-rio-grande-do-sul\\\/#primaryimage\"},\"thumbnailUrl\":\"https:\\\/\\\/contabilidadecaxias.com.br\\\/wp-content\\\/uploads\\\/2022\\\/07\\\/1b2c2e45-9bf6-43ce-41c0-244f4205289a-ff0ut7-scaled.jpeg\",\"articleSection\":[\"Educa\u00e7\u00e3o Financeira\"],\"inLanguage\":\"pt-BR\",\"potentialAction\":[{\"@type\":\"CommentAction\",\"name\":\"Comment\",\"target\":[\"https:\\\/\\\/contabilidadecaxias.com.br\\\/index.php\\\/2022\\\/07\\\/15\\\/tst-reduz-valor-de-contribuicao-assistencial-a-sindicato-no-rio-grande-do-sul\\\/#respond\"]}]},{\"@type\":\"WebPage\",\"@id\":\"https:\\\/\\\/contabilidadecaxias.com.br\\\/index.php\\\/2022\\\/07\\\/15\\\/tst-reduz-valor-de-contribuicao-assistencial-a-sindicato-no-rio-grande-do-sul\\\/\",\"url\":\"https:\\\/\\\/contabilidadecaxias.com.br\\\/index.php\\\/2022\\\/07\\\/15\\\/tst-reduz-valor-de-contribuicao-assistencial-a-sindicato-no-rio-grande-do-sul\\\/\",\"name\":\"TST reduz valor de contribui\u00e7\u00e3o assistencial a sindicato no Rio Grande do Sul - Contabilidade Caxias\",\"isPartOf\":{\"@id\":\"https:\\\/\\\/contabilidadecaxias.com.br\\\/#website\"},\"primaryImageOfPage\":{\"@id\":\"https:\\\/\\\/contabilidadecaxias.com.br\\\/index.php\\\/2022\\\/07\\\/15\\\/tst-reduz-valor-de-contribuicao-assistencial-a-sindicato-no-rio-grande-do-sul\\\/#primaryimage\"},\"image\":{\"@id\":\"https:\\\/\\\/contabilidadecaxias.com.br\\\/index.php\\\/2022\\\/07\\\/15\\\/tst-reduz-valor-de-contribuicao-assistencial-a-sindicato-no-rio-grande-do-sul\\\/#primaryimage\"},\"thumbnailUrl\":\"https:\\\/\\\/contabilidadecaxias.com.br\\\/wp-content\\\/uploads\\\/2022\\\/07\\\/1b2c2e45-9bf6-43ce-41c0-244f4205289a-ff0ut7-scaled.jpeg\",\"datePublished\":\"2022-07-15T20:14:09+00:00\",\"author\":{\"@id\":\"\"},\"breadcrumb\":{\"@id\":\"https:\\\/\\\/contabilidadecaxias.com.br\\\/index.php\\\/2022\\\/07\\\/15\\\/tst-reduz-valor-de-contribuicao-assistencial-a-sindicato-no-rio-grande-do-sul\\\/#breadcrumb\"},\"inLanguage\":\"pt-BR\",\"potentialAction\":[{\"@type\":\"ReadAction\",\"target\":[\"https:\\\/\\\/contabilidadecaxias.com.br\\\/index.php\\\/2022\\\/07\\\/15\\\/tst-reduz-valor-de-contribuicao-assistencial-a-sindicato-no-rio-grande-do-sul\\\/\"]}]},{\"@type\":\"ImageObject\",\"inLanguage\":\"pt-BR\",\"@id\":\"https:\\\/\\\/contabilidadecaxias.com.br\\\/index.php\\\/2022\\\/07\\\/15\\\/tst-reduz-valor-de-contribuicao-assistencial-a-sindicato-no-rio-grande-do-sul\\\/#primaryimage\",\"url\":\"https:\\\/\\\/contabilidadecaxias.com.br\\\/wp-content\\\/uploads\\\/2022\\\/07\\\/1b2c2e45-9bf6-43ce-41c0-244f4205289a-ff0ut7-scaled.jpeg\",\"contentUrl\":\"https:\\\/\\\/contabilidadecaxias.com.br\\\/wp-content\\\/uploads\\\/2022\\\/07\\\/1b2c2e45-9bf6-43ce-41c0-244f4205289a-ff0ut7-scaled.jpeg\",\"width\":2560,\"height\":1707},{\"@type\":\"BreadcrumbList\",\"@id\":\"https:\\\/\\\/contabilidadecaxias.com.br\\\/index.php\\\/2022\\\/07\\\/15\\\/tst-reduz-valor-de-contribuicao-assistencial-a-sindicato-no-rio-grande-do-sul\\\/#breadcrumb\",\"itemListElement\":[{\"@type\":\"ListItem\",\"position\":1,\"name\":\"In\u00edcio\",\"item\":\"https:\\\/\\\/contabilidadecaxias.com.br\\\/\"},{\"@type\":\"ListItem\",\"position\":2,\"name\":\"TST reduz valor de contribui\u00e7\u00e3o assistencial a sindicato no Rio Grande do Sul\"}]},{\"@type\":\"WebSite\",\"@id\":\"https:\\\/\\\/contabilidadecaxias.com.br\\\/#website\",\"url\":\"https:\\\/\\\/contabilidadecaxias.com.br\\\/\",\"name\":\"Contabilidade Caxias\",\"description\":\"Site especializado em Contabilidade para Caxias.\",\"potentialAction\":[{\"@type\":\"SearchAction\",\"target\":{\"@type\":\"EntryPoint\",\"urlTemplate\":\"https:\\\/\\\/contabilidadecaxias.com.br\\\/?s={search_term_string}\"},\"query-input\":{\"@type\":\"PropertyValueSpecification\",\"valueRequired\":true,\"valueName\":\"search_term_string\"}}],\"inLanguage\":\"pt-BR\"}]}<\/script>\n<!-- \/ Yoast SEO plugin. -->","yoast_head_json":{"title":"TST reduz valor de contribui\u00e7\u00e3o assistencial a sindicato no Rio Grande do Sul - Contabilidade Caxias","robots":{"index":"index","follow":"follow","max-snippet":"max-snippet:-1","max-image-preview":"max-image-preview:large","max-video-preview":"max-video-preview:-1"},"canonical":"https:\/\/contabilidadecaxias.com.br\/index.php\/2022\/07\/15\/tst-reduz-valor-de-contribuicao-assistencial-a-sindicato-no-rio-grande-do-sul\/","og_locale":"pt_BR","og_type":"article","og_title":"TST reduz valor de contribui\u00e7\u00e3o assistencial a sindicato no Rio Grande do Sul - Contabilidade Caxias","og_description":"O colegiado entendeu que o valor de at\u00e9 8% do sal\u00e1rio estava desproporcional. Foto do ministro Mauricio Godinho durante julgamento 19\/7\/2022 &#8211; A Se\u00e7\u00e3o Especializada em Diss\u00eddios Coletivos (SDC) do Tribunal Superior do Trabalho reduziu o valor do desconto para contribui\u00e7\u00e3o assistencial, previsto em norma coletiva entre o Sindicato \u00a0dos Trabalhadores nas Ind\u00fastrias da Constru\u00e7\u00e3o [&hellip;]","og_url":"https:\/\/contabilidadecaxias.com.br\/index.php\/2022\/07\/15\/tst-reduz-valor-de-contribuicao-assistencial-a-sindicato-no-rio-grande-do-sul\/","og_site_name":"Contabilidade Caxias","article_published_time":"2022-07-15T20:14:09+00:00","twitter_card":"summary_large_image","twitter_misc":{"Est. tempo de leitura":"3 minutos"},"schema":{"@context":"https:\/\/schema.org","@graph":[{"@type":"Article","@id":"https:\/\/contabilidadecaxias.com.br\/index.php\/2022\/07\/15\/tst-reduz-valor-de-contribuicao-assistencial-a-sindicato-no-rio-grande-do-sul\/#article","isPartOf":{"@id":"https:\/\/contabilidadecaxias.com.br\/index.php\/2022\/07\/15\/tst-reduz-valor-de-contribuicao-assistencial-a-sindicato-no-rio-grande-do-sul\/"},"author":{"name":"","@id":""},"headline":"TST reduz valor de contribui\u00e7\u00e3o assistencial a sindicato no Rio Grande do Sul","datePublished":"2022-07-15T20:14:09+00:00","mainEntityOfPage":{"@id":"https:\/\/contabilidadecaxias.com.br\/index.php\/2022\/07\/15\/tst-reduz-valor-de-contribuicao-assistencial-a-sindicato-no-rio-grande-do-sul\/"},"wordCount":573,"commentCount":0,"image":{"@id":"https:\/\/contabilidadecaxias.com.br\/index.php\/2022\/07\/15\/tst-reduz-valor-de-contribuicao-assistencial-a-sindicato-no-rio-grande-do-sul\/#primaryimage"},"thumbnailUrl":"https:\/\/contabilidadecaxias.com.br\/wp-content\/uploads\/2022\/07\/1b2c2e45-9bf6-43ce-41c0-244f4205289a-ff0ut7-scaled.jpeg","articleSection":["Educa\u00e7\u00e3o Financeira"],"inLanguage":"pt-BR","potentialAction":[{"@type":"CommentAction","name":"Comment","target":["https:\/\/contabilidadecaxias.com.br\/index.php\/2022\/07\/15\/tst-reduz-valor-de-contribuicao-assistencial-a-sindicato-no-rio-grande-do-sul\/#respond"]}]},{"@type":"WebPage","@id":"https:\/\/contabilidadecaxias.com.br\/index.php\/2022\/07\/15\/tst-reduz-valor-de-contribuicao-assistencial-a-sindicato-no-rio-grande-do-sul\/","url":"https:\/\/contabilidadecaxias.com.br\/index.php\/2022\/07\/15\/tst-reduz-valor-de-contribuicao-assistencial-a-sindicato-no-rio-grande-do-sul\/","name":"TST reduz valor de contribui\u00e7\u00e3o assistencial a sindicato no Rio Grande do Sul - Contabilidade Caxias","isPartOf":{"@id":"https:\/\/contabilidadecaxias.com.br\/#website"},"primaryImageOfPage":{"@id":"https:\/\/contabilidadecaxias.com.br\/index.php\/2022\/07\/15\/tst-reduz-valor-de-contribuicao-assistencial-a-sindicato-no-rio-grande-do-sul\/#primaryimage"},"image":{"@id":"https:\/\/contabilidadecaxias.com.br\/index.php\/2022\/07\/15\/tst-reduz-valor-de-contribuicao-assistencial-a-sindicato-no-rio-grande-do-sul\/#primaryimage"},"thumbnailUrl":"https:\/\/contabilidadecaxias.com.br\/wp-content\/uploads\/2022\/07\/1b2c2e45-9bf6-43ce-41c0-244f4205289a-ff0ut7-scaled.jpeg","datePublished":"2022-07-15T20:14:09+00:00","author":{"@id":""},"breadcrumb":{"@id":"https:\/\/contabilidadecaxias.com.br\/index.php\/2022\/07\/15\/tst-reduz-valor-de-contribuicao-assistencial-a-sindicato-no-rio-grande-do-sul\/#breadcrumb"},"inLanguage":"pt-BR","potentialAction":[{"@type":"ReadAction","target":["https:\/\/contabilidadecaxias.com.br\/index.php\/2022\/07\/15\/tst-reduz-valor-de-contribuicao-assistencial-a-sindicato-no-rio-grande-do-sul\/"]}]},{"@type":"ImageObject","inLanguage":"pt-BR","@id":"https:\/\/contabilidadecaxias.com.br\/index.php\/2022\/07\/15\/tst-reduz-valor-de-contribuicao-assistencial-a-sindicato-no-rio-grande-do-sul\/#primaryimage","url":"https:\/\/contabilidadecaxias.com.br\/wp-content\/uploads\/2022\/07\/1b2c2e45-9bf6-43ce-41c0-244f4205289a-ff0ut7-scaled.jpeg","contentUrl":"https:\/\/contabilidadecaxias.com.br\/wp-content\/uploads\/2022\/07\/1b2c2e45-9bf6-43ce-41c0-244f4205289a-ff0ut7-scaled.jpeg","width":2560,"height":1707},{"@type":"BreadcrumbList","@id":"https:\/\/contabilidadecaxias.com.br\/index.php\/2022\/07\/15\/tst-reduz-valor-de-contribuicao-assistencial-a-sindicato-no-rio-grande-do-sul\/#breadcrumb","itemListElement":[{"@type":"ListItem","position":1,"name":"In\u00edcio","item":"https:\/\/contabilidadecaxias.com.br\/"},{"@type":"ListItem","position":2,"name":"TST reduz valor de contribui\u00e7\u00e3o assistencial a sindicato no Rio Grande do Sul"}]},{"@type":"WebSite","@id":"https:\/\/contabilidadecaxias.com.br\/#website","url":"https:\/\/contabilidadecaxias.com.br\/","name":"Contabilidade Caxias","description":"Site especializado em Contabilidade para Caxias.","potentialAction":[{"@type":"SearchAction","target":{"@type":"EntryPoint","urlTemplate":"https:\/\/contabilidadecaxias.com.br\/?s={search_term_string}"},"query-input":{"@type":"PropertyValueSpecification","valueRequired":true,"valueName":"search_term_string"}}],"inLanguage":"pt-BR"}]}},"_links":{"self":[{"href":"https:\/\/contabilidadecaxias.com.br\/index.php\/wp-json\/wp\/v2\/posts\/11664","targetHints":{"allow":["GET"]}}],"collection":[{"href":"https:\/\/contabilidadecaxias.com.br\/index.php\/wp-json\/wp\/v2\/posts"}],"about":[{"href":"https:\/\/contabilidadecaxias.com.br\/index.php\/wp-json\/wp\/v2\/types\/post"}],"replies":[{"embeddable":true,"href":"https:\/\/contabilidadecaxias.com.br\/index.php\/wp-json\/wp\/v2\/comments?post=11664"}],"version-history":[{"count":0,"href":"https:\/\/contabilidadecaxias.com.br\/index.php\/wp-json\/wp\/v2\/posts\/11664\/revisions"}],"wp:featuredmedia":[{"embeddable":true,"href":"https:\/\/contabilidadecaxias.com.br\/index.php\/wp-json\/wp\/v2\/media\/11665"}],"wp:attachment":[{"href":"https:\/\/contabilidadecaxias.com.br\/index.php\/wp-json\/wp\/v2\/media?parent=11664"}],"wp:term":[{"taxonomy":"category","embeddable":true,"href":"https:\/\/contabilidadecaxias.com.br\/index.php\/wp-json\/wp\/v2\/categories?post=11664"},{"taxonomy":"post_tag","embeddable":true,"href":"https:\/\/contabilidadecaxias.com.br\/index.php\/wp-json\/wp\/v2\/tags?post=11664"}],"curies":[{"name":"wp","href":"https:\/\/api.w.org\/{rel}","templated":true}]}}