{"id":11656,"date":"2022-07-15T17:13:24","date_gmt":"2022-07-15T20:13:24","guid":{"rendered":"https:\/\/contabilidadecaxias.com.br\/index.php\/2022\/07\/15\/exigencia-generica-de-certidao-de-antecedentes-criminais-por-supermercado-foi-ilicita\/"},"modified":"2022-07-15T17:13:24","modified_gmt":"2022-07-15T20:13:24","slug":"exigencia-generica-de-certidao-de-antecedentes-criminais-por-supermercado-foi-ilicita","status":"publish","type":"post","link":"https:\/\/contabilidadecaxias.com.br\/index.php\/2022\/07\/15\/exigencia-generica-de-certidao-de-antecedentes-criminais-por-supermercado-foi-ilicita\/","title":{"rendered":"Exig\u00eancia gen\u00e9rica de certid\u00e3o de antecedentes criminais por supermercado foi il\u00edcita"},"content":{"rendered":"<div class=\"noticia-wrapper\">\n<p><em><\/p>\n<p>A necessidade deveria estar limitada a cargos espec\u00edficos no supermercado.<\/p>\n<p><\/em><\/p>\n<div class=\"social-media-share mobile\">\n        <a class=\"share-facebook\" href=\"https:\/\/www.facebook.com\/sharer.php?u=https:\/\/www.tst.jus.br\/-\/exig%C3%AAncia-gen%C3%A9rica-de-certid%C3%A3o-de-antecedentes-criminais-por-supermercado-foi-il%C3%ADcita\" target=\"_blank\" rel=\"noopener\"><\/a><br \/>\n        <a class=\"share-twitter\" href=\"https:\/\/twitter.com\/intent\/tweet?text=Exig%C3%AAncia%20gen%C3%A9rica%20de%20certid%C3%A3o%20de%20antecedentes%20criminais%20por%20supermercado%20foi%20il%C3%ADcita%0AVeja%20mais%20em:&amp;url=https:\/\/www.tst.jus.br\/-\/exig%C3%AAncia-gen%C3%A9rica-de-certid%C3%A3o-de-antecedentes-criminais-por-supermercado-foi-il%C3%ADcita\" target=\"_blank\" rel=\"noopener\"><\/a><br \/>\n        <a class=\"share-linkedin\" href=\"https:\/\/www.linkedin.com\/shareArticle?mini=true&amp;url=https:\/\/www.tst.jus.br\/-\/exig%C3%AAncia-gen%C3%A9rica-de-certid%C3%A3o-de-antecedentes-criminais-por-supermercado-foi-il%C3%ADcita&amp;title=Exig%C3%AAncia%20gen%C3%A9rica%20de%20certid%C3%A3o%20de%20antecedentes%20criminais%20por%20supermercado%20foi%20il%C3%ADcita\" target=\"_blank\" rel=\"noopener\"><\/a><br \/>\n        <a class=\"share-whatsapp\" href=\"https:\/\/web.whatsapp.com\/send?text=https:\/\/www.tst.jus.br\/-\/exig%C3%AAncia-gen%C3%A9rica-de-certid%C3%A3o-de-antecedentes-criminais-por-supermercado-foi-il%C3%ADcita\" target=\"_blank\" rel=\"noopener\"><\/a><br \/>\n        <a class=\"share-googleplus\" href=\"https:\/\/plus.google.com\/share?url=https:\/\/www.tst.jus.br\/-\/exig%C3%AAncia-gen%C3%A9rica-de-certid%C3%A3o-de-antecedentes-criminais-por-supermercado-foi-il%C3%ADcita\" target=\"_blank\" rel=\"noopener\"><\/a>\n    <\/div>\n<div class=\"news-body\">\n<div class=\"imagem-da-noticia\">\n<p>Imagem de m\u00e3o feminina segurando pasta com pap\u00e9is<\/p>\n<div class=\"social-media-share\">\n                    <a class=\"share-facebook\" href=\"https:\/\/www.facebook.com\/sharer.php?u=https:\/\/www.tst.jus.br\/-\/exig%C3%AAncia-gen%C3%A9rica-de-certid%C3%A3o-de-antecedentes-criminais-por-supermercado-foi-il%C3%ADcita\" target=\"_blank\" rel=\"noopener\"><\/a><br \/>\n                    <a class=\"share-twitter\" href=\"https:\/\/twitter.com\/intent\/tweet?text=Exig%C3%AAncia%20gen%C3%A9rica%20de%20certid%C3%A3o%20de%20antecedentes%20criminais%20por%20supermercado%20foi%20il%C3%ADcita%0AVeja%20mais%20em:&amp;url=https:\/\/www.tst.jus.br\/-\/exig%C3%AAncia-gen%C3%A9rica-de-certid%C3%A3o-de-antecedentes-criminais-por-supermercado-foi-il%C3%ADcita\" target=\"_blank\" rel=\"noopener\"><\/a><br \/>\n                    <a class=\"share-linkedin\" href=\"https:\/\/www.linkedin.com\/shareArticle?mini=true&amp;url=https:\/\/www.tst.jus.br\/-\/exig%C3%AAncia-gen%C3%A9rica-de-certid%C3%A3o-de-antecedentes-criminais-por-supermercado-foi-il%C3%ADcita&amp;title=Exig%C3%AAncia%20gen%C3%A9rica%20de%20certid%C3%A3o%20de%20antecedentes%20criminais%20por%20supermercado%20foi%20il%C3%ADcita\" target=\"_blank\" rel=\"noopener\"><\/a><br \/>\n                    <a class=\"share-whatsapp\" href=\"https:\/\/web.whatsapp.com\/send?text=https:\/\/www.tst.jus.br\/-\/exig%C3%AAncia-gen%C3%A9rica-de-certid%C3%A3o-de-antecedentes-criminais-por-supermercado-foi-il%C3%ADcita\" target=\"_blank\" rel=\"noopener\"><\/a><br \/>\n                    <a class=\"share-googleplus\" href=\"https:\/\/plus.google.com\/share?url=https:\/\/www.tst.jus.br\/-\/exig%C3%AAncia-gen%C3%A9rica-de-certid%C3%A3o-de-antecedentes-criminais-por-supermercado-foi-il%C3%ADcita\" target=\"_blank\" rel=\"noopener\"><\/a>\n                <\/div>\n<\/p><\/div>\n<div class=\"materia\">\n<p>21\/7\/2022 &#8211; A Oitava Turma do Tribunal Superior do Trabalho condenou a Mateus Supermercados S.A., de S\u00e3o Lu\u00eds (MA), a pagar R$ 100 mil de indeniza\u00e7\u00e3o por danos morais coletivos pela exig\u00eancia de antecedentes criminais para sele\u00e7\u00e3o de empregados. A empresa afirmou que a exig\u00eancia era feita a todos os empregados, n\u00e3o s\u00f3 para aqueles em fun\u00e7\u00f5es de confian\u00e7a. O crit\u00e9rio, segundo o colegiado, \u00e9 discriminat\u00f3rio.\u00a0<\/p>\n<p><strong>MPT<\/strong><\/p>\n<p>O caso tem origem em a\u00e7\u00e3o do Minist\u00e9rio P\u00fablico do Trabalho (MPT) que pediu a condena\u00e7\u00e3o da empresa em R$ 600 mil por danos morais coletivos, uma vez que a exig\u00eancia era direcionada a todos os empregados. \u201cN\u00e3o estava limitada a cargos espec\u00edficos que poderiam justificar a apresenta\u00e7\u00e3o de antecedentes criminais\u201d.\u00a0<\/p>\n<p><strong>Sem distin\u00e7\u00e3o<\/strong><\/p>\n<p>Em contesta\u00e7\u00e3o, a empresa assumiu que exige certid\u00e3o de antecedentes criminais como condi\u00e7\u00e3o para a admiss\u00e3o de qualquer funcion\u00e1rio, mas defendeu a legalidade da conduta. Lembrou que a certid\u00e3o \u00e9 um documento que tamb\u00e9m \u00e9 exigido pela administra\u00e7\u00e3o p\u00fablica na contrata\u00e7\u00e3o de servidores e que o pedido foi feito a todos os candidatos, sem distin\u00e7\u00e3o.<\/p>\n<p><strong>Caixas e a\u00e7ougueiros<\/strong><\/p>\n<p>A 2\u00aa Vara do Trabalho de S\u00e3o Lu\u00eds e o Tribunal Regional do Trabalho da 16\u00aa Regi\u00e3o (MA) entenderam que n\u00e3o ficou comprovado, na a\u00e7\u00e3o do MPT, o intuito discriminat\u00f3rio. A exig\u00eancia, segundo o TRT, foi irrestrita, para qualquer empregado interessado na contrata\u00e7\u00e3o, e n\u00e3o configurou les\u00e3o moral. O Regional ponderou ainda que existem fun\u00e7\u00f5es na empresa (caixas e a\u00e7ougueiros) que exigem grau elevado de confian\u00e7a.\u00a0<\/p>\n<p>\u201cPoder-se-ia falar em discrimina\u00e7\u00e3o aos candidatos ao emprego, em tese, caso a Mateus exigisse a certid\u00e3o de apenas um ou alguns aspirantes ao cargo, injustificadamente, o que n\u00e3o ficou demonstrado nos autos\u201d, apontou a decis\u00e3o.\u00a0<\/p>\n<p><strong>Coletividade<\/strong><\/p>\n<p>Contudo, o argumento foi recha\u00e7ado pela ministra Dela\u00edde Miranda Arantes, relatora do recurso de revista do MPT ao TST. Ela destacou que, tratando-se de empresa de grande porte do ramo de supermercados, a coletividade de candidatos aos empregos abrange tanto os que ser\u00e3o alocados em fun\u00e7\u00f5es de caixa ou no manuseio de objetos perfurocortantes, quanto em outra variedade de vagas que n\u00e3o necessitam fid\u00facia especial.\u00a0<\/p>\n<p>Em seu voto, a relatora cita o Incidente de Recursos Repetitivos (IRR 24300-58.2013.5.13.0023), julgado pela SDI-1 do TST, que fixou a tese de que a exig\u00eancia de certid\u00e3o s\u00f3 \u00e9 leg\u00edtima se for justificada por lei, natureza do of\u00edcio ou grau especial de fid\u00facia exigido. \u201cQuando ausentes as justificativas, fica configurado o dano moral pass\u00edvel de condena\u00e7\u00e3o\u201d, explicou.\u00a0<\/p>\n<p>A ministra assinalou que a caracteriza\u00e7\u00e3o do dano moral coletivo dispensa prova do efetivo preju\u00edzo financeiro ou do dano ps\u00edquico decorrente. Isso porque a les\u00e3o decorre da conduta il\u00edcita da empresa \u2013 no caso, o pedido de antecedentes criminais para sele\u00e7\u00e3o e contrata\u00e7\u00e3o de trabalhadores de forma irrestrita.<\/p>\n<p><strong>Valor<\/strong><\/p>\n<p>Quanto ao valor do dano, a ministra ressaltou que a empresa est\u00e1 inserida em um grupo com dezenas de milhares de empregados e tem receita anual de bilh\u00f5es de reais, \u201cinforma\u00e7\u00f5es facilmente extra\u00eddas do site da empresa\u201d. Dados que, segundo ela, demonstram ser razo\u00e1vel e proporcional o valor aplicado a t\u00edtulo de condena\u00e7\u00e3o por danos morais coletivos no valor de R$ 100 mil. (A quantia ser\u00e1 revertida ao Fundo de Amparo ao Trabalhador \u2013 FAT).<\/p>\n<p>Por unanimidade, a Oitava Turma acompanhou o voto da relatora. No entanto, foram apresentados embargos de declara\u00e7\u00e3o ainda n\u00e3o julgados pelo colegiado.\u00a0<\/p>\n<p>(RR\/GS)<br \/>\n\u00a0<br \/>\nProcesso: \u00a0<a href=\"https:\/\/consultaprocessual.tst.jus.br\/consultaProcessual\/consultaTstNumUnica.do?consulta=Consultar&amp;conscsjt=&amp;numeroTst=17302&amp;digitoTst=16&amp;anoTst=2013&amp;orgaoTst=5&amp;tribunalTst=16&amp;varaTst=0002&amp;submit=Consultar\" target=\"_blank\" rel=\"noopener\">TST-RR-17302-16.2013.5.16.0002<\/a><\/p>\n<p>O TST possui oito Turmas, cada uma composta por tr\u00eas ministros, com a atribui\u00e7\u00e3o de analisar recursos de revista, agravos, agravos de instrumento, agravos regimentais e recursos ordin\u00e1rios em a\u00e7\u00e3o cautelar. Das decis\u00f5es das Turmas, a parte ainda pode, em alguns casos, recorrer \u00e0 Subse\u00e7\u00e3o I Especializada em Diss\u00eddios Individuais (SBDI-1).<\/p>\n<p>Esta mat\u00e9ria tem car\u00e1ter informativo.<br \/>\nPermitida a reprodu\u00e7\u00e3o mediante cita\u00e7\u00e3o da fonte.<br \/>\nSecretaria de Comunica\u00e7\u00e3o Social<br \/>\nTribunal Superior do Trabalho<br \/>\nTel. (61) 3043-4907<br \/>\nsecom@tst.jus.br<\/p>\n<\/div><\/div>\n<\/div>\n","protected":false},"excerpt":{"rendered":"<p>A necessidade deveria estar limitada a cargos espec\u00edficos no supermercado. Imagem de m\u00e3o feminina segurando pasta com pap\u00e9is 21\/7\/2022 &#8211; A Oitava Turma do Tribunal Superior do Trabalho condenou a Mateus Supermercados S.A., de S\u00e3o Lu\u00eds (MA), a pagar R$ 100 mil de indeniza\u00e7\u00e3o por danos morais coletivos pela exig\u00eancia de antecedentes criminais para sele\u00e7\u00e3o [&hellip;]<\/p>\n","protected":false},"author":0,"featured_media":11657,"comment_status":"open","ping_status":"","sticky":false,"template":"","format":"standard","meta":{"footnotes":""},"categories":[5],"tags":[],"class_list":["post-11656","post","type-post","status-publish","format-standard","has-post-thumbnail","hentry","category-noticias-educacao-financeira"],"blocksy_meta":{"styles_descriptor":{"styles":{"desktop":"","tablet":"","mobile":""},"google_fonts":[],"version":6}},"yoast_head":"<!-- This site is optimized with the Yoast SEO plugin v27.4 - https:\/\/yoast.com\/product\/yoast-seo-wordpress\/ -->\n<title>Exig\u00eancia gen\u00e9rica de certid\u00e3o de antecedentes criminais por supermercado foi il\u00edcita - Contabilidade Caxias<\/title>\n<meta name=\"robots\" content=\"index, follow, max-snippet:-1, max-image-preview:large, max-video-preview:-1\" \/>\n<link rel=\"canonical\" href=\"https:\/\/contabilidadecaxias.com.br\/index.php\/2022\/07\/15\/exigencia-generica-de-certidao-de-antecedentes-criminais-por-supermercado-foi-ilicita\/\" \/>\n<meta property=\"og:locale\" content=\"pt_BR\" \/>\n<meta property=\"og:type\" content=\"article\" \/>\n<meta property=\"og:title\" content=\"Exig\u00eancia gen\u00e9rica de certid\u00e3o de antecedentes criminais por supermercado foi il\u00edcita - Contabilidade Caxias\" \/>\n<meta property=\"og:description\" content=\"A necessidade deveria estar limitada a cargos espec\u00edficos no supermercado. Imagem de m\u00e3o feminina segurando pasta com pap\u00e9is 21\/7\/2022 &#8211; A Oitava Turma do Tribunal Superior do Trabalho condenou a Mateus Supermercados S.A., de S\u00e3o Lu\u00eds (MA), a pagar R$ 100 mil de indeniza\u00e7\u00e3o por danos morais coletivos pela exig\u00eancia de antecedentes criminais para sele\u00e7\u00e3o [&hellip;]\" \/>\n<meta property=\"og:url\" content=\"https:\/\/contabilidadecaxias.com.br\/index.php\/2022\/07\/15\/exigencia-generica-de-certidao-de-antecedentes-criminais-por-supermercado-foi-ilicita\/\" \/>\n<meta property=\"og:site_name\" content=\"Contabilidade Caxias\" \/>\n<meta property=\"article:published_time\" content=\"2022-07-15T20:13:24+00:00\" \/>\n<meta name=\"twitter:card\" content=\"summary_large_image\" \/>\n<meta name=\"twitter:label1\" content=\"Est. tempo de leitura\" \/>\n\t<meta name=\"twitter:data1\" content=\"4 minutos\" \/>\n<script type=\"application\/ld+json\" class=\"yoast-schema-graph\">{\"@context\":\"https:\\\/\\\/schema.org\",\"@graph\":[{\"@type\":\"Article\",\"@id\":\"https:\\\/\\\/contabilidadecaxias.com.br\\\/index.php\\\/2022\\\/07\\\/15\\\/exigencia-generica-de-certidao-de-antecedentes-criminais-por-supermercado-foi-ilicita\\\/#article\",\"isPartOf\":{\"@id\":\"https:\\\/\\\/contabilidadecaxias.com.br\\\/index.php\\\/2022\\\/07\\\/15\\\/exigencia-generica-de-certidao-de-antecedentes-criminais-por-supermercado-foi-ilicita\\\/\"},\"author\":{\"name\":\"\",\"@id\":\"\"},\"headline\":\"Exig\u00eancia gen\u00e9rica de certid\u00e3o de antecedentes criminais por supermercado foi il\u00edcita\",\"datePublished\":\"2022-07-15T20:13:24+00:00\",\"mainEntityOfPage\":{\"@id\":\"https:\\\/\\\/contabilidadecaxias.com.br\\\/index.php\\\/2022\\\/07\\\/15\\\/exigencia-generica-de-certidao-de-antecedentes-criminais-por-supermercado-foi-ilicita\\\/\"},\"wordCount\":744,\"commentCount\":0,\"image\":{\"@id\":\"https:\\\/\\\/contabilidadecaxias.com.br\\\/index.php\\\/2022\\\/07\\\/15\\\/exigencia-generica-de-certidao-de-antecedentes-criminais-por-supermercado-foi-ilicita\\\/#primaryimage\"},\"thumbnailUrl\":\"https:\\\/\\\/contabilidadecaxias.com.br\\\/wp-content\\\/uploads\\\/2022\\\/07\\\/6f6e1364-ac3e-b64b-dfde-af4bdb19eb1d-0djDCA.jpeg\",\"articleSection\":[\"Educa\u00e7\u00e3o Financeira\"],\"inLanguage\":\"pt-BR\",\"potentialAction\":[{\"@type\":\"CommentAction\",\"name\":\"Comment\",\"target\":[\"https:\\\/\\\/contabilidadecaxias.com.br\\\/index.php\\\/2022\\\/07\\\/15\\\/exigencia-generica-de-certidao-de-antecedentes-criminais-por-supermercado-foi-ilicita\\\/#respond\"]}]},{\"@type\":\"WebPage\",\"@id\":\"https:\\\/\\\/contabilidadecaxias.com.br\\\/index.php\\\/2022\\\/07\\\/15\\\/exigencia-generica-de-certidao-de-antecedentes-criminais-por-supermercado-foi-ilicita\\\/\",\"url\":\"https:\\\/\\\/contabilidadecaxias.com.br\\\/index.php\\\/2022\\\/07\\\/15\\\/exigencia-generica-de-certidao-de-antecedentes-criminais-por-supermercado-foi-ilicita\\\/\",\"name\":\"Exig\u00eancia gen\u00e9rica de certid\u00e3o de antecedentes criminais por supermercado foi il\u00edcita - Contabilidade Caxias\",\"isPartOf\":{\"@id\":\"https:\\\/\\\/contabilidadecaxias.com.br\\\/#website\"},\"primaryImageOfPage\":{\"@id\":\"https:\\\/\\\/contabilidadecaxias.com.br\\\/index.php\\\/2022\\\/07\\\/15\\\/exigencia-generica-de-certidao-de-antecedentes-criminais-por-supermercado-foi-ilicita\\\/#primaryimage\"},\"image\":{\"@id\":\"https:\\\/\\\/contabilidadecaxias.com.br\\\/index.php\\\/2022\\\/07\\\/15\\\/exigencia-generica-de-certidao-de-antecedentes-criminais-por-supermercado-foi-ilicita\\\/#primaryimage\"},\"thumbnailUrl\":\"https:\\\/\\\/contabilidadecaxias.com.br\\\/wp-content\\\/uploads\\\/2022\\\/07\\\/6f6e1364-ac3e-b64b-dfde-af4bdb19eb1d-0djDCA.jpeg\",\"datePublished\":\"2022-07-15T20:13:24+00:00\",\"author\":{\"@id\":\"\"},\"breadcrumb\":{\"@id\":\"https:\\\/\\\/contabilidadecaxias.com.br\\\/index.php\\\/2022\\\/07\\\/15\\\/exigencia-generica-de-certidao-de-antecedentes-criminais-por-supermercado-foi-ilicita\\\/#breadcrumb\"},\"inLanguage\":\"pt-BR\",\"potentialAction\":[{\"@type\":\"ReadAction\",\"target\":[\"https:\\\/\\\/contabilidadecaxias.com.br\\\/index.php\\\/2022\\\/07\\\/15\\\/exigencia-generica-de-certidao-de-antecedentes-criminais-por-supermercado-foi-ilicita\\\/\"]}]},{\"@type\":\"ImageObject\",\"inLanguage\":\"pt-BR\",\"@id\":\"https:\\\/\\\/contabilidadecaxias.com.br\\\/index.php\\\/2022\\\/07\\\/15\\\/exigencia-generica-de-certidao-de-antecedentes-criminais-por-supermercado-foi-ilicita\\\/#primaryimage\",\"url\":\"https:\\\/\\\/contabilidadecaxias.com.br\\\/wp-content\\\/uploads\\\/2022\\\/07\\\/6f6e1364-ac3e-b64b-dfde-af4bdb19eb1d-0djDCA.jpeg\",\"contentUrl\":\"https:\\\/\\\/contabilidadecaxias.com.br\\\/wp-content\\\/uploads\\\/2022\\\/07\\\/6f6e1364-ac3e-b64b-dfde-af4bdb19eb1d-0djDCA.jpeg\",\"width\":2095,\"height\":1430},{\"@type\":\"BreadcrumbList\",\"@id\":\"https:\\\/\\\/contabilidadecaxias.com.br\\\/index.php\\\/2022\\\/07\\\/15\\\/exigencia-generica-de-certidao-de-antecedentes-criminais-por-supermercado-foi-ilicita\\\/#breadcrumb\",\"itemListElement\":[{\"@type\":\"ListItem\",\"position\":1,\"name\":\"In\u00edcio\",\"item\":\"https:\\\/\\\/contabilidadecaxias.com.br\\\/\"},{\"@type\":\"ListItem\",\"position\":2,\"name\":\"Exig\u00eancia gen\u00e9rica de certid\u00e3o de antecedentes criminais por supermercado foi il\u00edcita\"}]},{\"@type\":\"WebSite\",\"@id\":\"https:\\\/\\\/contabilidadecaxias.com.br\\\/#website\",\"url\":\"https:\\\/\\\/contabilidadecaxias.com.br\\\/\",\"name\":\"Contabilidade Caxias\",\"description\":\"Site especializado em Contabilidade para Caxias.\",\"potentialAction\":[{\"@type\":\"SearchAction\",\"target\":{\"@type\":\"EntryPoint\",\"urlTemplate\":\"https:\\\/\\\/contabilidadecaxias.com.br\\\/?s={search_term_string}\"},\"query-input\":{\"@type\":\"PropertyValueSpecification\",\"valueRequired\":true,\"valueName\":\"search_term_string\"}}],\"inLanguage\":\"pt-BR\"}]}<\/script>\n<!-- \/ Yoast SEO plugin. -->","yoast_head_json":{"title":"Exig\u00eancia gen\u00e9rica de certid\u00e3o de antecedentes criminais por supermercado foi il\u00edcita - Contabilidade Caxias","robots":{"index":"index","follow":"follow","max-snippet":"max-snippet:-1","max-image-preview":"max-image-preview:large","max-video-preview":"max-video-preview:-1"},"canonical":"https:\/\/contabilidadecaxias.com.br\/index.php\/2022\/07\/15\/exigencia-generica-de-certidao-de-antecedentes-criminais-por-supermercado-foi-ilicita\/","og_locale":"pt_BR","og_type":"article","og_title":"Exig\u00eancia gen\u00e9rica de certid\u00e3o de antecedentes criminais por supermercado foi il\u00edcita - Contabilidade Caxias","og_description":"A necessidade deveria estar limitada a cargos espec\u00edficos no supermercado. Imagem de m\u00e3o feminina segurando pasta com pap\u00e9is 21\/7\/2022 &#8211; A Oitava Turma do Tribunal Superior do Trabalho condenou a Mateus Supermercados S.A., de S\u00e3o Lu\u00eds (MA), a pagar R$ 100 mil de indeniza\u00e7\u00e3o por danos morais coletivos pela exig\u00eancia de antecedentes criminais para sele\u00e7\u00e3o [&hellip;]","og_url":"https:\/\/contabilidadecaxias.com.br\/index.php\/2022\/07\/15\/exigencia-generica-de-certidao-de-antecedentes-criminais-por-supermercado-foi-ilicita\/","og_site_name":"Contabilidade Caxias","article_published_time":"2022-07-15T20:13:24+00:00","twitter_card":"summary_large_image","twitter_misc":{"Est. tempo de leitura":"4 minutos"},"schema":{"@context":"https:\/\/schema.org","@graph":[{"@type":"Article","@id":"https:\/\/contabilidadecaxias.com.br\/index.php\/2022\/07\/15\/exigencia-generica-de-certidao-de-antecedentes-criminais-por-supermercado-foi-ilicita\/#article","isPartOf":{"@id":"https:\/\/contabilidadecaxias.com.br\/index.php\/2022\/07\/15\/exigencia-generica-de-certidao-de-antecedentes-criminais-por-supermercado-foi-ilicita\/"},"author":{"name":"","@id":""},"headline":"Exig\u00eancia gen\u00e9rica de certid\u00e3o de antecedentes criminais por supermercado foi il\u00edcita","datePublished":"2022-07-15T20:13:24+00:00","mainEntityOfPage":{"@id":"https:\/\/contabilidadecaxias.com.br\/index.php\/2022\/07\/15\/exigencia-generica-de-certidao-de-antecedentes-criminais-por-supermercado-foi-ilicita\/"},"wordCount":744,"commentCount":0,"image":{"@id":"https:\/\/contabilidadecaxias.com.br\/index.php\/2022\/07\/15\/exigencia-generica-de-certidao-de-antecedentes-criminais-por-supermercado-foi-ilicita\/#primaryimage"},"thumbnailUrl":"https:\/\/contabilidadecaxias.com.br\/wp-content\/uploads\/2022\/07\/6f6e1364-ac3e-b64b-dfde-af4bdb19eb1d-0djDCA.jpeg","articleSection":["Educa\u00e7\u00e3o Financeira"],"inLanguage":"pt-BR","potentialAction":[{"@type":"CommentAction","name":"Comment","target":["https:\/\/contabilidadecaxias.com.br\/index.php\/2022\/07\/15\/exigencia-generica-de-certidao-de-antecedentes-criminais-por-supermercado-foi-ilicita\/#respond"]}]},{"@type":"WebPage","@id":"https:\/\/contabilidadecaxias.com.br\/index.php\/2022\/07\/15\/exigencia-generica-de-certidao-de-antecedentes-criminais-por-supermercado-foi-ilicita\/","url":"https:\/\/contabilidadecaxias.com.br\/index.php\/2022\/07\/15\/exigencia-generica-de-certidao-de-antecedentes-criminais-por-supermercado-foi-ilicita\/","name":"Exig\u00eancia gen\u00e9rica de certid\u00e3o de antecedentes criminais por supermercado foi il\u00edcita - Contabilidade Caxias","isPartOf":{"@id":"https:\/\/contabilidadecaxias.com.br\/#website"},"primaryImageOfPage":{"@id":"https:\/\/contabilidadecaxias.com.br\/index.php\/2022\/07\/15\/exigencia-generica-de-certidao-de-antecedentes-criminais-por-supermercado-foi-ilicita\/#primaryimage"},"image":{"@id":"https:\/\/contabilidadecaxias.com.br\/index.php\/2022\/07\/15\/exigencia-generica-de-certidao-de-antecedentes-criminais-por-supermercado-foi-ilicita\/#primaryimage"},"thumbnailUrl":"https:\/\/contabilidadecaxias.com.br\/wp-content\/uploads\/2022\/07\/6f6e1364-ac3e-b64b-dfde-af4bdb19eb1d-0djDCA.jpeg","datePublished":"2022-07-15T20:13:24+00:00","author":{"@id":""},"breadcrumb":{"@id":"https:\/\/contabilidadecaxias.com.br\/index.php\/2022\/07\/15\/exigencia-generica-de-certidao-de-antecedentes-criminais-por-supermercado-foi-ilicita\/#breadcrumb"},"inLanguage":"pt-BR","potentialAction":[{"@type":"ReadAction","target":["https:\/\/contabilidadecaxias.com.br\/index.php\/2022\/07\/15\/exigencia-generica-de-certidao-de-antecedentes-criminais-por-supermercado-foi-ilicita\/"]}]},{"@type":"ImageObject","inLanguage":"pt-BR","@id":"https:\/\/contabilidadecaxias.com.br\/index.php\/2022\/07\/15\/exigencia-generica-de-certidao-de-antecedentes-criminais-por-supermercado-foi-ilicita\/#primaryimage","url":"https:\/\/contabilidadecaxias.com.br\/wp-content\/uploads\/2022\/07\/6f6e1364-ac3e-b64b-dfde-af4bdb19eb1d-0djDCA.jpeg","contentUrl":"https:\/\/contabilidadecaxias.com.br\/wp-content\/uploads\/2022\/07\/6f6e1364-ac3e-b64b-dfde-af4bdb19eb1d-0djDCA.jpeg","width":2095,"height":1430},{"@type":"BreadcrumbList","@id":"https:\/\/contabilidadecaxias.com.br\/index.php\/2022\/07\/15\/exigencia-generica-de-certidao-de-antecedentes-criminais-por-supermercado-foi-ilicita\/#breadcrumb","itemListElement":[{"@type":"ListItem","position":1,"name":"In\u00edcio","item":"https:\/\/contabilidadecaxias.com.br\/"},{"@type":"ListItem","position":2,"name":"Exig\u00eancia gen\u00e9rica de certid\u00e3o de antecedentes criminais por supermercado foi il\u00edcita"}]},{"@type":"WebSite","@id":"https:\/\/contabilidadecaxias.com.br\/#website","url":"https:\/\/contabilidadecaxias.com.br\/","name":"Contabilidade Caxias","description":"Site especializado em Contabilidade para Caxias.","potentialAction":[{"@type":"SearchAction","target":{"@type":"EntryPoint","urlTemplate":"https:\/\/contabilidadecaxias.com.br\/?s={search_term_string}"},"query-input":{"@type":"PropertyValueSpecification","valueRequired":true,"valueName":"search_term_string"}}],"inLanguage":"pt-BR"}]}},"_links":{"self":[{"href":"https:\/\/contabilidadecaxias.com.br\/index.php\/wp-json\/wp\/v2\/posts\/11656","targetHints":{"allow":["GET"]}}],"collection":[{"href":"https:\/\/contabilidadecaxias.com.br\/index.php\/wp-json\/wp\/v2\/posts"}],"about":[{"href":"https:\/\/contabilidadecaxias.com.br\/index.php\/wp-json\/wp\/v2\/types\/post"}],"replies":[{"embeddable":true,"href":"https:\/\/contabilidadecaxias.com.br\/index.php\/wp-json\/wp\/v2\/comments?post=11656"}],"version-history":[{"count":0,"href":"https:\/\/contabilidadecaxias.com.br\/index.php\/wp-json\/wp\/v2\/posts\/11656\/revisions"}],"wp:featuredmedia":[{"embeddable":true,"href":"https:\/\/contabilidadecaxias.com.br\/index.php\/wp-json\/wp\/v2\/media\/11657"}],"wp:attachment":[{"href":"https:\/\/contabilidadecaxias.com.br\/index.php\/wp-json\/wp\/v2\/media?parent=11656"}],"wp:term":[{"taxonomy":"category","embeddable":true,"href":"https:\/\/contabilidadecaxias.com.br\/index.php\/wp-json\/wp\/v2\/categories?post=11656"},{"taxonomy":"post_tag","embeddable":true,"href":"https:\/\/contabilidadecaxias.com.br\/index.php\/wp-json\/wp\/v2\/tags?post=11656"}],"curies":[{"name":"wp","href":"https:\/\/api.w.org\/{rel}","templated":true}]}}