{"id":11647,"date":"2022-07-15T16:07:10","date_gmt":"2022-07-15T19:07:10","guid":{"rendered":"https:\/\/contabilidadecaxias.com.br\/index.php\/2022\/07\/15\/empregado-publico-de-75-anos-aposentado-compulsoriamente-nao-e-reintegrado-ao-trabalho\/"},"modified":"2022-07-15T16:07:10","modified_gmt":"2022-07-15T19:07:10","slug":"empregado-publico-de-75-anos-aposentado-compulsoriamente-nao-e-reintegrado-ao-trabalho","status":"publish","type":"post","link":"https:\/\/contabilidadecaxias.com.br\/index.php\/2022\/07\/15\/empregado-publico-de-75-anos-aposentado-compulsoriamente-nao-e-reintegrado-ao-trabalho\/","title":{"rendered":"Empregado p\u00fablico de 75 anos aposentado compulsoriamente n\u00e3o \u00e9 reintegrado ao trabalho"},"content":{"rendered":"<div class=\"noticia-wrapper\">\n<p><em><\/p>\n<p>Apesar de ter se aposentado em 2007, ele continuou no servi\u00e7o, o que atraiu a incid\u00eancia da reforma da previd\u00eancia de 2019.<\/p>\n<p><\/em><\/p>\n<div class=\"social-media-share mobile\">\n        <a class=\"share-facebook\" href=\"https:\/\/www.facebook.com\/sharer.php?u=https:\/\/www.tst.jus.br\/-\/empregado-p%C3%BAblico-de-75-anos-aposentado-compulsoriamente-n%C3%A3o-%C3%A9-reintegrado-ao-trabalho\" target=\"_blank\" rel=\"noopener\"><\/a><br \/>\n        <a class=\"share-twitter\" href=\"https:\/\/twitter.com\/intent\/tweet?text=Empregado%20p%C3%BAblico%20de%2075%20anos%20aposentado%20compulsoriamente%20n%C3%A3o%20%C3%A9%20reintegrado%20ao%20trabalho%0AVeja%20mais%20em:&amp;url=https:\/\/www.tst.jus.br\/-\/empregado-p%C3%BAblico-de-75-anos-aposentado-compulsoriamente-n%C3%A3o-%C3%A9-reintegrado-ao-trabalho\" target=\"_blank\" rel=\"noopener\"><\/a><br \/>\n        <a class=\"share-linkedin\" href=\"https:\/\/www.linkedin.com\/shareArticle?mini=true&amp;url=https:\/\/www.tst.jus.br\/-\/empregado-p%C3%BAblico-de-75-anos-aposentado-compulsoriamente-n%C3%A3o-%C3%A9-reintegrado-ao-trabalho&amp;title=Empregado%20p%C3%BAblico%20de%2075%20anos%20aposentado%20compulsoriamente%20n%C3%A3o%20%C3%A9%20reintegrado%20ao%20trabalho\" target=\"_blank\" rel=\"noopener\"><\/a><br \/>\n        <a class=\"share-whatsapp\" href=\"https:\/\/web.whatsapp.com\/send?text=https:\/\/www.tst.jus.br\/-\/empregado-p%C3%BAblico-de-75-anos-aposentado-compulsoriamente-n%C3%A3o-%C3%A9-reintegrado-ao-trabalho\" target=\"_blank\" rel=\"noopener\"><\/a><br \/>\n        <a class=\"share-googleplus\" href=\"https:\/\/plus.google.com\/share?url=https:\/\/www.tst.jus.br\/-\/empregado-p%C3%BAblico-de-75-anos-aposentado-compulsoriamente-n%C3%A3o-%C3%A9-reintegrado-ao-trabalho\" target=\"_blank\" rel=\"noopener\"><\/a>\n    <\/div>\n<div class=\"news-body\">\n<div class=\"imagem-da-noticia\">\n<p>Foto do ministro Amaury Rodrigues em sess\u00e3o de julgamento<\/p>\n<div class=\"social-media-share\">\n                    <a class=\"share-facebook\" href=\"https:\/\/www.facebook.com\/sharer.php?u=https:\/\/www.tst.jus.br\/-\/empregado-p%C3%BAblico-de-75-anos-aposentado-compulsoriamente-n%C3%A3o-%C3%A9-reintegrado-ao-trabalho\" target=\"_blank\" rel=\"noopener\"><\/a><br \/>\n                    <a class=\"share-twitter\" href=\"https:\/\/twitter.com\/intent\/tweet?text=Empregado%20p%C3%BAblico%20de%2075%20anos%20aposentado%20compulsoriamente%20n%C3%A3o%20%C3%A9%20reintegrado%20ao%20trabalho%0AVeja%20mais%20em:&amp;url=https:\/\/www.tst.jus.br\/-\/empregado-p%C3%BAblico-de-75-anos-aposentado-compulsoriamente-n%C3%A3o-%C3%A9-reintegrado-ao-trabalho\" target=\"_blank\" rel=\"noopener\"><\/a><br \/>\n                    <a class=\"share-linkedin\" href=\"https:\/\/www.linkedin.com\/shareArticle?mini=true&amp;url=https:\/\/www.tst.jus.br\/-\/empregado-p%C3%BAblico-de-75-anos-aposentado-compulsoriamente-n%C3%A3o-%C3%A9-reintegrado-ao-trabalho&amp;title=Empregado%20p%C3%BAblico%20de%2075%20anos%20aposentado%20compulsoriamente%20n%C3%A3o%20%C3%A9%20reintegrado%20ao%20trabalho\" target=\"_blank\" rel=\"noopener\"><\/a><br \/>\n                    <a class=\"share-whatsapp\" href=\"https:\/\/web.whatsapp.com\/send?text=https:\/\/www.tst.jus.br\/-\/empregado-p%C3%BAblico-de-75-anos-aposentado-compulsoriamente-n%C3%A3o-%C3%A9-reintegrado-ao-trabalho\" target=\"_blank\" rel=\"noopener\"><\/a><br \/>\n                    <a class=\"share-googleplus\" href=\"https:\/\/plus.google.com\/share?url=https:\/\/www.tst.jus.br\/-\/empregado-p%C3%BAblico-de-75-anos-aposentado-compulsoriamente-n%C3%A3o-%C3%A9-reintegrado-ao-trabalho\" target=\"_blank\" rel=\"noopener\"><\/a>\n                <\/div>\n<\/p><\/div>\n<div class=\"materia\">\n<p>18\/7\/2022 &#8211; A Primeira Turma do Tribunal Superior do Trabalho acolheu recurso da Companhia Nacional de Abastecimento \u2013 Conab, em Recife (PE), para manter a validade da dispensa compuls\u00f3ria de um empregado. Com 75 anos, ele &#8211; que se aposentou em 2007 pelo Regime Geral da Previd\u00eancia, mas continuou na Conab &#8211; defendia que n\u00e3o poderia ser atingido pela Reforma da Previd\u00eancia (<a href=\"https:\/\/www.planalto.gov.br\/ccivil_03\/constituicao\/emendas\/emc\/emc103.htm\" target=\"_blank\" rel=\"noopener\">EC<\/a> n\u00ba 103\/2019). Todavia, segundo o colegiado, a situa\u00e7\u00e3o n\u00e3o impede a incid\u00eancia da aposentadoria compuls\u00f3ria aos 75 anos.<\/p>\n<p><strong>Celetista<\/strong><\/p>\n<p>Conforme o processo, o empregado se aposentou em 2007 pelo Regime Geral de Previd\u00eancia Social, mas manteve o contrato de trabalho ativo at\u00e9 04\/11\/2020, quando foi extinto pela empresa em raz\u00e3o de aposentadoria compuls\u00f3ria por idade. Diante da dispensa, ele pediu, em ju\u00edzo, a nulidade da demiss\u00e3o e sua reintegra\u00e7\u00e3o ao emprego, com pagamento dos sal\u00e1rios em rela\u00e7\u00e3o ao per\u00edodo de afastamento. Para o trabalhador, a nova norma n\u00e3o poderia retroagir sobre sua aposentadoria ocorrida em 2007.\u00a0<\/p>\n<p><strong>Reintegra\u00e7\u00e3o<\/strong><\/p>\n<p>A Vara do Trabalho e o Tribunal Regional do Trabalho da 6\u00aa Regi\u00e3o (PE) entenderam pela reintegra\u00e7\u00e3o. Segundo o TRT, como empregado p\u00fablico celetista, a regra constitucional da aposentadoria compuls\u00f3ria n\u00e3o estaria aplicada ao trabalhador, uma vez que \u201cse destina a servidores p\u00fablicos titulares de cargos efetivos em sentido estrito (que n\u00e3o engloba os empregados celetistas)\u201d. O TRT observou que ele era aposentado pelo RGPS por tempo de contribui\u00e7\u00e3o desde 2007 e, dessa forma, n\u00e3o poderia ser alcan\u00e7ado pela reforma da previd\u00eancia.<\/p>\n<p>\u201cSomente \u00e0queles funcion\u00e1rios que cumprirem os requisitos para aposentadoria ap\u00f3s a promulga\u00e7\u00e3o da EC 103\/19, com a utiliza\u00e7\u00e3o de parcela das contribui\u00e7\u00f5es vertidas no exerc\u00edcio de algum of\u00edcio p\u00fablico, poder\u00e3o ter seus v\u00ednculos com o referido \u00f3rg\u00e3o rompidos automaticamente.\u201d<\/p>\n<p><strong>Diverg\u00eancia<\/strong><\/p>\n<p>J\u00e1 para o ministro Amaury Rodrigues, relator do recurso de revista da Conab, n\u00e3o houve qualquer ilegalidade ou discrimina\u00e7\u00e3o no ato praticado pela companhia. Segundo ele, a extin\u00e7\u00e3o do contrato de trabalho do empregado \u00e9 poss\u00edvel em raz\u00e3o de aposentadoria compuls\u00f3ria prevista no artigo 201, par\u00e1grafo 16, da Constitui\u00e7\u00e3o Federal. \u00a0\u201cTrata-se de empregado de empresa p\u00fablica federal e que teve seu contrato de trabalho extinto devido \u00e0 aposentadoria compuls\u00f3ria, quando j\u00e1 tinha idade superior a 75 anos e em data posterior \u00e0 vig\u00eancia da EC n\u00ba 103\/2019.\u201d<\/p>\n<p>Segundo o relator, a jurisprud\u00eancia do TST, interpretando o artigo 40, par\u00e1grafo 1\u00ba, inciso II, da <a href=\"https:\/\/www.planalto.gov.br\/ccivil_03\/constituicao\/constituicao.htm\" target=\"_blank\" rel=\"noopener\">Constitui\u00e7\u00e3o Federal<\/a>, firmou-se no sentido de que deve ser admitida a aplica\u00e7\u00e3o da aposentadoria compuls\u00f3ria ao empregado p\u00fablico. Acrescentou ainda que o fato de o empregado j\u00e1 estar aposentado em 2007 e ter permanecido com o contrato de trabalho ativo n\u00e3o impede a incid\u00eancia da aposentadoria compuls\u00f3ria.<\/p>\n<p>(RR\/CF)<\/p>\n<p>Processo: <a href=\"https:\/\/consultaprocessual.tst.jus.br\/consultaProcessual\/decisaoForm.do?numInt=91616&amp;anoInt=2022&amp;codOrgaoJudic=69&amp;anoPauta=2022&amp;numPauta=19&amp;tipSessao=O\" target=\"_blank\" rel=\"noopener\">TST-RR-220-61.2021.5.06.0004<\/a><br \/>\n\u00a0<br \/>\nO TST possui oito Turmas, cada uma composta por tr\u00eas ministros, com a atribui\u00e7\u00e3o de analisar recursos de revista, agravos, agravos de instrumento, agravos regimentais e recursos ordin\u00e1rios em a\u00e7\u00e3o cautelar. Das decis\u00f5es das Turmas, a parte ainda pode, em alguns casos, recorrer \u00e0 Subse\u00e7\u00e3o I Especializada em Diss\u00eddios Individuais (SBDI-1).<\/p>\n<p>Esta mat\u00e9ria tem car\u00e1ter informativo.<br \/>\nPermitida a reprodu\u00e7\u00e3o mediante cita\u00e7\u00e3o da fonte.<br \/>\nSecretaria de Comunica\u00e7\u00e3o Social<br \/>\nTribunal Superior do Trabalho<br \/>\nTel. (61) 3043-4907<br \/>\nsecom@tst.jus.br<\/p>\n<\/div><\/div>\n<\/div>\n","protected":false},"excerpt":{"rendered":"<p>Apesar de ter se aposentado em 2007, ele continuou no servi\u00e7o, o que atraiu a incid\u00eancia da reforma da previd\u00eancia de 2019. Foto do ministro Amaury Rodrigues em sess\u00e3o de julgamento 18\/7\/2022 &#8211; A Primeira Turma do Tribunal Superior do Trabalho acolheu recurso da Companhia Nacional de Abastecimento \u2013 Conab, em Recife (PE), para manter [&hellip;]<\/p>\n","protected":false},"author":0,"featured_media":11648,"comment_status":"open","ping_status":"","sticky":false,"template":"","format":"standard","meta":{"footnotes":""},"categories":[5],"tags":[],"class_list":["post-11647","post","type-post","status-publish","format-standard","has-post-thumbnail","hentry","category-noticias-educacao-financeira"],"blocksy_meta":{"styles_descriptor":{"styles":{"desktop":"","tablet":"","mobile":""},"google_fonts":[],"version":6}},"yoast_head":"<!-- This site is optimized with the Yoast SEO plugin v27.4 - https:\/\/yoast.com\/product\/yoast-seo-wordpress\/ -->\n<title>Empregado p\u00fablico de 75 anos aposentado compulsoriamente n\u00e3o \u00e9 reintegrado ao trabalho - Contabilidade Caxias<\/title>\n<meta name=\"robots\" content=\"index, follow, max-snippet:-1, max-image-preview:large, max-video-preview:-1\" \/>\n<link rel=\"canonical\" href=\"https:\/\/contabilidadecaxias.com.br\/index.php\/2022\/07\/15\/empregado-publico-de-75-anos-aposentado-compulsoriamente-nao-e-reintegrado-ao-trabalho\/\" \/>\n<meta property=\"og:locale\" content=\"pt_BR\" \/>\n<meta property=\"og:type\" content=\"article\" \/>\n<meta property=\"og:title\" content=\"Empregado p\u00fablico de 75 anos aposentado compulsoriamente n\u00e3o \u00e9 reintegrado ao trabalho - Contabilidade Caxias\" \/>\n<meta property=\"og:description\" content=\"Apesar de ter se aposentado em 2007, ele continuou no servi\u00e7o, o que atraiu a incid\u00eancia da reforma da previd\u00eancia de 2019. Foto do ministro Amaury Rodrigues em sess\u00e3o de julgamento 18\/7\/2022 &#8211; A Primeira Turma do Tribunal Superior do Trabalho acolheu recurso da Companhia Nacional de Abastecimento \u2013 Conab, em Recife (PE), para manter [&hellip;]\" \/>\n<meta property=\"og:url\" content=\"https:\/\/contabilidadecaxias.com.br\/index.php\/2022\/07\/15\/empregado-publico-de-75-anos-aposentado-compulsoriamente-nao-e-reintegrado-ao-trabalho\/\" \/>\n<meta property=\"og:site_name\" content=\"Contabilidade Caxias\" \/>\n<meta property=\"article:published_time\" content=\"2022-07-15T19:07:10+00:00\" \/>\n<meta name=\"twitter:card\" content=\"summary_large_image\" \/>\n<meta name=\"twitter:label1\" content=\"Est. tempo de leitura\" \/>\n\t<meta name=\"twitter:data1\" content=\"3 minutos\" \/>\n<script type=\"application\/ld+json\" class=\"yoast-schema-graph\">{\"@context\":\"https:\\\/\\\/schema.org\",\"@graph\":[{\"@type\":\"Article\",\"@id\":\"https:\\\/\\\/contabilidadecaxias.com.br\\\/index.php\\\/2022\\\/07\\\/15\\\/empregado-publico-de-75-anos-aposentado-compulsoriamente-nao-e-reintegrado-ao-trabalho\\\/#article\",\"isPartOf\":{\"@id\":\"https:\\\/\\\/contabilidadecaxias.com.br\\\/index.php\\\/2022\\\/07\\\/15\\\/empregado-publico-de-75-anos-aposentado-compulsoriamente-nao-e-reintegrado-ao-trabalho\\\/\"},\"author\":{\"name\":\"\",\"@id\":\"\"},\"headline\":\"Empregado p\u00fablico de 75 anos aposentado compulsoriamente n\u00e3o \u00e9 reintegrado ao trabalho\",\"datePublished\":\"2022-07-15T19:07:10+00:00\",\"mainEntityOfPage\":{\"@id\":\"https:\\\/\\\/contabilidadecaxias.com.br\\\/index.php\\\/2022\\\/07\\\/15\\\/empregado-publico-de-75-anos-aposentado-compulsoriamente-nao-e-reintegrado-ao-trabalho\\\/\"},\"wordCount\":610,\"commentCount\":0,\"image\":{\"@id\":\"https:\\\/\\\/contabilidadecaxias.com.br\\\/index.php\\\/2022\\\/07\\\/15\\\/empregado-publico-de-75-anos-aposentado-compulsoriamente-nao-e-reintegrado-ao-trabalho\\\/#primaryimage\"},\"thumbnailUrl\":\"https:\\\/\\\/contabilidadecaxias.com.br\\\/wp-content\\\/uploads\\\/2022\\\/07\\\/8cf0839d-2f65-7d5d-0983-dc10d702670a-QYi5e6-scaled.jpeg\",\"articleSection\":[\"Educa\u00e7\u00e3o Financeira\"],\"inLanguage\":\"pt-BR\",\"potentialAction\":[{\"@type\":\"CommentAction\",\"name\":\"Comment\",\"target\":[\"https:\\\/\\\/contabilidadecaxias.com.br\\\/index.php\\\/2022\\\/07\\\/15\\\/empregado-publico-de-75-anos-aposentado-compulsoriamente-nao-e-reintegrado-ao-trabalho\\\/#respond\"]}]},{\"@type\":\"WebPage\",\"@id\":\"https:\\\/\\\/contabilidadecaxias.com.br\\\/index.php\\\/2022\\\/07\\\/15\\\/empregado-publico-de-75-anos-aposentado-compulsoriamente-nao-e-reintegrado-ao-trabalho\\\/\",\"url\":\"https:\\\/\\\/contabilidadecaxias.com.br\\\/index.php\\\/2022\\\/07\\\/15\\\/empregado-publico-de-75-anos-aposentado-compulsoriamente-nao-e-reintegrado-ao-trabalho\\\/\",\"name\":\"Empregado p\u00fablico de 75 anos aposentado compulsoriamente n\u00e3o \u00e9 reintegrado ao trabalho - Contabilidade Caxias\",\"isPartOf\":{\"@id\":\"https:\\\/\\\/contabilidadecaxias.com.br\\\/#website\"},\"primaryImageOfPage\":{\"@id\":\"https:\\\/\\\/contabilidadecaxias.com.br\\\/index.php\\\/2022\\\/07\\\/15\\\/empregado-publico-de-75-anos-aposentado-compulsoriamente-nao-e-reintegrado-ao-trabalho\\\/#primaryimage\"},\"image\":{\"@id\":\"https:\\\/\\\/contabilidadecaxias.com.br\\\/index.php\\\/2022\\\/07\\\/15\\\/empregado-publico-de-75-anos-aposentado-compulsoriamente-nao-e-reintegrado-ao-trabalho\\\/#primaryimage\"},\"thumbnailUrl\":\"https:\\\/\\\/contabilidadecaxias.com.br\\\/wp-content\\\/uploads\\\/2022\\\/07\\\/8cf0839d-2f65-7d5d-0983-dc10d702670a-QYi5e6-scaled.jpeg\",\"datePublished\":\"2022-07-15T19:07:10+00:00\",\"author\":{\"@id\":\"\"},\"breadcrumb\":{\"@id\":\"https:\\\/\\\/contabilidadecaxias.com.br\\\/index.php\\\/2022\\\/07\\\/15\\\/empregado-publico-de-75-anos-aposentado-compulsoriamente-nao-e-reintegrado-ao-trabalho\\\/#breadcrumb\"},\"inLanguage\":\"pt-BR\",\"potentialAction\":[{\"@type\":\"ReadAction\",\"target\":[\"https:\\\/\\\/contabilidadecaxias.com.br\\\/index.php\\\/2022\\\/07\\\/15\\\/empregado-publico-de-75-anos-aposentado-compulsoriamente-nao-e-reintegrado-ao-trabalho\\\/\"]}]},{\"@type\":\"ImageObject\",\"inLanguage\":\"pt-BR\",\"@id\":\"https:\\\/\\\/contabilidadecaxias.com.br\\\/index.php\\\/2022\\\/07\\\/15\\\/empregado-publico-de-75-anos-aposentado-compulsoriamente-nao-e-reintegrado-ao-trabalho\\\/#primaryimage\",\"url\":\"https:\\\/\\\/contabilidadecaxias.com.br\\\/wp-content\\\/uploads\\\/2022\\\/07\\\/8cf0839d-2f65-7d5d-0983-dc10d702670a-QYi5e6-scaled.jpeg\",\"contentUrl\":\"https:\\\/\\\/contabilidadecaxias.com.br\\\/wp-content\\\/uploads\\\/2022\\\/07\\\/8cf0839d-2f65-7d5d-0983-dc10d702670a-QYi5e6-scaled.jpeg\",\"width\":2560,\"height\":1707},{\"@type\":\"BreadcrumbList\",\"@id\":\"https:\\\/\\\/contabilidadecaxias.com.br\\\/index.php\\\/2022\\\/07\\\/15\\\/empregado-publico-de-75-anos-aposentado-compulsoriamente-nao-e-reintegrado-ao-trabalho\\\/#breadcrumb\",\"itemListElement\":[{\"@type\":\"ListItem\",\"position\":1,\"name\":\"In\u00edcio\",\"item\":\"https:\\\/\\\/contabilidadecaxias.com.br\\\/\"},{\"@type\":\"ListItem\",\"position\":2,\"name\":\"Empregado p\u00fablico de 75 anos aposentado compulsoriamente n\u00e3o \u00e9 reintegrado ao trabalho\"}]},{\"@type\":\"WebSite\",\"@id\":\"https:\\\/\\\/contabilidadecaxias.com.br\\\/#website\",\"url\":\"https:\\\/\\\/contabilidadecaxias.com.br\\\/\",\"name\":\"Contabilidade Caxias\",\"description\":\"Site especializado em Contabilidade para Caxias.\",\"potentialAction\":[{\"@type\":\"SearchAction\",\"target\":{\"@type\":\"EntryPoint\",\"urlTemplate\":\"https:\\\/\\\/contabilidadecaxias.com.br\\\/?s={search_term_string}\"},\"query-input\":{\"@type\":\"PropertyValueSpecification\",\"valueRequired\":true,\"valueName\":\"search_term_string\"}}],\"inLanguage\":\"pt-BR\"}]}<\/script>\n<!-- \/ Yoast SEO plugin. -->","yoast_head_json":{"title":"Empregado p\u00fablico de 75 anos aposentado compulsoriamente n\u00e3o \u00e9 reintegrado ao trabalho - Contabilidade Caxias","robots":{"index":"index","follow":"follow","max-snippet":"max-snippet:-1","max-image-preview":"max-image-preview:large","max-video-preview":"max-video-preview:-1"},"canonical":"https:\/\/contabilidadecaxias.com.br\/index.php\/2022\/07\/15\/empregado-publico-de-75-anos-aposentado-compulsoriamente-nao-e-reintegrado-ao-trabalho\/","og_locale":"pt_BR","og_type":"article","og_title":"Empregado p\u00fablico de 75 anos aposentado compulsoriamente n\u00e3o \u00e9 reintegrado ao trabalho - Contabilidade Caxias","og_description":"Apesar de ter se aposentado em 2007, ele continuou no servi\u00e7o, o que atraiu a incid\u00eancia da reforma da previd\u00eancia de 2019. Foto do ministro Amaury Rodrigues em sess\u00e3o de julgamento 18\/7\/2022 &#8211; A Primeira Turma do Tribunal Superior do Trabalho acolheu recurso da Companhia Nacional de Abastecimento \u2013 Conab, em Recife (PE), para manter [&hellip;]","og_url":"https:\/\/contabilidadecaxias.com.br\/index.php\/2022\/07\/15\/empregado-publico-de-75-anos-aposentado-compulsoriamente-nao-e-reintegrado-ao-trabalho\/","og_site_name":"Contabilidade Caxias","article_published_time":"2022-07-15T19:07:10+00:00","twitter_card":"summary_large_image","twitter_misc":{"Est. tempo de leitura":"3 minutos"},"schema":{"@context":"https:\/\/schema.org","@graph":[{"@type":"Article","@id":"https:\/\/contabilidadecaxias.com.br\/index.php\/2022\/07\/15\/empregado-publico-de-75-anos-aposentado-compulsoriamente-nao-e-reintegrado-ao-trabalho\/#article","isPartOf":{"@id":"https:\/\/contabilidadecaxias.com.br\/index.php\/2022\/07\/15\/empregado-publico-de-75-anos-aposentado-compulsoriamente-nao-e-reintegrado-ao-trabalho\/"},"author":{"name":"","@id":""},"headline":"Empregado p\u00fablico de 75 anos aposentado compulsoriamente n\u00e3o \u00e9 reintegrado ao trabalho","datePublished":"2022-07-15T19:07:10+00:00","mainEntityOfPage":{"@id":"https:\/\/contabilidadecaxias.com.br\/index.php\/2022\/07\/15\/empregado-publico-de-75-anos-aposentado-compulsoriamente-nao-e-reintegrado-ao-trabalho\/"},"wordCount":610,"commentCount":0,"image":{"@id":"https:\/\/contabilidadecaxias.com.br\/index.php\/2022\/07\/15\/empregado-publico-de-75-anos-aposentado-compulsoriamente-nao-e-reintegrado-ao-trabalho\/#primaryimage"},"thumbnailUrl":"https:\/\/contabilidadecaxias.com.br\/wp-content\/uploads\/2022\/07\/8cf0839d-2f65-7d5d-0983-dc10d702670a-QYi5e6-scaled.jpeg","articleSection":["Educa\u00e7\u00e3o Financeira"],"inLanguage":"pt-BR","potentialAction":[{"@type":"CommentAction","name":"Comment","target":["https:\/\/contabilidadecaxias.com.br\/index.php\/2022\/07\/15\/empregado-publico-de-75-anos-aposentado-compulsoriamente-nao-e-reintegrado-ao-trabalho\/#respond"]}]},{"@type":"WebPage","@id":"https:\/\/contabilidadecaxias.com.br\/index.php\/2022\/07\/15\/empregado-publico-de-75-anos-aposentado-compulsoriamente-nao-e-reintegrado-ao-trabalho\/","url":"https:\/\/contabilidadecaxias.com.br\/index.php\/2022\/07\/15\/empregado-publico-de-75-anos-aposentado-compulsoriamente-nao-e-reintegrado-ao-trabalho\/","name":"Empregado p\u00fablico de 75 anos aposentado compulsoriamente n\u00e3o \u00e9 reintegrado ao trabalho - Contabilidade Caxias","isPartOf":{"@id":"https:\/\/contabilidadecaxias.com.br\/#website"},"primaryImageOfPage":{"@id":"https:\/\/contabilidadecaxias.com.br\/index.php\/2022\/07\/15\/empregado-publico-de-75-anos-aposentado-compulsoriamente-nao-e-reintegrado-ao-trabalho\/#primaryimage"},"image":{"@id":"https:\/\/contabilidadecaxias.com.br\/index.php\/2022\/07\/15\/empregado-publico-de-75-anos-aposentado-compulsoriamente-nao-e-reintegrado-ao-trabalho\/#primaryimage"},"thumbnailUrl":"https:\/\/contabilidadecaxias.com.br\/wp-content\/uploads\/2022\/07\/8cf0839d-2f65-7d5d-0983-dc10d702670a-QYi5e6-scaled.jpeg","datePublished":"2022-07-15T19:07:10+00:00","author":{"@id":""},"breadcrumb":{"@id":"https:\/\/contabilidadecaxias.com.br\/index.php\/2022\/07\/15\/empregado-publico-de-75-anos-aposentado-compulsoriamente-nao-e-reintegrado-ao-trabalho\/#breadcrumb"},"inLanguage":"pt-BR","potentialAction":[{"@type":"ReadAction","target":["https:\/\/contabilidadecaxias.com.br\/index.php\/2022\/07\/15\/empregado-publico-de-75-anos-aposentado-compulsoriamente-nao-e-reintegrado-ao-trabalho\/"]}]},{"@type":"ImageObject","inLanguage":"pt-BR","@id":"https:\/\/contabilidadecaxias.com.br\/index.php\/2022\/07\/15\/empregado-publico-de-75-anos-aposentado-compulsoriamente-nao-e-reintegrado-ao-trabalho\/#primaryimage","url":"https:\/\/contabilidadecaxias.com.br\/wp-content\/uploads\/2022\/07\/8cf0839d-2f65-7d5d-0983-dc10d702670a-QYi5e6-scaled.jpeg","contentUrl":"https:\/\/contabilidadecaxias.com.br\/wp-content\/uploads\/2022\/07\/8cf0839d-2f65-7d5d-0983-dc10d702670a-QYi5e6-scaled.jpeg","width":2560,"height":1707},{"@type":"BreadcrumbList","@id":"https:\/\/contabilidadecaxias.com.br\/index.php\/2022\/07\/15\/empregado-publico-de-75-anos-aposentado-compulsoriamente-nao-e-reintegrado-ao-trabalho\/#breadcrumb","itemListElement":[{"@type":"ListItem","position":1,"name":"In\u00edcio","item":"https:\/\/contabilidadecaxias.com.br\/"},{"@type":"ListItem","position":2,"name":"Empregado p\u00fablico de 75 anos aposentado compulsoriamente n\u00e3o \u00e9 reintegrado ao trabalho"}]},{"@type":"WebSite","@id":"https:\/\/contabilidadecaxias.com.br\/#website","url":"https:\/\/contabilidadecaxias.com.br\/","name":"Contabilidade Caxias","description":"Site especializado em Contabilidade para Caxias.","potentialAction":[{"@type":"SearchAction","target":{"@type":"EntryPoint","urlTemplate":"https:\/\/contabilidadecaxias.com.br\/?s={search_term_string}"},"query-input":{"@type":"PropertyValueSpecification","valueRequired":true,"valueName":"search_term_string"}}],"inLanguage":"pt-BR"}]}},"_links":{"self":[{"href":"https:\/\/contabilidadecaxias.com.br\/index.php\/wp-json\/wp\/v2\/posts\/11647","targetHints":{"allow":["GET"]}}],"collection":[{"href":"https:\/\/contabilidadecaxias.com.br\/index.php\/wp-json\/wp\/v2\/posts"}],"about":[{"href":"https:\/\/contabilidadecaxias.com.br\/index.php\/wp-json\/wp\/v2\/types\/post"}],"replies":[{"embeddable":true,"href":"https:\/\/contabilidadecaxias.com.br\/index.php\/wp-json\/wp\/v2\/comments?post=11647"}],"version-history":[{"count":0,"href":"https:\/\/contabilidadecaxias.com.br\/index.php\/wp-json\/wp\/v2\/posts\/11647\/revisions"}],"wp:featuredmedia":[{"embeddable":true,"href":"https:\/\/contabilidadecaxias.com.br\/index.php\/wp-json\/wp\/v2\/media\/11648"}],"wp:attachment":[{"href":"https:\/\/contabilidadecaxias.com.br\/index.php\/wp-json\/wp\/v2\/media?parent=11647"}],"wp:term":[{"taxonomy":"category","embeddable":true,"href":"https:\/\/contabilidadecaxias.com.br\/index.php\/wp-json\/wp\/v2\/categories?post=11647"},{"taxonomy":"post_tag","embeddable":true,"href":"https:\/\/contabilidadecaxias.com.br\/index.php\/wp-json\/wp\/v2\/tags?post=11647"}],"curies":[{"name":"wp","href":"https:\/\/api.w.org\/{rel}","templated":true}]}}