{"id":11642,"date":"2022-07-15T15:10:59","date_gmt":"2022-07-15T18:10:59","guid":{"rendered":"https:\/\/contabilidadecaxias.com.br\/index.php\/2022\/07\/15\/trabalhador-com-hepatite-c-sera-reintegrado-ao-emprego-por-causa-de-dispensa-discriminatoria\/"},"modified":"2022-07-15T15:10:59","modified_gmt":"2022-07-15T18:10:59","slug":"trabalhador-com-hepatite-c-sera-reintegrado-ao-emprego-por-causa-de-dispensa-discriminatoria","status":"publish","type":"post","link":"https:\/\/contabilidadecaxias.com.br\/index.php\/2022\/07\/15\/trabalhador-com-hepatite-c-sera-reintegrado-ao-emprego-por-causa-de-dispensa-discriminatoria\/","title":{"rendered":"Trabalhador com hepatite C ser\u00e1 reintegrado ao emprego por causa de dispensa discriminat\u00f3ria"},"content":{"rendered":"<div class=\"noticia-wrapper\">\n<p><em><\/p>\n<p>A empresa n\u00e3o comprovou outra motiva\u00e7\u00e3o para dispensar o empregado.<\/p>\n<p><\/em><\/p>\n<div class=\"social-media-share mobile\">\n        <a class=\"share-facebook\" href=\"https:\/\/www.facebook.com\/sharer.php?u=https:\/\/www.tst.jus.br\/-\/trabalhador-com-hepatite-c-ser%C3%A1-reintegrado-ao-emprego-por-causa-de-dispensa-discriminat%C3%B3ria\" target=\"_blank\" rel=\"noopener\"><\/a><br \/>\n        <a class=\"share-twitter\" href=\"https:\/\/twitter.com\/intent\/tweet?text=Trabalhador%20com%20hepatite%20C%20ser%C3%A1%20reintegrado%20ao%20emprego%20por%20causa%20de%20dispensa%20discriminat%C3%B3ria%0AVeja%20mais%20em:&amp;url=https:\/\/www.tst.jus.br\/-\/trabalhador-com-hepatite-c-ser%C3%A1-reintegrado-ao-emprego-por-causa-de-dispensa-discriminat%C3%B3ria\" target=\"_blank\" rel=\"noopener\"><\/a><br \/>\n        <a class=\"share-linkedin\" href=\"https:\/\/www.linkedin.com\/shareArticle?mini=true&amp;url=https:\/\/www.tst.jus.br\/-\/trabalhador-com-hepatite-c-ser%C3%A1-reintegrado-ao-emprego-por-causa-de-dispensa-discriminat%C3%B3ria&amp;title=Trabalhador%20com%20hepatite%20C%20ser%C3%A1%20reintegrado%20ao%20emprego%20por%20causa%20de%20dispensa%20discriminat%C3%B3ria\" target=\"_blank\" rel=\"noopener\"><\/a><br \/>\n        <a class=\"share-whatsapp\" href=\"https:\/\/web.whatsapp.com\/send?text=https:\/\/www.tst.jus.br\/-\/trabalhador-com-hepatite-c-ser%C3%A1-reintegrado-ao-emprego-por-causa-de-dispensa-discriminat%C3%B3ria\" target=\"_blank\" rel=\"noopener\"><\/a><br \/>\n        <a class=\"share-googleplus\" href=\"https:\/\/plus.google.com\/share?url=https:\/\/www.tst.jus.br\/-\/trabalhador-com-hepatite-c-ser%C3%A1-reintegrado-ao-emprego-por-causa-de-dispensa-discriminat%C3%B3ria\" target=\"_blank\" rel=\"noopener\"><\/a>\n    <\/div>\n<div class=\"news-body\">\n<div class=\"imagem-da-noticia\">\n<p>Imagem de trabalhador isolado dos demais colegas<\/p>\n<div class=\"social-media-share\">\n                    <a class=\"share-facebook\" href=\"https:\/\/www.facebook.com\/sharer.php?u=https:\/\/www.tst.jus.br\/-\/trabalhador-com-hepatite-c-ser%C3%A1-reintegrado-ao-emprego-por-causa-de-dispensa-discriminat%C3%B3ria\" target=\"_blank\" rel=\"noopener\"><\/a><br \/>\n                    <a class=\"share-twitter\" href=\"https:\/\/twitter.com\/intent\/tweet?text=Trabalhador%20com%20hepatite%20C%20ser%C3%A1%20reintegrado%20ao%20emprego%20por%20causa%20de%20dispensa%20discriminat%C3%B3ria%0AVeja%20mais%20em:&amp;url=https:\/\/www.tst.jus.br\/-\/trabalhador-com-hepatite-c-ser%C3%A1-reintegrado-ao-emprego-por-causa-de-dispensa-discriminat%C3%B3ria\" target=\"_blank\" rel=\"noopener\"><\/a><br \/>\n                    <a class=\"share-linkedin\" href=\"https:\/\/www.linkedin.com\/shareArticle?mini=true&amp;url=https:\/\/www.tst.jus.br\/-\/trabalhador-com-hepatite-c-ser%C3%A1-reintegrado-ao-emprego-por-causa-de-dispensa-discriminat%C3%B3ria&amp;title=Trabalhador%20com%20hepatite%20C%20ser%C3%A1%20reintegrado%20ao%20emprego%20por%20causa%20de%20dispensa%20discriminat%C3%B3ria\" target=\"_blank\" rel=\"noopener\"><\/a><br \/>\n                    <a class=\"share-whatsapp\" href=\"https:\/\/web.whatsapp.com\/send?text=https:\/\/www.tst.jus.br\/-\/trabalhador-com-hepatite-c-ser%C3%A1-reintegrado-ao-emprego-por-causa-de-dispensa-discriminat%C3%B3ria\" target=\"_blank\" rel=\"noopener\"><\/a><br \/>\n                    <a class=\"share-googleplus\" href=\"https:\/\/plus.google.com\/share?url=https:\/\/www.tst.jus.br\/-\/trabalhador-com-hepatite-c-ser%C3%A1-reintegrado-ao-emprego-por-causa-de-dispensa-discriminat%C3%B3ria\" target=\"_blank\" rel=\"noopener\"><\/a>\n                <\/div>\n<\/p><\/div>\n<div class=\"materia\">\n<p>15\/7\/2022 &#8211; A Segunda Turma do Tribunal Superior do Trabalho determinou a reintegra\u00e7\u00e3o de um analista da ABB Brasil Ltda. \u00a0ao emprego, em Osasco (SP). Ele foi demitido por ser portador de hepatite C. A doen\u00e7a \u00e9 considerada grave, e a jurisprud\u00eancia do TST entende que h\u00e1 presun\u00e7\u00e3o de dispensa discriminat\u00f3ria nesses casos. O empregador tem de provar que a dispensa teve outra motiva\u00e7\u00e3o, o que, segundo o colegiado, n\u00e3o ocorreu.<\/p>\n<p><strong>Servi\u00e7o m\u00e9dico<\/strong><\/p>\n<p>O administrador pediu, na a\u00e7\u00e3o trabalhista, ajuizada em abril de 2014, a nulidade da dispensa, afirmando que o fim do contrato de trabalho se deu em raz\u00e3o de sua doen\u00e7a, hepatite C. Segundo ele, a empresa sabia da enfermidade desde a admiss\u00e3o em 2011 e que a patologia n\u00e3o interferia no desempenho de suas atividades, tendo sua aptid\u00e3o para o trabalho constatada pelo servi\u00e7o m\u00e9dico da empresa.<\/p>\n<p><strong>Terapia<\/strong><\/p>\n<p>Ainda, na a\u00e7\u00e3o, o empregado informou que realizara, no in\u00edcio de 2013, terapia com os medicamentos ribavirina e interferon, para reduzir a carga viral da hepatite C. O tratamento, explicou, trouxe efeitos colaterais, como cefaleia, depress\u00e3o e, sobretudo, cansa\u00e7o e irritabilidade, \u201caliados \u00e0 pesada carga de atividades\u201d. Diante do quadro, o analista procurou o gerente de opera\u00e7\u00f5es, demonstrando interesse em deixar a \u00e1rea que trabalhava e ser realocado em outra unidade.\u00a0<\/p>\n<p><strong>Press\u00e3o<\/strong><\/p>\n<p>Inscrito em processo seletivo para outra vaga, ele disse que a ABB lhe deu \u00a0sessenta dias para que ele encontrasse um novo setor. Tentou a \u00e1rea de contratos, mas foi desclassificado devido \u00e0 \u201csua falta de aptid\u00e3o para o perfil\u201d. \u00a0Nessa altura, disse que ouviu que a empresa j\u00e1 estava procurando outro para seu lugar. Toda a situa\u00e7\u00e3o, segundo ele, piorou suas condi\u00e7\u00f5es psicof\u00edsicas, com aumento da depress\u00e3o e irritabilidade. Ap\u00f3s algumas semanas, e sem conseguir loca\u00e7\u00e3o, o empregado foi demitido.<\/p>\n<p><strong>Car\u00e1ter comportamental<\/strong><\/p>\n<p>Em defesa, a AAB disse que jamais manifestou qualquer ato de discrimina\u00e7\u00e3o para com o analista e que, sempre, diligenciou em atender \u00e0 sua situa\u00e7\u00e3o cl\u00ednica. Por outro lado, afirmou que estava descontente com o desempenho do empregado, em virtude de v\u00e1rios fatores, entre eles de car\u00e1ter comportamental, mas que isso n\u00e3o foi fato determinante na decis\u00e3o da empresa. Segundo a AAB, a rescis\u00e3o ocorreu por causa da inexist\u00eancia de vagas para realoca\u00e7\u00e3o do empregado.<\/p>\n<p><strong>Inten\u00e7\u00e3o<\/strong><\/p>\n<p>A 3\u00aa Vara do Trabalho de Guarulhos (SP) entendeu pelo car\u00e1ter discriminat\u00f3rio da dispensa do empregado. Considerou, sobretudo, confiss\u00e3o do representante da ABB quanto \u00e0 ci\u00eancia da empresa sobre as altera\u00e7\u00f5es comportamentais do analista em fun\u00e7\u00e3o da medica\u00e7\u00e3o. Segundo o depoimento, a empresa considerou tal aspecto para rescindir o contrato de trabalho, mesmo sabendo que decorria do tratamento da doen\u00e7a que o acometia, e n\u00e3o do desempenho pessoal do empregado.<\/p>\n<p><strong>Estigma ou preconceito<\/strong><\/p>\n<p>No entanto, a senten\u00e7a foi reformada pelo Tribunal Regional do Trabalho da 2\u00aa Regi\u00e3o (SP), para o qual n\u00e3o houve prova da inten\u00e7\u00e3o discriminat\u00f3ria da dispensa. Na avalia\u00e7\u00e3o do TRT, do depoimento n\u00e3o se constata a inten\u00e7\u00e3o da ABB de dispensar o analista por ser portador de hepatite C ou pela mudan\u00e7a de comportamento. Segundo o Regional, a empresa sempre teve ci\u00eancia da doen\u00e7a, \u201cque nunca foi obst\u00e1culo \u00e0 contrata\u00e7\u00e3o ou \u00e0 manuten\u00e7\u00e3o do v\u00ednculo\u201d. Ainda, conforme a decis\u00e3o, a hepatite C n\u00e3o \u00e9 doen\u00e7a que possa gerar estigma e preconceito.<\/p>\n<p><strong>Jurisprud\u00eancia<\/strong><br \/>\n\u00a0<br \/>\nPara a relatora do recurso de revista do analista ao TST, ministra Dela\u00edde Miranda Arantes, o fato de o representante da empresa ter declarado que os efeitos da nova terapia no comportamento do empregado foram considerados para avalia\u00e7\u00e3o da dispensa \u00e9 suficiente para revelar a postura discriminat\u00f3ria da empresa. Para a ministra, n\u00e3o h\u00e1 registro na decis\u00e3o do TRT de que a empresa tenha comprovado motiva\u00e7\u00e3o l\u00edcita para a dispensa que n\u00e3o a sua condi\u00e7\u00e3o de sa\u00fade.<br \/>\n\u00a0<br \/>\nA ministra explicou que o TST, em casos semelhantes, tem adotado posicionamento no sentido de reconhecer a hepatite C como doen\u00e7a grave, que suscita estigma ou preconceito (<a href=\"https:\/\/www3.tst.jus.br\/jurisprudencia\/Sumulas_com_indice\/Sumulas_Ind_401_450.html#SUM-443\" target=\"_blank\" rel=\"noopener\">S\u00famula 443<\/a>). Observou, ainda, que o direito de rescis\u00e3o unilateral do contrato de trabalho, mediante iniciativa do empregador, como express\u00e3o de seu direito potestativo, n\u00e3o \u00e9 ilimitado.<br \/>\n\u00a0<br \/>\nComo o empregado pediu indeniza\u00e7\u00e3o por danos morais, a ministra determinou o retorno do processo ao Tribunal Regional, a fim de que prossiga no exame do valor da indeniza\u00e7\u00e3o. \u00a0<br \/>\n\u00a0<br \/>\n(RR\/GS)<br \/>\n\u00a0<br \/>\nProcesso: \u00a0<a href=\"https:\/\/consultaprocessual.tst.jus.br\/consultaProcessual\/consultaTstNumUnica.do?consulta=Consultar&amp;conscsjt=&amp;numeroTst=1000576&amp;digitoTst=40&amp;anoTst=2014&amp;orgaoTst=5&amp;tribunalTst=02&amp;varaTst=0313&amp;submit=Consultar\" target=\"_blank\" rel=\"noopener\">TST-RR-1000576-40.2014.5.02.0313<\/a><br \/>\n\u00a0<br \/>\nO TST possui oito Turmas, cada uma composta por tr\u00eas ministros, com a atribui\u00e7\u00e3o de analisar recursos de revista, agravos, agravos de instrumento, agravos regimentais e recursos ordin\u00e1rios em a\u00e7\u00e3o cautelar. Das decis\u00f5es das Turmas, a parte ainda pode, em alguns casos, recorrer \u00e0 Subse\u00e7\u00e3o I Especializada em Diss\u00eddios Individuais (SBDI-1).<br \/>\n\u00a0<br \/>\nEsta mat\u00e9ria tem car\u00e1ter informativo.<br \/>\nPermitida a reprodu\u00e7\u00e3o mediante cita\u00e7\u00e3o da fonte.<br \/>\nSecretaria de Comunica\u00e7\u00e3o Social<br \/>\nTribunal Superior do Trabalho<br \/>\nTel. (61) 3043-4907<br \/>\nsecom@tst.jus.br<\/p>\n<\/div><\/div>\n<\/div>\n","protected":false},"excerpt":{"rendered":"<p>A empresa n\u00e3o comprovou outra motiva\u00e7\u00e3o para dispensar o empregado. Imagem de trabalhador isolado dos demais colegas 15\/7\/2022 &#8211; A Segunda Turma do Tribunal Superior do Trabalho determinou a reintegra\u00e7\u00e3o de um analista da ABB Brasil Ltda. \u00a0ao emprego, em Osasco (SP). Ele foi demitido por ser portador de hepatite C. A doen\u00e7a \u00e9 considerada [&hellip;]<\/p>\n","protected":false},"author":0,"featured_media":11643,"comment_status":"open","ping_status":"","sticky":false,"template":"","format":"standard","meta":{"footnotes":""},"categories":[5],"tags":[],"class_list":["post-11642","post","type-post","status-publish","format-standard","has-post-thumbnail","hentry","category-noticias-educacao-financeira"],"blocksy_meta":{"styles_descriptor":{"styles":{"desktop":"","tablet":"","mobile":""},"google_fonts":[],"version":6}},"yoast_head":"<!-- This site is optimized with the Yoast SEO plugin v27.4 - https:\/\/yoast.com\/product\/yoast-seo-wordpress\/ -->\n<title>Trabalhador com hepatite C ser\u00e1 reintegrado ao emprego por causa de dispensa discriminat\u00f3ria - Contabilidade Caxias<\/title>\n<meta name=\"robots\" content=\"index, follow, max-snippet:-1, max-image-preview:large, max-video-preview:-1\" \/>\n<link rel=\"canonical\" href=\"https:\/\/contabilidadecaxias.com.br\/index.php\/2022\/07\/15\/trabalhador-com-hepatite-c-sera-reintegrado-ao-emprego-por-causa-de-dispensa-discriminatoria\/\" \/>\n<meta property=\"og:locale\" content=\"pt_BR\" \/>\n<meta property=\"og:type\" content=\"article\" \/>\n<meta property=\"og:title\" content=\"Trabalhador com hepatite C ser\u00e1 reintegrado ao emprego por causa de dispensa discriminat\u00f3ria - Contabilidade Caxias\" \/>\n<meta property=\"og:description\" content=\"A empresa n\u00e3o comprovou outra motiva\u00e7\u00e3o para dispensar o empregado. Imagem de trabalhador isolado dos demais colegas 15\/7\/2022 &#8211; A Segunda Turma do Tribunal Superior do Trabalho determinou a reintegra\u00e7\u00e3o de um analista da ABB Brasil Ltda. \u00a0ao emprego, em Osasco (SP). Ele foi demitido por ser portador de hepatite C. A doen\u00e7a \u00e9 considerada [&hellip;]\" \/>\n<meta property=\"og:url\" content=\"https:\/\/contabilidadecaxias.com.br\/index.php\/2022\/07\/15\/trabalhador-com-hepatite-c-sera-reintegrado-ao-emprego-por-causa-de-dispensa-discriminatoria\/\" \/>\n<meta property=\"og:site_name\" content=\"Contabilidade Caxias\" \/>\n<meta property=\"article:published_time\" content=\"2022-07-15T18:10:59+00:00\" \/>\n<meta name=\"twitter:card\" content=\"summary_large_image\" \/>\n<meta name=\"twitter:label1\" content=\"Est. tempo de leitura\" \/>\n\t<meta name=\"twitter:data1\" content=\"4 minutos\" \/>\n<script type=\"application\/ld+json\" class=\"yoast-schema-graph\">{\"@context\":\"https:\\\/\\\/schema.org\",\"@graph\":[{\"@type\":\"Article\",\"@id\":\"https:\\\/\\\/contabilidadecaxias.com.br\\\/index.php\\\/2022\\\/07\\\/15\\\/trabalhador-com-hepatite-c-sera-reintegrado-ao-emprego-por-causa-de-dispensa-discriminatoria\\\/#article\",\"isPartOf\":{\"@id\":\"https:\\\/\\\/contabilidadecaxias.com.br\\\/index.php\\\/2022\\\/07\\\/15\\\/trabalhador-com-hepatite-c-sera-reintegrado-ao-emprego-por-causa-de-dispensa-discriminatoria\\\/\"},\"author\":{\"name\":\"\",\"@id\":\"\"},\"headline\":\"Trabalhador com hepatite C ser\u00e1 reintegrado ao emprego por causa de dispensa discriminat\u00f3ria\",\"datePublished\":\"2022-07-15T18:10:59+00:00\",\"mainEntityOfPage\":{\"@id\":\"https:\\\/\\\/contabilidadecaxias.com.br\\\/index.php\\\/2022\\\/07\\\/15\\\/trabalhador-com-hepatite-c-sera-reintegrado-ao-emprego-por-causa-de-dispensa-discriminatoria\\\/\"},\"wordCount\":893,\"commentCount\":0,\"image\":{\"@id\":\"https:\\\/\\\/contabilidadecaxias.com.br\\\/index.php\\\/2022\\\/07\\\/15\\\/trabalhador-com-hepatite-c-sera-reintegrado-ao-emprego-por-causa-de-dispensa-discriminatoria\\\/#primaryimage\"},\"thumbnailUrl\":\"https:\\\/\\\/contabilidadecaxias.com.br\\\/wp-content\\\/uploads\\\/2022\\\/07\\\/5bd1aadd-b21f-d170-2cab-4b840df72820-NhjxYe.jpeg\",\"articleSection\":[\"Educa\u00e7\u00e3o Financeira\"],\"inLanguage\":\"pt-BR\",\"potentialAction\":[{\"@type\":\"CommentAction\",\"name\":\"Comment\",\"target\":[\"https:\\\/\\\/contabilidadecaxias.com.br\\\/index.php\\\/2022\\\/07\\\/15\\\/trabalhador-com-hepatite-c-sera-reintegrado-ao-emprego-por-causa-de-dispensa-discriminatoria\\\/#respond\"]}]},{\"@type\":\"WebPage\",\"@id\":\"https:\\\/\\\/contabilidadecaxias.com.br\\\/index.php\\\/2022\\\/07\\\/15\\\/trabalhador-com-hepatite-c-sera-reintegrado-ao-emprego-por-causa-de-dispensa-discriminatoria\\\/\",\"url\":\"https:\\\/\\\/contabilidadecaxias.com.br\\\/index.php\\\/2022\\\/07\\\/15\\\/trabalhador-com-hepatite-c-sera-reintegrado-ao-emprego-por-causa-de-dispensa-discriminatoria\\\/\",\"name\":\"Trabalhador com hepatite C ser\u00e1 reintegrado ao emprego por causa de dispensa discriminat\u00f3ria - Contabilidade Caxias\",\"isPartOf\":{\"@id\":\"https:\\\/\\\/contabilidadecaxias.com.br\\\/#website\"},\"primaryImageOfPage\":{\"@id\":\"https:\\\/\\\/contabilidadecaxias.com.br\\\/index.php\\\/2022\\\/07\\\/15\\\/trabalhador-com-hepatite-c-sera-reintegrado-ao-emprego-por-causa-de-dispensa-discriminatoria\\\/#primaryimage\"},\"image\":{\"@id\":\"https:\\\/\\\/contabilidadecaxias.com.br\\\/index.php\\\/2022\\\/07\\\/15\\\/trabalhador-com-hepatite-c-sera-reintegrado-ao-emprego-por-causa-de-dispensa-discriminatoria\\\/#primaryimage\"},\"thumbnailUrl\":\"https:\\\/\\\/contabilidadecaxias.com.br\\\/wp-content\\\/uploads\\\/2022\\\/07\\\/5bd1aadd-b21f-d170-2cab-4b840df72820-NhjxYe.jpeg\",\"datePublished\":\"2022-07-15T18:10:59+00:00\",\"author\":{\"@id\":\"\"},\"breadcrumb\":{\"@id\":\"https:\\\/\\\/contabilidadecaxias.com.br\\\/index.php\\\/2022\\\/07\\\/15\\\/trabalhador-com-hepatite-c-sera-reintegrado-ao-emprego-por-causa-de-dispensa-discriminatoria\\\/#breadcrumb\"},\"inLanguage\":\"pt-BR\",\"potentialAction\":[{\"@type\":\"ReadAction\",\"target\":[\"https:\\\/\\\/contabilidadecaxias.com.br\\\/index.php\\\/2022\\\/07\\\/15\\\/trabalhador-com-hepatite-c-sera-reintegrado-ao-emprego-por-causa-de-dispensa-discriminatoria\\\/\"]}]},{\"@type\":\"ImageObject\",\"inLanguage\":\"pt-BR\",\"@id\":\"https:\\\/\\\/contabilidadecaxias.com.br\\\/index.php\\\/2022\\\/07\\\/15\\\/trabalhador-com-hepatite-c-sera-reintegrado-ao-emprego-por-causa-de-dispensa-discriminatoria\\\/#primaryimage\",\"url\":\"https:\\\/\\\/contabilidadecaxias.com.br\\\/wp-content\\\/uploads\\\/2022\\\/07\\\/5bd1aadd-b21f-d170-2cab-4b840df72820-NhjxYe.jpeg\",\"contentUrl\":\"https:\\\/\\\/contabilidadecaxias.com.br\\\/wp-content\\\/uploads\\\/2022\\\/07\\\/5bd1aadd-b21f-d170-2cab-4b840df72820-NhjxYe.jpeg\",\"width\":2121,\"height\":1414},{\"@type\":\"BreadcrumbList\",\"@id\":\"https:\\\/\\\/contabilidadecaxias.com.br\\\/index.php\\\/2022\\\/07\\\/15\\\/trabalhador-com-hepatite-c-sera-reintegrado-ao-emprego-por-causa-de-dispensa-discriminatoria\\\/#breadcrumb\",\"itemListElement\":[{\"@type\":\"ListItem\",\"position\":1,\"name\":\"In\u00edcio\",\"item\":\"https:\\\/\\\/contabilidadecaxias.com.br\\\/\"},{\"@type\":\"ListItem\",\"position\":2,\"name\":\"Trabalhador com hepatite C ser\u00e1 reintegrado ao emprego por causa de dispensa discriminat\u00f3ria\"}]},{\"@type\":\"WebSite\",\"@id\":\"https:\\\/\\\/contabilidadecaxias.com.br\\\/#website\",\"url\":\"https:\\\/\\\/contabilidadecaxias.com.br\\\/\",\"name\":\"Contabilidade Caxias\",\"description\":\"Site especializado em Contabilidade para Caxias.\",\"potentialAction\":[{\"@type\":\"SearchAction\",\"target\":{\"@type\":\"EntryPoint\",\"urlTemplate\":\"https:\\\/\\\/contabilidadecaxias.com.br\\\/?s={search_term_string}\"},\"query-input\":{\"@type\":\"PropertyValueSpecification\",\"valueRequired\":true,\"valueName\":\"search_term_string\"}}],\"inLanguage\":\"pt-BR\"}]}<\/script>\n<!-- \/ Yoast SEO plugin. -->","yoast_head_json":{"title":"Trabalhador com hepatite C ser\u00e1 reintegrado ao emprego por causa de dispensa discriminat\u00f3ria - Contabilidade Caxias","robots":{"index":"index","follow":"follow","max-snippet":"max-snippet:-1","max-image-preview":"max-image-preview:large","max-video-preview":"max-video-preview:-1"},"canonical":"https:\/\/contabilidadecaxias.com.br\/index.php\/2022\/07\/15\/trabalhador-com-hepatite-c-sera-reintegrado-ao-emprego-por-causa-de-dispensa-discriminatoria\/","og_locale":"pt_BR","og_type":"article","og_title":"Trabalhador com hepatite C ser\u00e1 reintegrado ao emprego por causa de dispensa discriminat\u00f3ria - Contabilidade Caxias","og_description":"A empresa n\u00e3o comprovou outra motiva\u00e7\u00e3o para dispensar o empregado. Imagem de trabalhador isolado dos demais colegas 15\/7\/2022 &#8211; A Segunda Turma do Tribunal Superior do Trabalho determinou a reintegra\u00e7\u00e3o de um analista da ABB Brasil Ltda. \u00a0ao emprego, em Osasco (SP). Ele foi demitido por ser portador de hepatite C. A doen\u00e7a \u00e9 considerada [&hellip;]","og_url":"https:\/\/contabilidadecaxias.com.br\/index.php\/2022\/07\/15\/trabalhador-com-hepatite-c-sera-reintegrado-ao-emprego-por-causa-de-dispensa-discriminatoria\/","og_site_name":"Contabilidade Caxias","article_published_time":"2022-07-15T18:10:59+00:00","twitter_card":"summary_large_image","twitter_misc":{"Est. tempo de leitura":"4 minutos"},"schema":{"@context":"https:\/\/schema.org","@graph":[{"@type":"Article","@id":"https:\/\/contabilidadecaxias.com.br\/index.php\/2022\/07\/15\/trabalhador-com-hepatite-c-sera-reintegrado-ao-emprego-por-causa-de-dispensa-discriminatoria\/#article","isPartOf":{"@id":"https:\/\/contabilidadecaxias.com.br\/index.php\/2022\/07\/15\/trabalhador-com-hepatite-c-sera-reintegrado-ao-emprego-por-causa-de-dispensa-discriminatoria\/"},"author":{"name":"","@id":""},"headline":"Trabalhador com hepatite C ser\u00e1 reintegrado ao emprego por causa de dispensa discriminat\u00f3ria","datePublished":"2022-07-15T18:10:59+00:00","mainEntityOfPage":{"@id":"https:\/\/contabilidadecaxias.com.br\/index.php\/2022\/07\/15\/trabalhador-com-hepatite-c-sera-reintegrado-ao-emprego-por-causa-de-dispensa-discriminatoria\/"},"wordCount":893,"commentCount":0,"image":{"@id":"https:\/\/contabilidadecaxias.com.br\/index.php\/2022\/07\/15\/trabalhador-com-hepatite-c-sera-reintegrado-ao-emprego-por-causa-de-dispensa-discriminatoria\/#primaryimage"},"thumbnailUrl":"https:\/\/contabilidadecaxias.com.br\/wp-content\/uploads\/2022\/07\/5bd1aadd-b21f-d170-2cab-4b840df72820-NhjxYe.jpeg","articleSection":["Educa\u00e7\u00e3o Financeira"],"inLanguage":"pt-BR","potentialAction":[{"@type":"CommentAction","name":"Comment","target":["https:\/\/contabilidadecaxias.com.br\/index.php\/2022\/07\/15\/trabalhador-com-hepatite-c-sera-reintegrado-ao-emprego-por-causa-de-dispensa-discriminatoria\/#respond"]}]},{"@type":"WebPage","@id":"https:\/\/contabilidadecaxias.com.br\/index.php\/2022\/07\/15\/trabalhador-com-hepatite-c-sera-reintegrado-ao-emprego-por-causa-de-dispensa-discriminatoria\/","url":"https:\/\/contabilidadecaxias.com.br\/index.php\/2022\/07\/15\/trabalhador-com-hepatite-c-sera-reintegrado-ao-emprego-por-causa-de-dispensa-discriminatoria\/","name":"Trabalhador com hepatite C ser\u00e1 reintegrado ao emprego por causa de dispensa discriminat\u00f3ria - Contabilidade Caxias","isPartOf":{"@id":"https:\/\/contabilidadecaxias.com.br\/#website"},"primaryImageOfPage":{"@id":"https:\/\/contabilidadecaxias.com.br\/index.php\/2022\/07\/15\/trabalhador-com-hepatite-c-sera-reintegrado-ao-emprego-por-causa-de-dispensa-discriminatoria\/#primaryimage"},"image":{"@id":"https:\/\/contabilidadecaxias.com.br\/index.php\/2022\/07\/15\/trabalhador-com-hepatite-c-sera-reintegrado-ao-emprego-por-causa-de-dispensa-discriminatoria\/#primaryimage"},"thumbnailUrl":"https:\/\/contabilidadecaxias.com.br\/wp-content\/uploads\/2022\/07\/5bd1aadd-b21f-d170-2cab-4b840df72820-NhjxYe.jpeg","datePublished":"2022-07-15T18:10:59+00:00","author":{"@id":""},"breadcrumb":{"@id":"https:\/\/contabilidadecaxias.com.br\/index.php\/2022\/07\/15\/trabalhador-com-hepatite-c-sera-reintegrado-ao-emprego-por-causa-de-dispensa-discriminatoria\/#breadcrumb"},"inLanguage":"pt-BR","potentialAction":[{"@type":"ReadAction","target":["https:\/\/contabilidadecaxias.com.br\/index.php\/2022\/07\/15\/trabalhador-com-hepatite-c-sera-reintegrado-ao-emprego-por-causa-de-dispensa-discriminatoria\/"]}]},{"@type":"ImageObject","inLanguage":"pt-BR","@id":"https:\/\/contabilidadecaxias.com.br\/index.php\/2022\/07\/15\/trabalhador-com-hepatite-c-sera-reintegrado-ao-emprego-por-causa-de-dispensa-discriminatoria\/#primaryimage","url":"https:\/\/contabilidadecaxias.com.br\/wp-content\/uploads\/2022\/07\/5bd1aadd-b21f-d170-2cab-4b840df72820-NhjxYe.jpeg","contentUrl":"https:\/\/contabilidadecaxias.com.br\/wp-content\/uploads\/2022\/07\/5bd1aadd-b21f-d170-2cab-4b840df72820-NhjxYe.jpeg","width":2121,"height":1414},{"@type":"BreadcrumbList","@id":"https:\/\/contabilidadecaxias.com.br\/index.php\/2022\/07\/15\/trabalhador-com-hepatite-c-sera-reintegrado-ao-emprego-por-causa-de-dispensa-discriminatoria\/#breadcrumb","itemListElement":[{"@type":"ListItem","position":1,"name":"In\u00edcio","item":"https:\/\/contabilidadecaxias.com.br\/"},{"@type":"ListItem","position":2,"name":"Trabalhador com hepatite C ser\u00e1 reintegrado ao emprego por causa de dispensa discriminat\u00f3ria"}]},{"@type":"WebSite","@id":"https:\/\/contabilidadecaxias.com.br\/#website","url":"https:\/\/contabilidadecaxias.com.br\/","name":"Contabilidade Caxias","description":"Site especializado em Contabilidade para Caxias.","potentialAction":[{"@type":"SearchAction","target":{"@type":"EntryPoint","urlTemplate":"https:\/\/contabilidadecaxias.com.br\/?s={search_term_string}"},"query-input":{"@type":"PropertyValueSpecification","valueRequired":true,"valueName":"search_term_string"}}],"inLanguage":"pt-BR"}]}},"_links":{"self":[{"href":"https:\/\/contabilidadecaxias.com.br\/index.php\/wp-json\/wp\/v2\/posts\/11642","targetHints":{"allow":["GET"]}}],"collection":[{"href":"https:\/\/contabilidadecaxias.com.br\/index.php\/wp-json\/wp\/v2\/posts"}],"about":[{"href":"https:\/\/contabilidadecaxias.com.br\/index.php\/wp-json\/wp\/v2\/types\/post"}],"replies":[{"embeddable":true,"href":"https:\/\/contabilidadecaxias.com.br\/index.php\/wp-json\/wp\/v2\/comments?post=11642"}],"version-history":[{"count":0,"href":"https:\/\/contabilidadecaxias.com.br\/index.php\/wp-json\/wp\/v2\/posts\/11642\/revisions"}],"wp:featuredmedia":[{"embeddable":true,"href":"https:\/\/contabilidadecaxias.com.br\/index.php\/wp-json\/wp\/v2\/media\/11643"}],"wp:attachment":[{"href":"https:\/\/contabilidadecaxias.com.br\/index.php\/wp-json\/wp\/v2\/media?parent=11642"}],"wp:term":[{"taxonomy":"category","embeddable":true,"href":"https:\/\/contabilidadecaxias.com.br\/index.php\/wp-json\/wp\/v2\/categories?post=11642"},{"taxonomy":"post_tag","embeddable":true,"href":"https:\/\/contabilidadecaxias.com.br\/index.php\/wp-json\/wp\/v2\/tags?post=11642"}],"curies":[{"name":"wp","href":"https:\/\/api.w.org\/{rel}","templated":true}]}}