{"id":11641,"date":"2022-07-15T15:10:59","date_gmt":"2022-07-15T18:10:59","guid":{"rendered":"https:\/\/contabilidadecaxias.com.br\/index.php\/2022\/07\/15\/dentista-recebera-reflexos-da-integracao-do-auxilio-alimentacao-ao-salario-tst-na-voz-do-brasil\/"},"modified":"2022-07-15T15:10:59","modified_gmt":"2022-07-15T18:10:59","slug":"dentista-recebera-reflexos-da-integracao-do-auxilio-alimentacao-ao-salario-tst-na-voz-do-brasil","status":"publish","type":"post","link":"https:\/\/contabilidadecaxias.com.br\/index.php\/2022\/07\/15\/dentista-recebera-reflexos-da-integracao-do-auxilio-alimentacao-ao-salario-tst-na-voz-do-brasil\/","title":{"rendered":"Dentista receber\u00e1 reflexos da integra\u00e7\u00e3o do aux\u00edlio alimenta\u00e7\u00e3o ao sal\u00e1rio | TST na Voz do Brasil"},"content":{"rendered":"<div>\n\u00a0<br \/>\n\u00a0\u00a0\u00a0\u00a0\u00a0\u00a0\u00a0\u00a0 \u00a0\u00a0\u00a0\u00a0\u00a0\u00a0\u00a0\u00a0 \u00a0\u00a0\u00a0\u00a0\u00a0\u00a0 <a href=\"https:\/\/www.tst.jus.br\/documents\/10157\/27885360\/14-07-22_-_A_VOZ_DO_BRASIL.mp3\/f5a7af7c-d33a-b7d6-aecf-0ade72029fb8?t=1657907191673\"> Baixe o \u00e1udio <\/a><\/div>\n<div><button>Reproduzir o \u00e1udio<\/button>\u00a0\u00a0<button>Pausar o \u00e1udio<\/button>\u00a0\u00a0<button>Aumentar o volume<\/button>\u00a0\u00a0<button>Diminuir o volume<\/button><\/div>\n<p>\u00a0<\/p>\n<p>15\/7\/2022 &#8211; O Munic\u00edpio de Santa B\u00e1rbara D\u2019Oeste, no Estado de S\u00e3o Paulo, ter\u00e1 de pagar os reflexos da integra\u00e7\u00e3o do aux\u00edlio alimenta\u00e7\u00e3o ao sal\u00e1rio de uma cirurgi\u00e3 dentista no per\u00edodo em que j\u00e1 estava em vigor a Lei 13.467\/2017 (Reforma Trabalhista).<\/p>\n<p>A lei alterou a natureza jur\u00eddica do benef\u00edcio, tornando-o indenizat\u00f3rio, mas o contrato de trabalho foi firmado antes da mudan\u00e7a legislativa. Para a Sexta Turma do Tribunal Superior do Trabalho, se a altera\u00e7\u00e3o impactasse a parcela recebida pela dentista, haveria desrespeito \u00e0s garantias constitucionais da irredutibilidade salarial e do direito adquirido.\u00a0<\/p>\n<p>Saiba mais na reportagem de Anderson Conrado.<\/p>\n<p>Processo:\u00a0<a href=\"https:\/\/consultaprocessual.tst.jus.br\/consultaProcessual\/consultaTstNumUnica.do?consulta=Consultar&amp;conscsjt=&amp;numeroTst=11643&amp;digitoTst=82&amp;anoTst=2019&amp;orgaoTst=5&amp;tribunalTst=15&amp;varaTst=0086&amp;submit=Consultar\" target=\"_self\" rel=\"noopener\">RR-11643-82.2019.5.15.0086<\/a><\/p>\n","protected":false},"excerpt":{"rendered":"<p>\u00a0 \u00a0\u00a0\u00a0\u00a0\u00a0\u00a0\u00a0\u00a0 \u00a0\u00a0\u00a0\u00a0\u00a0\u00a0\u00a0\u00a0 \u00a0\u00a0\u00a0\u00a0\u00a0\u00a0 Baixe o \u00e1udio Reproduzir o \u00e1udio\u00a0\u00a0Pausar o \u00e1udio\u00a0\u00a0Aumentar o volume\u00a0\u00a0Diminuir o volume \u00a0 15\/7\/2022 &#8211; O Munic\u00edpio de Santa B\u00e1rbara D\u2019Oeste, no Estado de S\u00e3o Paulo, ter\u00e1 de pagar os reflexos da integra\u00e7\u00e3o do aux\u00edlio alimenta\u00e7\u00e3o ao sal\u00e1rio de uma cirurgi\u00e3 dentista no per\u00edodo em que j\u00e1 estava em vigor a [&hellip;]<\/p>\n","protected":false},"author":0,"featured_media":0,"comment_status":"open","ping_status":"","sticky":false,"template":"","format":"standard","meta":{"footnotes":""},"categories":[5],"tags":[],"class_list":["post-11641","post","type-post","status-publish","format-standard","hentry","category-noticias-educacao-financeira"],"blocksy_meta":{"styles_descriptor":{"styles":{"desktop":"","tablet":"","mobile":""},"google_fonts":[],"version":6}},"yoast_head":"<!-- This site is optimized with the Yoast SEO plugin v27.4 - https:\/\/yoast.com\/product\/yoast-seo-wordpress\/ -->\n<title>Dentista receber\u00e1 reflexos da integra\u00e7\u00e3o do aux\u00edlio alimenta\u00e7\u00e3o ao sal\u00e1rio | TST na Voz do Brasil - Contabilidade Caxias<\/title>\n<meta name=\"robots\" content=\"index, follow, max-snippet:-1, max-image-preview:large, max-video-preview:-1\" \/>\n<link rel=\"canonical\" href=\"https:\/\/contabilidadecaxias.com.br\/index.php\/2022\/07\/15\/dentista-recebera-reflexos-da-integracao-do-auxilio-alimentacao-ao-salario-tst-na-voz-do-brasil\/\" \/>\n<meta property=\"og:locale\" content=\"pt_BR\" \/>\n<meta property=\"og:type\" content=\"article\" \/>\n<meta property=\"og:title\" content=\"Dentista receber\u00e1 reflexos da integra\u00e7\u00e3o do aux\u00edlio alimenta\u00e7\u00e3o ao sal\u00e1rio | TST na Voz do Brasil - Contabilidade Caxias\" \/>\n<meta property=\"og:description\" content=\"\u00a0 \u00a0\u00a0\u00a0\u00a0\u00a0\u00a0\u00a0\u00a0 \u00a0\u00a0\u00a0\u00a0\u00a0\u00a0\u00a0\u00a0 \u00a0\u00a0\u00a0\u00a0\u00a0\u00a0 Baixe o \u00e1udio Reproduzir o \u00e1udio\u00a0\u00a0Pausar o \u00e1udio\u00a0\u00a0Aumentar o volume\u00a0\u00a0Diminuir o volume \u00a0 15\/7\/2022 &#8211; O Munic\u00edpio de Santa B\u00e1rbara D\u2019Oeste, no Estado de S\u00e3o Paulo, ter\u00e1 de pagar os reflexos da integra\u00e7\u00e3o do aux\u00edlio alimenta\u00e7\u00e3o ao sal\u00e1rio de uma cirurgi\u00e3 dentista no per\u00edodo em que j\u00e1 estava em vigor a [&hellip;]\" \/>\n<meta property=\"og:url\" content=\"https:\/\/contabilidadecaxias.com.br\/index.php\/2022\/07\/15\/dentista-recebera-reflexos-da-integracao-do-auxilio-alimentacao-ao-salario-tst-na-voz-do-brasil\/\" \/>\n<meta property=\"og:site_name\" content=\"Contabilidade Caxias\" \/>\n<meta property=\"article:published_time\" content=\"2022-07-15T18:10:59+00:00\" \/>\n<meta name=\"twitter:card\" content=\"summary_large_image\" \/>\n<meta name=\"twitter:label1\" content=\"Est. tempo de leitura\" \/>\n\t<meta name=\"twitter:data1\" content=\"1 minuto\" \/>\n<script type=\"application\/ld+json\" class=\"yoast-schema-graph\">{\"@context\":\"https:\\\/\\\/schema.org\",\"@graph\":[{\"@type\":\"Article\",\"@id\":\"https:\\\/\\\/contabilidadecaxias.com.br\\\/index.php\\\/2022\\\/07\\\/15\\\/dentista-recebera-reflexos-da-integracao-do-auxilio-alimentacao-ao-salario-tst-na-voz-do-brasil\\\/#article\",\"isPartOf\":{\"@id\":\"https:\\\/\\\/contabilidadecaxias.com.br\\\/index.php\\\/2022\\\/07\\\/15\\\/dentista-recebera-reflexos-da-integracao-do-auxilio-alimentacao-ao-salario-tst-na-voz-do-brasil\\\/\"},\"author\":{\"name\":\"\",\"@id\":\"\"},\"headline\":\"Dentista receber\u00e1 reflexos da integra\u00e7\u00e3o do aux\u00edlio alimenta\u00e7\u00e3o ao sal\u00e1rio | TST na Voz do Brasil\",\"datePublished\":\"2022-07-15T18:10:59+00:00\",\"mainEntityOfPage\":{\"@id\":\"https:\\\/\\\/contabilidadecaxias.com.br\\\/index.php\\\/2022\\\/07\\\/15\\\/dentista-recebera-reflexos-da-integracao-do-auxilio-alimentacao-ao-salario-tst-na-voz-do-brasil\\\/\"},\"wordCount\":149,\"commentCount\":0,\"articleSection\":[\"Educa\u00e7\u00e3o Financeira\"],\"inLanguage\":\"pt-BR\",\"potentialAction\":[{\"@type\":\"CommentAction\",\"name\":\"Comment\",\"target\":[\"https:\\\/\\\/contabilidadecaxias.com.br\\\/index.php\\\/2022\\\/07\\\/15\\\/dentista-recebera-reflexos-da-integracao-do-auxilio-alimentacao-ao-salario-tst-na-voz-do-brasil\\\/#respond\"]}]},{\"@type\":\"WebPage\",\"@id\":\"https:\\\/\\\/contabilidadecaxias.com.br\\\/index.php\\\/2022\\\/07\\\/15\\\/dentista-recebera-reflexos-da-integracao-do-auxilio-alimentacao-ao-salario-tst-na-voz-do-brasil\\\/\",\"url\":\"https:\\\/\\\/contabilidadecaxias.com.br\\\/index.php\\\/2022\\\/07\\\/15\\\/dentista-recebera-reflexos-da-integracao-do-auxilio-alimentacao-ao-salario-tst-na-voz-do-brasil\\\/\",\"name\":\"Dentista receber\u00e1 reflexos da integra\u00e7\u00e3o do aux\u00edlio alimenta\u00e7\u00e3o ao sal\u00e1rio | TST na Voz do Brasil - Contabilidade Caxias\",\"isPartOf\":{\"@id\":\"https:\\\/\\\/contabilidadecaxias.com.br\\\/#website\"},\"datePublished\":\"2022-07-15T18:10:59+00:00\",\"author\":{\"@id\":\"\"},\"breadcrumb\":{\"@id\":\"https:\\\/\\\/contabilidadecaxias.com.br\\\/index.php\\\/2022\\\/07\\\/15\\\/dentista-recebera-reflexos-da-integracao-do-auxilio-alimentacao-ao-salario-tst-na-voz-do-brasil\\\/#breadcrumb\"},\"inLanguage\":\"pt-BR\",\"potentialAction\":[{\"@type\":\"ReadAction\",\"target\":[\"https:\\\/\\\/contabilidadecaxias.com.br\\\/index.php\\\/2022\\\/07\\\/15\\\/dentista-recebera-reflexos-da-integracao-do-auxilio-alimentacao-ao-salario-tst-na-voz-do-brasil\\\/\"]}]},{\"@type\":\"BreadcrumbList\",\"@id\":\"https:\\\/\\\/contabilidadecaxias.com.br\\\/index.php\\\/2022\\\/07\\\/15\\\/dentista-recebera-reflexos-da-integracao-do-auxilio-alimentacao-ao-salario-tst-na-voz-do-brasil\\\/#breadcrumb\",\"itemListElement\":[{\"@type\":\"ListItem\",\"position\":1,\"name\":\"In\u00edcio\",\"item\":\"https:\\\/\\\/contabilidadecaxias.com.br\\\/\"},{\"@type\":\"ListItem\",\"position\":2,\"name\":\"Dentista receber\u00e1 reflexos da integra\u00e7\u00e3o do aux\u00edlio alimenta\u00e7\u00e3o ao sal\u00e1rio | TST na Voz do Brasil\"}]},{\"@type\":\"WebSite\",\"@id\":\"https:\\\/\\\/contabilidadecaxias.com.br\\\/#website\",\"url\":\"https:\\\/\\\/contabilidadecaxias.com.br\\\/\",\"name\":\"Contabilidade Caxias\",\"description\":\"Site especializado em Contabilidade para Caxias.\",\"potentialAction\":[{\"@type\":\"SearchAction\",\"target\":{\"@type\":\"EntryPoint\",\"urlTemplate\":\"https:\\\/\\\/contabilidadecaxias.com.br\\\/?s={search_term_string}\"},\"query-input\":{\"@type\":\"PropertyValueSpecification\",\"valueRequired\":true,\"valueName\":\"search_term_string\"}}],\"inLanguage\":\"pt-BR\"}]}<\/script>\n<!-- \/ Yoast SEO plugin. -->","yoast_head_json":{"title":"Dentista receber\u00e1 reflexos da integra\u00e7\u00e3o do aux\u00edlio alimenta\u00e7\u00e3o ao sal\u00e1rio | TST na Voz do Brasil - Contabilidade Caxias","robots":{"index":"index","follow":"follow","max-snippet":"max-snippet:-1","max-image-preview":"max-image-preview:large","max-video-preview":"max-video-preview:-1"},"canonical":"https:\/\/contabilidadecaxias.com.br\/index.php\/2022\/07\/15\/dentista-recebera-reflexos-da-integracao-do-auxilio-alimentacao-ao-salario-tst-na-voz-do-brasil\/","og_locale":"pt_BR","og_type":"article","og_title":"Dentista receber\u00e1 reflexos da integra\u00e7\u00e3o do aux\u00edlio alimenta\u00e7\u00e3o ao sal\u00e1rio | TST na Voz do Brasil - Contabilidade Caxias","og_description":"\u00a0 \u00a0\u00a0\u00a0\u00a0\u00a0\u00a0\u00a0\u00a0 \u00a0\u00a0\u00a0\u00a0\u00a0\u00a0\u00a0\u00a0 \u00a0\u00a0\u00a0\u00a0\u00a0\u00a0 Baixe o \u00e1udio Reproduzir o \u00e1udio\u00a0\u00a0Pausar o \u00e1udio\u00a0\u00a0Aumentar o volume\u00a0\u00a0Diminuir o volume \u00a0 15\/7\/2022 &#8211; O Munic\u00edpio de Santa B\u00e1rbara D\u2019Oeste, no Estado de S\u00e3o Paulo, ter\u00e1 de pagar os reflexos da integra\u00e7\u00e3o do aux\u00edlio alimenta\u00e7\u00e3o ao sal\u00e1rio de uma cirurgi\u00e3 dentista no per\u00edodo em que j\u00e1 estava em vigor a [&hellip;]","og_url":"https:\/\/contabilidadecaxias.com.br\/index.php\/2022\/07\/15\/dentista-recebera-reflexos-da-integracao-do-auxilio-alimentacao-ao-salario-tst-na-voz-do-brasil\/","og_site_name":"Contabilidade Caxias","article_published_time":"2022-07-15T18:10:59+00:00","twitter_card":"summary_large_image","twitter_misc":{"Est. tempo de leitura":"1 minuto"},"schema":{"@context":"https:\/\/schema.org","@graph":[{"@type":"Article","@id":"https:\/\/contabilidadecaxias.com.br\/index.php\/2022\/07\/15\/dentista-recebera-reflexos-da-integracao-do-auxilio-alimentacao-ao-salario-tst-na-voz-do-brasil\/#article","isPartOf":{"@id":"https:\/\/contabilidadecaxias.com.br\/index.php\/2022\/07\/15\/dentista-recebera-reflexos-da-integracao-do-auxilio-alimentacao-ao-salario-tst-na-voz-do-brasil\/"},"author":{"name":"","@id":""},"headline":"Dentista receber\u00e1 reflexos da integra\u00e7\u00e3o do aux\u00edlio alimenta\u00e7\u00e3o ao sal\u00e1rio | TST na Voz do Brasil","datePublished":"2022-07-15T18:10:59+00:00","mainEntityOfPage":{"@id":"https:\/\/contabilidadecaxias.com.br\/index.php\/2022\/07\/15\/dentista-recebera-reflexos-da-integracao-do-auxilio-alimentacao-ao-salario-tst-na-voz-do-brasil\/"},"wordCount":149,"commentCount":0,"articleSection":["Educa\u00e7\u00e3o Financeira"],"inLanguage":"pt-BR","potentialAction":[{"@type":"CommentAction","name":"Comment","target":["https:\/\/contabilidadecaxias.com.br\/index.php\/2022\/07\/15\/dentista-recebera-reflexos-da-integracao-do-auxilio-alimentacao-ao-salario-tst-na-voz-do-brasil\/#respond"]}]},{"@type":"WebPage","@id":"https:\/\/contabilidadecaxias.com.br\/index.php\/2022\/07\/15\/dentista-recebera-reflexos-da-integracao-do-auxilio-alimentacao-ao-salario-tst-na-voz-do-brasil\/","url":"https:\/\/contabilidadecaxias.com.br\/index.php\/2022\/07\/15\/dentista-recebera-reflexos-da-integracao-do-auxilio-alimentacao-ao-salario-tst-na-voz-do-brasil\/","name":"Dentista receber\u00e1 reflexos da integra\u00e7\u00e3o do aux\u00edlio alimenta\u00e7\u00e3o ao sal\u00e1rio | TST na Voz do Brasil - Contabilidade Caxias","isPartOf":{"@id":"https:\/\/contabilidadecaxias.com.br\/#website"},"datePublished":"2022-07-15T18:10:59+00:00","author":{"@id":""},"breadcrumb":{"@id":"https:\/\/contabilidadecaxias.com.br\/index.php\/2022\/07\/15\/dentista-recebera-reflexos-da-integracao-do-auxilio-alimentacao-ao-salario-tst-na-voz-do-brasil\/#breadcrumb"},"inLanguage":"pt-BR","potentialAction":[{"@type":"ReadAction","target":["https:\/\/contabilidadecaxias.com.br\/index.php\/2022\/07\/15\/dentista-recebera-reflexos-da-integracao-do-auxilio-alimentacao-ao-salario-tst-na-voz-do-brasil\/"]}]},{"@type":"BreadcrumbList","@id":"https:\/\/contabilidadecaxias.com.br\/index.php\/2022\/07\/15\/dentista-recebera-reflexos-da-integracao-do-auxilio-alimentacao-ao-salario-tst-na-voz-do-brasil\/#breadcrumb","itemListElement":[{"@type":"ListItem","position":1,"name":"In\u00edcio","item":"https:\/\/contabilidadecaxias.com.br\/"},{"@type":"ListItem","position":2,"name":"Dentista receber\u00e1 reflexos da integra\u00e7\u00e3o do aux\u00edlio alimenta\u00e7\u00e3o ao sal\u00e1rio | TST na Voz do Brasil"}]},{"@type":"WebSite","@id":"https:\/\/contabilidadecaxias.com.br\/#website","url":"https:\/\/contabilidadecaxias.com.br\/","name":"Contabilidade Caxias","description":"Site especializado em Contabilidade para Caxias.","potentialAction":[{"@type":"SearchAction","target":{"@type":"EntryPoint","urlTemplate":"https:\/\/contabilidadecaxias.com.br\/?s={search_term_string}"},"query-input":{"@type":"PropertyValueSpecification","valueRequired":true,"valueName":"search_term_string"}}],"inLanguage":"pt-BR"}]}},"_links":{"self":[{"href":"https:\/\/contabilidadecaxias.com.br\/index.php\/wp-json\/wp\/v2\/posts\/11641","targetHints":{"allow":["GET"]}}],"collection":[{"href":"https:\/\/contabilidadecaxias.com.br\/index.php\/wp-json\/wp\/v2\/posts"}],"about":[{"href":"https:\/\/contabilidadecaxias.com.br\/index.php\/wp-json\/wp\/v2\/types\/post"}],"replies":[{"embeddable":true,"href":"https:\/\/contabilidadecaxias.com.br\/index.php\/wp-json\/wp\/v2\/comments?post=11641"}],"version-history":[{"count":0,"href":"https:\/\/contabilidadecaxias.com.br\/index.php\/wp-json\/wp\/v2\/posts\/11641\/revisions"}],"wp:attachment":[{"href":"https:\/\/contabilidadecaxias.com.br\/index.php\/wp-json\/wp\/v2\/media?parent=11641"}],"wp:term":[{"taxonomy":"category","embeddable":true,"href":"https:\/\/contabilidadecaxias.com.br\/index.php\/wp-json\/wp\/v2\/categories?post=11641"},{"taxonomy":"post_tag","embeddable":true,"href":"https:\/\/contabilidadecaxias.com.br\/index.php\/wp-json\/wp\/v2\/tags?post=11641"}],"curies":[{"name":"wp","href":"https:\/\/api.w.org\/{rel}","templated":true}]}}