{"id":11622,"date":"2022-07-14T16:15:05","date_gmt":"2022-07-14T19:15:05","guid":{"rendered":"https:\/\/contabilidadecaxias.com.br\/index.php\/2022\/07\/14\/carteiro-motorizado-assaltado-durante-expediente-sera-indenizado-pela-ect\/"},"modified":"2022-07-14T16:15:05","modified_gmt":"2022-07-14T19:15:05","slug":"carteiro-motorizado-assaltado-durante-expediente-sera-indenizado-pela-ect","status":"publish","type":"post","link":"https:\/\/contabilidadecaxias.com.br\/index.php\/2022\/07\/14\/carteiro-motorizado-assaltado-durante-expediente-sera-indenizado-pela-ect\/","title":{"rendered":"Carteiro motorizado assaltado durante expediente ser\u00e1 indenizado pela ECT"},"content":{"rendered":"<div class=\"noticia-wrapper\">\n<p><em><\/p>\n<p>Profissional relatou que foi assaltado cinco vezes e, dessa vez, \u00e0 m\u00e3o armada<\/p>\n<p><\/em><\/p>\n<div class=\"social-media-share mobile\">\n        <a class=\"share-facebook\" href=\"https:\/\/www.facebook.com\/sharer.php?u=https:\/\/www.tst.jus.br\/-\/carteiro-motorizado-assaltado-durante-expediente-ser%C3%A1-indenizado-pela-ect\" target=\"_blank\" rel=\"noopener\"><\/a><br \/>\n        <a class=\"share-twitter\" href=\"https:\/\/twitter.com\/intent\/tweet?text=Carteiro%20motorizado%20assaltado%20durante%20expediente%20ser%C3%A1%20indenizado%20pela%20ECT%0AVeja%20mais%20em:&amp;url=https:\/\/www.tst.jus.br\/-\/carteiro-motorizado-assaltado-durante-expediente-ser%C3%A1-indenizado-pela-ect\" target=\"_blank\" rel=\"noopener\"><\/a><br \/>\n        <a class=\"share-linkedin\" href=\"https:\/\/www.linkedin.com\/shareArticle?mini=true&amp;url=https:\/\/www.tst.jus.br\/-\/carteiro-motorizado-assaltado-durante-expediente-ser%C3%A1-indenizado-pela-ect&amp;title=Carteiro%20motorizado%20assaltado%20durante%20expediente%20ser%C3%A1%20indenizado%20pela%20ECT\" target=\"_blank\" rel=\"noopener\"><\/a><br \/>\n        <a class=\"share-whatsapp\" href=\"https:\/\/web.whatsapp.com\/send?text=https:\/\/www.tst.jus.br\/-\/carteiro-motorizado-assaltado-durante-expediente-ser%C3%A1-indenizado-pela-ect\" target=\"_blank\" rel=\"noopener\"><\/a><br \/>\n        <a class=\"share-googleplus\" href=\"https:\/\/plus.google.com\/share?url=https:\/\/www.tst.jus.br\/-\/carteiro-motorizado-assaltado-durante-expediente-ser%C3%A1-indenizado-pela-ect\" target=\"_blank\" rel=\"noopener\"><\/a>\n    <\/div>\n<div class=\"news-body\">\n<div class=\"imagem-da-noticia\">\n<p>Imagem de um homem conduzindo moto para entrega de encomendas<\/p>\n<div class=\"social-media-share\">\n                    <a class=\"share-facebook\" href=\"https:\/\/www.facebook.com\/sharer.php?u=https:\/\/www.tst.jus.br\/-\/carteiro-motorizado-assaltado-durante-expediente-ser%C3%A1-indenizado-pela-ect\" target=\"_blank\" rel=\"noopener\"><\/a><br \/>\n                    <a class=\"share-twitter\" href=\"https:\/\/twitter.com\/intent\/tweet?text=Carteiro%20motorizado%20assaltado%20durante%20expediente%20ser%C3%A1%20indenizado%20pela%20ECT%0AVeja%20mais%20em:&amp;url=https:\/\/www.tst.jus.br\/-\/carteiro-motorizado-assaltado-durante-expediente-ser%C3%A1-indenizado-pela-ect\" target=\"_blank\" rel=\"noopener\"><\/a><br \/>\n                    <a class=\"share-linkedin\" href=\"https:\/\/www.linkedin.com\/shareArticle?mini=true&amp;url=https:\/\/www.tst.jus.br\/-\/carteiro-motorizado-assaltado-durante-expediente-ser%C3%A1-indenizado-pela-ect&amp;title=Carteiro%20motorizado%20assaltado%20durante%20expediente%20ser%C3%A1%20indenizado%20pela%20ECT\" target=\"_blank\" rel=\"noopener\"><\/a><br \/>\n                    <a class=\"share-whatsapp\" href=\"https:\/\/web.whatsapp.com\/send?text=https:\/\/www.tst.jus.br\/-\/carteiro-motorizado-assaltado-durante-expediente-ser%C3%A1-indenizado-pela-ect\" target=\"_blank\" rel=\"noopener\"><\/a><br \/>\n                    <a class=\"share-googleplus\" href=\"https:\/\/plus.google.com\/share?url=https:\/\/www.tst.jus.br\/-\/carteiro-motorizado-assaltado-durante-expediente-ser%C3%A1-indenizado-pela-ect\" target=\"_blank\" rel=\"noopener\"><\/a>\n                <\/div>\n<\/p><\/div>\n<div class=\"materia\">\n<p>14\/7\/2022 &#8211; A Terceira Turma do Tribunal Superior do Trabalho condenou a Empresa Brasileira de Correios e Tel\u00e9grafos (ECT) a indenizar, em R$ 20 mil, um carteiro motorizado por danos morais. O motivo foi o assalto sofrido por ele durante o expediente de trabalho em S\u00e3o Paulo (SP). O colegiado considerou que o profissional estava exposto a risco muito maior do que um trabalhador comum e, por isso, declarou que a responsabilidade civil da empresa \u00e9 objetiva no caso, sem a necessidade de se comprovar dolo ou culpa.\u00a0<\/p>\n<p>Na reclama\u00e7\u00e3o trabalhista, o empregado alegou que tem direito \u00e0 indeniza\u00e7\u00e3o por dano moral, por ter sido v\u00edtima de assalto \u00e0 m\u00e3o armada em 27\/5\/2020, durante a entrega de encomendas, como carteiro motorizado. Ele ainda argumentou que transportava mercadorias de alto valor monet\u00e1rio. \u00a0<\/p>\n<p><strong>Responsabilidade civil<\/strong><\/p>\n<p>O ju\u00edzo de primeiro grau julgou improcedente o pedido, e a decis\u00e3o foi mantida pelo Tribunal Regional do Trabalho da 2\u00aa Regi\u00e3o. Para o TRT, a responsabilidade civil aplicada ao caso seria a subjetiva (na qual deve ser comprovada a culpa da empresa), mas concluiu que n\u00e3o teria ocorrido neglig\u00eancia por parte da ECT.<\/p>\n<p>Conforme o Tribunal Regional, incumbiria ao Estado zelar pela seguran\u00e7a p\u00fablica, e n\u00e3o seria poss\u00edvel responsabilizar o particular por falhas no sistema de policiamento, \u201cespecialmente no que diz respeito \u00e0s atividades de car\u00e1ter ostensivo e preventivo\u201d. Na vis\u00e3o do TRT, n\u00e3o cabe atribuir \u00e0 ECT a responsabilidade pelo assalto, porque o dano moral sofrido pelo empregado decorreu de a\u00e7\u00e3o de terceiros alheios \u00e0 rela\u00e7\u00e3o de emprego, e n\u00e3o de conduta comissiva ou omissiva do empregador.\u00a0<\/p>\n<p><strong>Encomendas de valor elevado\u00a0<\/strong><\/p>\n<p>No recurso ao TST, o carteiro sustentou que, ainda que a empresa n\u00e3o tenha agido de forma culposa, deveria ser aplicada, ao caso, a responsabilidade objetiva (quando n\u00e3o \u00e9 necess\u00e1rio provar culpa) devido \u00e0 teoria do risco criado. Argumentou que a atividade econ\u00f4mica desempenhada pela ECT exige de seus empregados um servi\u00e7o realizado externamente \u00e0s suas depend\u00eancias, com a entrega de objetos de valor, tais como tal\u00f5es de cheques, cart\u00f5es de cr\u00e9dito, aparelhos eletroeletr\u00f4nicos, medicamentos, livros, alimenta\u00e7\u00e3o, expondo os empregados ao risco de assaltos, como os cinco assaltos que ele sofreu.\u00a0<\/p>\n<p>Acrescentou que, ao n\u00e3o propiciar ao carteiro condi\u00e7\u00f5es seguras de trabalho, \u201ctornando-o alvo f\u00e1cil da a\u00e7\u00e3o de meliantes\u201d, a ECT, \u201cno desenvolvimento de sua atividade, imp\u00f4s ao empregado a exposi\u00e7\u00e3o ao risco previs\u00edvel\u201d.<\/p>\n<p><strong>Risco acentuado<\/strong><\/p>\n<\/p>\n<p>Na avalia\u00e7\u00e3o do relator do recurso de revista, ministro Jos\u00e9 Roberto Freire Pimenta, apesar de a quest\u00e3o da aus\u00eancia de seguran\u00e7a p\u00fablica resultar em risco no exerc\u00edcio de qualquer atividade de trabalho, \u201ctratando-se de empregados que desenvolvem atividades na rua, entregando encomendas, por vezes de valor elevado, indubitavelmente que sua atividade \u00e9 de risco acentuado, incidindo a excepcionalidade prevista no par\u00e1grafo \u00fanico do artigo 927 do <a href=\"https:\/\/www.planalto.gov.br\/ccivil_03\/leis\/2002\/l10406compilada.htm\" target=\"_blank\" rel=\"noopener\">C\u00f3digo Civil<\/a>\u201d.<\/p>\n<p>O ministro destacou tamb\u00e9m que a viol\u00eancia da qual o carteiro foi v\u00edtima acarretou \u201cinequ\u00edvoco abalo psicol\u00f3gico\u201d, pass\u00edvel de ser indenizado por dano moral, pela empregadora. Assinalou que, \u201cem que pese a atividade de carteiro, regra geral, n\u00e3o ser considerada uma atividade de risco acentuado\u201d, n\u00e3o seria cr\u00edvel que, no caso, a fun\u00e7\u00e3o de carteiro motorizado, v\u00edtima de assalto \u00e0 m\u00e3o armada, \u201cn\u00e3o o expusesse a risco muito maior do que aquele a que est\u00e1 exposto o trabalhador comum, ou mesmo os pr\u00f3prios carteiros que laboram, porventura, internamente na empresa\u201d.<\/p>\n<p>Por unanimidade, o colegiado acompanhou o voto do relator para reconhecer a responsabilidade objetiva da ECT no pagamento de indeniza\u00e7\u00e3o por danos morais e, levando em conta os princ\u00edpios da razoabilidade e proporcionalidade, julgar procedente a a\u00e7\u00e3o e, consequentemente, condenar a empresa ao pagamento de indeniza\u00e7\u00e3o de R$20 mil.<\/p>\n<p>Contra a decis\u00e3o a ECT apresentou recurso extraordin\u00e1rio com a inten\u00e7\u00e3o de que o Supremo Tribunal Federal julgue o caso.\u00a0<\/p>\n<p>(LT\/GS) \u00a0 \u00a0 \u00a0 \u00a0 \u00a0 \u00a0 \u00a0 \u00a0 \u00a0 \u00a0 \u00a0 \u00a0 \u00a0 \u00a0 \u00a0 \u00a0 \u00a0 \u00a0 \u00a0 \u00a0 \u00a0 \u00a0 \u00a0 \u00a0 \u00a0 \u00a0 \u00a0 \u00a0 \u00a0 \u00a0 \u00a0 \u00a0 \u00a0 \u00a0 \u00a0 \u00a0 \u00a0 \u00a0 \u00a0 \u00a0 \u00a0 \u00a0 \u00a0 \u00a0 \u00a0 \u00a0 \u00a0 \u00a0\u00a0<\/p>\n<p>Processo: <a href=\"https:\/\/consultaprocessual.tst.jus.br\/consultaProcessual\/consultaTstNumUnica.do;jsessionid=X15GdTEq_NpoobC_Uo8V95yh7iPZ2D8_yJgafLtu.consultaprocessual-17-55gjk?conscsjt=&amp;numeroTst=1000477&amp;digitoTst=20&amp;anoTst=2021&amp;orgaoTst=5&amp;tribunalTst=&amp;varaTst=&amp;consulta=Consultar\" target=\"_blank\" rel=\"noopener\">RR &#8211; 1000477-20.2021.5.02.0606<\/a><\/p>\n<p>O TST possui oito Turmas, cada uma composta de tr\u00eas ministros, com a atribui\u00e7\u00e3o de analisar recursos de revista, agravos, agravos de instrumento, agravos regimentais e recursos ordin\u00e1rios em a\u00e7\u00e3o cautelar. Das decis\u00f5es das Turmas, a parte ainda pode, em alguns casos, recorrer \u00e0 Subse\u00e7\u00e3o I Especializada em Diss\u00eddios Individuais (SBDI-1).<\/p>\n<p>Esta mat\u00e9ria tem cunho meramente informativo.<br \/>\nPermitida a reprodu\u00e7\u00e3o mediante cita\u00e7\u00e3o da fonte.<br \/>\nSecretaria de Comunica\u00e7\u00e3o Social<br \/>\nTribunal Superior do Trabalho<br \/>\nTel. (61) 3043-4907\u00a0<br \/>\nsecom@tst.jus.br<\/p>\n<\/div><\/div>\n<\/div>\n","protected":false},"excerpt":{"rendered":"<p>Profissional relatou que foi assaltado cinco vezes e, dessa vez, \u00e0 m\u00e3o armada Imagem de um homem conduzindo moto para entrega de encomendas 14\/7\/2022 &#8211; A Terceira Turma do Tribunal Superior do Trabalho condenou a Empresa Brasileira de Correios e Tel\u00e9grafos (ECT) a indenizar, em R$ 20 mil, um carteiro motorizado por danos morais. O [&hellip;]<\/p>\n","protected":false},"author":0,"featured_media":11623,"comment_status":"open","ping_status":"","sticky":false,"template":"","format":"standard","meta":{"footnotes":""},"categories":[5],"tags":[],"class_list":["post-11622","post","type-post","status-publish","format-standard","has-post-thumbnail","hentry","category-noticias-educacao-financeira"],"blocksy_meta":{"styles_descriptor":{"styles":{"desktop":"","tablet":"","mobile":""},"google_fonts":[],"version":6}},"yoast_head":"<!-- This site is optimized with the Yoast SEO plugin v27.4 - https:\/\/yoast.com\/product\/yoast-seo-wordpress\/ -->\n<title>Carteiro motorizado assaltado durante expediente ser\u00e1 indenizado pela ECT - Contabilidade Caxias<\/title>\n<meta name=\"robots\" content=\"index, follow, max-snippet:-1, max-image-preview:large, max-video-preview:-1\" \/>\n<link rel=\"canonical\" href=\"https:\/\/contabilidadecaxias.com.br\/index.php\/2022\/07\/14\/carteiro-motorizado-assaltado-durante-expediente-sera-indenizado-pela-ect\/\" \/>\n<meta property=\"og:locale\" content=\"pt_BR\" \/>\n<meta property=\"og:type\" content=\"article\" \/>\n<meta property=\"og:title\" content=\"Carteiro motorizado assaltado durante expediente ser\u00e1 indenizado pela ECT - Contabilidade Caxias\" \/>\n<meta property=\"og:description\" content=\"Profissional relatou que foi assaltado cinco vezes e, dessa vez, \u00e0 m\u00e3o armada Imagem de um homem conduzindo moto para entrega de encomendas 14\/7\/2022 &#8211; A Terceira Turma do Tribunal Superior do Trabalho condenou a Empresa Brasileira de Correios e Tel\u00e9grafos (ECT) a indenizar, em R$ 20 mil, um carteiro motorizado por danos morais. O [&hellip;]\" \/>\n<meta property=\"og:url\" content=\"https:\/\/contabilidadecaxias.com.br\/index.php\/2022\/07\/14\/carteiro-motorizado-assaltado-durante-expediente-sera-indenizado-pela-ect\/\" \/>\n<meta property=\"og:site_name\" content=\"Contabilidade Caxias\" \/>\n<meta property=\"article:published_time\" content=\"2022-07-14T19:15:05+00:00\" \/>\n<meta name=\"twitter:card\" content=\"summary_large_image\" \/>\n<meta name=\"twitter:label1\" content=\"Est. tempo de leitura\" \/>\n\t<meta name=\"twitter:data1\" content=\"4 minutos\" \/>\n<script type=\"application\/ld+json\" class=\"yoast-schema-graph\">{\"@context\":\"https:\\\/\\\/schema.org\",\"@graph\":[{\"@type\":\"Article\",\"@id\":\"https:\\\/\\\/contabilidadecaxias.com.br\\\/index.php\\\/2022\\\/07\\\/14\\\/carteiro-motorizado-assaltado-durante-expediente-sera-indenizado-pela-ect\\\/#article\",\"isPartOf\":{\"@id\":\"https:\\\/\\\/contabilidadecaxias.com.br\\\/index.php\\\/2022\\\/07\\\/14\\\/carteiro-motorizado-assaltado-durante-expediente-sera-indenizado-pela-ect\\\/\"},\"author\":{\"name\":\"\",\"@id\":\"\"},\"headline\":\"Carteiro motorizado assaltado durante expediente ser\u00e1 indenizado pela ECT\",\"datePublished\":\"2022-07-14T19:15:05+00:00\",\"mainEntityOfPage\":{\"@id\":\"https:\\\/\\\/contabilidadecaxias.com.br\\\/index.php\\\/2022\\\/07\\\/14\\\/carteiro-motorizado-assaltado-durante-expediente-sera-indenizado-pela-ect\\\/\"},\"wordCount\":800,\"commentCount\":0,\"image\":{\"@id\":\"https:\\\/\\\/contabilidadecaxias.com.br\\\/index.php\\\/2022\\\/07\\\/14\\\/carteiro-motorizado-assaltado-durante-expediente-sera-indenizado-pela-ect\\\/#primaryimage\"},\"thumbnailUrl\":\"https:\\\/\\\/contabilidadecaxias.com.br\\\/wp-content\\\/uploads\\\/2022\\\/07\\\/acab7220-4980-1470-9bc5-932d4805e5da-DDo2ZG.jpeg\",\"articleSection\":[\"Educa\u00e7\u00e3o Financeira\"],\"inLanguage\":\"pt-BR\",\"potentialAction\":[{\"@type\":\"CommentAction\",\"name\":\"Comment\",\"target\":[\"https:\\\/\\\/contabilidadecaxias.com.br\\\/index.php\\\/2022\\\/07\\\/14\\\/carteiro-motorizado-assaltado-durante-expediente-sera-indenizado-pela-ect\\\/#respond\"]}]},{\"@type\":\"WebPage\",\"@id\":\"https:\\\/\\\/contabilidadecaxias.com.br\\\/index.php\\\/2022\\\/07\\\/14\\\/carteiro-motorizado-assaltado-durante-expediente-sera-indenizado-pela-ect\\\/\",\"url\":\"https:\\\/\\\/contabilidadecaxias.com.br\\\/index.php\\\/2022\\\/07\\\/14\\\/carteiro-motorizado-assaltado-durante-expediente-sera-indenizado-pela-ect\\\/\",\"name\":\"Carteiro motorizado assaltado durante expediente ser\u00e1 indenizado pela ECT - Contabilidade Caxias\",\"isPartOf\":{\"@id\":\"https:\\\/\\\/contabilidadecaxias.com.br\\\/#website\"},\"primaryImageOfPage\":{\"@id\":\"https:\\\/\\\/contabilidadecaxias.com.br\\\/index.php\\\/2022\\\/07\\\/14\\\/carteiro-motorizado-assaltado-durante-expediente-sera-indenizado-pela-ect\\\/#primaryimage\"},\"image\":{\"@id\":\"https:\\\/\\\/contabilidadecaxias.com.br\\\/index.php\\\/2022\\\/07\\\/14\\\/carteiro-motorizado-assaltado-durante-expediente-sera-indenizado-pela-ect\\\/#primaryimage\"},\"thumbnailUrl\":\"https:\\\/\\\/contabilidadecaxias.com.br\\\/wp-content\\\/uploads\\\/2022\\\/07\\\/acab7220-4980-1470-9bc5-932d4805e5da-DDo2ZG.jpeg\",\"datePublished\":\"2022-07-14T19:15:05+00:00\",\"author\":{\"@id\":\"\"},\"breadcrumb\":{\"@id\":\"https:\\\/\\\/contabilidadecaxias.com.br\\\/index.php\\\/2022\\\/07\\\/14\\\/carteiro-motorizado-assaltado-durante-expediente-sera-indenizado-pela-ect\\\/#breadcrumb\"},\"inLanguage\":\"pt-BR\",\"potentialAction\":[{\"@type\":\"ReadAction\",\"target\":[\"https:\\\/\\\/contabilidadecaxias.com.br\\\/index.php\\\/2022\\\/07\\\/14\\\/carteiro-motorizado-assaltado-durante-expediente-sera-indenizado-pela-ect\\\/\"]}]},{\"@type\":\"ImageObject\",\"inLanguage\":\"pt-BR\",\"@id\":\"https:\\\/\\\/contabilidadecaxias.com.br\\\/index.php\\\/2022\\\/07\\\/14\\\/carteiro-motorizado-assaltado-durante-expediente-sera-indenizado-pela-ect\\\/#primaryimage\",\"url\":\"https:\\\/\\\/contabilidadecaxias.com.br\\\/wp-content\\\/uploads\\\/2022\\\/07\\\/acab7220-4980-1470-9bc5-932d4805e5da-DDo2ZG.jpeg\",\"contentUrl\":\"https:\\\/\\\/contabilidadecaxias.com.br\\\/wp-content\\\/uploads\\\/2022\\\/07\\\/acab7220-4980-1470-9bc5-932d4805e5da-DDo2ZG.jpeg\",\"width\":2122,\"height\":1412},{\"@type\":\"BreadcrumbList\",\"@id\":\"https:\\\/\\\/contabilidadecaxias.com.br\\\/index.php\\\/2022\\\/07\\\/14\\\/carteiro-motorizado-assaltado-durante-expediente-sera-indenizado-pela-ect\\\/#breadcrumb\",\"itemListElement\":[{\"@type\":\"ListItem\",\"position\":1,\"name\":\"In\u00edcio\",\"item\":\"https:\\\/\\\/contabilidadecaxias.com.br\\\/\"},{\"@type\":\"ListItem\",\"position\":2,\"name\":\"Carteiro motorizado assaltado durante expediente ser\u00e1 indenizado pela ECT\"}]},{\"@type\":\"WebSite\",\"@id\":\"https:\\\/\\\/contabilidadecaxias.com.br\\\/#website\",\"url\":\"https:\\\/\\\/contabilidadecaxias.com.br\\\/\",\"name\":\"Contabilidade Caxias\",\"description\":\"Site especializado em Contabilidade para Caxias.\",\"potentialAction\":[{\"@type\":\"SearchAction\",\"target\":{\"@type\":\"EntryPoint\",\"urlTemplate\":\"https:\\\/\\\/contabilidadecaxias.com.br\\\/?s={search_term_string}\"},\"query-input\":{\"@type\":\"PropertyValueSpecification\",\"valueRequired\":true,\"valueName\":\"search_term_string\"}}],\"inLanguage\":\"pt-BR\"}]}<\/script>\n<!-- \/ Yoast SEO plugin. -->","yoast_head_json":{"title":"Carteiro motorizado assaltado durante expediente ser\u00e1 indenizado pela ECT - Contabilidade Caxias","robots":{"index":"index","follow":"follow","max-snippet":"max-snippet:-1","max-image-preview":"max-image-preview:large","max-video-preview":"max-video-preview:-1"},"canonical":"https:\/\/contabilidadecaxias.com.br\/index.php\/2022\/07\/14\/carteiro-motorizado-assaltado-durante-expediente-sera-indenizado-pela-ect\/","og_locale":"pt_BR","og_type":"article","og_title":"Carteiro motorizado assaltado durante expediente ser\u00e1 indenizado pela ECT - Contabilidade Caxias","og_description":"Profissional relatou que foi assaltado cinco vezes e, dessa vez, \u00e0 m\u00e3o armada Imagem de um homem conduzindo moto para entrega de encomendas 14\/7\/2022 &#8211; A Terceira Turma do Tribunal Superior do Trabalho condenou a Empresa Brasileira de Correios e Tel\u00e9grafos (ECT) a indenizar, em R$ 20 mil, um carteiro motorizado por danos morais. O [&hellip;]","og_url":"https:\/\/contabilidadecaxias.com.br\/index.php\/2022\/07\/14\/carteiro-motorizado-assaltado-durante-expediente-sera-indenizado-pela-ect\/","og_site_name":"Contabilidade Caxias","article_published_time":"2022-07-14T19:15:05+00:00","twitter_card":"summary_large_image","twitter_misc":{"Est. tempo de leitura":"4 minutos"},"schema":{"@context":"https:\/\/schema.org","@graph":[{"@type":"Article","@id":"https:\/\/contabilidadecaxias.com.br\/index.php\/2022\/07\/14\/carteiro-motorizado-assaltado-durante-expediente-sera-indenizado-pela-ect\/#article","isPartOf":{"@id":"https:\/\/contabilidadecaxias.com.br\/index.php\/2022\/07\/14\/carteiro-motorizado-assaltado-durante-expediente-sera-indenizado-pela-ect\/"},"author":{"name":"","@id":""},"headline":"Carteiro motorizado assaltado durante expediente ser\u00e1 indenizado pela ECT","datePublished":"2022-07-14T19:15:05+00:00","mainEntityOfPage":{"@id":"https:\/\/contabilidadecaxias.com.br\/index.php\/2022\/07\/14\/carteiro-motorizado-assaltado-durante-expediente-sera-indenizado-pela-ect\/"},"wordCount":800,"commentCount":0,"image":{"@id":"https:\/\/contabilidadecaxias.com.br\/index.php\/2022\/07\/14\/carteiro-motorizado-assaltado-durante-expediente-sera-indenizado-pela-ect\/#primaryimage"},"thumbnailUrl":"https:\/\/contabilidadecaxias.com.br\/wp-content\/uploads\/2022\/07\/acab7220-4980-1470-9bc5-932d4805e5da-DDo2ZG.jpeg","articleSection":["Educa\u00e7\u00e3o Financeira"],"inLanguage":"pt-BR","potentialAction":[{"@type":"CommentAction","name":"Comment","target":["https:\/\/contabilidadecaxias.com.br\/index.php\/2022\/07\/14\/carteiro-motorizado-assaltado-durante-expediente-sera-indenizado-pela-ect\/#respond"]}]},{"@type":"WebPage","@id":"https:\/\/contabilidadecaxias.com.br\/index.php\/2022\/07\/14\/carteiro-motorizado-assaltado-durante-expediente-sera-indenizado-pela-ect\/","url":"https:\/\/contabilidadecaxias.com.br\/index.php\/2022\/07\/14\/carteiro-motorizado-assaltado-durante-expediente-sera-indenizado-pela-ect\/","name":"Carteiro motorizado assaltado durante expediente ser\u00e1 indenizado pela ECT - Contabilidade Caxias","isPartOf":{"@id":"https:\/\/contabilidadecaxias.com.br\/#website"},"primaryImageOfPage":{"@id":"https:\/\/contabilidadecaxias.com.br\/index.php\/2022\/07\/14\/carteiro-motorizado-assaltado-durante-expediente-sera-indenizado-pela-ect\/#primaryimage"},"image":{"@id":"https:\/\/contabilidadecaxias.com.br\/index.php\/2022\/07\/14\/carteiro-motorizado-assaltado-durante-expediente-sera-indenizado-pela-ect\/#primaryimage"},"thumbnailUrl":"https:\/\/contabilidadecaxias.com.br\/wp-content\/uploads\/2022\/07\/acab7220-4980-1470-9bc5-932d4805e5da-DDo2ZG.jpeg","datePublished":"2022-07-14T19:15:05+00:00","author":{"@id":""},"breadcrumb":{"@id":"https:\/\/contabilidadecaxias.com.br\/index.php\/2022\/07\/14\/carteiro-motorizado-assaltado-durante-expediente-sera-indenizado-pela-ect\/#breadcrumb"},"inLanguage":"pt-BR","potentialAction":[{"@type":"ReadAction","target":["https:\/\/contabilidadecaxias.com.br\/index.php\/2022\/07\/14\/carteiro-motorizado-assaltado-durante-expediente-sera-indenizado-pela-ect\/"]}]},{"@type":"ImageObject","inLanguage":"pt-BR","@id":"https:\/\/contabilidadecaxias.com.br\/index.php\/2022\/07\/14\/carteiro-motorizado-assaltado-durante-expediente-sera-indenizado-pela-ect\/#primaryimage","url":"https:\/\/contabilidadecaxias.com.br\/wp-content\/uploads\/2022\/07\/acab7220-4980-1470-9bc5-932d4805e5da-DDo2ZG.jpeg","contentUrl":"https:\/\/contabilidadecaxias.com.br\/wp-content\/uploads\/2022\/07\/acab7220-4980-1470-9bc5-932d4805e5da-DDo2ZG.jpeg","width":2122,"height":1412},{"@type":"BreadcrumbList","@id":"https:\/\/contabilidadecaxias.com.br\/index.php\/2022\/07\/14\/carteiro-motorizado-assaltado-durante-expediente-sera-indenizado-pela-ect\/#breadcrumb","itemListElement":[{"@type":"ListItem","position":1,"name":"In\u00edcio","item":"https:\/\/contabilidadecaxias.com.br\/"},{"@type":"ListItem","position":2,"name":"Carteiro motorizado assaltado durante expediente ser\u00e1 indenizado pela ECT"}]},{"@type":"WebSite","@id":"https:\/\/contabilidadecaxias.com.br\/#website","url":"https:\/\/contabilidadecaxias.com.br\/","name":"Contabilidade Caxias","description":"Site especializado em Contabilidade para Caxias.","potentialAction":[{"@type":"SearchAction","target":{"@type":"EntryPoint","urlTemplate":"https:\/\/contabilidadecaxias.com.br\/?s={search_term_string}"},"query-input":{"@type":"PropertyValueSpecification","valueRequired":true,"valueName":"search_term_string"}}],"inLanguage":"pt-BR"}]}},"_links":{"self":[{"href":"https:\/\/contabilidadecaxias.com.br\/index.php\/wp-json\/wp\/v2\/posts\/11622","targetHints":{"allow":["GET"]}}],"collection":[{"href":"https:\/\/contabilidadecaxias.com.br\/index.php\/wp-json\/wp\/v2\/posts"}],"about":[{"href":"https:\/\/contabilidadecaxias.com.br\/index.php\/wp-json\/wp\/v2\/types\/post"}],"replies":[{"embeddable":true,"href":"https:\/\/contabilidadecaxias.com.br\/index.php\/wp-json\/wp\/v2\/comments?post=11622"}],"version-history":[{"count":0,"href":"https:\/\/contabilidadecaxias.com.br\/index.php\/wp-json\/wp\/v2\/posts\/11622\/revisions"}],"wp:featuredmedia":[{"embeddable":true,"href":"https:\/\/contabilidadecaxias.com.br\/index.php\/wp-json\/wp\/v2\/media\/11623"}],"wp:attachment":[{"href":"https:\/\/contabilidadecaxias.com.br\/index.php\/wp-json\/wp\/v2\/media?parent=11622"}],"wp:term":[{"taxonomy":"category","embeddable":true,"href":"https:\/\/contabilidadecaxias.com.br\/index.php\/wp-json\/wp\/v2\/categories?post=11622"},{"taxonomy":"post_tag","embeddable":true,"href":"https:\/\/contabilidadecaxias.com.br\/index.php\/wp-json\/wp\/v2\/tags?post=11622"}],"curies":[{"name":"wp","href":"https:\/\/api.w.org\/{rel}","templated":true}]}}