{"id":11619,"date":"2022-07-14T16:14:58","date_gmt":"2022-07-14T19:14:58","guid":{"rendered":"https:\/\/contabilidadecaxias.com.br\/index.php\/2022\/07\/14\/abertas-inscricoes-para-xii-congresso-regional-americano-de-direito-do-trabalho-e-seguridade-social\/"},"modified":"2022-07-14T16:14:58","modified_gmt":"2022-07-14T19:14:58","slug":"abertas-inscricoes-para-xii-congresso-regional-americano-de-direito-do-trabalho-e-seguridade-social","status":"publish","type":"post","link":"https:\/\/contabilidadecaxias.com.br\/index.php\/2022\/07\/14\/abertas-inscricoes-para-xii-congresso-regional-americano-de-direito-do-trabalho-e-seguridade-social\/","title":{"rendered":"Abertas inscri\u00e7\u00f5es para XII Congresso Regional Americano de Direito do Trabalho e Seguridade Social"},"content":{"rendered":"<div class=\"noticia-wrapper\">\n<p><em><\/p>\n<p>Tamb\u00e9m ser\u00e1 realizado o XII Congresso Internacional da Academia Brasileira de Direito do Trabalho; atividades ocorrer\u00e3o de 14 a 16 de setembro.<\/p>\n<p><\/em><\/p>\n<div class=\"social-media-share mobile\">\n        <a class=\"share-facebook\" href=\"https:\/\/www.facebook.com\/sharer.php?u=https:\/\/www.tst.jus.br\/-\/abertas-inscri%C3%A7%C3%B5es-para-xii-congresso-regional-americano-de-direito-do-trabalho-e-seguridade-social\" target=\"_blank\" rel=\"noopener\"><\/a><br \/>\n        <a class=\"share-twitter\" href=\"https:\/\/twitter.com\/intent\/tweet?text=Abertas%20inscri%C3%A7%C3%B5es%20para%20XII%20Congresso%20Regional%20Americano%20de%20Direito%20do%20Trabalho%20e%20Seguridade%20Social%0AVeja%20mais%20em:&amp;url=https:\/\/www.tst.jus.br\/-\/abertas-inscri%C3%A7%C3%B5es-para-xii-congresso-regional-americano-de-direito-do-trabalho-e-seguridade-social\" target=\"_blank\" rel=\"noopener\"><\/a><br \/>\n        <a class=\"share-linkedin\" href=\"https:\/\/www.linkedin.com\/shareArticle?mini=true&amp;url=https:\/\/www.tst.jus.br\/-\/abertas-inscri%C3%A7%C3%B5es-para-xii-congresso-regional-americano-de-direito-do-trabalho-e-seguridade-social&amp;title=Abertas%20inscri%C3%A7%C3%B5es%20para%20XII%20Congresso%20Regional%20Americano%20de%20Direito%20do%20Trabalho%20e%20Seguridade%20Social\" target=\"_blank\" rel=\"noopener\"><\/a><br \/>\n        <a class=\"share-whatsapp\" href=\"https:\/\/web.whatsapp.com\/send?text=https:\/\/www.tst.jus.br\/-\/abertas-inscri%C3%A7%C3%B5es-para-xii-congresso-regional-americano-de-direito-do-trabalho-e-seguridade-social\" target=\"_blank\" rel=\"noopener\"><\/a><br \/>\n        <a class=\"share-googleplus\" href=\"https:\/\/plus.google.com\/share?url=https:\/\/www.tst.jus.br\/-\/abertas-inscri%C3%A7%C3%B5es-para-xii-congresso-regional-americano-de-direito-do-trabalho-e-seguridade-social\" target=\"_blank\" rel=\"noopener\"><\/a>\n    <\/div>\n<div class=\"news-body\">\n<div class=\"imagem-da-noticia\">\n<p>Imagem da est\u00e1tua da deusa T\u00eamis<\/p>\n<div class=\"social-media-share\">\n                    <a class=\"share-facebook\" href=\"https:\/\/www.facebook.com\/sharer.php?u=https:\/\/www.tst.jus.br\/-\/abertas-inscri%C3%A7%C3%B5es-para-xii-congresso-regional-americano-de-direito-do-trabalho-e-seguridade-social\" target=\"_blank\" rel=\"noopener\"><\/a><br \/>\n                    <a class=\"share-twitter\" href=\"https:\/\/twitter.com\/intent\/tweet?text=Abertas%20inscri%C3%A7%C3%B5es%20para%20XII%20Congresso%20Regional%20Americano%20de%20Direito%20do%20Trabalho%20e%20Seguridade%20Social%0AVeja%20mais%20em:&amp;url=https:\/\/www.tst.jus.br\/-\/abertas-inscri%C3%A7%C3%B5es-para-xii-congresso-regional-americano-de-direito-do-trabalho-e-seguridade-social\" target=\"_blank\" rel=\"noopener\"><\/a><br \/>\n                    <a class=\"share-linkedin\" href=\"https:\/\/www.linkedin.com\/shareArticle?mini=true&amp;url=https:\/\/www.tst.jus.br\/-\/abertas-inscri%C3%A7%C3%B5es-para-xii-congresso-regional-americano-de-direito-do-trabalho-e-seguridade-social&amp;title=Abertas%20inscri%C3%A7%C3%B5es%20para%20XII%20Congresso%20Regional%20Americano%20de%20Direito%20do%20Trabalho%20e%20Seguridade%20Social\" target=\"_blank\" rel=\"noopener\"><\/a><br \/>\n                    <a class=\"share-whatsapp\" href=\"https:\/\/web.whatsapp.com\/send?text=https:\/\/www.tst.jus.br\/-\/abertas-inscri%C3%A7%C3%B5es-para-xii-congresso-regional-americano-de-direito-do-trabalho-e-seguridade-social\" target=\"_blank\" rel=\"noopener\"><\/a><br \/>\n                    <a class=\"share-googleplus\" href=\"https:\/\/plus.google.com\/share?url=https:\/\/www.tst.jus.br\/-\/abertas-inscri%C3%A7%C3%B5es-para-xii-congresso-regional-americano-de-direito-do-trabalho-e-seguridade-social\" target=\"_blank\" rel=\"noopener\"><\/a>\n                <\/div>\n<\/p><\/div>\n<div class=\"materia\">\n<p>14\/7\/2022 &#8211; Entre os dias 14 e 16 de setembro, ser\u00e3o realizados o XII Congresso Regional Americano de Direito do Trabalho e da Seguridade Social e o XII Congresso Internacional da Academia Brasileira de Direito do Trabalho. Os eventos ocorrer\u00e3o em formato h\u00edbrido, com atividades presenciais na cidade de S\u00e3o Paulo. As inscri\u00e7\u00f5es est\u00e3o abertas e podem ser realizadas no\u00a0<a href=\"https:\/\/www.andtbrasil.org.br\/\" target=\"_blank\" rel=\"noopener\">site da Academia Brasileira de Direito do Trabalho (ABDT<\/a>), que realiza os congressos em conjunto com a Sociedade Internacional de Direito do Trabalho e Seguridade Social (SIDTSS). Os eventos contam com o apoio institucional do Tribunal Superior do Trabalho (TST).<\/p>\n<p>Com o tema \u201cDemocracia e Trabalho: di\u00e1logos para uma Nova Economia Social de Mercado\u201d, os congressos reunir\u00e3o juristas e pensadores do Direito do Trabalho da Am\u00e9rica do Norte, Am\u00e9rica Central e Am\u00e9rica do Sul, al\u00e9m de convidados europeus. Ao todo, j\u00e1 s\u00e3o 60 oradores confirmados, de 16 diferentes pa\u00edses, que participar\u00e3o de forma presencial ou remota.<\/p>\n<p>O objetivo \u00e9 debater e promover uma reflex\u00e3o sobre as transforma\u00e7\u00f5es que est\u00e3o ocorrendo no mundo do trabalho e nas rela\u00e7\u00f5es contratuais entre trabalhadores e empregadores, decorrentes especialmente do avan\u00e7o tecnol\u00f3gico, e que foram aceleradas em raz\u00e3o da pandemia.<\/p>\n<p>Assim, os pain\u00e9is discutir\u00e3o rela\u00e7\u00f5es de trabalho sob os prismas de ra\u00e7a, religi\u00e3o, novas tecnologias, papel dos sindicatos, sindicalismo na Am\u00e9rica, reformas laborais, pol\u00edticas de inclus\u00e3o social, trabalho aut\u00f4nomo dependente, populismo, democracia, conflitos coletivos, direitos humanos, inclus\u00e3o digital e ESG (sigla em ingl\u00eas para meio ambiente, social e governan\u00e7a corporativa, que se associa \u00e0 responsabilidade ambiental e social das empresas).<\/p>\n<p>Os eventos contar\u00e3o com a participa\u00e7\u00e3o de ministros do Tribunal Superior do Trabalho. \u00a0Entre eles, o presidente da Corte, ministro Emmanoel Pereira, o ministro Agra Belmonte e o ministro Cl\u00e1udio Brand\u00e3o. . As confer\u00eancias ser\u00e3o proferidas pela atual presidente da SIDTSS, Mar\u00eda Emilia Casas Baamonde (Espanha), pelos ex-presidentes da entidade Adrian Goldin (Argentina) e Jean-Michel Servais (B\u00e9lgica) e pela professora Elizabeth Tippet (Estados Unidos).<\/p>\n<p>As inscri\u00e7\u00f5es custam R$ 300 para o p\u00fablico geral e R$ 100 para estudantes. Tamb\u00e9m poder\u00e3o ser submetidos artigos de pesquisas com temas relacionados aos congressos. O envio dos resumos deve ser feito at\u00e9 31 de julho. Todas as informa\u00e7\u00f5es est\u00e3o dispon\u00edveis <a href=\"https:\/\/www.andtbrasil.org.br\/pt\/\" target=\"_blank\" rel=\"noopener\">no site da ANDT<\/a>.<\/p>\n<p>(NP\/TG)<\/p>\n<p>Esta mat\u00e9ria tem cunho meramente informativo.<br \/>\nPermitida a reprodu\u00e7\u00e3o mediante cita\u00e7\u00e3o da fonte.<br \/>\nSecretaria de Comunica\u00e7\u00e3o Social<br \/>\nTribunal Superior do Trabalho<br \/>\nTel. (61) 3043-4907\u00a0<br \/>\nsecom@tst.jus.br\u00a0<br \/>\n\u00a0<\/p>\n<\/div><\/div>\n<\/div>\n","protected":false},"excerpt":{"rendered":"<p>Tamb\u00e9m ser\u00e1 realizado o XII Congresso Internacional da Academia Brasileira de Direito do Trabalho; atividades ocorrer\u00e3o de 14 a 16 de setembro. Imagem da est\u00e1tua da deusa T\u00eamis 14\/7\/2022 &#8211; Entre os dias 14 e 16 de setembro, ser\u00e3o realizados o XII Congresso Regional Americano de Direito do Trabalho e da Seguridade Social e o [&hellip;]<\/p>\n","protected":false},"author":0,"featured_media":11620,"comment_status":"open","ping_status":"","sticky":false,"template":"","format":"standard","meta":{"footnotes":""},"categories":[5],"tags":[],"class_list":["post-11619","post","type-post","status-publish","format-standard","has-post-thumbnail","hentry","category-noticias-educacao-financeira"],"blocksy_meta":{"styles_descriptor":{"styles":{"desktop":"","tablet":"","mobile":""},"google_fonts":[],"version":6}},"yoast_head":"<!-- This site is optimized with the Yoast SEO plugin v27.4 - https:\/\/yoast.com\/product\/yoast-seo-wordpress\/ -->\n<title>Abertas inscri\u00e7\u00f5es para XII Congresso Regional Americano de Direito do Trabalho e Seguridade Social - Contabilidade Caxias<\/title>\n<meta name=\"robots\" content=\"index, follow, max-snippet:-1, max-image-preview:large, max-video-preview:-1\" \/>\n<link rel=\"canonical\" href=\"https:\/\/contabilidadecaxias.com.br\/index.php\/2022\/07\/14\/abertas-inscricoes-para-xii-congresso-regional-americano-de-direito-do-trabalho-e-seguridade-social\/\" \/>\n<meta property=\"og:locale\" content=\"pt_BR\" \/>\n<meta property=\"og:type\" content=\"article\" \/>\n<meta property=\"og:title\" content=\"Abertas inscri\u00e7\u00f5es para XII Congresso Regional Americano de Direito do Trabalho e Seguridade Social - Contabilidade Caxias\" \/>\n<meta property=\"og:description\" content=\"Tamb\u00e9m ser\u00e1 realizado o XII Congresso Internacional da Academia Brasileira de Direito do Trabalho; atividades ocorrer\u00e3o de 14 a 16 de setembro. Imagem da est\u00e1tua da deusa T\u00eamis 14\/7\/2022 &#8211; Entre os dias 14 e 16 de setembro, ser\u00e3o realizados o XII Congresso Regional Americano de Direito do Trabalho e da Seguridade Social e o [&hellip;]\" \/>\n<meta property=\"og:url\" content=\"https:\/\/contabilidadecaxias.com.br\/index.php\/2022\/07\/14\/abertas-inscricoes-para-xii-congresso-regional-americano-de-direito-do-trabalho-e-seguridade-social\/\" \/>\n<meta property=\"og:site_name\" content=\"Contabilidade Caxias\" \/>\n<meta property=\"article:published_time\" content=\"2022-07-14T19:14:58+00:00\" \/>\n<meta name=\"twitter:card\" content=\"summary_large_image\" \/>\n<meta name=\"twitter:label1\" content=\"Est. tempo de leitura\" \/>\n\t<meta name=\"twitter:data1\" content=\"2 minutos\" \/>\n<script type=\"application\/ld+json\" class=\"yoast-schema-graph\">{\"@context\":\"https:\\\/\\\/schema.org\",\"@graph\":[{\"@type\":\"Article\",\"@id\":\"https:\\\/\\\/contabilidadecaxias.com.br\\\/index.php\\\/2022\\\/07\\\/14\\\/abertas-inscricoes-para-xii-congresso-regional-americano-de-direito-do-trabalho-e-seguridade-social\\\/#article\",\"isPartOf\":{\"@id\":\"https:\\\/\\\/contabilidadecaxias.com.br\\\/index.php\\\/2022\\\/07\\\/14\\\/abertas-inscricoes-para-xii-congresso-regional-americano-de-direito-do-trabalho-e-seguridade-social\\\/\"},\"author\":{\"name\":\"\",\"@id\":\"\"},\"headline\":\"Abertas inscri\u00e7\u00f5es para XII Congresso Regional Americano de Direito do Trabalho e Seguridade Social\",\"datePublished\":\"2022-07-14T19:14:58+00:00\",\"mainEntityOfPage\":{\"@id\":\"https:\\\/\\\/contabilidadecaxias.com.br\\\/index.php\\\/2022\\\/07\\\/14\\\/abertas-inscricoes-para-xii-congresso-regional-americano-de-direito-do-trabalho-e-seguridade-social\\\/\"},\"wordCount\":481,\"commentCount\":0,\"image\":{\"@id\":\"https:\\\/\\\/contabilidadecaxias.com.br\\\/index.php\\\/2022\\\/07\\\/14\\\/abertas-inscricoes-para-xii-congresso-regional-americano-de-direito-do-trabalho-e-seguridade-social\\\/#primaryimage\"},\"thumbnailUrl\":\"https:\\\/\\\/contabilidadecaxias.com.br\\\/wp-content\\\/uploads\\\/2022\\\/07\\\/03d6a238-f23f-8686-9b47-23bf743cd9e4-E9wB9W.jpeg\",\"articleSection\":[\"Educa\u00e7\u00e3o Financeira\"],\"inLanguage\":\"pt-BR\",\"potentialAction\":[{\"@type\":\"CommentAction\",\"name\":\"Comment\",\"target\":[\"https:\\\/\\\/contabilidadecaxias.com.br\\\/index.php\\\/2022\\\/07\\\/14\\\/abertas-inscricoes-para-xii-congresso-regional-americano-de-direito-do-trabalho-e-seguridade-social\\\/#respond\"]}]},{\"@type\":\"WebPage\",\"@id\":\"https:\\\/\\\/contabilidadecaxias.com.br\\\/index.php\\\/2022\\\/07\\\/14\\\/abertas-inscricoes-para-xii-congresso-regional-americano-de-direito-do-trabalho-e-seguridade-social\\\/\",\"url\":\"https:\\\/\\\/contabilidadecaxias.com.br\\\/index.php\\\/2022\\\/07\\\/14\\\/abertas-inscricoes-para-xii-congresso-regional-americano-de-direito-do-trabalho-e-seguridade-social\\\/\",\"name\":\"Abertas inscri\u00e7\u00f5es para XII Congresso Regional Americano de Direito do Trabalho e Seguridade Social - Contabilidade Caxias\",\"isPartOf\":{\"@id\":\"https:\\\/\\\/contabilidadecaxias.com.br\\\/#website\"},\"primaryImageOfPage\":{\"@id\":\"https:\\\/\\\/contabilidadecaxias.com.br\\\/index.php\\\/2022\\\/07\\\/14\\\/abertas-inscricoes-para-xii-congresso-regional-americano-de-direito-do-trabalho-e-seguridade-social\\\/#primaryimage\"},\"image\":{\"@id\":\"https:\\\/\\\/contabilidadecaxias.com.br\\\/index.php\\\/2022\\\/07\\\/14\\\/abertas-inscricoes-para-xii-congresso-regional-americano-de-direito-do-trabalho-e-seguridade-social\\\/#primaryimage\"},\"thumbnailUrl\":\"https:\\\/\\\/contabilidadecaxias.com.br\\\/wp-content\\\/uploads\\\/2022\\\/07\\\/03d6a238-f23f-8686-9b47-23bf743cd9e4-E9wB9W.jpeg\",\"datePublished\":\"2022-07-14T19:14:58+00:00\",\"author\":{\"@id\":\"\"},\"breadcrumb\":{\"@id\":\"https:\\\/\\\/contabilidadecaxias.com.br\\\/index.php\\\/2022\\\/07\\\/14\\\/abertas-inscricoes-para-xii-congresso-regional-americano-de-direito-do-trabalho-e-seguridade-social\\\/#breadcrumb\"},\"inLanguage\":\"pt-BR\",\"potentialAction\":[{\"@type\":\"ReadAction\",\"target\":[\"https:\\\/\\\/contabilidadecaxias.com.br\\\/index.php\\\/2022\\\/07\\\/14\\\/abertas-inscricoes-para-xii-congresso-regional-americano-de-direito-do-trabalho-e-seguridade-social\\\/\"]}]},{\"@type\":\"ImageObject\",\"inLanguage\":\"pt-BR\",\"@id\":\"https:\\\/\\\/contabilidadecaxias.com.br\\\/index.php\\\/2022\\\/07\\\/14\\\/abertas-inscricoes-para-xii-congresso-regional-americano-de-direito-do-trabalho-e-seguridade-social\\\/#primaryimage\",\"url\":\"https:\\\/\\\/contabilidadecaxias.com.br\\\/wp-content\\\/uploads\\\/2022\\\/07\\\/03d6a238-f23f-8686-9b47-23bf743cd9e4-E9wB9W.jpeg\",\"contentUrl\":\"https:\\\/\\\/contabilidadecaxias.com.br\\\/wp-content\\\/uploads\\\/2022\\\/07\\\/03d6a238-f23f-8686-9b47-23bf743cd9e4-E9wB9W.jpeg\",\"width\":2163,\"height\":1385},{\"@type\":\"BreadcrumbList\",\"@id\":\"https:\\\/\\\/contabilidadecaxias.com.br\\\/index.php\\\/2022\\\/07\\\/14\\\/abertas-inscricoes-para-xii-congresso-regional-americano-de-direito-do-trabalho-e-seguridade-social\\\/#breadcrumb\",\"itemListElement\":[{\"@type\":\"ListItem\",\"position\":1,\"name\":\"In\u00edcio\",\"item\":\"https:\\\/\\\/contabilidadecaxias.com.br\\\/\"},{\"@type\":\"ListItem\",\"position\":2,\"name\":\"Abertas inscri\u00e7\u00f5es para XII Congresso Regional Americano de Direito do Trabalho e Seguridade Social\"}]},{\"@type\":\"WebSite\",\"@id\":\"https:\\\/\\\/contabilidadecaxias.com.br\\\/#website\",\"url\":\"https:\\\/\\\/contabilidadecaxias.com.br\\\/\",\"name\":\"Contabilidade Caxias\",\"description\":\"Site especializado em Contabilidade para Caxias.\",\"potentialAction\":[{\"@type\":\"SearchAction\",\"target\":{\"@type\":\"EntryPoint\",\"urlTemplate\":\"https:\\\/\\\/contabilidadecaxias.com.br\\\/?s={search_term_string}\"},\"query-input\":{\"@type\":\"PropertyValueSpecification\",\"valueRequired\":true,\"valueName\":\"search_term_string\"}}],\"inLanguage\":\"pt-BR\"}]}<\/script>\n<!-- \/ Yoast SEO plugin. -->","yoast_head_json":{"title":"Abertas inscri\u00e7\u00f5es para XII Congresso Regional Americano de Direito do Trabalho e Seguridade Social - Contabilidade Caxias","robots":{"index":"index","follow":"follow","max-snippet":"max-snippet:-1","max-image-preview":"max-image-preview:large","max-video-preview":"max-video-preview:-1"},"canonical":"https:\/\/contabilidadecaxias.com.br\/index.php\/2022\/07\/14\/abertas-inscricoes-para-xii-congresso-regional-americano-de-direito-do-trabalho-e-seguridade-social\/","og_locale":"pt_BR","og_type":"article","og_title":"Abertas inscri\u00e7\u00f5es para XII Congresso Regional Americano de Direito do Trabalho e Seguridade Social - Contabilidade Caxias","og_description":"Tamb\u00e9m ser\u00e1 realizado o XII Congresso Internacional da Academia Brasileira de Direito do Trabalho; atividades ocorrer\u00e3o de 14 a 16 de setembro. Imagem da est\u00e1tua da deusa T\u00eamis 14\/7\/2022 &#8211; Entre os dias 14 e 16 de setembro, ser\u00e3o realizados o XII Congresso Regional Americano de Direito do Trabalho e da Seguridade Social e o [&hellip;]","og_url":"https:\/\/contabilidadecaxias.com.br\/index.php\/2022\/07\/14\/abertas-inscricoes-para-xii-congresso-regional-americano-de-direito-do-trabalho-e-seguridade-social\/","og_site_name":"Contabilidade Caxias","article_published_time":"2022-07-14T19:14:58+00:00","twitter_card":"summary_large_image","twitter_misc":{"Est. tempo de leitura":"2 minutos"},"schema":{"@context":"https:\/\/schema.org","@graph":[{"@type":"Article","@id":"https:\/\/contabilidadecaxias.com.br\/index.php\/2022\/07\/14\/abertas-inscricoes-para-xii-congresso-regional-americano-de-direito-do-trabalho-e-seguridade-social\/#article","isPartOf":{"@id":"https:\/\/contabilidadecaxias.com.br\/index.php\/2022\/07\/14\/abertas-inscricoes-para-xii-congresso-regional-americano-de-direito-do-trabalho-e-seguridade-social\/"},"author":{"name":"","@id":""},"headline":"Abertas inscri\u00e7\u00f5es para XII Congresso Regional Americano de Direito do Trabalho e Seguridade Social","datePublished":"2022-07-14T19:14:58+00:00","mainEntityOfPage":{"@id":"https:\/\/contabilidadecaxias.com.br\/index.php\/2022\/07\/14\/abertas-inscricoes-para-xii-congresso-regional-americano-de-direito-do-trabalho-e-seguridade-social\/"},"wordCount":481,"commentCount":0,"image":{"@id":"https:\/\/contabilidadecaxias.com.br\/index.php\/2022\/07\/14\/abertas-inscricoes-para-xii-congresso-regional-americano-de-direito-do-trabalho-e-seguridade-social\/#primaryimage"},"thumbnailUrl":"https:\/\/contabilidadecaxias.com.br\/wp-content\/uploads\/2022\/07\/03d6a238-f23f-8686-9b47-23bf743cd9e4-E9wB9W.jpeg","articleSection":["Educa\u00e7\u00e3o Financeira"],"inLanguage":"pt-BR","potentialAction":[{"@type":"CommentAction","name":"Comment","target":["https:\/\/contabilidadecaxias.com.br\/index.php\/2022\/07\/14\/abertas-inscricoes-para-xii-congresso-regional-americano-de-direito-do-trabalho-e-seguridade-social\/#respond"]}]},{"@type":"WebPage","@id":"https:\/\/contabilidadecaxias.com.br\/index.php\/2022\/07\/14\/abertas-inscricoes-para-xii-congresso-regional-americano-de-direito-do-trabalho-e-seguridade-social\/","url":"https:\/\/contabilidadecaxias.com.br\/index.php\/2022\/07\/14\/abertas-inscricoes-para-xii-congresso-regional-americano-de-direito-do-trabalho-e-seguridade-social\/","name":"Abertas inscri\u00e7\u00f5es para XII Congresso Regional Americano de Direito do Trabalho e Seguridade Social - Contabilidade Caxias","isPartOf":{"@id":"https:\/\/contabilidadecaxias.com.br\/#website"},"primaryImageOfPage":{"@id":"https:\/\/contabilidadecaxias.com.br\/index.php\/2022\/07\/14\/abertas-inscricoes-para-xii-congresso-regional-americano-de-direito-do-trabalho-e-seguridade-social\/#primaryimage"},"image":{"@id":"https:\/\/contabilidadecaxias.com.br\/index.php\/2022\/07\/14\/abertas-inscricoes-para-xii-congresso-regional-americano-de-direito-do-trabalho-e-seguridade-social\/#primaryimage"},"thumbnailUrl":"https:\/\/contabilidadecaxias.com.br\/wp-content\/uploads\/2022\/07\/03d6a238-f23f-8686-9b47-23bf743cd9e4-E9wB9W.jpeg","datePublished":"2022-07-14T19:14:58+00:00","author":{"@id":""},"breadcrumb":{"@id":"https:\/\/contabilidadecaxias.com.br\/index.php\/2022\/07\/14\/abertas-inscricoes-para-xii-congresso-regional-americano-de-direito-do-trabalho-e-seguridade-social\/#breadcrumb"},"inLanguage":"pt-BR","potentialAction":[{"@type":"ReadAction","target":["https:\/\/contabilidadecaxias.com.br\/index.php\/2022\/07\/14\/abertas-inscricoes-para-xii-congresso-regional-americano-de-direito-do-trabalho-e-seguridade-social\/"]}]},{"@type":"ImageObject","inLanguage":"pt-BR","@id":"https:\/\/contabilidadecaxias.com.br\/index.php\/2022\/07\/14\/abertas-inscricoes-para-xii-congresso-regional-americano-de-direito-do-trabalho-e-seguridade-social\/#primaryimage","url":"https:\/\/contabilidadecaxias.com.br\/wp-content\/uploads\/2022\/07\/03d6a238-f23f-8686-9b47-23bf743cd9e4-E9wB9W.jpeg","contentUrl":"https:\/\/contabilidadecaxias.com.br\/wp-content\/uploads\/2022\/07\/03d6a238-f23f-8686-9b47-23bf743cd9e4-E9wB9W.jpeg","width":2163,"height":1385},{"@type":"BreadcrumbList","@id":"https:\/\/contabilidadecaxias.com.br\/index.php\/2022\/07\/14\/abertas-inscricoes-para-xii-congresso-regional-americano-de-direito-do-trabalho-e-seguridade-social\/#breadcrumb","itemListElement":[{"@type":"ListItem","position":1,"name":"In\u00edcio","item":"https:\/\/contabilidadecaxias.com.br\/"},{"@type":"ListItem","position":2,"name":"Abertas inscri\u00e7\u00f5es para XII Congresso Regional Americano de Direito do Trabalho e Seguridade Social"}]},{"@type":"WebSite","@id":"https:\/\/contabilidadecaxias.com.br\/#website","url":"https:\/\/contabilidadecaxias.com.br\/","name":"Contabilidade Caxias","description":"Site especializado em Contabilidade para Caxias.","potentialAction":[{"@type":"SearchAction","target":{"@type":"EntryPoint","urlTemplate":"https:\/\/contabilidadecaxias.com.br\/?s={search_term_string}"},"query-input":{"@type":"PropertyValueSpecification","valueRequired":true,"valueName":"search_term_string"}}],"inLanguage":"pt-BR"}]}},"_links":{"self":[{"href":"https:\/\/contabilidadecaxias.com.br\/index.php\/wp-json\/wp\/v2\/posts\/11619","targetHints":{"allow":["GET"]}}],"collection":[{"href":"https:\/\/contabilidadecaxias.com.br\/index.php\/wp-json\/wp\/v2\/posts"}],"about":[{"href":"https:\/\/contabilidadecaxias.com.br\/index.php\/wp-json\/wp\/v2\/types\/post"}],"replies":[{"embeddable":true,"href":"https:\/\/contabilidadecaxias.com.br\/index.php\/wp-json\/wp\/v2\/comments?post=11619"}],"version-history":[{"count":0,"href":"https:\/\/contabilidadecaxias.com.br\/index.php\/wp-json\/wp\/v2\/posts\/11619\/revisions"}],"wp:featuredmedia":[{"embeddable":true,"href":"https:\/\/contabilidadecaxias.com.br\/index.php\/wp-json\/wp\/v2\/media\/11620"}],"wp:attachment":[{"href":"https:\/\/contabilidadecaxias.com.br\/index.php\/wp-json\/wp\/v2\/media?parent=11619"}],"wp:term":[{"taxonomy":"category","embeddable":true,"href":"https:\/\/contabilidadecaxias.com.br\/index.php\/wp-json\/wp\/v2\/categories?post=11619"},{"taxonomy":"post_tag","embeddable":true,"href":"https:\/\/contabilidadecaxias.com.br\/index.php\/wp-json\/wp\/v2\/tags?post=11619"}],"curies":[{"name":"wp","href":"https:\/\/api.w.org\/{rel}","templated":true}]}}