{"id":11594,"date":"2022-07-13T16:02:50","date_gmt":"2022-07-13T19:02:50","guid":{"rendered":"https:\/\/contabilidadecaxias.com.br\/index.php\/2022\/07\/13\/corregedor-geral-encerra-correicao-e-destaca-boas-praticas-do-trt-23-mt\/"},"modified":"2022-07-13T16:02:50","modified_gmt":"2022-07-13T19:02:50","slug":"corregedor-geral-encerra-correicao-e-destaca-boas-praticas-do-trt-23-mt","status":"publish","type":"post","link":"https:\/\/contabilidadecaxias.com.br\/index.php\/2022\/07\/13\/corregedor-geral-encerra-correicao-e-destaca-boas-praticas-do-trt-23-mt\/","title":{"rendered":"Corregedor-geral encerra correi\u00e7\u00e3o e destaca boas pr\u00e1ticas do TRT-23 (MT)"},"content":{"rendered":"<div class=\"noticia-wrapper\">\n<p><em><\/p>\n<p>A movimenta\u00e7\u00e3o processual e as concilia\u00e7\u00f5es foram uns dos destaques.<\/p>\n<p><\/em><\/p>\n<div class=\"social-media-share mobile\">\n        <a class=\"share-facebook\" href=\"https:\/\/www.facebook.com\/sharer.php?u=https:\/\/www.tst.jus.br\/-\/corregedor-geral-encerra-correi%C3%A7%C3%A3o-e-destaca-boas-pr%C3%A1ticas-do-trt-23-mt-\" target=\"_blank\" rel=\"noopener\"><\/a><br \/>\n        <a class=\"share-twitter\" href=\"https:\/\/twitter.com\/intent\/tweet?text=Corregedor-geral%20encerra%20correi%C3%A7%C3%A3o%20e%20destaca%20boas%20pr%C3%A1ticas%20do%20TRT-23%20(MT)%0AVeja%20mais%20em:&amp;url=https:\/\/www.tst.jus.br\/-\/corregedor-geral-encerra-correi%C3%A7%C3%A3o-e-destaca-boas-pr%C3%A1ticas-do-trt-23-mt-\" target=\"_blank\" rel=\"noopener\"><\/a><br \/>\n        <a class=\"share-linkedin\" href=\"https:\/\/www.linkedin.com\/shareArticle?mini=true&amp;url=https:\/\/www.tst.jus.br\/-\/corregedor-geral-encerra-correi%C3%A7%C3%A3o-e-destaca-boas-pr%C3%A1ticas-do-trt-23-mt-&amp;title=Corregedor-geral%20encerra%20correi%C3%A7%C3%A3o%20e%20destaca%20boas%20pr%C3%A1ticas%20do%20TRT-23%20(MT)\" target=\"_blank\" rel=\"noopener\"><\/a><br \/>\n        <a class=\"share-whatsapp\" href=\"https:\/\/web.whatsapp.com\/send?text=https:\/\/www.tst.jus.br\/-\/corregedor-geral-encerra-correi%C3%A7%C3%A3o-e-destaca-boas-pr%C3%A1ticas-do-trt-23-mt-\" target=\"_blank\" rel=\"noopener\"><\/a><br \/>\n        <a class=\"share-googleplus\" href=\"https:\/\/plus.google.com\/share?url=https:\/\/www.tst.jus.br\/-\/corregedor-geral-encerra-correi%C3%A7%C3%A3o-e-destaca-boas-pr%C3%A1ticas-do-trt-23-mt-\" target=\"_blank\" rel=\"noopener\"><\/a>\n    <\/div>\n<div class=\"news-body\">\n<div class=\"imagem-da-noticia\">\n<p>Imagem do ministro Caputo Bastos<\/p>\n<div class=\"social-media-share\">\n                    <a class=\"share-facebook\" href=\"https:\/\/www.facebook.com\/sharer.php?u=https:\/\/www.tst.jus.br\/-\/corregedor-geral-encerra-correi%C3%A7%C3%A3o-e-destaca-boas-pr%C3%A1ticas-do-trt-23-mt-\" target=\"_blank\" rel=\"noopener\"><\/a><br \/>\n                    <a class=\"share-twitter\" href=\"https:\/\/twitter.com\/intent\/tweet?text=Corregedor-geral%20encerra%20correi%C3%A7%C3%A3o%20e%20destaca%20boas%20pr%C3%A1ticas%20do%20TRT-23%20(MT)%0AVeja%20mais%20em:&amp;url=https:\/\/www.tst.jus.br\/-\/corregedor-geral-encerra-correi%C3%A7%C3%A3o-e-destaca-boas-pr%C3%A1ticas-do-trt-23-mt-\" target=\"_blank\" rel=\"noopener\"><\/a><br \/>\n                    <a class=\"share-linkedin\" href=\"https:\/\/www.linkedin.com\/shareArticle?mini=true&amp;url=https:\/\/www.tst.jus.br\/-\/corregedor-geral-encerra-correi%C3%A7%C3%A3o-e-destaca-boas-pr%C3%A1ticas-do-trt-23-mt-&amp;title=Corregedor-geral%20encerra%20correi%C3%A7%C3%A3o%20e%20destaca%20boas%20pr%C3%A1ticas%20do%20TRT-23%20(MT)\" target=\"_blank\" rel=\"noopener\"><\/a><br \/>\n                    <a class=\"share-whatsapp\" href=\"https:\/\/web.whatsapp.com\/send?text=https:\/\/www.tst.jus.br\/-\/corregedor-geral-encerra-correi%C3%A7%C3%A3o-e-destaca-boas-pr%C3%A1ticas-do-trt-23-mt-\" target=\"_blank\" rel=\"noopener\"><\/a><br \/>\n                    <a class=\"share-googleplus\" href=\"https:\/\/plus.google.com\/share?url=https:\/\/www.tst.jus.br\/-\/corregedor-geral-encerra-correi%C3%A7%C3%A3o-e-destaca-boas-pr%C3%A1ticas-do-trt-23-mt-\" target=\"_blank\" rel=\"noopener\"><\/a>\n                <\/div>\n<\/p><\/div>\n<div class=\"materia\">\n<p>13\/7\/2022 &#8211; O corregedor-geral da Justi\u00e7a do Trabalho, ministro Caputo Bastos, encerrou, na ter\u00e7a-feira (12), a correi\u00e7\u00e3o ordin\u00e1ria no Tribunal Regional do Trabalho da 23\u00aa Regi\u00e3o (MT). Durante a sess\u00e3o para a leitura da ata, realizada no plen\u00e1rio principal do TRT, o corregedor-geral agradeceu a receptividade e apresentou os resultados dos trabalhos correicionais.\u00a0<\/p>\n<p>Ele destacou pontos positivos relacionados \u00e0 movimenta\u00e7\u00e3o processual, a exemplo o prazo m\u00e9dio dos recursos de revista que, no TRT-23 (MT), ficou em 29 dias no per\u00edodo avaliado, enquanto o prazo nacional foi de 96 dias. O corregedor-geral citou a taxa de concilia\u00e7\u00e3o l\u00edquida do TRT-23 e parabenizou a forma de trabalho desenvolvida pelo Centro Judici\u00e1rio de M\u00e9todos Consensuais de Solu\u00e7\u00e3o de Disputas (Cejusc) do Regional. \u201cO que me chamou aten\u00e7\u00e3o foi que os ju\u00edzes detectam na instru\u00e7\u00e3o a possibilidade de uma concilia\u00e7\u00e3o, e h\u00e1 aqui um projeto de remeter ao Cejusc. Essa boa pr\u00e1tica tem que circular para outros tribunais\u201d, afirmou.<\/p>\n<p><strong>Escola Judicial<\/strong><\/p>\n<p>O desempenho da Escola Judicial (Ejud-23) tamb\u00e9m mereceu as congratula\u00e7\u00f5es do ministro corregedor, tanto pela gama de cursos com temas variados quanto pelo incentivo \u00e0 participa\u00e7\u00e3o nos eventos de capacita\u00e7\u00e3o. \u201cO TRT atendeu, integralmente, as metas estabelecidas pela Enamat, e, aqui, presto elogios \u00e0 Ejud-23 pela significativa oferta de cursos e pela consider\u00e1vel melhora no incentivo \u00e0 participa\u00e7\u00e3o dos magistrados e dos servidores\u201d, enfatizou.<\/p>\n<p>Outro ponto que chamou a aten\u00e7\u00e3o do ministro foram as parcerias realizadas pela Escola Judicial, como as firmadas com o Tribunal de Justi\u00e7a (TJ\/MT) e com a Associa\u00e7\u00e3o dos Magistrados do Trabalho (Amatra23), inclusive com bolsas de estudos. \u201cIsso que nos faz crescer e estar atualizados para prestar uma melhor jurisdi\u00e7\u00e3o quando somos detentores desse conhecimento\u201d, completou o ministro.<\/p>\n<p><strong>Papel da corregedoria<\/strong><\/p>\n<p>O ministro Caputo Bastos aproveitou para lembrar que o papel da corregedoria n\u00e3o \u00e9 somente apontar irregularidades. \u201cSomos fiscais, mas oferecemos uma parceria a quem estamos fiscalizando. A inten\u00e7\u00e3o n\u00e3o \u00e9 apontar erros, mas oferecer ajuda para solucionar quest\u00f5es e fazer o alinhamento com as metas do Conselho Superior da Justi\u00e7a do Trabalho e do Conselho Nacional de Justi\u00e7a\u201d, enfatizou.<\/p>\n<p>Ao final, o presidente do TRT-23, desembargador Paulo Barrionuevo, agradeceu pelos trabalhos desempenhados pelo ministro e sua equipe e aproveitou para registrar seu reconhecimento aos esfor\u00e7os e \u00e0 dedica\u00e7\u00e3o de magistrados e servidores que atuam no Tribunal Regional do Trabalho da 23\u00aa Regi\u00e3o. \u201cSem o empenho de cada um, n\u00e3o ter\u00edamos alcan\u00e7ado esse resultado, apontado pelo ministro, como exitoso\u201d, concluiu.<\/p>\n<p><strong>Correi\u00e7\u00e3o Ordin\u00e1ria interrompida<\/strong><\/p>\n<p>As atividades correicionais no TRT-23 foram iniciadas em 23\/5 e interrompidas quatro dias depois por motivos de sa\u00fade do corregedor. Retomada nessa segunda-feira (11), a Correi\u00e7\u00e3o Ordin\u00e1ria foi conclu\u00edda na ter\u00e7a-feira (12). A equipe da Corregedoria examinou os dados relativos \u00e0s estruturas judicial e administrativa, \u00e0 tecnologia e aos sistemas e-Gest\u00e3o e PJe. O ministro tamb\u00e9m cumpriu uma agenda de visitas, reuni\u00f5es e atendimentos a magistrados, advogados, servidores e jurisdicionados.<\/p>\n<p>A sess\u00e3o de encerramento foi realizada no plen\u00e1rio principal do Tribunal, em Cuiab\u00e1, e contou tamb\u00e9m com transmiss\u00e3o ao vivo pelo canal do TRT-23 no YouTube.<\/p>\n<p>Conhe\u00e7a o <a href=\"https:\/\/www.tst.jus.br\/web\/corregedoria\" target=\"_blank\" rel=\"noopener\">site da Corregedoria-Geral da Justi\u00e7a do Trabalho<\/a>.\u00a0<\/p>\n<p>(NV\/GS, com informa\u00e7\u00f5es do TRT-23)<\/p>\n<p>Esta mat\u00e9ria tem cunho meramente informativo.<br \/>\nPermitida a reprodu\u00e7\u00e3o mediante cita\u00e7\u00e3o da fonte.<br \/>\nSecretaria de Comunica\u00e7\u00e3o Social<br \/>\nTribunal Superior do Trabalho<br \/>\nTel. (61) 3043-4907\u00a0<br \/>\nsecom@tst.jus.br<\/p>\n<\/div><\/div>\n<\/div>\n","protected":false},"excerpt":{"rendered":"<p>A movimenta\u00e7\u00e3o processual e as concilia\u00e7\u00f5es foram uns dos destaques. Imagem do ministro Caputo Bastos 13\/7\/2022 &#8211; O corregedor-geral da Justi\u00e7a do Trabalho, ministro Caputo Bastos, encerrou, na ter\u00e7a-feira (12), a correi\u00e7\u00e3o ordin\u00e1ria no Tribunal Regional do Trabalho da 23\u00aa Regi\u00e3o (MT). Durante a sess\u00e3o para a leitura da ata, realizada no plen\u00e1rio principal do [&hellip;]<\/p>\n","protected":false},"author":0,"featured_media":11595,"comment_status":"open","ping_status":"","sticky":false,"template":"","format":"standard","meta":{"footnotes":""},"categories":[5],"tags":[],"class_list":["post-11594","post","type-post","status-publish","format-standard","has-post-thumbnail","hentry","category-noticias-educacao-financeira"],"blocksy_meta":{"styles_descriptor":{"styles":{"desktop":"","tablet":"","mobile":""},"google_fonts":[],"version":6}},"yoast_head":"<!-- This site is optimized with the Yoast SEO plugin v27.4 - https:\/\/yoast.com\/product\/yoast-seo-wordpress\/ -->\n<title>Corregedor-geral encerra correi\u00e7\u00e3o e destaca boas pr\u00e1ticas do TRT-23 (MT) - Contabilidade Caxias<\/title>\n<meta name=\"robots\" content=\"index, follow, max-snippet:-1, max-image-preview:large, max-video-preview:-1\" \/>\n<link rel=\"canonical\" href=\"https:\/\/contabilidadecaxias.com.br\/index.php\/2022\/07\/13\/corregedor-geral-encerra-correicao-e-destaca-boas-praticas-do-trt-23-mt\/\" \/>\n<meta property=\"og:locale\" content=\"pt_BR\" \/>\n<meta property=\"og:type\" content=\"article\" \/>\n<meta property=\"og:title\" content=\"Corregedor-geral encerra correi\u00e7\u00e3o e destaca boas pr\u00e1ticas do TRT-23 (MT) - Contabilidade Caxias\" \/>\n<meta property=\"og:description\" content=\"A movimenta\u00e7\u00e3o processual e as concilia\u00e7\u00f5es foram uns dos destaques. Imagem do ministro Caputo Bastos 13\/7\/2022 &#8211; O corregedor-geral da Justi\u00e7a do Trabalho, ministro Caputo Bastos, encerrou, na ter\u00e7a-feira (12), a correi\u00e7\u00e3o ordin\u00e1ria no Tribunal Regional do Trabalho da 23\u00aa Regi\u00e3o (MT). Durante a sess\u00e3o para a leitura da ata, realizada no plen\u00e1rio principal do [&hellip;]\" \/>\n<meta property=\"og:url\" content=\"https:\/\/contabilidadecaxias.com.br\/index.php\/2022\/07\/13\/corregedor-geral-encerra-correicao-e-destaca-boas-praticas-do-trt-23-mt\/\" \/>\n<meta property=\"og:site_name\" content=\"Contabilidade Caxias\" \/>\n<meta property=\"article:published_time\" content=\"2022-07-13T19:02:50+00:00\" \/>\n<meta name=\"twitter:card\" content=\"summary_large_image\" \/>\n<meta name=\"twitter:label1\" content=\"Est. tempo de leitura\" \/>\n\t<meta name=\"twitter:data1\" content=\"3 minutos\" \/>\n<script type=\"application\/ld+json\" class=\"yoast-schema-graph\">{\"@context\":\"https:\\\/\\\/schema.org\",\"@graph\":[{\"@type\":\"Article\",\"@id\":\"https:\\\/\\\/contabilidadecaxias.com.br\\\/index.php\\\/2022\\\/07\\\/13\\\/corregedor-geral-encerra-correicao-e-destaca-boas-praticas-do-trt-23-mt\\\/#article\",\"isPartOf\":{\"@id\":\"https:\\\/\\\/contabilidadecaxias.com.br\\\/index.php\\\/2022\\\/07\\\/13\\\/corregedor-geral-encerra-correicao-e-destaca-boas-praticas-do-trt-23-mt\\\/\"},\"author\":{\"name\":\"\",\"@id\":\"\"},\"headline\":\"Corregedor-geral encerra correi\u00e7\u00e3o e destaca boas pr\u00e1ticas do TRT-23 (MT)\",\"datePublished\":\"2022-07-13T19:02:50+00:00\",\"mainEntityOfPage\":{\"@id\":\"https:\\\/\\\/contabilidadecaxias.com.br\\\/index.php\\\/2022\\\/07\\\/13\\\/corregedor-geral-encerra-correicao-e-destaca-boas-praticas-do-trt-23-mt\\\/\"},\"wordCount\":620,\"commentCount\":0,\"image\":{\"@id\":\"https:\\\/\\\/contabilidadecaxias.com.br\\\/index.php\\\/2022\\\/07\\\/13\\\/corregedor-geral-encerra-correicao-e-destaca-boas-praticas-do-trt-23-mt\\\/#primaryimage\"},\"thumbnailUrl\":\"https:\\\/\\\/contabilidadecaxias.com.br\\\/wp-content\\\/uploads\\\/2022\\\/07\\\/8634886e-d2d8-9413-de19-d6967bb9360e-Pc1BMK-scaled.jpeg\",\"articleSection\":[\"Educa\u00e7\u00e3o Financeira\"],\"inLanguage\":\"pt-BR\",\"potentialAction\":[{\"@type\":\"CommentAction\",\"name\":\"Comment\",\"target\":[\"https:\\\/\\\/contabilidadecaxias.com.br\\\/index.php\\\/2022\\\/07\\\/13\\\/corregedor-geral-encerra-correicao-e-destaca-boas-praticas-do-trt-23-mt\\\/#respond\"]}]},{\"@type\":\"WebPage\",\"@id\":\"https:\\\/\\\/contabilidadecaxias.com.br\\\/index.php\\\/2022\\\/07\\\/13\\\/corregedor-geral-encerra-correicao-e-destaca-boas-praticas-do-trt-23-mt\\\/\",\"url\":\"https:\\\/\\\/contabilidadecaxias.com.br\\\/index.php\\\/2022\\\/07\\\/13\\\/corregedor-geral-encerra-correicao-e-destaca-boas-praticas-do-trt-23-mt\\\/\",\"name\":\"Corregedor-geral encerra correi\u00e7\u00e3o e destaca boas pr\u00e1ticas do TRT-23 (MT) - Contabilidade Caxias\",\"isPartOf\":{\"@id\":\"https:\\\/\\\/contabilidadecaxias.com.br\\\/#website\"},\"primaryImageOfPage\":{\"@id\":\"https:\\\/\\\/contabilidadecaxias.com.br\\\/index.php\\\/2022\\\/07\\\/13\\\/corregedor-geral-encerra-correicao-e-destaca-boas-praticas-do-trt-23-mt\\\/#primaryimage\"},\"image\":{\"@id\":\"https:\\\/\\\/contabilidadecaxias.com.br\\\/index.php\\\/2022\\\/07\\\/13\\\/corregedor-geral-encerra-correicao-e-destaca-boas-praticas-do-trt-23-mt\\\/#primaryimage\"},\"thumbnailUrl\":\"https:\\\/\\\/contabilidadecaxias.com.br\\\/wp-content\\\/uploads\\\/2022\\\/07\\\/8634886e-d2d8-9413-de19-d6967bb9360e-Pc1BMK-scaled.jpeg\",\"datePublished\":\"2022-07-13T19:02:50+00:00\",\"author\":{\"@id\":\"\"},\"breadcrumb\":{\"@id\":\"https:\\\/\\\/contabilidadecaxias.com.br\\\/index.php\\\/2022\\\/07\\\/13\\\/corregedor-geral-encerra-correicao-e-destaca-boas-praticas-do-trt-23-mt\\\/#breadcrumb\"},\"inLanguage\":\"pt-BR\",\"potentialAction\":[{\"@type\":\"ReadAction\",\"target\":[\"https:\\\/\\\/contabilidadecaxias.com.br\\\/index.php\\\/2022\\\/07\\\/13\\\/corregedor-geral-encerra-correicao-e-destaca-boas-praticas-do-trt-23-mt\\\/\"]}]},{\"@type\":\"ImageObject\",\"inLanguage\":\"pt-BR\",\"@id\":\"https:\\\/\\\/contabilidadecaxias.com.br\\\/index.php\\\/2022\\\/07\\\/13\\\/corregedor-geral-encerra-correicao-e-destaca-boas-praticas-do-trt-23-mt\\\/#primaryimage\",\"url\":\"https:\\\/\\\/contabilidadecaxias.com.br\\\/wp-content\\\/uploads\\\/2022\\\/07\\\/8634886e-d2d8-9413-de19-d6967bb9360e-Pc1BMK-scaled.jpeg\",\"contentUrl\":\"https:\\\/\\\/contabilidadecaxias.com.br\\\/wp-content\\\/uploads\\\/2022\\\/07\\\/8634886e-d2d8-9413-de19-d6967bb9360e-Pc1BMK-scaled.jpeg\",\"width\":2560,\"height\":1707},{\"@type\":\"BreadcrumbList\",\"@id\":\"https:\\\/\\\/contabilidadecaxias.com.br\\\/index.php\\\/2022\\\/07\\\/13\\\/corregedor-geral-encerra-correicao-e-destaca-boas-praticas-do-trt-23-mt\\\/#breadcrumb\",\"itemListElement\":[{\"@type\":\"ListItem\",\"position\":1,\"name\":\"In\u00edcio\",\"item\":\"https:\\\/\\\/contabilidadecaxias.com.br\\\/\"},{\"@type\":\"ListItem\",\"position\":2,\"name\":\"Corregedor-geral encerra correi\u00e7\u00e3o e destaca boas pr\u00e1ticas do TRT-23 (MT)\"}]},{\"@type\":\"WebSite\",\"@id\":\"https:\\\/\\\/contabilidadecaxias.com.br\\\/#website\",\"url\":\"https:\\\/\\\/contabilidadecaxias.com.br\\\/\",\"name\":\"Contabilidade Caxias\",\"description\":\"Site especializado em Contabilidade para Caxias.\",\"potentialAction\":[{\"@type\":\"SearchAction\",\"target\":{\"@type\":\"EntryPoint\",\"urlTemplate\":\"https:\\\/\\\/contabilidadecaxias.com.br\\\/?s={search_term_string}\"},\"query-input\":{\"@type\":\"PropertyValueSpecification\",\"valueRequired\":true,\"valueName\":\"search_term_string\"}}],\"inLanguage\":\"pt-BR\"}]}<\/script>\n<!-- \/ Yoast SEO plugin. -->","yoast_head_json":{"title":"Corregedor-geral encerra correi\u00e7\u00e3o e destaca boas pr\u00e1ticas do TRT-23 (MT) - Contabilidade Caxias","robots":{"index":"index","follow":"follow","max-snippet":"max-snippet:-1","max-image-preview":"max-image-preview:large","max-video-preview":"max-video-preview:-1"},"canonical":"https:\/\/contabilidadecaxias.com.br\/index.php\/2022\/07\/13\/corregedor-geral-encerra-correicao-e-destaca-boas-praticas-do-trt-23-mt\/","og_locale":"pt_BR","og_type":"article","og_title":"Corregedor-geral encerra correi\u00e7\u00e3o e destaca boas pr\u00e1ticas do TRT-23 (MT) - Contabilidade Caxias","og_description":"A movimenta\u00e7\u00e3o processual e as concilia\u00e7\u00f5es foram uns dos destaques. Imagem do ministro Caputo Bastos 13\/7\/2022 &#8211; O corregedor-geral da Justi\u00e7a do Trabalho, ministro Caputo Bastos, encerrou, na ter\u00e7a-feira (12), a correi\u00e7\u00e3o ordin\u00e1ria no Tribunal Regional do Trabalho da 23\u00aa Regi\u00e3o (MT). Durante a sess\u00e3o para a leitura da ata, realizada no plen\u00e1rio principal do [&hellip;]","og_url":"https:\/\/contabilidadecaxias.com.br\/index.php\/2022\/07\/13\/corregedor-geral-encerra-correicao-e-destaca-boas-praticas-do-trt-23-mt\/","og_site_name":"Contabilidade Caxias","article_published_time":"2022-07-13T19:02:50+00:00","twitter_card":"summary_large_image","twitter_misc":{"Est. tempo de leitura":"3 minutos"},"schema":{"@context":"https:\/\/schema.org","@graph":[{"@type":"Article","@id":"https:\/\/contabilidadecaxias.com.br\/index.php\/2022\/07\/13\/corregedor-geral-encerra-correicao-e-destaca-boas-praticas-do-trt-23-mt\/#article","isPartOf":{"@id":"https:\/\/contabilidadecaxias.com.br\/index.php\/2022\/07\/13\/corregedor-geral-encerra-correicao-e-destaca-boas-praticas-do-trt-23-mt\/"},"author":{"name":"","@id":""},"headline":"Corregedor-geral encerra correi\u00e7\u00e3o e destaca boas pr\u00e1ticas do TRT-23 (MT)","datePublished":"2022-07-13T19:02:50+00:00","mainEntityOfPage":{"@id":"https:\/\/contabilidadecaxias.com.br\/index.php\/2022\/07\/13\/corregedor-geral-encerra-correicao-e-destaca-boas-praticas-do-trt-23-mt\/"},"wordCount":620,"commentCount":0,"image":{"@id":"https:\/\/contabilidadecaxias.com.br\/index.php\/2022\/07\/13\/corregedor-geral-encerra-correicao-e-destaca-boas-praticas-do-trt-23-mt\/#primaryimage"},"thumbnailUrl":"https:\/\/contabilidadecaxias.com.br\/wp-content\/uploads\/2022\/07\/8634886e-d2d8-9413-de19-d6967bb9360e-Pc1BMK-scaled.jpeg","articleSection":["Educa\u00e7\u00e3o Financeira"],"inLanguage":"pt-BR","potentialAction":[{"@type":"CommentAction","name":"Comment","target":["https:\/\/contabilidadecaxias.com.br\/index.php\/2022\/07\/13\/corregedor-geral-encerra-correicao-e-destaca-boas-praticas-do-trt-23-mt\/#respond"]}]},{"@type":"WebPage","@id":"https:\/\/contabilidadecaxias.com.br\/index.php\/2022\/07\/13\/corregedor-geral-encerra-correicao-e-destaca-boas-praticas-do-trt-23-mt\/","url":"https:\/\/contabilidadecaxias.com.br\/index.php\/2022\/07\/13\/corregedor-geral-encerra-correicao-e-destaca-boas-praticas-do-trt-23-mt\/","name":"Corregedor-geral encerra correi\u00e7\u00e3o e destaca boas pr\u00e1ticas do TRT-23 (MT) - Contabilidade Caxias","isPartOf":{"@id":"https:\/\/contabilidadecaxias.com.br\/#website"},"primaryImageOfPage":{"@id":"https:\/\/contabilidadecaxias.com.br\/index.php\/2022\/07\/13\/corregedor-geral-encerra-correicao-e-destaca-boas-praticas-do-trt-23-mt\/#primaryimage"},"image":{"@id":"https:\/\/contabilidadecaxias.com.br\/index.php\/2022\/07\/13\/corregedor-geral-encerra-correicao-e-destaca-boas-praticas-do-trt-23-mt\/#primaryimage"},"thumbnailUrl":"https:\/\/contabilidadecaxias.com.br\/wp-content\/uploads\/2022\/07\/8634886e-d2d8-9413-de19-d6967bb9360e-Pc1BMK-scaled.jpeg","datePublished":"2022-07-13T19:02:50+00:00","author":{"@id":""},"breadcrumb":{"@id":"https:\/\/contabilidadecaxias.com.br\/index.php\/2022\/07\/13\/corregedor-geral-encerra-correicao-e-destaca-boas-praticas-do-trt-23-mt\/#breadcrumb"},"inLanguage":"pt-BR","potentialAction":[{"@type":"ReadAction","target":["https:\/\/contabilidadecaxias.com.br\/index.php\/2022\/07\/13\/corregedor-geral-encerra-correicao-e-destaca-boas-praticas-do-trt-23-mt\/"]}]},{"@type":"ImageObject","inLanguage":"pt-BR","@id":"https:\/\/contabilidadecaxias.com.br\/index.php\/2022\/07\/13\/corregedor-geral-encerra-correicao-e-destaca-boas-praticas-do-trt-23-mt\/#primaryimage","url":"https:\/\/contabilidadecaxias.com.br\/wp-content\/uploads\/2022\/07\/8634886e-d2d8-9413-de19-d6967bb9360e-Pc1BMK-scaled.jpeg","contentUrl":"https:\/\/contabilidadecaxias.com.br\/wp-content\/uploads\/2022\/07\/8634886e-d2d8-9413-de19-d6967bb9360e-Pc1BMK-scaled.jpeg","width":2560,"height":1707},{"@type":"BreadcrumbList","@id":"https:\/\/contabilidadecaxias.com.br\/index.php\/2022\/07\/13\/corregedor-geral-encerra-correicao-e-destaca-boas-praticas-do-trt-23-mt\/#breadcrumb","itemListElement":[{"@type":"ListItem","position":1,"name":"In\u00edcio","item":"https:\/\/contabilidadecaxias.com.br\/"},{"@type":"ListItem","position":2,"name":"Corregedor-geral encerra correi\u00e7\u00e3o e destaca boas pr\u00e1ticas do TRT-23 (MT)"}]},{"@type":"WebSite","@id":"https:\/\/contabilidadecaxias.com.br\/#website","url":"https:\/\/contabilidadecaxias.com.br\/","name":"Contabilidade Caxias","description":"Site especializado em Contabilidade para Caxias.","potentialAction":[{"@type":"SearchAction","target":{"@type":"EntryPoint","urlTemplate":"https:\/\/contabilidadecaxias.com.br\/?s={search_term_string}"},"query-input":{"@type":"PropertyValueSpecification","valueRequired":true,"valueName":"search_term_string"}}],"inLanguage":"pt-BR"}]}},"_links":{"self":[{"href":"https:\/\/contabilidadecaxias.com.br\/index.php\/wp-json\/wp\/v2\/posts\/11594","targetHints":{"allow":["GET"]}}],"collection":[{"href":"https:\/\/contabilidadecaxias.com.br\/index.php\/wp-json\/wp\/v2\/posts"}],"about":[{"href":"https:\/\/contabilidadecaxias.com.br\/index.php\/wp-json\/wp\/v2\/types\/post"}],"replies":[{"embeddable":true,"href":"https:\/\/contabilidadecaxias.com.br\/index.php\/wp-json\/wp\/v2\/comments?post=11594"}],"version-history":[{"count":0,"href":"https:\/\/contabilidadecaxias.com.br\/index.php\/wp-json\/wp\/v2\/posts\/11594\/revisions"}],"wp:featuredmedia":[{"embeddable":true,"href":"https:\/\/contabilidadecaxias.com.br\/index.php\/wp-json\/wp\/v2\/media\/11595"}],"wp:attachment":[{"href":"https:\/\/contabilidadecaxias.com.br\/index.php\/wp-json\/wp\/v2\/media?parent=11594"}],"wp:term":[{"taxonomy":"category","embeddable":true,"href":"https:\/\/contabilidadecaxias.com.br\/index.php\/wp-json\/wp\/v2\/categories?post=11594"},{"taxonomy":"post_tag","embeddable":true,"href":"https:\/\/contabilidadecaxias.com.br\/index.php\/wp-json\/wp\/v2\/tags?post=11594"}],"curies":[{"name":"wp","href":"https:\/\/api.w.org\/{rel}","templated":true}]}}