{"id":11465,"date":"2022-07-05T17:04:10","date_gmt":"2022-07-05T20:04:10","guid":{"rendered":"https:\/\/contabilidadecaxias.com.br\/index.php\/2022\/07\/05\/presidente-do-tst-apresenta-melhorias-no-pje-a-presidente-da-oab\/"},"modified":"2022-07-05T17:04:10","modified_gmt":"2022-07-05T20:04:10","slug":"presidente-do-tst-apresenta-melhorias-no-pje-a-presidente-da-oab","status":"publish","type":"post","link":"https:\/\/contabilidadecaxias.com.br\/index.php\/2022\/07\/05\/presidente-do-tst-apresenta-melhorias-no-pje-a-presidente-da-oab\/","title":{"rendered":"Presidente do TST apresenta melhorias no PJe a presidente da OAB"},"content":{"rendered":"<div class=\"noticia-wrapper\">\n<p><em><\/p>\n<p>Novas funcionalidades foram desenvolvidas para\u00a0os advogados que atuam na Justi\u00e7a do Trabalho.<\/p>\n<p><\/em><\/p>\n<div class=\"social-media-share mobile\">\n        <a class=\"share-facebook\" href=\"https:\/\/www.facebook.com\/sharer.php?u=https:\/\/www.tst.jus.br\/-\/presidente-do-tst-apresenta-melhorias-no-pje-a-presidente-da-oab\" target=\"_blank\" rel=\"noopener\"><\/a><br \/>\n        <a class=\"share-twitter\" href=\"https:\/\/twitter.com\/intent\/tweet?text=Presidente%20do%20TST%20apresenta%20melhorias%20no%20PJe%20a%20presidente%20da%20OAB%0AVeja%20mais%20em:&amp;url=https:\/\/www.tst.jus.br\/-\/presidente-do-tst-apresenta-melhorias-no-pje-a-presidente-da-oab\" target=\"_blank\" rel=\"noopener\"><\/a><br \/>\n        <a class=\"share-linkedin\" href=\"https:\/\/www.linkedin.com\/shareArticle?mini=true&amp;url=https:\/\/www.tst.jus.br\/-\/presidente-do-tst-apresenta-melhorias-no-pje-a-presidente-da-oab&amp;title=Presidente%20do%20TST%20apresenta%20melhorias%20no%20PJe%20a%20presidente%20da%20OAB\" target=\"_blank\" rel=\"noopener\"><\/a><br \/>\n        <a class=\"share-whatsapp\" href=\"https:\/\/web.whatsapp.com\/send?text=https:\/\/www.tst.jus.br\/-\/presidente-do-tst-apresenta-melhorias-no-pje-a-presidente-da-oab\" target=\"_blank\" rel=\"noopener\"><\/a><br \/>\n        <a class=\"share-googleplus\" href=\"https:\/\/plus.google.com\/share?url=https:\/\/www.tst.jus.br\/-\/presidente-do-tst-apresenta-melhorias-no-pje-a-presidente-da-oab\" target=\"_blank\" rel=\"noopener\"><\/a>\n    <\/div>\n<div class=\"news-body\">\n<div class=\"imagem-da-noticia\">\n<p>Imagem com o ministro Emmanoel Pereira (\u00e0 dir.) e o presidente da OAB, Beto Simonetti (\u00e0 esq.)<\/p>\n<div class=\"social-media-share\">\n                    <a class=\"share-facebook\" href=\"https:\/\/www.facebook.com\/sharer.php?u=https:\/\/www.tst.jus.br\/-\/presidente-do-tst-apresenta-melhorias-no-pje-a-presidente-da-oab\" target=\"_blank\" rel=\"noopener\"><\/a><br \/>\n                    <a class=\"share-twitter\" href=\"https:\/\/twitter.com\/intent\/tweet?text=Presidente%20do%20TST%20apresenta%20melhorias%20no%20PJe%20a%20presidente%20da%20OAB%0AVeja%20mais%20em:&amp;url=https:\/\/www.tst.jus.br\/-\/presidente-do-tst-apresenta-melhorias-no-pje-a-presidente-da-oab\" target=\"_blank\" rel=\"noopener\"><\/a><br \/>\n                    <a class=\"share-linkedin\" href=\"https:\/\/www.linkedin.com\/shareArticle?mini=true&amp;url=https:\/\/www.tst.jus.br\/-\/presidente-do-tst-apresenta-melhorias-no-pje-a-presidente-da-oab&amp;title=Presidente%20do%20TST%20apresenta%20melhorias%20no%20PJe%20a%20presidente%20da%20OAB\" target=\"_blank\" rel=\"noopener\"><\/a><br \/>\n                    <a class=\"share-whatsapp\" href=\"https:\/\/web.whatsapp.com\/send?text=https:\/\/www.tst.jus.br\/-\/presidente-do-tst-apresenta-melhorias-no-pje-a-presidente-da-oab\" target=\"_blank\" rel=\"noopener\"><\/a><br \/>\n                    <a class=\"share-googleplus\" href=\"https:\/\/plus.google.com\/share?url=https:\/\/www.tst.jus.br\/-\/presidente-do-tst-apresenta-melhorias-no-pje-a-presidente-da-oab\" target=\"_blank\" rel=\"noopener\"><\/a>\n                <\/div>\n<\/p><\/div>\n<div class=\"materia\">\n<p>5\/7\/2022 &#8211; O presidente do Tribunal Superior do Trabalho (TST) e do Conselho Superior da Justi\u00e7a do Trabalho (CSJT), ministro Emmanoel Pereira, recebeu, nesta ter\u00e7a-feira (5), o presidente do Conselho Federal da Ordem dos Advogados do Brasil (CFOAB), Beto Simonetti. Na pauta do encontro, as novas funcionalidades desenvolvidas no Processo Judicial Eletr\u00f4nico (Pje) aos advogados que atuam na Justi\u00e7a do Trabalho.<\/p>\n<p>A moderniza\u00e7\u00e3o do Portal da Advocacia nos portais foi um dos compromissos assumidos pelo ministro Emmanoel Pereira no in\u00edcio da gest\u00e3o. As atualiza\u00e7\u00f5es apresentadas foram testadas e homologadas por uma comiss\u00e3o indicada pela OAB no in\u00edcio de junho e agora est\u00e3o prontas para o uso da advocacia.<\/p>\n<p>\u201cTemos o claro objetivo de consolidar as rela\u00e7\u00f5es institucionais entre o Tribunal e a OAB. \u00c9 nesse intuito que qualificamos o acesso dos advogados aos sistemas da Justi\u00e7a do Trabalho e apresentamos hoje essas mudan\u00e7as ao presidente da Ordem, que representa essa categoria t\u00e3o importante na media\u00e7\u00e3o entre a sociedade e o Poder Judici\u00e1rio\u201d, pontuou o presidente do TST, ministro Emmanoel Pereira.<\/p>\n<p>Para o presidente da OAB a sinergia entre as institui\u00e7\u00f5es favorece a supera\u00e7\u00e3o da crise sanit\u00e1ria causada pela covid-19.<\/p>\n<p>\u201cO ministro Emmanoel \u00e9 um magistrado com a alma de advogado, oriundo do quinto constitucional e hoje est\u00e1 emprestado ao TST. \u00c9 sens\u00edvel e transparente no trato com a advocacia, conhecedor da rotina profissional do advogado e de suas demandas. Essa proximidade e essa integra\u00e7\u00e3o com a OAB ser\u00e3o motores a suplantar as dificuldades da pandemia\u201d, aponta Simonetti.<\/p>\n<p>Outro assunto na pauta foi a qualifica\u00e7\u00e3o da Sala do Advogado, espa\u00e7o destinado aos operadores do Direito instalado no 1\u00ba andar do Bloco A do edif\u00edcio-sede do Tribunal, em Bras\u00edlia. Ap\u00f3s aprova\u00e7\u00e3o do \u00d3rg\u00e3o Especial do TST, no in\u00edcio de julho, o local ser\u00e1 renomeado com o nome do advogado Alberto Simonetti Cabral Filho.<\/p>\n<p>(Foto: Fellipe Sampaio)<\/p>\n<p>Esta mat\u00e9ria tem cunho meramente informativo.<br \/>\nPermitida a reprodu\u00e7\u00e3o mediante cita\u00e7\u00e3o da fonte.<br \/>\nSecretaria de Comunica\u00e7\u00e3o Social<br \/>\nTribunal Superior do Trabalho<br \/>\nTel. (61) 3043-4907<br \/>\nsecom@tst.jus.br<\/p>\n<\/div><\/div>\n<\/div>\n","protected":false},"excerpt":{"rendered":"<p>Novas funcionalidades foram desenvolvidas para\u00a0os advogados que atuam na Justi\u00e7a do Trabalho. Imagem com o ministro Emmanoel Pereira (\u00e0 dir.) e o presidente da OAB, Beto Simonetti (\u00e0 esq.) 5\/7\/2022 &#8211; O presidente do Tribunal Superior do Trabalho (TST) e do Conselho Superior da Justi\u00e7a do Trabalho (CSJT), ministro Emmanoel Pereira, recebeu, nesta ter\u00e7a-feira (5), [&hellip;]<\/p>\n","protected":false},"author":0,"featured_media":11466,"comment_status":"open","ping_status":"","sticky":false,"template":"","format":"standard","meta":{"footnotes":""},"categories":[5],"tags":[],"class_list":["post-11465","post","type-post","status-publish","format-standard","has-post-thumbnail","hentry","category-noticias-educacao-financeira"],"blocksy_meta":{"styles_descriptor":{"styles":{"desktop":"","tablet":"","mobile":""},"google_fonts":[],"version":6}},"yoast_head":"<!-- This site is optimized with the Yoast SEO plugin v27.4 - https:\/\/yoast.com\/product\/yoast-seo-wordpress\/ -->\n<title>Presidente do TST apresenta melhorias no PJe a presidente da OAB - Contabilidade Caxias<\/title>\n<meta name=\"robots\" content=\"index, follow, max-snippet:-1, max-image-preview:large, max-video-preview:-1\" \/>\n<link rel=\"canonical\" href=\"https:\/\/contabilidadecaxias.com.br\/index.php\/2022\/07\/05\/presidente-do-tst-apresenta-melhorias-no-pje-a-presidente-da-oab\/\" \/>\n<meta property=\"og:locale\" content=\"pt_BR\" \/>\n<meta property=\"og:type\" content=\"article\" \/>\n<meta property=\"og:title\" content=\"Presidente do TST apresenta melhorias no PJe a presidente da OAB - Contabilidade Caxias\" \/>\n<meta property=\"og:description\" content=\"Novas funcionalidades foram desenvolvidas para\u00a0os advogados que atuam na Justi\u00e7a do Trabalho. Imagem com o ministro Emmanoel Pereira (\u00e0 dir.) e o presidente da OAB, Beto Simonetti (\u00e0 esq.) 5\/7\/2022 &#8211; O presidente do Tribunal Superior do Trabalho (TST) e do Conselho Superior da Justi\u00e7a do Trabalho (CSJT), ministro Emmanoel Pereira, recebeu, nesta ter\u00e7a-feira (5), [&hellip;]\" \/>\n<meta property=\"og:url\" content=\"https:\/\/contabilidadecaxias.com.br\/index.php\/2022\/07\/05\/presidente-do-tst-apresenta-melhorias-no-pje-a-presidente-da-oab\/\" \/>\n<meta property=\"og:site_name\" content=\"Contabilidade Caxias\" \/>\n<meta property=\"article:published_time\" content=\"2022-07-05T20:04:10+00:00\" \/>\n<meta name=\"twitter:card\" content=\"summary_large_image\" \/>\n<meta name=\"twitter:label1\" content=\"Est. tempo de leitura\" \/>\n\t<meta name=\"twitter:data1\" content=\"2 minutos\" \/>\n<script type=\"application\/ld+json\" class=\"yoast-schema-graph\">{\"@context\":\"https:\\\/\\\/schema.org\",\"@graph\":[{\"@type\":\"Article\",\"@id\":\"https:\\\/\\\/contabilidadecaxias.com.br\\\/index.php\\\/2022\\\/07\\\/05\\\/presidente-do-tst-apresenta-melhorias-no-pje-a-presidente-da-oab\\\/#article\",\"isPartOf\":{\"@id\":\"https:\\\/\\\/contabilidadecaxias.com.br\\\/index.php\\\/2022\\\/07\\\/05\\\/presidente-do-tst-apresenta-melhorias-no-pje-a-presidente-da-oab\\\/\"},\"author\":{\"name\":\"\",\"@id\":\"\"},\"headline\":\"Presidente do TST apresenta melhorias no PJe a presidente da OAB\",\"datePublished\":\"2022-07-05T20:04:10+00:00\",\"mainEntityOfPage\":{\"@id\":\"https:\\\/\\\/contabilidadecaxias.com.br\\\/index.php\\\/2022\\\/07\\\/05\\\/presidente-do-tst-apresenta-melhorias-no-pje-a-presidente-da-oab\\\/\"},\"wordCount\":400,\"commentCount\":0,\"image\":{\"@id\":\"https:\\\/\\\/contabilidadecaxias.com.br\\\/index.php\\\/2022\\\/07\\\/05\\\/presidente-do-tst-apresenta-melhorias-no-pje-a-presidente-da-oab\\\/#primaryimage\"},\"thumbnailUrl\":\"https:\\\/\\\/contabilidadecaxias.com.br\\\/wp-content\\\/uploads\\\/2022\\\/07\\\/7832a500-6b9b-c103-1b37-71682018dd31-NtBATK-scaled.jpeg\",\"articleSection\":[\"Educa\u00e7\u00e3o Financeira\"],\"inLanguage\":\"pt-BR\",\"potentialAction\":[{\"@type\":\"CommentAction\",\"name\":\"Comment\",\"target\":[\"https:\\\/\\\/contabilidadecaxias.com.br\\\/index.php\\\/2022\\\/07\\\/05\\\/presidente-do-tst-apresenta-melhorias-no-pje-a-presidente-da-oab\\\/#respond\"]}]},{\"@type\":\"WebPage\",\"@id\":\"https:\\\/\\\/contabilidadecaxias.com.br\\\/index.php\\\/2022\\\/07\\\/05\\\/presidente-do-tst-apresenta-melhorias-no-pje-a-presidente-da-oab\\\/\",\"url\":\"https:\\\/\\\/contabilidadecaxias.com.br\\\/index.php\\\/2022\\\/07\\\/05\\\/presidente-do-tst-apresenta-melhorias-no-pje-a-presidente-da-oab\\\/\",\"name\":\"Presidente do TST apresenta melhorias no PJe a presidente da OAB - Contabilidade Caxias\",\"isPartOf\":{\"@id\":\"https:\\\/\\\/contabilidadecaxias.com.br\\\/#website\"},\"primaryImageOfPage\":{\"@id\":\"https:\\\/\\\/contabilidadecaxias.com.br\\\/index.php\\\/2022\\\/07\\\/05\\\/presidente-do-tst-apresenta-melhorias-no-pje-a-presidente-da-oab\\\/#primaryimage\"},\"image\":{\"@id\":\"https:\\\/\\\/contabilidadecaxias.com.br\\\/index.php\\\/2022\\\/07\\\/05\\\/presidente-do-tst-apresenta-melhorias-no-pje-a-presidente-da-oab\\\/#primaryimage\"},\"thumbnailUrl\":\"https:\\\/\\\/contabilidadecaxias.com.br\\\/wp-content\\\/uploads\\\/2022\\\/07\\\/7832a500-6b9b-c103-1b37-71682018dd31-NtBATK-scaled.jpeg\",\"datePublished\":\"2022-07-05T20:04:10+00:00\",\"author\":{\"@id\":\"\"},\"breadcrumb\":{\"@id\":\"https:\\\/\\\/contabilidadecaxias.com.br\\\/index.php\\\/2022\\\/07\\\/05\\\/presidente-do-tst-apresenta-melhorias-no-pje-a-presidente-da-oab\\\/#breadcrumb\"},\"inLanguage\":\"pt-BR\",\"potentialAction\":[{\"@type\":\"ReadAction\",\"target\":[\"https:\\\/\\\/contabilidadecaxias.com.br\\\/index.php\\\/2022\\\/07\\\/05\\\/presidente-do-tst-apresenta-melhorias-no-pje-a-presidente-da-oab\\\/\"]}]},{\"@type\":\"ImageObject\",\"inLanguage\":\"pt-BR\",\"@id\":\"https:\\\/\\\/contabilidadecaxias.com.br\\\/index.php\\\/2022\\\/07\\\/05\\\/presidente-do-tst-apresenta-melhorias-no-pje-a-presidente-da-oab\\\/#primaryimage\",\"url\":\"https:\\\/\\\/contabilidadecaxias.com.br\\\/wp-content\\\/uploads\\\/2022\\\/07\\\/7832a500-6b9b-c103-1b37-71682018dd31-NtBATK-scaled.jpeg\",\"contentUrl\":\"https:\\\/\\\/contabilidadecaxias.com.br\\\/wp-content\\\/uploads\\\/2022\\\/07\\\/7832a500-6b9b-c103-1b37-71682018dd31-NtBATK-scaled.jpeg\",\"width\":2560,\"height\":1707},{\"@type\":\"BreadcrumbList\",\"@id\":\"https:\\\/\\\/contabilidadecaxias.com.br\\\/index.php\\\/2022\\\/07\\\/05\\\/presidente-do-tst-apresenta-melhorias-no-pje-a-presidente-da-oab\\\/#breadcrumb\",\"itemListElement\":[{\"@type\":\"ListItem\",\"position\":1,\"name\":\"In\u00edcio\",\"item\":\"https:\\\/\\\/contabilidadecaxias.com.br\\\/\"},{\"@type\":\"ListItem\",\"position\":2,\"name\":\"Presidente do TST apresenta melhorias no PJe a presidente da OAB\"}]},{\"@type\":\"WebSite\",\"@id\":\"https:\\\/\\\/contabilidadecaxias.com.br\\\/#website\",\"url\":\"https:\\\/\\\/contabilidadecaxias.com.br\\\/\",\"name\":\"Contabilidade Caxias\",\"description\":\"Site especializado em Contabilidade para Caxias.\",\"potentialAction\":[{\"@type\":\"SearchAction\",\"target\":{\"@type\":\"EntryPoint\",\"urlTemplate\":\"https:\\\/\\\/contabilidadecaxias.com.br\\\/?s={search_term_string}\"},\"query-input\":{\"@type\":\"PropertyValueSpecification\",\"valueRequired\":true,\"valueName\":\"search_term_string\"}}],\"inLanguage\":\"pt-BR\"}]}<\/script>\n<!-- \/ Yoast SEO plugin. -->","yoast_head_json":{"title":"Presidente do TST apresenta melhorias no PJe a presidente da OAB - Contabilidade Caxias","robots":{"index":"index","follow":"follow","max-snippet":"max-snippet:-1","max-image-preview":"max-image-preview:large","max-video-preview":"max-video-preview:-1"},"canonical":"https:\/\/contabilidadecaxias.com.br\/index.php\/2022\/07\/05\/presidente-do-tst-apresenta-melhorias-no-pje-a-presidente-da-oab\/","og_locale":"pt_BR","og_type":"article","og_title":"Presidente do TST apresenta melhorias no PJe a presidente da OAB - Contabilidade Caxias","og_description":"Novas funcionalidades foram desenvolvidas para\u00a0os advogados que atuam na Justi\u00e7a do Trabalho. Imagem com o ministro Emmanoel Pereira (\u00e0 dir.) e o presidente da OAB, Beto Simonetti (\u00e0 esq.) 5\/7\/2022 &#8211; O presidente do Tribunal Superior do Trabalho (TST) e do Conselho Superior da Justi\u00e7a do Trabalho (CSJT), ministro Emmanoel Pereira, recebeu, nesta ter\u00e7a-feira (5), [&hellip;]","og_url":"https:\/\/contabilidadecaxias.com.br\/index.php\/2022\/07\/05\/presidente-do-tst-apresenta-melhorias-no-pje-a-presidente-da-oab\/","og_site_name":"Contabilidade Caxias","article_published_time":"2022-07-05T20:04:10+00:00","twitter_card":"summary_large_image","twitter_misc":{"Est. tempo de leitura":"2 minutos"},"schema":{"@context":"https:\/\/schema.org","@graph":[{"@type":"Article","@id":"https:\/\/contabilidadecaxias.com.br\/index.php\/2022\/07\/05\/presidente-do-tst-apresenta-melhorias-no-pje-a-presidente-da-oab\/#article","isPartOf":{"@id":"https:\/\/contabilidadecaxias.com.br\/index.php\/2022\/07\/05\/presidente-do-tst-apresenta-melhorias-no-pje-a-presidente-da-oab\/"},"author":{"name":"","@id":""},"headline":"Presidente do TST apresenta melhorias no PJe a presidente da OAB","datePublished":"2022-07-05T20:04:10+00:00","mainEntityOfPage":{"@id":"https:\/\/contabilidadecaxias.com.br\/index.php\/2022\/07\/05\/presidente-do-tst-apresenta-melhorias-no-pje-a-presidente-da-oab\/"},"wordCount":400,"commentCount":0,"image":{"@id":"https:\/\/contabilidadecaxias.com.br\/index.php\/2022\/07\/05\/presidente-do-tst-apresenta-melhorias-no-pje-a-presidente-da-oab\/#primaryimage"},"thumbnailUrl":"https:\/\/contabilidadecaxias.com.br\/wp-content\/uploads\/2022\/07\/7832a500-6b9b-c103-1b37-71682018dd31-NtBATK-scaled.jpeg","articleSection":["Educa\u00e7\u00e3o Financeira"],"inLanguage":"pt-BR","potentialAction":[{"@type":"CommentAction","name":"Comment","target":["https:\/\/contabilidadecaxias.com.br\/index.php\/2022\/07\/05\/presidente-do-tst-apresenta-melhorias-no-pje-a-presidente-da-oab\/#respond"]}]},{"@type":"WebPage","@id":"https:\/\/contabilidadecaxias.com.br\/index.php\/2022\/07\/05\/presidente-do-tst-apresenta-melhorias-no-pje-a-presidente-da-oab\/","url":"https:\/\/contabilidadecaxias.com.br\/index.php\/2022\/07\/05\/presidente-do-tst-apresenta-melhorias-no-pje-a-presidente-da-oab\/","name":"Presidente do TST apresenta melhorias no PJe a presidente da OAB - Contabilidade Caxias","isPartOf":{"@id":"https:\/\/contabilidadecaxias.com.br\/#website"},"primaryImageOfPage":{"@id":"https:\/\/contabilidadecaxias.com.br\/index.php\/2022\/07\/05\/presidente-do-tst-apresenta-melhorias-no-pje-a-presidente-da-oab\/#primaryimage"},"image":{"@id":"https:\/\/contabilidadecaxias.com.br\/index.php\/2022\/07\/05\/presidente-do-tst-apresenta-melhorias-no-pje-a-presidente-da-oab\/#primaryimage"},"thumbnailUrl":"https:\/\/contabilidadecaxias.com.br\/wp-content\/uploads\/2022\/07\/7832a500-6b9b-c103-1b37-71682018dd31-NtBATK-scaled.jpeg","datePublished":"2022-07-05T20:04:10+00:00","author":{"@id":""},"breadcrumb":{"@id":"https:\/\/contabilidadecaxias.com.br\/index.php\/2022\/07\/05\/presidente-do-tst-apresenta-melhorias-no-pje-a-presidente-da-oab\/#breadcrumb"},"inLanguage":"pt-BR","potentialAction":[{"@type":"ReadAction","target":["https:\/\/contabilidadecaxias.com.br\/index.php\/2022\/07\/05\/presidente-do-tst-apresenta-melhorias-no-pje-a-presidente-da-oab\/"]}]},{"@type":"ImageObject","inLanguage":"pt-BR","@id":"https:\/\/contabilidadecaxias.com.br\/index.php\/2022\/07\/05\/presidente-do-tst-apresenta-melhorias-no-pje-a-presidente-da-oab\/#primaryimage","url":"https:\/\/contabilidadecaxias.com.br\/wp-content\/uploads\/2022\/07\/7832a500-6b9b-c103-1b37-71682018dd31-NtBATK-scaled.jpeg","contentUrl":"https:\/\/contabilidadecaxias.com.br\/wp-content\/uploads\/2022\/07\/7832a500-6b9b-c103-1b37-71682018dd31-NtBATK-scaled.jpeg","width":2560,"height":1707},{"@type":"BreadcrumbList","@id":"https:\/\/contabilidadecaxias.com.br\/index.php\/2022\/07\/05\/presidente-do-tst-apresenta-melhorias-no-pje-a-presidente-da-oab\/#breadcrumb","itemListElement":[{"@type":"ListItem","position":1,"name":"In\u00edcio","item":"https:\/\/contabilidadecaxias.com.br\/"},{"@type":"ListItem","position":2,"name":"Presidente do TST apresenta melhorias no PJe a presidente da OAB"}]},{"@type":"WebSite","@id":"https:\/\/contabilidadecaxias.com.br\/#website","url":"https:\/\/contabilidadecaxias.com.br\/","name":"Contabilidade Caxias","description":"Site especializado em Contabilidade para Caxias.","potentialAction":[{"@type":"SearchAction","target":{"@type":"EntryPoint","urlTemplate":"https:\/\/contabilidadecaxias.com.br\/?s={search_term_string}"},"query-input":{"@type":"PropertyValueSpecification","valueRequired":true,"valueName":"search_term_string"}}],"inLanguage":"pt-BR"}]}},"_links":{"self":[{"href":"https:\/\/contabilidadecaxias.com.br\/index.php\/wp-json\/wp\/v2\/posts\/11465","targetHints":{"allow":["GET"]}}],"collection":[{"href":"https:\/\/contabilidadecaxias.com.br\/index.php\/wp-json\/wp\/v2\/posts"}],"about":[{"href":"https:\/\/contabilidadecaxias.com.br\/index.php\/wp-json\/wp\/v2\/types\/post"}],"replies":[{"embeddable":true,"href":"https:\/\/contabilidadecaxias.com.br\/index.php\/wp-json\/wp\/v2\/comments?post=11465"}],"version-history":[{"count":0,"href":"https:\/\/contabilidadecaxias.com.br\/index.php\/wp-json\/wp\/v2\/posts\/11465\/revisions"}],"wp:featuredmedia":[{"embeddable":true,"href":"https:\/\/contabilidadecaxias.com.br\/index.php\/wp-json\/wp\/v2\/media\/11466"}],"wp:attachment":[{"href":"https:\/\/contabilidadecaxias.com.br\/index.php\/wp-json\/wp\/v2\/media?parent=11465"}],"wp:term":[{"taxonomy":"category","embeddable":true,"href":"https:\/\/contabilidadecaxias.com.br\/index.php\/wp-json\/wp\/v2\/categories?post=11465"},{"taxonomy":"post_tag","embeddable":true,"href":"https:\/\/contabilidadecaxias.com.br\/index.php\/wp-json\/wp\/v2\/tags?post=11465"}],"curies":[{"name":"wp","href":"https:\/\/api.w.org\/{rel}","templated":true}]}}