{"id":11463,"date":"2022-07-05T14:02:53","date_gmt":"2022-07-05T17:02:53","guid":{"rendered":"https:\/\/contabilidadecaxias.com.br\/index.php\/2022\/07\/05\/ministro-caputo-bastos-inicia-correicao-ordinaria-no-trt-da-16a-regiao-ma\/"},"modified":"2022-07-05T14:02:53","modified_gmt":"2022-07-05T17:02:53","slug":"ministro-caputo-bastos-inicia-correicao-ordinaria-no-trt-da-16a-regiao-ma","status":"publish","type":"post","link":"https:\/\/contabilidadecaxias.com.br\/index.php\/2022\/07\/05\/ministro-caputo-bastos-inicia-correicao-ordinaria-no-trt-da-16a-regiao-ma\/","title":{"rendered":"Ministro Caputo Bastos inicia correi\u00e7\u00e3o ordin\u00e1ria no TRT da 16\u00aa Regi\u00e3o (MA)"},"content":{"rendered":"<div class=\"noticia-wrapper\">\n<p><em><\/p>\n<p>Correi\u00e7\u00e3o ocorre at\u00e9 a pr\u00f3xima sexta, 8 de julho.\u00a0<\/p>\n<p><\/em><\/p>\n<div class=\"social-media-share mobile\">\n        <a class=\"share-facebook\" href=\"https:\/\/www.facebook.com\/sharer.php?u=https:\/\/www.tst.jus.br\/-\/ministro-caputo-bastos-inicia-correi%C3%A7%C3%A3o-ordin%C3%A1ria-no-trt-da-16%C2%AA-regi%C3%A3o-ma-\" target=\"_blank\" rel=\"noopener\"><\/a><br \/>\n        <a class=\"share-twitter\" href=\"https:\/\/twitter.com\/intent\/tweet?text=Ministro%20Caputo%20Bastos%20inicia%20correi%C3%A7%C3%A3o%20ordin%C3%A1ria%20no%20TRT%20da%2016%C2%AA%20Regi%C3%A3o%20(MA)%0AVeja%20mais%20em:&amp;url=https:\/\/www.tst.jus.br\/-\/ministro-caputo-bastos-inicia-correi%C3%A7%C3%A3o-ordin%C3%A1ria-no-trt-da-16%C2%AA-regi%C3%A3o-ma-\" target=\"_blank\" rel=\"noopener\"><\/a><br \/>\n        <a class=\"share-linkedin\" href=\"https:\/\/www.linkedin.com\/shareArticle?mini=true&amp;url=https:\/\/www.tst.jus.br\/-\/ministro-caputo-bastos-inicia-correi%C3%A7%C3%A3o-ordin%C3%A1ria-no-trt-da-16%C2%AA-regi%C3%A3o-ma-&amp;title=Ministro%20Caputo%20Bastos%20inicia%20correi%C3%A7%C3%A3o%20ordin%C3%A1ria%20no%20TRT%20da%2016%C2%AA%20Regi%C3%A3o%20(MA)\" target=\"_blank\" rel=\"noopener\"><\/a><br \/>\n        <a class=\"share-whatsapp\" href=\"https:\/\/web.whatsapp.com\/send?text=https:\/\/www.tst.jus.br\/-\/ministro-caputo-bastos-inicia-correi%C3%A7%C3%A3o-ordin%C3%A1ria-no-trt-da-16%C2%AA-regi%C3%A3o-ma-\" target=\"_blank\" rel=\"noopener\"><\/a><br \/>\n        <a class=\"share-googleplus\" href=\"https:\/\/plus.google.com\/share?url=https:\/\/www.tst.jus.br\/-\/ministro-caputo-bastos-inicia-correi%C3%A7%C3%A3o-ordin%C3%A1ria-no-trt-da-16%C2%AA-regi%C3%A3o-ma-\" target=\"_blank\" rel=\"noopener\"><\/a>\n    <\/div>\n<div class=\"news-body\">\n<div class=\"imagem-da-noticia\">\n<p>Foto do ministro Caputo Bastos com desembargadores do TRT da 16\u00aa Regi\u00e3o <\/p>\n<div class=\"social-media-share\">\n                    <a class=\"share-facebook\" href=\"https:\/\/www.facebook.com\/sharer.php?u=https:\/\/www.tst.jus.br\/-\/ministro-caputo-bastos-inicia-correi%C3%A7%C3%A3o-ordin%C3%A1ria-no-trt-da-16%C2%AA-regi%C3%A3o-ma-\" target=\"_blank\" rel=\"noopener\"><\/a><br \/>\n                    <a class=\"share-twitter\" href=\"https:\/\/twitter.com\/intent\/tweet?text=Ministro%20Caputo%20Bastos%20inicia%20correi%C3%A7%C3%A3o%20ordin%C3%A1ria%20no%20TRT%20da%2016%C2%AA%20Regi%C3%A3o%20(MA)%0AVeja%20mais%20em:&amp;url=https:\/\/www.tst.jus.br\/-\/ministro-caputo-bastos-inicia-correi%C3%A7%C3%A3o-ordin%C3%A1ria-no-trt-da-16%C2%AA-regi%C3%A3o-ma-\" target=\"_blank\" rel=\"noopener\"><\/a><br \/>\n                    <a class=\"share-linkedin\" href=\"https:\/\/www.linkedin.com\/shareArticle?mini=true&amp;url=https:\/\/www.tst.jus.br\/-\/ministro-caputo-bastos-inicia-correi%C3%A7%C3%A3o-ordin%C3%A1ria-no-trt-da-16%C2%AA-regi%C3%A3o-ma-&amp;title=Ministro%20Caputo%20Bastos%20inicia%20correi%C3%A7%C3%A3o%20ordin%C3%A1ria%20no%20TRT%20da%2016%C2%AA%20Regi%C3%A3o%20(MA)\" target=\"_blank\" rel=\"noopener\"><\/a><br \/>\n                    <a class=\"share-whatsapp\" href=\"https:\/\/web.whatsapp.com\/send?text=https:\/\/www.tst.jus.br\/-\/ministro-caputo-bastos-inicia-correi%C3%A7%C3%A3o-ordin%C3%A1ria-no-trt-da-16%C2%AA-regi%C3%A3o-ma-\" target=\"_blank\" rel=\"noopener\"><\/a><br \/>\n                    <a class=\"share-googleplus\" href=\"https:\/\/plus.google.com\/share?url=https:\/\/www.tst.jus.br\/-\/ministro-caputo-bastos-inicia-correi%C3%A7%C3%A3o-ordin%C3%A1ria-no-trt-da-16%C2%AA-regi%C3%A3o-ma-\" target=\"_blank\" rel=\"noopener\"><\/a>\n                <\/div>\n<\/p><\/div>\n<div class=\"materia\">\n<p>5\/7\/2022 &#8211; Come\u00e7ou, nessa segunda-feira (4\/7), a correi\u00e7\u00e3o ordin\u00e1ria no Tribunal Regional do Trabalho da 16\u00aa Regi\u00e3o (MA) em uma reuni\u00e3o do corregedor-geral da Justi\u00e7a do Trabalho, ministro Guilherme Augusto Caputo Bastos, com o presidente do TRT, desembargador Carvalho Neto, e o vice-presidente e corregedor regional, desembargador Gerson de Oliveira Costa Filho. Ainda na segunda, o ministro se reuniu com as desembargadoras e os desembargadores do Tribunal.<\/p>\n<p>Na ter\u00e7a-feira (5\/7), \u00e0s 9h30, o ministro corregedor visita o Centro Judici\u00e1rio de M\u00e9todos Consensuais de Solu\u00e7\u00f5es de Disputa (Cejusc-JT), no F\u00f3rum Astolfo Serra, sede das Varas Trabalhistas de S\u00e3o Lu\u00eds. \u00c0s 15 horas, a visita ser\u00e1 \u00e0 Escola Judicial<\/p>\n<p><strong>Audi\u00eancia p\u00fablica<\/strong><\/p>\n<p>O ministro realizar\u00e1, na quarta-feira (6\/7), das 9h30 \u00e0s 12h, audi\u00eancia p\u00fablica para receber reclama\u00e7\u00f5es e sugest\u00f5es que tenham por finalidade o aprimoramento dos servi\u00e7os prestados pela Justi\u00e7a do Trabalho. Ser\u00e3o atendidos os interessados que enviaram e-mail \u00e0 CGJT solicitando reuni\u00e3o. Pela tarde, \u00e0s 15 horas, o corregedor-geral estar\u00e1 \u00e0 disposi\u00e7\u00e3o dos ju\u00edzes de 1\u00b0 Grau do TRT-16.\u00a0<\/p>\n<p>Na sexta-feira (8\/7), \u00e0s 10h, ser\u00e1 realizada a sess\u00e3o de encerramento da correi\u00e7\u00e3o e de leitura da ata correicional. Em seguida, \u00e0s 11h30, est\u00e1 prevista a coletiva de imprensa com os ve\u00edculos de comunica\u00e7\u00e3o que solicitaram entrevista com o ministro.\u00a0<\/p>\n<p><strong>Correi\u00e7\u00e3o Solid\u00e1ria<\/strong><\/p>\n<p>O TRT da 16\u00aa Regi\u00e3o participa da campanha Corregedoria Solid\u00e1ria. A a\u00e7\u00e3o tem o objetivo de arrecadar alimentos para serem doados \u00e0 institui\u00e7\u00f5es filantr\u00f3picas que atendem pessoas em situa\u00e7\u00e3o de inseguran\u00e7a alimentar nos estados cuja correi\u00e7\u00e3o \u00e9 realizada.<\/p>\n<p>A campanha visa estimular o voluntariado e engajamento social de todas as pessoas que integram o quadro do Justi\u00e7a do Trabalho, al\u00e9m de contar com parcerias institucionais de \u00f3rg\u00e3os como a Ordem dos Advogados do Brasil sec\u00e7\u00e3o Maranh\u00e3o (OAB-MA), a Associa\u00e7\u00e3o dos Advogados Trabalhistas, Minist\u00e9rio P\u00fablico do Trabalho da 16\u00aa Regi\u00e3o e a comunidade em geral interessada. <a href=\"https:\/\/www.tst.jus.br\/web\/corregedoria\/noticias\/-\/asset_publisher\/QQBwzRFXEbFV\/content\/id\/30912657?_com_liferay_asset_publisher_web_portlet_AssetPublisherPortlet_INSTANCE_QQBwzRFXEbFV_redirect=https%3A%2F%2Fwww.tst.jus.br%3A443%2Fweb%2Fcorregedoria%2Finicio%3Fp_p_id%3Dcom_liferay_asset_publisher_web_portlet_AssetPublisherPortlet_INSTANCE_QQBwzRFXEbFV%26p_p_lifecycle%3D0%26p_p_state%3Dnormal%26p_p_mode%3Dview%26_com_liferay_asset_publisher_web_portlet_AssetPublisherPortlet_INSTANCE_QQBwzRFXEbFV_cur%3D0%26p_r_p_resetCur%3Dfalse%26_com_liferay_asset_publisher_web_portlet_AssetPublisherPortlet_INSTANCE_QQBwzRFXEbFV_assetEntryId%3D30912657\" target=\"_blank\" rel=\"noopener\">Confira como participar!<\/a><\/p>\n<p><a href=\"https:\/\/www.tst.jus.br\/web\/corregedoria\" target=\"_blank\" rel=\"noopener\">Conhe\u00e7a a Corregedoria-Geral da Justi\u00e7a do Trabalho.<\/a><\/p>\n<p>(Com informa\u00e7\u00f5es do TRT da 16\u00aa Regi\u00e3o)<\/p>\n<p>Esta mat\u00e9ria tem cunho meramente informativo.<br \/>\nPermitida a reprodu\u00e7\u00e3o mediante cita\u00e7\u00e3o da fonte.<br \/>\nSecretaria de Comunica\u00e7\u00e3o Social<br \/>\nTribunal Superior do Trabalho<br \/>\nTel. (61) 3043-4907<br \/>\nsecom@tst.jus.br<\/p>\n<\/div><\/div>\n<\/div>\n","protected":false},"excerpt":{"rendered":"<p>Correi\u00e7\u00e3o ocorre at\u00e9 a pr\u00f3xima sexta, 8 de julho.\u00a0 Foto do ministro Caputo Bastos com desembargadores do TRT da 16\u00aa Regi\u00e3o 5\/7\/2022 &#8211; Come\u00e7ou, nessa segunda-feira (4\/7), a correi\u00e7\u00e3o ordin\u00e1ria no Tribunal Regional do Trabalho da 16\u00aa Regi\u00e3o (MA) em uma reuni\u00e3o do corregedor-geral da Justi\u00e7a do Trabalho, ministro Guilherme Augusto Caputo Bastos, com o [&hellip;]<\/p>\n","protected":false},"author":0,"featured_media":11464,"comment_status":"open","ping_status":"","sticky":false,"template":"","format":"standard","meta":{"footnotes":""},"categories":[5],"tags":[],"class_list":["post-11463","post","type-post","status-publish","format-standard","has-post-thumbnail","hentry","category-noticias-educacao-financeira"],"blocksy_meta":{"styles_descriptor":{"styles":{"desktop":"","tablet":"","mobile":""},"google_fonts":[],"version":6}},"yoast_head":"<!-- This site is optimized with the Yoast SEO plugin v27.4 - https:\/\/yoast.com\/product\/yoast-seo-wordpress\/ -->\n<title>Ministro Caputo Bastos inicia correi\u00e7\u00e3o ordin\u00e1ria no TRT da 16\u00aa Regi\u00e3o (MA) - Contabilidade Caxias<\/title>\n<meta name=\"robots\" content=\"index, follow, max-snippet:-1, max-image-preview:large, max-video-preview:-1\" \/>\n<link rel=\"canonical\" href=\"https:\/\/contabilidadecaxias.com.br\/index.php\/2022\/07\/05\/ministro-caputo-bastos-inicia-correicao-ordinaria-no-trt-da-16a-regiao-ma\/\" \/>\n<meta property=\"og:locale\" content=\"pt_BR\" \/>\n<meta property=\"og:type\" content=\"article\" \/>\n<meta property=\"og:title\" content=\"Ministro Caputo Bastos inicia correi\u00e7\u00e3o ordin\u00e1ria no TRT da 16\u00aa Regi\u00e3o (MA) - Contabilidade Caxias\" \/>\n<meta property=\"og:description\" content=\"Correi\u00e7\u00e3o ocorre at\u00e9 a pr\u00f3xima sexta, 8 de julho.\u00a0 Foto do ministro Caputo Bastos com desembargadores do TRT da 16\u00aa Regi\u00e3o 5\/7\/2022 &#8211; Come\u00e7ou, nessa segunda-feira (4\/7), a correi\u00e7\u00e3o ordin\u00e1ria no Tribunal Regional do Trabalho da 16\u00aa Regi\u00e3o (MA) em uma reuni\u00e3o do corregedor-geral da Justi\u00e7a do Trabalho, ministro Guilherme Augusto Caputo Bastos, com o [&hellip;]\" \/>\n<meta property=\"og:url\" content=\"https:\/\/contabilidadecaxias.com.br\/index.php\/2022\/07\/05\/ministro-caputo-bastos-inicia-correicao-ordinaria-no-trt-da-16a-regiao-ma\/\" \/>\n<meta property=\"og:site_name\" content=\"Contabilidade Caxias\" \/>\n<meta property=\"article:published_time\" content=\"2022-07-05T17:02:53+00:00\" \/>\n<meta name=\"twitter:card\" content=\"summary_large_image\" \/>\n<meta name=\"twitter:label1\" content=\"Est. tempo de leitura\" \/>\n\t<meta name=\"twitter:data1\" content=\"2 minutos\" \/>\n<script type=\"application\/ld+json\" class=\"yoast-schema-graph\">{\"@context\":\"https:\\\/\\\/schema.org\",\"@graph\":[{\"@type\":\"Article\",\"@id\":\"https:\\\/\\\/contabilidadecaxias.com.br\\\/index.php\\\/2022\\\/07\\\/05\\\/ministro-caputo-bastos-inicia-correicao-ordinaria-no-trt-da-16a-regiao-ma\\\/#article\",\"isPartOf\":{\"@id\":\"https:\\\/\\\/contabilidadecaxias.com.br\\\/index.php\\\/2022\\\/07\\\/05\\\/ministro-caputo-bastos-inicia-correicao-ordinaria-no-trt-da-16a-regiao-ma\\\/\"},\"author\":{\"name\":\"\",\"@id\":\"\"},\"headline\":\"Ministro Caputo Bastos inicia correi\u00e7\u00e3o ordin\u00e1ria no TRT da 16\u00aa Regi\u00e3o (MA)\",\"datePublished\":\"2022-07-05T17:02:53+00:00\",\"mainEntityOfPage\":{\"@id\":\"https:\\\/\\\/contabilidadecaxias.com.br\\\/index.php\\\/2022\\\/07\\\/05\\\/ministro-caputo-bastos-inicia-correicao-ordinaria-no-trt-da-16a-regiao-ma\\\/\"},\"wordCount\":423,\"commentCount\":0,\"image\":{\"@id\":\"https:\\\/\\\/contabilidadecaxias.com.br\\\/index.php\\\/2022\\\/07\\\/05\\\/ministro-caputo-bastos-inicia-correicao-ordinaria-no-trt-da-16a-regiao-ma\\\/#primaryimage\"},\"thumbnailUrl\":\"https:\\\/\\\/contabilidadecaxias.com.br\\\/wp-content\\\/uploads\\\/2022\\\/07\\\/c6b28629-37d4-19e8-6554-01526b0017a1-BTFxsK.png\",\"articleSection\":[\"Educa\u00e7\u00e3o Financeira\"],\"inLanguage\":\"pt-BR\",\"potentialAction\":[{\"@type\":\"CommentAction\",\"name\":\"Comment\",\"target\":[\"https:\\\/\\\/contabilidadecaxias.com.br\\\/index.php\\\/2022\\\/07\\\/05\\\/ministro-caputo-bastos-inicia-correicao-ordinaria-no-trt-da-16a-regiao-ma\\\/#respond\"]}]},{\"@type\":\"WebPage\",\"@id\":\"https:\\\/\\\/contabilidadecaxias.com.br\\\/index.php\\\/2022\\\/07\\\/05\\\/ministro-caputo-bastos-inicia-correicao-ordinaria-no-trt-da-16a-regiao-ma\\\/\",\"url\":\"https:\\\/\\\/contabilidadecaxias.com.br\\\/index.php\\\/2022\\\/07\\\/05\\\/ministro-caputo-bastos-inicia-correicao-ordinaria-no-trt-da-16a-regiao-ma\\\/\",\"name\":\"Ministro Caputo Bastos inicia correi\u00e7\u00e3o ordin\u00e1ria no TRT da 16\u00aa Regi\u00e3o (MA) - Contabilidade Caxias\",\"isPartOf\":{\"@id\":\"https:\\\/\\\/contabilidadecaxias.com.br\\\/#website\"},\"primaryImageOfPage\":{\"@id\":\"https:\\\/\\\/contabilidadecaxias.com.br\\\/index.php\\\/2022\\\/07\\\/05\\\/ministro-caputo-bastos-inicia-correicao-ordinaria-no-trt-da-16a-regiao-ma\\\/#primaryimage\"},\"image\":{\"@id\":\"https:\\\/\\\/contabilidadecaxias.com.br\\\/index.php\\\/2022\\\/07\\\/05\\\/ministro-caputo-bastos-inicia-correicao-ordinaria-no-trt-da-16a-regiao-ma\\\/#primaryimage\"},\"thumbnailUrl\":\"https:\\\/\\\/contabilidadecaxias.com.br\\\/wp-content\\\/uploads\\\/2022\\\/07\\\/c6b28629-37d4-19e8-6554-01526b0017a1-BTFxsK.png\",\"datePublished\":\"2022-07-05T17:02:53+00:00\",\"author\":{\"@id\":\"\"},\"breadcrumb\":{\"@id\":\"https:\\\/\\\/contabilidadecaxias.com.br\\\/index.php\\\/2022\\\/07\\\/05\\\/ministro-caputo-bastos-inicia-correicao-ordinaria-no-trt-da-16a-regiao-ma\\\/#breadcrumb\"},\"inLanguage\":\"pt-BR\",\"potentialAction\":[{\"@type\":\"ReadAction\",\"target\":[\"https:\\\/\\\/contabilidadecaxias.com.br\\\/index.php\\\/2022\\\/07\\\/05\\\/ministro-caputo-bastos-inicia-correicao-ordinaria-no-trt-da-16a-regiao-ma\\\/\"]}]},{\"@type\":\"ImageObject\",\"inLanguage\":\"pt-BR\",\"@id\":\"https:\\\/\\\/contabilidadecaxias.com.br\\\/index.php\\\/2022\\\/07\\\/05\\\/ministro-caputo-bastos-inicia-correicao-ordinaria-no-trt-da-16a-regiao-ma\\\/#primaryimage\",\"url\":\"https:\\\/\\\/contabilidadecaxias.com.br\\\/wp-content\\\/uploads\\\/2022\\\/07\\\/c6b28629-37d4-19e8-6554-01526b0017a1-BTFxsK.png\",\"contentUrl\":\"https:\\\/\\\/contabilidadecaxias.com.br\\\/wp-content\\\/uploads\\\/2022\\\/07\\\/c6b28629-37d4-19e8-6554-01526b0017a1-BTFxsK.png\",\"width\":700,\"height\":460},{\"@type\":\"BreadcrumbList\",\"@id\":\"https:\\\/\\\/contabilidadecaxias.com.br\\\/index.php\\\/2022\\\/07\\\/05\\\/ministro-caputo-bastos-inicia-correicao-ordinaria-no-trt-da-16a-regiao-ma\\\/#breadcrumb\",\"itemListElement\":[{\"@type\":\"ListItem\",\"position\":1,\"name\":\"In\u00edcio\",\"item\":\"https:\\\/\\\/contabilidadecaxias.com.br\\\/\"},{\"@type\":\"ListItem\",\"position\":2,\"name\":\"Ministro Caputo Bastos inicia correi\u00e7\u00e3o ordin\u00e1ria no TRT da 16\u00aa Regi\u00e3o (MA)\"}]},{\"@type\":\"WebSite\",\"@id\":\"https:\\\/\\\/contabilidadecaxias.com.br\\\/#website\",\"url\":\"https:\\\/\\\/contabilidadecaxias.com.br\\\/\",\"name\":\"Contabilidade Caxias\",\"description\":\"Site especializado em Contabilidade para Caxias.\",\"potentialAction\":[{\"@type\":\"SearchAction\",\"target\":{\"@type\":\"EntryPoint\",\"urlTemplate\":\"https:\\\/\\\/contabilidadecaxias.com.br\\\/?s={search_term_string}\"},\"query-input\":{\"@type\":\"PropertyValueSpecification\",\"valueRequired\":true,\"valueName\":\"search_term_string\"}}],\"inLanguage\":\"pt-BR\"}]}<\/script>\n<!-- \/ Yoast SEO plugin. -->","yoast_head_json":{"title":"Ministro Caputo Bastos inicia correi\u00e7\u00e3o ordin\u00e1ria no TRT da 16\u00aa Regi\u00e3o (MA) - Contabilidade Caxias","robots":{"index":"index","follow":"follow","max-snippet":"max-snippet:-1","max-image-preview":"max-image-preview:large","max-video-preview":"max-video-preview:-1"},"canonical":"https:\/\/contabilidadecaxias.com.br\/index.php\/2022\/07\/05\/ministro-caputo-bastos-inicia-correicao-ordinaria-no-trt-da-16a-regiao-ma\/","og_locale":"pt_BR","og_type":"article","og_title":"Ministro Caputo Bastos inicia correi\u00e7\u00e3o ordin\u00e1ria no TRT da 16\u00aa Regi\u00e3o (MA) - Contabilidade Caxias","og_description":"Correi\u00e7\u00e3o ocorre at\u00e9 a pr\u00f3xima sexta, 8 de julho.\u00a0 Foto do ministro Caputo Bastos com desembargadores do TRT da 16\u00aa Regi\u00e3o 5\/7\/2022 &#8211; Come\u00e7ou, nessa segunda-feira (4\/7), a correi\u00e7\u00e3o ordin\u00e1ria no Tribunal Regional do Trabalho da 16\u00aa Regi\u00e3o (MA) em uma reuni\u00e3o do corregedor-geral da Justi\u00e7a do Trabalho, ministro Guilherme Augusto Caputo Bastos, com o [&hellip;]","og_url":"https:\/\/contabilidadecaxias.com.br\/index.php\/2022\/07\/05\/ministro-caputo-bastos-inicia-correicao-ordinaria-no-trt-da-16a-regiao-ma\/","og_site_name":"Contabilidade Caxias","article_published_time":"2022-07-05T17:02:53+00:00","twitter_card":"summary_large_image","twitter_misc":{"Est. tempo de leitura":"2 minutos"},"schema":{"@context":"https:\/\/schema.org","@graph":[{"@type":"Article","@id":"https:\/\/contabilidadecaxias.com.br\/index.php\/2022\/07\/05\/ministro-caputo-bastos-inicia-correicao-ordinaria-no-trt-da-16a-regiao-ma\/#article","isPartOf":{"@id":"https:\/\/contabilidadecaxias.com.br\/index.php\/2022\/07\/05\/ministro-caputo-bastos-inicia-correicao-ordinaria-no-trt-da-16a-regiao-ma\/"},"author":{"name":"","@id":""},"headline":"Ministro Caputo Bastos inicia correi\u00e7\u00e3o ordin\u00e1ria no TRT da 16\u00aa Regi\u00e3o (MA)","datePublished":"2022-07-05T17:02:53+00:00","mainEntityOfPage":{"@id":"https:\/\/contabilidadecaxias.com.br\/index.php\/2022\/07\/05\/ministro-caputo-bastos-inicia-correicao-ordinaria-no-trt-da-16a-regiao-ma\/"},"wordCount":423,"commentCount":0,"image":{"@id":"https:\/\/contabilidadecaxias.com.br\/index.php\/2022\/07\/05\/ministro-caputo-bastos-inicia-correicao-ordinaria-no-trt-da-16a-regiao-ma\/#primaryimage"},"thumbnailUrl":"https:\/\/contabilidadecaxias.com.br\/wp-content\/uploads\/2022\/07\/c6b28629-37d4-19e8-6554-01526b0017a1-BTFxsK.png","articleSection":["Educa\u00e7\u00e3o Financeira"],"inLanguage":"pt-BR","potentialAction":[{"@type":"CommentAction","name":"Comment","target":["https:\/\/contabilidadecaxias.com.br\/index.php\/2022\/07\/05\/ministro-caputo-bastos-inicia-correicao-ordinaria-no-trt-da-16a-regiao-ma\/#respond"]}]},{"@type":"WebPage","@id":"https:\/\/contabilidadecaxias.com.br\/index.php\/2022\/07\/05\/ministro-caputo-bastos-inicia-correicao-ordinaria-no-trt-da-16a-regiao-ma\/","url":"https:\/\/contabilidadecaxias.com.br\/index.php\/2022\/07\/05\/ministro-caputo-bastos-inicia-correicao-ordinaria-no-trt-da-16a-regiao-ma\/","name":"Ministro Caputo Bastos inicia correi\u00e7\u00e3o ordin\u00e1ria no TRT da 16\u00aa Regi\u00e3o (MA) - Contabilidade Caxias","isPartOf":{"@id":"https:\/\/contabilidadecaxias.com.br\/#website"},"primaryImageOfPage":{"@id":"https:\/\/contabilidadecaxias.com.br\/index.php\/2022\/07\/05\/ministro-caputo-bastos-inicia-correicao-ordinaria-no-trt-da-16a-regiao-ma\/#primaryimage"},"image":{"@id":"https:\/\/contabilidadecaxias.com.br\/index.php\/2022\/07\/05\/ministro-caputo-bastos-inicia-correicao-ordinaria-no-trt-da-16a-regiao-ma\/#primaryimage"},"thumbnailUrl":"https:\/\/contabilidadecaxias.com.br\/wp-content\/uploads\/2022\/07\/c6b28629-37d4-19e8-6554-01526b0017a1-BTFxsK.png","datePublished":"2022-07-05T17:02:53+00:00","author":{"@id":""},"breadcrumb":{"@id":"https:\/\/contabilidadecaxias.com.br\/index.php\/2022\/07\/05\/ministro-caputo-bastos-inicia-correicao-ordinaria-no-trt-da-16a-regiao-ma\/#breadcrumb"},"inLanguage":"pt-BR","potentialAction":[{"@type":"ReadAction","target":["https:\/\/contabilidadecaxias.com.br\/index.php\/2022\/07\/05\/ministro-caputo-bastos-inicia-correicao-ordinaria-no-trt-da-16a-regiao-ma\/"]}]},{"@type":"ImageObject","inLanguage":"pt-BR","@id":"https:\/\/contabilidadecaxias.com.br\/index.php\/2022\/07\/05\/ministro-caputo-bastos-inicia-correicao-ordinaria-no-trt-da-16a-regiao-ma\/#primaryimage","url":"https:\/\/contabilidadecaxias.com.br\/wp-content\/uploads\/2022\/07\/c6b28629-37d4-19e8-6554-01526b0017a1-BTFxsK.png","contentUrl":"https:\/\/contabilidadecaxias.com.br\/wp-content\/uploads\/2022\/07\/c6b28629-37d4-19e8-6554-01526b0017a1-BTFxsK.png","width":700,"height":460},{"@type":"BreadcrumbList","@id":"https:\/\/contabilidadecaxias.com.br\/index.php\/2022\/07\/05\/ministro-caputo-bastos-inicia-correicao-ordinaria-no-trt-da-16a-regiao-ma\/#breadcrumb","itemListElement":[{"@type":"ListItem","position":1,"name":"In\u00edcio","item":"https:\/\/contabilidadecaxias.com.br\/"},{"@type":"ListItem","position":2,"name":"Ministro Caputo Bastos inicia correi\u00e7\u00e3o ordin\u00e1ria no TRT da 16\u00aa Regi\u00e3o (MA)"}]},{"@type":"WebSite","@id":"https:\/\/contabilidadecaxias.com.br\/#website","url":"https:\/\/contabilidadecaxias.com.br\/","name":"Contabilidade Caxias","description":"Site especializado em Contabilidade para Caxias.","potentialAction":[{"@type":"SearchAction","target":{"@type":"EntryPoint","urlTemplate":"https:\/\/contabilidadecaxias.com.br\/?s={search_term_string}"},"query-input":{"@type":"PropertyValueSpecification","valueRequired":true,"valueName":"search_term_string"}}],"inLanguage":"pt-BR"}]}},"_links":{"self":[{"href":"https:\/\/contabilidadecaxias.com.br\/index.php\/wp-json\/wp\/v2\/posts\/11463","targetHints":{"allow":["GET"]}}],"collection":[{"href":"https:\/\/contabilidadecaxias.com.br\/index.php\/wp-json\/wp\/v2\/posts"}],"about":[{"href":"https:\/\/contabilidadecaxias.com.br\/index.php\/wp-json\/wp\/v2\/types\/post"}],"replies":[{"embeddable":true,"href":"https:\/\/contabilidadecaxias.com.br\/index.php\/wp-json\/wp\/v2\/comments?post=11463"}],"version-history":[{"count":0,"href":"https:\/\/contabilidadecaxias.com.br\/index.php\/wp-json\/wp\/v2\/posts\/11463\/revisions"}],"wp:featuredmedia":[{"embeddable":true,"href":"https:\/\/contabilidadecaxias.com.br\/index.php\/wp-json\/wp\/v2\/media\/11464"}],"wp:attachment":[{"href":"https:\/\/contabilidadecaxias.com.br\/index.php\/wp-json\/wp\/v2\/media?parent=11463"}],"wp:term":[{"taxonomy":"category","embeddable":true,"href":"https:\/\/contabilidadecaxias.com.br\/index.php\/wp-json\/wp\/v2\/categories?post=11463"},{"taxonomy":"post_tag","embeddable":true,"href":"https:\/\/contabilidadecaxias.com.br\/index.php\/wp-json\/wp\/v2\/tags?post=11463"}],"curies":[{"name":"wp","href":"https:\/\/api.w.org\/{rel}","templated":true}]}}