{"id":11449,"date":"2022-07-04T18:06:38","date_gmt":"2022-07-04T21:06:38","guid":{"rendered":"https:\/\/contabilidadecaxias.com.br\/index.php\/2022\/07\/04\/petrolifera-tera-de-custear-tratamento-de-aposentado-com-obesidade-morbida-programa-completo\/"},"modified":"2022-07-04T18:06:38","modified_gmt":"2022-07-04T21:06:38","slug":"petrolifera-tera-de-custear-tratamento-de-aposentado-com-obesidade-morbida-programa-completo","status":"publish","type":"post","link":"https:\/\/contabilidadecaxias.com.br\/index.php\/2022\/07\/04\/petrolifera-tera-de-custear-tratamento-de-aposentado-com-obesidade-morbida-programa-completo\/","title":{"rendered":"Petrol\u00edfera ter\u00e1 de custear tratamento de aposentado com obesidade m\u00f3rbida | Programa completo"},"content":{"rendered":"<\/p>\n<p>01\/07\/22 &#8211; Confira nessa edi\u00e7\u00e3o:<\/p>\n<p>(00:39) A Subse\u00e7\u00e3o II Especializada em Diss\u00eddios Individuais (SDI-2) do Tribunal Superior do Trabalho rejeitou mandado de seguran\u00e7a da Petr\u00f3leo Brasileiro S.A. (Petrobras) contra a concess\u00e3o de tutela de urg\u00eancia para que custeasse despesas de interna\u00e7\u00e3o em cl\u00ednica especializada para tratamento de obesidade m\u00f3rbida de um aposentado, em Salvador (BA). Segundo o colegiado, o risco da demora consiste no pr\u00f3prio risco de vida do empregado.<\/p>\n<p>(03:38) Em duas decis\u00f5es recentes, a Segunda Turma do Tribunal Superior do Trabalho examinou casos em que trabalhadoras foram colocadas em situa\u00e7\u00e3o de \u00f3cio for\u00e7ado. O primeiro trata de uma vigilante que deixou de ser escalada para prestar servi\u00e7os durante a gravidez. O outro envolve uma banc\u00e1ria que, ap\u00f3s sofrer aborto espont\u00e2neo, deixou de receber metas e de ser cobrada, at\u00e9 ser dispensada.<\/p>\n<p>(06:31) A Primeira Turma do Tribunal Superior do Trabalho afastou a determina\u00e7\u00e3o de arquivamento da reclama\u00e7\u00e3o trabalhista de uma aerovi\u00e1ria, em raz\u00e3o de sua aus\u00eancia \u00e0 audi\u00eancia inaugural do processo. Segundo o colegiado, o fato de ela residir na Austr\u00e1lia na \u00e9poca da audi\u00eancia legitima a indica\u00e7\u00e3o de uma colega de profiss\u00e3o como sua representante em ju\u00edzo. Com isso, o processo retornar\u00e1 ao primeiro grau, para ser retomado.<\/p>\n<p>(08:43) A Sexta Turma do Tribunal Superior do Trabalho aumentou de R$ 1.500 para R$ 5 mil o valor da indeniza\u00e7\u00e3o que a WCC Fitness Academia de Gin\u00e1stica Ltda., de Taguatinga (DF), ter\u00e1 de pagar a um gerente assediado moralmente com xingamentos pelos s\u00f3cios da empresa. Para o colegiado, o valor fixado em segunda inst\u00e2ncia foi irris\u00f3rio em rela\u00e7\u00e3o \u00e0 gravidade das ofensas.<\/p>\n<p>(10:46) O Tribunal Superior do Trabalho encerrou as atividades forenses do primeiro semestre de 2022, com sess\u00e3o do \u00d3rg\u00e3o Especial. O presidente do TST e do Conselho Superior da Justi\u00e7a do Trabalho (CSJT), ministro Emmanoel Pereira, destacou o aumento da produtividade da Corte e os projetos voltados para a concretiza\u00e7\u00e3o de a\u00e7\u00f5es inclusivas destinadas a efetivar a igualdade, a cidadania e o respeito \u00e0 diversidade.<\/p>\n<p>(16:06) Para marcar o encerramento do m\u00eas do Orgulho LGBTQIA+, o Tribunal Superior do Trabalho (TST) promoveu, pela primeira vez, um debate acerca da diversidade e da pluralidade no ambiente do trabalho. A mesa-redonda \u201cDiversidade e Pluralidade no ambiente de trabalho\u201d, transmitida pelo canal do TST no YouTube, buscou refor\u00e7ar a atua\u00e7\u00e3o da Justi\u00e7a Trabalhista na conscientiza\u00e7\u00e3o social sobre os direitos dessa parcela da popula\u00e7\u00e3o e no combate \u00e0 discrimina\u00e7\u00e3o.<\/p>\n<p>(17:19) O presidente do Tribunal Superior do Trabalho (TST) e do Conselho Superior da Justi\u00e7a do Trabalho (CSJT), ministro Emmanoel Pereira, recebeu a visita de juristas estrangeiros que participaram do \u201cSemin\u00e1rio Internacional Brasil-Uni\u00e3o Europeia &#8211; Interc\u00e2mbio de experi\u00eancias em e-Justice\u201d, promovido pelo Conselho Nacional de Justi\u00e7a (CNJ). A comitiva, formada pelo magistrado Gero Meinen, pelo professor de Legisla\u00e7\u00e3o Europeia da Universidade de Viena, Erich Schweighofer, pelo juiz auxiliar da Presid\u00eancia do CNJ, Anderson de Paiva, e pelo diretor do Departamento de Pesquisas Judici\u00e1rias do CNJ, Wilfredo Pacheco, est\u00e1 no Brasil h\u00e1 quatro dias.<\/p>\n<p>(18:05) O Conselho Superior da Justi\u00e7a do Trabalho (CSJT) lan\u00e7ou a Pesquisa Nacional de Satisfa\u00e7\u00e3o dos Sistemas. O levantamento, que pode ser respondido at\u00e9 31 de julho, atende ao previsto no \u00cdndice de Satisfa\u00e7\u00e3o com os Sistemas de Tecnologia da Informa\u00e7\u00e3o (ISTIC), que faz parte do Planejamento Estrat\u00e9gico da Justi\u00e7a do Trabalho 2021-2026.<\/p>\n<p>(18:33) Os prazos processuais do Tribunal Superior do Trabalho ficar\u00e3o suspensos de 2 a 31 de julho de 2022, em raz\u00e3o das f\u00e9rias coletivas dos ministros, previstas no artigo 66, par\u00e1grafo 1\u00ba, da Lei Org\u00e2nica da Magistratura (Lei Complementar 35\/1979). Os prazos que se iniciam ou se encerram nesse per\u00edodo ficam automaticamente prorrogados para 1\u00ba\/8, nos termos do artigo 224, par\u00e1grafo 1\u00ba, do C\u00f3digo de Processo Civil (Lei 13.105\/2015).<\/p>\n","protected":false},"excerpt":{"rendered":"<p>01\/07\/22 &#8211; Confira nessa edi\u00e7\u00e3o: (00:39) A Subse\u00e7\u00e3o II Especializada em Diss\u00eddios Individuais (SDI-2) do Tribunal Superior do Trabalho rejeitou mandado de seguran\u00e7a da Petr\u00f3leo Brasileiro S.A. (Petrobras) contra a concess\u00e3o de tutela de urg\u00eancia para que custeasse despesas de interna\u00e7\u00e3o em cl\u00ednica especializada para tratamento de obesidade m\u00f3rbida de um aposentado, em Salvador (BA). [&hellip;]<\/p>\n","protected":false},"author":0,"featured_media":0,"comment_status":"open","ping_status":"","sticky":false,"template":"","format":"standard","meta":{"footnotes":""},"categories":[5],"tags":[],"class_list":["post-11449","post","type-post","status-publish","format-standard","hentry","category-noticias-educacao-financeira"],"blocksy_meta":{"styles_descriptor":{"styles":{"desktop":"","tablet":"","mobile":""},"google_fonts":[],"version":6}},"yoast_head":"<!-- This site is optimized with the Yoast SEO plugin v27.4 - https:\/\/yoast.com\/product\/yoast-seo-wordpress\/ -->\n<title>Petrol\u00edfera ter\u00e1 de custear tratamento de aposentado com obesidade m\u00f3rbida | Programa completo - Contabilidade Caxias<\/title>\n<meta name=\"robots\" content=\"index, follow, max-snippet:-1, max-image-preview:large, max-video-preview:-1\" \/>\n<link rel=\"canonical\" href=\"https:\/\/contabilidadecaxias.com.br\/index.php\/2022\/07\/04\/petrolifera-tera-de-custear-tratamento-de-aposentado-com-obesidade-morbida-programa-completo\/\" \/>\n<meta property=\"og:locale\" content=\"pt_BR\" \/>\n<meta property=\"og:type\" content=\"article\" \/>\n<meta property=\"og:title\" content=\"Petrol\u00edfera ter\u00e1 de custear tratamento de aposentado com obesidade m\u00f3rbida | Programa completo - Contabilidade Caxias\" \/>\n<meta property=\"og:description\" content=\"01\/07\/22 &#8211; Confira nessa edi\u00e7\u00e3o: (00:39) A Subse\u00e7\u00e3o II Especializada em Diss\u00eddios Individuais (SDI-2) do Tribunal Superior do Trabalho rejeitou mandado de seguran\u00e7a da Petr\u00f3leo Brasileiro S.A. (Petrobras) contra a concess\u00e3o de tutela de urg\u00eancia para que custeasse despesas de interna\u00e7\u00e3o em cl\u00ednica especializada para tratamento de obesidade m\u00f3rbida de um aposentado, em Salvador (BA). [&hellip;]\" \/>\n<meta property=\"og:url\" content=\"https:\/\/contabilidadecaxias.com.br\/index.php\/2022\/07\/04\/petrolifera-tera-de-custear-tratamento-de-aposentado-com-obesidade-morbida-programa-completo\/\" \/>\n<meta property=\"og:site_name\" content=\"Contabilidade Caxias\" \/>\n<meta property=\"article:published_time\" content=\"2022-07-04T21:06:38+00:00\" \/>\n<meta name=\"twitter:card\" content=\"summary_large_image\" \/>\n<meta name=\"twitter:label1\" content=\"Est. tempo de leitura\" \/>\n\t<meta name=\"twitter:data1\" content=\"3 minutos\" \/>\n<script type=\"application\/ld+json\" class=\"yoast-schema-graph\">{\"@context\":\"https:\\\/\\\/schema.org\",\"@graph\":[{\"@type\":\"Article\",\"@id\":\"https:\\\/\\\/contabilidadecaxias.com.br\\\/index.php\\\/2022\\\/07\\\/04\\\/petrolifera-tera-de-custear-tratamento-de-aposentado-com-obesidade-morbida-programa-completo\\\/#article\",\"isPartOf\":{\"@id\":\"https:\\\/\\\/contabilidadecaxias.com.br\\\/index.php\\\/2022\\\/07\\\/04\\\/petrolifera-tera-de-custear-tratamento-de-aposentado-com-obesidade-morbida-programa-completo\\\/\"},\"author\":{\"name\":\"\",\"@id\":\"\"},\"headline\":\"Petrol\u00edfera ter\u00e1 de custear tratamento de aposentado com obesidade m\u00f3rbida | Programa completo\",\"datePublished\":\"2022-07-04T21:06:38+00:00\",\"mainEntityOfPage\":{\"@id\":\"https:\\\/\\\/contabilidadecaxias.com.br\\\/index.php\\\/2022\\\/07\\\/04\\\/petrolifera-tera-de-custear-tratamento-de-aposentado-com-obesidade-morbida-programa-completo\\\/\"},\"wordCount\":672,\"commentCount\":0,\"articleSection\":[\"Educa\u00e7\u00e3o Financeira\"],\"inLanguage\":\"pt-BR\",\"potentialAction\":[{\"@type\":\"CommentAction\",\"name\":\"Comment\",\"target\":[\"https:\\\/\\\/contabilidadecaxias.com.br\\\/index.php\\\/2022\\\/07\\\/04\\\/petrolifera-tera-de-custear-tratamento-de-aposentado-com-obesidade-morbida-programa-completo\\\/#respond\"]}]},{\"@type\":\"WebPage\",\"@id\":\"https:\\\/\\\/contabilidadecaxias.com.br\\\/index.php\\\/2022\\\/07\\\/04\\\/petrolifera-tera-de-custear-tratamento-de-aposentado-com-obesidade-morbida-programa-completo\\\/\",\"url\":\"https:\\\/\\\/contabilidadecaxias.com.br\\\/index.php\\\/2022\\\/07\\\/04\\\/petrolifera-tera-de-custear-tratamento-de-aposentado-com-obesidade-morbida-programa-completo\\\/\",\"name\":\"Petrol\u00edfera ter\u00e1 de custear tratamento de aposentado com obesidade m\u00f3rbida | Programa completo - Contabilidade Caxias\",\"isPartOf\":{\"@id\":\"https:\\\/\\\/contabilidadecaxias.com.br\\\/#website\"},\"datePublished\":\"2022-07-04T21:06:38+00:00\",\"author\":{\"@id\":\"\"},\"breadcrumb\":{\"@id\":\"https:\\\/\\\/contabilidadecaxias.com.br\\\/index.php\\\/2022\\\/07\\\/04\\\/petrolifera-tera-de-custear-tratamento-de-aposentado-com-obesidade-morbida-programa-completo\\\/#breadcrumb\"},\"inLanguage\":\"pt-BR\",\"potentialAction\":[{\"@type\":\"ReadAction\",\"target\":[\"https:\\\/\\\/contabilidadecaxias.com.br\\\/index.php\\\/2022\\\/07\\\/04\\\/petrolifera-tera-de-custear-tratamento-de-aposentado-com-obesidade-morbida-programa-completo\\\/\"]}]},{\"@type\":\"BreadcrumbList\",\"@id\":\"https:\\\/\\\/contabilidadecaxias.com.br\\\/index.php\\\/2022\\\/07\\\/04\\\/petrolifera-tera-de-custear-tratamento-de-aposentado-com-obesidade-morbida-programa-completo\\\/#breadcrumb\",\"itemListElement\":[{\"@type\":\"ListItem\",\"position\":1,\"name\":\"In\u00edcio\",\"item\":\"https:\\\/\\\/contabilidadecaxias.com.br\\\/\"},{\"@type\":\"ListItem\",\"position\":2,\"name\":\"Petrol\u00edfera ter\u00e1 de custear tratamento de aposentado com obesidade m\u00f3rbida | Programa completo\"}]},{\"@type\":\"WebSite\",\"@id\":\"https:\\\/\\\/contabilidadecaxias.com.br\\\/#website\",\"url\":\"https:\\\/\\\/contabilidadecaxias.com.br\\\/\",\"name\":\"Contabilidade Caxias\",\"description\":\"Site especializado em Contabilidade para Caxias.\",\"potentialAction\":[{\"@type\":\"SearchAction\",\"target\":{\"@type\":\"EntryPoint\",\"urlTemplate\":\"https:\\\/\\\/contabilidadecaxias.com.br\\\/?s={search_term_string}\"},\"query-input\":{\"@type\":\"PropertyValueSpecification\",\"valueRequired\":true,\"valueName\":\"search_term_string\"}}],\"inLanguage\":\"pt-BR\"}]}<\/script>\n<!-- \/ Yoast SEO plugin. -->","yoast_head_json":{"title":"Petrol\u00edfera ter\u00e1 de custear tratamento de aposentado com obesidade m\u00f3rbida | Programa completo - Contabilidade Caxias","robots":{"index":"index","follow":"follow","max-snippet":"max-snippet:-1","max-image-preview":"max-image-preview:large","max-video-preview":"max-video-preview:-1"},"canonical":"https:\/\/contabilidadecaxias.com.br\/index.php\/2022\/07\/04\/petrolifera-tera-de-custear-tratamento-de-aposentado-com-obesidade-morbida-programa-completo\/","og_locale":"pt_BR","og_type":"article","og_title":"Petrol\u00edfera ter\u00e1 de custear tratamento de aposentado com obesidade m\u00f3rbida | Programa completo - Contabilidade Caxias","og_description":"01\/07\/22 &#8211; Confira nessa edi\u00e7\u00e3o: (00:39) A Subse\u00e7\u00e3o II Especializada em Diss\u00eddios Individuais (SDI-2) do Tribunal Superior do Trabalho rejeitou mandado de seguran\u00e7a da Petr\u00f3leo Brasileiro S.A. (Petrobras) contra a concess\u00e3o de tutela de urg\u00eancia para que custeasse despesas de interna\u00e7\u00e3o em cl\u00ednica especializada para tratamento de obesidade m\u00f3rbida de um aposentado, em Salvador (BA). [&hellip;]","og_url":"https:\/\/contabilidadecaxias.com.br\/index.php\/2022\/07\/04\/petrolifera-tera-de-custear-tratamento-de-aposentado-com-obesidade-morbida-programa-completo\/","og_site_name":"Contabilidade Caxias","article_published_time":"2022-07-04T21:06:38+00:00","twitter_card":"summary_large_image","twitter_misc":{"Est. tempo de leitura":"3 minutos"},"schema":{"@context":"https:\/\/schema.org","@graph":[{"@type":"Article","@id":"https:\/\/contabilidadecaxias.com.br\/index.php\/2022\/07\/04\/petrolifera-tera-de-custear-tratamento-de-aposentado-com-obesidade-morbida-programa-completo\/#article","isPartOf":{"@id":"https:\/\/contabilidadecaxias.com.br\/index.php\/2022\/07\/04\/petrolifera-tera-de-custear-tratamento-de-aposentado-com-obesidade-morbida-programa-completo\/"},"author":{"name":"","@id":""},"headline":"Petrol\u00edfera ter\u00e1 de custear tratamento de aposentado com obesidade m\u00f3rbida | Programa completo","datePublished":"2022-07-04T21:06:38+00:00","mainEntityOfPage":{"@id":"https:\/\/contabilidadecaxias.com.br\/index.php\/2022\/07\/04\/petrolifera-tera-de-custear-tratamento-de-aposentado-com-obesidade-morbida-programa-completo\/"},"wordCount":672,"commentCount":0,"articleSection":["Educa\u00e7\u00e3o Financeira"],"inLanguage":"pt-BR","potentialAction":[{"@type":"CommentAction","name":"Comment","target":["https:\/\/contabilidadecaxias.com.br\/index.php\/2022\/07\/04\/petrolifera-tera-de-custear-tratamento-de-aposentado-com-obesidade-morbida-programa-completo\/#respond"]}]},{"@type":"WebPage","@id":"https:\/\/contabilidadecaxias.com.br\/index.php\/2022\/07\/04\/petrolifera-tera-de-custear-tratamento-de-aposentado-com-obesidade-morbida-programa-completo\/","url":"https:\/\/contabilidadecaxias.com.br\/index.php\/2022\/07\/04\/petrolifera-tera-de-custear-tratamento-de-aposentado-com-obesidade-morbida-programa-completo\/","name":"Petrol\u00edfera ter\u00e1 de custear tratamento de aposentado com obesidade m\u00f3rbida | Programa completo - Contabilidade Caxias","isPartOf":{"@id":"https:\/\/contabilidadecaxias.com.br\/#website"},"datePublished":"2022-07-04T21:06:38+00:00","author":{"@id":""},"breadcrumb":{"@id":"https:\/\/contabilidadecaxias.com.br\/index.php\/2022\/07\/04\/petrolifera-tera-de-custear-tratamento-de-aposentado-com-obesidade-morbida-programa-completo\/#breadcrumb"},"inLanguage":"pt-BR","potentialAction":[{"@type":"ReadAction","target":["https:\/\/contabilidadecaxias.com.br\/index.php\/2022\/07\/04\/petrolifera-tera-de-custear-tratamento-de-aposentado-com-obesidade-morbida-programa-completo\/"]}]},{"@type":"BreadcrumbList","@id":"https:\/\/contabilidadecaxias.com.br\/index.php\/2022\/07\/04\/petrolifera-tera-de-custear-tratamento-de-aposentado-com-obesidade-morbida-programa-completo\/#breadcrumb","itemListElement":[{"@type":"ListItem","position":1,"name":"In\u00edcio","item":"https:\/\/contabilidadecaxias.com.br\/"},{"@type":"ListItem","position":2,"name":"Petrol\u00edfera ter\u00e1 de custear tratamento de aposentado com obesidade m\u00f3rbida | Programa completo"}]},{"@type":"WebSite","@id":"https:\/\/contabilidadecaxias.com.br\/#website","url":"https:\/\/contabilidadecaxias.com.br\/","name":"Contabilidade Caxias","description":"Site especializado em Contabilidade para Caxias.","potentialAction":[{"@type":"SearchAction","target":{"@type":"EntryPoint","urlTemplate":"https:\/\/contabilidadecaxias.com.br\/?s={search_term_string}"},"query-input":{"@type":"PropertyValueSpecification","valueRequired":true,"valueName":"search_term_string"}}],"inLanguage":"pt-BR"}]}},"_links":{"self":[{"href":"https:\/\/contabilidadecaxias.com.br\/index.php\/wp-json\/wp\/v2\/posts\/11449","targetHints":{"allow":["GET"]}}],"collection":[{"href":"https:\/\/contabilidadecaxias.com.br\/index.php\/wp-json\/wp\/v2\/posts"}],"about":[{"href":"https:\/\/contabilidadecaxias.com.br\/index.php\/wp-json\/wp\/v2\/types\/post"}],"replies":[{"embeddable":true,"href":"https:\/\/contabilidadecaxias.com.br\/index.php\/wp-json\/wp\/v2\/comments?post=11449"}],"version-history":[{"count":0,"href":"https:\/\/contabilidadecaxias.com.br\/index.php\/wp-json\/wp\/v2\/posts\/11449\/revisions"}],"wp:attachment":[{"href":"https:\/\/contabilidadecaxias.com.br\/index.php\/wp-json\/wp\/v2\/media?parent=11449"}],"wp:term":[{"taxonomy":"category","embeddable":true,"href":"https:\/\/contabilidadecaxias.com.br\/index.php\/wp-json\/wp\/v2\/categories?post=11449"},{"taxonomy":"post_tag","embeddable":true,"href":"https:\/\/contabilidadecaxias.com.br\/index.php\/wp-json\/wp\/v2\/tags?post=11449"}],"curies":[{"name":"wp","href":"https:\/\/api.w.org\/{rel}","templated":true}]}}