{"id":11445,"date":"2022-07-04T15:04:08","date_gmt":"2022-07-04T18:04:08","guid":{"rendered":"https:\/\/contabilidadecaxias.com.br\/index.php\/2022\/07\/04\/banco-e-condenado-por-nao-promover-bancario-a-gerente\/"},"modified":"2022-07-04T15:04:08","modified_gmt":"2022-07-04T18:04:08","slug":"banco-e-condenado-por-nao-promover-bancario-a-gerente","status":"publish","type":"post","link":"https:\/\/contabilidadecaxias.com.br\/index.php\/2022\/07\/04\/banco-e-condenado-por-nao-promover-bancario-a-gerente\/","title":{"rendered":"Banco \u00e9 condenado por n\u00e3o promover banc\u00e1rio a gerente"},"content":{"rendered":"<div class=\"noticia-wrapper\">\n<p><em><\/p>\n<p>Segundo o banc\u00e1rio, v\u00e1rios colegas foram promovidos, menos ele, sem justificativa razo\u00e1vel.<\/p>\n<p><\/em><\/p>\n<div class=\"social-media-share mobile\">\n        <a class=\"share-facebook\" href=\"https:\/\/www.facebook.com\/sharer.php?u=https:\/\/www.tst.jus.br\/-\/banco-%C3%A9-condenado-por-n%C3%A3o-promover-banc%C3%A1rio-a-gerente\" target=\"_blank\" rel=\"noopener\"><\/a><br \/>\n        <a class=\"share-twitter\" href=\"https:\/\/twitter.com\/intent\/tweet?text=Banco%20%C3%A9%20condenado%20por%20n%C3%A3o%20promover%20banc%C3%A1rio%20a%20gerente%0AVeja%20mais%20em:&amp;url=https:\/\/www.tst.jus.br\/-\/banco-%C3%A9-condenado-por-n%C3%A3o-promover-banc%C3%A1rio-a-gerente\" target=\"_blank\" rel=\"noopener\"><\/a><br \/>\n        <a class=\"share-linkedin\" href=\"https:\/\/www.linkedin.com\/shareArticle?mini=true&amp;url=https:\/\/www.tst.jus.br\/-\/banco-%C3%A9-condenado-por-n%C3%A3o-promover-banc%C3%A1rio-a-gerente&amp;title=Banco%20%C3%A9%20condenado%20por%20n%C3%A3o%20promover%20banc%C3%A1rio%20a%20gerente\" target=\"_blank\" rel=\"noopener\"><\/a><br \/>\n        <a class=\"share-whatsapp\" href=\"https:\/\/web.whatsapp.com\/send?text=https:\/\/www.tst.jus.br\/-\/banco-%C3%A9-condenado-por-n%C3%A3o-promover-banc%C3%A1rio-a-gerente\" target=\"_blank\" rel=\"noopener\"><\/a><br \/>\n        <a class=\"share-googleplus\" href=\"https:\/\/plus.google.com\/share?url=https:\/\/www.tst.jus.br\/-\/banco-%C3%A9-condenado-por-n%C3%A3o-promover-banc%C3%A1rio-a-gerente\" target=\"_blank\" rel=\"noopener\"><\/a>\n    <\/div>\n<div class=\"news-body\">\n<div class=\"imagem-da-noticia\">\n<p>Mesa de escrit\u00f3rio com duas cadeiras e sem pessoas<\/p>\n<div class=\"social-media-share\">\n                    <a class=\"share-facebook\" href=\"https:\/\/www.facebook.com\/sharer.php?u=https:\/\/www.tst.jus.br\/-\/banco-%C3%A9-condenado-por-n%C3%A3o-promover-banc%C3%A1rio-a-gerente\" target=\"_blank\" rel=\"noopener\"><\/a><br \/>\n                    <a class=\"share-twitter\" href=\"https:\/\/twitter.com\/intent\/tweet?text=Banco%20%C3%A9%20condenado%20por%20n%C3%A3o%20promover%20banc%C3%A1rio%20a%20gerente%0AVeja%20mais%20em:&amp;url=https:\/\/www.tst.jus.br\/-\/banco-%C3%A9-condenado-por-n%C3%A3o-promover-banc%C3%A1rio-a-gerente\" target=\"_blank\" rel=\"noopener\"><\/a><br \/>\n                    <a class=\"share-linkedin\" href=\"https:\/\/www.linkedin.com\/shareArticle?mini=true&amp;url=https:\/\/www.tst.jus.br\/-\/banco-%C3%A9-condenado-por-n%C3%A3o-promover-banc%C3%A1rio-a-gerente&amp;title=Banco%20%C3%A9%20condenado%20por%20n%C3%A3o%20promover%20banc%C3%A1rio%20a%20gerente\" target=\"_blank\" rel=\"noopener\"><\/a><br \/>\n                    <a class=\"share-whatsapp\" href=\"https:\/\/web.whatsapp.com\/send?text=https:\/\/www.tst.jus.br\/-\/banco-%C3%A9-condenado-por-n%C3%A3o-promover-banc%C3%A1rio-a-gerente\" target=\"_blank\" rel=\"noopener\"><\/a><br \/>\n                    <a class=\"share-googleplus\" href=\"https:\/\/plus.google.com\/share?url=https:\/\/www.tst.jus.br\/-\/banco-%C3%A9-condenado-por-n%C3%A3o-promover-banc%C3%A1rio-a-gerente\" target=\"_blank\" rel=\"noopener\"><\/a>\n                <\/div>\n<\/p><\/div>\n<div class=\"materia\">\n<p>4\/7\/2022 &#8211; A Terceira Turma do Tribunal Superior do Trabalho condenou o Banco do Brasil S.A. a pagar R$ 70 mil de indeniza\u00e7\u00e3o a um banc\u00e1rio de Marechal C\u00e2ndido Rondon (PR) por n\u00e3o t\u00ea-lo promovido ao cargo de gerente durante o contrato de trabalho, embora tenha promovido outros empregados, em id\u00eantica situa\u00e7\u00e3o. Para o colegiado, a conduta foi discriminat\u00f3ria.\u00a0<\/p>\n<p><strong>Alavancar a carreira<\/strong><\/p>\n<p>O banc\u00e1rio disse, na a\u00e7\u00e3o trabalhista, que havia trabalhado por 32 anos para o banco, chegando a exercer fun\u00e7\u00e3o comissionada por mais de 10 anos, mas a comiss\u00e3o foi retirada em 1993. \u00a0Na tentativa de \u201calavancar a carreira\u201d, disse que participou, no in\u00edcio de 1997, de concurso interno de gestores para novos gerentes, mas, mesmo tendo sido classificado e cumprido todas as etapas previstas, o banco \u201cn\u00e3o fez sua parte\u201d.\u00a0<\/p>\n<p><strong>Rem\u00e9dios controlados<\/strong><\/p>\n<p>Aposentado em abril de 2012, o banc\u00e1rio sustentou que, desde a retirada da comiss\u00e3o, viu colegas na mesma situa\u00e7\u00e3o serem renomeados para novas fun\u00e7\u00f5es. \u00a0\u201cFuncion\u00e1rios que n\u00e3o tinham participado do concurso tamb\u00e9m eram chamados para substituir o gerente\u201d, afirmou. Nessa \u00e9poca, sem conseguir ascender profissionalmente, com perda salarial e falta de reajustes salariais, disse que passou a ter problemas de sa\u00fade, tendo de recorrer a tratamentos m\u00e9dicos e rem\u00e9dios controlados.<\/p>\n<p><strong>Juiz classista<\/strong><\/p>\n<p>Em contesta\u00e7\u00e3o, o Banco do Brasil disse que o banc\u00e1rio havia perdido a comiss\u00e3o porque decidira atuar, em 1994, como juiz classista na Justi\u00e7a do Trabalho e, ao t\u00e9rmino do mandato, assumira a sua fun\u00e7\u00e3o origin\u00e1ria (escritur\u00e1rio). Segundo o banco, os demais empregados que participaram do programa Novos Gestores j\u00e1 exerciam comiss\u00f5es de n\u00edvel m\u00e9dio e, por isso, tinham prefer\u00eancia para a fun\u00e7\u00e3o de gerente. A acusa\u00e7\u00e3o de conduta discriminat\u00f3ria foi recha\u00e7ada com o argumento de que o comissionamento de qualquer gerente \u00e9 decis\u00e3o administrativa do banco.\u00a0<\/p>\n<p><strong>Poder diretivo<\/strong><\/p>\n<p>Ao julgar o caso, o ju\u00edzo da Vara do Trabalho de Marechal C\u00e2ndido de Rondon entendeu que a participa\u00e7\u00e3o no programa Novos Gestores n\u00e3o garantia a nomea\u00e7\u00e3o para ger\u00eancia. Segundo a senten\u00e7a, a promo\u00e7\u00e3o \u00e9 ato inerente ao poder diretivo do empregador. \u00a0<\/p>\n<p><strong>Justificativa razo\u00e1vel<\/strong><\/p>\n<p>J\u00e1 para o Tribunal Regional do Trabalho da 9\u00aa Regi\u00e3o (PR), o empregado fora preterido sem qualquer justificativa razo\u00e1vel. Com a conclus\u00e3o de que a conduta fora discriminat\u00f3ria, o banco foi condenar a pagar indeniza\u00e7\u00e3o de R$ 70 mil. O tribunal observou que os demais empregados que participaram e foram selecionados pelo programa foram promovidos e que, de acordo com as regras, se houvesse vagas, todos os aprovados em igualdade de condi\u00e7\u00f5es deveriam assumi-las. \u00a0<\/p>\n<p><strong>Tratamento diferenciado<\/strong><\/p>\n<p>O voto do relator do recurso de revista do banco, ministro Agra Belmonte, foi pela aplica\u00e7\u00e3o da S\u00famula 126 do TST, que pro\u00edbe o reexame de fatos e provas em inst\u00e2ncia extraordin\u00e1ria, diante do quadro descrito pelo TRT. O ministro lembrou que, no \u00e2mbito da rela\u00e7\u00e3o de trabalho, sempre que o empregador promover tratamento diferenciado entre empregados, sem motivo justific\u00e1vel ou razo\u00e1vel, fica caracterizada a conduta discriminat\u00f3ria. \u00a0<\/p>\n<p><strong>Limites<\/strong><\/p>\n<p>Ainda de acordo com o relator, o poder diretivo do empregador encontra limites na dignidade da pessoa humana e nos direitos da personalidade do empregado, circunst\u00e2ncia que desautoriza a pr\u00e1tica de discrimina\u00e7\u00e3o injustificada.<\/p>\n<p>(RR\/CF)<\/p>\n<p>Processo: \u00a0<a href=\"https:\/\/consultaprocessual.tst.jus.br\/consultaProcessual\/consultaTstNumUnica.do?consulta=Consultar&amp;conscsjt=&amp;numeroTst=277&amp;digitoTst=87&amp;anoTst=2014&amp;orgaoTst=5&amp;tribunalTst=09&amp;varaTst=0668&amp;submit=Consultar\" target=\"_blank\" rel=\"noopener\">Ag-ARR-277-87.2014.5.09.0668<\/a><\/p>\n<p>Esta mat\u00e9ria tem cunho meramente informativo.<br \/>\nPermitida a reprodu\u00e7\u00e3o mediante cita\u00e7\u00e3o da fonte.<br \/>\nSecretaria de Comunica\u00e7\u00e3o Social<br \/>\nTribunal Superior do Trabalho<br \/>\nTel. (61) 3043-4907<br \/>\nsecom@tst.jus.br<\/p>\n<\/div><\/div>\n<\/div>\n","protected":false},"excerpt":{"rendered":"<p>Segundo o banc\u00e1rio, v\u00e1rios colegas foram promovidos, menos ele, sem justificativa razo\u00e1vel. Mesa de escrit\u00f3rio com duas cadeiras e sem pessoas 4\/7\/2022 &#8211; A Terceira Turma do Tribunal Superior do Trabalho condenou o Banco do Brasil S.A. a pagar R$ 70 mil de indeniza\u00e7\u00e3o a um banc\u00e1rio de Marechal C\u00e2ndido Rondon (PR) por n\u00e3o t\u00ea-lo [&hellip;]<\/p>\n","protected":false},"author":0,"featured_media":11446,"comment_status":"open","ping_status":"","sticky":false,"template":"","format":"standard","meta":{"footnotes":""},"categories":[5],"tags":[],"class_list":["post-11445","post","type-post","status-publish","format-standard","has-post-thumbnail","hentry","category-noticias-educacao-financeira"],"blocksy_meta":{"styles_descriptor":{"styles":{"desktop":"","tablet":"","mobile":""},"google_fonts":[],"version":6}},"yoast_head":"<!-- This site is optimized with the Yoast SEO plugin v27.4 - https:\/\/yoast.com\/product\/yoast-seo-wordpress\/ -->\n<title>Banco \u00e9 condenado por n\u00e3o promover banc\u00e1rio a gerente - Contabilidade Caxias<\/title>\n<meta name=\"robots\" content=\"index, follow, max-snippet:-1, max-image-preview:large, max-video-preview:-1\" \/>\n<link rel=\"canonical\" href=\"https:\/\/contabilidadecaxias.com.br\/index.php\/2022\/07\/04\/banco-e-condenado-por-nao-promover-bancario-a-gerente\/\" \/>\n<meta property=\"og:locale\" content=\"pt_BR\" \/>\n<meta property=\"og:type\" content=\"article\" \/>\n<meta property=\"og:title\" content=\"Banco \u00e9 condenado por n\u00e3o promover banc\u00e1rio a gerente - Contabilidade Caxias\" \/>\n<meta property=\"og:description\" content=\"Segundo o banc\u00e1rio, v\u00e1rios colegas foram promovidos, menos ele, sem justificativa razo\u00e1vel. Mesa de escrit\u00f3rio com duas cadeiras e sem pessoas 4\/7\/2022 &#8211; A Terceira Turma do Tribunal Superior do Trabalho condenou o Banco do Brasil S.A. a pagar R$ 70 mil de indeniza\u00e7\u00e3o a um banc\u00e1rio de Marechal C\u00e2ndido Rondon (PR) por n\u00e3o t\u00ea-lo [&hellip;]\" \/>\n<meta property=\"og:url\" content=\"https:\/\/contabilidadecaxias.com.br\/index.php\/2022\/07\/04\/banco-e-condenado-por-nao-promover-bancario-a-gerente\/\" \/>\n<meta property=\"og:site_name\" content=\"Contabilidade Caxias\" \/>\n<meta property=\"article:published_time\" content=\"2022-07-04T18:04:08+00:00\" \/>\n<meta name=\"twitter:card\" content=\"summary_large_image\" \/>\n<meta name=\"twitter:label1\" content=\"Est. tempo de leitura\" \/>\n\t<meta name=\"twitter:data1\" content=\"3 minutos\" \/>\n<script type=\"application\/ld+json\" class=\"yoast-schema-graph\">{\"@context\":\"https:\\\/\\\/schema.org\",\"@graph\":[{\"@type\":\"Article\",\"@id\":\"https:\\\/\\\/contabilidadecaxias.com.br\\\/index.php\\\/2022\\\/07\\\/04\\\/banco-e-condenado-por-nao-promover-bancario-a-gerente\\\/#article\",\"isPartOf\":{\"@id\":\"https:\\\/\\\/contabilidadecaxias.com.br\\\/index.php\\\/2022\\\/07\\\/04\\\/banco-e-condenado-por-nao-promover-bancario-a-gerente\\\/\"},\"author\":{\"name\":\"\",\"@id\":\"\"},\"headline\":\"Banco \u00e9 condenado por n\u00e3o promover banc\u00e1rio a gerente\",\"datePublished\":\"2022-07-04T18:04:08+00:00\",\"mainEntityOfPage\":{\"@id\":\"https:\\\/\\\/contabilidadecaxias.com.br\\\/index.php\\\/2022\\\/07\\\/04\\\/banco-e-condenado-por-nao-promover-bancario-a-gerente\\\/\"},\"wordCount\":644,\"commentCount\":0,\"image\":{\"@id\":\"https:\\\/\\\/contabilidadecaxias.com.br\\\/index.php\\\/2022\\\/07\\\/04\\\/banco-e-condenado-por-nao-promover-bancario-a-gerente\\\/#primaryimage\"},\"thumbnailUrl\":\"https:\\\/\\\/contabilidadecaxias.com.br\\\/wp-content\\\/uploads\\\/2022\\\/07\\\/9e20b31f-9133-7b09-1836-a9dbe2231e62-hxlA2V.jpeg\",\"articleSection\":[\"Educa\u00e7\u00e3o Financeira\"],\"inLanguage\":\"pt-BR\",\"potentialAction\":[{\"@type\":\"CommentAction\",\"name\":\"Comment\",\"target\":[\"https:\\\/\\\/contabilidadecaxias.com.br\\\/index.php\\\/2022\\\/07\\\/04\\\/banco-e-condenado-por-nao-promover-bancario-a-gerente\\\/#respond\"]}]},{\"@type\":\"WebPage\",\"@id\":\"https:\\\/\\\/contabilidadecaxias.com.br\\\/index.php\\\/2022\\\/07\\\/04\\\/banco-e-condenado-por-nao-promover-bancario-a-gerente\\\/\",\"url\":\"https:\\\/\\\/contabilidadecaxias.com.br\\\/index.php\\\/2022\\\/07\\\/04\\\/banco-e-condenado-por-nao-promover-bancario-a-gerente\\\/\",\"name\":\"Banco \u00e9 condenado por n\u00e3o promover banc\u00e1rio a gerente - Contabilidade Caxias\",\"isPartOf\":{\"@id\":\"https:\\\/\\\/contabilidadecaxias.com.br\\\/#website\"},\"primaryImageOfPage\":{\"@id\":\"https:\\\/\\\/contabilidadecaxias.com.br\\\/index.php\\\/2022\\\/07\\\/04\\\/banco-e-condenado-por-nao-promover-bancario-a-gerente\\\/#primaryimage\"},\"image\":{\"@id\":\"https:\\\/\\\/contabilidadecaxias.com.br\\\/index.php\\\/2022\\\/07\\\/04\\\/banco-e-condenado-por-nao-promover-bancario-a-gerente\\\/#primaryimage\"},\"thumbnailUrl\":\"https:\\\/\\\/contabilidadecaxias.com.br\\\/wp-content\\\/uploads\\\/2022\\\/07\\\/9e20b31f-9133-7b09-1836-a9dbe2231e62-hxlA2V.jpeg\",\"datePublished\":\"2022-07-04T18:04:08+00:00\",\"author\":{\"@id\":\"\"},\"breadcrumb\":{\"@id\":\"https:\\\/\\\/contabilidadecaxias.com.br\\\/index.php\\\/2022\\\/07\\\/04\\\/banco-e-condenado-por-nao-promover-bancario-a-gerente\\\/#breadcrumb\"},\"inLanguage\":\"pt-BR\",\"potentialAction\":[{\"@type\":\"ReadAction\",\"target\":[\"https:\\\/\\\/contabilidadecaxias.com.br\\\/index.php\\\/2022\\\/07\\\/04\\\/banco-e-condenado-por-nao-promover-bancario-a-gerente\\\/\"]}]},{\"@type\":\"ImageObject\",\"inLanguage\":\"pt-BR\",\"@id\":\"https:\\\/\\\/contabilidadecaxias.com.br\\\/index.php\\\/2022\\\/07\\\/04\\\/banco-e-condenado-por-nao-promover-bancario-a-gerente\\\/#primaryimage\",\"url\":\"https:\\\/\\\/contabilidadecaxias.com.br\\\/wp-content\\\/uploads\\\/2022\\\/07\\\/9e20b31f-9133-7b09-1836-a9dbe2231e62-hxlA2V.jpeg\",\"contentUrl\":\"https:\\\/\\\/contabilidadecaxias.com.br\\\/wp-content\\\/uploads\\\/2022\\\/07\\\/9e20b31f-9133-7b09-1836-a9dbe2231e62-hxlA2V.jpeg\",\"width\":2121,\"height\":1414},{\"@type\":\"BreadcrumbList\",\"@id\":\"https:\\\/\\\/contabilidadecaxias.com.br\\\/index.php\\\/2022\\\/07\\\/04\\\/banco-e-condenado-por-nao-promover-bancario-a-gerente\\\/#breadcrumb\",\"itemListElement\":[{\"@type\":\"ListItem\",\"position\":1,\"name\":\"In\u00edcio\",\"item\":\"https:\\\/\\\/contabilidadecaxias.com.br\\\/\"},{\"@type\":\"ListItem\",\"position\":2,\"name\":\"Banco \u00e9 condenado por n\u00e3o promover banc\u00e1rio a gerente\"}]},{\"@type\":\"WebSite\",\"@id\":\"https:\\\/\\\/contabilidadecaxias.com.br\\\/#website\",\"url\":\"https:\\\/\\\/contabilidadecaxias.com.br\\\/\",\"name\":\"Contabilidade Caxias\",\"description\":\"Site especializado em Contabilidade para Caxias.\",\"potentialAction\":[{\"@type\":\"SearchAction\",\"target\":{\"@type\":\"EntryPoint\",\"urlTemplate\":\"https:\\\/\\\/contabilidadecaxias.com.br\\\/?s={search_term_string}\"},\"query-input\":{\"@type\":\"PropertyValueSpecification\",\"valueRequired\":true,\"valueName\":\"search_term_string\"}}],\"inLanguage\":\"pt-BR\"}]}<\/script>\n<!-- \/ Yoast SEO plugin. -->","yoast_head_json":{"title":"Banco \u00e9 condenado por n\u00e3o promover banc\u00e1rio a gerente - Contabilidade Caxias","robots":{"index":"index","follow":"follow","max-snippet":"max-snippet:-1","max-image-preview":"max-image-preview:large","max-video-preview":"max-video-preview:-1"},"canonical":"https:\/\/contabilidadecaxias.com.br\/index.php\/2022\/07\/04\/banco-e-condenado-por-nao-promover-bancario-a-gerente\/","og_locale":"pt_BR","og_type":"article","og_title":"Banco \u00e9 condenado por n\u00e3o promover banc\u00e1rio a gerente - Contabilidade Caxias","og_description":"Segundo o banc\u00e1rio, v\u00e1rios colegas foram promovidos, menos ele, sem justificativa razo\u00e1vel. Mesa de escrit\u00f3rio com duas cadeiras e sem pessoas 4\/7\/2022 &#8211; A Terceira Turma do Tribunal Superior do Trabalho condenou o Banco do Brasil S.A. a pagar R$ 70 mil de indeniza\u00e7\u00e3o a um banc\u00e1rio de Marechal C\u00e2ndido Rondon (PR) por n\u00e3o t\u00ea-lo [&hellip;]","og_url":"https:\/\/contabilidadecaxias.com.br\/index.php\/2022\/07\/04\/banco-e-condenado-por-nao-promover-bancario-a-gerente\/","og_site_name":"Contabilidade Caxias","article_published_time":"2022-07-04T18:04:08+00:00","twitter_card":"summary_large_image","twitter_misc":{"Est. tempo de leitura":"3 minutos"},"schema":{"@context":"https:\/\/schema.org","@graph":[{"@type":"Article","@id":"https:\/\/contabilidadecaxias.com.br\/index.php\/2022\/07\/04\/banco-e-condenado-por-nao-promover-bancario-a-gerente\/#article","isPartOf":{"@id":"https:\/\/contabilidadecaxias.com.br\/index.php\/2022\/07\/04\/banco-e-condenado-por-nao-promover-bancario-a-gerente\/"},"author":{"name":"","@id":""},"headline":"Banco \u00e9 condenado por n\u00e3o promover banc\u00e1rio a gerente","datePublished":"2022-07-04T18:04:08+00:00","mainEntityOfPage":{"@id":"https:\/\/contabilidadecaxias.com.br\/index.php\/2022\/07\/04\/banco-e-condenado-por-nao-promover-bancario-a-gerente\/"},"wordCount":644,"commentCount":0,"image":{"@id":"https:\/\/contabilidadecaxias.com.br\/index.php\/2022\/07\/04\/banco-e-condenado-por-nao-promover-bancario-a-gerente\/#primaryimage"},"thumbnailUrl":"https:\/\/contabilidadecaxias.com.br\/wp-content\/uploads\/2022\/07\/9e20b31f-9133-7b09-1836-a9dbe2231e62-hxlA2V.jpeg","articleSection":["Educa\u00e7\u00e3o Financeira"],"inLanguage":"pt-BR","potentialAction":[{"@type":"CommentAction","name":"Comment","target":["https:\/\/contabilidadecaxias.com.br\/index.php\/2022\/07\/04\/banco-e-condenado-por-nao-promover-bancario-a-gerente\/#respond"]}]},{"@type":"WebPage","@id":"https:\/\/contabilidadecaxias.com.br\/index.php\/2022\/07\/04\/banco-e-condenado-por-nao-promover-bancario-a-gerente\/","url":"https:\/\/contabilidadecaxias.com.br\/index.php\/2022\/07\/04\/banco-e-condenado-por-nao-promover-bancario-a-gerente\/","name":"Banco \u00e9 condenado por n\u00e3o promover banc\u00e1rio a gerente - Contabilidade Caxias","isPartOf":{"@id":"https:\/\/contabilidadecaxias.com.br\/#website"},"primaryImageOfPage":{"@id":"https:\/\/contabilidadecaxias.com.br\/index.php\/2022\/07\/04\/banco-e-condenado-por-nao-promover-bancario-a-gerente\/#primaryimage"},"image":{"@id":"https:\/\/contabilidadecaxias.com.br\/index.php\/2022\/07\/04\/banco-e-condenado-por-nao-promover-bancario-a-gerente\/#primaryimage"},"thumbnailUrl":"https:\/\/contabilidadecaxias.com.br\/wp-content\/uploads\/2022\/07\/9e20b31f-9133-7b09-1836-a9dbe2231e62-hxlA2V.jpeg","datePublished":"2022-07-04T18:04:08+00:00","author":{"@id":""},"breadcrumb":{"@id":"https:\/\/contabilidadecaxias.com.br\/index.php\/2022\/07\/04\/banco-e-condenado-por-nao-promover-bancario-a-gerente\/#breadcrumb"},"inLanguage":"pt-BR","potentialAction":[{"@type":"ReadAction","target":["https:\/\/contabilidadecaxias.com.br\/index.php\/2022\/07\/04\/banco-e-condenado-por-nao-promover-bancario-a-gerente\/"]}]},{"@type":"ImageObject","inLanguage":"pt-BR","@id":"https:\/\/contabilidadecaxias.com.br\/index.php\/2022\/07\/04\/banco-e-condenado-por-nao-promover-bancario-a-gerente\/#primaryimage","url":"https:\/\/contabilidadecaxias.com.br\/wp-content\/uploads\/2022\/07\/9e20b31f-9133-7b09-1836-a9dbe2231e62-hxlA2V.jpeg","contentUrl":"https:\/\/contabilidadecaxias.com.br\/wp-content\/uploads\/2022\/07\/9e20b31f-9133-7b09-1836-a9dbe2231e62-hxlA2V.jpeg","width":2121,"height":1414},{"@type":"BreadcrumbList","@id":"https:\/\/contabilidadecaxias.com.br\/index.php\/2022\/07\/04\/banco-e-condenado-por-nao-promover-bancario-a-gerente\/#breadcrumb","itemListElement":[{"@type":"ListItem","position":1,"name":"In\u00edcio","item":"https:\/\/contabilidadecaxias.com.br\/"},{"@type":"ListItem","position":2,"name":"Banco \u00e9 condenado por n\u00e3o promover banc\u00e1rio a gerente"}]},{"@type":"WebSite","@id":"https:\/\/contabilidadecaxias.com.br\/#website","url":"https:\/\/contabilidadecaxias.com.br\/","name":"Contabilidade Caxias","description":"Site especializado em Contabilidade para Caxias.","potentialAction":[{"@type":"SearchAction","target":{"@type":"EntryPoint","urlTemplate":"https:\/\/contabilidadecaxias.com.br\/?s={search_term_string}"},"query-input":{"@type":"PropertyValueSpecification","valueRequired":true,"valueName":"search_term_string"}}],"inLanguage":"pt-BR"}]}},"_links":{"self":[{"href":"https:\/\/contabilidadecaxias.com.br\/index.php\/wp-json\/wp\/v2\/posts\/11445","targetHints":{"allow":["GET"]}}],"collection":[{"href":"https:\/\/contabilidadecaxias.com.br\/index.php\/wp-json\/wp\/v2\/posts"}],"about":[{"href":"https:\/\/contabilidadecaxias.com.br\/index.php\/wp-json\/wp\/v2\/types\/post"}],"replies":[{"embeddable":true,"href":"https:\/\/contabilidadecaxias.com.br\/index.php\/wp-json\/wp\/v2\/comments?post=11445"}],"version-history":[{"count":0,"href":"https:\/\/contabilidadecaxias.com.br\/index.php\/wp-json\/wp\/v2\/posts\/11445\/revisions"}],"wp:featuredmedia":[{"embeddable":true,"href":"https:\/\/contabilidadecaxias.com.br\/index.php\/wp-json\/wp\/v2\/media\/11446"}],"wp:attachment":[{"href":"https:\/\/contabilidadecaxias.com.br\/index.php\/wp-json\/wp\/v2\/media?parent=11445"}],"wp:term":[{"taxonomy":"category","embeddable":true,"href":"https:\/\/contabilidadecaxias.com.br\/index.php\/wp-json\/wp\/v2\/categories?post=11445"},{"taxonomy":"post_tag","embeddable":true,"href":"https:\/\/contabilidadecaxias.com.br\/index.php\/wp-json\/wp\/v2\/tags?post=11445"}],"curies":[{"name":"wp","href":"https:\/\/api.w.org\/{rel}","templated":true}]}}