{"id":11425,"date":"2022-07-01T17:02:49","date_gmt":"2022-07-01T20:02:49","guid":{"rendered":"https:\/\/contabilidadecaxias.com.br\/index.php\/2022\/07\/01\/ministro-emmanoel-pereira-destaca-acoes-e-produtividade-do-tst-no-primeiro-semestre\/"},"modified":"2022-07-01T17:02:49","modified_gmt":"2022-07-01T20:02:49","slug":"ministro-emmanoel-pereira-destaca-acoes-e-produtividade-do-tst-no-primeiro-semestre","status":"publish","type":"post","link":"https:\/\/contabilidadecaxias.com.br\/index.php\/2022\/07\/01\/ministro-emmanoel-pereira-destaca-acoes-e-produtividade-do-tst-no-primeiro-semestre\/","title":{"rendered":"Ministro Emmanoel Pereira destaca a\u00e7\u00f5es e produtividade do TST no primeiro semestre"},"content":{"rendered":"<div class=\"noticia-wrapper\">\n<p><em><\/em><\/p>\n<div class=\"social-media-share mobile\">\n        <a class=\"share-facebook\" href=\"https:\/\/www.facebook.com\/sharer.php?u=https:\/\/www.tst.jus.br\/-\/ministro-emmanoel-pereira-destaca-a%C3%A7%C3%B5es-e-produtividade-do-tst-no-primeiro-semestre\" target=\"_blank\" rel=\"noopener\"><\/a><br \/>\n        <a class=\"share-twitter\" href=\"https:\/\/twitter.com\/intent\/tweet?text=Ministro%20Emmanoel%20Pereira%20destaca%20a%C3%A7%C3%B5es%20e%20produtividade%20do%20TST%20no%20primeiro%20semestre%0AVeja%20mais%20em:&amp;url=https:\/\/www.tst.jus.br\/-\/ministro-emmanoel-pereira-destaca-a%C3%A7%C3%B5es-e-produtividade-do-tst-no-primeiro-semestre\" target=\"_blank\" rel=\"noopener\"><\/a><br \/>\n        <a class=\"share-linkedin\" href=\"https:\/\/www.linkedin.com\/shareArticle?mini=true&amp;url=https:\/\/www.tst.jus.br\/-\/ministro-emmanoel-pereira-destaca-a%C3%A7%C3%B5es-e-produtividade-do-tst-no-primeiro-semestre&amp;title=Ministro%20Emmanoel%20Pereira%20destaca%20a%C3%A7%C3%B5es%20e%20produtividade%20do%20TST%20no%20primeiro%20semestre\" target=\"_blank\" rel=\"noopener\"><\/a><br \/>\n        <a class=\"share-whatsapp\" href=\"https:\/\/web.whatsapp.com\/send?text=https:\/\/www.tst.jus.br\/-\/ministro-emmanoel-pereira-destaca-a%C3%A7%C3%B5es-e-produtividade-do-tst-no-primeiro-semestre\" target=\"_blank\" rel=\"noopener\"><\/a><br \/>\n        <a class=\"share-googleplus\" href=\"https:\/\/plus.google.com\/share?url=https:\/\/www.tst.jus.br\/-\/ministro-emmanoel-pereira-destaca-a%C3%A7%C3%B5es-e-produtividade-do-tst-no-primeiro-semestre\" target=\"_blank\" rel=\"noopener\"><\/a>\n    <\/div>\n<div class=\"news-body\">\n<div class=\"imagem-da-noticia\">\n<p>Ministro Emmanoel Pereira<\/p>\n<div class=\"social-media-share\">\n                    <a class=\"share-facebook\" href=\"https:\/\/www.facebook.com\/sharer.php?u=https:\/\/www.tst.jus.br\/-\/ministro-emmanoel-pereira-destaca-a%C3%A7%C3%B5es-e-produtividade-do-tst-no-primeiro-semestre\" target=\"_blank\" rel=\"noopener\"><\/a><br \/>\n                    <a class=\"share-twitter\" href=\"https:\/\/twitter.com\/intent\/tweet?text=Ministro%20Emmanoel%20Pereira%20destaca%20a%C3%A7%C3%B5es%20e%20produtividade%20do%20TST%20no%20primeiro%20semestre%0AVeja%20mais%20em:&amp;url=https:\/\/www.tst.jus.br\/-\/ministro-emmanoel-pereira-destaca-a%C3%A7%C3%B5es-e-produtividade-do-tst-no-primeiro-semestre\" target=\"_blank\" rel=\"noopener\"><\/a><br \/>\n                    <a class=\"share-linkedin\" href=\"https:\/\/www.linkedin.com\/shareArticle?mini=true&amp;url=https:\/\/www.tst.jus.br\/-\/ministro-emmanoel-pereira-destaca-a%C3%A7%C3%B5es-e-produtividade-do-tst-no-primeiro-semestre&amp;title=Ministro%20Emmanoel%20Pereira%20destaca%20a%C3%A7%C3%B5es%20e%20produtividade%20do%20TST%20no%20primeiro%20semestre\" target=\"_blank\" rel=\"noopener\"><\/a><br \/>\n                    <a class=\"share-whatsapp\" href=\"https:\/\/web.whatsapp.com\/send?text=https:\/\/www.tst.jus.br\/-\/ministro-emmanoel-pereira-destaca-a%C3%A7%C3%B5es-e-produtividade-do-tst-no-primeiro-semestre\" target=\"_blank\" rel=\"noopener\"><\/a><br \/>\n                    <a class=\"share-googleplus\" href=\"https:\/\/plus.google.com\/share?url=https:\/\/www.tst.jus.br\/-\/ministro-emmanoel-pereira-destaca-a%C3%A7%C3%B5es-e-produtividade-do-tst-no-primeiro-semestre\" target=\"_blank\" rel=\"noopener\"><\/a>\n                <\/div>\n<\/p><\/div>\n<div class=\"materia\">\n<p>01\/07\/22 &#8211;\u00a0O Tribunal Superior do Trabalho encerrou, nesta sexta-feira (1\u00ba\/7), as atividades forenses do primeiro semestre de 2022, com sess\u00e3o do \u00d3rg\u00e3o Especial. O presidente do TST e do Conselho Superior da Justi\u00e7a do Trabalho (CSJT), ministro Emmanoel Pereira, destacou o aumento da produtividade da Corte e os projetos voltados para a concretiza\u00e7\u00e3o de a\u00e7\u00f5es inclusivas destinadas a efetivar a igualdade, a cidadania e o respeito \u00e0 diversidade.<\/p>\n<h4>Tradu\u00e7\u00e3o em Libras<\/h4>\n<p>Um dos pontos destacados pelo presidente foi a ado\u00e7\u00e3o da tradu\u00e7\u00e3o simult\u00e2nea em L\u00edngua Brasileira de Sinais (Libras) nas transmiss\u00f5es de julgamento do TST. A medida, segundo ele, deveu-se ao apoio incondicional do ministro Dezena da Silva, presidente da Comiss\u00e3o Permanente de Acessibilidade, Diversidade e Inclus\u00e3o.\u00a0<\/p>\n<p>At\u00e9 o momento, a tradu\u00e7\u00e3o \u00e9 adotada nas sess\u00f5es do \u00d3rg\u00e3o Especial, da Subse\u00e7\u00e3o Especializada em Diss\u00eddios Coletivos (SDC), do Tribunal Pleno, do CSJT e das Subse\u00e7\u00f5es I e II Especializadas em Diss\u00eddios Individuais (SDI-1 e SDI-2). A expectativa \u00e9 que, em agosto, ela alcance, tamb\u00e9m, as oito Turmas do TST. A medida visa permitir aos mais de 10 milh\u00f5es de brasileiros com defici\u00eancia auditiva o acesso e a compreens\u00e3o das decis\u00f5es da c\u00fapula do Judici\u00e1rio trabalhista.<\/p>\n<h4>Inclus\u00e3o<\/h4>\n<p>Outra a\u00e7\u00e3o enumerada foi a contrata\u00e7\u00e3o de pessoas com defici\u00eancia intelectual para a presta\u00e7\u00e3o de servi\u00e7os em atividades terceirizadas de acordo com suas habilidades. A a\u00e7\u00e3o contou com a colabora\u00e7\u00e3o da ministra Dora Maria da Costa, vice-presidente do TST, e do ministro Guilherme Caputo Bastos, corregedor-geral da Justi\u00e7a do Trabalho.<\/p>\n<h4>Aprendizes<\/h4>\n<p>O TST tamb\u00e9m adotou, segundo sublinhou o ministro, o Programa Adolescente-Jovem Aprendiz, que contou com o apoio do ministro Lelio Bentes Corr\u00eaa. Visando \u00e0 contrata\u00e7\u00e3o de aprendizes entre 14 e 24 anos, o programa assegura a esse grupo experi\u00eancia profissional \u201ccom dignidade e respeito, ampliando-lhes o leque de oportunidades de ascens\u00e3o social\u201d.<\/p>\n<h4>Conven\u00e7\u00e3o 190<\/h4>\n<p>O magistrado acentuou, ainda, a mo\u00e7\u00e3o de apoio \u00e0 ratifica\u00e7\u00e3o da Conven\u00e7\u00e3o 190 da Organiza\u00e7\u00e3o Internacional do Trabalho (OIT), que trata da elimina\u00e7\u00e3o da viol\u00eancia e do ass\u00e9dio no mundo do trabalho, entregue ao presidente da Rep\u00fablica, e a cria\u00e7\u00e3o do Observat\u00f3rio Excel\u00eancias Femininas. Sob a coordena\u00e7\u00e3o da ministra Morgana Richa, ele tem como prop\u00f3sito lan\u00e7ar um olhar sobre a participa\u00e7\u00e3o das mulheres no Judici\u00e1rio trabalhista, \u201ccom reflex\u00f5es sobre o reconhecimento profissional das magistradas\u201d.<\/p>\n<h4>Aumento de produtividade\u00a0<\/h4>\n<p>O presidente informou que o TST, no primeiro semestre de 2022, teve aumento de produtividade em rela\u00e7\u00e3o ao mesmo per\u00edodo do ano anterior, com a redu\u00e7\u00e3o do tempo m\u00e9dio de tramita\u00e7\u00e3o e a eleva\u00e7\u00e3o dos processos com baixa definitiva. Os n\u00fameros, a seu ver, demonstram que, com a reestrutura\u00e7\u00e3o administrativa ocorrida durante o per\u00edodo, com o aumento do n\u00famero de servidores nos gabinetes, o TST est\u00e1 no caminho correto na busca de um Judici\u00e1rio trabalhista mais efetivo.<\/p>\n<h4>Mesa-redonda<\/h4>\n<p>Durante a sess\u00e3o o presidente destacou, tamb\u00e9m, a repercuss\u00e3o da <a href=\"https:\/\/www.youtube.com\/watch?v=iW-Rm2PvgHs\" target=\"_blank\" rel=\"noopener\">mesa-redonda \u201cDiversidade e Pluralidade no ambiente de trabalho\u201d<\/a>, ocorrida ontem (30) para marcar o encerramento do m\u00eas do Orgulho LGBTQIA+ e refor\u00e7ar a atua\u00e7\u00e3o da Justi\u00e7a do Trabalho na conscientiza\u00e7\u00e3o social sobre os direitos dessa parcela da popula\u00e7\u00e3o e no combate \u00e0 discrimina\u00e7\u00e3o.<\/p>\n<p>O ministro Lelio Bentes, que mediou o evento, assinalou que a Presid\u00eancia do TST, ao instituir o lema \u201cO Tribunal da Justi\u00e7a Social\u201d, vai al\u00e9m do discurso e, por meio de a\u00e7\u00f5es concretas, \u201creafirma e constr\u00f3i esse compromisso efetivo com a justi\u00e7a social, na prote\u00e7\u00e3o de jovens de fam\u00edlias empobrecidas, na afirma\u00e7\u00e3o da igualdade de g\u00eanero, na prote\u00e7\u00e3o contra o ass\u00e9dio que avilta a dignidade de trabalhadoras e trabalhadores\u201d. Para o ministro, a Justi\u00e7a do Trabalho est\u00e1 comprometida com a promo\u00e7\u00e3o dos direitos humanos, \u201cque n\u00e3o dialogam com discrimina\u00e7\u00e3o\u201d.\u00a0<\/p>\n<p>(DA\/CF)<\/p>\n<\/div><\/div>\n<\/div>\n","protected":false},"excerpt":{"rendered":"<p>Ministro Emmanoel Pereira 01\/07\/22 &#8211;\u00a0O Tribunal Superior do Trabalho encerrou, nesta sexta-feira (1\u00ba\/7), as atividades forenses do primeiro semestre de 2022, com sess\u00e3o do \u00d3rg\u00e3o Especial. O presidente do TST e do Conselho Superior da Justi\u00e7a do Trabalho (CSJT), ministro Emmanoel Pereira, destacou o aumento da produtividade da Corte e os projetos voltados para a [&hellip;]<\/p>\n","protected":false},"author":0,"featured_media":11426,"comment_status":"open","ping_status":"","sticky":false,"template":"","format":"standard","meta":{"footnotes":""},"categories":[5],"tags":[],"class_list":["post-11425","post","type-post","status-publish","format-standard","has-post-thumbnail","hentry","category-noticias-educacao-financeira"],"blocksy_meta":{"styles_descriptor":{"styles":{"desktop":"","tablet":"","mobile":""},"google_fonts":[],"version":6}},"yoast_head":"<!-- This site is optimized with the Yoast SEO plugin v27.4 - https:\/\/yoast.com\/product\/yoast-seo-wordpress\/ -->\n<title>Ministro Emmanoel Pereira destaca a\u00e7\u00f5es e produtividade do TST no primeiro semestre - Contabilidade Caxias<\/title>\n<meta name=\"robots\" content=\"index, follow, max-snippet:-1, max-image-preview:large, max-video-preview:-1\" \/>\n<link rel=\"canonical\" href=\"https:\/\/contabilidadecaxias.com.br\/index.php\/2022\/07\/01\/ministro-emmanoel-pereira-destaca-acoes-e-produtividade-do-tst-no-primeiro-semestre\/\" \/>\n<meta property=\"og:locale\" content=\"pt_BR\" \/>\n<meta property=\"og:type\" content=\"article\" \/>\n<meta property=\"og:title\" content=\"Ministro Emmanoel Pereira destaca a\u00e7\u00f5es e produtividade do TST no primeiro semestre - Contabilidade Caxias\" \/>\n<meta property=\"og:description\" content=\"Ministro Emmanoel Pereira 01\/07\/22 &#8211;\u00a0O Tribunal Superior do Trabalho encerrou, nesta sexta-feira (1\u00ba\/7), as atividades forenses do primeiro semestre de 2022, com sess\u00e3o do \u00d3rg\u00e3o Especial. O presidente do TST e do Conselho Superior da Justi\u00e7a do Trabalho (CSJT), ministro Emmanoel Pereira, destacou o aumento da produtividade da Corte e os projetos voltados para a [&hellip;]\" \/>\n<meta property=\"og:url\" content=\"https:\/\/contabilidadecaxias.com.br\/index.php\/2022\/07\/01\/ministro-emmanoel-pereira-destaca-acoes-e-produtividade-do-tst-no-primeiro-semestre\/\" \/>\n<meta property=\"og:site_name\" content=\"Contabilidade Caxias\" \/>\n<meta property=\"article:published_time\" content=\"2022-07-01T20:02:49+00:00\" \/>\n<meta name=\"twitter:card\" content=\"summary_large_image\" \/>\n<meta name=\"twitter:label1\" content=\"Est. tempo de leitura\" \/>\n\t<meta name=\"twitter:data1\" content=\"3 minutos\" \/>\n<script type=\"application\/ld+json\" class=\"yoast-schema-graph\">{\"@context\":\"https:\\\/\\\/schema.org\",\"@graph\":[{\"@type\":\"Article\",\"@id\":\"https:\\\/\\\/contabilidadecaxias.com.br\\\/index.php\\\/2022\\\/07\\\/01\\\/ministro-emmanoel-pereira-destaca-acoes-e-produtividade-do-tst-no-primeiro-semestre\\\/#article\",\"isPartOf\":{\"@id\":\"https:\\\/\\\/contabilidadecaxias.com.br\\\/index.php\\\/2022\\\/07\\\/01\\\/ministro-emmanoel-pereira-destaca-acoes-e-produtividade-do-tst-no-primeiro-semestre\\\/\"},\"author\":{\"name\":\"\",\"@id\":\"\"},\"headline\":\"Ministro Emmanoel Pereira destaca a\u00e7\u00f5es e produtividade do TST no primeiro semestre\",\"datePublished\":\"2022-07-01T20:02:49+00:00\",\"mainEntityOfPage\":{\"@id\":\"https:\\\/\\\/contabilidadecaxias.com.br\\\/index.php\\\/2022\\\/07\\\/01\\\/ministro-emmanoel-pereira-destaca-acoes-e-produtividade-do-tst-no-primeiro-semestre\\\/\"},\"wordCount\":696,\"commentCount\":0,\"image\":{\"@id\":\"https:\\\/\\\/contabilidadecaxias.com.br\\\/index.php\\\/2022\\\/07\\\/01\\\/ministro-emmanoel-pereira-destaca-acoes-e-produtividade-do-tst-no-primeiro-semestre\\\/#primaryimage\"},\"thumbnailUrl\":\"https:\\\/\\\/contabilidadecaxias.com.br\\\/wp-content\\\/uploads\\\/2022\\\/07\\\/a1a9e456-d6b2-5f8e-ea0a-78caf5c5f9ea-zKrFG7.jpeg\",\"articleSection\":[\"Educa\u00e7\u00e3o Financeira\"],\"inLanguage\":\"pt-BR\",\"potentialAction\":[{\"@type\":\"CommentAction\",\"name\":\"Comment\",\"target\":[\"https:\\\/\\\/contabilidadecaxias.com.br\\\/index.php\\\/2022\\\/07\\\/01\\\/ministro-emmanoel-pereira-destaca-acoes-e-produtividade-do-tst-no-primeiro-semestre\\\/#respond\"]}]},{\"@type\":\"WebPage\",\"@id\":\"https:\\\/\\\/contabilidadecaxias.com.br\\\/index.php\\\/2022\\\/07\\\/01\\\/ministro-emmanoel-pereira-destaca-acoes-e-produtividade-do-tst-no-primeiro-semestre\\\/\",\"url\":\"https:\\\/\\\/contabilidadecaxias.com.br\\\/index.php\\\/2022\\\/07\\\/01\\\/ministro-emmanoel-pereira-destaca-acoes-e-produtividade-do-tst-no-primeiro-semestre\\\/\",\"name\":\"Ministro Emmanoel Pereira destaca a\u00e7\u00f5es e produtividade do TST no primeiro semestre - Contabilidade Caxias\",\"isPartOf\":{\"@id\":\"https:\\\/\\\/contabilidadecaxias.com.br\\\/#website\"},\"primaryImageOfPage\":{\"@id\":\"https:\\\/\\\/contabilidadecaxias.com.br\\\/index.php\\\/2022\\\/07\\\/01\\\/ministro-emmanoel-pereira-destaca-acoes-e-produtividade-do-tst-no-primeiro-semestre\\\/#primaryimage\"},\"image\":{\"@id\":\"https:\\\/\\\/contabilidadecaxias.com.br\\\/index.php\\\/2022\\\/07\\\/01\\\/ministro-emmanoel-pereira-destaca-acoes-e-produtividade-do-tst-no-primeiro-semestre\\\/#primaryimage\"},\"thumbnailUrl\":\"https:\\\/\\\/contabilidadecaxias.com.br\\\/wp-content\\\/uploads\\\/2022\\\/07\\\/a1a9e456-d6b2-5f8e-ea0a-78caf5c5f9ea-zKrFG7.jpeg\",\"datePublished\":\"2022-07-01T20:02:49+00:00\",\"author\":{\"@id\":\"\"},\"breadcrumb\":{\"@id\":\"https:\\\/\\\/contabilidadecaxias.com.br\\\/index.php\\\/2022\\\/07\\\/01\\\/ministro-emmanoel-pereira-destaca-acoes-e-produtividade-do-tst-no-primeiro-semestre\\\/#breadcrumb\"},\"inLanguage\":\"pt-BR\",\"potentialAction\":[{\"@type\":\"ReadAction\",\"target\":[\"https:\\\/\\\/contabilidadecaxias.com.br\\\/index.php\\\/2022\\\/07\\\/01\\\/ministro-emmanoel-pereira-destaca-acoes-e-produtividade-do-tst-no-primeiro-semestre\\\/\"]}]},{\"@type\":\"ImageObject\",\"inLanguage\":\"pt-BR\",\"@id\":\"https:\\\/\\\/contabilidadecaxias.com.br\\\/index.php\\\/2022\\\/07\\\/01\\\/ministro-emmanoel-pereira-destaca-acoes-e-produtividade-do-tst-no-primeiro-semestre\\\/#primaryimage\",\"url\":\"https:\\\/\\\/contabilidadecaxias.com.br\\\/wp-content\\\/uploads\\\/2022\\\/07\\\/a1a9e456-d6b2-5f8e-ea0a-78caf5c5f9ea-zKrFG7.jpeg\",\"contentUrl\":\"https:\\\/\\\/contabilidadecaxias.com.br\\\/wp-content\\\/uploads\\\/2022\\\/07\\\/a1a9e456-d6b2-5f8e-ea0a-78caf5c5f9ea-zKrFG7.jpeg\",\"width\":1280,\"height\":853},{\"@type\":\"BreadcrumbList\",\"@id\":\"https:\\\/\\\/contabilidadecaxias.com.br\\\/index.php\\\/2022\\\/07\\\/01\\\/ministro-emmanoel-pereira-destaca-acoes-e-produtividade-do-tst-no-primeiro-semestre\\\/#breadcrumb\",\"itemListElement\":[{\"@type\":\"ListItem\",\"position\":1,\"name\":\"In\u00edcio\",\"item\":\"https:\\\/\\\/contabilidadecaxias.com.br\\\/\"},{\"@type\":\"ListItem\",\"position\":2,\"name\":\"Ministro Emmanoel Pereira destaca a\u00e7\u00f5es e produtividade do TST no primeiro semestre\"}]},{\"@type\":\"WebSite\",\"@id\":\"https:\\\/\\\/contabilidadecaxias.com.br\\\/#website\",\"url\":\"https:\\\/\\\/contabilidadecaxias.com.br\\\/\",\"name\":\"Contabilidade Caxias\",\"description\":\"Site especializado em Contabilidade para Caxias.\",\"potentialAction\":[{\"@type\":\"SearchAction\",\"target\":{\"@type\":\"EntryPoint\",\"urlTemplate\":\"https:\\\/\\\/contabilidadecaxias.com.br\\\/?s={search_term_string}\"},\"query-input\":{\"@type\":\"PropertyValueSpecification\",\"valueRequired\":true,\"valueName\":\"search_term_string\"}}],\"inLanguage\":\"pt-BR\"}]}<\/script>\n<!-- \/ Yoast SEO plugin. -->","yoast_head_json":{"title":"Ministro Emmanoel Pereira destaca a\u00e7\u00f5es e produtividade do TST no primeiro semestre - Contabilidade Caxias","robots":{"index":"index","follow":"follow","max-snippet":"max-snippet:-1","max-image-preview":"max-image-preview:large","max-video-preview":"max-video-preview:-1"},"canonical":"https:\/\/contabilidadecaxias.com.br\/index.php\/2022\/07\/01\/ministro-emmanoel-pereira-destaca-acoes-e-produtividade-do-tst-no-primeiro-semestre\/","og_locale":"pt_BR","og_type":"article","og_title":"Ministro Emmanoel Pereira destaca a\u00e7\u00f5es e produtividade do TST no primeiro semestre - Contabilidade Caxias","og_description":"Ministro Emmanoel Pereira 01\/07\/22 &#8211;\u00a0O Tribunal Superior do Trabalho encerrou, nesta sexta-feira (1\u00ba\/7), as atividades forenses do primeiro semestre de 2022, com sess\u00e3o do \u00d3rg\u00e3o Especial. O presidente do TST e do Conselho Superior da Justi\u00e7a do Trabalho (CSJT), ministro Emmanoel Pereira, destacou o aumento da produtividade da Corte e os projetos voltados para a [&hellip;]","og_url":"https:\/\/contabilidadecaxias.com.br\/index.php\/2022\/07\/01\/ministro-emmanoel-pereira-destaca-acoes-e-produtividade-do-tst-no-primeiro-semestre\/","og_site_name":"Contabilidade Caxias","article_published_time":"2022-07-01T20:02:49+00:00","twitter_card":"summary_large_image","twitter_misc":{"Est. tempo de leitura":"3 minutos"},"schema":{"@context":"https:\/\/schema.org","@graph":[{"@type":"Article","@id":"https:\/\/contabilidadecaxias.com.br\/index.php\/2022\/07\/01\/ministro-emmanoel-pereira-destaca-acoes-e-produtividade-do-tst-no-primeiro-semestre\/#article","isPartOf":{"@id":"https:\/\/contabilidadecaxias.com.br\/index.php\/2022\/07\/01\/ministro-emmanoel-pereira-destaca-acoes-e-produtividade-do-tst-no-primeiro-semestre\/"},"author":{"name":"","@id":""},"headline":"Ministro Emmanoel Pereira destaca a\u00e7\u00f5es e produtividade do TST no primeiro semestre","datePublished":"2022-07-01T20:02:49+00:00","mainEntityOfPage":{"@id":"https:\/\/contabilidadecaxias.com.br\/index.php\/2022\/07\/01\/ministro-emmanoel-pereira-destaca-acoes-e-produtividade-do-tst-no-primeiro-semestre\/"},"wordCount":696,"commentCount":0,"image":{"@id":"https:\/\/contabilidadecaxias.com.br\/index.php\/2022\/07\/01\/ministro-emmanoel-pereira-destaca-acoes-e-produtividade-do-tst-no-primeiro-semestre\/#primaryimage"},"thumbnailUrl":"https:\/\/contabilidadecaxias.com.br\/wp-content\/uploads\/2022\/07\/a1a9e456-d6b2-5f8e-ea0a-78caf5c5f9ea-zKrFG7.jpeg","articleSection":["Educa\u00e7\u00e3o Financeira"],"inLanguage":"pt-BR","potentialAction":[{"@type":"CommentAction","name":"Comment","target":["https:\/\/contabilidadecaxias.com.br\/index.php\/2022\/07\/01\/ministro-emmanoel-pereira-destaca-acoes-e-produtividade-do-tst-no-primeiro-semestre\/#respond"]}]},{"@type":"WebPage","@id":"https:\/\/contabilidadecaxias.com.br\/index.php\/2022\/07\/01\/ministro-emmanoel-pereira-destaca-acoes-e-produtividade-do-tst-no-primeiro-semestre\/","url":"https:\/\/contabilidadecaxias.com.br\/index.php\/2022\/07\/01\/ministro-emmanoel-pereira-destaca-acoes-e-produtividade-do-tst-no-primeiro-semestre\/","name":"Ministro Emmanoel Pereira destaca a\u00e7\u00f5es e produtividade do TST no primeiro semestre - Contabilidade Caxias","isPartOf":{"@id":"https:\/\/contabilidadecaxias.com.br\/#website"},"primaryImageOfPage":{"@id":"https:\/\/contabilidadecaxias.com.br\/index.php\/2022\/07\/01\/ministro-emmanoel-pereira-destaca-acoes-e-produtividade-do-tst-no-primeiro-semestre\/#primaryimage"},"image":{"@id":"https:\/\/contabilidadecaxias.com.br\/index.php\/2022\/07\/01\/ministro-emmanoel-pereira-destaca-acoes-e-produtividade-do-tst-no-primeiro-semestre\/#primaryimage"},"thumbnailUrl":"https:\/\/contabilidadecaxias.com.br\/wp-content\/uploads\/2022\/07\/a1a9e456-d6b2-5f8e-ea0a-78caf5c5f9ea-zKrFG7.jpeg","datePublished":"2022-07-01T20:02:49+00:00","author":{"@id":""},"breadcrumb":{"@id":"https:\/\/contabilidadecaxias.com.br\/index.php\/2022\/07\/01\/ministro-emmanoel-pereira-destaca-acoes-e-produtividade-do-tst-no-primeiro-semestre\/#breadcrumb"},"inLanguage":"pt-BR","potentialAction":[{"@type":"ReadAction","target":["https:\/\/contabilidadecaxias.com.br\/index.php\/2022\/07\/01\/ministro-emmanoel-pereira-destaca-acoes-e-produtividade-do-tst-no-primeiro-semestre\/"]}]},{"@type":"ImageObject","inLanguage":"pt-BR","@id":"https:\/\/contabilidadecaxias.com.br\/index.php\/2022\/07\/01\/ministro-emmanoel-pereira-destaca-acoes-e-produtividade-do-tst-no-primeiro-semestre\/#primaryimage","url":"https:\/\/contabilidadecaxias.com.br\/wp-content\/uploads\/2022\/07\/a1a9e456-d6b2-5f8e-ea0a-78caf5c5f9ea-zKrFG7.jpeg","contentUrl":"https:\/\/contabilidadecaxias.com.br\/wp-content\/uploads\/2022\/07\/a1a9e456-d6b2-5f8e-ea0a-78caf5c5f9ea-zKrFG7.jpeg","width":1280,"height":853},{"@type":"BreadcrumbList","@id":"https:\/\/contabilidadecaxias.com.br\/index.php\/2022\/07\/01\/ministro-emmanoel-pereira-destaca-acoes-e-produtividade-do-tst-no-primeiro-semestre\/#breadcrumb","itemListElement":[{"@type":"ListItem","position":1,"name":"In\u00edcio","item":"https:\/\/contabilidadecaxias.com.br\/"},{"@type":"ListItem","position":2,"name":"Ministro Emmanoel Pereira destaca a\u00e7\u00f5es e produtividade do TST no primeiro semestre"}]},{"@type":"WebSite","@id":"https:\/\/contabilidadecaxias.com.br\/#website","url":"https:\/\/contabilidadecaxias.com.br\/","name":"Contabilidade Caxias","description":"Site especializado em Contabilidade para Caxias.","potentialAction":[{"@type":"SearchAction","target":{"@type":"EntryPoint","urlTemplate":"https:\/\/contabilidadecaxias.com.br\/?s={search_term_string}"},"query-input":{"@type":"PropertyValueSpecification","valueRequired":true,"valueName":"search_term_string"}}],"inLanguage":"pt-BR"}]}},"_links":{"self":[{"href":"https:\/\/contabilidadecaxias.com.br\/index.php\/wp-json\/wp\/v2\/posts\/11425","targetHints":{"allow":["GET"]}}],"collection":[{"href":"https:\/\/contabilidadecaxias.com.br\/index.php\/wp-json\/wp\/v2\/posts"}],"about":[{"href":"https:\/\/contabilidadecaxias.com.br\/index.php\/wp-json\/wp\/v2\/types\/post"}],"replies":[{"embeddable":true,"href":"https:\/\/contabilidadecaxias.com.br\/index.php\/wp-json\/wp\/v2\/comments?post=11425"}],"version-history":[{"count":0,"href":"https:\/\/contabilidadecaxias.com.br\/index.php\/wp-json\/wp\/v2\/posts\/11425\/revisions"}],"wp:featuredmedia":[{"embeddable":true,"href":"https:\/\/contabilidadecaxias.com.br\/index.php\/wp-json\/wp\/v2\/media\/11426"}],"wp:attachment":[{"href":"https:\/\/contabilidadecaxias.com.br\/index.php\/wp-json\/wp\/v2\/media?parent=11425"}],"wp:term":[{"taxonomy":"category","embeddable":true,"href":"https:\/\/contabilidadecaxias.com.br\/index.php\/wp-json\/wp\/v2\/categories?post=11425"},{"taxonomy":"post_tag","embeddable":true,"href":"https:\/\/contabilidadecaxias.com.br\/index.php\/wp-json\/wp\/v2\/tags?post=11425"}],"curies":[{"name":"wp","href":"https:\/\/api.w.org\/{rel}","templated":true}]}}