{"id":11412,"date":"2022-07-01T11:02:28","date_gmt":"2022-07-01T14:02:28","guid":{"rendered":"https:\/\/contabilidadecaxias.com.br\/index.php\/2022\/07\/01\/afastada-condenacao-de-supermercado-por-impedir-entrada-de-empregado-apos-demissao\/"},"modified":"2022-07-01T11:02:28","modified_gmt":"2022-07-01T14:02:28","slug":"afastada-condenacao-de-supermercado-por-impedir-entrada-de-empregado-apos-demissao","status":"publish","type":"post","link":"https:\/\/contabilidadecaxias.com.br\/index.php\/2022\/07\/01\/afastada-condenacao-de-supermercado-por-impedir-entrada-de-empregado-apos-demissao\/","title":{"rendered":"Afastada condena\u00e7\u00e3o de supermercado por impedir entrada de empregado ap\u00f3s demiss\u00e3o"},"content":{"rendered":"<div class=\"noticia-wrapper\">\n<p><em><\/p>\n<p>A indeniza\u00e7\u00e3o havia sido deferida em a\u00e7\u00e3o inadequada para esse fim\u00a0<\/p>\n<p><\/em><\/p>\n<div class=\"social-media-share mobile\">\n        <a class=\"share-facebook\" href=\"https:\/\/www.facebook.com\/sharer.php?u=https:\/\/www.tst.jus.br\/-\/afastada-condena%C3%A7%C3%A3o-de-supermercado-por-impedir-entrada-de-empregado-ap%C3%B3s-demiss%C3%A3o\" target=\"_blank\" rel=\"noopener\"><\/a><br \/>\n        <a class=\"share-twitter\" href=\"https:\/\/twitter.com\/intent\/tweet?text=Afastada%20condena%C3%A7%C3%A3o%20de%20supermercado%20por%20impedir%20entrada%20de%20empregado%20ap%C3%B3s%20demiss%C3%A3o%0AVeja%20mais%20em:&amp;url=https:\/\/www.tst.jus.br\/-\/afastada-condena%C3%A7%C3%A3o-de-supermercado-por-impedir-entrada-de-empregado-ap%C3%B3s-demiss%C3%A3o\" target=\"_blank\" rel=\"noopener\"><\/a><br \/>\n        <a class=\"share-linkedin\" href=\"https:\/\/www.linkedin.com\/shareArticle?mini=true&amp;url=https:\/\/www.tst.jus.br\/-\/afastada-condena%C3%A7%C3%A3o-de-supermercado-por-impedir-entrada-de-empregado-ap%C3%B3s-demiss%C3%A3o&amp;title=Afastada%20condena%C3%A7%C3%A3o%20de%20supermercado%20por%20impedir%20entrada%20de%20empregado%20ap%C3%B3s%20demiss%C3%A3o\" target=\"_blank\" rel=\"noopener\"><\/a><br \/>\n        <a class=\"share-whatsapp\" href=\"https:\/\/web.whatsapp.com\/send?text=https:\/\/www.tst.jus.br\/-\/afastada-condena%C3%A7%C3%A3o-de-supermercado-por-impedir-entrada-de-empregado-ap%C3%B3s-demiss%C3%A3o\" target=\"_blank\" rel=\"noopener\"><\/a><br \/>\n        <a class=\"share-googleplus\" href=\"https:\/\/plus.google.com\/share?url=https:\/\/www.tst.jus.br\/-\/afastada-condena%C3%A7%C3%A3o-de-supermercado-por-impedir-entrada-de-empregado-ap%C3%B3s-demiss%C3%A3o\" target=\"_blank\" rel=\"noopener\"><\/a>\n    <\/div>\n<div class=\"news-body\">\n<div class=\"imagem-da-noticia\">\n<p>Ministro Ives Gandra Filho<\/p>\n<div class=\"social-media-share\">\n                    <a class=\"share-facebook\" href=\"https:\/\/www.facebook.com\/sharer.php?u=https:\/\/www.tst.jus.br\/-\/afastada-condena%C3%A7%C3%A3o-de-supermercado-por-impedir-entrada-de-empregado-ap%C3%B3s-demiss%C3%A3o\" target=\"_blank\" rel=\"noopener\"><\/a><br \/>\n                    <a class=\"share-twitter\" href=\"https:\/\/twitter.com\/intent\/tweet?text=Afastada%20condena%C3%A7%C3%A3o%20de%20supermercado%20por%20impedir%20entrada%20de%20empregado%20ap%C3%B3s%20demiss%C3%A3o%0AVeja%20mais%20em:&amp;url=https:\/\/www.tst.jus.br\/-\/afastada-condena%C3%A7%C3%A3o-de-supermercado-por-impedir-entrada-de-empregado-ap%C3%B3s-demiss%C3%A3o\" target=\"_blank\" rel=\"noopener\"><\/a><br \/>\n                    <a class=\"share-linkedin\" href=\"https:\/\/www.linkedin.com\/shareArticle?mini=true&amp;url=https:\/\/www.tst.jus.br\/-\/afastada-condena%C3%A7%C3%A3o-de-supermercado-por-impedir-entrada-de-empregado-ap%C3%B3s-demiss%C3%A3o&amp;title=Afastada%20condena%C3%A7%C3%A3o%20de%20supermercado%20por%20impedir%20entrada%20de%20empregado%20ap%C3%B3s%20demiss%C3%A3o\" target=\"_blank\" rel=\"noopener\"><\/a><br \/>\n                    <a class=\"share-whatsapp\" href=\"https:\/\/web.whatsapp.com\/send?text=https:\/\/www.tst.jus.br\/-\/afastada-condena%C3%A7%C3%A3o-de-supermercado-por-impedir-entrada-de-empregado-ap%C3%B3s-demiss%C3%A3o\" target=\"_blank\" rel=\"noopener\"><\/a><br \/>\n                    <a class=\"share-googleplus\" href=\"https:\/\/plus.google.com\/share?url=https:\/\/www.tst.jus.br\/-\/afastada-condena%C3%A7%C3%A3o-de-supermercado-por-impedir-entrada-de-empregado-ap%C3%B3s-demiss%C3%A3o\" target=\"_blank\" rel=\"noopener\"><\/a>\n                <\/div>\n<\/p><\/div>\n<div class=\"materia\">\n<p>01\/07\/22 &#8211;\u00a0A Quarta Turma do Tribunal Superior do Trabalho afastou a condena\u00e7\u00e3o da L\u00edder Supermercados e Magazine Ltda., de Bel\u00e9m (PA), ao pagamento de R$ 300 mil de indeniza\u00e7\u00e3o por ass\u00e9dio moral a um empregado. A repara\u00e7\u00e3o havia sido deferida em reconven\u00e7\u00e3o (pedido formulado por uma parte em a\u00e7\u00e3o ajuizada pela outra) numa a\u00e7\u00e3o de consigna\u00e7\u00e3o originariamente ajuizada pela pr\u00f3pria empresa, mas, segundo o colegiado, esse n\u00e3o \u00e9 o meio processual adequado para discutir a mat\u00e9ria. \u00a0<\/p>\n<h4>A\u00e7\u00e3o de consigna\u00e7\u00e3o<\/h4>\n<p>Em agosto de 2020, a empresa comunicou a dispensa, mas o empregado teria se recusado a aceit\u00e1-la\u00a0e a cumprir o aviso-pr\u00e9vio. Segundo a L\u00edder, ele continuou\u00a0a trabalhar \u201ccomo se nada tivesse acontecido\u201d, levando-a a tomar medidas para impedir que sua entrada, sem permiss\u00e3o, nas suas depend\u00eancias. Diante disso, ajuizou a a\u00e7\u00e3o de consigna\u00e7\u00e3o para depositar, em ju\u00edzo, as verbas rescis\u00f3rias.\u00a0<\/p>\n<h4>Reconven\u00e7\u00e3o<\/h4>\n<p>O empregado, ent\u00e3o, apresentou a reconven\u00e7\u00e3o, instrumento utilizado no mesmo processo pelo r\u00e9u para apresentar, al\u00e9m da contesta\u00e7\u00e3o, pedidos contra a parte autora. Nela, pediu indeniza\u00e7\u00e3o, alegando ter sido v\u00edtima de ass\u00e9dio moral por tr\u00eas dos quatro s\u00f3cios da empresa, com condutas como constrangimentos, falsa acusa\u00e7\u00e3o de invas\u00e3o de propriedade, produ\u00e7\u00e3o de boletim de ocorr\u00eancia, instaura\u00e7\u00e3o de inqu\u00e9rito policial e a\u00e7\u00f5es judiciais.\u00a0<\/p>\n<h4>Condenada<\/h4>\n<p>No primeiro grau, a empresa teve sua a\u00e7\u00e3o de consigna\u00e7\u00e3o acolhida, com a extin\u00e7\u00e3o da reconven\u00e7\u00e3o do empregado. J\u00e1 o Tribunal Regional do Trabalho da 8\u00aa Regi\u00e3o (PA\/AP), reformando a senten\u00e7a, acolheu a reconven\u00e7\u00e3o e condenou a L\u00edder ao pagamento de R$ 300 mil de indeniza\u00e7\u00e3o, por considerar demonstradas as humilha\u00e7\u00f5es.\u00a0<\/p>\n<h4>Conex\u00e3o<\/h4>\n<p>No recurso ao TST, a empresa sustentou que n\u00e3o havia conex\u00e3o entre a a\u00e7\u00e3o de consigna\u00e7\u00e3o e o pedido formulado na reconven\u00e7\u00e3o. Defendeu, ainda, que a demiss\u00e3o se inseria no poder diretivo do empregador e n\u00e3o configurava ato discriminat\u00f3rio nem ass\u00e9dio moral. Segundo a L\u00edder, \u00a0o empregado fora apenas convidado a prestar esclarecimentos pelo fato de frequentar suas depend\u00eancias mesmo ap\u00f3s ter sido despedido, e, diante de sua resist\u00eancia, apenas encaminhara a situa\u00e7\u00e3o \u00e0s autoridades competentes.<\/p>\n<h4>Dispensa v\u00e1lida<\/h4>\n<p>O relator do recurso de revista, ministro Ives Gandra, assinalou que a a\u00e7\u00e3o de consigna\u00e7\u00e3o n\u00e3o \u00e9 o \u00e2mbito para discutir validade da demiss\u00e3o e o dano moral dela decorrente. Haveria, no caso, uma impropriedade do meio processual. Segundo ele, a validade da dispensa s\u00f3 poderia ser discutida numa reclama\u00e7\u00e3o trabalhista, uma vez que a reconven\u00e7\u00e3o em a\u00e7\u00e3o de consigna\u00e7\u00e3o deve se restringir \u00e0 mat\u00e9ria objeto do pedido &#8211; no caso, o dep\u00f3sito em ju\u00edzo das verbas rescis\u00f3rias.\u00a0<\/p>\n<p>Para o relator, a condena\u00e7\u00e3o por danos morais estava \u201cumbilicalmente\u201d ligada \u00e0 validade da dispensa. \u201cSe a despedida foi v\u00e1lida, as medidas adotadas pela L\u00edder tamb\u00e9m o s\u00e3o, n\u00e3o constituindo ass\u00e9dio, mas defesa de seu direito de dispensa e de propriedade\u201d, acentuou.\u00a0<\/p>\n<p>A decis\u00e3o foi un\u00e2nime.<\/p>\n<p>(RR\/CF)<\/p>\n<p>Processo: <a href=\"https:\/\/consultaprocessual.tst.jus.br\/consultaProcessual\/consultaTstNumUnica.do?consulta=Consultar&amp;conscsjt=&amp;numeroTst=540&amp;digitoTst=94&amp;anoTst=2020&amp;orgaoTst=5&amp;tribunalTst=08&amp;varaTst=0003&amp;submit=Consultar\" target=\"_blank\" rel=\"noopener\">RRAg-540-94.2020.5.08.0003<\/a><\/p>\n<p><em>Esta mat\u00e9ria tem cunho meramente informativo.<br \/>\nPermitida a reprodu\u00e7\u00e3o mediante cita\u00e7\u00e3o da fonte.<br \/>\nSecretaria de Comunica\u00e7\u00e3o Social<br \/>\n<a href=\"https:\/\/www.tst.jus.br\/\" target=\"_blank\" rel=\"noopener\">Tribunal Superior do Trabalho<\/a><br \/>\nTel. (61) 3043-4907<br \/>\n<a href=\"mailto:secom@tst.jus.br\" target=\"\" rel=\"noopener\">secom@tst.jus.br<\/a>\u00a0 \u00a0<\/em><\/p>\n<\/div><\/div>\n<\/div>\n","protected":false},"excerpt":{"rendered":"<p>A indeniza\u00e7\u00e3o havia sido deferida em a\u00e7\u00e3o inadequada para esse fim\u00a0 Ministro Ives Gandra Filho 01\/07\/22 &#8211;\u00a0A Quarta Turma do Tribunal Superior do Trabalho afastou a condena\u00e7\u00e3o da L\u00edder Supermercados e Magazine Ltda., de Bel\u00e9m (PA), ao pagamento de R$ 300 mil de indeniza\u00e7\u00e3o por ass\u00e9dio moral a um empregado. A repara\u00e7\u00e3o havia sido deferida [&hellip;]<\/p>\n","protected":false},"author":0,"featured_media":11413,"comment_status":"open","ping_status":"","sticky":false,"template":"","format":"standard","meta":{"footnotes":""},"categories":[5],"tags":[],"class_list":["post-11412","post","type-post","status-publish","format-standard","has-post-thumbnail","hentry","category-noticias-educacao-financeira"],"blocksy_meta":{"styles_descriptor":{"styles":{"desktop":"","tablet":"","mobile":""},"google_fonts":[],"version":6}},"yoast_head":"<!-- This site is optimized with the Yoast SEO plugin v27.4 - https:\/\/yoast.com\/product\/yoast-seo-wordpress\/ -->\n<title>Afastada condena\u00e7\u00e3o de supermercado por impedir entrada de empregado ap\u00f3s demiss\u00e3o - Contabilidade Caxias<\/title>\n<meta name=\"robots\" content=\"index, follow, max-snippet:-1, max-image-preview:large, max-video-preview:-1\" \/>\n<link rel=\"canonical\" href=\"https:\/\/contabilidadecaxias.com.br\/index.php\/2022\/07\/01\/afastada-condenacao-de-supermercado-por-impedir-entrada-de-empregado-apos-demissao\/\" \/>\n<meta property=\"og:locale\" content=\"pt_BR\" \/>\n<meta property=\"og:type\" content=\"article\" \/>\n<meta property=\"og:title\" content=\"Afastada condena\u00e7\u00e3o de supermercado por impedir entrada de empregado ap\u00f3s demiss\u00e3o - Contabilidade Caxias\" \/>\n<meta property=\"og:description\" content=\"A indeniza\u00e7\u00e3o havia sido deferida em a\u00e7\u00e3o inadequada para esse fim\u00a0 Ministro Ives Gandra Filho 01\/07\/22 &#8211;\u00a0A Quarta Turma do Tribunal Superior do Trabalho afastou a condena\u00e7\u00e3o da L\u00edder Supermercados e Magazine Ltda., de Bel\u00e9m (PA), ao pagamento de R$ 300 mil de indeniza\u00e7\u00e3o por ass\u00e9dio moral a um empregado. A repara\u00e7\u00e3o havia sido deferida [&hellip;]\" \/>\n<meta property=\"og:url\" content=\"https:\/\/contabilidadecaxias.com.br\/index.php\/2022\/07\/01\/afastada-condenacao-de-supermercado-por-impedir-entrada-de-empregado-apos-demissao\/\" \/>\n<meta property=\"og:site_name\" content=\"Contabilidade Caxias\" \/>\n<meta property=\"article:published_time\" content=\"2022-07-01T14:02:28+00:00\" \/>\n<meta name=\"twitter:card\" content=\"summary_large_image\" \/>\n<meta name=\"twitter:label1\" content=\"Est. tempo de leitura\" \/>\n\t<meta name=\"twitter:data1\" content=\"3 minutos\" \/>\n<script type=\"application\/ld+json\" class=\"yoast-schema-graph\">{\"@context\":\"https:\\\/\\\/schema.org\",\"@graph\":[{\"@type\":\"Article\",\"@id\":\"https:\\\/\\\/contabilidadecaxias.com.br\\\/index.php\\\/2022\\\/07\\\/01\\\/afastada-condenacao-de-supermercado-por-impedir-entrada-de-empregado-apos-demissao\\\/#article\",\"isPartOf\":{\"@id\":\"https:\\\/\\\/contabilidadecaxias.com.br\\\/index.php\\\/2022\\\/07\\\/01\\\/afastada-condenacao-de-supermercado-por-impedir-entrada-de-empregado-apos-demissao\\\/\"},\"author\":{\"name\":\"\",\"@id\":\"\"},\"headline\":\"Afastada condena\u00e7\u00e3o de supermercado por impedir entrada de empregado ap\u00f3s demiss\u00e3o\",\"datePublished\":\"2022-07-01T14:02:28+00:00\",\"mainEntityOfPage\":{\"@id\":\"https:\\\/\\\/contabilidadecaxias.com.br\\\/index.php\\\/2022\\\/07\\\/01\\\/afastada-condenacao-de-supermercado-por-impedir-entrada-de-empregado-apos-demissao\\\/\"},\"wordCount\":608,\"commentCount\":0,\"image\":{\"@id\":\"https:\\\/\\\/contabilidadecaxias.com.br\\\/index.php\\\/2022\\\/07\\\/01\\\/afastada-condenacao-de-supermercado-por-impedir-entrada-de-empregado-apos-demissao\\\/#primaryimage\"},\"thumbnailUrl\":\"https:\\\/\\\/contabilidadecaxias.com.br\\\/wp-content\\\/uploads\\\/2022\\\/07\\\/4ce2c5f6-6a1d-21b2-e62a-bfc04a72d33e-8AhThO.jpeg\",\"articleSection\":[\"Educa\u00e7\u00e3o Financeira\"],\"inLanguage\":\"pt-BR\",\"potentialAction\":[{\"@type\":\"CommentAction\",\"name\":\"Comment\",\"target\":[\"https:\\\/\\\/contabilidadecaxias.com.br\\\/index.php\\\/2022\\\/07\\\/01\\\/afastada-condenacao-de-supermercado-por-impedir-entrada-de-empregado-apos-demissao\\\/#respond\"]}]},{\"@type\":\"WebPage\",\"@id\":\"https:\\\/\\\/contabilidadecaxias.com.br\\\/index.php\\\/2022\\\/07\\\/01\\\/afastada-condenacao-de-supermercado-por-impedir-entrada-de-empregado-apos-demissao\\\/\",\"url\":\"https:\\\/\\\/contabilidadecaxias.com.br\\\/index.php\\\/2022\\\/07\\\/01\\\/afastada-condenacao-de-supermercado-por-impedir-entrada-de-empregado-apos-demissao\\\/\",\"name\":\"Afastada condena\u00e7\u00e3o de supermercado por impedir entrada de empregado ap\u00f3s demiss\u00e3o - Contabilidade Caxias\",\"isPartOf\":{\"@id\":\"https:\\\/\\\/contabilidadecaxias.com.br\\\/#website\"},\"primaryImageOfPage\":{\"@id\":\"https:\\\/\\\/contabilidadecaxias.com.br\\\/index.php\\\/2022\\\/07\\\/01\\\/afastada-condenacao-de-supermercado-por-impedir-entrada-de-empregado-apos-demissao\\\/#primaryimage\"},\"image\":{\"@id\":\"https:\\\/\\\/contabilidadecaxias.com.br\\\/index.php\\\/2022\\\/07\\\/01\\\/afastada-condenacao-de-supermercado-por-impedir-entrada-de-empregado-apos-demissao\\\/#primaryimage\"},\"thumbnailUrl\":\"https:\\\/\\\/contabilidadecaxias.com.br\\\/wp-content\\\/uploads\\\/2022\\\/07\\\/4ce2c5f6-6a1d-21b2-e62a-bfc04a72d33e-8AhThO.jpeg\",\"datePublished\":\"2022-07-01T14:02:28+00:00\",\"author\":{\"@id\":\"\"},\"breadcrumb\":{\"@id\":\"https:\\\/\\\/contabilidadecaxias.com.br\\\/index.php\\\/2022\\\/07\\\/01\\\/afastada-condenacao-de-supermercado-por-impedir-entrada-de-empregado-apos-demissao\\\/#breadcrumb\"},\"inLanguage\":\"pt-BR\",\"potentialAction\":[{\"@type\":\"ReadAction\",\"target\":[\"https:\\\/\\\/contabilidadecaxias.com.br\\\/index.php\\\/2022\\\/07\\\/01\\\/afastada-condenacao-de-supermercado-por-impedir-entrada-de-empregado-apos-demissao\\\/\"]}]},{\"@type\":\"ImageObject\",\"inLanguage\":\"pt-BR\",\"@id\":\"https:\\\/\\\/contabilidadecaxias.com.br\\\/index.php\\\/2022\\\/07\\\/01\\\/afastada-condenacao-de-supermercado-por-impedir-entrada-de-empregado-apos-demissao\\\/#primaryimage\",\"url\":\"https:\\\/\\\/contabilidadecaxias.com.br\\\/wp-content\\\/uploads\\\/2022\\\/07\\\/4ce2c5f6-6a1d-21b2-e62a-bfc04a72d33e-8AhThO.jpeg\",\"contentUrl\":\"https:\\\/\\\/contabilidadecaxias.com.br\\\/wp-content\\\/uploads\\\/2022\\\/07\\\/4ce2c5f6-6a1d-21b2-e62a-bfc04a72d33e-8AhThO.jpeg\",\"width\":1280,\"height\":853},{\"@type\":\"BreadcrumbList\",\"@id\":\"https:\\\/\\\/contabilidadecaxias.com.br\\\/index.php\\\/2022\\\/07\\\/01\\\/afastada-condenacao-de-supermercado-por-impedir-entrada-de-empregado-apos-demissao\\\/#breadcrumb\",\"itemListElement\":[{\"@type\":\"ListItem\",\"position\":1,\"name\":\"In\u00edcio\",\"item\":\"https:\\\/\\\/contabilidadecaxias.com.br\\\/\"},{\"@type\":\"ListItem\",\"position\":2,\"name\":\"Afastada condena\u00e7\u00e3o de supermercado por impedir entrada de empregado ap\u00f3s demiss\u00e3o\"}]},{\"@type\":\"WebSite\",\"@id\":\"https:\\\/\\\/contabilidadecaxias.com.br\\\/#website\",\"url\":\"https:\\\/\\\/contabilidadecaxias.com.br\\\/\",\"name\":\"Contabilidade Caxias\",\"description\":\"Site especializado em Contabilidade para Caxias.\",\"potentialAction\":[{\"@type\":\"SearchAction\",\"target\":{\"@type\":\"EntryPoint\",\"urlTemplate\":\"https:\\\/\\\/contabilidadecaxias.com.br\\\/?s={search_term_string}\"},\"query-input\":{\"@type\":\"PropertyValueSpecification\",\"valueRequired\":true,\"valueName\":\"search_term_string\"}}],\"inLanguage\":\"pt-BR\"}]}<\/script>\n<!-- \/ Yoast SEO plugin. -->","yoast_head_json":{"title":"Afastada condena\u00e7\u00e3o de supermercado por impedir entrada de empregado ap\u00f3s demiss\u00e3o - Contabilidade Caxias","robots":{"index":"index","follow":"follow","max-snippet":"max-snippet:-1","max-image-preview":"max-image-preview:large","max-video-preview":"max-video-preview:-1"},"canonical":"https:\/\/contabilidadecaxias.com.br\/index.php\/2022\/07\/01\/afastada-condenacao-de-supermercado-por-impedir-entrada-de-empregado-apos-demissao\/","og_locale":"pt_BR","og_type":"article","og_title":"Afastada condena\u00e7\u00e3o de supermercado por impedir entrada de empregado ap\u00f3s demiss\u00e3o - Contabilidade Caxias","og_description":"A indeniza\u00e7\u00e3o havia sido deferida em a\u00e7\u00e3o inadequada para esse fim\u00a0 Ministro Ives Gandra Filho 01\/07\/22 &#8211;\u00a0A Quarta Turma do Tribunal Superior do Trabalho afastou a condena\u00e7\u00e3o da L\u00edder Supermercados e Magazine Ltda., de Bel\u00e9m (PA), ao pagamento de R$ 300 mil de indeniza\u00e7\u00e3o por ass\u00e9dio moral a um empregado. A repara\u00e7\u00e3o havia sido deferida [&hellip;]","og_url":"https:\/\/contabilidadecaxias.com.br\/index.php\/2022\/07\/01\/afastada-condenacao-de-supermercado-por-impedir-entrada-de-empregado-apos-demissao\/","og_site_name":"Contabilidade Caxias","article_published_time":"2022-07-01T14:02:28+00:00","twitter_card":"summary_large_image","twitter_misc":{"Est. tempo de leitura":"3 minutos"},"schema":{"@context":"https:\/\/schema.org","@graph":[{"@type":"Article","@id":"https:\/\/contabilidadecaxias.com.br\/index.php\/2022\/07\/01\/afastada-condenacao-de-supermercado-por-impedir-entrada-de-empregado-apos-demissao\/#article","isPartOf":{"@id":"https:\/\/contabilidadecaxias.com.br\/index.php\/2022\/07\/01\/afastada-condenacao-de-supermercado-por-impedir-entrada-de-empregado-apos-demissao\/"},"author":{"name":"","@id":""},"headline":"Afastada condena\u00e7\u00e3o de supermercado por impedir entrada de empregado ap\u00f3s demiss\u00e3o","datePublished":"2022-07-01T14:02:28+00:00","mainEntityOfPage":{"@id":"https:\/\/contabilidadecaxias.com.br\/index.php\/2022\/07\/01\/afastada-condenacao-de-supermercado-por-impedir-entrada-de-empregado-apos-demissao\/"},"wordCount":608,"commentCount":0,"image":{"@id":"https:\/\/contabilidadecaxias.com.br\/index.php\/2022\/07\/01\/afastada-condenacao-de-supermercado-por-impedir-entrada-de-empregado-apos-demissao\/#primaryimage"},"thumbnailUrl":"https:\/\/contabilidadecaxias.com.br\/wp-content\/uploads\/2022\/07\/4ce2c5f6-6a1d-21b2-e62a-bfc04a72d33e-8AhThO.jpeg","articleSection":["Educa\u00e7\u00e3o Financeira"],"inLanguage":"pt-BR","potentialAction":[{"@type":"CommentAction","name":"Comment","target":["https:\/\/contabilidadecaxias.com.br\/index.php\/2022\/07\/01\/afastada-condenacao-de-supermercado-por-impedir-entrada-de-empregado-apos-demissao\/#respond"]}]},{"@type":"WebPage","@id":"https:\/\/contabilidadecaxias.com.br\/index.php\/2022\/07\/01\/afastada-condenacao-de-supermercado-por-impedir-entrada-de-empregado-apos-demissao\/","url":"https:\/\/contabilidadecaxias.com.br\/index.php\/2022\/07\/01\/afastada-condenacao-de-supermercado-por-impedir-entrada-de-empregado-apos-demissao\/","name":"Afastada condena\u00e7\u00e3o de supermercado por impedir entrada de empregado ap\u00f3s demiss\u00e3o - Contabilidade Caxias","isPartOf":{"@id":"https:\/\/contabilidadecaxias.com.br\/#website"},"primaryImageOfPage":{"@id":"https:\/\/contabilidadecaxias.com.br\/index.php\/2022\/07\/01\/afastada-condenacao-de-supermercado-por-impedir-entrada-de-empregado-apos-demissao\/#primaryimage"},"image":{"@id":"https:\/\/contabilidadecaxias.com.br\/index.php\/2022\/07\/01\/afastada-condenacao-de-supermercado-por-impedir-entrada-de-empregado-apos-demissao\/#primaryimage"},"thumbnailUrl":"https:\/\/contabilidadecaxias.com.br\/wp-content\/uploads\/2022\/07\/4ce2c5f6-6a1d-21b2-e62a-bfc04a72d33e-8AhThO.jpeg","datePublished":"2022-07-01T14:02:28+00:00","author":{"@id":""},"breadcrumb":{"@id":"https:\/\/contabilidadecaxias.com.br\/index.php\/2022\/07\/01\/afastada-condenacao-de-supermercado-por-impedir-entrada-de-empregado-apos-demissao\/#breadcrumb"},"inLanguage":"pt-BR","potentialAction":[{"@type":"ReadAction","target":["https:\/\/contabilidadecaxias.com.br\/index.php\/2022\/07\/01\/afastada-condenacao-de-supermercado-por-impedir-entrada-de-empregado-apos-demissao\/"]}]},{"@type":"ImageObject","inLanguage":"pt-BR","@id":"https:\/\/contabilidadecaxias.com.br\/index.php\/2022\/07\/01\/afastada-condenacao-de-supermercado-por-impedir-entrada-de-empregado-apos-demissao\/#primaryimage","url":"https:\/\/contabilidadecaxias.com.br\/wp-content\/uploads\/2022\/07\/4ce2c5f6-6a1d-21b2-e62a-bfc04a72d33e-8AhThO.jpeg","contentUrl":"https:\/\/contabilidadecaxias.com.br\/wp-content\/uploads\/2022\/07\/4ce2c5f6-6a1d-21b2-e62a-bfc04a72d33e-8AhThO.jpeg","width":1280,"height":853},{"@type":"BreadcrumbList","@id":"https:\/\/contabilidadecaxias.com.br\/index.php\/2022\/07\/01\/afastada-condenacao-de-supermercado-por-impedir-entrada-de-empregado-apos-demissao\/#breadcrumb","itemListElement":[{"@type":"ListItem","position":1,"name":"In\u00edcio","item":"https:\/\/contabilidadecaxias.com.br\/"},{"@type":"ListItem","position":2,"name":"Afastada condena\u00e7\u00e3o de supermercado por impedir entrada de empregado ap\u00f3s demiss\u00e3o"}]},{"@type":"WebSite","@id":"https:\/\/contabilidadecaxias.com.br\/#website","url":"https:\/\/contabilidadecaxias.com.br\/","name":"Contabilidade Caxias","description":"Site especializado em Contabilidade para Caxias.","potentialAction":[{"@type":"SearchAction","target":{"@type":"EntryPoint","urlTemplate":"https:\/\/contabilidadecaxias.com.br\/?s={search_term_string}"},"query-input":{"@type":"PropertyValueSpecification","valueRequired":true,"valueName":"search_term_string"}}],"inLanguage":"pt-BR"}]}},"_links":{"self":[{"href":"https:\/\/contabilidadecaxias.com.br\/index.php\/wp-json\/wp\/v2\/posts\/11412","targetHints":{"allow":["GET"]}}],"collection":[{"href":"https:\/\/contabilidadecaxias.com.br\/index.php\/wp-json\/wp\/v2\/posts"}],"about":[{"href":"https:\/\/contabilidadecaxias.com.br\/index.php\/wp-json\/wp\/v2\/types\/post"}],"replies":[{"embeddable":true,"href":"https:\/\/contabilidadecaxias.com.br\/index.php\/wp-json\/wp\/v2\/comments?post=11412"}],"version-history":[{"count":0,"href":"https:\/\/contabilidadecaxias.com.br\/index.php\/wp-json\/wp\/v2\/posts\/11412\/revisions"}],"wp:featuredmedia":[{"embeddable":true,"href":"https:\/\/contabilidadecaxias.com.br\/index.php\/wp-json\/wp\/v2\/media\/11413"}],"wp:attachment":[{"href":"https:\/\/contabilidadecaxias.com.br\/index.php\/wp-json\/wp\/v2\/media?parent=11412"}],"wp:term":[{"taxonomy":"category","embeddable":true,"href":"https:\/\/contabilidadecaxias.com.br\/index.php\/wp-json\/wp\/v2\/categories?post=11412"},{"taxonomy":"post_tag","embeddable":true,"href":"https:\/\/contabilidadecaxias.com.br\/index.php\/wp-json\/wp\/v2\/tags?post=11412"}],"curies":[{"name":"wp","href":"https:\/\/api.w.org\/{rel}","templated":true}]}}