{"id":11411,"date":"2022-07-01T08:03:59","date_gmt":"2022-07-01T11:03:59","guid":{"rendered":"https:\/\/contabilidadecaxias.com.br\/index.php\/2022\/07\/01\/centenario-de-nascimento-do-ministro-mozart-victor-russomano\/"},"modified":"2022-07-01T08:03:59","modified_gmt":"2022-07-01T11:03:59","slug":"centenario-de-nascimento-do-ministro-mozart-victor-russomano","status":"publish","type":"post","link":"https:\/\/contabilidadecaxias.com.br\/index.php\/2022\/07\/01\/centenario-de-nascimento-do-ministro-mozart-victor-russomano\/","title":{"rendered":"Centen\u00e1rio de Nascimento do Ministro Mozart Victor Russomano"},"content":{"rendered":"<p><span><span><span><span>O Tribunal Superior do Trabalho, por meio da sua Comiss\u00e3o de Documenta\u00e7\u00e3o e Mem\u00f3ria e com o apoio da Coordenadoria de Gest\u00e3o Documental e Mem\u00f3ria, por ocasi\u00e3o do centen\u00e1rio de nascimento do eminente Ministro MOZART VICTOR RUSSOMANO, a ocorrer no dia 5 de julho de 2022, recorda a sua trajet\u00f3ria na hist\u00f3ria da Justi\u00e7a do Trabalho. <\/span><\/span><\/span><\/span><\/p>\n<p><span><span><span><span>O objetivo desta justa homenagem \u00e9 reverenciar a mem\u00f3ria do ilustre membro da magistratura trabalhista que dedicou sua carreira jur\u00eddica e acad\u00eamica ao fortalecimento e respeito ao Direito do Trabalho e a esta Justi\u00e7a Especializada. <\/span><\/span><\/span><\/span><\/p>\n<p><span><span><span><span><\/span><\/span><\/span><\/span><\/p>\n<p><span><span><span><span>Carreira <\/span><\/span><\/span><\/span><\/p>\n<p><span><span><span><span><\/span><\/span><\/span><\/span><\/p>\n<p><span><span><span><span>Mozart Victor Russomano nasceu em Pelotas, Rio Grande do Sul, no dia 5 de julho de 1922. Bacharelou-se em Direito pela Universidade de Porto Alegre &#8211; hoje Universidade Federal do Rio Grande do Sul -, em 1944. <\/span><\/span><\/span><\/span><\/p>\n<p><span><span><span><span>Em 1945, ingressou na magistratura trabalhista, assumindo, no mesmo ano, a Presid\u00eancia da Junta de Concilia\u00e7\u00e3o e Julgamento de Pelotas. Em 1959, foi promovido, por merecimento, para o Tribunal Regional do Trabalho da 4\u00aa Regi\u00e3o, e ocupou o cargo de Vice-Presidente.<\/span><\/span><\/span><\/span><\/p>\n<p><span><span><span><span>Tomou posse como Ministro togado do Tribunal Superior do Trabalho, em 25 de junho de 1969, e exerceu os cargos de Vice-Presidente (1971-1972), Presidente (1972-1974) e Corregedor-Geral da Justi\u00e7a do Trabalho (1974-1976). <\/span><\/span><\/span><\/span><\/p>\n<p><span><span><span><span>Alguns fatos hist\u00f3ricos, destacados por jornais impressos da \u00e9poca, marcaram a trajet\u00f3ria do eminente Ministro na Presid\u00eancia do TST. Em junho de 1973, o jornal Correio Brasiliense anunciou o mil\u00e9simo julgamento do TST; em julho de 1973, o jornal O Estado do Cear\u00e1 destacou que o TST bateu recorde de julgamento durante a gest\u00e3o do Ministro Mozart Victor Russomano; em novembro de 1973, o jornal Tribuna do Cear\u00e1 trouxe, como manchete, um lema constante na vida do eminente Ministro: a defesa da Justi\u00e7a Trabalhista como instrumento de seguran\u00e7a nacional; e, ainda no mesmo m\u00eas de novembro de 1973, o jornal O Liberal, de Bel\u00e9m, anunciou a primeira compra de computadores para o TST \u2013 o que inaugurou a informatiza\u00e7\u00e3o na Justi\u00e7a do Trabalho. <\/span><\/span><\/span><\/span><\/p>\n<p><span><span><span><span>Importantes conquistas na seara trabalhista tamb\u00e9m ocorreram durante a gest\u00e3o do Ministro Mozart Victor Russomano na Presid\u00eancia do TST. Entre elas, cita-se a estabilidade da mulher no emprego durante e ap\u00f3s a gesta\u00e7\u00e3o, conforme noticiado pelo jornal O Estado, de Fortaleza, em 4 de janeiro de 1974.<\/span><\/span><\/span><\/span><\/p>\n<p><span><span><span><span>Defensor da essencialidade da Justi\u00e7a do Trabalho na Rep\u00fablica Federativa do Brasil, o Ministro Mozart Victor Russomano apoiou tamb\u00e9m a cria\u00e7\u00e3o de novos Tribunais Regionais, em Bras\u00edlia e em Curitiba (Jornal de Santa Catarina, em 1\u00ba de junho de 1974).<\/span><\/span><\/span><\/span><\/p>\n<p><span><span><span><span>Aposentou-se no m\u00eas de maio de 1984. Faleceu no dia 17 de outubro de 2010, em sua cidade natal, Pelotas, no Rio Grande do Sul, aos 88 anos de idade.<\/span><\/span><\/span><\/span><\/p>\n<p><span><span><span><span><\/span><\/span><\/span><\/span><\/p>\n<p><span><span><span><span>Contribui\u00e7\u00e3o acad\u00eamica <\/span><\/span><\/span><\/span><\/p>\n<p><span><span><span><span><\/span><\/span><\/span><\/span><\/p>\n<p><span><span><span><span><span>Al\u00e9m de sua destacada e prof\u00edcua carreira jur\u00eddica no Poder Judici\u00e1rio Trabalhista, o Ministro <\/span><\/span><\/span><\/span><span><span><span>Mozart Victor Russomano <span>destacou-se em sua atua\u00e7\u00e3o no ensino acad\u00eamico e como conferencista. <\/span><\/span><\/span><\/span><\/span><\/p>\n<p><span><span><span><span><span>Consagrado jurista, lecionou Direito do Trabalho e Seguridade Social na Faculdade de Direito da Universidade Federal do Rio Grande do Sul, na Universidade Federal de Pelotas e na Universidade de Bras\u00edlia. <\/span><\/span><\/span><\/span><span><span><span>Foi ainda professor na Universidade Nacional de Trujillo, no Peru; Universidade Federal da Venezuela; Universidade de Passo Fundo, no Rio Grande do Sul; e Faculdade de Direito de Curitiba, no Paran\u00e1.<\/span><\/span><\/span><\/span><\/p>\n<p><span><span><span><span><span>Com not\u00e1vel saber jur\u00eddico, contou com o reconhecimento de diversas universidades brasileiras e estrangeiras. Recebeu o t\u00edtulo de Doutor Honoris Causa em 14 universidades, entre elas, Universidade de Bordeaux-I, na Fran\u00e7a; Universidade San Martin, no Peru; e Universidade Cat\u00f3lica de Pelotas, no Rio Grande do Sul.<\/span><\/span><\/span><\/span><\/span><\/p>\n<p><span><span><span><span><span>Destacado intelectual, sua produ\u00e7\u00e3o cient\u00edfica inclui o anteprojeto do C\u00f3digo de Processo do Trabalho e da Lei Org\u00e2nica da Justi\u00e7a do Trabalho, in\u00fameros ensaios em revistas jur\u00eddicas sobre temas do Direito Material e Processual do Trabalho, al\u00e9m de mais de 45 livros jur\u00eddicos e 15 obras liter\u00e1rias, que contaram com a tradu\u00e7\u00e3o em diversas l\u00ednguas. Sua obra mais destacada, em \u00e2mbito nacional, denomina-se Coment\u00e1rios \u00e0 CLT, editada originalmente em tr\u00eas volumes.<\/span><\/span><\/span><\/span><\/span><\/p>\n<p><span><span><span><span><span>A extensa produ\u00e7\u00e3o jur\u00eddica e cient\u00edfica foi doada pela fam\u00edlia do jurista em 2012 \u00e0 Biblioteca do TST e encontra-se dispon\u00edvel para consulta. A bibliografia do Ministro <\/span><\/span><\/span><\/span><span><span><span>Mozart Victor Russomano <span>est\u00e1 dispon\u00edvel virtualmente para consulta em: <\/span><\/span><\/span><\/span><a href=\"https:\/\/www.tst.jus.br\/web\/biblioteca\/bibliografia\"><span><span><span><span>https:\/\/www.tst.jus.br\/web\/biblioteca\/bibliografia<\/span><\/span><\/span><\/span><\/a><span><span><span><span>. <\/span><\/span><\/span><\/span><\/span><\/p>\n<p><span><span><span><span><span>Sua atua\u00e7\u00e3o como conferencista inclui a participa\u00e7\u00e3o, como Relator Geral, do I, II e III Congresso Ibero-Americano de Direito do Trabalho, para os temas de Direito Processual do Trabalho, realizados, respectivamente, em Madri, em 1965; Lima, em 1967; e Sevilha, em 1970. Foi tamb\u00e9m Presidente do IV Congresso Ibero-Americano de Direito do Trabalho e Previd\u00eancia Social, realizado em S\u00e3o Paulo, em 1972, al\u00e9m de Relator do Brasil em numerosos Congressos e Semin\u00e1rios, tais como os realizados em Genebra (1957); Bruxelas (1958); Lyon (1963); Chile (1961); Uruguai (1954, 1957, 1959, 1960); Lima (1967). <\/span><\/span><\/span><\/span><\/span><\/p>\n<p><span><span><span><span><\/span><\/span><\/span><\/span><\/p>\n<p><span><span><span><span>Atua\u00e7\u00e3o internacional <\/span><\/span><\/span><\/span><\/p>\n<p><span><span><span><span><span><\/span><\/span><\/span><\/span><\/span><\/p>\n<p><span><span><span><span><span>O Ministro <\/span><\/span><\/span><\/span><span><span><span>Mozart Victor Russomano, em sua atua\u00e7\u00e3o internacional voltada para a essencialidade do Direito do Trabalho e da Justi\u00e7a do Trabalho, ocupou diversos cargos. <\/span><\/span><\/span><\/span><\/p>\n<p><span><span><span><span>Foi Secret\u00e1rio Geral do Instituto Latino-Americano de Direito do Trabalho e Previd\u00eancia Social, com sede na Argentina, desde sua funda\u00e7\u00e3o em 1965, tornando-se Presidente eleito em 1971 e reeleito em 1973.<\/span><\/span><\/span><\/span><\/p>\n<p><span><span><span><span>F<span>oi Presidente-fundador do Tribunal Administrativo da Organiza\u00e7\u00e3o dos Estados Americanos, de 1971 a 1976, e juiz do Tribunal Administrativo do Banco Interamericano de Desenvolvimento, de 1981 a 1986, ambos em Washington. <\/span><\/span><\/span><\/span><\/span><\/p>\n<p><span><span><span><span><span>Representou o Governo da Rep\u00fablica Federativa do Brasil no Conselho de Administra\u00e7\u00e3o da Organiza\u00e7\u00e3o Internacional do Trabalho &#8211; OIT, em Genebra, de 1984 a 1990, tornando-se o segundo brasileiro a presidir o Conselho, de 1987 a 1988.<\/span><\/span><\/span><\/span><span><span><span><\/span><\/span><\/span><\/span><\/p>\n<p><span><span><span><span>Foi ainda Membro do Instituto de Coimbra, em Portugal; da Sociedade Internacional de Direito do Trabalho, em Genebra; da Sociedade de Geografia de Lisboa, em Portugal; e de numerosas entidades cient\u00edficas nos EUA e na Europa.<\/span><\/span><\/span><\/span><\/p>\n<p><span><span><span><span><\/span><\/span><\/span><\/span><\/p>\n<p><span><span><span><span>Homenagens<\/span><\/span><\/span><\/span><\/p>\n<p><span><span><span><span><span><\/span><\/span><\/span><\/span><\/span><\/p>\n<p><span><span><span><span>O Ministro Mozart Victor Russomano recebeu diversas homenagens. <\/span><\/span><\/span><\/span><\/p>\n<p><span><span><span><span>Entre as condecora\u00e7\u00f5es oficiais, destacam-se: Gr\u00e3-Cruz da Ordem do M\u00e9rito do Trabalho, Minist\u00e9rio do Trabalho; Gr\u00e3-Cruz do M\u00e9rito Judici\u00e1rio do Trabalho, Tribunal Superior do Trabalho; Gr\u00e3-Cruz do Distrito Federal, Governo do Distrito Federal; Gr\u00e3 Cruz da Ordem do M\u00e9rito Judici\u00e1rio Militar, Superior Tribunal Militar; Gr\u00e3-Cruz da Ordem do M\u00e9rito Judici\u00e1rio, Associa\u00e7\u00e3o dos Magistrados Brasileiros do Rio de Janeiro; Grande Oficial da Ordem de Rio Branco, Minist\u00e9rio das Rela\u00e7\u00f5es Exteriores; Medalha do Instituto Latino-Americano de Direito do Trabalho e da Seguridade Social; Medalha do M\u00e9rito Judici\u00e1rio, Tribunal Regional do Trabalho da 6\u00aa Regi\u00e3o; Medalha do \u201cNegrinho do Pastoreio\u201d, Governo do Estado do Rio Grande do Sul; Medalha da Academia Ibero-Americana de Direito do Trabalho e da Seguridade Social; al\u00e9m de mais de 25 outras distin\u00e7\u00f5es recebidas no Brasil e no exterior.<\/span><\/span><\/span><\/span><\/p>\n<p><span><span><span><span>Em 2012, o Tribunal Superior do Trabalho inaugurou o Audit\u00f3rio Ministro Mozart Victor Russomano. Situado no 5\u00ba andar edif\u00edcio-sede, Bloco B, a inaugura\u00e7\u00e3o contou com a aula-espet\u00e1culo de Ariano Suassuna e o pronunciamento do Ministro Jo\u00e3o Oreste Dalazen, presidente do Tribunal \u00e0 \u00e9poca, que ressaltou \u201ca luta pela preserva\u00e7\u00e3o e prote\u00e7\u00e3o dos direitos trabalhistas e pela afirma\u00e7\u00e3o do Direito e Processo do Trabalho travada incansavelmente por um grande humanista [&#8230;], um homem not\u00e1vel, um prestigioso tribuno, um dos maiores juslaboralistas brasileiros e um ministro paradigm\u00e1tico desta Corte, seguramente \u00edmpar entre seus pares\u201d. <\/span><\/span><\/span><\/span><\/p>\n<p><span><span><span><span>\u00a0Em 2013, foi homenageado pela Biblioteca D\u00e9lio Maranh\u00e3o do TST com o lan\u00e7amento da p\u00e1gina Cole\u00e7\u00e3o do Ministro Mozart Victor Russomano, dispon\u00edvel em: <\/span><\/span><\/span><a href=\"https:\/\/www.tst.jus.br\/web\/biblioteca\/colecao\"><span><span><span>https:\/\/www.tst.jus.br\/web\/biblioteca\/colecao<\/span><\/span><\/span><\/a><span><span><span>. No mesmo ano, o Tribunal Regional do Trabalho da 11\u00aa Regi\u00e3o inaugurou oficialmente as novas instala\u00e7\u00f5es do Foro Trabalhista de Manaus, o qual recebeu o nome do Ministro Mozart Victor Russomano.<\/span><\/span><\/span><\/span><\/p>\n<p><span><span><span><span>Em junho deste ano de 2022, por ocasi\u00e3o de seu centen\u00e1rio de nascimento, foi aprovada, \u00e0 unanimidade, pelo \u00d3rg\u00e3o Especial do Tribunal Regional do Trabalho da 4\u00aa Regi\u00e3o, a proposta da subse\u00e7\u00e3o de Pelotas da Ordem dos Advogados do Brasil (OAB\/RS) de atribuir o nome do Ministro Mozart Victor Russomano ao Foro Trabalhista de Pelotas. <\/span><\/span><\/span><\/span><\/p>\n<p><span><span><span><span><\/span><\/span><\/span><\/span><\/p>\n<p><span><span><span><span><\/span><\/span><\/span><\/span><\/p>\n<p><span><span><span><span>Fontes:<\/span><\/span><\/span><\/span><\/p>\n<p><span><span><span><span>Biografia &#8211; TST, dispon\u00edvel em: https:\/\/www.tst.jus.br\/galeria-dos-ex-dirigentes1\/-\/asset_publisher\/4Vjq\/content\/11-mozart-victor-russomano<\/span><\/span><\/span><\/span><\/p>\n<p><span><a href=\"https:\/\/www.tst.jus.br\/-\/tst-inaugura-auditorio-que-homenageia-mozart-victor-russomano-com-palestra-de-ariano-suassuna\"><span><span><span>https:\/\/www.tst.jus.br\/-\/tst-inaugura-auditorio-que-homenageia-mozart-victor-russomano-com-palestra-de-ariano-suassuna<\/span><\/span><\/span><\/a><span><span><span>.<\/span><\/span><\/span><\/span><\/p>\n<p><span><a href=\"https:\/\/www.tst.jus.br\/biografia\/-\/asset_publisher\/2PSEeUv0lqi1\/content\/tst042\"><span><span><span>https:\/\/www.tst.jus.br\/biografia\/-\/asset_publisher\/2PSEeUv0lqi1\/content\/tst042<\/span><\/span><\/span><\/a><span><span><span><\/span><\/span><\/span><\/span><\/p>\n<p><span><a href=\"https:\/\/juslaboris.tst.jus.br\/bitstream\/handle\/20.500.12178\/23638\/mozart_victor_russomano.pdf?sequence=1&amp;isAllowed=y\"><span><span><span>https:\/\/juslaboris.tst.jus.br\/bitstream\/handle\/20.500.12178\/23638\/mozart_victor_russomano.pdf?sequence=1&amp;isAllowed=y<\/span><\/span><\/span><\/a><span><span><span><\/span><\/span><\/span><\/span><\/p>\n<p><span><a href=\"https:\/\/juslaboris.tst.jus.br\/handle\/20.500.12178\/29019\"><span><span><span>https:\/\/juslaboris.tst.jus.br\/handle\/20.500.12178\/29019<\/span><\/span><\/span><\/a><span><span><span><\/span><\/span><\/span><\/span><\/p>\n<p><span><a href=\"https:\/\/www.tst.jus.br\/galeria-dos-ex-dirigentes1\/-\/asset_publisher\/4Vjq\/content\/11-mozart-victor-russomano\"><span><span><span>https:\/\/www.tst.jus.br\/galeria-dos-ex-dirigentes1\/-\/asset_publisher\/4Vjq\/content\/11-mozart-victor-russomano<\/span><\/span><\/span><\/a><span><span><span><\/span><\/span><\/span><\/span><\/p>\n<p><span><a href=\"https:\/\/www.trt4.jus.br\/portais\/trt4\/modulos\/noticias\/510981\"><span><span><span>https:\/\/www.trt4.jus.br\/portais\/trt4\/modulos\/noticias\/510981<\/span><\/span><\/span><\/a><span><span><span><\/span><\/span><\/span><\/span><\/p>\n","protected":false},"excerpt":{"rendered":"<p>O Tribunal Superior do Trabalho, por meio da sua Comiss\u00e3o de Documenta\u00e7\u00e3o e Mem\u00f3ria e com o apoio da Coordenadoria de Gest\u00e3o Documental e Mem\u00f3ria, por ocasi\u00e3o do centen\u00e1rio de nascimento do eminente Ministro MOZART VICTOR RUSSOMANO, a ocorrer no dia 5 de julho de 2022, recorda a sua trajet\u00f3ria na hist\u00f3ria da Justi\u00e7a do [&hellip;]<\/p>\n","protected":false},"author":0,"featured_media":0,"comment_status":"open","ping_status":"","sticky":false,"template":"","format":"standard","meta":{"footnotes":""},"categories":[5],"tags":[],"class_list":["post-11411","post","type-post","status-publish","format-standard","hentry","category-noticias-educacao-financeira"],"blocksy_meta":{"styles_descriptor":{"styles":{"desktop":"","tablet":"","mobile":""},"google_fonts":[],"version":6}},"yoast_head":"<!-- This site is optimized with the Yoast SEO plugin v27.4 - https:\/\/yoast.com\/product\/yoast-seo-wordpress\/ -->\n<title>Centen\u00e1rio de Nascimento do Ministro Mozart Victor Russomano - Contabilidade Caxias<\/title>\n<meta name=\"robots\" content=\"index, follow, max-snippet:-1, max-image-preview:large, max-video-preview:-1\" \/>\n<link rel=\"canonical\" href=\"https:\/\/contabilidadecaxias.com.br\/index.php\/2022\/07\/01\/centenario-de-nascimento-do-ministro-mozart-victor-russomano\/\" \/>\n<meta property=\"og:locale\" content=\"pt_BR\" \/>\n<meta property=\"og:type\" content=\"article\" \/>\n<meta property=\"og:title\" content=\"Centen\u00e1rio de Nascimento do Ministro Mozart Victor Russomano - Contabilidade Caxias\" \/>\n<meta property=\"og:description\" content=\"O Tribunal Superior do Trabalho, por meio da sua Comiss\u00e3o de Documenta\u00e7\u00e3o e Mem\u00f3ria e com o apoio da Coordenadoria de Gest\u00e3o Documental e Mem\u00f3ria, por ocasi\u00e3o do centen\u00e1rio de nascimento do eminente Ministro MOZART VICTOR RUSSOMANO, a ocorrer no dia 5 de julho de 2022, recorda a sua trajet\u00f3ria na hist\u00f3ria da Justi\u00e7a do [&hellip;]\" \/>\n<meta property=\"og:url\" content=\"https:\/\/contabilidadecaxias.com.br\/index.php\/2022\/07\/01\/centenario-de-nascimento-do-ministro-mozart-victor-russomano\/\" \/>\n<meta property=\"og:site_name\" content=\"Contabilidade Caxias\" \/>\n<meta property=\"article:published_time\" content=\"2022-07-01T11:03:59+00:00\" \/>\n<meta name=\"twitter:card\" content=\"summary_large_image\" \/>\n<meta name=\"twitter:label1\" content=\"Est. tempo de leitura\" \/>\n\t<meta name=\"twitter:data1\" content=\"7 minutos\" \/>\n<script type=\"application\/ld+json\" class=\"yoast-schema-graph\">{\"@context\":\"https:\\\/\\\/schema.org\",\"@graph\":[{\"@type\":\"Article\",\"@id\":\"https:\\\/\\\/contabilidadecaxias.com.br\\\/index.php\\\/2022\\\/07\\\/01\\\/centenario-de-nascimento-do-ministro-mozart-victor-russomano\\\/#article\",\"isPartOf\":{\"@id\":\"https:\\\/\\\/contabilidadecaxias.com.br\\\/index.php\\\/2022\\\/07\\\/01\\\/centenario-de-nascimento-do-ministro-mozart-victor-russomano\\\/\"},\"author\":{\"name\":\"\",\"@id\":\"\"},\"headline\":\"Centen\u00e1rio de Nascimento do Ministro Mozart Victor Russomano\",\"datePublished\":\"2022-07-01T11:03:59+00:00\",\"mainEntityOfPage\":{\"@id\":\"https:\\\/\\\/contabilidadecaxias.com.br\\\/index.php\\\/2022\\\/07\\\/01\\\/centenario-de-nascimento-do-ministro-mozart-victor-russomano\\\/\"},\"wordCount\":1458,\"commentCount\":0,\"articleSection\":[\"Educa\u00e7\u00e3o Financeira\"],\"inLanguage\":\"pt-BR\",\"potentialAction\":[{\"@type\":\"CommentAction\",\"name\":\"Comment\",\"target\":[\"https:\\\/\\\/contabilidadecaxias.com.br\\\/index.php\\\/2022\\\/07\\\/01\\\/centenario-de-nascimento-do-ministro-mozart-victor-russomano\\\/#respond\"]}]},{\"@type\":\"WebPage\",\"@id\":\"https:\\\/\\\/contabilidadecaxias.com.br\\\/index.php\\\/2022\\\/07\\\/01\\\/centenario-de-nascimento-do-ministro-mozart-victor-russomano\\\/\",\"url\":\"https:\\\/\\\/contabilidadecaxias.com.br\\\/index.php\\\/2022\\\/07\\\/01\\\/centenario-de-nascimento-do-ministro-mozart-victor-russomano\\\/\",\"name\":\"Centen\u00e1rio de Nascimento do Ministro Mozart Victor Russomano - Contabilidade Caxias\",\"isPartOf\":{\"@id\":\"https:\\\/\\\/contabilidadecaxias.com.br\\\/#website\"},\"datePublished\":\"2022-07-01T11:03:59+00:00\",\"author\":{\"@id\":\"\"},\"breadcrumb\":{\"@id\":\"https:\\\/\\\/contabilidadecaxias.com.br\\\/index.php\\\/2022\\\/07\\\/01\\\/centenario-de-nascimento-do-ministro-mozart-victor-russomano\\\/#breadcrumb\"},\"inLanguage\":\"pt-BR\",\"potentialAction\":[{\"@type\":\"ReadAction\",\"target\":[\"https:\\\/\\\/contabilidadecaxias.com.br\\\/index.php\\\/2022\\\/07\\\/01\\\/centenario-de-nascimento-do-ministro-mozart-victor-russomano\\\/\"]}]},{\"@type\":\"BreadcrumbList\",\"@id\":\"https:\\\/\\\/contabilidadecaxias.com.br\\\/index.php\\\/2022\\\/07\\\/01\\\/centenario-de-nascimento-do-ministro-mozart-victor-russomano\\\/#breadcrumb\",\"itemListElement\":[{\"@type\":\"ListItem\",\"position\":1,\"name\":\"In\u00edcio\",\"item\":\"https:\\\/\\\/contabilidadecaxias.com.br\\\/\"},{\"@type\":\"ListItem\",\"position\":2,\"name\":\"Centen\u00e1rio de Nascimento do Ministro Mozart Victor Russomano\"}]},{\"@type\":\"WebSite\",\"@id\":\"https:\\\/\\\/contabilidadecaxias.com.br\\\/#website\",\"url\":\"https:\\\/\\\/contabilidadecaxias.com.br\\\/\",\"name\":\"Contabilidade Caxias\",\"description\":\"Site especializado em Contabilidade para Caxias.\",\"potentialAction\":[{\"@type\":\"SearchAction\",\"target\":{\"@type\":\"EntryPoint\",\"urlTemplate\":\"https:\\\/\\\/contabilidadecaxias.com.br\\\/?s={search_term_string}\"},\"query-input\":{\"@type\":\"PropertyValueSpecification\",\"valueRequired\":true,\"valueName\":\"search_term_string\"}}],\"inLanguage\":\"pt-BR\"}]}<\/script>\n<!-- \/ Yoast SEO plugin. -->","yoast_head_json":{"title":"Centen\u00e1rio de Nascimento do Ministro Mozart Victor Russomano - Contabilidade Caxias","robots":{"index":"index","follow":"follow","max-snippet":"max-snippet:-1","max-image-preview":"max-image-preview:large","max-video-preview":"max-video-preview:-1"},"canonical":"https:\/\/contabilidadecaxias.com.br\/index.php\/2022\/07\/01\/centenario-de-nascimento-do-ministro-mozart-victor-russomano\/","og_locale":"pt_BR","og_type":"article","og_title":"Centen\u00e1rio de Nascimento do Ministro Mozart Victor Russomano - Contabilidade Caxias","og_description":"O Tribunal Superior do Trabalho, por meio da sua Comiss\u00e3o de Documenta\u00e7\u00e3o e Mem\u00f3ria e com o apoio da Coordenadoria de Gest\u00e3o Documental e Mem\u00f3ria, por ocasi\u00e3o do centen\u00e1rio de nascimento do eminente Ministro MOZART VICTOR RUSSOMANO, a ocorrer no dia 5 de julho de 2022, recorda a sua trajet\u00f3ria na hist\u00f3ria da Justi\u00e7a do [&hellip;]","og_url":"https:\/\/contabilidadecaxias.com.br\/index.php\/2022\/07\/01\/centenario-de-nascimento-do-ministro-mozart-victor-russomano\/","og_site_name":"Contabilidade Caxias","article_published_time":"2022-07-01T11:03:59+00:00","twitter_card":"summary_large_image","twitter_misc":{"Est. tempo de leitura":"7 minutos"},"schema":{"@context":"https:\/\/schema.org","@graph":[{"@type":"Article","@id":"https:\/\/contabilidadecaxias.com.br\/index.php\/2022\/07\/01\/centenario-de-nascimento-do-ministro-mozart-victor-russomano\/#article","isPartOf":{"@id":"https:\/\/contabilidadecaxias.com.br\/index.php\/2022\/07\/01\/centenario-de-nascimento-do-ministro-mozart-victor-russomano\/"},"author":{"name":"","@id":""},"headline":"Centen\u00e1rio de Nascimento do Ministro Mozart Victor Russomano","datePublished":"2022-07-01T11:03:59+00:00","mainEntityOfPage":{"@id":"https:\/\/contabilidadecaxias.com.br\/index.php\/2022\/07\/01\/centenario-de-nascimento-do-ministro-mozart-victor-russomano\/"},"wordCount":1458,"commentCount":0,"articleSection":["Educa\u00e7\u00e3o Financeira"],"inLanguage":"pt-BR","potentialAction":[{"@type":"CommentAction","name":"Comment","target":["https:\/\/contabilidadecaxias.com.br\/index.php\/2022\/07\/01\/centenario-de-nascimento-do-ministro-mozart-victor-russomano\/#respond"]}]},{"@type":"WebPage","@id":"https:\/\/contabilidadecaxias.com.br\/index.php\/2022\/07\/01\/centenario-de-nascimento-do-ministro-mozart-victor-russomano\/","url":"https:\/\/contabilidadecaxias.com.br\/index.php\/2022\/07\/01\/centenario-de-nascimento-do-ministro-mozart-victor-russomano\/","name":"Centen\u00e1rio de Nascimento do Ministro Mozart Victor Russomano - Contabilidade Caxias","isPartOf":{"@id":"https:\/\/contabilidadecaxias.com.br\/#website"},"datePublished":"2022-07-01T11:03:59+00:00","author":{"@id":""},"breadcrumb":{"@id":"https:\/\/contabilidadecaxias.com.br\/index.php\/2022\/07\/01\/centenario-de-nascimento-do-ministro-mozart-victor-russomano\/#breadcrumb"},"inLanguage":"pt-BR","potentialAction":[{"@type":"ReadAction","target":["https:\/\/contabilidadecaxias.com.br\/index.php\/2022\/07\/01\/centenario-de-nascimento-do-ministro-mozart-victor-russomano\/"]}]},{"@type":"BreadcrumbList","@id":"https:\/\/contabilidadecaxias.com.br\/index.php\/2022\/07\/01\/centenario-de-nascimento-do-ministro-mozart-victor-russomano\/#breadcrumb","itemListElement":[{"@type":"ListItem","position":1,"name":"In\u00edcio","item":"https:\/\/contabilidadecaxias.com.br\/"},{"@type":"ListItem","position":2,"name":"Centen\u00e1rio de Nascimento do Ministro Mozart Victor Russomano"}]},{"@type":"WebSite","@id":"https:\/\/contabilidadecaxias.com.br\/#website","url":"https:\/\/contabilidadecaxias.com.br\/","name":"Contabilidade Caxias","description":"Site especializado em Contabilidade para Caxias.","potentialAction":[{"@type":"SearchAction","target":{"@type":"EntryPoint","urlTemplate":"https:\/\/contabilidadecaxias.com.br\/?s={search_term_string}"},"query-input":{"@type":"PropertyValueSpecification","valueRequired":true,"valueName":"search_term_string"}}],"inLanguage":"pt-BR"}]}},"_links":{"self":[{"href":"https:\/\/contabilidadecaxias.com.br\/index.php\/wp-json\/wp\/v2\/posts\/11411","targetHints":{"allow":["GET"]}}],"collection":[{"href":"https:\/\/contabilidadecaxias.com.br\/index.php\/wp-json\/wp\/v2\/posts"}],"about":[{"href":"https:\/\/contabilidadecaxias.com.br\/index.php\/wp-json\/wp\/v2\/types\/post"}],"replies":[{"embeddable":true,"href":"https:\/\/contabilidadecaxias.com.br\/index.php\/wp-json\/wp\/v2\/comments?post=11411"}],"version-history":[{"count":0,"href":"https:\/\/contabilidadecaxias.com.br\/index.php\/wp-json\/wp\/v2\/posts\/11411\/revisions"}],"wp:attachment":[{"href":"https:\/\/contabilidadecaxias.com.br\/index.php\/wp-json\/wp\/v2\/media?parent=11411"}],"wp:term":[{"taxonomy":"category","embeddable":true,"href":"https:\/\/contabilidadecaxias.com.br\/index.php\/wp-json\/wp\/v2\/categories?post=11411"},{"taxonomy":"post_tag","embeddable":true,"href":"https:\/\/contabilidadecaxias.com.br\/index.php\/wp-json\/wp\/v2\/tags?post=11411"}],"curies":[{"name":"wp","href":"https:\/\/api.w.org\/{rel}","templated":true}]}}