{"id":11381,"date":"2022-06-30T10:02:40","date_gmt":"2022-06-30T13:02:40","guid":{"rendered":"https:\/\/contabilidadecaxias.com.br\/index.php\/2022\/06\/30\/diversidade-e-pluralidade-no-ambiente-de-trabalho-acompanhe-ao-vivo-a-mesa-redonda\/"},"modified":"2022-06-30T10:02:40","modified_gmt":"2022-06-30T13:02:40","slug":"diversidade-e-pluralidade-no-ambiente-de-trabalho-acompanhe-ao-vivo-a-mesa-redonda","status":"publish","type":"post","link":"https:\/\/contabilidadecaxias.com.br\/index.php\/2022\/06\/30\/diversidade-e-pluralidade-no-ambiente-de-trabalho-acompanhe-ao-vivo-a-mesa-redonda\/","title":{"rendered":"Diversidade e pluralidade no ambiente de trabalho: acompanhe ao vivo a mesa-redonda"},"content":{"rendered":"<div class=\"noticia-wrapper\">\n<p><em><\/p>\n<p>Evento vai das 9h30 \u00e0s 12h, com transmiss\u00e3o no canal do TST no YouTube<\/p>\n<p><\/em><\/p>\n<div class=\"social-media-share mobile\">\n        <a class=\"share-facebook\" href=\"https:\/\/www.facebook.com\/sharer.php?u=https:\/\/www.tst.jus.br\/-\/diversidade-e-pluralidade-no-ambiente-de-trabalho-acompanhe-ao-vivo-a-mesa-redonda\" target=\"_blank\" rel=\"noopener\"><\/a><br \/>\n        <a class=\"share-twitter\" href=\"https:\/\/twitter.com\/intent\/tweet?text=Diversidade%20e%20pluralidade%20no%20ambiente%20de%20trabalho:%20acompanhe%20ao%20vivo%20a%20mesa-redonda%0AVeja%20mais%20em:&amp;url=https:\/\/www.tst.jus.br\/-\/diversidade-e-pluralidade-no-ambiente-de-trabalho-acompanhe-ao-vivo-a-mesa-redonda\" target=\"_blank\" rel=\"noopener\"><\/a><br \/>\n        <a class=\"share-linkedin\" href=\"https:\/\/www.linkedin.com\/shareArticle?mini=true&amp;url=https:\/\/www.tst.jus.br\/-\/diversidade-e-pluralidade-no-ambiente-de-trabalho-acompanhe-ao-vivo-a-mesa-redonda&amp;title=Diversidade%20e%20pluralidade%20no%20ambiente%20de%20trabalho:%20acompanhe%20ao%20vivo%20a%20mesa-redonda\" target=\"_blank\" rel=\"noopener\"><\/a><br \/>\n        <a class=\"share-whatsapp\" href=\"https:\/\/web.whatsapp.com\/send?text=https:\/\/www.tst.jus.br\/-\/diversidade-e-pluralidade-no-ambiente-de-trabalho-acompanhe-ao-vivo-a-mesa-redonda\" target=\"_blank\" rel=\"noopener\"><\/a><br \/>\n        <a class=\"share-googleplus\" href=\"https:\/\/plus.google.com\/share?url=https:\/\/www.tst.jus.br\/-\/diversidade-e-pluralidade-no-ambiente-de-trabalho-acompanhe-ao-vivo-a-mesa-redonda\" target=\"_blank\" rel=\"noopener\"><\/a>\n    <\/div>\n<div class=\"news-body\">\n<div class=\"imagem-da-noticia\">\n<div class=\"social-media-share\">\n                    <a class=\"share-facebook\" href=\"https:\/\/www.facebook.com\/sharer.php?u=https:\/\/www.tst.jus.br\/-\/diversidade-e-pluralidade-no-ambiente-de-trabalho-acompanhe-ao-vivo-a-mesa-redonda\" target=\"_blank\" rel=\"noopener\"><\/a><br \/>\n                    <a class=\"share-twitter\" href=\"https:\/\/twitter.com\/intent\/tweet?text=Diversidade%20e%20pluralidade%20no%20ambiente%20de%20trabalho:%20acompanhe%20ao%20vivo%20a%20mesa-redonda%0AVeja%20mais%20em:&amp;url=https:\/\/www.tst.jus.br\/-\/diversidade-e-pluralidade-no-ambiente-de-trabalho-acompanhe-ao-vivo-a-mesa-redonda\" target=\"_blank\" rel=\"noopener\"><\/a><br \/>\n                    <a class=\"share-linkedin\" href=\"https:\/\/www.linkedin.com\/shareArticle?mini=true&amp;url=https:\/\/www.tst.jus.br\/-\/diversidade-e-pluralidade-no-ambiente-de-trabalho-acompanhe-ao-vivo-a-mesa-redonda&amp;title=Diversidade%20e%20pluralidade%20no%20ambiente%20de%20trabalho:%20acompanhe%20ao%20vivo%20a%20mesa-redonda\" target=\"_blank\" rel=\"noopener\"><\/a><br \/>\n                    <a class=\"share-whatsapp\" href=\"https:\/\/web.whatsapp.com\/send?text=https:\/\/www.tst.jus.br\/-\/diversidade-e-pluralidade-no-ambiente-de-trabalho-acompanhe-ao-vivo-a-mesa-redonda\" target=\"_blank\" rel=\"noopener\"><\/a><br \/>\n                    <a class=\"share-googleplus\" href=\"https:\/\/plus.google.com\/share?url=https:\/\/www.tst.jus.br\/-\/diversidade-e-pluralidade-no-ambiente-de-trabalho-acompanhe-ao-vivo-a-mesa-redonda\" target=\"_blank\" rel=\"noopener\"><\/a>\n                <\/div>\n<\/p><\/div>\n<div class=\"materia\">\n<p>30\/06\/22 &#8211; O Tribunal Superior do Trabalho (TST) transmite, das 9h30 \u00e0s 12h desta quinta-feira, em seu canal no YouTube, a mesa-redonda \u00a0\u201cDiversidade e pluralidade no ambiente de trabalho\u201d, em alus\u00e3o ao Dia Internacional do Orgulho LGBTQIA+.\u00a0<\/p>\n<p>Com abertura do presidente do TST, ministro Emmanoel Pereira, o evento conta com a participa\u00e7\u00e3o do juiz Andr\u00e9 Cavalcanti, da Vara de Campina Grande e integrante do Comit\u00ea de Equidade de G\u00eanero, Ra\u00e7a e Diversidade do TRT da 13\u00aa Regi\u00e3o (PB), a desembargadora aposentada Maria Berenice Dias, que atua nas \u00e1reas de direito homoafetivo, fam\u00edlias e sucess\u00f5es, e a designer de conex\u00f5es e CEO da Invest Amaz\u00f4nia Mayra Castro.<\/p>\n<p>Acompanhe:<\/p>\n<div class=\"embed-responsive embed-responsive-16by9\"><\/div>\n<p>\u00a0<\/p>\n<p>Leia mais:<\/p>\n<p>27\/6\/2022 &#8211;\u00a0<a href=\"https:\/\/www.tst.jus.br\/web\/guest\/-\/tst-promove-mesa-redonda-sobre-diversidade-e-pluralidade-no-ambiente-de-trabalho\" target=\"_blank\" rel=\"noopener\">TST promove mesa-redonda sobre diversidade e pluralidade no ambiente de trabalho<\/a><br \/>\n\u00a0<\/p>\n<\/div><\/div>\n<\/div>\n","protected":false},"excerpt":{"rendered":"<p>Evento vai das 9h30 \u00e0s 12h, com transmiss\u00e3o no canal do TST no YouTube 30\/06\/22 &#8211; O Tribunal Superior do Trabalho (TST) transmite, das 9h30 \u00e0s 12h desta quinta-feira, em seu canal no YouTube, a mesa-redonda \u00a0\u201cDiversidade e pluralidade no ambiente de trabalho\u201d, em alus\u00e3o ao Dia Internacional do Orgulho LGBTQIA+.\u00a0 Com abertura do presidente [&hellip;]<\/p>\n","protected":false},"author":0,"featured_media":11382,"comment_status":"open","ping_status":"","sticky":false,"template":"","format":"standard","meta":{"footnotes":""},"categories":[5],"tags":[],"class_list":["post-11381","post","type-post","status-publish","format-standard","has-post-thumbnail","hentry","category-noticias-educacao-financeira"],"blocksy_meta":{"styles_descriptor":{"styles":{"desktop":"","tablet":"","mobile":""},"google_fonts":[],"version":6}},"yoast_head":"<!-- This site is optimized with the Yoast SEO plugin v27.4 - https:\/\/yoast.com\/product\/yoast-seo-wordpress\/ -->\n<title>Diversidade e pluralidade no ambiente de trabalho: acompanhe ao vivo a mesa-redonda - Contabilidade Caxias<\/title>\n<meta name=\"robots\" content=\"index, follow, max-snippet:-1, max-image-preview:large, max-video-preview:-1\" \/>\n<link rel=\"canonical\" href=\"https:\/\/contabilidadecaxias.com.br\/index.php\/2022\/06\/30\/diversidade-e-pluralidade-no-ambiente-de-trabalho-acompanhe-ao-vivo-a-mesa-redonda\/\" \/>\n<meta property=\"og:locale\" content=\"pt_BR\" \/>\n<meta property=\"og:type\" content=\"article\" \/>\n<meta property=\"og:title\" content=\"Diversidade e pluralidade no ambiente de trabalho: acompanhe ao vivo a mesa-redonda - Contabilidade Caxias\" \/>\n<meta property=\"og:description\" content=\"Evento vai das 9h30 \u00e0s 12h, com transmiss\u00e3o no canal do TST no YouTube 30\/06\/22 &#8211; O Tribunal Superior do Trabalho (TST) transmite, das 9h30 \u00e0s 12h desta quinta-feira, em seu canal no YouTube, a mesa-redonda \u00a0\u201cDiversidade e pluralidade no ambiente de trabalho\u201d, em alus\u00e3o ao Dia Internacional do Orgulho LGBTQIA+.\u00a0 Com abertura do presidente [&hellip;]\" \/>\n<meta property=\"og:url\" content=\"https:\/\/contabilidadecaxias.com.br\/index.php\/2022\/06\/30\/diversidade-e-pluralidade-no-ambiente-de-trabalho-acompanhe-ao-vivo-a-mesa-redonda\/\" \/>\n<meta property=\"og:site_name\" content=\"Contabilidade Caxias\" \/>\n<meta property=\"article:published_time\" content=\"2022-06-30T13:02:40+00:00\" \/>\n<meta name=\"twitter:card\" content=\"summary_large_image\" \/>\n<meta name=\"twitter:label1\" content=\"Est. tempo de leitura\" \/>\n\t<meta name=\"twitter:data1\" content=\"1 minuto\" \/>\n<script type=\"application\/ld+json\" class=\"yoast-schema-graph\">{\"@context\":\"https:\\\/\\\/schema.org\",\"@graph\":[{\"@type\":\"Article\",\"@id\":\"https:\\\/\\\/contabilidadecaxias.com.br\\\/index.php\\\/2022\\\/06\\\/30\\\/diversidade-e-pluralidade-no-ambiente-de-trabalho-acompanhe-ao-vivo-a-mesa-redonda\\\/#article\",\"isPartOf\":{\"@id\":\"https:\\\/\\\/contabilidadecaxias.com.br\\\/index.php\\\/2022\\\/06\\\/30\\\/diversidade-e-pluralidade-no-ambiente-de-trabalho-acompanhe-ao-vivo-a-mesa-redonda\\\/\"},\"author\":{\"name\":\"\",\"@id\":\"\"},\"headline\":\"Diversidade e pluralidade no ambiente de trabalho: acompanhe ao vivo a mesa-redonda\",\"datePublished\":\"2022-06-30T13:02:40+00:00\",\"mainEntityOfPage\":{\"@id\":\"https:\\\/\\\/contabilidadecaxias.com.br\\\/index.php\\\/2022\\\/06\\\/30\\\/diversidade-e-pluralidade-no-ambiente-de-trabalho-acompanhe-ao-vivo-a-mesa-redonda\\\/\"},\"wordCount\":155,\"commentCount\":0,\"image\":{\"@id\":\"https:\\\/\\\/contabilidadecaxias.com.br\\\/index.php\\\/2022\\\/06\\\/30\\\/diversidade-e-pluralidade-no-ambiente-de-trabalho-acompanhe-ao-vivo-a-mesa-redonda\\\/#primaryimage\"},\"thumbnailUrl\":\"https:\\\/\\\/contabilidadecaxias.com.br\\\/wp-content\\\/uploads\\\/2022\\\/06\\\/42b32171-dae6-8be6-d9a8-a808ce7a7bfe-iKa6jb.jpeg\",\"articleSection\":[\"Educa\u00e7\u00e3o Financeira\"],\"inLanguage\":\"pt-BR\",\"potentialAction\":[{\"@type\":\"CommentAction\",\"name\":\"Comment\",\"target\":[\"https:\\\/\\\/contabilidadecaxias.com.br\\\/index.php\\\/2022\\\/06\\\/30\\\/diversidade-e-pluralidade-no-ambiente-de-trabalho-acompanhe-ao-vivo-a-mesa-redonda\\\/#respond\"]}]},{\"@type\":\"WebPage\",\"@id\":\"https:\\\/\\\/contabilidadecaxias.com.br\\\/index.php\\\/2022\\\/06\\\/30\\\/diversidade-e-pluralidade-no-ambiente-de-trabalho-acompanhe-ao-vivo-a-mesa-redonda\\\/\",\"url\":\"https:\\\/\\\/contabilidadecaxias.com.br\\\/index.php\\\/2022\\\/06\\\/30\\\/diversidade-e-pluralidade-no-ambiente-de-trabalho-acompanhe-ao-vivo-a-mesa-redonda\\\/\",\"name\":\"Diversidade e pluralidade no ambiente de trabalho: acompanhe ao vivo a mesa-redonda - Contabilidade Caxias\",\"isPartOf\":{\"@id\":\"https:\\\/\\\/contabilidadecaxias.com.br\\\/#website\"},\"primaryImageOfPage\":{\"@id\":\"https:\\\/\\\/contabilidadecaxias.com.br\\\/index.php\\\/2022\\\/06\\\/30\\\/diversidade-e-pluralidade-no-ambiente-de-trabalho-acompanhe-ao-vivo-a-mesa-redonda\\\/#primaryimage\"},\"image\":{\"@id\":\"https:\\\/\\\/contabilidadecaxias.com.br\\\/index.php\\\/2022\\\/06\\\/30\\\/diversidade-e-pluralidade-no-ambiente-de-trabalho-acompanhe-ao-vivo-a-mesa-redonda\\\/#primaryimage\"},\"thumbnailUrl\":\"https:\\\/\\\/contabilidadecaxias.com.br\\\/wp-content\\\/uploads\\\/2022\\\/06\\\/42b32171-dae6-8be6-d9a8-a808ce7a7bfe-iKa6jb.jpeg\",\"datePublished\":\"2022-06-30T13:02:40+00:00\",\"author\":{\"@id\":\"\"},\"breadcrumb\":{\"@id\":\"https:\\\/\\\/contabilidadecaxias.com.br\\\/index.php\\\/2022\\\/06\\\/30\\\/diversidade-e-pluralidade-no-ambiente-de-trabalho-acompanhe-ao-vivo-a-mesa-redonda\\\/#breadcrumb\"},\"inLanguage\":\"pt-BR\",\"potentialAction\":[{\"@type\":\"ReadAction\",\"target\":[\"https:\\\/\\\/contabilidadecaxias.com.br\\\/index.php\\\/2022\\\/06\\\/30\\\/diversidade-e-pluralidade-no-ambiente-de-trabalho-acompanhe-ao-vivo-a-mesa-redonda\\\/\"]}]},{\"@type\":\"ImageObject\",\"inLanguage\":\"pt-BR\",\"@id\":\"https:\\\/\\\/contabilidadecaxias.com.br\\\/index.php\\\/2022\\\/06\\\/30\\\/diversidade-e-pluralidade-no-ambiente-de-trabalho-acompanhe-ao-vivo-a-mesa-redonda\\\/#primaryimage\",\"url\":\"https:\\\/\\\/contabilidadecaxias.com.br\\\/wp-content\\\/uploads\\\/2022\\\/06\\\/42b32171-dae6-8be6-d9a8-a808ce7a7bfe-iKa6jb.jpeg\",\"contentUrl\":\"https:\\\/\\\/contabilidadecaxias.com.br\\\/wp-content\\\/uploads\\\/2022\\\/06\\\/42b32171-dae6-8be6-d9a8-a808ce7a7bfe-iKa6jb.jpeg\",\"width\":1280,\"height\":720},{\"@type\":\"BreadcrumbList\",\"@id\":\"https:\\\/\\\/contabilidadecaxias.com.br\\\/index.php\\\/2022\\\/06\\\/30\\\/diversidade-e-pluralidade-no-ambiente-de-trabalho-acompanhe-ao-vivo-a-mesa-redonda\\\/#breadcrumb\",\"itemListElement\":[{\"@type\":\"ListItem\",\"position\":1,\"name\":\"In\u00edcio\",\"item\":\"https:\\\/\\\/contabilidadecaxias.com.br\\\/\"},{\"@type\":\"ListItem\",\"position\":2,\"name\":\"Diversidade e pluralidade no ambiente de trabalho: acompanhe ao vivo a mesa-redonda\"}]},{\"@type\":\"WebSite\",\"@id\":\"https:\\\/\\\/contabilidadecaxias.com.br\\\/#website\",\"url\":\"https:\\\/\\\/contabilidadecaxias.com.br\\\/\",\"name\":\"Contabilidade Caxias\",\"description\":\"Site especializado em Contabilidade para Caxias.\",\"potentialAction\":[{\"@type\":\"SearchAction\",\"target\":{\"@type\":\"EntryPoint\",\"urlTemplate\":\"https:\\\/\\\/contabilidadecaxias.com.br\\\/?s={search_term_string}\"},\"query-input\":{\"@type\":\"PropertyValueSpecification\",\"valueRequired\":true,\"valueName\":\"search_term_string\"}}],\"inLanguage\":\"pt-BR\"}]}<\/script>\n<!-- \/ Yoast SEO plugin. -->","yoast_head_json":{"title":"Diversidade e pluralidade no ambiente de trabalho: acompanhe ao vivo a mesa-redonda - Contabilidade Caxias","robots":{"index":"index","follow":"follow","max-snippet":"max-snippet:-1","max-image-preview":"max-image-preview:large","max-video-preview":"max-video-preview:-1"},"canonical":"https:\/\/contabilidadecaxias.com.br\/index.php\/2022\/06\/30\/diversidade-e-pluralidade-no-ambiente-de-trabalho-acompanhe-ao-vivo-a-mesa-redonda\/","og_locale":"pt_BR","og_type":"article","og_title":"Diversidade e pluralidade no ambiente de trabalho: acompanhe ao vivo a mesa-redonda - Contabilidade Caxias","og_description":"Evento vai das 9h30 \u00e0s 12h, com transmiss\u00e3o no canal do TST no YouTube 30\/06\/22 &#8211; O Tribunal Superior do Trabalho (TST) transmite, das 9h30 \u00e0s 12h desta quinta-feira, em seu canal no YouTube, a mesa-redonda \u00a0\u201cDiversidade e pluralidade no ambiente de trabalho\u201d, em alus\u00e3o ao Dia Internacional do Orgulho LGBTQIA+.\u00a0 Com abertura do presidente [&hellip;]","og_url":"https:\/\/contabilidadecaxias.com.br\/index.php\/2022\/06\/30\/diversidade-e-pluralidade-no-ambiente-de-trabalho-acompanhe-ao-vivo-a-mesa-redonda\/","og_site_name":"Contabilidade Caxias","article_published_time":"2022-06-30T13:02:40+00:00","twitter_card":"summary_large_image","twitter_misc":{"Est. tempo de leitura":"1 minuto"},"schema":{"@context":"https:\/\/schema.org","@graph":[{"@type":"Article","@id":"https:\/\/contabilidadecaxias.com.br\/index.php\/2022\/06\/30\/diversidade-e-pluralidade-no-ambiente-de-trabalho-acompanhe-ao-vivo-a-mesa-redonda\/#article","isPartOf":{"@id":"https:\/\/contabilidadecaxias.com.br\/index.php\/2022\/06\/30\/diversidade-e-pluralidade-no-ambiente-de-trabalho-acompanhe-ao-vivo-a-mesa-redonda\/"},"author":{"name":"","@id":""},"headline":"Diversidade e pluralidade no ambiente de trabalho: acompanhe ao vivo a mesa-redonda","datePublished":"2022-06-30T13:02:40+00:00","mainEntityOfPage":{"@id":"https:\/\/contabilidadecaxias.com.br\/index.php\/2022\/06\/30\/diversidade-e-pluralidade-no-ambiente-de-trabalho-acompanhe-ao-vivo-a-mesa-redonda\/"},"wordCount":155,"commentCount":0,"image":{"@id":"https:\/\/contabilidadecaxias.com.br\/index.php\/2022\/06\/30\/diversidade-e-pluralidade-no-ambiente-de-trabalho-acompanhe-ao-vivo-a-mesa-redonda\/#primaryimage"},"thumbnailUrl":"https:\/\/contabilidadecaxias.com.br\/wp-content\/uploads\/2022\/06\/42b32171-dae6-8be6-d9a8-a808ce7a7bfe-iKa6jb.jpeg","articleSection":["Educa\u00e7\u00e3o Financeira"],"inLanguage":"pt-BR","potentialAction":[{"@type":"CommentAction","name":"Comment","target":["https:\/\/contabilidadecaxias.com.br\/index.php\/2022\/06\/30\/diversidade-e-pluralidade-no-ambiente-de-trabalho-acompanhe-ao-vivo-a-mesa-redonda\/#respond"]}]},{"@type":"WebPage","@id":"https:\/\/contabilidadecaxias.com.br\/index.php\/2022\/06\/30\/diversidade-e-pluralidade-no-ambiente-de-trabalho-acompanhe-ao-vivo-a-mesa-redonda\/","url":"https:\/\/contabilidadecaxias.com.br\/index.php\/2022\/06\/30\/diversidade-e-pluralidade-no-ambiente-de-trabalho-acompanhe-ao-vivo-a-mesa-redonda\/","name":"Diversidade e pluralidade no ambiente de trabalho: acompanhe ao vivo a mesa-redonda - Contabilidade Caxias","isPartOf":{"@id":"https:\/\/contabilidadecaxias.com.br\/#website"},"primaryImageOfPage":{"@id":"https:\/\/contabilidadecaxias.com.br\/index.php\/2022\/06\/30\/diversidade-e-pluralidade-no-ambiente-de-trabalho-acompanhe-ao-vivo-a-mesa-redonda\/#primaryimage"},"image":{"@id":"https:\/\/contabilidadecaxias.com.br\/index.php\/2022\/06\/30\/diversidade-e-pluralidade-no-ambiente-de-trabalho-acompanhe-ao-vivo-a-mesa-redonda\/#primaryimage"},"thumbnailUrl":"https:\/\/contabilidadecaxias.com.br\/wp-content\/uploads\/2022\/06\/42b32171-dae6-8be6-d9a8-a808ce7a7bfe-iKa6jb.jpeg","datePublished":"2022-06-30T13:02:40+00:00","author":{"@id":""},"breadcrumb":{"@id":"https:\/\/contabilidadecaxias.com.br\/index.php\/2022\/06\/30\/diversidade-e-pluralidade-no-ambiente-de-trabalho-acompanhe-ao-vivo-a-mesa-redonda\/#breadcrumb"},"inLanguage":"pt-BR","potentialAction":[{"@type":"ReadAction","target":["https:\/\/contabilidadecaxias.com.br\/index.php\/2022\/06\/30\/diversidade-e-pluralidade-no-ambiente-de-trabalho-acompanhe-ao-vivo-a-mesa-redonda\/"]}]},{"@type":"ImageObject","inLanguage":"pt-BR","@id":"https:\/\/contabilidadecaxias.com.br\/index.php\/2022\/06\/30\/diversidade-e-pluralidade-no-ambiente-de-trabalho-acompanhe-ao-vivo-a-mesa-redonda\/#primaryimage","url":"https:\/\/contabilidadecaxias.com.br\/wp-content\/uploads\/2022\/06\/42b32171-dae6-8be6-d9a8-a808ce7a7bfe-iKa6jb.jpeg","contentUrl":"https:\/\/contabilidadecaxias.com.br\/wp-content\/uploads\/2022\/06\/42b32171-dae6-8be6-d9a8-a808ce7a7bfe-iKa6jb.jpeg","width":1280,"height":720},{"@type":"BreadcrumbList","@id":"https:\/\/contabilidadecaxias.com.br\/index.php\/2022\/06\/30\/diversidade-e-pluralidade-no-ambiente-de-trabalho-acompanhe-ao-vivo-a-mesa-redonda\/#breadcrumb","itemListElement":[{"@type":"ListItem","position":1,"name":"In\u00edcio","item":"https:\/\/contabilidadecaxias.com.br\/"},{"@type":"ListItem","position":2,"name":"Diversidade e pluralidade no ambiente de trabalho: acompanhe ao vivo a mesa-redonda"}]},{"@type":"WebSite","@id":"https:\/\/contabilidadecaxias.com.br\/#website","url":"https:\/\/contabilidadecaxias.com.br\/","name":"Contabilidade Caxias","description":"Site especializado em Contabilidade para Caxias.","potentialAction":[{"@type":"SearchAction","target":{"@type":"EntryPoint","urlTemplate":"https:\/\/contabilidadecaxias.com.br\/?s={search_term_string}"},"query-input":{"@type":"PropertyValueSpecification","valueRequired":true,"valueName":"search_term_string"}}],"inLanguage":"pt-BR"}]}},"_links":{"self":[{"href":"https:\/\/contabilidadecaxias.com.br\/index.php\/wp-json\/wp\/v2\/posts\/11381","targetHints":{"allow":["GET"]}}],"collection":[{"href":"https:\/\/contabilidadecaxias.com.br\/index.php\/wp-json\/wp\/v2\/posts"}],"about":[{"href":"https:\/\/contabilidadecaxias.com.br\/index.php\/wp-json\/wp\/v2\/types\/post"}],"replies":[{"embeddable":true,"href":"https:\/\/contabilidadecaxias.com.br\/index.php\/wp-json\/wp\/v2\/comments?post=11381"}],"version-history":[{"count":0,"href":"https:\/\/contabilidadecaxias.com.br\/index.php\/wp-json\/wp\/v2\/posts\/11381\/revisions"}],"wp:featuredmedia":[{"embeddable":true,"href":"https:\/\/contabilidadecaxias.com.br\/index.php\/wp-json\/wp\/v2\/media\/11382"}],"wp:attachment":[{"href":"https:\/\/contabilidadecaxias.com.br\/index.php\/wp-json\/wp\/v2\/media?parent=11381"}],"wp:term":[{"taxonomy":"category","embeddable":true,"href":"https:\/\/contabilidadecaxias.com.br\/index.php\/wp-json\/wp\/v2\/categories?post=11381"},{"taxonomy":"post_tag","embeddable":true,"href":"https:\/\/contabilidadecaxias.com.br\/index.php\/wp-json\/wp\/v2\/tags?post=11381"}],"curies":[{"name":"wp","href":"https:\/\/api.w.org\/{rel}","templated":true}]}}