{"id":11375,"date":"2022-06-29T21:02:29","date_gmt":"2022-06-30T00:02:29","guid":{"rendered":"https:\/\/contabilidadecaxias.com.br\/index.php\/2022\/06\/29\/presidente-do-tst-recebe-comitiva-internacional-de-juristas\/"},"modified":"2022-06-29T21:02:29","modified_gmt":"2022-06-30T00:02:29","slug":"presidente-do-tst-recebe-comitiva-internacional-de-juristas","status":"publish","type":"post","link":"https:\/\/contabilidadecaxias.com.br\/index.php\/2022\/06\/29\/presidente-do-tst-recebe-comitiva-internacional-de-juristas\/","title":{"rendered":"Presidente do TST recebe comitiva internacional de juristas"},"content":{"rendered":"<div class=\"noticia-wrapper\">\n<p><em><\/p>\n<p>Entre outros assuntos, o ministro Emmanoel Pereira explicou o funcionamento da Justi\u00e7a do Trabalho<\/p>\n<p><\/em><\/p>\n<div class=\"social-media-share mobile\">\n        <a class=\"share-facebook\" href=\"https:\/\/www.facebook.com\/sharer.php?u=https:\/\/www.tst.jus.br\/-\/presidente-do-tst-recebe-comitiva-internacional-de-juristas\" target=\"_blank\" rel=\"noopener\"><\/a><br \/>\n        <a class=\"share-twitter\" href=\"https:\/\/twitter.com\/intent\/tweet?text=Presidente%20do%20TST%20recebe%20comitiva%20internacional%20de%20juristas%0AVeja%20mais%20em:&amp;url=https:\/\/www.tst.jus.br\/-\/presidente-do-tst-recebe-comitiva-internacional-de-juristas\" target=\"_blank\" rel=\"noopener\"><\/a><br \/>\n        <a class=\"share-linkedin\" href=\"https:\/\/www.linkedin.com\/shareArticle?mini=true&amp;url=https:\/\/www.tst.jus.br\/-\/presidente-do-tst-recebe-comitiva-internacional-de-juristas&amp;title=Presidente%20do%20TST%20recebe%20comitiva%20internacional%20de%20juristas\" target=\"_blank\" rel=\"noopener\"><\/a><br \/>\n        <a class=\"share-whatsapp\" href=\"https:\/\/web.whatsapp.com\/send?text=https:\/\/www.tst.jus.br\/-\/presidente-do-tst-recebe-comitiva-internacional-de-juristas\" target=\"_blank\" rel=\"noopener\"><\/a><br \/>\n        <a class=\"share-googleplus\" href=\"https:\/\/plus.google.com\/share?url=https:\/\/www.tst.jus.br\/-\/presidente-do-tst-recebe-comitiva-internacional-de-juristas\" target=\"_blank\" rel=\"noopener\"><\/a>\n    <\/div>\n<div class=\"news-body\">\n<div class=\"imagem-da-noticia\">\n<div class=\"social-media-share\">\n                    <a class=\"share-facebook\" href=\"https:\/\/www.facebook.com\/sharer.php?u=https:\/\/www.tst.jus.br\/-\/presidente-do-tst-recebe-comitiva-internacional-de-juristas\" target=\"_blank\" rel=\"noopener\"><\/a><br \/>\n                    <a class=\"share-twitter\" href=\"https:\/\/twitter.com\/intent\/tweet?text=Presidente%20do%20TST%20recebe%20comitiva%20internacional%20de%20juristas%0AVeja%20mais%20em:&amp;url=https:\/\/www.tst.jus.br\/-\/presidente-do-tst-recebe-comitiva-internacional-de-juristas\" target=\"_blank\" rel=\"noopener\"><\/a><br \/>\n                    <a class=\"share-linkedin\" href=\"https:\/\/www.linkedin.com\/shareArticle?mini=true&amp;url=https:\/\/www.tst.jus.br\/-\/presidente-do-tst-recebe-comitiva-internacional-de-juristas&amp;title=Presidente%20do%20TST%20recebe%20comitiva%20internacional%20de%20juristas\" target=\"_blank\" rel=\"noopener\"><\/a><br \/>\n                    <a class=\"share-whatsapp\" href=\"https:\/\/web.whatsapp.com\/send?text=https:\/\/www.tst.jus.br\/-\/presidente-do-tst-recebe-comitiva-internacional-de-juristas\" target=\"_blank\" rel=\"noopener\"><\/a><br \/>\n                    <a class=\"share-googleplus\" href=\"https:\/\/plus.google.com\/share?url=https:\/\/www.tst.jus.br\/-\/presidente-do-tst-recebe-comitiva-internacional-de-juristas\" target=\"_blank\" rel=\"noopener\"><\/a>\n                <\/div>\n<\/p><\/div>\n<div class=\"materia\">\n<p>29\/06\/22 &#8211; O presidente do Tribunal Superior do Trabalho (TST) e do Conselho Superior da Justi\u00e7a do Trabalho (CSJT), ministro Emmanoel Pereira, recebeu, na tarde desta quarta-feira (29), a visita de juristas estrangeiros que participaram do \u201cSemin\u00e1rio Internacional Brasil-Uni\u00e3o Europeia &#8211; Interc\u00e2mbio de experi\u00eancias em e-Justice\u201d, promovido pelo Conselho Nacional de Justi\u00e7a (CNJ) na ter\u00e7a-feira (28). A comitiva, formada pelo magistrado Gero Meinen, pelo professor de Legisla\u00e7\u00e3o Europeia da Universidade de Viena, Erich Schweighofer, pelo juiz auxiliar da Presid\u00eancia do CNJ, Anderson de Paiva, e pelo diretor do Departamento de Pesquisas Judici\u00e1rias do CNJ, Wilfredo Pacheco, est\u00e1 no Brasil h\u00e1 quatro dias.\u00a0<\/p>\n<p>O encontro proporcionou um interc\u00e2mbio de informa\u00e7\u00f5es sobre os sistemas judici\u00e1rios do Brasil, da Alemanha e da \u00c1ustria. Durante a visita, o ministro Emmanoel Pereira explicou o funcionamento da Justi\u00e7a do Trabalho brasileira e destacou a ado\u00e7\u00e3o oficial do lema que fortalece a voca\u00e7\u00e3o do TST como \u2018O Tribunal da Justi\u00e7a Social\u2019. \u201cA Justi\u00e7a do Trabalho \u00e9 o segmento do Judici\u00e1rio mais pr\u00f3ximo dos anseios da popula\u00e7\u00e3o. Portanto, \u00e9 imprescind\u00edvel a constante busca por equil\u00edbrio, empatia, di\u00e1logo, igualdade, respeito e compreens\u00e3o, nesse contexto de relacionamento social t\u00e3o diverso e plural\u201d, disse aos convidados.\u00a0<\/p>\n<p>O presidente do TST tamb\u00e9m falou das prioridades de sua gest\u00e3o, tais como as pol\u00edticas de inclus\u00e3o no \u00e2mbito do TST. Ele citou a recente contrata\u00e7\u00e3o de jovens com s\u00edndrome de down para trabalharem no tribunal, fato que impressionou positivamente Gero Meinen. \u201cNa Alemanha, n\u00e3o temos essa percep\u00e7\u00e3o t\u00e3o v\u00edvida do que \u00e9 praticado aqui no TST\u201d, observou o magistrado europeu.<\/p>\n<h4>Equil\u00edbrio de g\u00eanero<\/h4>\n<p>Outro assunto debatido foi o equil\u00edbrio de g\u00eanero nos postos mais altos do poder como um todo. Segundo Gero Meinen, tanto Brasil quanto Alemanha convivem com a mesma realidade. \u201c\u00c0 medida que a carreira evolui na magistratura, h\u00e1 um desequil\u00edbrio de representatividade. Com isso, os homens acabam tendo mais posi\u00e7\u00f5es nos n\u00edveis superiores do que as mulheres. Temos que procurar mitigar isso na medida em que as mulheres representam mais de 50% da sociedade\u201d, afirmou.<\/p>\n<p>Ap\u00f3s o bate-papo, o ministro Emmanoel Pereira acompanhou os convidados em um passeio pelos espa\u00e7os do TST. A comitiva conheceu o jardim suspenso, localizado no sexto andar do bloco B, al\u00e9m do Plen\u00e1rio Arnaldo Lopes S\u00fcssekind, no t\u00e9rreo.\u00a0<\/p>\n<p>(RT\/GS\/MF)<\/p>\n<\/div><\/div>\n<\/div>\n","protected":false},"excerpt":{"rendered":"<p>Entre outros assuntos, o ministro Emmanoel Pereira explicou o funcionamento da Justi\u00e7a do Trabalho 29\/06\/22 &#8211; O presidente do Tribunal Superior do Trabalho (TST) e do Conselho Superior da Justi\u00e7a do Trabalho (CSJT), ministro Emmanoel Pereira, recebeu, na tarde desta quarta-feira (29), a visita de juristas estrangeiros que participaram do \u201cSemin\u00e1rio Internacional Brasil-Uni\u00e3o Europeia &#8211; [&hellip;]<\/p>\n","protected":false},"author":0,"featured_media":11376,"comment_status":"open","ping_status":"","sticky":false,"template":"","format":"standard","meta":{"footnotes":""},"categories":[5],"tags":[],"class_list":["post-11375","post","type-post","status-publish","format-standard","has-post-thumbnail","hentry","category-noticias-educacao-financeira"],"blocksy_meta":{"styles_descriptor":{"styles":{"desktop":"","tablet":"","mobile":""},"google_fonts":[],"version":6}},"yoast_head":"<!-- This site is optimized with the Yoast SEO plugin v27.4 - https:\/\/yoast.com\/product\/yoast-seo-wordpress\/ -->\n<title>Presidente do TST recebe comitiva internacional de juristas - Contabilidade Caxias<\/title>\n<meta name=\"robots\" content=\"index, follow, max-snippet:-1, max-image-preview:large, max-video-preview:-1\" \/>\n<link rel=\"canonical\" href=\"https:\/\/contabilidadecaxias.com.br\/index.php\/2022\/06\/29\/presidente-do-tst-recebe-comitiva-internacional-de-juristas\/\" \/>\n<meta property=\"og:locale\" content=\"pt_BR\" \/>\n<meta property=\"og:type\" content=\"article\" \/>\n<meta property=\"og:title\" content=\"Presidente do TST recebe comitiva internacional de juristas - Contabilidade Caxias\" \/>\n<meta property=\"og:description\" content=\"Entre outros assuntos, o ministro Emmanoel Pereira explicou o funcionamento da Justi\u00e7a do Trabalho 29\/06\/22 &#8211; O presidente do Tribunal Superior do Trabalho (TST) e do Conselho Superior da Justi\u00e7a do Trabalho (CSJT), ministro Emmanoel Pereira, recebeu, na tarde desta quarta-feira (29), a visita de juristas estrangeiros que participaram do \u201cSemin\u00e1rio Internacional Brasil-Uni\u00e3o Europeia &#8211; [&hellip;]\" \/>\n<meta property=\"og:url\" content=\"https:\/\/contabilidadecaxias.com.br\/index.php\/2022\/06\/29\/presidente-do-tst-recebe-comitiva-internacional-de-juristas\/\" \/>\n<meta property=\"og:site_name\" content=\"Contabilidade Caxias\" \/>\n<meta property=\"article:published_time\" content=\"2022-06-30T00:02:29+00:00\" \/>\n<meta name=\"twitter:card\" content=\"summary_large_image\" \/>\n<meta name=\"twitter:label1\" content=\"Est. tempo de leitura\" \/>\n\t<meta name=\"twitter:data1\" content=\"2 minutos\" \/>\n<script type=\"application\/ld+json\" class=\"yoast-schema-graph\">{\"@context\":\"https:\\\/\\\/schema.org\",\"@graph\":[{\"@type\":\"Article\",\"@id\":\"https:\\\/\\\/contabilidadecaxias.com.br\\\/index.php\\\/2022\\\/06\\\/29\\\/presidente-do-tst-recebe-comitiva-internacional-de-juristas\\\/#article\",\"isPartOf\":{\"@id\":\"https:\\\/\\\/contabilidadecaxias.com.br\\\/index.php\\\/2022\\\/06\\\/29\\\/presidente-do-tst-recebe-comitiva-internacional-de-juristas\\\/\"},\"author\":{\"name\":\"\",\"@id\":\"\"},\"headline\":\"Presidente do TST recebe comitiva internacional de juristas\",\"datePublished\":\"2022-06-30T00:02:29+00:00\",\"mainEntityOfPage\":{\"@id\":\"https:\\\/\\\/contabilidadecaxias.com.br\\\/index.php\\\/2022\\\/06\\\/29\\\/presidente-do-tst-recebe-comitiva-internacional-de-juristas\\\/\"},\"wordCount\":439,\"commentCount\":0,\"image\":{\"@id\":\"https:\\\/\\\/contabilidadecaxias.com.br\\\/index.php\\\/2022\\\/06\\\/29\\\/presidente-do-tst-recebe-comitiva-internacional-de-juristas\\\/#primaryimage\"},\"thumbnailUrl\":\"https:\\\/\\\/contabilidadecaxias.com.br\\\/wp-content\\\/uploads\\\/2022\\\/06\\\/9d1d62f5-1be8-1f99-1804-114e78ea1e67-G59agE.jpeg\",\"articleSection\":[\"Educa\u00e7\u00e3o Financeira\"],\"inLanguage\":\"pt-BR\",\"potentialAction\":[{\"@type\":\"CommentAction\",\"name\":\"Comment\",\"target\":[\"https:\\\/\\\/contabilidadecaxias.com.br\\\/index.php\\\/2022\\\/06\\\/29\\\/presidente-do-tst-recebe-comitiva-internacional-de-juristas\\\/#respond\"]}]},{\"@type\":\"WebPage\",\"@id\":\"https:\\\/\\\/contabilidadecaxias.com.br\\\/index.php\\\/2022\\\/06\\\/29\\\/presidente-do-tst-recebe-comitiva-internacional-de-juristas\\\/\",\"url\":\"https:\\\/\\\/contabilidadecaxias.com.br\\\/index.php\\\/2022\\\/06\\\/29\\\/presidente-do-tst-recebe-comitiva-internacional-de-juristas\\\/\",\"name\":\"Presidente do TST recebe comitiva internacional de juristas - Contabilidade Caxias\",\"isPartOf\":{\"@id\":\"https:\\\/\\\/contabilidadecaxias.com.br\\\/#website\"},\"primaryImageOfPage\":{\"@id\":\"https:\\\/\\\/contabilidadecaxias.com.br\\\/index.php\\\/2022\\\/06\\\/29\\\/presidente-do-tst-recebe-comitiva-internacional-de-juristas\\\/#primaryimage\"},\"image\":{\"@id\":\"https:\\\/\\\/contabilidadecaxias.com.br\\\/index.php\\\/2022\\\/06\\\/29\\\/presidente-do-tst-recebe-comitiva-internacional-de-juristas\\\/#primaryimage\"},\"thumbnailUrl\":\"https:\\\/\\\/contabilidadecaxias.com.br\\\/wp-content\\\/uploads\\\/2022\\\/06\\\/9d1d62f5-1be8-1f99-1804-114e78ea1e67-G59agE.jpeg\",\"datePublished\":\"2022-06-30T00:02:29+00:00\",\"author\":{\"@id\":\"\"},\"breadcrumb\":{\"@id\":\"https:\\\/\\\/contabilidadecaxias.com.br\\\/index.php\\\/2022\\\/06\\\/29\\\/presidente-do-tst-recebe-comitiva-internacional-de-juristas\\\/#breadcrumb\"},\"inLanguage\":\"pt-BR\",\"potentialAction\":[{\"@type\":\"ReadAction\",\"target\":[\"https:\\\/\\\/contabilidadecaxias.com.br\\\/index.php\\\/2022\\\/06\\\/29\\\/presidente-do-tst-recebe-comitiva-internacional-de-juristas\\\/\"]}]},{\"@type\":\"ImageObject\",\"inLanguage\":\"pt-BR\",\"@id\":\"https:\\\/\\\/contabilidadecaxias.com.br\\\/index.php\\\/2022\\\/06\\\/29\\\/presidente-do-tst-recebe-comitiva-internacional-de-juristas\\\/#primaryimage\",\"url\":\"https:\\\/\\\/contabilidadecaxias.com.br\\\/wp-content\\\/uploads\\\/2022\\\/06\\\/9d1d62f5-1be8-1f99-1804-114e78ea1e67-G59agE.jpeg\",\"contentUrl\":\"https:\\\/\\\/contabilidadecaxias.com.br\\\/wp-content\\\/uploads\\\/2022\\\/06\\\/9d1d62f5-1be8-1f99-1804-114e78ea1e67-G59agE.jpeg\",\"width\":1000,\"height\":667},{\"@type\":\"BreadcrumbList\",\"@id\":\"https:\\\/\\\/contabilidadecaxias.com.br\\\/index.php\\\/2022\\\/06\\\/29\\\/presidente-do-tst-recebe-comitiva-internacional-de-juristas\\\/#breadcrumb\",\"itemListElement\":[{\"@type\":\"ListItem\",\"position\":1,\"name\":\"In\u00edcio\",\"item\":\"https:\\\/\\\/contabilidadecaxias.com.br\\\/\"},{\"@type\":\"ListItem\",\"position\":2,\"name\":\"Presidente do TST recebe comitiva internacional de juristas\"}]},{\"@type\":\"WebSite\",\"@id\":\"https:\\\/\\\/contabilidadecaxias.com.br\\\/#website\",\"url\":\"https:\\\/\\\/contabilidadecaxias.com.br\\\/\",\"name\":\"Contabilidade Caxias\",\"description\":\"Site especializado em Contabilidade para Caxias.\",\"potentialAction\":[{\"@type\":\"SearchAction\",\"target\":{\"@type\":\"EntryPoint\",\"urlTemplate\":\"https:\\\/\\\/contabilidadecaxias.com.br\\\/?s={search_term_string}\"},\"query-input\":{\"@type\":\"PropertyValueSpecification\",\"valueRequired\":true,\"valueName\":\"search_term_string\"}}],\"inLanguage\":\"pt-BR\"}]}<\/script>\n<!-- \/ Yoast SEO plugin. -->","yoast_head_json":{"title":"Presidente do TST recebe comitiva internacional de juristas - Contabilidade Caxias","robots":{"index":"index","follow":"follow","max-snippet":"max-snippet:-1","max-image-preview":"max-image-preview:large","max-video-preview":"max-video-preview:-1"},"canonical":"https:\/\/contabilidadecaxias.com.br\/index.php\/2022\/06\/29\/presidente-do-tst-recebe-comitiva-internacional-de-juristas\/","og_locale":"pt_BR","og_type":"article","og_title":"Presidente do TST recebe comitiva internacional de juristas - Contabilidade Caxias","og_description":"Entre outros assuntos, o ministro Emmanoel Pereira explicou o funcionamento da Justi\u00e7a do Trabalho 29\/06\/22 &#8211; O presidente do Tribunal Superior do Trabalho (TST) e do Conselho Superior da Justi\u00e7a do Trabalho (CSJT), ministro Emmanoel Pereira, recebeu, na tarde desta quarta-feira (29), a visita de juristas estrangeiros que participaram do \u201cSemin\u00e1rio Internacional Brasil-Uni\u00e3o Europeia &#8211; [&hellip;]","og_url":"https:\/\/contabilidadecaxias.com.br\/index.php\/2022\/06\/29\/presidente-do-tst-recebe-comitiva-internacional-de-juristas\/","og_site_name":"Contabilidade Caxias","article_published_time":"2022-06-30T00:02:29+00:00","twitter_card":"summary_large_image","twitter_misc":{"Est. tempo de leitura":"2 minutos"},"schema":{"@context":"https:\/\/schema.org","@graph":[{"@type":"Article","@id":"https:\/\/contabilidadecaxias.com.br\/index.php\/2022\/06\/29\/presidente-do-tst-recebe-comitiva-internacional-de-juristas\/#article","isPartOf":{"@id":"https:\/\/contabilidadecaxias.com.br\/index.php\/2022\/06\/29\/presidente-do-tst-recebe-comitiva-internacional-de-juristas\/"},"author":{"name":"","@id":""},"headline":"Presidente do TST recebe comitiva internacional de juristas","datePublished":"2022-06-30T00:02:29+00:00","mainEntityOfPage":{"@id":"https:\/\/contabilidadecaxias.com.br\/index.php\/2022\/06\/29\/presidente-do-tst-recebe-comitiva-internacional-de-juristas\/"},"wordCount":439,"commentCount":0,"image":{"@id":"https:\/\/contabilidadecaxias.com.br\/index.php\/2022\/06\/29\/presidente-do-tst-recebe-comitiva-internacional-de-juristas\/#primaryimage"},"thumbnailUrl":"https:\/\/contabilidadecaxias.com.br\/wp-content\/uploads\/2022\/06\/9d1d62f5-1be8-1f99-1804-114e78ea1e67-G59agE.jpeg","articleSection":["Educa\u00e7\u00e3o Financeira"],"inLanguage":"pt-BR","potentialAction":[{"@type":"CommentAction","name":"Comment","target":["https:\/\/contabilidadecaxias.com.br\/index.php\/2022\/06\/29\/presidente-do-tst-recebe-comitiva-internacional-de-juristas\/#respond"]}]},{"@type":"WebPage","@id":"https:\/\/contabilidadecaxias.com.br\/index.php\/2022\/06\/29\/presidente-do-tst-recebe-comitiva-internacional-de-juristas\/","url":"https:\/\/contabilidadecaxias.com.br\/index.php\/2022\/06\/29\/presidente-do-tst-recebe-comitiva-internacional-de-juristas\/","name":"Presidente do TST recebe comitiva internacional de juristas - Contabilidade Caxias","isPartOf":{"@id":"https:\/\/contabilidadecaxias.com.br\/#website"},"primaryImageOfPage":{"@id":"https:\/\/contabilidadecaxias.com.br\/index.php\/2022\/06\/29\/presidente-do-tst-recebe-comitiva-internacional-de-juristas\/#primaryimage"},"image":{"@id":"https:\/\/contabilidadecaxias.com.br\/index.php\/2022\/06\/29\/presidente-do-tst-recebe-comitiva-internacional-de-juristas\/#primaryimage"},"thumbnailUrl":"https:\/\/contabilidadecaxias.com.br\/wp-content\/uploads\/2022\/06\/9d1d62f5-1be8-1f99-1804-114e78ea1e67-G59agE.jpeg","datePublished":"2022-06-30T00:02:29+00:00","author":{"@id":""},"breadcrumb":{"@id":"https:\/\/contabilidadecaxias.com.br\/index.php\/2022\/06\/29\/presidente-do-tst-recebe-comitiva-internacional-de-juristas\/#breadcrumb"},"inLanguage":"pt-BR","potentialAction":[{"@type":"ReadAction","target":["https:\/\/contabilidadecaxias.com.br\/index.php\/2022\/06\/29\/presidente-do-tst-recebe-comitiva-internacional-de-juristas\/"]}]},{"@type":"ImageObject","inLanguage":"pt-BR","@id":"https:\/\/contabilidadecaxias.com.br\/index.php\/2022\/06\/29\/presidente-do-tst-recebe-comitiva-internacional-de-juristas\/#primaryimage","url":"https:\/\/contabilidadecaxias.com.br\/wp-content\/uploads\/2022\/06\/9d1d62f5-1be8-1f99-1804-114e78ea1e67-G59agE.jpeg","contentUrl":"https:\/\/contabilidadecaxias.com.br\/wp-content\/uploads\/2022\/06\/9d1d62f5-1be8-1f99-1804-114e78ea1e67-G59agE.jpeg","width":1000,"height":667},{"@type":"BreadcrumbList","@id":"https:\/\/contabilidadecaxias.com.br\/index.php\/2022\/06\/29\/presidente-do-tst-recebe-comitiva-internacional-de-juristas\/#breadcrumb","itemListElement":[{"@type":"ListItem","position":1,"name":"In\u00edcio","item":"https:\/\/contabilidadecaxias.com.br\/"},{"@type":"ListItem","position":2,"name":"Presidente do TST recebe comitiva internacional de juristas"}]},{"@type":"WebSite","@id":"https:\/\/contabilidadecaxias.com.br\/#website","url":"https:\/\/contabilidadecaxias.com.br\/","name":"Contabilidade Caxias","description":"Site especializado em Contabilidade para Caxias.","potentialAction":[{"@type":"SearchAction","target":{"@type":"EntryPoint","urlTemplate":"https:\/\/contabilidadecaxias.com.br\/?s={search_term_string}"},"query-input":{"@type":"PropertyValueSpecification","valueRequired":true,"valueName":"search_term_string"}}],"inLanguage":"pt-BR"}]}},"_links":{"self":[{"href":"https:\/\/contabilidadecaxias.com.br\/index.php\/wp-json\/wp\/v2\/posts\/11375","targetHints":{"allow":["GET"]}}],"collection":[{"href":"https:\/\/contabilidadecaxias.com.br\/index.php\/wp-json\/wp\/v2\/posts"}],"about":[{"href":"https:\/\/contabilidadecaxias.com.br\/index.php\/wp-json\/wp\/v2\/types\/post"}],"replies":[{"embeddable":true,"href":"https:\/\/contabilidadecaxias.com.br\/index.php\/wp-json\/wp\/v2\/comments?post=11375"}],"version-history":[{"count":0,"href":"https:\/\/contabilidadecaxias.com.br\/index.php\/wp-json\/wp\/v2\/posts\/11375\/revisions"}],"wp:featuredmedia":[{"embeddable":true,"href":"https:\/\/contabilidadecaxias.com.br\/index.php\/wp-json\/wp\/v2\/media\/11376"}],"wp:attachment":[{"href":"https:\/\/contabilidadecaxias.com.br\/index.php\/wp-json\/wp\/v2\/media?parent=11375"}],"wp:term":[{"taxonomy":"category","embeddable":true,"href":"https:\/\/contabilidadecaxias.com.br\/index.php\/wp-json\/wp\/v2\/categories?post=11375"},{"taxonomy":"post_tag","embeddable":true,"href":"https:\/\/contabilidadecaxias.com.br\/index.php\/wp-json\/wp\/v2\/tags?post=11375"}],"curies":[{"name":"wp","href":"https:\/\/api.w.org\/{rel}","templated":true}]}}