{"id":11341,"date":"2022-06-28T16:06:25","date_gmt":"2022-06-28T19:06:25","guid":{"rendered":"https:\/\/contabilidadecaxias.com.br\/index.php\/2022\/06\/28\/mantida-extincao-de-acao-de-empresa-para-ressarcir-prejuizo-causado-por-gerente\/"},"modified":"2022-06-28T16:06:25","modified_gmt":"2022-06-28T19:06:25","slug":"mantida-extincao-de-acao-de-empresa-para-ressarcir-prejuizo-causado-por-gerente","status":"publish","type":"post","link":"https:\/\/contabilidadecaxias.com.br\/index.php\/2022\/06\/28\/mantida-extincao-de-acao-de-empresa-para-ressarcir-prejuizo-causado-por-gerente\/","title":{"rendered":"Mantida extin\u00e7\u00e3o de a\u00e7\u00e3o de empresa para ressarcir preju\u00edzo causado por gerente"},"content":{"rendered":"<div class=\"noticia-wrapper\">\n<p><em><\/p>\n<p>Para a 2\u00aa Turma, a prescri\u00e7\u00e3o aplicada ao caso \u00e9 a trabalhista, de dois anos<\/p>\n<p><\/em><\/p>\n<div class=\"social-media-share mobile\">\n        <a class=\"share-facebook\" href=\"https:\/\/www.facebook.com\/sharer.php?u=https:\/\/www.tst.jus.br\/-\/mantida-extin%C3%A7%C3%A3o-de-a%C3%A7%C3%A3o-de-empresa-para-ressarcir-preju%C3%ADzo-causado-por-gerente\" target=\"_blank\" rel=\"noopener\"><\/a><br \/>\n        <a class=\"share-twitter\" href=\"https:\/\/twitter.com\/intent\/tweet?text=Mantida%20extin%C3%A7%C3%A3o%20de%20a%C3%A7%C3%A3o%20de%20empresa%20para%20ressarcir%20preju%C3%ADzo%20causado%20por%20gerente%0AVeja%20mais%20em:&amp;url=https:\/\/www.tst.jus.br\/-\/mantida-extin%C3%A7%C3%A3o-de-a%C3%A7%C3%A3o-de-empresa-para-ressarcir-preju%C3%ADzo-causado-por-gerente\" target=\"_blank\" rel=\"noopener\"><\/a><br \/>\n        <a class=\"share-linkedin\" href=\"https:\/\/www.linkedin.com\/shareArticle?mini=true&amp;url=https:\/\/www.tst.jus.br\/-\/mantida-extin%C3%A7%C3%A3o-de-a%C3%A7%C3%A3o-de-empresa-para-ressarcir-preju%C3%ADzo-causado-por-gerente&amp;title=Mantida%20extin%C3%A7%C3%A3o%20de%20a%C3%A7%C3%A3o%20de%20empresa%20para%20ressarcir%20preju%C3%ADzo%20causado%20por%20gerente\" target=\"_blank\" rel=\"noopener\"><\/a><br \/>\n        <a class=\"share-whatsapp\" href=\"https:\/\/web.whatsapp.com\/send?text=https:\/\/www.tst.jus.br\/-\/mantida-extin%C3%A7%C3%A3o-de-a%C3%A7%C3%A3o-de-empresa-para-ressarcir-preju%C3%ADzo-causado-por-gerente\" target=\"_blank\" rel=\"noopener\"><\/a><br \/>\n        <a class=\"share-googleplus\" href=\"https:\/\/plus.google.com\/share?url=https:\/\/www.tst.jus.br\/-\/mantida-extin%C3%A7%C3%A3o-de-a%C3%A7%C3%A3o-de-empresa-para-ressarcir-preju%C3%ADzo-causado-por-gerente\" target=\"_blank\" rel=\"noopener\"><\/a>\n    <\/div>\n<div class=\"news-body\">\n<div class=\"imagem-da-noticia\">\n<p>Ministro Jos\u00e9 Roberto Pimenta<\/p>\n<div class=\"social-media-share\">\n                    <a class=\"share-facebook\" href=\"https:\/\/www.facebook.com\/sharer.php?u=https:\/\/www.tst.jus.br\/-\/mantida-extin%C3%A7%C3%A3o-de-a%C3%A7%C3%A3o-de-empresa-para-ressarcir-preju%C3%ADzo-causado-por-gerente\" target=\"_blank\" rel=\"noopener\"><\/a><br \/>\n                    <a class=\"share-twitter\" href=\"https:\/\/twitter.com\/intent\/tweet?text=Mantida%20extin%C3%A7%C3%A3o%20de%20a%C3%A7%C3%A3o%20de%20empresa%20para%20ressarcir%20preju%C3%ADzo%20causado%20por%20gerente%0AVeja%20mais%20em:&amp;url=https:\/\/www.tst.jus.br\/-\/mantida-extin%C3%A7%C3%A3o-de-a%C3%A7%C3%A3o-de-empresa-para-ressarcir-preju%C3%ADzo-causado-por-gerente\" target=\"_blank\" rel=\"noopener\"><\/a><br \/>\n                    <a class=\"share-linkedin\" href=\"https:\/\/www.linkedin.com\/shareArticle?mini=true&amp;url=https:\/\/www.tst.jus.br\/-\/mantida-extin%C3%A7%C3%A3o-de-a%C3%A7%C3%A3o-de-empresa-para-ressarcir-preju%C3%ADzo-causado-por-gerente&amp;title=Mantida%20extin%C3%A7%C3%A3o%20de%20a%C3%A7%C3%A3o%20de%20empresa%20para%20ressarcir%20preju%C3%ADzo%20causado%20por%20gerente\" target=\"_blank\" rel=\"noopener\"><\/a><br \/>\n                    <a class=\"share-whatsapp\" href=\"https:\/\/web.whatsapp.com\/send?text=https:\/\/www.tst.jus.br\/-\/mantida-extin%C3%A7%C3%A3o-de-a%C3%A7%C3%A3o-de-empresa-para-ressarcir-preju%C3%ADzo-causado-por-gerente\" target=\"_blank\" rel=\"noopener\"><\/a><br \/>\n                    <a class=\"share-googleplus\" href=\"https:\/\/plus.google.com\/share?url=https:\/\/www.tst.jus.br\/-\/mantida-extin%C3%A7%C3%A3o-de-a%C3%A7%C3%A3o-de-empresa-para-ressarcir-preju%C3%ADzo-causado-por-gerente\" target=\"_blank\" rel=\"noopener\"><\/a>\n                <\/div>\n<\/p><\/div>\n<div class=\"materia\">\n<p>28\/06\/22 &#8211; A Segunda Turma do Tribunal Superior do Trabalho rejeitou o recurso da Companhia de Desenvolvimento Agr\u00edcola de Santa Catarina (Cidasc) contra decis\u00e3o que considerou prescrito seu direito de buscar, mediante a\u00e7\u00e3o regressiva, ser ressarcida do valor da indeniza\u00e7\u00e3o paga a um agricultor em raz\u00e3o da suposta omiss\u00e3o de um gerente regional. Segundo o colegiado, a imprescritibilidade s\u00f3 se aplica aos casos tipificados como de improbidade administrativa dolosa (intencional) e aos il\u00edcitos penais, o que n\u00e3o era o caso.\u00a0<\/p>\n<h4>Revelia<\/h4>\n<p>Em abril de 2002, a Cidasc foi condenada pela Justi\u00e7a comum ao pagamento de cerca de R$ 280 mil de indeniza\u00e7\u00e3o a um agricultor, num caso em que se discutia a utiliza\u00e7\u00e3o de soja transg\u00eanica. A condena\u00e7\u00e3o ocorreu \u00e0 revelia, porque a empresa n\u00e3o compareceu para se defender das acusa\u00e7\u00f5es, e o ju\u00edzo entendeu que os fatos alegados pelo agricultor eram verdadeiros.<\/p>\n<h4>A\u00e7\u00e3o regressiva<\/h4>\n<p>Ap\u00f3s a condena\u00e7\u00e3o, a Cidasc instaurou sindic\u00e2ncia para apurar a responsabilidade pelo ocorrido e concluiu que o gerente regional de Xanxer\u00ea teria sido negligente ao deixar de comunicar ao setor jur\u00eddico o recebimento de cita\u00e7\u00e3o para responder \u00e0 a\u00e7\u00e3o, impedindo que a empresa exercesse seu direito de defesa e ocasionando a revelia. Essa foi a raz\u00e3o do ajuizamento, em maio de 2013, da a\u00e7\u00e3o regressiva, visando ao ressarcimento dos valores pagos a t\u00edtulo de indeniza\u00e7\u00e3o ao agricultor.<\/p>\n<h4>Prescri\u00e7\u00e3o<\/h4>\n<p>O ju\u00edzo da Vara do Trabalho de Xanxer\u00ea e o Tribunal Regional do Trabalho da 12\u00aa Regi\u00e3o (SC) extinguiram o processo por reconhecerem a prescri\u00e7\u00e3o trabalhista do pedido. O TRT observou que o contrato de trabalho do gerente fora rescindido em outubro de 2010, e a a\u00e7\u00e3o ajuizada em fevereiro de 2013.\u00a0<\/p>\n<p>No recurso de revista, a Cidasc sustentou que, na condi\u00e7\u00e3o de empresa p\u00fablica, est\u00e1 sujeita \u00e0 regra do artigo 37, par\u00e1grafo 5\u00ba, da <a href=\"https:\/\/www.planalto.gov.br\/ccivil_03\/constituicao\/constituicao.htm\" target=\"_blank\" rel=\"noopener\">Constitui\u00e7\u00e3o Federal<\/a>, que prev\u00ea a imprescritibilidade dos danos causados ao er\u00e1rio.\u00a0<\/p>\n<h4>STF<\/h4>\n<p>O relator, ministro Jos\u00e9 Roberto Pimenta, explicou que o Supremo Tribunal Federal (STF), em julgamento de temas de repercuss\u00e3o geral sobre a prescri\u00e7\u00e3o das a\u00e7\u00f5es de ressarcimento, reservou a imprescritibilidade (prevista na parte final do artigo 37, par\u00e1grafo 5\u00ba, da Constitui\u00e7\u00e3o Federal) aos casos de maior gravidade de il\u00edcitos praticados contra o poder p\u00fablico, tipificados como de improbidade administrativa dolosa e il\u00edcitos penais. \u201cOutras a\u00e7\u00f5es de repara\u00e7\u00e3o civil de danos ao patrim\u00f4nio p\u00fablico, que n\u00e3o as decorrentes de ato doloso de improbidade administrativa, segundo o STF, s\u00e3o sujeitas \u00e0 prescri\u00e7\u00e3o\u201d, afirmou.<\/p>\n<p>Seguindo essa mesma linha, o Legislativo deu nova reda\u00e7\u00e3o \u00e0 Lei de Improbidade Administrativa (<a href=\"https:\/\/www.planalto.gov.br\/ccivil_03\/leis\/l8429.htm\" target=\"_blank\" rel=\"noopener\">Lei 8.429\/1992<\/a>) pela <a href=\"https:\/\/www.planalto.gov.br\/ccivil_03\/_Ato2019-2022\/2021\/Lei\/L14230.htm\" target=\"_blank\" rel=\"noopener\">Lei 14.230\/2021<\/a> e descaracterizou como ato de improbidade as condutas culposas (n\u00e3o intencionais) anteriormente previstas, passando a prever expressamente a necessidade da demonstra\u00e7\u00e3o de dolo espec\u00edfico.<\/p>\n<h4>Conduta culposa<\/h4>\n<p>No caso, o relator conclui que n\u00e3o h\u00e1 nenhuma alega\u00e7\u00e3o da empresa nem registro do TRT de que o gerente teria praticado ato tipificado na Lei de Improbidade, \u201cmuito menos em sua modalidade dolosa\u201d. Ele lembrou que a conduta que teria motivado a a\u00e7\u00e3o de repara\u00e7\u00e3o decorreria, segundo alega\u00e7\u00f5es da pr\u00f3pria Cidasc, de suposta neglig\u00eancia (\u201cou seja, apenas de culpa\u201d) do ex-empregado.<\/p>\n<h4>Causa de pedir<\/h4>\n<p>O ministro assinalou, ainda, que, de acordo com a jurisprud\u00eancia em geral, a prescri\u00e7\u00e3o da a\u00e7\u00e3o regressiva depende da causa de pedir. \u201cTratando-se de a\u00e7\u00e3o do empregador contra ex-empregado em decorr\u00eancia de suposta conduta omissiva deste na condu\u00e7\u00e3o de seus deveres no contexto da rela\u00e7\u00e3o de emprego, afigura-se incontrast\u00e1vel a aplica\u00e7\u00e3o da prescri\u00e7\u00e3o trabalhista do artigo 7\u00ba, inciso XXIX, da Constitui\u00e7\u00e3o Federal\u201d, concluiu.<\/p>\n<p>A decis\u00e3o foi un\u00e2nime.<\/p>\n<p>(DA, RR\/CF)<\/p>\n<p><em>Esta mat\u00e9ria tem cunho meramente informativo<br \/>\nPermitida a reprodu\u00e7\u00e3o mediante cita\u00e7\u00e3o da fonte.<br \/>\nSecretaria de Comunica\u00e7\u00e3o Social<br \/>\n<a href=\"https:\/\/www.tst.jus.br\/\" target=\"_blank\" rel=\"noopener\">Tribunal Superior do Trabalho<\/a><br \/>\nTel. (61) 3043-4907<br \/>\n<a href=\"mailto:secom@tst.jus.br\" target=\"\" rel=\"noopener\">secom@tst.jus.br<\/a><\/em><\/p>\n<\/div><\/div>\n<\/div>\n","protected":false},"excerpt":{"rendered":"<p>Para a 2\u00aa Turma, a prescri\u00e7\u00e3o aplicada ao caso \u00e9 a trabalhista, de dois anos Ministro Jos\u00e9 Roberto Pimenta 28\/06\/22 &#8211; A Segunda Turma do Tribunal Superior do Trabalho rejeitou o recurso da Companhia de Desenvolvimento Agr\u00edcola de Santa Catarina (Cidasc) contra decis\u00e3o que considerou prescrito seu direito de buscar, mediante a\u00e7\u00e3o regressiva, ser ressarcida [&hellip;]<\/p>\n","protected":false},"author":0,"featured_media":11342,"comment_status":"open","ping_status":"","sticky":false,"template":"","format":"standard","meta":{"footnotes":""},"categories":[5],"tags":[],"class_list":["post-11341","post","type-post","status-publish","format-standard","has-post-thumbnail","hentry","category-noticias-educacao-financeira"],"blocksy_meta":{"styles_descriptor":{"styles":{"desktop":"","tablet":"","mobile":""},"google_fonts":[],"version":6}},"yoast_head":"<!-- This site is optimized with the Yoast SEO plugin v27.5 - https:\/\/yoast.com\/product\/yoast-seo-wordpress\/ -->\n<title>Mantida extin\u00e7\u00e3o de a\u00e7\u00e3o de empresa para ressarcir preju\u00edzo causado por gerente - Contabilidade Caxias<\/title>\n<meta name=\"robots\" content=\"index, follow, max-snippet:-1, max-image-preview:large, max-video-preview:-1\" \/>\n<link rel=\"canonical\" href=\"https:\/\/contabilidadecaxias.com.br\/index.php\/2022\/06\/28\/mantida-extincao-de-acao-de-empresa-para-ressarcir-prejuizo-causado-por-gerente\/\" \/>\n<meta property=\"og:locale\" content=\"pt_BR\" \/>\n<meta property=\"og:type\" content=\"article\" \/>\n<meta property=\"og:title\" content=\"Mantida extin\u00e7\u00e3o de a\u00e7\u00e3o de empresa para ressarcir preju\u00edzo causado por gerente - Contabilidade Caxias\" \/>\n<meta property=\"og:description\" content=\"Para a 2\u00aa Turma, a prescri\u00e7\u00e3o aplicada ao caso \u00e9 a trabalhista, de dois anos Ministro Jos\u00e9 Roberto Pimenta 28\/06\/22 &#8211; A Segunda Turma do Tribunal Superior do Trabalho rejeitou o recurso da Companhia de Desenvolvimento Agr\u00edcola de Santa Catarina (Cidasc) contra decis\u00e3o que considerou prescrito seu direito de buscar, mediante a\u00e7\u00e3o regressiva, ser ressarcida [&hellip;]\" \/>\n<meta property=\"og:url\" content=\"https:\/\/contabilidadecaxias.com.br\/index.php\/2022\/06\/28\/mantida-extincao-de-acao-de-empresa-para-ressarcir-prejuizo-causado-por-gerente\/\" \/>\n<meta property=\"og:site_name\" content=\"Contabilidade Caxias\" \/>\n<meta property=\"article:published_time\" content=\"2022-06-28T19:06:25+00:00\" \/>\n<meta name=\"twitter:card\" content=\"summary_large_image\" \/>\n<meta name=\"twitter:label1\" content=\"Est. tempo de leitura\" \/>\n\t<meta name=\"twitter:data1\" content=\"3 minutos\" \/>\n<script type=\"application\/ld+json\" class=\"yoast-schema-graph\">{\"@context\":\"https:\\\/\\\/schema.org\",\"@graph\":[{\"@type\":\"Article\",\"@id\":\"https:\\\/\\\/contabilidadecaxias.com.br\\\/index.php\\\/2022\\\/06\\\/28\\\/mantida-extincao-de-acao-de-empresa-para-ressarcir-prejuizo-causado-por-gerente\\\/#article\",\"isPartOf\":{\"@id\":\"https:\\\/\\\/contabilidadecaxias.com.br\\\/index.php\\\/2022\\\/06\\\/28\\\/mantida-extincao-de-acao-de-empresa-para-ressarcir-prejuizo-causado-por-gerente\\\/\"},\"author\":{\"name\":\"\",\"@id\":\"\"},\"headline\":\"Mantida extin\u00e7\u00e3o de a\u00e7\u00e3o de empresa para ressarcir preju\u00edzo causado por gerente\",\"datePublished\":\"2022-06-28T19:06:25+00:00\",\"mainEntityOfPage\":{\"@id\":\"https:\\\/\\\/contabilidadecaxias.com.br\\\/index.php\\\/2022\\\/06\\\/28\\\/mantida-extincao-de-acao-de-empresa-para-ressarcir-prejuizo-causado-por-gerente\\\/\"},\"wordCount\":702,\"commentCount\":0,\"image\":{\"@id\":\"https:\\\/\\\/contabilidadecaxias.com.br\\\/index.php\\\/2022\\\/06\\\/28\\\/mantida-extincao-de-acao-de-empresa-para-ressarcir-prejuizo-causado-por-gerente\\\/#primaryimage\"},\"thumbnailUrl\":\"https:\\\/\\\/contabilidadecaxias.com.br\\\/wp-content\\\/uploads\\\/2022\\\/06\\\/d9845e9e-0e48-9250-b28f-87c0ac0e1528-VPxoFN.jpeg\",\"articleSection\":[\"Educa\u00e7\u00e3o Financeira\"],\"inLanguage\":\"pt-BR\",\"potentialAction\":[{\"@type\":\"CommentAction\",\"name\":\"Comment\",\"target\":[\"https:\\\/\\\/contabilidadecaxias.com.br\\\/index.php\\\/2022\\\/06\\\/28\\\/mantida-extincao-de-acao-de-empresa-para-ressarcir-prejuizo-causado-por-gerente\\\/#respond\"]}]},{\"@type\":\"WebPage\",\"@id\":\"https:\\\/\\\/contabilidadecaxias.com.br\\\/index.php\\\/2022\\\/06\\\/28\\\/mantida-extincao-de-acao-de-empresa-para-ressarcir-prejuizo-causado-por-gerente\\\/\",\"url\":\"https:\\\/\\\/contabilidadecaxias.com.br\\\/index.php\\\/2022\\\/06\\\/28\\\/mantida-extincao-de-acao-de-empresa-para-ressarcir-prejuizo-causado-por-gerente\\\/\",\"name\":\"Mantida extin\u00e7\u00e3o de a\u00e7\u00e3o de empresa para ressarcir preju\u00edzo causado por gerente - Contabilidade Caxias\",\"isPartOf\":{\"@id\":\"https:\\\/\\\/contabilidadecaxias.com.br\\\/#website\"},\"primaryImageOfPage\":{\"@id\":\"https:\\\/\\\/contabilidadecaxias.com.br\\\/index.php\\\/2022\\\/06\\\/28\\\/mantida-extincao-de-acao-de-empresa-para-ressarcir-prejuizo-causado-por-gerente\\\/#primaryimage\"},\"image\":{\"@id\":\"https:\\\/\\\/contabilidadecaxias.com.br\\\/index.php\\\/2022\\\/06\\\/28\\\/mantida-extincao-de-acao-de-empresa-para-ressarcir-prejuizo-causado-por-gerente\\\/#primaryimage\"},\"thumbnailUrl\":\"https:\\\/\\\/contabilidadecaxias.com.br\\\/wp-content\\\/uploads\\\/2022\\\/06\\\/d9845e9e-0e48-9250-b28f-87c0ac0e1528-VPxoFN.jpeg\",\"datePublished\":\"2022-06-28T19:06:25+00:00\",\"author\":{\"@id\":\"\"},\"breadcrumb\":{\"@id\":\"https:\\\/\\\/contabilidadecaxias.com.br\\\/index.php\\\/2022\\\/06\\\/28\\\/mantida-extincao-de-acao-de-empresa-para-ressarcir-prejuizo-causado-por-gerente\\\/#breadcrumb\"},\"inLanguage\":\"pt-BR\",\"potentialAction\":[{\"@type\":\"ReadAction\",\"target\":[\"https:\\\/\\\/contabilidadecaxias.com.br\\\/index.php\\\/2022\\\/06\\\/28\\\/mantida-extincao-de-acao-de-empresa-para-ressarcir-prejuizo-causado-por-gerente\\\/\"]}]},{\"@type\":\"ImageObject\",\"inLanguage\":\"pt-BR\",\"@id\":\"https:\\\/\\\/contabilidadecaxias.com.br\\\/index.php\\\/2022\\\/06\\\/28\\\/mantida-extincao-de-acao-de-empresa-para-ressarcir-prejuizo-causado-por-gerente\\\/#primaryimage\",\"url\":\"https:\\\/\\\/contabilidadecaxias.com.br\\\/wp-content\\\/uploads\\\/2022\\\/06\\\/d9845e9e-0e48-9250-b28f-87c0ac0e1528-VPxoFN.jpeg\",\"contentUrl\":\"https:\\\/\\\/contabilidadecaxias.com.br\\\/wp-content\\\/uploads\\\/2022\\\/06\\\/d9845e9e-0e48-9250-b28f-87c0ac0e1528-VPxoFN.jpeg\",\"width\":1280,\"height\":853},{\"@type\":\"BreadcrumbList\",\"@id\":\"https:\\\/\\\/contabilidadecaxias.com.br\\\/index.php\\\/2022\\\/06\\\/28\\\/mantida-extincao-de-acao-de-empresa-para-ressarcir-prejuizo-causado-por-gerente\\\/#breadcrumb\",\"itemListElement\":[{\"@type\":\"ListItem\",\"position\":1,\"name\":\"In\u00edcio\",\"item\":\"https:\\\/\\\/contabilidadecaxias.com.br\\\/\"},{\"@type\":\"ListItem\",\"position\":2,\"name\":\"Mantida extin\u00e7\u00e3o de a\u00e7\u00e3o de empresa para ressarcir preju\u00edzo causado por gerente\"}]},{\"@type\":\"WebSite\",\"@id\":\"https:\\\/\\\/contabilidadecaxias.com.br\\\/#website\",\"url\":\"https:\\\/\\\/contabilidadecaxias.com.br\\\/\",\"name\":\"Contabilidade Caxias\",\"description\":\"Site especializado em Contabilidade para Caxias.\",\"potentialAction\":[{\"@type\":\"SearchAction\",\"target\":{\"@type\":\"EntryPoint\",\"urlTemplate\":\"https:\\\/\\\/contabilidadecaxias.com.br\\\/?s={search_term_string}\"},\"query-input\":{\"@type\":\"PropertyValueSpecification\",\"valueRequired\":true,\"valueName\":\"search_term_string\"}}],\"inLanguage\":\"pt-BR\"}]}<\/script>\n<!-- \/ Yoast SEO plugin. -->","yoast_head_json":{"title":"Mantida extin\u00e7\u00e3o de a\u00e7\u00e3o de empresa para ressarcir preju\u00edzo causado por gerente - Contabilidade Caxias","robots":{"index":"index","follow":"follow","max-snippet":"max-snippet:-1","max-image-preview":"max-image-preview:large","max-video-preview":"max-video-preview:-1"},"canonical":"https:\/\/contabilidadecaxias.com.br\/index.php\/2022\/06\/28\/mantida-extincao-de-acao-de-empresa-para-ressarcir-prejuizo-causado-por-gerente\/","og_locale":"pt_BR","og_type":"article","og_title":"Mantida extin\u00e7\u00e3o de a\u00e7\u00e3o de empresa para ressarcir preju\u00edzo causado por gerente - Contabilidade Caxias","og_description":"Para a 2\u00aa Turma, a prescri\u00e7\u00e3o aplicada ao caso \u00e9 a trabalhista, de dois anos Ministro Jos\u00e9 Roberto Pimenta 28\/06\/22 &#8211; A Segunda Turma do Tribunal Superior do Trabalho rejeitou o recurso da Companhia de Desenvolvimento Agr\u00edcola de Santa Catarina (Cidasc) contra decis\u00e3o que considerou prescrito seu direito de buscar, mediante a\u00e7\u00e3o regressiva, ser ressarcida [&hellip;]","og_url":"https:\/\/contabilidadecaxias.com.br\/index.php\/2022\/06\/28\/mantida-extincao-de-acao-de-empresa-para-ressarcir-prejuizo-causado-por-gerente\/","og_site_name":"Contabilidade Caxias","article_published_time":"2022-06-28T19:06:25+00:00","twitter_card":"summary_large_image","twitter_misc":{"Est. tempo de leitura":"3 minutos"},"schema":{"@context":"https:\/\/schema.org","@graph":[{"@type":"Article","@id":"https:\/\/contabilidadecaxias.com.br\/index.php\/2022\/06\/28\/mantida-extincao-de-acao-de-empresa-para-ressarcir-prejuizo-causado-por-gerente\/#article","isPartOf":{"@id":"https:\/\/contabilidadecaxias.com.br\/index.php\/2022\/06\/28\/mantida-extincao-de-acao-de-empresa-para-ressarcir-prejuizo-causado-por-gerente\/"},"author":{"name":"","@id":""},"headline":"Mantida extin\u00e7\u00e3o de a\u00e7\u00e3o de empresa para ressarcir preju\u00edzo causado por gerente","datePublished":"2022-06-28T19:06:25+00:00","mainEntityOfPage":{"@id":"https:\/\/contabilidadecaxias.com.br\/index.php\/2022\/06\/28\/mantida-extincao-de-acao-de-empresa-para-ressarcir-prejuizo-causado-por-gerente\/"},"wordCount":702,"commentCount":0,"image":{"@id":"https:\/\/contabilidadecaxias.com.br\/index.php\/2022\/06\/28\/mantida-extincao-de-acao-de-empresa-para-ressarcir-prejuizo-causado-por-gerente\/#primaryimage"},"thumbnailUrl":"https:\/\/contabilidadecaxias.com.br\/wp-content\/uploads\/2022\/06\/d9845e9e-0e48-9250-b28f-87c0ac0e1528-VPxoFN.jpeg","articleSection":["Educa\u00e7\u00e3o Financeira"],"inLanguage":"pt-BR","potentialAction":[{"@type":"CommentAction","name":"Comment","target":["https:\/\/contabilidadecaxias.com.br\/index.php\/2022\/06\/28\/mantida-extincao-de-acao-de-empresa-para-ressarcir-prejuizo-causado-por-gerente\/#respond"]}]},{"@type":"WebPage","@id":"https:\/\/contabilidadecaxias.com.br\/index.php\/2022\/06\/28\/mantida-extincao-de-acao-de-empresa-para-ressarcir-prejuizo-causado-por-gerente\/","url":"https:\/\/contabilidadecaxias.com.br\/index.php\/2022\/06\/28\/mantida-extincao-de-acao-de-empresa-para-ressarcir-prejuizo-causado-por-gerente\/","name":"Mantida extin\u00e7\u00e3o de a\u00e7\u00e3o de empresa para ressarcir preju\u00edzo causado por gerente - Contabilidade Caxias","isPartOf":{"@id":"https:\/\/contabilidadecaxias.com.br\/#website"},"primaryImageOfPage":{"@id":"https:\/\/contabilidadecaxias.com.br\/index.php\/2022\/06\/28\/mantida-extincao-de-acao-de-empresa-para-ressarcir-prejuizo-causado-por-gerente\/#primaryimage"},"image":{"@id":"https:\/\/contabilidadecaxias.com.br\/index.php\/2022\/06\/28\/mantida-extincao-de-acao-de-empresa-para-ressarcir-prejuizo-causado-por-gerente\/#primaryimage"},"thumbnailUrl":"https:\/\/contabilidadecaxias.com.br\/wp-content\/uploads\/2022\/06\/d9845e9e-0e48-9250-b28f-87c0ac0e1528-VPxoFN.jpeg","datePublished":"2022-06-28T19:06:25+00:00","author":{"@id":""},"breadcrumb":{"@id":"https:\/\/contabilidadecaxias.com.br\/index.php\/2022\/06\/28\/mantida-extincao-de-acao-de-empresa-para-ressarcir-prejuizo-causado-por-gerente\/#breadcrumb"},"inLanguage":"pt-BR","potentialAction":[{"@type":"ReadAction","target":["https:\/\/contabilidadecaxias.com.br\/index.php\/2022\/06\/28\/mantida-extincao-de-acao-de-empresa-para-ressarcir-prejuizo-causado-por-gerente\/"]}]},{"@type":"ImageObject","inLanguage":"pt-BR","@id":"https:\/\/contabilidadecaxias.com.br\/index.php\/2022\/06\/28\/mantida-extincao-de-acao-de-empresa-para-ressarcir-prejuizo-causado-por-gerente\/#primaryimage","url":"https:\/\/contabilidadecaxias.com.br\/wp-content\/uploads\/2022\/06\/d9845e9e-0e48-9250-b28f-87c0ac0e1528-VPxoFN.jpeg","contentUrl":"https:\/\/contabilidadecaxias.com.br\/wp-content\/uploads\/2022\/06\/d9845e9e-0e48-9250-b28f-87c0ac0e1528-VPxoFN.jpeg","width":1280,"height":853},{"@type":"BreadcrumbList","@id":"https:\/\/contabilidadecaxias.com.br\/index.php\/2022\/06\/28\/mantida-extincao-de-acao-de-empresa-para-ressarcir-prejuizo-causado-por-gerente\/#breadcrumb","itemListElement":[{"@type":"ListItem","position":1,"name":"In\u00edcio","item":"https:\/\/contabilidadecaxias.com.br\/"},{"@type":"ListItem","position":2,"name":"Mantida extin\u00e7\u00e3o de a\u00e7\u00e3o de empresa para ressarcir preju\u00edzo causado por gerente"}]},{"@type":"WebSite","@id":"https:\/\/contabilidadecaxias.com.br\/#website","url":"https:\/\/contabilidadecaxias.com.br\/","name":"Contabilidade Caxias","description":"Site especializado em Contabilidade para Caxias.","potentialAction":[{"@type":"SearchAction","target":{"@type":"EntryPoint","urlTemplate":"https:\/\/contabilidadecaxias.com.br\/?s={search_term_string}"},"query-input":{"@type":"PropertyValueSpecification","valueRequired":true,"valueName":"search_term_string"}}],"inLanguage":"pt-BR"}]}},"_links":{"self":[{"href":"https:\/\/contabilidadecaxias.com.br\/index.php\/wp-json\/wp\/v2\/posts\/11341","targetHints":{"allow":["GET"]}}],"collection":[{"href":"https:\/\/contabilidadecaxias.com.br\/index.php\/wp-json\/wp\/v2\/posts"}],"about":[{"href":"https:\/\/contabilidadecaxias.com.br\/index.php\/wp-json\/wp\/v2\/types\/post"}],"replies":[{"embeddable":true,"href":"https:\/\/contabilidadecaxias.com.br\/index.php\/wp-json\/wp\/v2\/comments?post=11341"}],"version-history":[{"count":0,"href":"https:\/\/contabilidadecaxias.com.br\/index.php\/wp-json\/wp\/v2\/posts\/11341\/revisions"}],"wp:featuredmedia":[{"embeddable":true,"href":"https:\/\/contabilidadecaxias.com.br\/index.php\/wp-json\/wp\/v2\/media\/11342"}],"wp:attachment":[{"href":"https:\/\/contabilidadecaxias.com.br\/index.php\/wp-json\/wp\/v2\/media?parent=11341"}],"wp:term":[{"taxonomy":"category","embeddable":true,"href":"https:\/\/contabilidadecaxias.com.br\/index.php\/wp-json\/wp\/v2\/categories?post=11341"},{"taxonomy":"post_tag","embeddable":true,"href":"https:\/\/contabilidadecaxias.com.br\/index.php\/wp-json\/wp\/v2\/tags?post=11341"}],"curies":[{"name":"wp","href":"https:\/\/api.w.org\/{rel}","templated":true}]}}