{"id":11339,"date":"2022-06-28T11:02:28","date_gmt":"2022-06-28T14:02:28","guid":{"rendered":"https:\/\/contabilidadecaxias.com.br\/index.php\/2022\/06\/28\/presidente-do-tst-e-governador-do-df-inauguram-agencia-do-brb-no-edificio-sede\/"},"modified":"2022-06-28T11:02:28","modified_gmt":"2022-06-28T14:02:28","slug":"presidente-do-tst-e-governador-do-df-inauguram-agencia-do-brb-no-edificio-sede","status":"publish","type":"post","link":"https:\/\/contabilidadecaxias.com.br\/index.php\/2022\/06\/28\/presidente-do-tst-e-governador-do-df-inauguram-agencia-do-brb-no-edificio-sede\/","title":{"rendered":"Presidente do TST e governador do DF inauguram ag\u00eancia do BRB no edif\u00edcio-sede"},"content":{"rendered":"<div class=\"noticia-wrapper\">\n<p><em><\/p>\n<p>Solenidade tamb\u00e9m contou com a presen\u00e7a do presidente do BRB, Paulo Henrique Costa.\u00a0<\/p>\n<p><\/em><\/p>\n<div class=\"social-media-share mobile\">\n        <a class=\"share-facebook\" href=\"https:\/\/www.facebook.com\/sharer.php?u=https:\/\/www.tst.jus.br\/-\/presidente-do-tst-e-governador-do-df-inauguram-ag%C3%AAncia-do-brb-no-edif%C3%ADcio-sede\" target=\"_blank\" rel=\"noopener\"><\/a><br \/>\n        <a class=\"share-twitter\" href=\"https:\/\/twitter.com\/intent\/tweet?text=Presidente%20do%20TST%20e%20governador%20do%20DF%20inauguram%20ag%C3%AAncia%20do%20BRB%20no%20edif%C3%ADcio-sede%0AVeja%20mais%20em:&amp;url=https:\/\/www.tst.jus.br\/-\/presidente-do-tst-e-governador-do-df-inauguram-ag%C3%AAncia-do-brb-no-edif%C3%ADcio-sede\" target=\"_blank\" rel=\"noopener\"><\/a><br \/>\n        <a class=\"share-linkedin\" href=\"https:\/\/www.linkedin.com\/shareArticle?mini=true&amp;url=https:\/\/www.tst.jus.br\/-\/presidente-do-tst-e-governador-do-df-inauguram-ag%C3%AAncia-do-brb-no-edif%C3%ADcio-sede&amp;title=Presidente%20do%20TST%20e%20governador%20do%20DF%20inauguram%20ag%C3%AAncia%20do%20BRB%20no%20edif%C3%ADcio-sede\" target=\"_blank\" rel=\"noopener\"><\/a><br \/>\n        <a class=\"share-whatsapp\" href=\"https:\/\/web.whatsapp.com\/send?text=https:\/\/www.tst.jus.br\/-\/presidente-do-tst-e-governador-do-df-inauguram-ag%C3%AAncia-do-brb-no-edif%C3%ADcio-sede\" target=\"_blank\" rel=\"noopener\"><\/a><br \/>\n        <a class=\"share-googleplus\" href=\"https:\/\/plus.google.com\/share?url=https:\/\/www.tst.jus.br\/-\/presidente-do-tst-e-governador-do-df-inauguram-ag%C3%AAncia-do-brb-no-edif%C3%ADcio-sede\" target=\"_blank\" rel=\"noopener\"><\/a>\n    <\/div>\n<div class=\"news-body\">\n<div class=\"imagem-da-noticia\">\n<p>Ministro Emmanoel Pereira (presidente do TST), Ibaneis Rocha (governador do DF) e Paulo Henrique Costa (presidente do BRB) na solenidade de inaugura\u00e7\u00e3o da ag\u00eancia<\/p>\n<div class=\"social-media-share\">\n                    <a class=\"share-facebook\" href=\"https:\/\/www.facebook.com\/sharer.php?u=https:\/\/www.tst.jus.br\/-\/presidente-do-tst-e-governador-do-df-inauguram-ag%C3%AAncia-do-brb-no-edif%C3%ADcio-sede\" target=\"_blank\" rel=\"noopener\"><\/a><br \/>\n                    <a class=\"share-twitter\" href=\"https:\/\/twitter.com\/intent\/tweet?text=Presidente%20do%20TST%20e%20governador%20do%20DF%20inauguram%20ag%C3%AAncia%20do%20BRB%20no%20edif%C3%ADcio-sede%0AVeja%20mais%20em:&amp;url=https:\/\/www.tst.jus.br\/-\/presidente-do-tst-e-governador-do-df-inauguram-ag%C3%AAncia-do-brb-no-edif%C3%ADcio-sede\" target=\"_blank\" rel=\"noopener\"><\/a><br \/>\n                    <a class=\"share-linkedin\" href=\"https:\/\/www.linkedin.com\/shareArticle?mini=true&amp;url=https:\/\/www.tst.jus.br\/-\/presidente-do-tst-e-governador-do-df-inauguram-ag%C3%AAncia-do-brb-no-edif%C3%ADcio-sede&amp;title=Presidente%20do%20TST%20e%20governador%20do%20DF%20inauguram%20ag%C3%AAncia%20do%20BRB%20no%20edif%C3%ADcio-sede\" target=\"_blank\" rel=\"noopener\"><\/a><br \/>\n                    <a class=\"share-whatsapp\" href=\"https:\/\/web.whatsapp.com\/send?text=https:\/\/www.tst.jus.br\/-\/presidente-do-tst-e-governador-do-df-inauguram-ag%C3%AAncia-do-brb-no-edif%C3%ADcio-sede\" target=\"_blank\" rel=\"noopener\"><\/a><br \/>\n                    <a class=\"share-googleplus\" href=\"https:\/\/plus.google.com\/share?url=https:\/\/www.tst.jus.br\/-\/presidente-do-tst-e-governador-do-df-inauguram-ag%C3%AAncia-do-brb-no-edif%C3%ADcio-sede\" target=\"_blank\" rel=\"noopener\"><\/a>\n                <\/div>\n<\/p><\/div>\n<div class=\"materia\">\n<p>28\/06\/22 &#8211; O Tribunal Superior do Trabalho (TST) inaugurou, nesta segunda-feira (27), a mais nova ag\u00eancia do Banco de Bras\u00edlia (BRB) na capital federal, localizada no mezanino do bloco A do edif\u00edcio-sede da corte. O presidente do TST, ministro Emmanoel Pereira, participou da solenidade, ao lado do governador do Distrito Federal, Ibaneis Rocha, e do presidente da institui\u00e7\u00e3o banc\u00e1ria, Paulo Henrique Costa.<\/p>\n<p>De acordo com o ministro Emmanoel, a nova ag\u00eancia representa a amplia\u00e7\u00e3o das op\u00e7\u00f5es banc\u00e1rias dispon\u00edveis no tribunal. \u201cA inaugura\u00e7\u00e3o do posto de atendimento do BRB beneficia n\u00e3o apenas o p\u00fablico interno, mas a sociedade de um modo geral\u201d, afirmou. J\u00e1 Ibaneis Rocha lembrou-se dos tempos em que trabalhava como advogado em causas no TST. \u201cSinto-me parte integrante da Justi\u00e7a do Trabalho. Aqui, advoguei durante 25 anos e n\u00e3o poderia ter essa passagem pelo governo sem trazer para c\u00e1 um peda\u00e7o de Bras\u00edlia, que \u00e9 o BRB\u201d, disse.<\/p>\n<p>O presidente do banco, Paulo Henrique Costa, afirmou que pretende mostrar novos modelos de atendimento, com produtos e servi\u00e7os financeiros para o p\u00fablico que frequenta o tribunal. \u201cO BRB \u00e9 um banco que tem crescido de maneira diferente, oferecendo atendimento muito especial\u201d, observou. Para encerrar a solenidade, o ministro Emmanoel Pereira ofereceu a medalha comemorativa dos 80 anos da Justi\u00e7a do Trabalho ao governador do DF.<\/p>\n<h4>Contrato de cess\u00e3o de espa\u00e7o<\/h4>\n<p>O contrato de cess\u00e3o onerosa de espa\u00e7o f\u00edsico ao Banco de Bras\u00edlia foi assinado em 31 de janeiro deste ano. A institui\u00e7\u00e3o banc\u00e1ria assume, com o acordo, a responsabilidade quanto ao ressarcimento das despesas comuns relativas ao uso do local, al\u00e9m dos encargos de recolhimento ao Tesouro Nacional de taxa mensal de ocupa\u00e7\u00e3o, que comp\u00f5em a arrecada\u00e7\u00e3o que se destina \u00e0s a\u00e7\u00f5es sociais.\u00a0<\/p>\n<p>(RT\/GS\/CF)<\/p>\n<\/div><\/div>\n<\/div>\n","protected":false},"excerpt":{"rendered":"<p>Solenidade tamb\u00e9m contou com a presen\u00e7a do presidente do BRB, Paulo Henrique Costa.\u00a0 Ministro Emmanoel Pereira (presidente do TST), Ibaneis Rocha (governador do DF) e Paulo Henrique Costa (presidente do BRB) na solenidade de inaugura\u00e7\u00e3o da ag\u00eancia 28\/06\/22 &#8211; O Tribunal Superior do Trabalho (TST) inaugurou, nesta segunda-feira (27), a mais nova ag\u00eancia do Banco [&hellip;]<\/p>\n","protected":false},"author":0,"featured_media":11340,"comment_status":"open","ping_status":"","sticky":false,"template":"","format":"standard","meta":{"footnotes":""},"categories":[5],"tags":[],"class_list":["post-11339","post","type-post","status-publish","format-standard","has-post-thumbnail","hentry","category-noticias-educacao-financeira"],"blocksy_meta":{"styles_descriptor":{"styles":{"desktop":"","tablet":"","mobile":""},"google_fonts":[],"version":6}},"yoast_head":"<!-- This site is optimized with the Yoast SEO plugin v27.4 - https:\/\/yoast.com\/product\/yoast-seo-wordpress\/ -->\n<title>Presidente do TST e governador do DF inauguram ag\u00eancia do BRB no edif\u00edcio-sede - Contabilidade Caxias<\/title>\n<meta name=\"robots\" content=\"index, follow, max-snippet:-1, max-image-preview:large, max-video-preview:-1\" \/>\n<link rel=\"canonical\" href=\"https:\/\/contabilidadecaxias.com.br\/index.php\/2022\/06\/28\/presidente-do-tst-e-governador-do-df-inauguram-agencia-do-brb-no-edificio-sede\/\" \/>\n<meta property=\"og:locale\" content=\"pt_BR\" \/>\n<meta property=\"og:type\" content=\"article\" \/>\n<meta property=\"og:title\" content=\"Presidente do TST e governador do DF inauguram ag\u00eancia do BRB no edif\u00edcio-sede - Contabilidade Caxias\" \/>\n<meta property=\"og:description\" content=\"Solenidade tamb\u00e9m contou com a presen\u00e7a do presidente do BRB, Paulo Henrique Costa.\u00a0 Ministro Emmanoel Pereira (presidente do TST), Ibaneis Rocha (governador do DF) e Paulo Henrique Costa (presidente do BRB) na solenidade de inaugura\u00e7\u00e3o da ag\u00eancia 28\/06\/22 &#8211; O Tribunal Superior do Trabalho (TST) inaugurou, nesta segunda-feira (27), a mais nova ag\u00eancia do Banco [&hellip;]\" \/>\n<meta property=\"og:url\" content=\"https:\/\/contabilidadecaxias.com.br\/index.php\/2022\/06\/28\/presidente-do-tst-e-governador-do-df-inauguram-agencia-do-brb-no-edificio-sede\/\" \/>\n<meta property=\"og:site_name\" content=\"Contabilidade Caxias\" \/>\n<meta property=\"article:published_time\" content=\"2022-06-28T14:02:28+00:00\" \/>\n<meta name=\"twitter:card\" content=\"summary_large_image\" \/>\n<meta name=\"twitter:label1\" content=\"Est. tempo de leitura\" \/>\n\t<meta name=\"twitter:data1\" content=\"2 minutos\" \/>\n<script type=\"application\/ld+json\" class=\"yoast-schema-graph\">{\"@context\":\"https:\\\/\\\/schema.org\",\"@graph\":[{\"@type\":\"Article\",\"@id\":\"https:\\\/\\\/contabilidadecaxias.com.br\\\/index.php\\\/2022\\\/06\\\/28\\\/presidente-do-tst-e-governador-do-df-inauguram-agencia-do-brb-no-edificio-sede\\\/#article\",\"isPartOf\":{\"@id\":\"https:\\\/\\\/contabilidadecaxias.com.br\\\/index.php\\\/2022\\\/06\\\/28\\\/presidente-do-tst-e-governador-do-df-inauguram-agencia-do-brb-no-edificio-sede\\\/\"},\"author\":{\"name\":\"\",\"@id\":\"\"},\"headline\":\"Presidente do TST e governador do DF inauguram ag\u00eancia do BRB no edif\u00edcio-sede\",\"datePublished\":\"2022-06-28T14:02:28+00:00\",\"mainEntityOfPage\":{\"@id\":\"https:\\\/\\\/contabilidadecaxias.com.br\\\/index.php\\\/2022\\\/06\\\/28\\\/presidente-do-tst-e-governador-do-df-inauguram-agencia-do-brb-no-edificio-sede\\\/\"},\"wordCount\":369,\"commentCount\":0,\"image\":{\"@id\":\"https:\\\/\\\/contabilidadecaxias.com.br\\\/index.php\\\/2022\\\/06\\\/28\\\/presidente-do-tst-e-governador-do-df-inauguram-agencia-do-brb-no-edificio-sede\\\/#primaryimage\"},\"thumbnailUrl\":\"https:\\\/\\\/contabilidadecaxias.com.br\\\/wp-content\\\/uploads\\\/2022\\\/06\\\/89876222-27e6-dab7-2137-66a7ade80796-Acy0l1.jpeg\",\"articleSection\":[\"Educa\u00e7\u00e3o Financeira\"],\"inLanguage\":\"pt-BR\",\"potentialAction\":[{\"@type\":\"CommentAction\",\"name\":\"Comment\",\"target\":[\"https:\\\/\\\/contabilidadecaxias.com.br\\\/index.php\\\/2022\\\/06\\\/28\\\/presidente-do-tst-e-governador-do-df-inauguram-agencia-do-brb-no-edificio-sede\\\/#respond\"]}]},{\"@type\":\"WebPage\",\"@id\":\"https:\\\/\\\/contabilidadecaxias.com.br\\\/index.php\\\/2022\\\/06\\\/28\\\/presidente-do-tst-e-governador-do-df-inauguram-agencia-do-brb-no-edificio-sede\\\/\",\"url\":\"https:\\\/\\\/contabilidadecaxias.com.br\\\/index.php\\\/2022\\\/06\\\/28\\\/presidente-do-tst-e-governador-do-df-inauguram-agencia-do-brb-no-edificio-sede\\\/\",\"name\":\"Presidente do TST e governador do DF inauguram ag\u00eancia do BRB no edif\u00edcio-sede - Contabilidade Caxias\",\"isPartOf\":{\"@id\":\"https:\\\/\\\/contabilidadecaxias.com.br\\\/#website\"},\"primaryImageOfPage\":{\"@id\":\"https:\\\/\\\/contabilidadecaxias.com.br\\\/index.php\\\/2022\\\/06\\\/28\\\/presidente-do-tst-e-governador-do-df-inauguram-agencia-do-brb-no-edificio-sede\\\/#primaryimage\"},\"image\":{\"@id\":\"https:\\\/\\\/contabilidadecaxias.com.br\\\/index.php\\\/2022\\\/06\\\/28\\\/presidente-do-tst-e-governador-do-df-inauguram-agencia-do-brb-no-edificio-sede\\\/#primaryimage\"},\"thumbnailUrl\":\"https:\\\/\\\/contabilidadecaxias.com.br\\\/wp-content\\\/uploads\\\/2022\\\/06\\\/89876222-27e6-dab7-2137-66a7ade80796-Acy0l1.jpeg\",\"datePublished\":\"2022-06-28T14:02:28+00:00\",\"author\":{\"@id\":\"\"},\"breadcrumb\":{\"@id\":\"https:\\\/\\\/contabilidadecaxias.com.br\\\/index.php\\\/2022\\\/06\\\/28\\\/presidente-do-tst-e-governador-do-df-inauguram-agencia-do-brb-no-edificio-sede\\\/#breadcrumb\"},\"inLanguage\":\"pt-BR\",\"potentialAction\":[{\"@type\":\"ReadAction\",\"target\":[\"https:\\\/\\\/contabilidadecaxias.com.br\\\/index.php\\\/2022\\\/06\\\/28\\\/presidente-do-tst-e-governador-do-df-inauguram-agencia-do-brb-no-edificio-sede\\\/\"]}]},{\"@type\":\"ImageObject\",\"inLanguage\":\"pt-BR\",\"@id\":\"https:\\\/\\\/contabilidadecaxias.com.br\\\/index.php\\\/2022\\\/06\\\/28\\\/presidente-do-tst-e-governador-do-df-inauguram-agencia-do-brb-no-edificio-sede\\\/#primaryimage\",\"url\":\"https:\\\/\\\/contabilidadecaxias.com.br\\\/wp-content\\\/uploads\\\/2022\\\/06\\\/89876222-27e6-dab7-2137-66a7ade80796-Acy0l1.jpeg\",\"contentUrl\":\"https:\\\/\\\/contabilidadecaxias.com.br\\\/wp-content\\\/uploads\\\/2022\\\/06\\\/89876222-27e6-dab7-2137-66a7ade80796-Acy0l1.jpeg\",\"width\":1000,\"height\":667},{\"@type\":\"BreadcrumbList\",\"@id\":\"https:\\\/\\\/contabilidadecaxias.com.br\\\/index.php\\\/2022\\\/06\\\/28\\\/presidente-do-tst-e-governador-do-df-inauguram-agencia-do-brb-no-edificio-sede\\\/#breadcrumb\",\"itemListElement\":[{\"@type\":\"ListItem\",\"position\":1,\"name\":\"In\u00edcio\",\"item\":\"https:\\\/\\\/contabilidadecaxias.com.br\\\/\"},{\"@type\":\"ListItem\",\"position\":2,\"name\":\"Presidente do TST e governador do DF inauguram ag\u00eancia do BRB no edif\u00edcio-sede\"}]},{\"@type\":\"WebSite\",\"@id\":\"https:\\\/\\\/contabilidadecaxias.com.br\\\/#website\",\"url\":\"https:\\\/\\\/contabilidadecaxias.com.br\\\/\",\"name\":\"Contabilidade Caxias\",\"description\":\"Site especializado em Contabilidade para Caxias.\",\"potentialAction\":[{\"@type\":\"SearchAction\",\"target\":{\"@type\":\"EntryPoint\",\"urlTemplate\":\"https:\\\/\\\/contabilidadecaxias.com.br\\\/?s={search_term_string}\"},\"query-input\":{\"@type\":\"PropertyValueSpecification\",\"valueRequired\":true,\"valueName\":\"search_term_string\"}}],\"inLanguage\":\"pt-BR\"}]}<\/script>\n<!-- \/ Yoast SEO plugin. -->","yoast_head_json":{"title":"Presidente do TST e governador do DF inauguram ag\u00eancia do BRB no edif\u00edcio-sede - Contabilidade Caxias","robots":{"index":"index","follow":"follow","max-snippet":"max-snippet:-1","max-image-preview":"max-image-preview:large","max-video-preview":"max-video-preview:-1"},"canonical":"https:\/\/contabilidadecaxias.com.br\/index.php\/2022\/06\/28\/presidente-do-tst-e-governador-do-df-inauguram-agencia-do-brb-no-edificio-sede\/","og_locale":"pt_BR","og_type":"article","og_title":"Presidente do TST e governador do DF inauguram ag\u00eancia do BRB no edif\u00edcio-sede - Contabilidade Caxias","og_description":"Solenidade tamb\u00e9m contou com a presen\u00e7a do presidente do BRB, Paulo Henrique Costa.\u00a0 Ministro Emmanoel Pereira (presidente do TST), Ibaneis Rocha (governador do DF) e Paulo Henrique Costa (presidente do BRB) na solenidade de inaugura\u00e7\u00e3o da ag\u00eancia 28\/06\/22 &#8211; O Tribunal Superior do Trabalho (TST) inaugurou, nesta segunda-feira (27), a mais nova ag\u00eancia do Banco [&hellip;]","og_url":"https:\/\/contabilidadecaxias.com.br\/index.php\/2022\/06\/28\/presidente-do-tst-e-governador-do-df-inauguram-agencia-do-brb-no-edificio-sede\/","og_site_name":"Contabilidade Caxias","article_published_time":"2022-06-28T14:02:28+00:00","twitter_card":"summary_large_image","twitter_misc":{"Est. tempo de leitura":"2 minutos"},"schema":{"@context":"https:\/\/schema.org","@graph":[{"@type":"Article","@id":"https:\/\/contabilidadecaxias.com.br\/index.php\/2022\/06\/28\/presidente-do-tst-e-governador-do-df-inauguram-agencia-do-brb-no-edificio-sede\/#article","isPartOf":{"@id":"https:\/\/contabilidadecaxias.com.br\/index.php\/2022\/06\/28\/presidente-do-tst-e-governador-do-df-inauguram-agencia-do-brb-no-edificio-sede\/"},"author":{"name":"","@id":""},"headline":"Presidente do TST e governador do DF inauguram ag\u00eancia do BRB no edif\u00edcio-sede","datePublished":"2022-06-28T14:02:28+00:00","mainEntityOfPage":{"@id":"https:\/\/contabilidadecaxias.com.br\/index.php\/2022\/06\/28\/presidente-do-tst-e-governador-do-df-inauguram-agencia-do-brb-no-edificio-sede\/"},"wordCount":369,"commentCount":0,"image":{"@id":"https:\/\/contabilidadecaxias.com.br\/index.php\/2022\/06\/28\/presidente-do-tst-e-governador-do-df-inauguram-agencia-do-brb-no-edificio-sede\/#primaryimage"},"thumbnailUrl":"https:\/\/contabilidadecaxias.com.br\/wp-content\/uploads\/2022\/06\/89876222-27e6-dab7-2137-66a7ade80796-Acy0l1.jpeg","articleSection":["Educa\u00e7\u00e3o Financeira"],"inLanguage":"pt-BR","potentialAction":[{"@type":"CommentAction","name":"Comment","target":["https:\/\/contabilidadecaxias.com.br\/index.php\/2022\/06\/28\/presidente-do-tst-e-governador-do-df-inauguram-agencia-do-brb-no-edificio-sede\/#respond"]}]},{"@type":"WebPage","@id":"https:\/\/contabilidadecaxias.com.br\/index.php\/2022\/06\/28\/presidente-do-tst-e-governador-do-df-inauguram-agencia-do-brb-no-edificio-sede\/","url":"https:\/\/contabilidadecaxias.com.br\/index.php\/2022\/06\/28\/presidente-do-tst-e-governador-do-df-inauguram-agencia-do-brb-no-edificio-sede\/","name":"Presidente do TST e governador do DF inauguram ag\u00eancia do BRB no edif\u00edcio-sede - Contabilidade Caxias","isPartOf":{"@id":"https:\/\/contabilidadecaxias.com.br\/#website"},"primaryImageOfPage":{"@id":"https:\/\/contabilidadecaxias.com.br\/index.php\/2022\/06\/28\/presidente-do-tst-e-governador-do-df-inauguram-agencia-do-brb-no-edificio-sede\/#primaryimage"},"image":{"@id":"https:\/\/contabilidadecaxias.com.br\/index.php\/2022\/06\/28\/presidente-do-tst-e-governador-do-df-inauguram-agencia-do-brb-no-edificio-sede\/#primaryimage"},"thumbnailUrl":"https:\/\/contabilidadecaxias.com.br\/wp-content\/uploads\/2022\/06\/89876222-27e6-dab7-2137-66a7ade80796-Acy0l1.jpeg","datePublished":"2022-06-28T14:02:28+00:00","author":{"@id":""},"breadcrumb":{"@id":"https:\/\/contabilidadecaxias.com.br\/index.php\/2022\/06\/28\/presidente-do-tst-e-governador-do-df-inauguram-agencia-do-brb-no-edificio-sede\/#breadcrumb"},"inLanguage":"pt-BR","potentialAction":[{"@type":"ReadAction","target":["https:\/\/contabilidadecaxias.com.br\/index.php\/2022\/06\/28\/presidente-do-tst-e-governador-do-df-inauguram-agencia-do-brb-no-edificio-sede\/"]}]},{"@type":"ImageObject","inLanguage":"pt-BR","@id":"https:\/\/contabilidadecaxias.com.br\/index.php\/2022\/06\/28\/presidente-do-tst-e-governador-do-df-inauguram-agencia-do-brb-no-edificio-sede\/#primaryimage","url":"https:\/\/contabilidadecaxias.com.br\/wp-content\/uploads\/2022\/06\/89876222-27e6-dab7-2137-66a7ade80796-Acy0l1.jpeg","contentUrl":"https:\/\/contabilidadecaxias.com.br\/wp-content\/uploads\/2022\/06\/89876222-27e6-dab7-2137-66a7ade80796-Acy0l1.jpeg","width":1000,"height":667},{"@type":"BreadcrumbList","@id":"https:\/\/contabilidadecaxias.com.br\/index.php\/2022\/06\/28\/presidente-do-tst-e-governador-do-df-inauguram-agencia-do-brb-no-edificio-sede\/#breadcrumb","itemListElement":[{"@type":"ListItem","position":1,"name":"In\u00edcio","item":"https:\/\/contabilidadecaxias.com.br\/"},{"@type":"ListItem","position":2,"name":"Presidente do TST e governador do DF inauguram ag\u00eancia do BRB no edif\u00edcio-sede"}]},{"@type":"WebSite","@id":"https:\/\/contabilidadecaxias.com.br\/#website","url":"https:\/\/contabilidadecaxias.com.br\/","name":"Contabilidade Caxias","description":"Site especializado em Contabilidade para Caxias.","potentialAction":[{"@type":"SearchAction","target":{"@type":"EntryPoint","urlTemplate":"https:\/\/contabilidadecaxias.com.br\/?s={search_term_string}"},"query-input":{"@type":"PropertyValueSpecification","valueRequired":true,"valueName":"search_term_string"}}],"inLanguage":"pt-BR"}]}},"_links":{"self":[{"href":"https:\/\/contabilidadecaxias.com.br\/index.php\/wp-json\/wp\/v2\/posts\/11339","targetHints":{"allow":["GET"]}}],"collection":[{"href":"https:\/\/contabilidadecaxias.com.br\/index.php\/wp-json\/wp\/v2\/posts"}],"about":[{"href":"https:\/\/contabilidadecaxias.com.br\/index.php\/wp-json\/wp\/v2\/types\/post"}],"replies":[{"embeddable":true,"href":"https:\/\/contabilidadecaxias.com.br\/index.php\/wp-json\/wp\/v2\/comments?post=11339"}],"version-history":[{"count":0,"href":"https:\/\/contabilidadecaxias.com.br\/index.php\/wp-json\/wp\/v2\/posts\/11339\/revisions"}],"wp:featuredmedia":[{"embeddable":true,"href":"https:\/\/contabilidadecaxias.com.br\/index.php\/wp-json\/wp\/v2\/media\/11340"}],"wp:attachment":[{"href":"https:\/\/contabilidadecaxias.com.br\/index.php\/wp-json\/wp\/v2\/media?parent=11339"}],"wp:term":[{"taxonomy":"category","embeddable":true,"href":"https:\/\/contabilidadecaxias.com.br\/index.php\/wp-json\/wp\/v2\/categories?post=11339"},{"taxonomy":"post_tag","embeddable":true,"href":"https:\/\/contabilidadecaxias.com.br\/index.php\/wp-json\/wp\/v2\/tags?post=11339"}],"curies":[{"name":"wp","href":"https:\/\/api.w.org\/{rel}","templated":true}]}}