{"id":11329,"date":"2022-06-27T18:03:39","date_gmt":"2022-06-27T21:03:39","guid":{"rendered":"https:\/\/contabilidadecaxias.com.br\/index.php\/2022\/06\/27\/tst-promove-mesa-redonda-sobre-diversidade-e-pluralidade-no-ambiente-de-trabalho\/"},"modified":"2022-06-27T18:03:39","modified_gmt":"2022-06-27T21:03:39","slug":"tst-promove-mesa-redonda-sobre-diversidade-e-pluralidade-no-ambiente-de-trabalho","status":"publish","type":"post","link":"https:\/\/contabilidadecaxias.com.br\/index.php\/2022\/06\/27\/tst-promove-mesa-redonda-sobre-diversidade-e-pluralidade-no-ambiente-de-trabalho\/","title":{"rendered":"TST promove mesa redonda sobre diversidade e pluralidade no ambiente de trabalho"},"content":{"rendered":"<div class=\"noticia-wrapper\">\n<p><em><\/p>\n<p>Evento ser\u00e1 realizado de forma virtual, nesta quinta (30), a partir das 9h30<\/p>\n<p><\/em><\/p>\n<div class=\"social-media-share mobile\">\n        <a class=\"share-facebook\" href=\"https:\/\/www.facebook.com\/sharer.php?u=https:\/\/www.tst.jus.br\/-\/tst-promove-mesa-redonda-sobre-diversidade-e-pluralidade-no-ambiente-de-trabalho\" target=\"_blank\" rel=\"noopener\"><\/a><br \/>\n        <a class=\"share-twitter\" href=\"https:\/\/twitter.com\/intent\/tweet?text=TST%20promove%20mesa%20redonda%20sobre%20diversidade%20e%20pluralidade%20no%20ambiente%20de%20trabalho%0AVeja%20mais%20em:&amp;url=https:\/\/www.tst.jus.br\/-\/tst-promove-mesa-redonda-sobre-diversidade-e-pluralidade-no-ambiente-de-trabalho\" target=\"_blank\" rel=\"noopener\"><\/a><br \/>\n        <a class=\"share-linkedin\" href=\"https:\/\/www.linkedin.com\/shareArticle?mini=true&amp;url=https:\/\/www.tst.jus.br\/-\/tst-promove-mesa-redonda-sobre-diversidade-e-pluralidade-no-ambiente-de-trabalho&amp;title=TST%20promove%20mesa%20redonda%20sobre%20diversidade%20e%20pluralidade%20no%20ambiente%20de%20trabalho\" target=\"_blank\" rel=\"noopener\"><\/a><br \/>\n        <a class=\"share-whatsapp\" href=\"https:\/\/web.whatsapp.com\/send?text=https:\/\/www.tst.jus.br\/-\/tst-promove-mesa-redonda-sobre-diversidade-e-pluralidade-no-ambiente-de-trabalho\" target=\"_blank\" rel=\"noopener\"><\/a><br \/>\n        <a class=\"share-googleplus\" href=\"https:\/\/plus.google.com\/share?url=https:\/\/www.tst.jus.br\/-\/tst-promove-mesa-redonda-sobre-diversidade-e-pluralidade-no-ambiente-de-trabalho\" target=\"_blank\" rel=\"noopener\"><\/a>\n    <\/div>\n<div class=\"news-body\">\n<div class=\"imagem-da-noticia\">\n<p>Banner do evento &#8220;Diversidade e Pluralidade no Ambiente de Trabalho&#8221;, na quinta-feira (30), \u00e0s 9h30<\/p>\n<div class=\"social-media-share\">\n                    <a class=\"share-facebook\" href=\"https:\/\/www.facebook.com\/sharer.php?u=https:\/\/www.tst.jus.br\/-\/tst-promove-mesa-redonda-sobre-diversidade-e-pluralidade-no-ambiente-de-trabalho\" target=\"_blank\" rel=\"noopener\"><\/a><br \/>\n                    <a class=\"share-twitter\" href=\"https:\/\/twitter.com\/intent\/tweet?text=TST%20promove%20mesa%20redonda%20sobre%20diversidade%20e%20pluralidade%20no%20ambiente%20de%20trabalho%0AVeja%20mais%20em:&amp;url=https:\/\/www.tst.jus.br\/-\/tst-promove-mesa-redonda-sobre-diversidade-e-pluralidade-no-ambiente-de-trabalho\" target=\"_blank\" rel=\"noopener\"><\/a><br \/>\n                    <a class=\"share-linkedin\" href=\"https:\/\/www.linkedin.com\/shareArticle?mini=true&amp;url=https:\/\/www.tst.jus.br\/-\/tst-promove-mesa-redonda-sobre-diversidade-e-pluralidade-no-ambiente-de-trabalho&amp;title=TST%20promove%20mesa%20redonda%20sobre%20diversidade%20e%20pluralidade%20no%20ambiente%20de%20trabalho\" target=\"_blank\" rel=\"noopener\"><\/a><br \/>\n                    <a class=\"share-whatsapp\" href=\"https:\/\/web.whatsapp.com\/send?text=https:\/\/www.tst.jus.br\/-\/tst-promove-mesa-redonda-sobre-diversidade-e-pluralidade-no-ambiente-de-trabalho\" target=\"_blank\" rel=\"noopener\"><\/a><br \/>\n                    <a class=\"share-googleplus\" href=\"https:\/\/plus.google.com\/share?url=https:\/\/www.tst.jus.br\/-\/tst-promove-mesa-redonda-sobre-diversidade-e-pluralidade-no-ambiente-de-trabalho\" target=\"_blank\" rel=\"noopener\"><\/a>\n                <\/div>\n<\/p><\/div>\n<div class=\"materia\">\n<p>27\/06\/22 &#8211; O Tribunal Superior do Trabalho (TST) realizar\u00e1, nesta quinta-feira (30), a mesa redonda \u201cDiversidade e pluralidade no ambiente de trabalho\u201d. O evento ser\u00e1 transmitido apenas ao vivo pelo canal oficial do TST no YouTube, das 9h30 \u00e0s 12h. As inscri\u00e7\u00f5es j\u00e1 podem ser realizadas.\u00a0<\/p>\n<p>Entre os convidados est\u00e3o o juiz Andr\u00e9 Cavalcanti, da Vara de Campina Grande e coordenador do N\u00facleo de Diversidade do TRT da 13\u00aa Regi\u00e3o (PB), a desembargadora aposentada Maria Berenice Dias, que atua nas \u00e1reas de direito homoafetivo, fam\u00edlias e sucess\u00f5es, e a designer de conex\u00f5es e CEO da Invest Amaz\u00f4nia Mayra Castro.<\/p>\n<p>O presidente do TST, ministro Emmanoel Pereira, far\u00e1 a abertura do evento como coordenador cient\u00edfico, e o ministro Lelio Bentes Corr\u00eaa ser\u00e1 o mediador.<\/p>\n<h4>Ilumina\u00e7\u00e3o<\/h4>\n<p>Desde a \u00faltima sexta-feira (24), o edif\u00edcio-sede do TST est\u00e1 iluminado com as cores do arco-\u00edris, para marcar o 28 de junho, Dia Internacional do Orgulho LGBTQIA+.\u00a0<\/p>\n<h4>Servi\u00e7o<\/h4>\n<p>Mesa redonda \u201cDiversidade e pluralidade no ambiente de trabalho\u201d<br \/>\nDia: 30 de junho<br \/>\nHor\u00e1rio: das 9h30 \u00e0s 12h<br \/>\nLocal: exclusivamente pelo canal oficial do TST no YouTube<br \/>\nLink da transmiss\u00e3o: <a href=\"https:\/\/youtu.be\/iW-Rm2PvgHs\" target=\"_blank\" rel=\"noopener\">https:\/\/youtu.be\/iW-Rm2PvgHs<\/a><\/p>\n<\/p>\n<p>(JS\/GS\/CF)<\/p>\n<\/div><\/div>\n<\/div>\n","protected":false},"excerpt":{"rendered":"<p>Evento ser\u00e1 realizado de forma virtual, nesta quinta (30), a partir das 9h30 Banner do evento &#8220;Diversidade e Pluralidade no Ambiente de Trabalho&#8221;, na quinta-feira (30), \u00e0s 9h30 27\/06\/22 &#8211; O Tribunal Superior do Trabalho (TST) realizar\u00e1, nesta quinta-feira (30), a mesa redonda \u201cDiversidade e pluralidade no ambiente de trabalho\u201d. O evento ser\u00e1 transmitido apenas [&hellip;]<\/p>\n","protected":false},"author":0,"featured_media":11330,"comment_status":"open","ping_status":"","sticky":false,"template":"","format":"standard","meta":{"footnotes":""},"categories":[5],"tags":[],"class_list":["post-11329","post","type-post","status-publish","format-standard","has-post-thumbnail","hentry","category-noticias-educacao-financeira"],"blocksy_meta":{"styles_descriptor":{"styles":{"desktop":"","tablet":"","mobile":""},"google_fonts":[],"version":6}},"yoast_head":"<!-- This site is optimized with the Yoast SEO plugin v27.4 - https:\/\/yoast.com\/product\/yoast-seo-wordpress\/ -->\n<title>TST promove mesa redonda sobre diversidade e pluralidade no ambiente de trabalho - Contabilidade Caxias<\/title>\n<meta name=\"robots\" content=\"index, follow, max-snippet:-1, max-image-preview:large, max-video-preview:-1\" \/>\n<link rel=\"canonical\" href=\"https:\/\/contabilidadecaxias.com.br\/index.php\/2022\/06\/27\/tst-promove-mesa-redonda-sobre-diversidade-e-pluralidade-no-ambiente-de-trabalho\/\" \/>\n<meta property=\"og:locale\" content=\"pt_BR\" \/>\n<meta property=\"og:type\" content=\"article\" \/>\n<meta property=\"og:title\" content=\"TST promove mesa redonda sobre diversidade e pluralidade no ambiente de trabalho - Contabilidade Caxias\" \/>\n<meta property=\"og:description\" content=\"Evento ser\u00e1 realizado de forma virtual, nesta quinta (30), a partir das 9h30 Banner do evento &#8220;Diversidade e Pluralidade no Ambiente de Trabalho&#8221;, na quinta-feira (30), \u00e0s 9h30 27\/06\/22 &#8211; O Tribunal Superior do Trabalho (TST) realizar\u00e1, nesta quinta-feira (30), a mesa redonda \u201cDiversidade e pluralidade no ambiente de trabalho\u201d. O evento ser\u00e1 transmitido apenas [&hellip;]\" \/>\n<meta property=\"og:url\" content=\"https:\/\/contabilidadecaxias.com.br\/index.php\/2022\/06\/27\/tst-promove-mesa-redonda-sobre-diversidade-e-pluralidade-no-ambiente-de-trabalho\/\" \/>\n<meta property=\"og:site_name\" content=\"Contabilidade Caxias\" \/>\n<meta property=\"article:published_time\" content=\"2022-06-27T21:03:39+00:00\" \/>\n<meta name=\"twitter:card\" content=\"summary_large_image\" \/>\n<meta name=\"twitter:label1\" content=\"Est. tempo de leitura\" \/>\n\t<meta name=\"twitter:data1\" content=\"1 minuto\" \/>\n<script type=\"application\/ld+json\" class=\"yoast-schema-graph\">{\"@context\":\"https:\\\/\\\/schema.org\",\"@graph\":[{\"@type\":\"Article\",\"@id\":\"https:\\\/\\\/contabilidadecaxias.com.br\\\/index.php\\\/2022\\\/06\\\/27\\\/tst-promove-mesa-redonda-sobre-diversidade-e-pluralidade-no-ambiente-de-trabalho\\\/#article\",\"isPartOf\":{\"@id\":\"https:\\\/\\\/contabilidadecaxias.com.br\\\/index.php\\\/2022\\\/06\\\/27\\\/tst-promove-mesa-redonda-sobre-diversidade-e-pluralidade-no-ambiente-de-trabalho\\\/\"},\"author\":{\"name\":\"\",\"@id\":\"\"},\"headline\":\"TST promove mesa redonda sobre diversidade e pluralidade no ambiente de trabalho\",\"datePublished\":\"2022-06-27T21:03:39+00:00\",\"mainEntityOfPage\":{\"@id\":\"https:\\\/\\\/contabilidadecaxias.com.br\\\/index.php\\\/2022\\\/06\\\/27\\\/tst-promove-mesa-redonda-sobre-diversidade-e-pluralidade-no-ambiente-de-trabalho\\\/\"},\"wordCount\":238,\"commentCount\":0,\"image\":{\"@id\":\"https:\\\/\\\/contabilidadecaxias.com.br\\\/index.php\\\/2022\\\/06\\\/27\\\/tst-promove-mesa-redonda-sobre-diversidade-e-pluralidade-no-ambiente-de-trabalho\\\/#primaryimage\"},\"thumbnailUrl\":\"https:\\\/\\\/contabilidadecaxias.com.br\\\/wp-content\\\/uploads\\\/2022\\\/06\\\/e64d1217-7110-e10c-e6a7-aa39661d1540-0qTcwb.png\",\"articleSection\":[\"Educa\u00e7\u00e3o Financeira\"],\"inLanguage\":\"pt-BR\",\"potentialAction\":[{\"@type\":\"CommentAction\",\"name\":\"Comment\",\"target\":[\"https:\\\/\\\/contabilidadecaxias.com.br\\\/index.php\\\/2022\\\/06\\\/27\\\/tst-promove-mesa-redonda-sobre-diversidade-e-pluralidade-no-ambiente-de-trabalho\\\/#respond\"]}]},{\"@type\":\"WebPage\",\"@id\":\"https:\\\/\\\/contabilidadecaxias.com.br\\\/index.php\\\/2022\\\/06\\\/27\\\/tst-promove-mesa-redonda-sobre-diversidade-e-pluralidade-no-ambiente-de-trabalho\\\/\",\"url\":\"https:\\\/\\\/contabilidadecaxias.com.br\\\/index.php\\\/2022\\\/06\\\/27\\\/tst-promove-mesa-redonda-sobre-diversidade-e-pluralidade-no-ambiente-de-trabalho\\\/\",\"name\":\"TST promove mesa redonda sobre diversidade e pluralidade no ambiente de trabalho - Contabilidade Caxias\",\"isPartOf\":{\"@id\":\"https:\\\/\\\/contabilidadecaxias.com.br\\\/#website\"},\"primaryImageOfPage\":{\"@id\":\"https:\\\/\\\/contabilidadecaxias.com.br\\\/index.php\\\/2022\\\/06\\\/27\\\/tst-promove-mesa-redonda-sobre-diversidade-e-pluralidade-no-ambiente-de-trabalho\\\/#primaryimage\"},\"image\":{\"@id\":\"https:\\\/\\\/contabilidadecaxias.com.br\\\/index.php\\\/2022\\\/06\\\/27\\\/tst-promove-mesa-redonda-sobre-diversidade-e-pluralidade-no-ambiente-de-trabalho\\\/#primaryimage\"},\"thumbnailUrl\":\"https:\\\/\\\/contabilidadecaxias.com.br\\\/wp-content\\\/uploads\\\/2022\\\/06\\\/e64d1217-7110-e10c-e6a7-aa39661d1540-0qTcwb.png\",\"datePublished\":\"2022-06-27T21:03:39+00:00\",\"author\":{\"@id\":\"\"},\"breadcrumb\":{\"@id\":\"https:\\\/\\\/contabilidadecaxias.com.br\\\/index.php\\\/2022\\\/06\\\/27\\\/tst-promove-mesa-redonda-sobre-diversidade-e-pluralidade-no-ambiente-de-trabalho\\\/#breadcrumb\"},\"inLanguage\":\"pt-BR\",\"potentialAction\":[{\"@type\":\"ReadAction\",\"target\":[\"https:\\\/\\\/contabilidadecaxias.com.br\\\/index.php\\\/2022\\\/06\\\/27\\\/tst-promove-mesa-redonda-sobre-diversidade-e-pluralidade-no-ambiente-de-trabalho\\\/\"]}]},{\"@type\":\"ImageObject\",\"inLanguage\":\"pt-BR\",\"@id\":\"https:\\\/\\\/contabilidadecaxias.com.br\\\/index.php\\\/2022\\\/06\\\/27\\\/tst-promove-mesa-redonda-sobre-diversidade-e-pluralidade-no-ambiente-de-trabalho\\\/#primaryimage\",\"url\":\"https:\\\/\\\/contabilidadecaxias.com.br\\\/wp-content\\\/uploads\\\/2022\\\/06\\\/e64d1217-7110-e10c-e6a7-aa39661d1540-0qTcwb.png\",\"contentUrl\":\"https:\\\/\\\/contabilidadecaxias.com.br\\\/wp-content\\\/uploads\\\/2022\\\/06\\\/e64d1217-7110-e10c-e6a7-aa39661d1540-0qTcwb.png\",\"width\":1280,\"height\":720},{\"@type\":\"BreadcrumbList\",\"@id\":\"https:\\\/\\\/contabilidadecaxias.com.br\\\/index.php\\\/2022\\\/06\\\/27\\\/tst-promove-mesa-redonda-sobre-diversidade-e-pluralidade-no-ambiente-de-trabalho\\\/#breadcrumb\",\"itemListElement\":[{\"@type\":\"ListItem\",\"position\":1,\"name\":\"In\u00edcio\",\"item\":\"https:\\\/\\\/contabilidadecaxias.com.br\\\/\"},{\"@type\":\"ListItem\",\"position\":2,\"name\":\"TST promove mesa redonda sobre diversidade e pluralidade no ambiente de trabalho\"}]},{\"@type\":\"WebSite\",\"@id\":\"https:\\\/\\\/contabilidadecaxias.com.br\\\/#website\",\"url\":\"https:\\\/\\\/contabilidadecaxias.com.br\\\/\",\"name\":\"Contabilidade Caxias\",\"description\":\"Site especializado em Contabilidade para Caxias.\",\"potentialAction\":[{\"@type\":\"SearchAction\",\"target\":{\"@type\":\"EntryPoint\",\"urlTemplate\":\"https:\\\/\\\/contabilidadecaxias.com.br\\\/?s={search_term_string}\"},\"query-input\":{\"@type\":\"PropertyValueSpecification\",\"valueRequired\":true,\"valueName\":\"search_term_string\"}}],\"inLanguage\":\"pt-BR\"}]}<\/script>\n<!-- \/ Yoast SEO plugin. -->","yoast_head_json":{"title":"TST promove mesa redonda sobre diversidade e pluralidade no ambiente de trabalho - Contabilidade Caxias","robots":{"index":"index","follow":"follow","max-snippet":"max-snippet:-1","max-image-preview":"max-image-preview:large","max-video-preview":"max-video-preview:-1"},"canonical":"https:\/\/contabilidadecaxias.com.br\/index.php\/2022\/06\/27\/tst-promove-mesa-redonda-sobre-diversidade-e-pluralidade-no-ambiente-de-trabalho\/","og_locale":"pt_BR","og_type":"article","og_title":"TST promove mesa redonda sobre diversidade e pluralidade no ambiente de trabalho - Contabilidade Caxias","og_description":"Evento ser\u00e1 realizado de forma virtual, nesta quinta (30), a partir das 9h30 Banner do evento &#8220;Diversidade e Pluralidade no Ambiente de Trabalho&#8221;, na quinta-feira (30), \u00e0s 9h30 27\/06\/22 &#8211; O Tribunal Superior do Trabalho (TST) realizar\u00e1, nesta quinta-feira (30), a mesa redonda \u201cDiversidade e pluralidade no ambiente de trabalho\u201d. O evento ser\u00e1 transmitido apenas [&hellip;]","og_url":"https:\/\/contabilidadecaxias.com.br\/index.php\/2022\/06\/27\/tst-promove-mesa-redonda-sobre-diversidade-e-pluralidade-no-ambiente-de-trabalho\/","og_site_name":"Contabilidade Caxias","article_published_time":"2022-06-27T21:03:39+00:00","twitter_card":"summary_large_image","twitter_misc":{"Est. tempo de leitura":"1 minuto"},"schema":{"@context":"https:\/\/schema.org","@graph":[{"@type":"Article","@id":"https:\/\/contabilidadecaxias.com.br\/index.php\/2022\/06\/27\/tst-promove-mesa-redonda-sobre-diversidade-e-pluralidade-no-ambiente-de-trabalho\/#article","isPartOf":{"@id":"https:\/\/contabilidadecaxias.com.br\/index.php\/2022\/06\/27\/tst-promove-mesa-redonda-sobre-diversidade-e-pluralidade-no-ambiente-de-trabalho\/"},"author":{"name":"","@id":""},"headline":"TST promove mesa redonda sobre diversidade e pluralidade no ambiente de trabalho","datePublished":"2022-06-27T21:03:39+00:00","mainEntityOfPage":{"@id":"https:\/\/contabilidadecaxias.com.br\/index.php\/2022\/06\/27\/tst-promove-mesa-redonda-sobre-diversidade-e-pluralidade-no-ambiente-de-trabalho\/"},"wordCount":238,"commentCount":0,"image":{"@id":"https:\/\/contabilidadecaxias.com.br\/index.php\/2022\/06\/27\/tst-promove-mesa-redonda-sobre-diversidade-e-pluralidade-no-ambiente-de-trabalho\/#primaryimage"},"thumbnailUrl":"https:\/\/contabilidadecaxias.com.br\/wp-content\/uploads\/2022\/06\/e64d1217-7110-e10c-e6a7-aa39661d1540-0qTcwb.png","articleSection":["Educa\u00e7\u00e3o Financeira"],"inLanguage":"pt-BR","potentialAction":[{"@type":"CommentAction","name":"Comment","target":["https:\/\/contabilidadecaxias.com.br\/index.php\/2022\/06\/27\/tst-promove-mesa-redonda-sobre-diversidade-e-pluralidade-no-ambiente-de-trabalho\/#respond"]}]},{"@type":"WebPage","@id":"https:\/\/contabilidadecaxias.com.br\/index.php\/2022\/06\/27\/tst-promove-mesa-redonda-sobre-diversidade-e-pluralidade-no-ambiente-de-trabalho\/","url":"https:\/\/contabilidadecaxias.com.br\/index.php\/2022\/06\/27\/tst-promove-mesa-redonda-sobre-diversidade-e-pluralidade-no-ambiente-de-trabalho\/","name":"TST promove mesa redonda sobre diversidade e pluralidade no ambiente de trabalho - Contabilidade Caxias","isPartOf":{"@id":"https:\/\/contabilidadecaxias.com.br\/#website"},"primaryImageOfPage":{"@id":"https:\/\/contabilidadecaxias.com.br\/index.php\/2022\/06\/27\/tst-promove-mesa-redonda-sobre-diversidade-e-pluralidade-no-ambiente-de-trabalho\/#primaryimage"},"image":{"@id":"https:\/\/contabilidadecaxias.com.br\/index.php\/2022\/06\/27\/tst-promove-mesa-redonda-sobre-diversidade-e-pluralidade-no-ambiente-de-trabalho\/#primaryimage"},"thumbnailUrl":"https:\/\/contabilidadecaxias.com.br\/wp-content\/uploads\/2022\/06\/e64d1217-7110-e10c-e6a7-aa39661d1540-0qTcwb.png","datePublished":"2022-06-27T21:03:39+00:00","author":{"@id":""},"breadcrumb":{"@id":"https:\/\/contabilidadecaxias.com.br\/index.php\/2022\/06\/27\/tst-promove-mesa-redonda-sobre-diversidade-e-pluralidade-no-ambiente-de-trabalho\/#breadcrumb"},"inLanguage":"pt-BR","potentialAction":[{"@type":"ReadAction","target":["https:\/\/contabilidadecaxias.com.br\/index.php\/2022\/06\/27\/tst-promove-mesa-redonda-sobre-diversidade-e-pluralidade-no-ambiente-de-trabalho\/"]}]},{"@type":"ImageObject","inLanguage":"pt-BR","@id":"https:\/\/contabilidadecaxias.com.br\/index.php\/2022\/06\/27\/tst-promove-mesa-redonda-sobre-diversidade-e-pluralidade-no-ambiente-de-trabalho\/#primaryimage","url":"https:\/\/contabilidadecaxias.com.br\/wp-content\/uploads\/2022\/06\/e64d1217-7110-e10c-e6a7-aa39661d1540-0qTcwb.png","contentUrl":"https:\/\/contabilidadecaxias.com.br\/wp-content\/uploads\/2022\/06\/e64d1217-7110-e10c-e6a7-aa39661d1540-0qTcwb.png","width":1280,"height":720},{"@type":"BreadcrumbList","@id":"https:\/\/contabilidadecaxias.com.br\/index.php\/2022\/06\/27\/tst-promove-mesa-redonda-sobre-diversidade-e-pluralidade-no-ambiente-de-trabalho\/#breadcrumb","itemListElement":[{"@type":"ListItem","position":1,"name":"In\u00edcio","item":"https:\/\/contabilidadecaxias.com.br\/"},{"@type":"ListItem","position":2,"name":"TST promove mesa redonda sobre diversidade e pluralidade no ambiente de trabalho"}]},{"@type":"WebSite","@id":"https:\/\/contabilidadecaxias.com.br\/#website","url":"https:\/\/contabilidadecaxias.com.br\/","name":"Contabilidade Caxias","description":"Site especializado em Contabilidade para Caxias.","potentialAction":[{"@type":"SearchAction","target":{"@type":"EntryPoint","urlTemplate":"https:\/\/contabilidadecaxias.com.br\/?s={search_term_string}"},"query-input":{"@type":"PropertyValueSpecification","valueRequired":true,"valueName":"search_term_string"}}],"inLanguage":"pt-BR"}]}},"_links":{"self":[{"href":"https:\/\/contabilidadecaxias.com.br\/index.php\/wp-json\/wp\/v2\/posts\/11329","targetHints":{"allow":["GET"]}}],"collection":[{"href":"https:\/\/contabilidadecaxias.com.br\/index.php\/wp-json\/wp\/v2\/posts"}],"about":[{"href":"https:\/\/contabilidadecaxias.com.br\/index.php\/wp-json\/wp\/v2\/types\/post"}],"replies":[{"embeddable":true,"href":"https:\/\/contabilidadecaxias.com.br\/index.php\/wp-json\/wp\/v2\/comments?post=11329"}],"version-history":[{"count":0,"href":"https:\/\/contabilidadecaxias.com.br\/index.php\/wp-json\/wp\/v2\/posts\/11329\/revisions"}],"wp:featuredmedia":[{"embeddable":true,"href":"https:\/\/contabilidadecaxias.com.br\/index.php\/wp-json\/wp\/v2\/media\/11330"}],"wp:attachment":[{"href":"https:\/\/contabilidadecaxias.com.br\/index.php\/wp-json\/wp\/v2\/media?parent=11329"}],"wp:term":[{"taxonomy":"category","embeddable":true,"href":"https:\/\/contabilidadecaxias.com.br\/index.php\/wp-json\/wp\/v2\/categories?post=11329"},{"taxonomy":"post_tag","embeddable":true,"href":"https:\/\/contabilidadecaxias.com.br\/index.php\/wp-json\/wp\/v2\/tags?post=11329"}],"curies":[{"name":"wp","href":"https:\/\/api.w.org\/{rel}","templated":true}]}}