{"id":11315,"date":"2022-06-27T12:03:51","date_gmt":"2022-06-27T15:03:51","guid":{"rendered":"https:\/\/contabilidadecaxias.com.br\/index.php\/2022\/06\/27\/mantido-valor-de-indenizacao-a-bancario-sequestrado-com-a-familia\/"},"modified":"2022-06-27T12:03:51","modified_gmt":"2022-06-27T15:03:51","slug":"mantido-valor-de-indenizacao-a-bancario-sequestrado-com-a-familia","status":"publish","type":"post","link":"https:\/\/contabilidadecaxias.com.br\/index.php\/2022\/06\/27\/mantido-valor-de-indenizacao-a-bancario-sequestrado-com-a-familia\/","title":{"rendered":"Mantido valor de indeniza\u00e7\u00e3o a banc\u00e1rio sequestrado com a fam\u00edlia\u00a0"},"content":{"rendered":"<div class=\"noticia-wrapper\">\n<p><em><\/p>\n<p>O valor de R$ 100 mil foi considerado razo\u00e1vel pela 8\u00aa Turma<\/p>\n<p><\/em><\/p>\n<div class=\"social-media-share mobile\">\n        <a class=\"share-facebook\" href=\"https:\/\/www.facebook.com\/sharer.php?u=https:\/\/www.tst.jus.br\/-\/mantido-valor-de-indeniza%C3%A7%C3%A3o-a-banc%C3%A1rio-sequestrado-com-a-fam%C3%ADlia%C2%A0\" target=\"_blank\" rel=\"noopener\"><\/a><br \/>\n        <a class=\"share-twitter\" href=\"https:\/\/twitter.com\/intent\/tweet?text=Mantido%20valor%20de%20indeniza%C3%A7%C3%A3o%20a%20banc%C3%A1rio%20sequestrado%20com%20a%20fam%C3%ADlia%C2%A0%0AVeja%20mais%20em:&amp;url=https:\/\/www.tst.jus.br\/-\/mantido-valor-de-indeniza%C3%A7%C3%A3o-a-banc%C3%A1rio-sequestrado-com-a-fam%C3%ADlia%C2%A0\" target=\"_blank\" rel=\"noopener\"><\/a><br \/>\n        <a class=\"share-linkedin\" href=\"https:\/\/www.linkedin.com\/shareArticle?mini=true&amp;url=https:\/\/www.tst.jus.br\/-\/mantido-valor-de-indeniza%C3%A7%C3%A3o-a-banc%C3%A1rio-sequestrado-com-a-fam%C3%ADlia%C2%A0&amp;title=Mantido%20valor%20de%20indeniza%C3%A7%C3%A3o%20a%20banc%C3%A1rio%20sequestrado%20com%20a%20fam%C3%ADlia%C2%A0\" target=\"_blank\" rel=\"noopener\"><\/a><br \/>\n        <a class=\"share-whatsapp\" href=\"https:\/\/web.whatsapp.com\/send?text=https:\/\/www.tst.jus.br\/-\/mantido-valor-de-indeniza%C3%A7%C3%A3o-a-banc%C3%A1rio-sequestrado-com-a-fam%C3%ADlia%C2%A0\" target=\"_blank\" rel=\"noopener\"><\/a><br \/>\n        <a class=\"share-googleplus\" href=\"https:\/\/plus.google.com\/share?url=https:\/\/www.tst.jus.br\/-\/mantido-valor-de-indeniza%C3%A7%C3%A3o-a-banc%C3%A1rio-sequestrado-com-a-fam%C3%ADlia%C2%A0\" target=\"_blank\" rel=\"noopener\"><\/a>\n    <\/div>\n<div class=\"news-body\">\n<div class=\"imagem-da-noticia\">\n<p>Ministra Dela\u00edde Arantes<\/p>\n<div class=\"social-media-share\">\n                    <a class=\"share-facebook\" href=\"https:\/\/www.facebook.com\/sharer.php?u=https:\/\/www.tst.jus.br\/-\/mantido-valor-de-indeniza%C3%A7%C3%A3o-a-banc%C3%A1rio-sequestrado-com-a-fam%C3%ADlia%C2%A0\" target=\"_blank\" rel=\"noopener\"><\/a><br \/>\n                    <a class=\"share-twitter\" href=\"https:\/\/twitter.com\/intent\/tweet?text=Mantido%20valor%20de%20indeniza%C3%A7%C3%A3o%20a%20banc%C3%A1rio%20sequestrado%20com%20a%20fam%C3%ADlia%C2%A0%0AVeja%20mais%20em:&amp;url=https:\/\/www.tst.jus.br\/-\/mantido-valor-de-indeniza%C3%A7%C3%A3o-a-banc%C3%A1rio-sequestrado-com-a-fam%C3%ADlia%C2%A0\" target=\"_blank\" rel=\"noopener\"><\/a><br \/>\n                    <a class=\"share-linkedin\" href=\"https:\/\/www.linkedin.com\/shareArticle?mini=true&amp;url=https:\/\/www.tst.jus.br\/-\/mantido-valor-de-indeniza%C3%A7%C3%A3o-a-banc%C3%A1rio-sequestrado-com-a-fam%C3%ADlia%C2%A0&amp;title=Mantido%20valor%20de%20indeniza%C3%A7%C3%A3o%20a%20banc%C3%A1rio%20sequestrado%20com%20a%20fam%C3%ADlia%C2%A0\" target=\"_blank\" rel=\"noopener\"><\/a><br \/>\n                    <a class=\"share-whatsapp\" href=\"https:\/\/web.whatsapp.com\/send?text=https:\/\/www.tst.jus.br\/-\/mantido-valor-de-indeniza%C3%A7%C3%A3o-a-banc%C3%A1rio-sequestrado-com-a-fam%C3%ADlia%C2%A0\" target=\"_blank\" rel=\"noopener\"><\/a><br \/>\n                    <a class=\"share-googleplus\" href=\"https:\/\/plus.google.com\/share?url=https:\/\/www.tst.jus.br\/-\/mantido-valor-de-indeniza%C3%A7%C3%A3o-a-banc%C3%A1rio-sequestrado-com-a-fam%C3%ADlia%C2%A0\" target=\"_blank\" rel=\"noopener\"><\/a>\n                <\/div>\n<\/p><\/div>\n<div class=\"materia\">\n<p>27\/06\/22 &#8211; A Oitava Turma do Tribunal Superior do Trabalho manteve a condena\u00e7\u00e3o da Caixa Econ\u00f4mica Federal (CEF) ao pagamento de indeniza\u00e7\u00e3o de R$ 100 mil a um banc\u00e1rio de Novo Repartimento (PA) que, junto com a fam\u00edlia, ficou ref\u00e9m de criminosos que planejavam assaltar a ag\u00eancia banc\u00e1ria em que trabalhava. A CEF recorreu por considerar \u201cexorbitante\u201d o valor, mas, para o colegiado, ele \u00e9 proporcional ao dano.<\/p>\n<h4>Assalto<\/h4>\n<p>Tesoureiro executivo, o empregado e a fam\u00edlia foram v\u00edtimas, em agosto de 2019, de criminosos que invadiram sua resid\u00eancia para obter informa\u00e7\u00f5es para roubar a ag\u00eancia banc\u00e1ria em que ele trabalhava. Em seguida, foi levado ao local. Na a\u00e7\u00e3o trabalhista, ele disse que a CEF havia negado seu pedido de transfer\u00eancia e de ajuda psicol\u00f3gica, que, segundo ele, eram asseguradas por normativo interno.<\/p>\n<h4>Condena\u00e7\u00e3o<\/h4>\n<p>O ju\u00edzo da 11\u00aa Vara do Trabalho de Bel\u00e9m condenou a Caixa a pagar indeniza\u00e7\u00e3o de R$ 50 mil, e o valor foi aumentado pelo Tribunal Regional do Trabalho da 8\u00aa Regi\u00e3o (PA\/AP) para R$ 100 mil. Para o TRT, o empregado havia sofrido danos ao seu patrim\u00f4nio imaterial, e o assalto s\u00f3 ocorrera em raz\u00e3o do trabalho exercido por ele.<\/p>\n<h4>Exorbitante<\/h4>\n<p>Em recurso, a CEF contestou o valor, sustentando que, al\u00e9m de \u201cexorbitante\u201d, teria deixado de observar o princ\u00edpio da razoabilidade e a propor\u00e7\u00e3o em rela\u00e7\u00e3o ao dano causado ao empregado.<\/p>\n<h4>Valor mantido<\/h4>\n<p>A relatora do recurso, ministra Dela\u00edde Miranda Arantes, observou que o TRT, ao fixar o valor de R$ 100 mil, levou em conta a gravidade do ocorrido (sequestro do empregado e de seus familiares e danos ps\u00edquicos decorrentes) e a responsabilidade da CEF, \u201cque deixou de tomar provid\u00eancias a fim de reduzir os danos e amparar a fam\u00edlia do trabalhador\u201d.\u00a0<\/p>\n<p>Para a ministra, o porte financeiro da institui\u00e7\u00e3o e o car\u00e1ter punitivo e pedag\u00f3gico da pena atendem aos princ\u00edpios da proporcionalidade e da razoabilidade.<\/p>\n<p>A decis\u00e3o foi un\u00e2nime.<\/p>\n<p>(RR\/CF)<\/p>\n<p>Processo: <a href=\"https:\/\/consultaprocessual.tst.jus.br\/consultaProcessual\/consultaTstNumUnica.do?consulta=Consultar&amp;conscsjt=&amp;numeroTst=51&amp;digitoTst=33&amp;anoTst=2020&amp;orgaoTst=5&amp;tribunalTst=08&amp;varaTst=0011&amp;submit=Consultar\" target=\"_blank\" rel=\"noopener\">RR-51-33.2020.5.08.0011<\/a><\/p>\n<p><em>Esta mat\u00e9ria tem cunho meramente informativo.<br \/>\nPermitida a reprodu\u00e7\u00e3o mediante cita\u00e7\u00e3o da fonte.<br \/>\nSecretaria de Comunica\u00e7\u00e3o Social<br \/>\n<a href=\"https:\/\/www.tst.jus.br\/\" target=\"_blank\" rel=\"noopener\">Tribunal Superior do Trabalho<\/a><br \/>\nTel. (61) 3043-4907<br \/>\n<a href=\"mailto:secom@tst.jus.br\" target=\"\" rel=\"noopener\">secom@tst.jus.br<\/a><\/em><\/p>\n<\/div><\/div>\n<\/div>\n","protected":false},"excerpt":{"rendered":"<p>O valor de R$ 100 mil foi considerado razo\u00e1vel pela 8\u00aa Turma Ministra Dela\u00edde Arantes 27\/06\/22 &#8211; A Oitava Turma do Tribunal Superior do Trabalho manteve a condena\u00e7\u00e3o da Caixa Econ\u00f4mica Federal (CEF) ao pagamento de indeniza\u00e7\u00e3o de R$ 100 mil a um banc\u00e1rio de Novo Repartimento (PA) que, junto com a fam\u00edlia, ficou ref\u00e9m [&hellip;]<\/p>\n","protected":false},"author":0,"featured_media":11316,"comment_status":"open","ping_status":"","sticky":false,"template":"","format":"standard","meta":{"footnotes":""},"categories":[5],"tags":[],"class_list":["post-11315","post","type-post","status-publish","format-standard","has-post-thumbnail","hentry","category-noticias-educacao-financeira"],"blocksy_meta":{"styles_descriptor":{"styles":{"desktop":"","tablet":"","mobile":""},"google_fonts":[],"version":6}},"yoast_head":"<!-- This site is optimized with the Yoast SEO plugin v27.4 - https:\/\/yoast.com\/product\/yoast-seo-wordpress\/ -->\n<title>Mantido valor de indeniza\u00e7\u00e3o a banc\u00e1rio sequestrado com a fam\u00edlia\u00a0 - Contabilidade Caxias<\/title>\n<meta name=\"robots\" content=\"index, follow, max-snippet:-1, max-image-preview:large, max-video-preview:-1\" \/>\n<link rel=\"canonical\" href=\"https:\/\/contabilidadecaxias.com.br\/index.php\/2022\/06\/27\/mantido-valor-de-indenizacao-a-bancario-sequestrado-com-a-familia\/\" \/>\n<meta property=\"og:locale\" content=\"pt_BR\" \/>\n<meta property=\"og:type\" content=\"article\" \/>\n<meta property=\"og:title\" content=\"Mantido valor de indeniza\u00e7\u00e3o a banc\u00e1rio sequestrado com a fam\u00edlia\u00a0 - Contabilidade Caxias\" \/>\n<meta property=\"og:description\" content=\"O valor de R$ 100 mil foi considerado razo\u00e1vel pela 8\u00aa Turma Ministra Dela\u00edde Arantes 27\/06\/22 &#8211; A Oitava Turma do Tribunal Superior do Trabalho manteve a condena\u00e7\u00e3o da Caixa Econ\u00f4mica Federal (CEF) ao pagamento de indeniza\u00e7\u00e3o de R$ 100 mil a um banc\u00e1rio de Novo Repartimento (PA) que, junto com a fam\u00edlia, ficou ref\u00e9m [&hellip;]\" \/>\n<meta property=\"og:url\" content=\"https:\/\/contabilidadecaxias.com.br\/index.php\/2022\/06\/27\/mantido-valor-de-indenizacao-a-bancario-sequestrado-com-a-familia\/\" \/>\n<meta property=\"og:site_name\" content=\"Contabilidade Caxias\" \/>\n<meta property=\"article:published_time\" content=\"2022-06-27T15:03:51+00:00\" \/>\n<meta name=\"twitter:card\" content=\"summary_large_image\" \/>\n<meta name=\"twitter:label1\" content=\"Est. tempo de leitura\" \/>\n\t<meta name=\"twitter:data1\" content=\"2 minutos\" \/>\n<script type=\"application\/ld+json\" class=\"yoast-schema-graph\">{\"@context\":\"https:\\\/\\\/schema.org\",\"@graph\":[{\"@type\":\"Article\",\"@id\":\"https:\\\/\\\/contabilidadecaxias.com.br\\\/index.php\\\/2022\\\/06\\\/27\\\/mantido-valor-de-indenizacao-a-bancario-sequestrado-com-a-familia\\\/#article\",\"isPartOf\":{\"@id\":\"https:\\\/\\\/contabilidadecaxias.com.br\\\/index.php\\\/2022\\\/06\\\/27\\\/mantido-valor-de-indenizacao-a-bancario-sequestrado-com-a-familia\\\/\"},\"author\":{\"name\":\"\",\"@id\":\"\"},\"headline\":\"Mantido valor de indeniza\u00e7\u00e3o a banc\u00e1rio sequestrado com a fam\u00edlia\u00a0\",\"datePublished\":\"2022-06-27T15:03:51+00:00\",\"mainEntityOfPage\":{\"@id\":\"https:\\\/\\\/contabilidadecaxias.com.br\\\/index.php\\\/2022\\\/06\\\/27\\\/mantido-valor-de-indenizacao-a-bancario-sequestrado-com-a-familia\\\/\"},\"wordCount\":409,\"commentCount\":0,\"image\":{\"@id\":\"https:\\\/\\\/contabilidadecaxias.com.br\\\/index.php\\\/2022\\\/06\\\/27\\\/mantido-valor-de-indenizacao-a-bancario-sequestrado-com-a-familia\\\/#primaryimage\"},\"thumbnailUrl\":\"https:\\\/\\\/contabilidadecaxias.com.br\\\/wp-content\\\/uploads\\\/2022\\\/06\\\/05cec1e3-833e-64a0-f85f-e5599e018bc7-xvOjnq.jpeg\",\"articleSection\":[\"Educa\u00e7\u00e3o Financeira\"],\"inLanguage\":\"pt-BR\",\"potentialAction\":[{\"@type\":\"CommentAction\",\"name\":\"Comment\",\"target\":[\"https:\\\/\\\/contabilidadecaxias.com.br\\\/index.php\\\/2022\\\/06\\\/27\\\/mantido-valor-de-indenizacao-a-bancario-sequestrado-com-a-familia\\\/#respond\"]}]},{\"@type\":\"WebPage\",\"@id\":\"https:\\\/\\\/contabilidadecaxias.com.br\\\/index.php\\\/2022\\\/06\\\/27\\\/mantido-valor-de-indenizacao-a-bancario-sequestrado-com-a-familia\\\/\",\"url\":\"https:\\\/\\\/contabilidadecaxias.com.br\\\/index.php\\\/2022\\\/06\\\/27\\\/mantido-valor-de-indenizacao-a-bancario-sequestrado-com-a-familia\\\/\",\"name\":\"Mantido valor de indeniza\u00e7\u00e3o a banc\u00e1rio sequestrado com a fam\u00edlia\u00a0 - Contabilidade Caxias\",\"isPartOf\":{\"@id\":\"https:\\\/\\\/contabilidadecaxias.com.br\\\/#website\"},\"primaryImageOfPage\":{\"@id\":\"https:\\\/\\\/contabilidadecaxias.com.br\\\/index.php\\\/2022\\\/06\\\/27\\\/mantido-valor-de-indenizacao-a-bancario-sequestrado-com-a-familia\\\/#primaryimage\"},\"image\":{\"@id\":\"https:\\\/\\\/contabilidadecaxias.com.br\\\/index.php\\\/2022\\\/06\\\/27\\\/mantido-valor-de-indenizacao-a-bancario-sequestrado-com-a-familia\\\/#primaryimage\"},\"thumbnailUrl\":\"https:\\\/\\\/contabilidadecaxias.com.br\\\/wp-content\\\/uploads\\\/2022\\\/06\\\/05cec1e3-833e-64a0-f85f-e5599e018bc7-xvOjnq.jpeg\",\"datePublished\":\"2022-06-27T15:03:51+00:00\",\"author\":{\"@id\":\"\"},\"breadcrumb\":{\"@id\":\"https:\\\/\\\/contabilidadecaxias.com.br\\\/index.php\\\/2022\\\/06\\\/27\\\/mantido-valor-de-indenizacao-a-bancario-sequestrado-com-a-familia\\\/#breadcrumb\"},\"inLanguage\":\"pt-BR\",\"potentialAction\":[{\"@type\":\"ReadAction\",\"target\":[\"https:\\\/\\\/contabilidadecaxias.com.br\\\/index.php\\\/2022\\\/06\\\/27\\\/mantido-valor-de-indenizacao-a-bancario-sequestrado-com-a-familia\\\/\"]}]},{\"@type\":\"ImageObject\",\"inLanguage\":\"pt-BR\",\"@id\":\"https:\\\/\\\/contabilidadecaxias.com.br\\\/index.php\\\/2022\\\/06\\\/27\\\/mantido-valor-de-indenizacao-a-bancario-sequestrado-com-a-familia\\\/#primaryimage\",\"url\":\"https:\\\/\\\/contabilidadecaxias.com.br\\\/wp-content\\\/uploads\\\/2022\\\/06\\\/05cec1e3-833e-64a0-f85f-e5599e018bc7-xvOjnq.jpeg\",\"contentUrl\":\"https:\\\/\\\/contabilidadecaxias.com.br\\\/wp-content\\\/uploads\\\/2022\\\/06\\\/05cec1e3-833e-64a0-f85f-e5599e018bc7-xvOjnq.jpeg\",\"width\":1280,\"height\":853},{\"@type\":\"BreadcrumbList\",\"@id\":\"https:\\\/\\\/contabilidadecaxias.com.br\\\/index.php\\\/2022\\\/06\\\/27\\\/mantido-valor-de-indenizacao-a-bancario-sequestrado-com-a-familia\\\/#breadcrumb\",\"itemListElement\":[{\"@type\":\"ListItem\",\"position\":1,\"name\":\"In\u00edcio\",\"item\":\"https:\\\/\\\/contabilidadecaxias.com.br\\\/\"},{\"@type\":\"ListItem\",\"position\":2,\"name\":\"Mantido valor de indeniza\u00e7\u00e3o a banc\u00e1rio sequestrado com a fam\u00edlia\u00a0\"}]},{\"@type\":\"WebSite\",\"@id\":\"https:\\\/\\\/contabilidadecaxias.com.br\\\/#website\",\"url\":\"https:\\\/\\\/contabilidadecaxias.com.br\\\/\",\"name\":\"Contabilidade Caxias\",\"description\":\"Site especializado em Contabilidade para Caxias.\",\"potentialAction\":[{\"@type\":\"SearchAction\",\"target\":{\"@type\":\"EntryPoint\",\"urlTemplate\":\"https:\\\/\\\/contabilidadecaxias.com.br\\\/?s={search_term_string}\"},\"query-input\":{\"@type\":\"PropertyValueSpecification\",\"valueRequired\":true,\"valueName\":\"search_term_string\"}}],\"inLanguage\":\"pt-BR\"}]}<\/script>\n<!-- \/ Yoast SEO plugin. -->","yoast_head_json":{"title":"Mantido valor de indeniza\u00e7\u00e3o a banc\u00e1rio sequestrado com a fam\u00edlia\u00a0 - Contabilidade Caxias","robots":{"index":"index","follow":"follow","max-snippet":"max-snippet:-1","max-image-preview":"max-image-preview:large","max-video-preview":"max-video-preview:-1"},"canonical":"https:\/\/contabilidadecaxias.com.br\/index.php\/2022\/06\/27\/mantido-valor-de-indenizacao-a-bancario-sequestrado-com-a-familia\/","og_locale":"pt_BR","og_type":"article","og_title":"Mantido valor de indeniza\u00e7\u00e3o a banc\u00e1rio sequestrado com a fam\u00edlia\u00a0 - Contabilidade Caxias","og_description":"O valor de R$ 100 mil foi considerado razo\u00e1vel pela 8\u00aa Turma Ministra Dela\u00edde Arantes 27\/06\/22 &#8211; A Oitava Turma do Tribunal Superior do Trabalho manteve a condena\u00e7\u00e3o da Caixa Econ\u00f4mica Federal (CEF) ao pagamento de indeniza\u00e7\u00e3o de R$ 100 mil a um banc\u00e1rio de Novo Repartimento (PA) que, junto com a fam\u00edlia, ficou ref\u00e9m [&hellip;]","og_url":"https:\/\/contabilidadecaxias.com.br\/index.php\/2022\/06\/27\/mantido-valor-de-indenizacao-a-bancario-sequestrado-com-a-familia\/","og_site_name":"Contabilidade Caxias","article_published_time":"2022-06-27T15:03:51+00:00","twitter_card":"summary_large_image","twitter_misc":{"Est. tempo de leitura":"2 minutos"},"schema":{"@context":"https:\/\/schema.org","@graph":[{"@type":"Article","@id":"https:\/\/contabilidadecaxias.com.br\/index.php\/2022\/06\/27\/mantido-valor-de-indenizacao-a-bancario-sequestrado-com-a-familia\/#article","isPartOf":{"@id":"https:\/\/contabilidadecaxias.com.br\/index.php\/2022\/06\/27\/mantido-valor-de-indenizacao-a-bancario-sequestrado-com-a-familia\/"},"author":{"name":"","@id":""},"headline":"Mantido valor de indeniza\u00e7\u00e3o a banc\u00e1rio sequestrado com a fam\u00edlia\u00a0","datePublished":"2022-06-27T15:03:51+00:00","mainEntityOfPage":{"@id":"https:\/\/contabilidadecaxias.com.br\/index.php\/2022\/06\/27\/mantido-valor-de-indenizacao-a-bancario-sequestrado-com-a-familia\/"},"wordCount":409,"commentCount":0,"image":{"@id":"https:\/\/contabilidadecaxias.com.br\/index.php\/2022\/06\/27\/mantido-valor-de-indenizacao-a-bancario-sequestrado-com-a-familia\/#primaryimage"},"thumbnailUrl":"https:\/\/contabilidadecaxias.com.br\/wp-content\/uploads\/2022\/06\/05cec1e3-833e-64a0-f85f-e5599e018bc7-xvOjnq.jpeg","articleSection":["Educa\u00e7\u00e3o Financeira"],"inLanguage":"pt-BR","potentialAction":[{"@type":"CommentAction","name":"Comment","target":["https:\/\/contabilidadecaxias.com.br\/index.php\/2022\/06\/27\/mantido-valor-de-indenizacao-a-bancario-sequestrado-com-a-familia\/#respond"]}]},{"@type":"WebPage","@id":"https:\/\/contabilidadecaxias.com.br\/index.php\/2022\/06\/27\/mantido-valor-de-indenizacao-a-bancario-sequestrado-com-a-familia\/","url":"https:\/\/contabilidadecaxias.com.br\/index.php\/2022\/06\/27\/mantido-valor-de-indenizacao-a-bancario-sequestrado-com-a-familia\/","name":"Mantido valor de indeniza\u00e7\u00e3o a banc\u00e1rio sequestrado com a fam\u00edlia\u00a0 - Contabilidade Caxias","isPartOf":{"@id":"https:\/\/contabilidadecaxias.com.br\/#website"},"primaryImageOfPage":{"@id":"https:\/\/contabilidadecaxias.com.br\/index.php\/2022\/06\/27\/mantido-valor-de-indenizacao-a-bancario-sequestrado-com-a-familia\/#primaryimage"},"image":{"@id":"https:\/\/contabilidadecaxias.com.br\/index.php\/2022\/06\/27\/mantido-valor-de-indenizacao-a-bancario-sequestrado-com-a-familia\/#primaryimage"},"thumbnailUrl":"https:\/\/contabilidadecaxias.com.br\/wp-content\/uploads\/2022\/06\/05cec1e3-833e-64a0-f85f-e5599e018bc7-xvOjnq.jpeg","datePublished":"2022-06-27T15:03:51+00:00","author":{"@id":""},"breadcrumb":{"@id":"https:\/\/contabilidadecaxias.com.br\/index.php\/2022\/06\/27\/mantido-valor-de-indenizacao-a-bancario-sequestrado-com-a-familia\/#breadcrumb"},"inLanguage":"pt-BR","potentialAction":[{"@type":"ReadAction","target":["https:\/\/contabilidadecaxias.com.br\/index.php\/2022\/06\/27\/mantido-valor-de-indenizacao-a-bancario-sequestrado-com-a-familia\/"]}]},{"@type":"ImageObject","inLanguage":"pt-BR","@id":"https:\/\/contabilidadecaxias.com.br\/index.php\/2022\/06\/27\/mantido-valor-de-indenizacao-a-bancario-sequestrado-com-a-familia\/#primaryimage","url":"https:\/\/contabilidadecaxias.com.br\/wp-content\/uploads\/2022\/06\/05cec1e3-833e-64a0-f85f-e5599e018bc7-xvOjnq.jpeg","contentUrl":"https:\/\/contabilidadecaxias.com.br\/wp-content\/uploads\/2022\/06\/05cec1e3-833e-64a0-f85f-e5599e018bc7-xvOjnq.jpeg","width":1280,"height":853},{"@type":"BreadcrumbList","@id":"https:\/\/contabilidadecaxias.com.br\/index.php\/2022\/06\/27\/mantido-valor-de-indenizacao-a-bancario-sequestrado-com-a-familia\/#breadcrumb","itemListElement":[{"@type":"ListItem","position":1,"name":"In\u00edcio","item":"https:\/\/contabilidadecaxias.com.br\/"},{"@type":"ListItem","position":2,"name":"Mantido valor de indeniza\u00e7\u00e3o a banc\u00e1rio sequestrado com a fam\u00edlia\u00a0"}]},{"@type":"WebSite","@id":"https:\/\/contabilidadecaxias.com.br\/#website","url":"https:\/\/contabilidadecaxias.com.br\/","name":"Contabilidade Caxias","description":"Site especializado em Contabilidade para Caxias.","potentialAction":[{"@type":"SearchAction","target":{"@type":"EntryPoint","urlTemplate":"https:\/\/contabilidadecaxias.com.br\/?s={search_term_string}"},"query-input":{"@type":"PropertyValueSpecification","valueRequired":true,"valueName":"search_term_string"}}],"inLanguage":"pt-BR"}]}},"_links":{"self":[{"href":"https:\/\/contabilidadecaxias.com.br\/index.php\/wp-json\/wp\/v2\/posts\/11315","targetHints":{"allow":["GET"]}}],"collection":[{"href":"https:\/\/contabilidadecaxias.com.br\/index.php\/wp-json\/wp\/v2\/posts"}],"about":[{"href":"https:\/\/contabilidadecaxias.com.br\/index.php\/wp-json\/wp\/v2\/types\/post"}],"replies":[{"embeddable":true,"href":"https:\/\/contabilidadecaxias.com.br\/index.php\/wp-json\/wp\/v2\/comments?post=11315"}],"version-history":[{"count":0,"href":"https:\/\/contabilidadecaxias.com.br\/index.php\/wp-json\/wp\/v2\/posts\/11315\/revisions"}],"wp:featuredmedia":[{"embeddable":true,"href":"https:\/\/contabilidadecaxias.com.br\/index.php\/wp-json\/wp\/v2\/media\/11316"}],"wp:attachment":[{"href":"https:\/\/contabilidadecaxias.com.br\/index.php\/wp-json\/wp\/v2\/media?parent=11315"}],"wp:term":[{"taxonomy":"category","embeddable":true,"href":"https:\/\/contabilidadecaxias.com.br\/index.php\/wp-json\/wp\/v2\/categories?post=11315"},{"taxonomy":"post_tag","embeddable":true,"href":"https:\/\/contabilidadecaxias.com.br\/index.php\/wp-json\/wp\/v2\/tags?post=11315"}],"curies":[{"name":"wp","href":"https:\/\/api.w.org\/{rel}","templated":true}]}}