{"id":11295,"date":"2022-06-24T15:02:08","date_gmt":"2022-06-24T18:02:08","guid":{"rendered":"https:\/\/contabilidadecaxias.com.br\/index.php\/2022\/06\/24\/quem-e-quem-presidencia-secretaria-geral-da-presidencia-diretoria-geral-secretaria-de-gestao-de-pessoas-divisao-de-preparacao-de-pagamento-de-pessoal\/"},"modified":"2022-06-24T15:02:08","modified_gmt":"2022-06-24T18:02:08","slug":"quem-e-quem-presidencia-secretaria-geral-da-presidencia-diretoria-geral-secretaria-de-gestao-de-pessoas-divisao-de-preparacao-de-pagamento-de-pessoal","status":"publish","type":"post","link":"https:\/\/contabilidadecaxias.com.br\/index.php\/2022\/06\/24\/quem-e-quem-presidencia-secretaria-geral-da-presidencia-diretoria-geral-secretaria-de-gestao-de-pessoas-divisao-de-preparacao-de-pagamento-de-pessoal\/","title":{"rendered":"Quem \u00e9 Quem &#8211; Presid\u00eancia &#8211; Secretaria Geral da Presid\u00eancia &#8211; Diretoria-Geral &#8211; Secretaria de Gest\u00e3o de Pessoas &#8211; Divis\u00e3o de Prepara\u00e7\u00e3o de Pagamento de Pessoal"},"content":{"rendered":"<h3>Chefe da Divis\u00e3o de Prepara\u00e7\u00e3o de Pagamento de Pessoal<\/h3>\n<h3>Fernando Augusto Faria de Moraes Rego<\/h3>\n<p>Bacharel\u00a0em Direito pela Faculdade de Direito da Universidade de Bras\u00edlia \u2013 UnB e\u00a0Curso de Atualiza\u00e7\u00e3o e Pr\u00e1tica das Ci\u00eancias Jur\u00eddicas, pela Escola Superior de Advocacia \u2013 ESA.<\/p>\n<p>No TST, atuou como\u00a0Assessor do Ministro Wagner Pimenta no per\u00edodo de 08\/08\/2001 a 03\/10\/2002;\u00a0Assessor do Desembargador Convocado Luiz Phillipe Vieira de Mello Filho no per\u00edodo de 04\/10\/2002 a 28\/07\/2003;\u00a0Assessor do Ministro Lelio Bentes Corr\u00eaa no per\u00edodo de 29\/07\/2003 a 26\/11\/2017;\u00a0Assessor B do Gabinete do Diretor-Geral da Secretaria de 27\/11\/2017 a 16\/02\/2022.<\/p>\n<p><strong>Telefone:<\/strong> (61) 3043-4500<\/p>\n<p><strong>e-mail:\u00a0<\/strong><a href=\"mailto:dippp@tst.jus.br\">dippp@tst.jus.br<\/a><\/p>\n<p><strong>Sala:<\/strong>\u00a0A3.137<\/p>\n<p>\u00a0<\/p>\n","protected":false},"excerpt":{"rendered":"<p>Chefe da Divis\u00e3o de Prepara\u00e7\u00e3o de Pagamento de Pessoal Fernando Augusto Faria de Moraes Rego Bacharel\u00a0em Direito pela Faculdade de Direito da Universidade de Bras\u00edlia \u2013 UnB e\u00a0Curso de Atualiza\u00e7\u00e3o e Pr\u00e1tica das Ci\u00eancias Jur\u00eddicas, pela Escola Superior de Advocacia \u2013 ESA. No TST, atuou como\u00a0Assessor do Ministro Wagner Pimenta no per\u00edodo de 08\/08\/2001 a [&hellip;]<\/p>\n","protected":false},"author":0,"featured_media":0,"comment_status":"open","ping_status":"","sticky":false,"template":"","format":"standard","meta":{"footnotes":""},"categories":[5],"tags":[],"class_list":["post-11295","post","type-post","status-publish","format-standard","hentry","category-noticias-educacao-financeira"],"blocksy_meta":{"styles_descriptor":{"styles":{"desktop":"","tablet":"","mobile":""},"google_fonts":[],"version":6}},"yoast_head":"<!-- This site is optimized with the Yoast SEO plugin v27.4 - https:\/\/yoast.com\/product\/yoast-seo-wordpress\/ -->\n<title>Quem \u00e9 Quem - Presid\u00eancia - Secretaria Geral da Presid\u00eancia - Diretoria-Geral - Secretaria de Gest\u00e3o de Pessoas - Divis\u00e3o de Prepara\u00e7\u00e3o de Pagamento de Pessoal - Contabilidade Caxias<\/title>\n<meta name=\"robots\" content=\"index, follow, max-snippet:-1, max-image-preview:large, max-video-preview:-1\" \/>\n<link rel=\"canonical\" href=\"https:\/\/contabilidadecaxias.com.br\/index.php\/2022\/06\/24\/quem-e-quem-presidencia-secretaria-geral-da-presidencia-diretoria-geral-secretaria-de-gestao-de-pessoas-divisao-de-preparacao-de-pagamento-de-pessoal\/\" \/>\n<meta property=\"og:locale\" content=\"pt_BR\" \/>\n<meta property=\"og:type\" content=\"article\" \/>\n<meta property=\"og:title\" content=\"Quem \u00e9 Quem - Presid\u00eancia - Secretaria Geral da Presid\u00eancia - Diretoria-Geral - Secretaria de Gest\u00e3o de Pessoas - Divis\u00e3o de Prepara\u00e7\u00e3o de Pagamento de Pessoal - Contabilidade Caxias\" \/>\n<meta property=\"og:description\" content=\"Chefe da Divis\u00e3o de Prepara\u00e7\u00e3o de Pagamento de Pessoal Fernando Augusto Faria de Moraes Rego Bacharel\u00a0em Direito pela Faculdade de Direito da Universidade de Bras\u00edlia \u2013 UnB e\u00a0Curso de Atualiza\u00e7\u00e3o e Pr\u00e1tica das Ci\u00eancias Jur\u00eddicas, pela Escola Superior de Advocacia \u2013 ESA. No TST, atuou como\u00a0Assessor do Ministro Wagner Pimenta no per\u00edodo de 08\/08\/2001 a [&hellip;]\" \/>\n<meta property=\"og:url\" content=\"https:\/\/contabilidadecaxias.com.br\/index.php\/2022\/06\/24\/quem-e-quem-presidencia-secretaria-geral-da-presidencia-diretoria-geral-secretaria-de-gestao-de-pessoas-divisao-de-preparacao-de-pagamento-de-pessoal\/\" \/>\n<meta property=\"og:site_name\" content=\"Contabilidade Caxias\" \/>\n<meta property=\"article:published_time\" content=\"2022-06-24T18:02:08+00:00\" \/>\n<meta name=\"twitter:card\" content=\"summary_large_image\" \/>\n<meta name=\"twitter:label1\" content=\"Est. tempo de leitura\" \/>\n\t<meta name=\"twitter:data1\" content=\"1 minuto\" \/>\n<script type=\"application\/ld+json\" class=\"yoast-schema-graph\">{\"@context\":\"https:\\\/\\\/schema.org\",\"@graph\":[{\"@type\":\"Article\",\"@id\":\"https:\\\/\\\/contabilidadecaxias.com.br\\\/index.php\\\/2022\\\/06\\\/24\\\/quem-e-quem-presidencia-secretaria-geral-da-presidencia-diretoria-geral-secretaria-de-gestao-de-pessoas-divisao-de-preparacao-de-pagamento-de-pessoal\\\/#article\",\"isPartOf\":{\"@id\":\"https:\\\/\\\/contabilidadecaxias.com.br\\\/index.php\\\/2022\\\/06\\\/24\\\/quem-e-quem-presidencia-secretaria-geral-da-presidencia-diretoria-geral-secretaria-de-gestao-de-pessoas-divisao-de-preparacao-de-pagamento-de-pessoal\\\/\"},\"author\":{\"name\":\"\",\"@id\":\"\"},\"headline\":\"Quem \u00e9 Quem &#8211; Presid\u00eancia &#8211; Secretaria Geral da Presid\u00eancia &#8211; Diretoria-Geral &#8211; Secretaria de Gest\u00e3o de Pessoas &#8211; Divis\u00e3o de Prepara\u00e7\u00e3o de Pagamento de Pessoal\",\"datePublished\":\"2022-06-24T18:02:08+00:00\",\"mainEntityOfPage\":{\"@id\":\"https:\\\/\\\/contabilidadecaxias.com.br\\\/index.php\\\/2022\\\/06\\\/24\\\/quem-e-quem-presidencia-secretaria-geral-da-presidencia-diretoria-geral-secretaria-de-gestao-de-pessoas-divisao-de-preparacao-de-pagamento-de-pessoal\\\/\"},\"wordCount\":139,\"commentCount\":0,\"articleSection\":[\"Educa\u00e7\u00e3o Financeira\"],\"inLanguage\":\"pt-BR\",\"potentialAction\":[{\"@type\":\"CommentAction\",\"name\":\"Comment\",\"target\":[\"https:\\\/\\\/contabilidadecaxias.com.br\\\/index.php\\\/2022\\\/06\\\/24\\\/quem-e-quem-presidencia-secretaria-geral-da-presidencia-diretoria-geral-secretaria-de-gestao-de-pessoas-divisao-de-preparacao-de-pagamento-de-pessoal\\\/#respond\"]}]},{\"@type\":\"WebPage\",\"@id\":\"https:\\\/\\\/contabilidadecaxias.com.br\\\/index.php\\\/2022\\\/06\\\/24\\\/quem-e-quem-presidencia-secretaria-geral-da-presidencia-diretoria-geral-secretaria-de-gestao-de-pessoas-divisao-de-preparacao-de-pagamento-de-pessoal\\\/\",\"url\":\"https:\\\/\\\/contabilidadecaxias.com.br\\\/index.php\\\/2022\\\/06\\\/24\\\/quem-e-quem-presidencia-secretaria-geral-da-presidencia-diretoria-geral-secretaria-de-gestao-de-pessoas-divisao-de-preparacao-de-pagamento-de-pessoal\\\/\",\"name\":\"Quem \u00e9 Quem - Presid\u00eancia - Secretaria Geral da Presid\u00eancia - Diretoria-Geral - Secretaria de Gest\u00e3o de Pessoas - Divis\u00e3o de Prepara\u00e7\u00e3o de Pagamento de Pessoal - Contabilidade Caxias\",\"isPartOf\":{\"@id\":\"https:\\\/\\\/contabilidadecaxias.com.br\\\/#website\"},\"datePublished\":\"2022-06-24T18:02:08+00:00\",\"author\":{\"@id\":\"\"},\"breadcrumb\":{\"@id\":\"https:\\\/\\\/contabilidadecaxias.com.br\\\/index.php\\\/2022\\\/06\\\/24\\\/quem-e-quem-presidencia-secretaria-geral-da-presidencia-diretoria-geral-secretaria-de-gestao-de-pessoas-divisao-de-preparacao-de-pagamento-de-pessoal\\\/#breadcrumb\"},\"inLanguage\":\"pt-BR\",\"potentialAction\":[{\"@type\":\"ReadAction\",\"target\":[\"https:\\\/\\\/contabilidadecaxias.com.br\\\/index.php\\\/2022\\\/06\\\/24\\\/quem-e-quem-presidencia-secretaria-geral-da-presidencia-diretoria-geral-secretaria-de-gestao-de-pessoas-divisao-de-preparacao-de-pagamento-de-pessoal\\\/\"]}]},{\"@type\":\"BreadcrumbList\",\"@id\":\"https:\\\/\\\/contabilidadecaxias.com.br\\\/index.php\\\/2022\\\/06\\\/24\\\/quem-e-quem-presidencia-secretaria-geral-da-presidencia-diretoria-geral-secretaria-de-gestao-de-pessoas-divisao-de-preparacao-de-pagamento-de-pessoal\\\/#breadcrumb\",\"itemListElement\":[{\"@type\":\"ListItem\",\"position\":1,\"name\":\"In\u00edcio\",\"item\":\"https:\\\/\\\/contabilidadecaxias.com.br\\\/\"},{\"@type\":\"ListItem\",\"position\":2,\"name\":\"Quem \u00e9 Quem &#8211; Presid\u00eancia &#8211; Secretaria Geral da Presid\u00eancia &#8211; Diretoria-Geral &#8211; Secretaria de Gest\u00e3o de Pessoas &#8211; Divis\u00e3o de Prepara\u00e7\u00e3o de Pagamento de Pessoal\"}]},{\"@type\":\"WebSite\",\"@id\":\"https:\\\/\\\/contabilidadecaxias.com.br\\\/#website\",\"url\":\"https:\\\/\\\/contabilidadecaxias.com.br\\\/\",\"name\":\"Contabilidade Caxias\",\"description\":\"Site especializado em Contabilidade para Caxias.\",\"potentialAction\":[{\"@type\":\"SearchAction\",\"target\":{\"@type\":\"EntryPoint\",\"urlTemplate\":\"https:\\\/\\\/contabilidadecaxias.com.br\\\/?s={search_term_string}\"},\"query-input\":{\"@type\":\"PropertyValueSpecification\",\"valueRequired\":true,\"valueName\":\"search_term_string\"}}],\"inLanguage\":\"pt-BR\"}]}<\/script>\n<!-- \/ Yoast SEO plugin. -->","yoast_head_json":{"title":"Quem \u00e9 Quem - Presid\u00eancia - Secretaria Geral da Presid\u00eancia - Diretoria-Geral - Secretaria de Gest\u00e3o de Pessoas - Divis\u00e3o de Prepara\u00e7\u00e3o de Pagamento de Pessoal - Contabilidade Caxias","robots":{"index":"index","follow":"follow","max-snippet":"max-snippet:-1","max-image-preview":"max-image-preview:large","max-video-preview":"max-video-preview:-1"},"canonical":"https:\/\/contabilidadecaxias.com.br\/index.php\/2022\/06\/24\/quem-e-quem-presidencia-secretaria-geral-da-presidencia-diretoria-geral-secretaria-de-gestao-de-pessoas-divisao-de-preparacao-de-pagamento-de-pessoal\/","og_locale":"pt_BR","og_type":"article","og_title":"Quem \u00e9 Quem - Presid\u00eancia - Secretaria Geral da Presid\u00eancia - Diretoria-Geral - Secretaria de Gest\u00e3o de Pessoas - Divis\u00e3o de Prepara\u00e7\u00e3o de Pagamento de Pessoal - Contabilidade Caxias","og_description":"Chefe da Divis\u00e3o de Prepara\u00e7\u00e3o de Pagamento de Pessoal Fernando Augusto Faria de Moraes Rego Bacharel\u00a0em Direito pela Faculdade de Direito da Universidade de Bras\u00edlia \u2013 UnB e\u00a0Curso de Atualiza\u00e7\u00e3o e Pr\u00e1tica das Ci\u00eancias Jur\u00eddicas, pela Escola Superior de Advocacia \u2013 ESA. No TST, atuou como\u00a0Assessor do Ministro Wagner Pimenta no per\u00edodo de 08\/08\/2001 a [&hellip;]","og_url":"https:\/\/contabilidadecaxias.com.br\/index.php\/2022\/06\/24\/quem-e-quem-presidencia-secretaria-geral-da-presidencia-diretoria-geral-secretaria-de-gestao-de-pessoas-divisao-de-preparacao-de-pagamento-de-pessoal\/","og_site_name":"Contabilidade Caxias","article_published_time":"2022-06-24T18:02:08+00:00","twitter_card":"summary_large_image","twitter_misc":{"Est. tempo de leitura":"1 minuto"},"schema":{"@context":"https:\/\/schema.org","@graph":[{"@type":"Article","@id":"https:\/\/contabilidadecaxias.com.br\/index.php\/2022\/06\/24\/quem-e-quem-presidencia-secretaria-geral-da-presidencia-diretoria-geral-secretaria-de-gestao-de-pessoas-divisao-de-preparacao-de-pagamento-de-pessoal\/#article","isPartOf":{"@id":"https:\/\/contabilidadecaxias.com.br\/index.php\/2022\/06\/24\/quem-e-quem-presidencia-secretaria-geral-da-presidencia-diretoria-geral-secretaria-de-gestao-de-pessoas-divisao-de-preparacao-de-pagamento-de-pessoal\/"},"author":{"name":"","@id":""},"headline":"Quem \u00e9 Quem &#8211; Presid\u00eancia &#8211; Secretaria Geral da Presid\u00eancia &#8211; Diretoria-Geral &#8211; Secretaria de Gest\u00e3o de Pessoas &#8211; Divis\u00e3o de Prepara\u00e7\u00e3o de Pagamento de Pessoal","datePublished":"2022-06-24T18:02:08+00:00","mainEntityOfPage":{"@id":"https:\/\/contabilidadecaxias.com.br\/index.php\/2022\/06\/24\/quem-e-quem-presidencia-secretaria-geral-da-presidencia-diretoria-geral-secretaria-de-gestao-de-pessoas-divisao-de-preparacao-de-pagamento-de-pessoal\/"},"wordCount":139,"commentCount":0,"articleSection":["Educa\u00e7\u00e3o Financeira"],"inLanguage":"pt-BR","potentialAction":[{"@type":"CommentAction","name":"Comment","target":["https:\/\/contabilidadecaxias.com.br\/index.php\/2022\/06\/24\/quem-e-quem-presidencia-secretaria-geral-da-presidencia-diretoria-geral-secretaria-de-gestao-de-pessoas-divisao-de-preparacao-de-pagamento-de-pessoal\/#respond"]}]},{"@type":"WebPage","@id":"https:\/\/contabilidadecaxias.com.br\/index.php\/2022\/06\/24\/quem-e-quem-presidencia-secretaria-geral-da-presidencia-diretoria-geral-secretaria-de-gestao-de-pessoas-divisao-de-preparacao-de-pagamento-de-pessoal\/","url":"https:\/\/contabilidadecaxias.com.br\/index.php\/2022\/06\/24\/quem-e-quem-presidencia-secretaria-geral-da-presidencia-diretoria-geral-secretaria-de-gestao-de-pessoas-divisao-de-preparacao-de-pagamento-de-pessoal\/","name":"Quem \u00e9 Quem - Presid\u00eancia - Secretaria Geral da Presid\u00eancia - Diretoria-Geral - Secretaria de Gest\u00e3o de Pessoas - Divis\u00e3o de Prepara\u00e7\u00e3o de Pagamento de Pessoal - Contabilidade Caxias","isPartOf":{"@id":"https:\/\/contabilidadecaxias.com.br\/#website"},"datePublished":"2022-06-24T18:02:08+00:00","author":{"@id":""},"breadcrumb":{"@id":"https:\/\/contabilidadecaxias.com.br\/index.php\/2022\/06\/24\/quem-e-quem-presidencia-secretaria-geral-da-presidencia-diretoria-geral-secretaria-de-gestao-de-pessoas-divisao-de-preparacao-de-pagamento-de-pessoal\/#breadcrumb"},"inLanguage":"pt-BR","potentialAction":[{"@type":"ReadAction","target":["https:\/\/contabilidadecaxias.com.br\/index.php\/2022\/06\/24\/quem-e-quem-presidencia-secretaria-geral-da-presidencia-diretoria-geral-secretaria-de-gestao-de-pessoas-divisao-de-preparacao-de-pagamento-de-pessoal\/"]}]},{"@type":"BreadcrumbList","@id":"https:\/\/contabilidadecaxias.com.br\/index.php\/2022\/06\/24\/quem-e-quem-presidencia-secretaria-geral-da-presidencia-diretoria-geral-secretaria-de-gestao-de-pessoas-divisao-de-preparacao-de-pagamento-de-pessoal\/#breadcrumb","itemListElement":[{"@type":"ListItem","position":1,"name":"In\u00edcio","item":"https:\/\/contabilidadecaxias.com.br\/"},{"@type":"ListItem","position":2,"name":"Quem \u00e9 Quem &#8211; Presid\u00eancia &#8211; Secretaria Geral da Presid\u00eancia &#8211; Diretoria-Geral &#8211; Secretaria de Gest\u00e3o de Pessoas &#8211; Divis\u00e3o de Prepara\u00e7\u00e3o de Pagamento de Pessoal"}]},{"@type":"WebSite","@id":"https:\/\/contabilidadecaxias.com.br\/#website","url":"https:\/\/contabilidadecaxias.com.br\/","name":"Contabilidade Caxias","description":"Site especializado em Contabilidade para Caxias.","potentialAction":[{"@type":"SearchAction","target":{"@type":"EntryPoint","urlTemplate":"https:\/\/contabilidadecaxias.com.br\/?s={search_term_string}"},"query-input":{"@type":"PropertyValueSpecification","valueRequired":true,"valueName":"search_term_string"}}],"inLanguage":"pt-BR"}]}},"_links":{"self":[{"href":"https:\/\/contabilidadecaxias.com.br\/index.php\/wp-json\/wp\/v2\/posts\/11295","targetHints":{"allow":["GET"]}}],"collection":[{"href":"https:\/\/contabilidadecaxias.com.br\/index.php\/wp-json\/wp\/v2\/posts"}],"about":[{"href":"https:\/\/contabilidadecaxias.com.br\/index.php\/wp-json\/wp\/v2\/types\/post"}],"replies":[{"embeddable":true,"href":"https:\/\/contabilidadecaxias.com.br\/index.php\/wp-json\/wp\/v2\/comments?post=11295"}],"version-history":[{"count":0,"href":"https:\/\/contabilidadecaxias.com.br\/index.php\/wp-json\/wp\/v2\/posts\/11295\/revisions"}],"wp:attachment":[{"href":"https:\/\/contabilidadecaxias.com.br\/index.php\/wp-json\/wp\/v2\/media?parent=11295"}],"wp:term":[{"taxonomy":"category","embeddable":true,"href":"https:\/\/contabilidadecaxias.com.br\/index.php\/wp-json\/wp\/v2\/categories?post=11295"},{"taxonomy":"post_tag","embeddable":true,"href":"https:\/\/contabilidadecaxias.com.br\/index.php\/wp-json\/wp\/v2\/tags?post=11295"}],"curies":[{"name":"wp","href":"https:\/\/api.w.org\/{rel}","templated":true}]}}