{"id":11288,"date":"2022-06-24T13:08:08","date_gmt":"2022-06-24T16:08:08","guid":{"rendered":"https:\/\/contabilidadecaxias.com.br\/index.php\/2022\/06\/24\/quem-e-quem-diretoria-geral-secretaria-de-gestao-de-pessoas-divisoes\/"},"modified":"2022-06-24T13:08:08","modified_gmt":"2022-06-24T16:08:08","slug":"quem-e-quem-diretoria-geral-secretaria-de-gestao-de-pessoas-divisoes","status":"publish","type":"post","link":"https:\/\/contabilidadecaxias.com.br\/index.php\/2022\/06\/24\/quem-e-quem-diretoria-geral-secretaria-de-gestao-de-pessoas-divisoes\/","title":{"rendered":"Quem \u00e9 Quem &#8211; Diretoria-Geral &#8211; Secretaria de Gest\u00e3o de Pessoas &#8211; Divis\u00f5es"},"content":{"rendered":"<p class=\"titulo\"><a href=\"https:\/\/www.tst.jus.br\/web\/guest\/quem-e-quem\/assessoria-de-relacionamento-de-tecnologia-e-inovacao\" target=\"\" rel=\"noopener\"><strong>Coordenadoria de Informa\u00e7\u00f5es Funcionais<\/strong><\/a><\/p>\n<p>\t\t\t\u00a0<\/p>\n<p class=\"titulo\"><a href=\"https:\/\/www.tst.jus.br\/web\/guest\/quem-e-quem\/assessoria-tecnica-e-administrativa\" target=\"\" rel=\"noopener\"><strong>Coordenadoria de Legisla\u00e7\u00e3o de Pessoal<\/strong><\/a><\/p>\n<p>\t\t\t\u00a0<\/p>\n<p class=\"titulo\"><a href=\"https:\/\/www.tst.jus.br\/web\/guest\/quem-e-quem\/coordenadoria-de-desenvolvimento-de-sistemas\" target=\"\" rel=\"noopener\"><strong>Coordenadoria de Desenvolvimento de Pessoas<\/strong><\/a><\/p>\n<p>\t\t\t\u00a0<\/p>\n<p class=\"titulo\"><a href=\"https:\/\/www.tst.jus.br\/quem-e-quem\/coordenadoria-de-qualidade-de-servicos-de-tecnologia-da-informacao-e-comunicacao\" target=\"\" rel=\"noopener\"><strong>Divis\u00e3o de Prepara\u00e7\u00e3o de Pagamento de Pessoal<\/strong><\/a><\/p>\n","protected":false},"excerpt":{"rendered":"<p>Coordenadoria de Informa\u00e7\u00f5es Funcionais \u00a0 Coordenadoria de Legisla\u00e7\u00e3o de Pessoal \u00a0 Coordenadoria de Desenvolvimento de Pessoas \u00a0 Divis\u00e3o de Prepara\u00e7\u00e3o de Pagamento de Pessoal<\/p>\n","protected":false},"author":0,"featured_media":0,"comment_status":"open","ping_status":"","sticky":false,"template":"","format":"standard","meta":{"footnotes":""},"categories":[5],"tags":[],"class_list":["post-11288","post","type-post","status-publish","format-standard","hentry","category-noticias-educacao-financeira"],"blocksy_meta":{"styles_descriptor":{"styles":{"desktop":"","tablet":"","mobile":""},"google_fonts":[],"version":6}},"yoast_head":"<!-- This site is optimized with the Yoast SEO plugin v27.4 - https:\/\/yoast.com\/product\/yoast-seo-wordpress\/ -->\n<title>Quem \u00e9 Quem - Diretoria-Geral - Secretaria de Gest\u00e3o de Pessoas - Divis\u00f5es - Contabilidade Caxias<\/title>\n<meta name=\"robots\" content=\"index, follow, max-snippet:-1, max-image-preview:large, max-video-preview:-1\" \/>\n<link rel=\"canonical\" href=\"https:\/\/contabilidadecaxias.com.br\/index.php\/2022\/06\/24\/quem-e-quem-diretoria-geral-secretaria-de-gestao-de-pessoas-divisoes\/\" \/>\n<meta property=\"og:locale\" content=\"pt_BR\" \/>\n<meta property=\"og:type\" content=\"article\" \/>\n<meta property=\"og:title\" content=\"Quem \u00e9 Quem - Diretoria-Geral - Secretaria de Gest\u00e3o de Pessoas - Divis\u00f5es - Contabilidade Caxias\" \/>\n<meta property=\"og:description\" content=\"Coordenadoria de Informa\u00e7\u00f5es Funcionais \u00a0 Coordenadoria de Legisla\u00e7\u00e3o de Pessoal \u00a0 Coordenadoria de Desenvolvimento de Pessoas \u00a0 Divis\u00e3o de Prepara\u00e7\u00e3o de Pagamento de Pessoal\" \/>\n<meta property=\"og:url\" content=\"https:\/\/contabilidadecaxias.com.br\/index.php\/2022\/06\/24\/quem-e-quem-diretoria-geral-secretaria-de-gestao-de-pessoas-divisoes\/\" \/>\n<meta property=\"og:site_name\" content=\"Contabilidade Caxias\" \/>\n<meta property=\"article:published_time\" content=\"2022-06-24T16:08:08+00:00\" \/>\n<meta name=\"twitter:card\" content=\"summary_large_image\" \/>\n<script type=\"application\/ld+json\" class=\"yoast-schema-graph\">{\"@context\":\"https:\\\/\\\/schema.org\",\"@graph\":[{\"@type\":\"Article\",\"@id\":\"https:\\\/\\\/contabilidadecaxias.com.br\\\/index.php\\\/2022\\\/06\\\/24\\\/quem-e-quem-diretoria-geral-secretaria-de-gestao-de-pessoas-divisoes\\\/#article\",\"isPartOf\":{\"@id\":\"https:\\\/\\\/contabilidadecaxias.com.br\\\/index.php\\\/2022\\\/06\\\/24\\\/quem-e-quem-diretoria-geral-secretaria-de-gestao-de-pessoas-divisoes\\\/\"},\"author\":{\"name\":\"\",\"@id\":\"\"},\"headline\":\"Quem \u00e9 Quem &#8211; Diretoria-Geral &#8211; Secretaria de Gest\u00e3o de Pessoas &#8211; Divis\u00f5es\",\"datePublished\":\"2022-06-24T16:08:08+00:00\",\"mainEntityOfPage\":{\"@id\":\"https:\\\/\\\/contabilidadecaxias.com.br\\\/index.php\\\/2022\\\/06\\\/24\\\/quem-e-quem-diretoria-geral-secretaria-de-gestao-de-pessoas-divisoes\\\/\"},\"wordCount\":39,\"commentCount\":0,\"articleSection\":[\"Educa\u00e7\u00e3o Financeira\"],\"inLanguage\":\"pt-BR\",\"potentialAction\":[{\"@type\":\"CommentAction\",\"name\":\"Comment\",\"target\":[\"https:\\\/\\\/contabilidadecaxias.com.br\\\/index.php\\\/2022\\\/06\\\/24\\\/quem-e-quem-diretoria-geral-secretaria-de-gestao-de-pessoas-divisoes\\\/#respond\"]}]},{\"@type\":\"WebPage\",\"@id\":\"https:\\\/\\\/contabilidadecaxias.com.br\\\/index.php\\\/2022\\\/06\\\/24\\\/quem-e-quem-diretoria-geral-secretaria-de-gestao-de-pessoas-divisoes\\\/\",\"url\":\"https:\\\/\\\/contabilidadecaxias.com.br\\\/index.php\\\/2022\\\/06\\\/24\\\/quem-e-quem-diretoria-geral-secretaria-de-gestao-de-pessoas-divisoes\\\/\",\"name\":\"Quem \u00e9 Quem - Diretoria-Geral - Secretaria de Gest\u00e3o de Pessoas - Divis\u00f5es - Contabilidade Caxias\",\"isPartOf\":{\"@id\":\"https:\\\/\\\/contabilidadecaxias.com.br\\\/#website\"},\"datePublished\":\"2022-06-24T16:08:08+00:00\",\"author\":{\"@id\":\"\"},\"breadcrumb\":{\"@id\":\"https:\\\/\\\/contabilidadecaxias.com.br\\\/index.php\\\/2022\\\/06\\\/24\\\/quem-e-quem-diretoria-geral-secretaria-de-gestao-de-pessoas-divisoes\\\/#breadcrumb\"},\"inLanguage\":\"pt-BR\",\"potentialAction\":[{\"@type\":\"ReadAction\",\"target\":[\"https:\\\/\\\/contabilidadecaxias.com.br\\\/index.php\\\/2022\\\/06\\\/24\\\/quem-e-quem-diretoria-geral-secretaria-de-gestao-de-pessoas-divisoes\\\/\"]}]},{\"@type\":\"BreadcrumbList\",\"@id\":\"https:\\\/\\\/contabilidadecaxias.com.br\\\/index.php\\\/2022\\\/06\\\/24\\\/quem-e-quem-diretoria-geral-secretaria-de-gestao-de-pessoas-divisoes\\\/#breadcrumb\",\"itemListElement\":[{\"@type\":\"ListItem\",\"position\":1,\"name\":\"In\u00edcio\",\"item\":\"https:\\\/\\\/contabilidadecaxias.com.br\\\/\"},{\"@type\":\"ListItem\",\"position\":2,\"name\":\"Quem \u00e9 Quem &#8211; Diretoria-Geral &#8211; Secretaria de Gest\u00e3o de Pessoas &#8211; Divis\u00f5es\"}]},{\"@type\":\"WebSite\",\"@id\":\"https:\\\/\\\/contabilidadecaxias.com.br\\\/#website\",\"url\":\"https:\\\/\\\/contabilidadecaxias.com.br\\\/\",\"name\":\"Contabilidade Caxias\",\"description\":\"Site especializado em Contabilidade para Caxias.\",\"potentialAction\":[{\"@type\":\"SearchAction\",\"target\":{\"@type\":\"EntryPoint\",\"urlTemplate\":\"https:\\\/\\\/contabilidadecaxias.com.br\\\/?s={search_term_string}\"},\"query-input\":{\"@type\":\"PropertyValueSpecification\",\"valueRequired\":true,\"valueName\":\"search_term_string\"}}],\"inLanguage\":\"pt-BR\"}]}<\/script>\n<!-- \/ Yoast SEO plugin. -->","yoast_head_json":{"title":"Quem \u00e9 Quem - Diretoria-Geral - Secretaria de Gest\u00e3o de Pessoas - Divis\u00f5es - Contabilidade Caxias","robots":{"index":"index","follow":"follow","max-snippet":"max-snippet:-1","max-image-preview":"max-image-preview:large","max-video-preview":"max-video-preview:-1"},"canonical":"https:\/\/contabilidadecaxias.com.br\/index.php\/2022\/06\/24\/quem-e-quem-diretoria-geral-secretaria-de-gestao-de-pessoas-divisoes\/","og_locale":"pt_BR","og_type":"article","og_title":"Quem \u00e9 Quem - Diretoria-Geral - Secretaria de Gest\u00e3o de Pessoas - Divis\u00f5es - Contabilidade Caxias","og_description":"Coordenadoria de Informa\u00e7\u00f5es Funcionais \u00a0 Coordenadoria de Legisla\u00e7\u00e3o de Pessoal \u00a0 Coordenadoria de Desenvolvimento de Pessoas \u00a0 Divis\u00e3o de Prepara\u00e7\u00e3o de Pagamento de Pessoal","og_url":"https:\/\/contabilidadecaxias.com.br\/index.php\/2022\/06\/24\/quem-e-quem-diretoria-geral-secretaria-de-gestao-de-pessoas-divisoes\/","og_site_name":"Contabilidade Caxias","article_published_time":"2022-06-24T16:08:08+00:00","twitter_card":"summary_large_image","schema":{"@context":"https:\/\/schema.org","@graph":[{"@type":"Article","@id":"https:\/\/contabilidadecaxias.com.br\/index.php\/2022\/06\/24\/quem-e-quem-diretoria-geral-secretaria-de-gestao-de-pessoas-divisoes\/#article","isPartOf":{"@id":"https:\/\/contabilidadecaxias.com.br\/index.php\/2022\/06\/24\/quem-e-quem-diretoria-geral-secretaria-de-gestao-de-pessoas-divisoes\/"},"author":{"name":"","@id":""},"headline":"Quem \u00e9 Quem &#8211; Diretoria-Geral &#8211; Secretaria de Gest\u00e3o de Pessoas &#8211; Divis\u00f5es","datePublished":"2022-06-24T16:08:08+00:00","mainEntityOfPage":{"@id":"https:\/\/contabilidadecaxias.com.br\/index.php\/2022\/06\/24\/quem-e-quem-diretoria-geral-secretaria-de-gestao-de-pessoas-divisoes\/"},"wordCount":39,"commentCount":0,"articleSection":["Educa\u00e7\u00e3o Financeira"],"inLanguage":"pt-BR","potentialAction":[{"@type":"CommentAction","name":"Comment","target":["https:\/\/contabilidadecaxias.com.br\/index.php\/2022\/06\/24\/quem-e-quem-diretoria-geral-secretaria-de-gestao-de-pessoas-divisoes\/#respond"]}]},{"@type":"WebPage","@id":"https:\/\/contabilidadecaxias.com.br\/index.php\/2022\/06\/24\/quem-e-quem-diretoria-geral-secretaria-de-gestao-de-pessoas-divisoes\/","url":"https:\/\/contabilidadecaxias.com.br\/index.php\/2022\/06\/24\/quem-e-quem-diretoria-geral-secretaria-de-gestao-de-pessoas-divisoes\/","name":"Quem \u00e9 Quem - Diretoria-Geral - Secretaria de Gest\u00e3o de Pessoas - Divis\u00f5es - Contabilidade Caxias","isPartOf":{"@id":"https:\/\/contabilidadecaxias.com.br\/#website"},"datePublished":"2022-06-24T16:08:08+00:00","author":{"@id":""},"breadcrumb":{"@id":"https:\/\/contabilidadecaxias.com.br\/index.php\/2022\/06\/24\/quem-e-quem-diretoria-geral-secretaria-de-gestao-de-pessoas-divisoes\/#breadcrumb"},"inLanguage":"pt-BR","potentialAction":[{"@type":"ReadAction","target":["https:\/\/contabilidadecaxias.com.br\/index.php\/2022\/06\/24\/quem-e-quem-diretoria-geral-secretaria-de-gestao-de-pessoas-divisoes\/"]}]},{"@type":"BreadcrumbList","@id":"https:\/\/contabilidadecaxias.com.br\/index.php\/2022\/06\/24\/quem-e-quem-diretoria-geral-secretaria-de-gestao-de-pessoas-divisoes\/#breadcrumb","itemListElement":[{"@type":"ListItem","position":1,"name":"In\u00edcio","item":"https:\/\/contabilidadecaxias.com.br\/"},{"@type":"ListItem","position":2,"name":"Quem \u00e9 Quem &#8211; Diretoria-Geral &#8211; Secretaria de Gest\u00e3o de Pessoas &#8211; Divis\u00f5es"}]},{"@type":"WebSite","@id":"https:\/\/contabilidadecaxias.com.br\/#website","url":"https:\/\/contabilidadecaxias.com.br\/","name":"Contabilidade Caxias","description":"Site especializado em Contabilidade para Caxias.","potentialAction":[{"@type":"SearchAction","target":{"@type":"EntryPoint","urlTemplate":"https:\/\/contabilidadecaxias.com.br\/?s={search_term_string}"},"query-input":{"@type":"PropertyValueSpecification","valueRequired":true,"valueName":"search_term_string"}}],"inLanguage":"pt-BR"}]}},"_links":{"self":[{"href":"https:\/\/contabilidadecaxias.com.br\/index.php\/wp-json\/wp\/v2\/posts\/11288","targetHints":{"allow":["GET"]}}],"collection":[{"href":"https:\/\/contabilidadecaxias.com.br\/index.php\/wp-json\/wp\/v2\/posts"}],"about":[{"href":"https:\/\/contabilidadecaxias.com.br\/index.php\/wp-json\/wp\/v2\/types\/post"}],"replies":[{"embeddable":true,"href":"https:\/\/contabilidadecaxias.com.br\/index.php\/wp-json\/wp\/v2\/comments?post=11288"}],"version-history":[{"count":0,"href":"https:\/\/contabilidadecaxias.com.br\/index.php\/wp-json\/wp\/v2\/posts\/11288\/revisions"}],"wp:attachment":[{"href":"https:\/\/contabilidadecaxias.com.br\/index.php\/wp-json\/wp\/v2\/media?parent=11288"}],"wp:term":[{"taxonomy":"category","embeddable":true,"href":"https:\/\/contabilidadecaxias.com.br\/index.php\/wp-json\/wp\/v2\/categories?post=11288"},{"taxonomy":"post_tag","embeddable":true,"href":"https:\/\/contabilidadecaxias.com.br\/index.php\/wp-json\/wp\/v2\/tags?post=11288"}],"curies":[{"name":"wp","href":"https:\/\/api.w.org\/{rel}","templated":true}]}}