{"id":11281,"date":"2022-06-24T11:04:56","date_gmt":"2022-06-24T14:04:56","guid":{"rendered":"https:\/\/contabilidadecaxias.com.br\/index.php\/2022\/06\/24\/quem-e-quem-presidencia-secretaria-geral-da-presidencia-secretaria-de-tecnologia-da-informacao-e-comunicacao-coordenadoria-de-infraestrutura-tecnologica\/"},"modified":"2022-06-24T11:04:56","modified_gmt":"2022-06-24T14:04:56","slug":"quem-e-quem-presidencia-secretaria-geral-da-presidencia-secretaria-de-tecnologia-da-informacao-e-comunicacao-coordenadoria-de-infraestrutura-tecnologica","status":"publish","type":"post","link":"https:\/\/contabilidadecaxias.com.br\/index.php\/2022\/06\/24\/quem-e-quem-presidencia-secretaria-geral-da-presidencia-secretaria-de-tecnologia-da-informacao-e-comunicacao-coordenadoria-de-infraestrutura-tecnologica\/","title":{"rendered":"Quem \u00e9 Quem &#8211; Presid\u00eancia &#8211; Secretaria Geral da Presid\u00eancia &#8211; Secretaria de Tecnologia da Informa\u00e7\u00e3o e Comunica\u00e7\u00e3o &#8211; Coordenadoria de Infraestrutura Tecnol\u00f3gica"},"content":{"rendered":"<h3>Coordenador de Infraestrutura Tecnol\u00f3gica<\/h3>\n<h3>Leonardo Lobo Pulcineli<\/h3>\n<p>Graduado em Engenharia de Rede de Comunica\u00e7\u00e3o pela Universidade de Bras\u00edlia &#8211;\u00a0UnB com p\u00f3s-gradua\u00e7\u00e3o\u00a0em Sistemas da Informa\u00e7\u00e3o.<\/p>\n<p>Atua desde 2014 como Coordenador de Infraestrutura Tecnol\u00f3gica, exercendo anteriormente a fun\u00e7\u00e3o de\u00a0Supervisor da Se\u00e7\u00e3o de Gerenciamento de Softwares B\u00e1sicos no TST.<\/p>\n<p><strong>Telefone:<\/strong> (61) 3043-3035<\/p>\n<p><strong>e-mail:<\/strong> <a href=\"mailto:citec@tst.jus.br\">citec@tst.jus.br<\/a><\/p>\n<p><strong>Sala:<\/strong>\u00a0A2.33<\/p>\n<p>\u00a0<\/p>\n","protected":false},"excerpt":{"rendered":"<p>Coordenador de Infraestrutura Tecnol\u00f3gica Leonardo Lobo Pulcineli Graduado em Engenharia de Rede de Comunica\u00e7\u00e3o pela Universidade de Bras\u00edlia &#8211;\u00a0UnB com p\u00f3s-gradua\u00e7\u00e3o\u00a0em Sistemas da Informa\u00e7\u00e3o. Atua desde 2014 como Coordenador de Infraestrutura Tecnol\u00f3gica, exercendo anteriormente a fun\u00e7\u00e3o de\u00a0Supervisor da Se\u00e7\u00e3o de Gerenciamento de Softwares B\u00e1sicos no TST. Telefone: (61) 3043-3035 e-mail: citec@tst.jus.br Sala:\u00a0A2.33 \u00a0<\/p>\n","protected":false},"author":0,"featured_media":0,"comment_status":"open","ping_status":"","sticky":false,"template":"","format":"standard","meta":{"footnotes":""},"categories":[5],"tags":[],"class_list":["post-11281","post","type-post","status-publish","format-standard","hentry","category-noticias-educacao-financeira"],"blocksy_meta":{"styles_descriptor":{"styles":{"desktop":"","tablet":"","mobile":""},"google_fonts":[],"version":6}},"yoast_head":"<!-- This site is optimized with the Yoast SEO plugin v27.4 - https:\/\/yoast.com\/product\/yoast-seo-wordpress\/ -->\n<title>Quem \u00e9 Quem - Presid\u00eancia - Secretaria Geral da Presid\u00eancia - Secretaria de Tecnologia da Informa\u00e7\u00e3o e Comunica\u00e7\u00e3o - Coordenadoria de Infraestrutura Tecnol\u00f3gica - Contabilidade Caxias<\/title>\n<meta name=\"robots\" content=\"index, follow, max-snippet:-1, max-image-preview:large, max-video-preview:-1\" \/>\n<link rel=\"canonical\" href=\"https:\/\/contabilidadecaxias.com.br\/index.php\/2022\/06\/24\/quem-e-quem-presidencia-secretaria-geral-da-presidencia-secretaria-de-tecnologia-da-informacao-e-comunicacao-coordenadoria-de-infraestrutura-tecnologica\/\" \/>\n<meta property=\"og:locale\" content=\"pt_BR\" \/>\n<meta property=\"og:type\" content=\"article\" \/>\n<meta property=\"og:title\" content=\"Quem \u00e9 Quem - Presid\u00eancia - Secretaria Geral da Presid\u00eancia - Secretaria de Tecnologia da Informa\u00e7\u00e3o e Comunica\u00e7\u00e3o - Coordenadoria de Infraestrutura Tecnol\u00f3gica - Contabilidade Caxias\" \/>\n<meta property=\"og:description\" content=\"Coordenador de Infraestrutura Tecnol\u00f3gica Leonardo Lobo Pulcineli Graduado em Engenharia de Rede de Comunica\u00e7\u00e3o pela Universidade de Bras\u00edlia &#8211;\u00a0UnB com p\u00f3s-gradua\u00e7\u00e3o\u00a0em Sistemas da Informa\u00e7\u00e3o. Atua desde 2014 como Coordenador de Infraestrutura Tecnol\u00f3gica, exercendo anteriormente a fun\u00e7\u00e3o de\u00a0Supervisor da Se\u00e7\u00e3o de Gerenciamento de Softwares B\u00e1sicos no TST. Telefone: (61) 3043-3035 e-mail: citec@tst.jus.br Sala:\u00a0A2.33 \u00a0\" \/>\n<meta property=\"og:url\" content=\"https:\/\/contabilidadecaxias.com.br\/index.php\/2022\/06\/24\/quem-e-quem-presidencia-secretaria-geral-da-presidencia-secretaria-de-tecnologia-da-informacao-e-comunicacao-coordenadoria-de-infraestrutura-tecnologica\/\" \/>\n<meta property=\"og:site_name\" content=\"Contabilidade Caxias\" \/>\n<meta property=\"article:published_time\" content=\"2022-06-24T14:04:56+00:00\" \/>\n<meta name=\"twitter:card\" content=\"summary_large_image\" \/>\n<script type=\"application\/ld+json\" class=\"yoast-schema-graph\">{\"@context\":\"https:\\\/\\\/schema.org\",\"@graph\":[{\"@type\":\"Article\",\"@id\":\"https:\\\/\\\/contabilidadecaxias.com.br\\\/index.php\\\/2022\\\/06\\\/24\\\/quem-e-quem-presidencia-secretaria-geral-da-presidencia-secretaria-de-tecnologia-da-informacao-e-comunicacao-coordenadoria-de-infraestrutura-tecnologica\\\/#article\",\"isPartOf\":{\"@id\":\"https:\\\/\\\/contabilidadecaxias.com.br\\\/index.php\\\/2022\\\/06\\\/24\\\/quem-e-quem-presidencia-secretaria-geral-da-presidencia-secretaria-de-tecnologia-da-informacao-e-comunicacao-coordenadoria-de-infraestrutura-tecnologica\\\/\"},\"author\":{\"name\":\"\",\"@id\":\"\"},\"headline\":\"Quem \u00e9 Quem &#8211; Presid\u00eancia &#8211; Secretaria Geral da Presid\u00eancia &#8211; Secretaria de Tecnologia da Informa\u00e7\u00e3o e Comunica\u00e7\u00e3o &#8211; Coordenadoria de Infraestrutura Tecnol\u00f3gica\",\"datePublished\":\"2022-06-24T14:04:56+00:00\",\"mainEntityOfPage\":{\"@id\":\"https:\\\/\\\/contabilidadecaxias.com.br\\\/index.php\\\/2022\\\/06\\\/24\\\/quem-e-quem-presidencia-secretaria-geral-da-presidencia-secretaria-de-tecnologia-da-informacao-e-comunicacao-coordenadoria-de-infraestrutura-tecnologica\\\/\"},\"wordCount\":94,\"commentCount\":0,\"articleSection\":[\"Educa\u00e7\u00e3o Financeira\"],\"inLanguage\":\"pt-BR\",\"potentialAction\":[{\"@type\":\"CommentAction\",\"name\":\"Comment\",\"target\":[\"https:\\\/\\\/contabilidadecaxias.com.br\\\/index.php\\\/2022\\\/06\\\/24\\\/quem-e-quem-presidencia-secretaria-geral-da-presidencia-secretaria-de-tecnologia-da-informacao-e-comunicacao-coordenadoria-de-infraestrutura-tecnologica\\\/#respond\"]}]},{\"@type\":\"WebPage\",\"@id\":\"https:\\\/\\\/contabilidadecaxias.com.br\\\/index.php\\\/2022\\\/06\\\/24\\\/quem-e-quem-presidencia-secretaria-geral-da-presidencia-secretaria-de-tecnologia-da-informacao-e-comunicacao-coordenadoria-de-infraestrutura-tecnologica\\\/\",\"url\":\"https:\\\/\\\/contabilidadecaxias.com.br\\\/index.php\\\/2022\\\/06\\\/24\\\/quem-e-quem-presidencia-secretaria-geral-da-presidencia-secretaria-de-tecnologia-da-informacao-e-comunicacao-coordenadoria-de-infraestrutura-tecnologica\\\/\",\"name\":\"Quem \u00e9 Quem - Presid\u00eancia - Secretaria Geral da Presid\u00eancia - Secretaria de Tecnologia da Informa\u00e7\u00e3o e Comunica\u00e7\u00e3o - Coordenadoria de Infraestrutura Tecnol\u00f3gica - Contabilidade Caxias\",\"isPartOf\":{\"@id\":\"https:\\\/\\\/contabilidadecaxias.com.br\\\/#website\"},\"datePublished\":\"2022-06-24T14:04:56+00:00\",\"author\":{\"@id\":\"\"},\"breadcrumb\":{\"@id\":\"https:\\\/\\\/contabilidadecaxias.com.br\\\/index.php\\\/2022\\\/06\\\/24\\\/quem-e-quem-presidencia-secretaria-geral-da-presidencia-secretaria-de-tecnologia-da-informacao-e-comunicacao-coordenadoria-de-infraestrutura-tecnologica\\\/#breadcrumb\"},\"inLanguage\":\"pt-BR\",\"potentialAction\":[{\"@type\":\"ReadAction\",\"target\":[\"https:\\\/\\\/contabilidadecaxias.com.br\\\/index.php\\\/2022\\\/06\\\/24\\\/quem-e-quem-presidencia-secretaria-geral-da-presidencia-secretaria-de-tecnologia-da-informacao-e-comunicacao-coordenadoria-de-infraestrutura-tecnologica\\\/\"]}]},{\"@type\":\"BreadcrumbList\",\"@id\":\"https:\\\/\\\/contabilidadecaxias.com.br\\\/index.php\\\/2022\\\/06\\\/24\\\/quem-e-quem-presidencia-secretaria-geral-da-presidencia-secretaria-de-tecnologia-da-informacao-e-comunicacao-coordenadoria-de-infraestrutura-tecnologica\\\/#breadcrumb\",\"itemListElement\":[{\"@type\":\"ListItem\",\"position\":1,\"name\":\"In\u00edcio\",\"item\":\"https:\\\/\\\/contabilidadecaxias.com.br\\\/\"},{\"@type\":\"ListItem\",\"position\":2,\"name\":\"Quem \u00e9 Quem &#8211; Presid\u00eancia &#8211; Secretaria Geral da Presid\u00eancia &#8211; Secretaria de Tecnologia da Informa\u00e7\u00e3o e Comunica\u00e7\u00e3o &#8211; Coordenadoria de Infraestrutura Tecnol\u00f3gica\"}]},{\"@type\":\"WebSite\",\"@id\":\"https:\\\/\\\/contabilidadecaxias.com.br\\\/#website\",\"url\":\"https:\\\/\\\/contabilidadecaxias.com.br\\\/\",\"name\":\"Contabilidade Caxias\",\"description\":\"Site especializado em Contabilidade para Caxias.\",\"potentialAction\":[{\"@type\":\"SearchAction\",\"target\":{\"@type\":\"EntryPoint\",\"urlTemplate\":\"https:\\\/\\\/contabilidadecaxias.com.br\\\/?s={search_term_string}\"},\"query-input\":{\"@type\":\"PropertyValueSpecification\",\"valueRequired\":true,\"valueName\":\"search_term_string\"}}],\"inLanguage\":\"pt-BR\"}]}<\/script>\n<!-- \/ Yoast SEO plugin. -->","yoast_head_json":{"title":"Quem \u00e9 Quem - Presid\u00eancia - Secretaria Geral da Presid\u00eancia - Secretaria de Tecnologia da Informa\u00e7\u00e3o e Comunica\u00e7\u00e3o - Coordenadoria de Infraestrutura Tecnol\u00f3gica - Contabilidade Caxias","robots":{"index":"index","follow":"follow","max-snippet":"max-snippet:-1","max-image-preview":"max-image-preview:large","max-video-preview":"max-video-preview:-1"},"canonical":"https:\/\/contabilidadecaxias.com.br\/index.php\/2022\/06\/24\/quem-e-quem-presidencia-secretaria-geral-da-presidencia-secretaria-de-tecnologia-da-informacao-e-comunicacao-coordenadoria-de-infraestrutura-tecnologica\/","og_locale":"pt_BR","og_type":"article","og_title":"Quem \u00e9 Quem - Presid\u00eancia - Secretaria Geral da Presid\u00eancia - Secretaria de Tecnologia da Informa\u00e7\u00e3o e Comunica\u00e7\u00e3o - Coordenadoria de Infraestrutura Tecnol\u00f3gica - Contabilidade Caxias","og_description":"Coordenador de Infraestrutura Tecnol\u00f3gica Leonardo Lobo Pulcineli Graduado em Engenharia de Rede de Comunica\u00e7\u00e3o pela Universidade de Bras\u00edlia &#8211;\u00a0UnB com p\u00f3s-gradua\u00e7\u00e3o\u00a0em Sistemas da Informa\u00e7\u00e3o. Atua desde 2014 como Coordenador de Infraestrutura Tecnol\u00f3gica, exercendo anteriormente a fun\u00e7\u00e3o de\u00a0Supervisor da Se\u00e7\u00e3o de Gerenciamento de Softwares B\u00e1sicos no TST. Telefone: (61) 3043-3035 e-mail: citec@tst.jus.br Sala:\u00a0A2.33 \u00a0","og_url":"https:\/\/contabilidadecaxias.com.br\/index.php\/2022\/06\/24\/quem-e-quem-presidencia-secretaria-geral-da-presidencia-secretaria-de-tecnologia-da-informacao-e-comunicacao-coordenadoria-de-infraestrutura-tecnologica\/","og_site_name":"Contabilidade Caxias","article_published_time":"2022-06-24T14:04:56+00:00","twitter_card":"summary_large_image","schema":{"@context":"https:\/\/schema.org","@graph":[{"@type":"Article","@id":"https:\/\/contabilidadecaxias.com.br\/index.php\/2022\/06\/24\/quem-e-quem-presidencia-secretaria-geral-da-presidencia-secretaria-de-tecnologia-da-informacao-e-comunicacao-coordenadoria-de-infraestrutura-tecnologica\/#article","isPartOf":{"@id":"https:\/\/contabilidadecaxias.com.br\/index.php\/2022\/06\/24\/quem-e-quem-presidencia-secretaria-geral-da-presidencia-secretaria-de-tecnologia-da-informacao-e-comunicacao-coordenadoria-de-infraestrutura-tecnologica\/"},"author":{"name":"","@id":""},"headline":"Quem \u00e9 Quem &#8211; Presid\u00eancia &#8211; Secretaria Geral da Presid\u00eancia &#8211; Secretaria de Tecnologia da Informa\u00e7\u00e3o e Comunica\u00e7\u00e3o &#8211; Coordenadoria de Infraestrutura Tecnol\u00f3gica","datePublished":"2022-06-24T14:04:56+00:00","mainEntityOfPage":{"@id":"https:\/\/contabilidadecaxias.com.br\/index.php\/2022\/06\/24\/quem-e-quem-presidencia-secretaria-geral-da-presidencia-secretaria-de-tecnologia-da-informacao-e-comunicacao-coordenadoria-de-infraestrutura-tecnologica\/"},"wordCount":94,"commentCount":0,"articleSection":["Educa\u00e7\u00e3o Financeira"],"inLanguage":"pt-BR","potentialAction":[{"@type":"CommentAction","name":"Comment","target":["https:\/\/contabilidadecaxias.com.br\/index.php\/2022\/06\/24\/quem-e-quem-presidencia-secretaria-geral-da-presidencia-secretaria-de-tecnologia-da-informacao-e-comunicacao-coordenadoria-de-infraestrutura-tecnologica\/#respond"]}]},{"@type":"WebPage","@id":"https:\/\/contabilidadecaxias.com.br\/index.php\/2022\/06\/24\/quem-e-quem-presidencia-secretaria-geral-da-presidencia-secretaria-de-tecnologia-da-informacao-e-comunicacao-coordenadoria-de-infraestrutura-tecnologica\/","url":"https:\/\/contabilidadecaxias.com.br\/index.php\/2022\/06\/24\/quem-e-quem-presidencia-secretaria-geral-da-presidencia-secretaria-de-tecnologia-da-informacao-e-comunicacao-coordenadoria-de-infraestrutura-tecnologica\/","name":"Quem \u00e9 Quem - Presid\u00eancia - Secretaria Geral da Presid\u00eancia - Secretaria de Tecnologia da Informa\u00e7\u00e3o e Comunica\u00e7\u00e3o - Coordenadoria de Infraestrutura Tecnol\u00f3gica - Contabilidade Caxias","isPartOf":{"@id":"https:\/\/contabilidadecaxias.com.br\/#website"},"datePublished":"2022-06-24T14:04:56+00:00","author":{"@id":""},"breadcrumb":{"@id":"https:\/\/contabilidadecaxias.com.br\/index.php\/2022\/06\/24\/quem-e-quem-presidencia-secretaria-geral-da-presidencia-secretaria-de-tecnologia-da-informacao-e-comunicacao-coordenadoria-de-infraestrutura-tecnologica\/#breadcrumb"},"inLanguage":"pt-BR","potentialAction":[{"@type":"ReadAction","target":["https:\/\/contabilidadecaxias.com.br\/index.php\/2022\/06\/24\/quem-e-quem-presidencia-secretaria-geral-da-presidencia-secretaria-de-tecnologia-da-informacao-e-comunicacao-coordenadoria-de-infraestrutura-tecnologica\/"]}]},{"@type":"BreadcrumbList","@id":"https:\/\/contabilidadecaxias.com.br\/index.php\/2022\/06\/24\/quem-e-quem-presidencia-secretaria-geral-da-presidencia-secretaria-de-tecnologia-da-informacao-e-comunicacao-coordenadoria-de-infraestrutura-tecnologica\/#breadcrumb","itemListElement":[{"@type":"ListItem","position":1,"name":"In\u00edcio","item":"https:\/\/contabilidadecaxias.com.br\/"},{"@type":"ListItem","position":2,"name":"Quem \u00e9 Quem &#8211; Presid\u00eancia &#8211; Secretaria Geral da Presid\u00eancia &#8211; Secretaria de Tecnologia da Informa\u00e7\u00e3o e Comunica\u00e7\u00e3o &#8211; Coordenadoria de Infraestrutura Tecnol\u00f3gica"}]},{"@type":"WebSite","@id":"https:\/\/contabilidadecaxias.com.br\/#website","url":"https:\/\/contabilidadecaxias.com.br\/","name":"Contabilidade Caxias","description":"Site especializado em Contabilidade para Caxias.","potentialAction":[{"@type":"SearchAction","target":{"@type":"EntryPoint","urlTemplate":"https:\/\/contabilidadecaxias.com.br\/?s={search_term_string}"},"query-input":{"@type":"PropertyValueSpecification","valueRequired":true,"valueName":"search_term_string"}}],"inLanguage":"pt-BR"}]}},"_links":{"self":[{"href":"https:\/\/contabilidadecaxias.com.br\/index.php\/wp-json\/wp\/v2\/posts\/11281","targetHints":{"allow":["GET"]}}],"collection":[{"href":"https:\/\/contabilidadecaxias.com.br\/index.php\/wp-json\/wp\/v2\/posts"}],"about":[{"href":"https:\/\/contabilidadecaxias.com.br\/index.php\/wp-json\/wp\/v2\/types\/post"}],"replies":[{"embeddable":true,"href":"https:\/\/contabilidadecaxias.com.br\/index.php\/wp-json\/wp\/v2\/comments?post=11281"}],"version-history":[{"count":0,"href":"https:\/\/contabilidadecaxias.com.br\/index.php\/wp-json\/wp\/v2\/posts\/11281\/revisions"}],"wp:attachment":[{"href":"https:\/\/contabilidadecaxias.com.br\/index.php\/wp-json\/wp\/v2\/media?parent=11281"}],"wp:term":[{"taxonomy":"category","embeddable":true,"href":"https:\/\/contabilidadecaxias.com.br\/index.php\/wp-json\/wp\/v2\/categories?post=11281"},{"taxonomy":"post_tag","embeddable":true,"href":"https:\/\/contabilidadecaxias.com.br\/index.php\/wp-json\/wp\/v2\/tags?post=11281"}],"curies":[{"name":"wp","href":"https:\/\/api.w.org\/{rel}","templated":true}]}}