{"id":11279,"date":"2022-06-24T10:02:19","date_gmt":"2022-06-24T13:02:19","guid":{"rendered":"https:\/\/contabilidadecaxias.com.br\/index.php\/2022\/06\/24\/quem-e-quem-secretaria-geral-da-presidencia-secretaria-de-governanca-e-de-gestao-estrategica-divisoes\/"},"modified":"2022-06-24T10:02:19","modified_gmt":"2022-06-24T13:02:19","slug":"quem-e-quem-secretaria-geral-da-presidencia-secretaria-de-governanca-e-de-gestao-estrategica-divisoes","status":"publish","type":"post","link":"https:\/\/contabilidadecaxias.com.br\/index.php\/2022\/06\/24\/quem-e-quem-secretaria-geral-da-presidencia-secretaria-de-governanca-e-de-gestao-estrategica-divisoes\/","title":{"rendered":"Quem \u00e9 Quem &#8211; Secretaria Geral da Presid\u00eancia &#8211; Secretaria de Governan\u00e7a e de Gest\u00e3o Estrat\u00e9gica &#8211; Divis\u00f5es"},"content":{"rendered":"<p>\u00a0<\/p>\n<h4>\u00a0 \u00a0Coordenador de Integridade e de Gest\u00e3o De Riscos<\/h4>\n<p>\t\t\t\u00a0<\/p>\n<h3>Nome<\/h3>\n<p>Conte\u00fado&#8230;<\/p>\n<p>Telefone: (61) 3043-xxxx<\/p>\n<p><span><span><span><span><\/span><\/span><\/span><\/span><\/p>\n<p>e-mail: <a href=\"mailto:xxxxx@tst.jus.br\" target=\"\" rel=\"noopener\">xxx@tst.jus.br<\/a><\/p>\n<p>Sala: B5.xx<\/p>\n<p>\t\t\t\u00a0<\/p>\n<h4>\u00a0\u00a0Chefe da Divis\u00e3o de Inova\u00e7\u00e3o<\/h4>\n<p>\t\t\t\u00a0<\/p>\n<h3>Nome<\/h3>\n<p>Conte\u00fado&#8230;<\/p>\n<p>Telefone: (61) 3043-xxxx<\/p>\n<p><span><span><span><span><\/span><\/span><\/span><\/span><\/p>\n<p>e-mail: <a href=\"mailto:xxxxx@tst.jus.br\" target=\"\" rel=\"noopener\">xxx@tst.jus.br<\/a><\/p>\n<p>Sala: B5.xx<\/p>\n<p>\t\t\t\u00a0<\/p>\n<h4>\u00a0\u00a0Chefe da Divis\u00e3o de Sustentabilidade<\/h4>\n<p>\t\t\t\u00a0<\/p>\n<h3>Nome<\/h3>\n<p>Conte\u00fado&#8230;<\/p>\n<p>Telefone: (61) 3043-xxxx<\/p>\n<p><span><span><span><span><\/span><\/span><\/span><\/span><\/p>\n<p>e-mail: <a href=\"mailto:xxxxx@tst.jus.br\" target=\"\" rel=\"noopener\">xxx@tst.jus.br<\/a><\/p>\n<p>Sala: B5.xx<\/p>\n","protected":false},"excerpt":{"rendered":"<p>\u00a0 \u00a0 \u00a0Coordenador de Integridade e de Gest\u00e3o De Riscos \u00a0 Nome Conte\u00fado&#8230; Telefone: (61) 3043-xxxx e-mail: xxx@tst.jus.br Sala: B5.xx \u00a0 \u00a0\u00a0Chefe da Divis\u00e3o de Inova\u00e7\u00e3o \u00a0 Nome Conte\u00fado&#8230; Telefone: (61) 3043-xxxx e-mail: xxx@tst.jus.br Sala: B5.xx \u00a0 \u00a0\u00a0Chefe da Divis\u00e3o de Sustentabilidade \u00a0 Nome Conte\u00fado&#8230; Telefone: (61) 3043-xxxx e-mail: xxx@tst.jus.br Sala: B5.xx<\/p>\n","protected":false},"author":0,"featured_media":0,"comment_status":"open","ping_status":"","sticky":false,"template":"","format":"standard","meta":{"footnotes":""},"categories":[5],"tags":[],"class_list":["post-11279","post","type-post","status-publish","format-standard","hentry","category-noticias-educacao-financeira"],"blocksy_meta":{"styles_descriptor":{"styles":{"desktop":"","tablet":"","mobile":""},"google_fonts":[],"version":6}},"yoast_head":"<!-- This site is optimized with the Yoast SEO plugin v27.4 - https:\/\/yoast.com\/product\/yoast-seo-wordpress\/ -->\n<title>Quem \u00e9 Quem - Secretaria Geral da Presid\u00eancia - Secretaria de Governan\u00e7a e de Gest\u00e3o Estrat\u00e9gica - Divis\u00f5es - Contabilidade Caxias<\/title>\n<meta name=\"robots\" content=\"index, follow, max-snippet:-1, max-image-preview:large, max-video-preview:-1\" \/>\n<link rel=\"canonical\" href=\"https:\/\/contabilidadecaxias.com.br\/index.php\/2022\/06\/24\/quem-e-quem-secretaria-geral-da-presidencia-secretaria-de-governanca-e-de-gestao-estrategica-divisoes\/\" \/>\n<meta property=\"og:locale\" content=\"pt_BR\" \/>\n<meta property=\"og:type\" content=\"article\" \/>\n<meta property=\"og:title\" content=\"Quem \u00e9 Quem - Secretaria Geral da Presid\u00eancia - Secretaria de Governan\u00e7a e de Gest\u00e3o Estrat\u00e9gica - Divis\u00f5es - Contabilidade Caxias\" \/>\n<meta property=\"og:description\" content=\"\u00a0 \u00a0 \u00a0Coordenador de Integridade e de Gest\u00e3o De Riscos \u00a0 Nome Conte\u00fado&#8230; Telefone: (61) 3043-xxxx e-mail: xxx@tst.jus.br Sala: B5.xx \u00a0 \u00a0\u00a0Chefe da Divis\u00e3o de Inova\u00e7\u00e3o \u00a0 Nome Conte\u00fado&#8230; Telefone: (61) 3043-xxxx e-mail: xxx@tst.jus.br Sala: B5.xx \u00a0 \u00a0\u00a0Chefe da Divis\u00e3o de Sustentabilidade \u00a0 Nome Conte\u00fado&#8230; Telefone: (61) 3043-xxxx e-mail: xxx@tst.jus.br Sala: B5.xx\" \/>\n<meta property=\"og:url\" content=\"https:\/\/contabilidadecaxias.com.br\/index.php\/2022\/06\/24\/quem-e-quem-secretaria-geral-da-presidencia-secretaria-de-governanca-e-de-gestao-estrategica-divisoes\/\" \/>\n<meta property=\"og:site_name\" content=\"Contabilidade Caxias\" \/>\n<meta property=\"article:published_time\" content=\"2022-06-24T13:02:19+00:00\" \/>\n<meta name=\"twitter:card\" content=\"summary_large_image\" \/>\n<script type=\"application\/ld+json\" class=\"yoast-schema-graph\">{\"@context\":\"https:\\\/\\\/schema.org\",\"@graph\":[{\"@type\":\"Article\",\"@id\":\"https:\\\/\\\/contabilidadecaxias.com.br\\\/index.php\\\/2022\\\/06\\\/24\\\/quem-e-quem-secretaria-geral-da-presidencia-secretaria-de-governanca-e-de-gestao-estrategica-divisoes\\\/#article\",\"isPartOf\":{\"@id\":\"https:\\\/\\\/contabilidadecaxias.com.br\\\/index.php\\\/2022\\\/06\\\/24\\\/quem-e-quem-secretaria-geral-da-presidencia-secretaria-de-governanca-e-de-gestao-estrategica-divisoes\\\/\"},\"author\":{\"name\":\"\",\"@id\":\"\"},\"headline\":\"Quem \u00e9 Quem &#8211; Secretaria Geral da Presid\u00eancia &#8211; Secretaria de Governan\u00e7a e de Gest\u00e3o Estrat\u00e9gica &#8211; Divis\u00f5es\",\"datePublished\":\"2022-06-24T13:02:19+00:00\",\"mainEntityOfPage\":{\"@id\":\"https:\\\/\\\/contabilidadecaxias.com.br\\\/index.php\\\/2022\\\/06\\\/24\\\/quem-e-quem-secretaria-geral-da-presidencia-secretaria-de-governanca-e-de-gestao-estrategica-divisoes\\\/\"},\"wordCount\":83,\"commentCount\":0,\"articleSection\":[\"Educa\u00e7\u00e3o Financeira\"],\"inLanguage\":\"pt-BR\",\"potentialAction\":[{\"@type\":\"CommentAction\",\"name\":\"Comment\",\"target\":[\"https:\\\/\\\/contabilidadecaxias.com.br\\\/index.php\\\/2022\\\/06\\\/24\\\/quem-e-quem-secretaria-geral-da-presidencia-secretaria-de-governanca-e-de-gestao-estrategica-divisoes\\\/#respond\"]}]},{\"@type\":\"WebPage\",\"@id\":\"https:\\\/\\\/contabilidadecaxias.com.br\\\/index.php\\\/2022\\\/06\\\/24\\\/quem-e-quem-secretaria-geral-da-presidencia-secretaria-de-governanca-e-de-gestao-estrategica-divisoes\\\/\",\"url\":\"https:\\\/\\\/contabilidadecaxias.com.br\\\/index.php\\\/2022\\\/06\\\/24\\\/quem-e-quem-secretaria-geral-da-presidencia-secretaria-de-governanca-e-de-gestao-estrategica-divisoes\\\/\",\"name\":\"Quem \u00e9 Quem - Secretaria Geral da Presid\u00eancia - Secretaria de Governan\u00e7a e de Gest\u00e3o Estrat\u00e9gica - Divis\u00f5es - Contabilidade Caxias\",\"isPartOf\":{\"@id\":\"https:\\\/\\\/contabilidadecaxias.com.br\\\/#website\"},\"datePublished\":\"2022-06-24T13:02:19+00:00\",\"author\":{\"@id\":\"\"},\"breadcrumb\":{\"@id\":\"https:\\\/\\\/contabilidadecaxias.com.br\\\/index.php\\\/2022\\\/06\\\/24\\\/quem-e-quem-secretaria-geral-da-presidencia-secretaria-de-governanca-e-de-gestao-estrategica-divisoes\\\/#breadcrumb\"},\"inLanguage\":\"pt-BR\",\"potentialAction\":[{\"@type\":\"ReadAction\",\"target\":[\"https:\\\/\\\/contabilidadecaxias.com.br\\\/index.php\\\/2022\\\/06\\\/24\\\/quem-e-quem-secretaria-geral-da-presidencia-secretaria-de-governanca-e-de-gestao-estrategica-divisoes\\\/\"]}]},{\"@type\":\"BreadcrumbList\",\"@id\":\"https:\\\/\\\/contabilidadecaxias.com.br\\\/index.php\\\/2022\\\/06\\\/24\\\/quem-e-quem-secretaria-geral-da-presidencia-secretaria-de-governanca-e-de-gestao-estrategica-divisoes\\\/#breadcrumb\",\"itemListElement\":[{\"@type\":\"ListItem\",\"position\":1,\"name\":\"In\u00edcio\",\"item\":\"https:\\\/\\\/contabilidadecaxias.com.br\\\/\"},{\"@type\":\"ListItem\",\"position\":2,\"name\":\"Quem \u00e9 Quem &#8211; Secretaria Geral da Presid\u00eancia &#8211; Secretaria de Governan\u00e7a e de Gest\u00e3o Estrat\u00e9gica &#8211; Divis\u00f5es\"}]},{\"@type\":\"WebSite\",\"@id\":\"https:\\\/\\\/contabilidadecaxias.com.br\\\/#website\",\"url\":\"https:\\\/\\\/contabilidadecaxias.com.br\\\/\",\"name\":\"Contabilidade Caxias\",\"description\":\"Site especializado em Contabilidade para Caxias.\",\"potentialAction\":[{\"@type\":\"SearchAction\",\"target\":{\"@type\":\"EntryPoint\",\"urlTemplate\":\"https:\\\/\\\/contabilidadecaxias.com.br\\\/?s={search_term_string}\"},\"query-input\":{\"@type\":\"PropertyValueSpecification\",\"valueRequired\":true,\"valueName\":\"search_term_string\"}}],\"inLanguage\":\"pt-BR\"}]}<\/script>\n<!-- \/ Yoast SEO plugin. -->","yoast_head_json":{"title":"Quem \u00e9 Quem - Secretaria Geral da Presid\u00eancia - Secretaria de Governan\u00e7a e de Gest\u00e3o Estrat\u00e9gica - Divis\u00f5es - Contabilidade Caxias","robots":{"index":"index","follow":"follow","max-snippet":"max-snippet:-1","max-image-preview":"max-image-preview:large","max-video-preview":"max-video-preview:-1"},"canonical":"https:\/\/contabilidadecaxias.com.br\/index.php\/2022\/06\/24\/quem-e-quem-secretaria-geral-da-presidencia-secretaria-de-governanca-e-de-gestao-estrategica-divisoes\/","og_locale":"pt_BR","og_type":"article","og_title":"Quem \u00e9 Quem - Secretaria Geral da Presid\u00eancia - Secretaria de Governan\u00e7a e de Gest\u00e3o Estrat\u00e9gica - Divis\u00f5es - Contabilidade Caxias","og_description":"\u00a0 \u00a0 \u00a0Coordenador de Integridade e de Gest\u00e3o De Riscos \u00a0 Nome Conte\u00fado&#8230; Telefone: (61) 3043-xxxx e-mail: xxx@tst.jus.br Sala: B5.xx \u00a0 \u00a0\u00a0Chefe da Divis\u00e3o de Inova\u00e7\u00e3o \u00a0 Nome Conte\u00fado&#8230; Telefone: (61) 3043-xxxx e-mail: xxx@tst.jus.br Sala: B5.xx \u00a0 \u00a0\u00a0Chefe da Divis\u00e3o de Sustentabilidade \u00a0 Nome Conte\u00fado&#8230; Telefone: (61) 3043-xxxx e-mail: xxx@tst.jus.br Sala: B5.xx","og_url":"https:\/\/contabilidadecaxias.com.br\/index.php\/2022\/06\/24\/quem-e-quem-secretaria-geral-da-presidencia-secretaria-de-governanca-e-de-gestao-estrategica-divisoes\/","og_site_name":"Contabilidade Caxias","article_published_time":"2022-06-24T13:02:19+00:00","twitter_card":"summary_large_image","schema":{"@context":"https:\/\/schema.org","@graph":[{"@type":"Article","@id":"https:\/\/contabilidadecaxias.com.br\/index.php\/2022\/06\/24\/quem-e-quem-secretaria-geral-da-presidencia-secretaria-de-governanca-e-de-gestao-estrategica-divisoes\/#article","isPartOf":{"@id":"https:\/\/contabilidadecaxias.com.br\/index.php\/2022\/06\/24\/quem-e-quem-secretaria-geral-da-presidencia-secretaria-de-governanca-e-de-gestao-estrategica-divisoes\/"},"author":{"name":"","@id":""},"headline":"Quem \u00e9 Quem &#8211; Secretaria Geral da Presid\u00eancia &#8211; Secretaria de Governan\u00e7a e de Gest\u00e3o Estrat\u00e9gica &#8211; Divis\u00f5es","datePublished":"2022-06-24T13:02:19+00:00","mainEntityOfPage":{"@id":"https:\/\/contabilidadecaxias.com.br\/index.php\/2022\/06\/24\/quem-e-quem-secretaria-geral-da-presidencia-secretaria-de-governanca-e-de-gestao-estrategica-divisoes\/"},"wordCount":83,"commentCount":0,"articleSection":["Educa\u00e7\u00e3o Financeira"],"inLanguage":"pt-BR","potentialAction":[{"@type":"CommentAction","name":"Comment","target":["https:\/\/contabilidadecaxias.com.br\/index.php\/2022\/06\/24\/quem-e-quem-secretaria-geral-da-presidencia-secretaria-de-governanca-e-de-gestao-estrategica-divisoes\/#respond"]}]},{"@type":"WebPage","@id":"https:\/\/contabilidadecaxias.com.br\/index.php\/2022\/06\/24\/quem-e-quem-secretaria-geral-da-presidencia-secretaria-de-governanca-e-de-gestao-estrategica-divisoes\/","url":"https:\/\/contabilidadecaxias.com.br\/index.php\/2022\/06\/24\/quem-e-quem-secretaria-geral-da-presidencia-secretaria-de-governanca-e-de-gestao-estrategica-divisoes\/","name":"Quem \u00e9 Quem - Secretaria Geral da Presid\u00eancia - Secretaria de Governan\u00e7a e de Gest\u00e3o Estrat\u00e9gica - Divis\u00f5es - Contabilidade Caxias","isPartOf":{"@id":"https:\/\/contabilidadecaxias.com.br\/#website"},"datePublished":"2022-06-24T13:02:19+00:00","author":{"@id":""},"breadcrumb":{"@id":"https:\/\/contabilidadecaxias.com.br\/index.php\/2022\/06\/24\/quem-e-quem-secretaria-geral-da-presidencia-secretaria-de-governanca-e-de-gestao-estrategica-divisoes\/#breadcrumb"},"inLanguage":"pt-BR","potentialAction":[{"@type":"ReadAction","target":["https:\/\/contabilidadecaxias.com.br\/index.php\/2022\/06\/24\/quem-e-quem-secretaria-geral-da-presidencia-secretaria-de-governanca-e-de-gestao-estrategica-divisoes\/"]}]},{"@type":"BreadcrumbList","@id":"https:\/\/contabilidadecaxias.com.br\/index.php\/2022\/06\/24\/quem-e-quem-secretaria-geral-da-presidencia-secretaria-de-governanca-e-de-gestao-estrategica-divisoes\/#breadcrumb","itemListElement":[{"@type":"ListItem","position":1,"name":"In\u00edcio","item":"https:\/\/contabilidadecaxias.com.br\/"},{"@type":"ListItem","position":2,"name":"Quem \u00e9 Quem &#8211; Secretaria Geral da Presid\u00eancia &#8211; Secretaria de Governan\u00e7a e de Gest\u00e3o Estrat\u00e9gica &#8211; Divis\u00f5es"}]},{"@type":"WebSite","@id":"https:\/\/contabilidadecaxias.com.br\/#website","url":"https:\/\/contabilidadecaxias.com.br\/","name":"Contabilidade Caxias","description":"Site especializado em Contabilidade para Caxias.","potentialAction":[{"@type":"SearchAction","target":{"@type":"EntryPoint","urlTemplate":"https:\/\/contabilidadecaxias.com.br\/?s={search_term_string}"},"query-input":{"@type":"PropertyValueSpecification","valueRequired":true,"valueName":"search_term_string"}}],"inLanguage":"pt-BR"}]}},"_links":{"self":[{"href":"https:\/\/contabilidadecaxias.com.br\/index.php\/wp-json\/wp\/v2\/posts\/11279","targetHints":{"allow":["GET"]}}],"collection":[{"href":"https:\/\/contabilidadecaxias.com.br\/index.php\/wp-json\/wp\/v2\/posts"}],"about":[{"href":"https:\/\/contabilidadecaxias.com.br\/index.php\/wp-json\/wp\/v2\/types\/post"}],"replies":[{"embeddable":true,"href":"https:\/\/contabilidadecaxias.com.br\/index.php\/wp-json\/wp\/v2\/comments?post=11279"}],"version-history":[{"count":0,"href":"https:\/\/contabilidadecaxias.com.br\/index.php\/wp-json\/wp\/v2\/posts\/11279\/revisions"}],"wp:attachment":[{"href":"https:\/\/contabilidadecaxias.com.br\/index.php\/wp-json\/wp\/v2\/media?parent=11279"}],"wp:term":[{"taxonomy":"category","embeddable":true,"href":"https:\/\/contabilidadecaxias.com.br\/index.php\/wp-json\/wp\/v2\/categories?post=11279"},{"taxonomy":"post_tag","embeddable":true,"href":"https:\/\/contabilidadecaxias.com.br\/index.php\/wp-json\/wp\/v2\/tags?post=11279"}],"curies":[{"name":"wp","href":"https:\/\/api.w.org\/{rel}","templated":true}]}}