{"id":11262,"date":"2022-06-23T17:04:03","date_gmt":"2022-06-23T20:04:03","guid":{"rendered":"https:\/\/contabilidadecaxias.com.br\/index.php\/2022\/06\/23\/tst-ira-encaminhar-proposta-de-acordo-coletivo-para-eletrobras-e-entidades-sindicais\/"},"modified":"2022-06-23T17:04:03","modified_gmt":"2022-06-23T20:04:03","slug":"tst-ira-encaminhar-proposta-de-acordo-coletivo-para-eletrobras-e-entidades-sindicais","status":"publish","type":"post","link":"https:\/\/contabilidadecaxias.com.br\/index.php\/2022\/06\/23\/tst-ira-encaminhar-proposta-de-acordo-coletivo-para-eletrobras-e-entidades-sindicais\/","title":{"rendered":"TST ir\u00e1 encaminhar proposta de acordo coletivo para Eletrobras e entidades sindicais"},"content":{"rendered":"<div class=\"noticia-wrapper\">\n<p><em><\/p>\n<p>O objetivo\u00a0\u00e9 evitar o julgamento de diss\u00eddio coletivo de greve<\/p>\n<p><\/em><\/p>\n<div class=\"social-media-share mobile\">\n        <a class=\"share-facebook\" href=\"https:\/\/www.facebook.com\/sharer.php?u=https:\/\/www.tst.jus.br\/-\/tst-ir%C3%A1-encaminhar-proposta-de-acordo-coletivo-para-eletrobras-e-entidades-sindicais\" target=\"_blank\" rel=\"noopener\"><\/a><br \/>\n        <a class=\"share-twitter\" href=\"https:\/\/twitter.com\/intent\/tweet?text=TST%20ir%C3%A1%20encaminhar%20proposta%20de%20acordo%20coletivo%20para%20Eletrobras%20e%20entidades%20sindicais%0AVeja%20mais%20em:&amp;url=https:\/\/www.tst.jus.br\/-\/tst-ir%C3%A1-encaminhar-proposta-de-acordo-coletivo-para-eletrobras-e-entidades-sindicais\" target=\"_blank\" rel=\"noopener\"><\/a><br \/>\n        <a class=\"share-linkedin\" href=\"https:\/\/www.linkedin.com\/shareArticle?mini=true&amp;url=https:\/\/www.tst.jus.br\/-\/tst-ir%C3%A1-encaminhar-proposta-de-acordo-coletivo-para-eletrobras-e-entidades-sindicais&amp;title=TST%20ir%C3%A1%20encaminhar%20proposta%20de%20acordo%20coletivo%20para%20Eletrobras%20e%20entidades%20sindicais\" target=\"_blank\" rel=\"noopener\"><\/a><br \/>\n        <a class=\"share-whatsapp\" href=\"https:\/\/web.whatsapp.com\/send?text=https:\/\/www.tst.jus.br\/-\/tst-ir%C3%A1-encaminhar-proposta-de-acordo-coletivo-para-eletrobras-e-entidades-sindicais\" target=\"_blank\" rel=\"noopener\"><\/a><br \/>\n        <a class=\"share-googleplus\" href=\"https:\/\/plus.google.com\/share?url=https:\/\/www.tst.jus.br\/-\/tst-ir%C3%A1-encaminhar-proposta-de-acordo-coletivo-para-eletrobras-e-entidades-sindicais\" target=\"_blank\" rel=\"noopener\"><\/a>\n    <\/div>\n<div class=\"news-body\">\n<div class=\"imagem-da-noticia\">\n<p>Tela de computador com os participantes da audi\u00eancia de concilia\u00e7\u00e3o<\/p>\n<div class=\"social-media-share\">\n                    <a class=\"share-facebook\" href=\"https:\/\/www.facebook.com\/sharer.php?u=https:\/\/www.tst.jus.br\/-\/tst-ir%C3%A1-encaminhar-proposta-de-acordo-coletivo-para-eletrobras-e-entidades-sindicais\" target=\"_blank\" rel=\"noopener\"><\/a><br \/>\n                    <a class=\"share-twitter\" href=\"https:\/\/twitter.com\/intent\/tweet?text=TST%20ir%C3%A1%20encaminhar%20proposta%20de%20acordo%20coletivo%20para%20Eletrobras%20e%20entidades%20sindicais%0AVeja%20mais%20em:&amp;url=https:\/\/www.tst.jus.br\/-\/tst-ir%C3%A1-encaminhar-proposta-de-acordo-coletivo-para-eletrobras-e-entidades-sindicais\" target=\"_blank\" rel=\"noopener\"><\/a><br \/>\n                    <a class=\"share-linkedin\" href=\"https:\/\/www.linkedin.com\/shareArticle?mini=true&amp;url=https:\/\/www.tst.jus.br\/-\/tst-ir%C3%A1-encaminhar-proposta-de-acordo-coletivo-para-eletrobras-e-entidades-sindicais&amp;title=TST%20ir%C3%A1%20encaminhar%20proposta%20de%20acordo%20coletivo%20para%20Eletrobras%20e%20entidades%20sindicais\" target=\"_blank\" rel=\"noopener\"><\/a><br \/>\n                    <a class=\"share-whatsapp\" href=\"https:\/\/web.whatsapp.com\/send?text=https:\/\/www.tst.jus.br\/-\/tst-ir%C3%A1-encaminhar-proposta-de-acordo-coletivo-para-eletrobras-e-entidades-sindicais\" target=\"_blank\" rel=\"noopener\"><\/a><br \/>\n                    <a class=\"share-googleplus\" href=\"https:\/\/plus.google.com\/share?url=https:\/\/www.tst.jus.br\/-\/tst-ir%C3%A1-encaminhar-proposta-de-acordo-coletivo-para-eletrobras-e-entidades-sindicais\" target=\"_blank\" rel=\"noopener\"><\/a>\n                <\/div>\n<\/p><\/div>\n<div class=\"materia\">\n<p>23\/06\/2022 &#8211;\u00a0Em mais uma rodada de negocia\u00e7\u00f5es (a oitava), a Eletrobras e empregados das centrais el\u00e9tricas se reuniram nesta quinta-feira (23) no Tribunal Superior do Trabalho (TST), em audi\u00eancia com o ministro Agra Belmonte, para tentar fechar acordo e evitar julgamento de diss\u00eddio coletivo da greve realizada pela categoria em janeiro. Ficou definido que o TST vai encaminhar, ainda hoje, proposta referente a quatro cl\u00e1usulas ainda sem consenso.<\/p>\n<p>Segundo o ministro, a proposta permitir\u00e1 discutir, em bases concretas, pontos abordados na audi\u00eancia e, tamb\u00e9m, quest\u00f5es relativas \u00e0 privatiza\u00e7\u00e3o. Ele lembrou que a negocia\u00e7\u00e3o ainda n\u00e3o est\u00e1 encerrada e alertou aos sindicatos que eventual greve, nesse momento, ser\u00e1 considerada ilegal pelo TST. Todavia, manifestou confian\u00e7a de que as partes chegar\u00e3o a um acordo. \u201cS\u00e3o quest\u00f5es relacionadas a ajustes pontuais\u201d, concluiu.<\/p>\n<p>Havia a previs\u00e3o de nova assembleia nesta sexta-feira (24) para deliberar sobre greve a partir de segunda (27), por tempo indeterminado, mas as entidades sindicais deram a garantia, durante a audi\u00eancia, de que n\u00e3o haver\u00e1 paralisa\u00e7\u00e3o at\u00e9 a an\u00e1lise da nova proposta a ser feita pelo TST.<\/p>\n<p>(RR\/CF)<\/p>\n<p>Processos: DCG-1000039-86.2022.5.00.0000, DCG-1000051-03.2022.5.00.0000, DCG-1000012-06.2022.5.00.0000, DCG-1000024-20.2022.5.00.0000 e DCG-1001418-96.2021.5.00.0000<\/p>\n<\/div><\/div>\n<\/div>\n","protected":false},"excerpt":{"rendered":"<p>O objetivo\u00a0\u00e9 evitar o julgamento de diss\u00eddio coletivo de greve Tela de computador com os participantes da audi\u00eancia de concilia\u00e7\u00e3o 23\/06\/2022 &#8211;\u00a0Em mais uma rodada de negocia\u00e7\u00f5es (a oitava), a Eletrobras e empregados das centrais el\u00e9tricas se reuniram nesta quinta-feira (23) no Tribunal Superior do Trabalho (TST), em audi\u00eancia com o ministro Agra Belmonte, para [&hellip;]<\/p>\n","protected":false},"author":0,"featured_media":11263,"comment_status":"open","ping_status":"","sticky":false,"template":"","format":"standard","meta":{"footnotes":""},"categories":[5],"tags":[],"class_list":["post-11262","post","type-post","status-publish","format-standard","has-post-thumbnail","hentry","category-noticias-educacao-financeira"],"blocksy_meta":{"styles_descriptor":{"styles":{"desktop":"","tablet":"","mobile":""},"google_fonts":[],"version":6}},"yoast_head":"<!-- This site is optimized with the Yoast SEO plugin v27.4 - https:\/\/yoast.com\/product\/yoast-seo-wordpress\/ -->\n<title>TST ir\u00e1 encaminhar proposta de acordo coletivo para Eletrobras e entidades sindicais - Contabilidade Caxias<\/title>\n<meta name=\"robots\" content=\"index, follow, max-snippet:-1, max-image-preview:large, max-video-preview:-1\" \/>\n<link rel=\"canonical\" href=\"https:\/\/contabilidadecaxias.com.br\/index.php\/2022\/06\/23\/tst-ira-encaminhar-proposta-de-acordo-coletivo-para-eletrobras-e-entidades-sindicais\/\" \/>\n<meta property=\"og:locale\" content=\"pt_BR\" \/>\n<meta property=\"og:type\" content=\"article\" \/>\n<meta property=\"og:title\" content=\"TST ir\u00e1 encaminhar proposta de acordo coletivo para Eletrobras e entidades sindicais - Contabilidade Caxias\" \/>\n<meta property=\"og:description\" content=\"O objetivo\u00a0\u00e9 evitar o julgamento de diss\u00eddio coletivo de greve Tela de computador com os participantes da audi\u00eancia de concilia\u00e7\u00e3o 23\/06\/2022 &#8211;\u00a0Em mais uma rodada de negocia\u00e7\u00f5es (a oitava), a Eletrobras e empregados das centrais el\u00e9tricas se reuniram nesta quinta-feira (23) no Tribunal Superior do Trabalho (TST), em audi\u00eancia com o ministro Agra Belmonte, para [&hellip;]\" \/>\n<meta property=\"og:url\" content=\"https:\/\/contabilidadecaxias.com.br\/index.php\/2022\/06\/23\/tst-ira-encaminhar-proposta-de-acordo-coletivo-para-eletrobras-e-entidades-sindicais\/\" \/>\n<meta property=\"og:site_name\" content=\"Contabilidade Caxias\" \/>\n<meta property=\"article:published_time\" content=\"2022-06-23T20:04:03+00:00\" \/>\n<meta name=\"twitter:card\" content=\"summary_large_image\" \/>\n<meta name=\"twitter:label1\" content=\"Est. tempo de leitura\" \/>\n\t<meta name=\"twitter:data1\" content=\"1 minuto\" \/>\n<script type=\"application\/ld+json\" class=\"yoast-schema-graph\">{\"@context\":\"https:\\\/\\\/schema.org\",\"@graph\":[{\"@type\":\"Article\",\"@id\":\"https:\\\/\\\/contabilidadecaxias.com.br\\\/index.php\\\/2022\\\/06\\\/23\\\/tst-ira-encaminhar-proposta-de-acordo-coletivo-para-eletrobras-e-entidades-sindicais\\\/#article\",\"isPartOf\":{\"@id\":\"https:\\\/\\\/contabilidadecaxias.com.br\\\/index.php\\\/2022\\\/06\\\/23\\\/tst-ira-encaminhar-proposta-de-acordo-coletivo-para-eletrobras-e-entidades-sindicais\\\/\"},\"author\":{\"name\":\"\",\"@id\":\"\"},\"headline\":\"TST ir\u00e1 encaminhar proposta de acordo coletivo para Eletrobras e entidades sindicais\",\"datePublished\":\"2022-06-23T20:04:03+00:00\",\"mainEntityOfPage\":{\"@id\":\"https:\\\/\\\/contabilidadecaxias.com.br\\\/index.php\\\/2022\\\/06\\\/23\\\/tst-ira-encaminhar-proposta-de-acordo-coletivo-para-eletrobras-e-entidades-sindicais\\\/\"},\"wordCount\":241,\"commentCount\":0,\"image\":{\"@id\":\"https:\\\/\\\/contabilidadecaxias.com.br\\\/index.php\\\/2022\\\/06\\\/23\\\/tst-ira-encaminhar-proposta-de-acordo-coletivo-para-eletrobras-e-entidades-sindicais\\\/#primaryimage\"},\"thumbnailUrl\":\"https:\\\/\\\/contabilidadecaxias.com.br\\\/wp-content\\\/uploads\\\/2022\\\/06\\\/b315e1c9-39d1-8594-2eff-1573854c1a4d-csR2md.jpeg\",\"articleSection\":[\"Educa\u00e7\u00e3o Financeira\"],\"inLanguage\":\"pt-BR\",\"potentialAction\":[{\"@type\":\"CommentAction\",\"name\":\"Comment\",\"target\":[\"https:\\\/\\\/contabilidadecaxias.com.br\\\/index.php\\\/2022\\\/06\\\/23\\\/tst-ira-encaminhar-proposta-de-acordo-coletivo-para-eletrobras-e-entidades-sindicais\\\/#respond\"]}]},{\"@type\":\"WebPage\",\"@id\":\"https:\\\/\\\/contabilidadecaxias.com.br\\\/index.php\\\/2022\\\/06\\\/23\\\/tst-ira-encaminhar-proposta-de-acordo-coletivo-para-eletrobras-e-entidades-sindicais\\\/\",\"url\":\"https:\\\/\\\/contabilidadecaxias.com.br\\\/index.php\\\/2022\\\/06\\\/23\\\/tst-ira-encaminhar-proposta-de-acordo-coletivo-para-eletrobras-e-entidades-sindicais\\\/\",\"name\":\"TST ir\u00e1 encaminhar proposta de acordo coletivo para Eletrobras e entidades sindicais - Contabilidade Caxias\",\"isPartOf\":{\"@id\":\"https:\\\/\\\/contabilidadecaxias.com.br\\\/#website\"},\"primaryImageOfPage\":{\"@id\":\"https:\\\/\\\/contabilidadecaxias.com.br\\\/index.php\\\/2022\\\/06\\\/23\\\/tst-ira-encaminhar-proposta-de-acordo-coletivo-para-eletrobras-e-entidades-sindicais\\\/#primaryimage\"},\"image\":{\"@id\":\"https:\\\/\\\/contabilidadecaxias.com.br\\\/index.php\\\/2022\\\/06\\\/23\\\/tst-ira-encaminhar-proposta-de-acordo-coletivo-para-eletrobras-e-entidades-sindicais\\\/#primaryimage\"},\"thumbnailUrl\":\"https:\\\/\\\/contabilidadecaxias.com.br\\\/wp-content\\\/uploads\\\/2022\\\/06\\\/b315e1c9-39d1-8594-2eff-1573854c1a4d-csR2md.jpeg\",\"datePublished\":\"2022-06-23T20:04:03+00:00\",\"author\":{\"@id\":\"\"},\"breadcrumb\":{\"@id\":\"https:\\\/\\\/contabilidadecaxias.com.br\\\/index.php\\\/2022\\\/06\\\/23\\\/tst-ira-encaminhar-proposta-de-acordo-coletivo-para-eletrobras-e-entidades-sindicais\\\/#breadcrumb\"},\"inLanguage\":\"pt-BR\",\"potentialAction\":[{\"@type\":\"ReadAction\",\"target\":[\"https:\\\/\\\/contabilidadecaxias.com.br\\\/index.php\\\/2022\\\/06\\\/23\\\/tst-ira-encaminhar-proposta-de-acordo-coletivo-para-eletrobras-e-entidades-sindicais\\\/\"]}]},{\"@type\":\"ImageObject\",\"inLanguage\":\"pt-BR\",\"@id\":\"https:\\\/\\\/contabilidadecaxias.com.br\\\/index.php\\\/2022\\\/06\\\/23\\\/tst-ira-encaminhar-proposta-de-acordo-coletivo-para-eletrobras-e-entidades-sindicais\\\/#primaryimage\",\"url\":\"https:\\\/\\\/contabilidadecaxias.com.br\\\/wp-content\\\/uploads\\\/2022\\\/06\\\/b315e1c9-39d1-8594-2eff-1573854c1a4d-csR2md.jpeg\",\"contentUrl\":\"https:\\\/\\\/contabilidadecaxias.com.br\\\/wp-content\\\/uploads\\\/2022\\\/06\\\/b315e1c9-39d1-8594-2eff-1573854c1a4d-csR2md.jpeg\",\"width\":781,\"height\":586},{\"@type\":\"BreadcrumbList\",\"@id\":\"https:\\\/\\\/contabilidadecaxias.com.br\\\/index.php\\\/2022\\\/06\\\/23\\\/tst-ira-encaminhar-proposta-de-acordo-coletivo-para-eletrobras-e-entidades-sindicais\\\/#breadcrumb\",\"itemListElement\":[{\"@type\":\"ListItem\",\"position\":1,\"name\":\"In\u00edcio\",\"item\":\"https:\\\/\\\/contabilidadecaxias.com.br\\\/\"},{\"@type\":\"ListItem\",\"position\":2,\"name\":\"TST ir\u00e1 encaminhar proposta de acordo coletivo para Eletrobras e entidades sindicais\"}]},{\"@type\":\"WebSite\",\"@id\":\"https:\\\/\\\/contabilidadecaxias.com.br\\\/#website\",\"url\":\"https:\\\/\\\/contabilidadecaxias.com.br\\\/\",\"name\":\"Contabilidade Caxias\",\"description\":\"Site especializado em Contabilidade para Caxias.\",\"potentialAction\":[{\"@type\":\"SearchAction\",\"target\":{\"@type\":\"EntryPoint\",\"urlTemplate\":\"https:\\\/\\\/contabilidadecaxias.com.br\\\/?s={search_term_string}\"},\"query-input\":{\"@type\":\"PropertyValueSpecification\",\"valueRequired\":true,\"valueName\":\"search_term_string\"}}],\"inLanguage\":\"pt-BR\"}]}<\/script>\n<!-- \/ Yoast SEO plugin. -->","yoast_head_json":{"title":"TST ir\u00e1 encaminhar proposta de acordo coletivo para Eletrobras e entidades sindicais - Contabilidade Caxias","robots":{"index":"index","follow":"follow","max-snippet":"max-snippet:-1","max-image-preview":"max-image-preview:large","max-video-preview":"max-video-preview:-1"},"canonical":"https:\/\/contabilidadecaxias.com.br\/index.php\/2022\/06\/23\/tst-ira-encaminhar-proposta-de-acordo-coletivo-para-eletrobras-e-entidades-sindicais\/","og_locale":"pt_BR","og_type":"article","og_title":"TST ir\u00e1 encaminhar proposta de acordo coletivo para Eletrobras e entidades sindicais - Contabilidade Caxias","og_description":"O objetivo\u00a0\u00e9 evitar o julgamento de diss\u00eddio coletivo de greve Tela de computador com os participantes da audi\u00eancia de concilia\u00e7\u00e3o 23\/06\/2022 &#8211;\u00a0Em mais uma rodada de negocia\u00e7\u00f5es (a oitava), a Eletrobras e empregados das centrais el\u00e9tricas se reuniram nesta quinta-feira (23) no Tribunal Superior do Trabalho (TST), em audi\u00eancia com o ministro Agra Belmonte, para [&hellip;]","og_url":"https:\/\/contabilidadecaxias.com.br\/index.php\/2022\/06\/23\/tst-ira-encaminhar-proposta-de-acordo-coletivo-para-eletrobras-e-entidades-sindicais\/","og_site_name":"Contabilidade Caxias","article_published_time":"2022-06-23T20:04:03+00:00","twitter_card":"summary_large_image","twitter_misc":{"Est. tempo de leitura":"1 minuto"},"schema":{"@context":"https:\/\/schema.org","@graph":[{"@type":"Article","@id":"https:\/\/contabilidadecaxias.com.br\/index.php\/2022\/06\/23\/tst-ira-encaminhar-proposta-de-acordo-coletivo-para-eletrobras-e-entidades-sindicais\/#article","isPartOf":{"@id":"https:\/\/contabilidadecaxias.com.br\/index.php\/2022\/06\/23\/tst-ira-encaminhar-proposta-de-acordo-coletivo-para-eletrobras-e-entidades-sindicais\/"},"author":{"name":"","@id":""},"headline":"TST ir\u00e1 encaminhar proposta de acordo coletivo para Eletrobras e entidades sindicais","datePublished":"2022-06-23T20:04:03+00:00","mainEntityOfPage":{"@id":"https:\/\/contabilidadecaxias.com.br\/index.php\/2022\/06\/23\/tst-ira-encaminhar-proposta-de-acordo-coletivo-para-eletrobras-e-entidades-sindicais\/"},"wordCount":241,"commentCount":0,"image":{"@id":"https:\/\/contabilidadecaxias.com.br\/index.php\/2022\/06\/23\/tst-ira-encaminhar-proposta-de-acordo-coletivo-para-eletrobras-e-entidades-sindicais\/#primaryimage"},"thumbnailUrl":"https:\/\/contabilidadecaxias.com.br\/wp-content\/uploads\/2022\/06\/b315e1c9-39d1-8594-2eff-1573854c1a4d-csR2md.jpeg","articleSection":["Educa\u00e7\u00e3o Financeira"],"inLanguage":"pt-BR","potentialAction":[{"@type":"CommentAction","name":"Comment","target":["https:\/\/contabilidadecaxias.com.br\/index.php\/2022\/06\/23\/tst-ira-encaminhar-proposta-de-acordo-coletivo-para-eletrobras-e-entidades-sindicais\/#respond"]}]},{"@type":"WebPage","@id":"https:\/\/contabilidadecaxias.com.br\/index.php\/2022\/06\/23\/tst-ira-encaminhar-proposta-de-acordo-coletivo-para-eletrobras-e-entidades-sindicais\/","url":"https:\/\/contabilidadecaxias.com.br\/index.php\/2022\/06\/23\/tst-ira-encaminhar-proposta-de-acordo-coletivo-para-eletrobras-e-entidades-sindicais\/","name":"TST ir\u00e1 encaminhar proposta de acordo coletivo para Eletrobras e entidades sindicais - Contabilidade Caxias","isPartOf":{"@id":"https:\/\/contabilidadecaxias.com.br\/#website"},"primaryImageOfPage":{"@id":"https:\/\/contabilidadecaxias.com.br\/index.php\/2022\/06\/23\/tst-ira-encaminhar-proposta-de-acordo-coletivo-para-eletrobras-e-entidades-sindicais\/#primaryimage"},"image":{"@id":"https:\/\/contabilidadecaxias.com.br\/index.php\/2022\/06\/23\/tst-ira-encaminhar-proposta-de-acordo-coletivo-para-eletrobras-e-entidades-sindicais\/#primaryimage"},"thumbnailUrl":"https:\/\/contabilidadecaxias.com.br\/wp-content\/uploads\/2022\/06\/b315e1c9-39d1-8594-2eff-1573854c1a4d-csR2md.jpeg","datePublished":"2022-06-23T20:04:03+00:00","author":{"@id":""},"breadcrumb":{"@id":"https:\/\/contabilidadecaxias.com.br\/index.php\/2022\/06\/23\/tst-ira-encaminhar-proposta-de-acordo-coletivo-para-eletrobras-e-entidades-sindicais\/#breadcrumb"},"inLanguage":"pt-BR","potentialAction":[{"@type":"ReadAction","target":["https:\/\/contabilidadecaxias.com.br\/index.php\/2022\/06\/23\/tst-ira-encaminhar-proposta-de-acordo-coletivo-para-eletrobras-e-entidades-sindicais\/"]}]},{"@type":"ImageObject","inLanguage":"pt-BR","@id":"https:\/\/contabilidadecaxias.com.br\/index.php\/2022\/06\/23\/tst-ira-encaminhar-proposta-de-acordo-coletivo-para-eletrobras-e-entidades-sindicais\/#primaryimage","url":"https:\/\/contabilidadecaxias.com.br\/wp-content\/uploads\/2022\/06\/b315e1c9-39d1-8594-2eff-1573854c1a4d-csR2md.jpeg","contentUrl":"https:\/\/contabilidadecaxias.com.br\/wp-content\/uploads\/2022\/06\/b315e1c9-39d1-8594-2eff-1573854c1a4d-csR2md.jpeg","width":781,"height":586},{"@type":"BreadcrumbList","@id":"https:\/\/contabilidadecaxias.com.br\/index.php\/2022\/06\/23\/tst-ira-encaminhar-proposta-de-acordo-coletivo-para-eletrobras-e-entidades-sindicais\/#breadcrumb","itemListElement":[{"@type":"ListItem","position":1,"name":"In\u00edcio","item":"https:\/\/contabilidadecaxias.com.br\/"},{"@type":"ListItem","position":2,"name":"TST ir\u00e1 encaminhar proposta de acordo coletivo para Eletrobras e entidades sindicais"}]},{"@type":"WebSite","@id":"https:\/\/contabilidadecaxias.com.br\/#website","url":"https:\/\/contabilidadecaxias.com.br\/","name":"Contabilidade Caxias","description":"Site especializado em Contabilidade para Caxias.","potentialAction":[{"@type":"SearchAction","target":{"@type":"EntryPoint","urlTemplate":"https:\/\/contabilidadecaxias.com.br\/?s={search_term_string}"},"query-input":{"@type":"PropertyValueSpecification","valueRequired":true,"valueName":"search_term_string"}}],"inLanguage":"pt-BR"}]}},"_links":{"self":[{"href":"https:\/\/contabilidadecaxias.com.br\/index.php\/wp-json\/wp\/v2\/posts\/11262","targetHints":{"allow":["GET"]}}],"collection":[{"href":"https:\/\/contabilidadecaxias.com.br\/index.php\/wp-json\/wp\/v2\/posts"}],"about":[{"href":"https:\/\/contabilidadecaxias.com.br\/index.php\/wp-json\/wp\/v2\/types\/post"}],"replies":[{"embeddable":true,"href":"https:\/\/contabilidadecaxias.com.br\/index.php\/wp-json\/wp\/v2\/comments?post=11262"}],"version-history":[{"count":0,"href":"https:\/\/contabilidadecaxias.com.br\/index.php\/wp-json\/wp\/v2\/posts\/11262\/revisions"}],"wp:featuredmedia":[{"embeddable":true,"href":"https:\/\/contabilidadecaxias.com.br\/index.php\/wp-json\/wp\/v2\/media\/11263"}],"wp:attachment":[{"href":"https:\/\/contabilidadecaxias.com.br\/index.php\/wp-json\/wp\/v2\/media?parent=11262"}],"wp:term":[{"taxonomy":"category","embeddable":true,"href":"https:\/\/contabilidadecaxias.com.br\/index.php\/wp-json\/wp\/v2\/categories?post=11262"},{"taxonomy":"post_tag","embeddable":true,"href":"https:\/\/contabilidadecaxias.com.br\/index.php\/wp-json\/wp\/v2\/tags?post=11262"}],"curies":[{"name":"wp","href":"https:\/\/api.w.org\/{rel}","templated":true}]}}