{"id":11260,"date":"2022-06-23T17:04:00","date_gmt":"2022-06-23T20:04:00","guid":{"rendered":"https:\/\/contabilidadecaxias.com.br\/index.php\/2022\/06\/23\/live-na-tv-tst-esclarece-duvidas-sobre-teletrabalho-e-trabalho-hibrido-para-celetistas\/"},"modified":"2022-06-23T17:04:00","modified_gmt":"2022-06-23T20:04:00","slug":"live-na-tv-tst-esclarece-duvidas-sobre-teletrabalho-e-trabalho-hibrido-para-celetistas","status":"publish","type":"post","link":"https:\/\/contabilidadecaxias.com.br\/index.php\/2022\/06\/23\/live-na-tv-tst-esclarece-duvidas-sobre-teletrabalho-e-trabalho-hibrido-para-celetistas\/","title":{"rendered":"Live na TV TST esclarece d\u00favidas sobre teletrabalho e trabalho h\u00edbrido para celetistas"},"content":{"rendered":"<div class=\"noticia-wrapper\">\n<p><em><\/p>\n<p>Tema foi escolhido em celebra\u00e7\u00e3o \u00e0 marca de 200 mil inscritos no canal oficial do TST, no YouTube. Ministro Agra Belmonte respondeu a perguntas de internautas.<\/p>\n<p><\/em><\/p>\n<div class=\"social-media-share mobile\">\n        <a class=\"share-facebook\" href=\"https:\/\/www.facebook.com\/sharer.php?u=https:\/\/www.tst.jus.br\/-\/live-na-tv-tst-esclarece-d%C3%BAvidas-sobre-teletrabalho-e-trabalho-h%C3%ADbrido-para-celetistas\" target=\"_blank\" rel=\"noopener\"><\/a><br \/>\n        <a class=\"share-twitter\" href=\"https:\/\/twitter.com\/intent\/tweet?text=Live%20na%20TV%20TST%20esclarece%20d%C3%BAvidas%20sobre%20teletrabalho%20e%20trabalho%20h%C3%ADbrido%20para%20celetistas%0AVeja%20mais%20em:&amp;url=https:\/\/www.tst.jus.br\/-\/live-na-tv-tst-esclarece-d%C3%BAvidas-sobre-teletrabalho-e-trabalho-h%C3%ADbrido-para-celetistas\" target=\"_blank\" rel=\"noopener\"><\/a><br \/>\n        <a class=\"share-linkedin\" href=\"https:\/\/www.linkedin.com\/shareArticle?mini=true&amp;url=https:\/\/www.tst.jus.br\/-\/live-na-tv-tst-esclarece-d%C3%BAvidas-sobre-teletrabalho-e-trabalho-h%C3%ADbrido-para-celetistas&amp;title=Live%20na%20TV%20TST%20esclarece%20d%C3%BAvidas%20sobre%20teletrabalho%20e%20trabalho%20h%C3%ADbrido%20para%20celetistas\" target=\"_blank\" rel=\"noopener\"><\/a><br \/>\n        <a class=\"share-whatsapp\" href=\"https:\/\/web.whatsapp.com\/send?text=https:\/\/www.tst.jus.br\/-\/live-na-tv-tst-esclarece-d%C3%BAvidas-sobre-teletrabalho-e-trabalho-h%C3%ADbrido-para-celetistas\" target=\"_blank\" rel=\"noopener\"><\/a><br \/>\n        <a class=\"share-googleplus\" href=\"https:\/\/plus.google.com\/share?url=https:\/\/www.tst.jus.br\/-\/live-na-tv-tst-esclarece-d%C3%BAvidas-sobre-teletrabalho-e-trabalho-h%C3%ADbrido-para-celetistas\" target=\"_blank\" rel=\"noopener\"><\/a>\n    <\/div>\n<div class=\"news-body\">\n<div class=\"imagem-da-noticia\">\n<p>Ministro Alexandre Agra Belmonte durante a transmiss\u00e3o da live, nesta quarta-feira (22)<\/p>\n<div class=\"social-media-share\">\n                    <a class=\"share-facebook\" href=\"https:\/\/www.facebook.com\/sharer.php?u=https:\/\/www.tst.jus.br\/-\/live-na-tv-tst-esclarece-d%C3%BAvidas-sobre-teletrabalho-e-trabalho-h%C3%ADbrido-para-celetistas\" target=\"_blank\" rel=\"noopener\"><\/a><br \/>\n                    <a class=\"share-twitter\" href=\"https:\/\/twitter.com\/intent\/tweet?text=Live%20na%20TV%20TST%20esclarece%20d%C3%BAvidas%20sobre%20teletrabalho%20e%20trabalho%20h%C3%ADbrido%20para%20celetistas%0AVeja%20mais%20em:&amp;url=https:\/\/www.tst.jus.br\/-\/live-na-tv-tst-esclarece-d%C3%BAvidas-sobre-teletrabalho-e-trabalho-h%C3%ADbrido-para-celetistas\" target=\"_blank\" rel=\"noopener\"><\/a><br \/>\n                    <a class=\"share-linkedin\" href=\"https:\/\/www.linkedin.com\/shareArticle?mini=true&amp;url=https:\/\/www.tst.jus.br\/-\/live-na-tv-tst-esclarece-d%C3%BAvidas-sobre-teletrabalho-e-trabalho-h%C3%ADbrido-para-celetistas&amp;title=Live%20na%20TV%20TST%20esclarece%20d%C3%BAvidas%20sobre%20teletrabalho%20e%20trabalho%20h%C3%ADbrido%20para%20celetistas\" target=\"_blank\" rel=\"noopener\"><\/a><br \/>\n                    <a class=\"share-whatsapp\" href=\"https:\/\/web.whatsapp.com\/send?text=https:\/\/www.tst.jus.br\/-\/live-na-tv-tst-esclarece-d%C3%BAvidas-sobre-teletrabalho-e-trabalho-h%C3%ADbrido-para-celetistas\" target=\"_blank\" rel=\"noopener\"><\/a><br \/>\n                    <a class=\"share-googleplus\" href=\"https:\/\/plus.google.com\/share?url=https:\/\/www.tst.jus.br\/-\/live-na-tv-tst-esclarece-d%C3%BAvidas-sobre-teletrabalho-e-trabalho-h%C3%ADbrido-para-celetistas\" target=\"_blank\" rel=\"noopener\"><\/a>\n                <\/div>\n<\/p><\/div>\n<div class=\"materia\">\n<p>23\/06\/2022 &#8211; Nesta quarta-feira (22), o Tribunal Superior do Trabalho (TST) comemorou a marca de 200 mil inscritos no TST Tube, canal oficial do \u00f3rg\u00e3o no YouTube, com uma\u00a0live\u00a0que abordou teletrabalho e trabalho h\u00edbrido para empregados celetistas.\u00a0O tema foi escolhido pelo p\u00fablico, em uma enquete promovida no Instagram oficial do \u00f3rg\u00e3o.\u00a0<\/p>\n<p>A transmiss\u00e3o contou com a presen\u00e7a do ministro Alexandre Agra Belmonte. Ele destacou que o regime de trabalho remoto ganhou relev\u00e2ncia e transformou-se a partir da pandemia da covid-19. \u201cEle pode ser prestado em\u00a0homeoffice\u00a0(na casa do empregado), em\u00a0coworking\u00a0(espa\u00e7os compartilhados de trabalho) ou de forma m\u00f3vel\u201d, salientou, destacando que a CLT passou a contemplar a possibilidade de trabalho h\u00edbrido. Essa foi uma das mudan\u00e7as trazidas pela\u00a0<a href=\"https:\/\/www.planalto.gov.br\/ccivil_03\/_Ato2019-2022\/2022\/Mpv\/mpv1108.htm\" target=\"_blank\" rel=\"noopener\">Medida Provis\u00f3ria (MP) n\u00ba 1.108\/2022<\/a>. O texto passou a considerar que o comparecimento do empregado \u00e0s depend\u00eancias do empregador, para realizar atividades espec\u00edficas, ainda que de modo habitual, n\u00e3o descaracteriza o regime de teletrabalho.\u00a0<\/p>\n<p>Durante a transmiss\u00e3o, o ministro esclareceu d\u00favidas de internautas e tamb\u00e9m comentou tend\u00eancias de transforma\u00e7\u00e3o nas rela\u00e7\u00f5es de trabalho decorrentes do advento de novas tecnologias, o que exigir\u00e1 a atualiza\u00e7\u00e3o das normas trabalhistas. \u201cVamos precisar adequar a legisla\u00e7\u00e3o \u00e0 medida que as quest\u00f5es relacionadas ao teletrabalho forem surgindo. Ele vai alcan\u00e7ar um ponto em que teremos o chamado metaverso, no qual as pessoas ir\u00e3o se relacionar em um mundo virtual. Talvez esse seja o futuro\u201d, disse.\u00a0<\/p>\n<p>Agra Belmonte abordou, tamb\u00e9m, dificuldades trazidas por essa forma de trabalho, como a sensa\u00e7\u00e3o de solid\u00e3o e os desafios que existem para a inser\u00e7\u00e3o de empregados nesse regime, como qualifica\u00e7\u00e3o e inclus\u00e3o digital.\u00a0\u00a0\u00a0<\/p>\n<p><strong>A grava\u00e7\u00e3o da live est\u00e1 dispon\u00edvel no TST Tube:<\/strong><\/p>\n<\/p>\n<p><strong>Canal oficial do TST no YouTube<\/strong><\/p>\n<p>O canal do TST no YouTube disponibiliza diversos conte\u00fados produzidos pela TV TST, como mat\u00e9rias jornal\u00edsticas, s\u00e9ries exclusivas, v\u00eddeos de campanhas institucionais, al\u00e9m de transmitir sess\u00f5es de julgamento, eventos e conte\u00fados relacionados ao Direito Trabalhista.\u00a0\u00a0<\/p>\n<p>(Nat\u00e1lia Pianegonda\/RT)<\/p>\n<p><strong>Leia tamb\u00e9m:<\/strong><\/p>\n<p><a href=\"https:\/\/www.tst.jus.br\/web\/guest\/-\/conte%C3%BAdos-especializados-em-%C3%A1udio-e-v%C3%ADdeo-ampliam-acesso-%C3%A0-informa%C3%A7%C3%A3o-sobre-a-justi%C3%A7a-do-trabalho\" target=\"_blank\" rel=\"noopener\">Conte\u00fados especializados em \u00e1udio e v\u00eddeo ampliam acesso \u00e0 informa\u00e7\u00e3o sobre a Justi\u00e7a do Trabalho\u00a0<\/a><\/p>\n<\/div><\/div>\n<\/div>\n","protected":false},"excerpt":{"rendered":"<p>Tema foi escolhido em celebra\u00e7\u00e3o \u00e0 marca de 200 mil inscritos no canal oficial do TST, no YouTube. Ministro Agra Belmonte respondeu a perguntas de internautas. Ministro Alexandre Agra Belmonte durante a transmiss\u00e3o da live, nesta quarta-feira (22) 23\/06\/2022 &#8211; Nesta quarta-feira (22), o Tribunal Superior do Trabalho (TST) comemorou a marca de 200 mil [&hellip;]<\/p>\n","protected":false},"author":0,"featured_media":11261,"comment_status":"open","ping_status":"","sticky":false,"template":"","format":"standard","meta":{"footnotes":""},"categories":[5],"tags":[],"class_list":["post-11260","post","type-post","status-publish","format-standard","has-post-thumbnail","hentry","category-noticias-educacao-financeira"],"blocksy_meta":{"styles_descriptor":{"styles":{"desktop":"","tablet":"","mobile":""},"google_fonts":[],"version":6}},"yoast_head":"<!-- This site is optimized with the Yoast SEO plugin v27.4 - https:\/\/yoast.com\/product\/yoast-seo-wordpress\/ -->\n<title>Live na TV TST esclarece d\u00favidas sobre teletrabalho e trabalho h\u00edbrido para celetistas - Contabilidade Caxias<\/title>\n<meta name=\"robots\" content=\"index, follow, max-snippet:-1, max-image-preview:large, max-video-preview:-1\" \/>\n<link rel=\"canonical\" href=\"https:\/\/contabilidadecaxias.com.br\/index.php\/2022\/06\/23\/live-na-tv-tst-esclarece-duvidas-sobre-teletrabalho-e-trabalho-hibrido-para-celetistas\/\" \/>\n<meta property=\"og:locale\" content=\"pt_BR\" \/>\n<meta property=\"og:type\" content=\"article\" \/>\n<meta property=\"og:title\" content=\"Live na TV TST esclarece d\u00favidas sobre teletrabalho e trabalho h\u00edbrido para celetistas - Contabilidade Caxias\" \/>\n<meta property=\"og:description\" content=\"Tema foi escolhido em celebra\u00e7\u00e3o \u00e0 marca de 200 mil inscritos no canal oficial do TST, no YouTube. Ministro Agra Belmonte respondeu a perguntas de internautas. Ministro Alexandre Agra Belmonte durante a transmiss\u00e3o da live, nesta quarta-feira (22) 23\/06\/2022 &#8211; Nesta quarta-feira (22), o Tribunal Superior do Trabalho (TST) comemorou a marca de 200 mil [&hellip;]\" \/>\n<meta property=\"og:url\" content=\"https:\/\/contabilidadecaxias.com.br\/index.php\/2022\/06\/23\/live-na-tv-tst-esclarece-duvidas-sobre-teletrabalho-e-trabalho-hibrido-para-celetistas\/\" \/>\n<meta property=\"og:site_name\" content=\"Contabilidade Caxias\" \/>\n<meta property=\"article:published_time\" content=\"2022-06-23T20:04:00+00:00\" \/>\n<meta name=\"twitter:card\" content=\"summary_large_image\" \/>\n<meta name=\"twitter:label1\" content=\"Est. tempo de leitura\" \/>\n\t<meta name=\"twitter:data1\" content=\"2 minutos\" \/>\n<script type=\"application\/ld+json\" class=\"yoast-schema-graph\">{\"@context\":\"https:\\\/\\\/schema.org\",\"@graph\":[{\"@type\":\"Article\",\"@id\":\"https:\\\/\\\/contabilidadecaxias.com.br\\\/index.php\\\/2022\\\/06\\\/23\\\/live-na-tv-tst-esclarece-duvidas-sobre-teletrabalho-e-trabalho-hibrido-para-celetistas\\\/#article\",\"isPartOf\":{\"@id\":\"https:\\\/\\\/contabilidadecaxias.com.br\\\/index.php\\\/2022\\\/06\\\/23\\\/live-na-tv-tst-esclarece-duvidas-sobre-teletrabalho-e-trabalho-hibrido-para-celetistas\\\/\"},\"author\":{\"name\":\"\",\"@id\":\"\"},\"headline\":\"Live na TV TST esclarece d\u00favidas sobre teletrabalho e trabalho h\u00edbrido para celetistas\",\"datePublished\":\"2022-06-23T20:04:00+00:00\",\"mainEntityOfPage\":{\"@id\":\"https:\\\/\\\/contabilidadecaxias.com.br\\\/index.php\\\/2022\\\/06\\\/23\\\/live-na-tv-tst-esclarece-duvidas-sobre-teletrabalho-e-trabalho-hibrido-para-celetistas\\\/\"},\"wordCount\":430,\"commentCount\":0,\"image\":{\"@id\":\"https:\\\/\\\/contabilidadecaxias.com.br\\\/index.php\\\/2022\\\/06\\\/23\\\/live-na-tv-tst-esclarece-duvidas-sobre-teletrabalho-e-trabalho-hibrido-para-celetistas\\\/#primaryimage\"},\"thumbnailUrl\":\"https:\\\/\\\/contabilidadecaxias.com.br\\\/wp-content\\\/uploads\\\/2022\\\/06\\\/89ec4bef-7d00-46e6-fa26-0cf3c7988f5a-gJ8WJ1.jpeg\",\"articleSection\":[\"Educa\u00e7\u00e3o Financeira\"],\"inLanguage\":\"pt-BR\",\"potentialAction\":[{\"@type\":\"CommentAction\",\"name\":\"Comment\",\"target\":[\"https:\\\/\\\/contabilidadecaxias.com.br\\\/index.php\\\/2022\\\/06\\\/23\\\/live-na-tv-tst-esclarece-duvidas-sobre-teletrabalho-e-trabalho-hibrido-para-celetistas\\\/#respond\"]}]},{\"@type\":\"WebPage\",\"@id\":\"https:\\\/\\\/contabilidadecaxias.com.br\\\/index.php\\\/2022\\\/06\\\/23\\\/live-na-tv-tst-esclarece-duvidas-sobre-teletrabalho-e-trabalho-hibrido-para-celetistas\\\/\",\"url\":\"https:\\\/\\\/contabilidadecaxias.com.br\\\/index.php\\\/2022\\\/06\\\/23\\\/live-na-tv-tst-esclarece-duvidas-sobre-teletrabalho-e-trabalho-hibrido-para-celetistas\\\/\",\"name\":\"Live na TV TST esclarece d\u00favidas sobre teletrabalho e trabalho h\u00edbrido para celetistas - Contabilidade Caxias\",\"isPartOf\":{\"@id\":\"https:\\\/\\\/contabilidadecaxias.com.br\\\/#website\"},\"primaryImageOfPage\":{\"@id\":\"https:\\\/\\\/contabilidadecaxias.com.br\\\/index.php\\\/2022\\\/06\\\/23\\\/live-na-tv-tst-esclarece-duvidas-sobre-teletrabalho-e-trabalho-hibrido-para-celetistas\\\/#primaryimage\"},\"image\":{\"@id\":\"https:\\\/\\\/contabilidadecaxias.com.br\\\/index.php\\\/2022\\\/06\\\/23\\\/live-na-tv-tst-esclarece-duvidas-sobre-teletrabalho-e-trabalho-hibrido-para-celetistas\\\/#primaryimage\"},\"thumbnailUrl\":\"https:\\\/\\\/contabilidadecaxias.com.br\\\/wp-content\\\/uploads\\\/2022\\\/06\\\/89ec4bef-7d00-46e6-fa26-0cf3c7988f5a-gJ8WJ1.jpeg\",\"datePublished\":\"2022-06-23T20:04:00+00:00\",\"author\":{\"@id\":\"\"},\"breadcrumb\":{\"@id\":\"https:\\\/\\\/contabilidadecaxias.com.br\\\/index.php\\\/2022\\\/06\\\/23\\\/live-na-tv-tst-esclarece-duvidas-sobre-teletrabalho-e-trabalho-hibrido-para-celetistas\\\/#breadcrumb\"},\"inLanguage\":\"pt-BR\",\"potentialAction\":[{\"@type\":\"ReadAction\",\"target\":[\"https:\\\/\\\/contabilidadecaxias.com.br\\\/index.php\\\/2022\\\/06\\\/23\\\/live-na-tv-tst-esclarece-duvidas-sobre-teletrabalho-e-trabalho-hibrido-para-celetistas\\\/\"]}]},{\"@type\":\"ImageObject\",\"inLanguage\":\"pt-BR\",\"@id\":\"https:\\\/\\\/contabilidadecaxias.com.br\\\/index.php\\\/2022\\\/06\\\/23\\\/live-na-tv-tst-esclarece-duvidas-sobre-teletrabalho-e-trabalho-hibrido-para-celetistas\\\/#primaryimage\",\"url\":\"https:\\\/\\\/contabilidadecaxias.com.br\\\/wp-content\\\/uploads\\\/2022\\\/06\\\/89ec4bef-7d00-46e6-fa26-0cf3c7988f5a-gJ8WJ1.jpeg\",\"contentUrl\":\"https:\\\/\\\/contabilidadecaxias.com.br\\\/wp-content\\\/uploads\\\/2022\\\/06\\\/89ec4bef-7d00-46e6-fa26-0cf3c7988f5a-gJ8WJ1.jpeg\",\"width\":1000,\"height\":667},{\"@type\":\"BreadcrumbList\",\"@id\":\"https:\\\/\\\/contabilidadecaxias.com.br\\\/index.php\\\/2022\\\/06\\\/23\\\/live-na-tv-tst-esclarece-duvidas-sobre-teletrabalho-e-trabalho-hibrido-para-celetistas\\\/#breadcrumb\",\"itemListElement\":[{\"@type\":\"ListItem\",\"position\":1,\"name\":\"In\u00edcio\",\"item\":\"https:\\\/\\\/contabilidadecaxias.com.br\\\/\"},{\"@type\":\"ListItem\",\"position\":2,\"name\":\"Live na TV TST esclarece d\u00favidas sobre teletrabalho e trabalho h\u00edbrido para celetistas\"}]},{\"@type\":\"WebSite\",\"@id\":\"https:\\\/\\\/contabilidadecaxias.com.br\\\/#website\",\"url\":\"https:\\\/\\\/contabilidadecaxias.com.br\\\/\",\"name\":\"Contabilidade Caxias\",\"description\":\"Site especializado em Contabilidade para Caxias.\",\"potentialAction\":[{\"@type\":\"SearchAction\",\"target\":{\"@type\":\"EntryPoint\",\"urlTemplate\":\"https:\\\/\\\/contabilidadecaxias.com.br\\\/?s={search_term_string}\"},\"query-input\":{\"@type\":\"PropertyValueSpecification\",\"valueRequired\":true,\"valueName\":\"search_term_string\"}}],\"inLanguage\":\"pt-BR\"}]}<\/script>\n<!-- \/ Yoast SEO plugin. -->","yoast_head_json":{"title":"Live na TV TST esclarece d\u00favidas sobre teletrabalho e trabalho h\u00edbrido para celetistas - Contabilidade Caxias","robots":{"index":"index","follow":"follow","max-snippet":"max-snippet:-1","max-image-preview":"max-image-preview:large","max-video-preview":"max-video-preview:-1"},"canonical":"https:\/\/contabilidadecaxias.com.br\/index.php\/2022\/06\/23\/live-na-tv-tst-esclarece-duvidas-sobre-teletrabalho-e-trabalho-hibrido-para-celetistas\/","og_locale":"pt_BR","og_type":"article","og_title":"Live na TV TST esclarece d\u00favidas sobre teletrabalho e trabalho h\u00edbrido para celetistas - Contabilidade Caxias","og_description":"Tema foi escolhido em celebra\u00e7\u00e3o \u00e0 marca de 200 mil inscritos no canal oficial do TST, no YouTube. Ministro Agra Belmonte respondeu a perguntas de internautas. Ministro Alexandre Agra Belmonte durante a transmiss\u00e3o da live, nesta quarta-feira (22) 23\/06\/2022 &#8211; Nesta quarta-feira (22), o Tribunal Superior do Trabalho (TST) comemorou a marca de 200 mil [&hellip;]","og_url":"https:\/\/contabilidadecaxias.com.br\/index.php\/2022\/06\/23\/live-na-tv-tst-esclarece-duvidas-sobre-teletrabalho-e-trabalho-hibrido-para-celetistas\/","og_site_name":"Contabilidade Caxias","article_published_time":"2022-06-23T20:04:00+00:00","twitter_card":"summary_large_image","twitter_misc":{"Est. tempo de leitura":"2 minutos"},"schema":{"@context":"https:\/\/schema.org","@graph":[{"@type":"Article","@id":"https:\/\/contabilidadecaxias.com.br\/index.php\/2022\/06\/23\/live-na-tv-tst-esclarece-duvidas-sobre-teletrabalho-e-trabalho-hibrido-para-celetistas\/#article","isPartOf":{"@id":"https:\/\/contabilidadecaxias.com.br\/index.php\/2022\/06\/23\/live-na-tv-tst-esclarece-duvidas-sobre-teletrabalho-e-trabalho-hibrido-para-celetistas\/"},"author":{"name":"","@id":""},"headline":"Live na TV TST esclarece d\u00favidas sobre teletrabalho e trabalho h\u00edbrido para celetistas","datePublished":"2022-06-23T20:04:00+00:00","mainEntityOfPage":{"@id":"https:\/\/contabilidadecaxias.com.br\/index.php\/2022\/06\/23\/live-na-tv-tst-esclarece-duvidas-sobre-teletrabalho-e-trabalho-hibrido-para-celetistas\/"},"wordCount":430,"commentCount":0,"image":{"@id":"https:\/\/contabilidadecaxias.com.br\/index.php\/2022\/06\/23\/live-na-tv-tst-esclarece-duvidas-sobre-teletrabalho-e-trabalho-hibrido-para-celetistas\/#primaryimage"},"thumbnailUrl":"https:\/\/contabilidadecaxias.com.br\/wp-content\/uploads\/2022\/06\/89ec4bef-7d00-46e6-fa26-0cf3c7988f5a-gJ8WJ1.jpeg","articleSection":["Educa\u00e7\u00e3o Financeira"],"inLanguage":"pt-BR","potentialAction":[{"@type":"CommentAction","name":"Comment","target":["https:\/\/contabilidadecaxias.com.br\/index.php\/2022\/06\/23\/live-na-tv-tst-esclarece-duvidas-sobre-teletrabalho-e-trabalho-hibrido-para-celetistas\/#respond"]}]},{"@type":"WebPage","@id":"https:\/\/contabilidadecaxias.com.br\/index.php\/2022\/06\/23\/live-na-tv-tst-esclarece-duvidas-sobre-teletrabalho-e-trabalho-hibrido-para-celetistas\/","url":"https:\/\/contabilidadecaxias.com.br\/index.php\/2022\/06\/23\/live-na-tv-tst-esclarece-duvidas-sobre-teletrabalho-e-trabalho-hibrido-para-celetistas\/","name":"Live na TV TST esclarece d\u00favidas sobre teletrabalho e trabalho h\u00edbrido para celetistas - Contabilidade Caxias","isPartOf":{"@id":"https:\/\/contabilidadecaxias.com.br\/#website"},"primaryImageOfPage":{"@id":"https:\/\/contabilidadecaxias.com.br\/index.php\/2022\/06\/23\/live-na-tv-tst-esclarece-duvidas-sobre-teletrabalho-e-trabalho-hibrido-para-celetistas\/#primaryimage"},"image":{"@id":"https:\/\/contabilidadecaxias.com.br\/index.php\/2022\/06\/23\/live-na-tv-tst-esclarece-duvidas-sobre-teletrabalho-e-trabalho-hibrido-para-celetistas\/#primaryimage"},"thumbnailUrl":"https:\/\/contabilidadecaxias.com.br\/wp-content\/uploads\/2022\/06\/89ec4bef-7d00-46e6-fa26-0cf3c7988f5a-gJ8WJ1.jpeg","datePublished":"2022-06-23T20:04:00+00:00","author":{"@id":""},"breadcrumb":{"@id":"https:\/\/contabilidadecaxias.com.br\/index.php\/2022\/06\/23\/live-na-tv-tst-esclarece-duvidas-sobre-teletrabalho-e-trabalho-hibrido-para-celetistas\/#breadcrumb"},"inLanguage":"pt-BR","potentialAction":[{"@type":"ReadAction","target":["https:\/\/contabilidadecaxias.com.br\/index.php\/2022\/06\/23\/live-na-tv-tst-esclarece-duvidas-sobre-teletrabalho-e-trabalho-hibrido-para-celetistas\/"]}]},{"@type":"ImageObject","inLanguage":"pt-BR","@id":"https:\/\/contabilidadecaxias.com.br\/index.php\/2022\/06\/23\/live-na-tv-tst-esclarece-duvidas-sobre-teletrabalho-e-trabalho-hibrido-para-celetistas\/#primaryimage","url":"https:\/\/contabilidadecaxias.com.br\/wp-content\/uploads\/2022\/06\/89ec4bef-7d00-46e6-fa26-0cf3c7988f5a-gJ8WJ1.jpeg","contentUrl":"https:\/\/contabilidadecaxias.com.br\/wp-content\/uploads\/2022\/06\/89ec4bef-7d00-46e6-fa26-0cf3c7988f5a-gJ8WJ1.jpeg","width":1000,"height":667},{"@type":"BreadcrumbList","@id":"https:\/\/contabilidadecaxias.com.br\/index.php\/2022\/06\/23\/live-na-tv-tst-esclarece-duvidas-sobre-teletrabalho-e-trabalho-hibrido-para-celetistas\/#breadcrumb","itemListElement":[{"@type":"ListItem","position":1,"name":"In\u00edcio","item":"https:\/\/contabilidadecaxias.com.br\/"},{"@type":"ListItem","position":2,"name":"Live na TV TST esclarece d\u00favidas sobre teletrabalho e trabalho h\u00edbrido para celetistas"}]},{"@type":"WebSite","@id":"https:\/\/contabilidadecaxias.com.br\/#website","url":"https:\/\/contabilidadecaxias.com.br\/","name":"Contabilidade Caxias","description":"Site especializado em Contabilidade para Caxias.","potentialAction":[{"@type":"SearchAction","target":{"@type":"EntryPoint","urlTemplate":"https:\/\/contabilidadecaxias.com.br\/?s={search_term_string}"},"query-input":{"@type":"PropertyValueSpecification","valueRequired":true,"valueName":"search_term_string"}}],"inLanguage":"pt-BR"}]}},"_links":{"self":[{"href":"https:\/\/contabilidadecaxias.com.br\/index.php\/wp-json\/wp\/v2\/posts\/11260","targetHints":{"allow":["GET"]}}],"collection":[{"href":"https:\/\/contabilidadecaxias.com.br\/index.php\/wp-json\/wp\/v2\/posts"}],"about":[{"href":"https:\/\/contabilidadecaxias.com.br\/index.php\/wp-json\/wp\/v2\/types\/post"}],"replies":[{"embeddable":true,"href":"https:\/\/contabilidadecaxias.com.br\/index.php\/wp-json\/wp\/v2\/comments?post=11260"}],"version-history":[{"count":0,"href":"https:\/\/contabilidadecaxias.com.br\/index.php\/wp-json\/wp\/v2\/posts\/11260\/revisions"}],"wp:featuredmedia":[{"embeddable":true,"href":"https:\/\/contabilidadecaxias.com.br\/index.php\/wp-json\/wp\/v2\/media\/11261"}],"wp:attachment":[{"href":"https:\/\/contabilidadecaxias.com.br\/index.php\/wp-json\/wp\/v2\/media?parent=11260"}],"wp:term":[{"taxonomy":"category","embeddable":true,"href":"https:\/\/contabilidadecaxias.com.br\/index.php\/wp-json\/wp\/v2\/categories?post=11260"},{"taxonomy":"post_tag","embeddable":true,"href":"https:\/\/contabilidadecaxias.com.br\/index.php\/wp-json\/wp\/v2\/tags?post=11260"}],"curies":[{"name":"wp","href":"https:\/\/api.w.org\/{rel}","templated":true}]}}