{"id":11255,"date":"2022-06-23T10:18:47","date_gmt":"2022-06-23T13:18:47","guid":{"rendered":"https:\/\/contabilidadecaxias.com.br\/index.php\/2022\/06\/23\/beneficio-do-inss-nao-pode-ser-descontado-de-pensao-mensal-devida-a-bancario-com-doenca-cronica\/"},"modified":"2022-06-23T10:18:47","modified_gmt":"2022-06-23T13:18:47","slug":"beneficio-do-inss-nao-pode-ser-descontado-de-pensao-mensal-devida-a-bancario-com-doenca-cronica","status":"publish","type":"post","link":"https:\/\/contabilidadecaxias.com.br\/index.php\/2022\/06\/23\/beneficio-do-inss-nao-pode-ser-descontado-de-pensao-mensal-devida-a-bancario-com-doenca-cronica\/","title":{"rendered":"Benef\u00edcio do INSS n\u00e3o pode ser descontado de pens\u00e3o mensal devida a banc\u00e1rio com doen\u00e7a cr\u00f4nica"},"content":{"rendered":"<div class=\"noticia-wrapper\">\n<p><em><\/p>\n<p>Segundo a jurisprud\u00eancia do TST, as verbas t\u00eam natureza distinta<\/p>\n<p><\/em><\/p>\n<div class=\"social-media-share mobile\">\n        <a class=\"share-facebook\" href=\"https:\/\/www.facebook.com\/sharer.php?u=https:\/\/www.tst.jus.br\/-\/benef%C3%ADcio-do-inss-n%C3%A3o-pode-ser-descontado-de-pens%C3%A3o-mensal-devida-a-banc%C3%A1rio-com-doen%C3%A7a-cr%C3%B4nica\" target=\"_blank\" rel=\"noopener\"><\/a><br \/>\n        <a class=\"share-twitter\" href=\"https:\/\/twitter.com\/intent\/tweet?text=Benef%C3%ADcio%20do%20INSS%20n%C3%A3o%20pode%20ser%20descontado%20de%20pens%C3%A3o%20mensal%20devida%20a%20banc%C3%A1rio%20com%20doen%C3%A7a%20cr%C3%B4nica%0AVeja%20mais%20em:&amp;url=https:\/\/www.tst.jus.br\/-\/benef%C3%ADcio-do-inss-n%C3%A3o-pode-ser-descontado-de-pens%C3%A3o-mensal-devida-a-banc%C3%A1rio-com-doen%C3%A7a-cr%C3%B4nica\" target=\"_blank\" rel=\"noopener\"><\/a><br \/>\n        <a class=\"share-linkedin\" href=\"https:\/\/www.linkedin.com\/shareArticle?mini=true&amp;url=https:\/\/www.tst.jus.br\/-\/benef%C3%ADcio-do-inss-n%C3%A3o-pode-ser-descontado-de-pens%C3%A3o-mensal-devida-a-banc%C3%A1rio-com-doen%C3%A7a-cr%C3%B4nica&amp;title=Benef%C3%ADcio%20do%20INSS%20n%C3%A3o%20pode%20ser%20descontado%20de%20pens%C3%A3o%20mensal%20devida%20a%20banc%C3%A1rio%20com%20doen%C3%A7a%20cr%C3%B4nica\" target=\"_blank\" rel=\"noopener\"><\/a><br \/>\n        <a class=\"share-whatsapp\" href=\"https:\/\/web.whatsapp.com\/send?text=https:\/\/www.tst.jus.br\/-\/benef%C3%ADcio-do-inss-n%C3%A3o-pode-ser-descontado-de-pens%C3%A3o-mensal-devida-a-banc%C3%A1rio-com-doen%C3%A7a-cr%C3%B4nica\" target=\"_blank\" rel=\"noopener\"><\/a><br \/>\n        <a class=\"share-googleplus\" href=\"https:\/\/plus.google.com\/share?url=https:\/\/www.tst.jus.br\/-\/benef%C3%ADcio-do-inss-n%C3%A3o-pode-ser-descontado-de-pens%C3%A3o-mensal-devida-a-banc%C3%A1rio-com-doen%C3%A7a-cr%C3%B4nica\" target=\"_blank\" rel=\"noopener\"><\/a>\n    <\/div>\n<div class=\"news-body\">\n<div class=\"imagem-da-noticia\">\n<div class=\"social-media-share\">\n                    <a class=\"share-facebook\" href=\"https:\/\/www.facebook.com\/sharer.php?u=https:\/\/www.tst.jus.br\/-\/benef%C3%ADcio-do-inss-n%C3%A3o-pode-ser-descontado-de-pens%C3%A3o-mensal-devida-a-banc%C3%A1rio-com-doen%C3%A7a-cr%C3%B4nica\" target=\"_blank\" rel=\"noopener\"><\/a><br \/>\n                    <a class=\"share-twitter\" href=\"https:\/\/twitter.com\/intent\/tweet?text=Benef%C3%ADcio%20do%20INSS%20n%C3%A3o%20pode%20ser%20descontado%20de%20pens%C3%A3o%20mensal%20devida%20a%20banc%C3%A1rio%20com%20doen%C3%A7a%20cr%C3%B4nica%0AVeja%20mais%20em:&amp;url=https:\/\/www.tst.jus.br\/-\/benef%C3%ADcio-do-inss-n%C3%A3o-pode-ser-descontado-de-pens%C3%A3o-mensal-devida-a-banc%C3%A1rio-com-doen%C3%A7a-cr%C3%B4nica\" target=\"_blank\" rel=\"noopener\"><\/a><br \/>\n                    <a class=\"share-linkedin\" href=\"https:\/\/www.linkedin.com\/shareArticle?mini=true&amp;url=https:\/\/www.tst.jus.br\/-\/benef%C3%ADcio-do-inss-n%C3%A3o-pode-ser-descontado-de-pens%C3%A3o-mensal-devida-a-banc%C3%A1rio-com-doen%C3%A7a-cr%C3%B4nica&amp;title=Benef%C3%ADcio%20do%20INSS%20n%C3%A3o%20pode%20ser%20descontado%20de%20pens%C3%A3o%20mensal%20devida%20a%20banc%C3%A1rio%20com%20doen%C3%A7a%20cr%C3%B4nica\" target=\"_blank\" rel=\"noopener\"><\/a><br \/>\n                    <a class=\"share-whatsapp\" href=\"https:\/\/web.whatsapp.com\/send?text=https:\/\/www.tst.jus.br\/-\/benef%C3%ADcio-do-inss-n%C3%A3o-pode-ser-descontado-de-pens%C3%A3o-mensal-devida-a-banc%C3%A1rio-com-doen%C3%A7a-cr%C3%B4nica\" target=\"_blank\" rel=\"noopener\"><\/a><br \/>\n                    <a class=\"share-googleplus\" href=\"https:\/\/plus.google.com\/share?url=https:\/\/www.tst.jus.br\/-\/benef%C3%ADcio-do-inss-n%C3%A3o-pode-ser-descontado-de-pens%C3%A3o-mensal-devida-a-banc%C3%A1rio-com-doen%C3%A7a-cr%C3%B4nica\" target=\"_blank\" rel=\"noopener\"><\/a>\n                <\/div>\n<\/p><\/div>\n<div class=\"materia\">\n<p>23\/06\/22 &#8211;\u00a0A Subse\u00e7\u00e3o II Especializada em Diss\u00eddios Individuais (SDI-2) do Tribunal Superior do Trabalho condenou o Banco Bradesco S.A. a pagar pens\u00e3o mensal, em decorr\u00eancia de doen\u00e7a ocupacional, em valor correspondente \u00e0 remunera\u00e7\u00e3o de um banc\u00e1rio, sem compens\u00e1-la com o benef\u00edcio previdenci\u00e1rio recebido por ele. A compensa\u00e7\u00e3o \u00e9 contr\u00e1ria ao entendimento predominante do TST sobre a mat\u00e9ria.<\/p>\n<h4>Compensa\u00e7\u00e3o<\/h4>\n<p>Ao condenar o banco em raz\u00e3o das patologias (s\u00edndrome do t\u00fanel de carpo e les\u00e3o nos cotovelos e nos punhos) que tornaram o banc\u00e1rio incapaz para exercer sua atividade, o Tribunal Regional do Trabalho da 5\u00aa Regi\u00e3o (BA) fixou, a t\u00edtulo de pens\u00e3o mensal, o valor correspondente \u00e0 diferen\u00e7a entre o benef\u00edcio previdenci\u00e1rio e o \u00faltimo sal\u00e1rio, computado a partir do afastamento e enquanto perdurar a incapacidade para o trabalho.<\/p>\n<h4>Viola\u00e7\u00e3o de lei<\/h4>\n<p>Ap\u00f3s o esgotamento das possibilidades de recurso (tr\u00e2nsito em julgado), o banc\u00e1rio apresentou a\u00e7\u00e3o rescis\u00f3ria, visando \u00e0 anula\u00e7\u00e3o da decis\u00e3o do TRT, com fundamento em viola\u00e7\u00e3o literal de disposi\u00e7\u00e3o em lei &#8211; no caso, o artigo 950 do C\u00f3digo Civil, que estabelece que a pens\u00e3o deve ser \u201ccorrespondente \u00e0 import\u00e2ncia do trabalho para que se inabilitou\u201d. A pretens\u00e3o, contudo, foi rejeitada pelo TRT.<\/p>\n<h4>Naturezas distintas<\/h4>\n<p>O relator do recurso ordin\u00e1rio do empregado, ministro Amaury Rodrigues, embora ressalvando seu entendimento, explicou que, de acordo com a jurisprud\u00eancia reiterada do TST e da pr\u00f3pria SDI-2, n\u00e3o se pode compensar o benef\u00edcio previdenci\u00e1rio no deferimento da indeniza\u00e7\u00e3o decorrente da responsabilidade civil do empregador, pois isso violaria normas da Constitui\u00e7\u00e3o Federal, do C\u00f3digo Civil e da Lei 8.213\/1991.<\/p>\n<p>Um dos precedentes citados pelo relator registra que o fato de o empregado ter direito ao benef\u00edcio previdenci\u00e1rio, em raz\u00e3o de sua condi\u00e7\u00e3o de segurado da Previd\u00eancia Social, n\u00e3o exime ou atenua a obriga\u00e7\u00e3o patronal de pagar a pens\u00e3o que decorre de doen\u00e7a ocupacional. Tratam-se de verbas de naturezas distintas, uma derivada da rela\u00e7\u00e3o previdenci\u00e1ria, e outra da rela\u00e7\u00e3o de trabalho.\u00a0<\/p>\n<p>Ficaram vencidos, parcialmente, a ministra Dora Maria da Costa e o ministro Evandro Valad\u00e3o.<\/p>\n<p>(GL\/CF)<\/p>\n<p>Processo: <a href=\"https:\/\/consultaprocessual.tst.jus.br\/consultaProcessual\/consultaTstNumUnica.do?consulta=Consultar&amp;conscsjt=&amp;numeroTst=498&amp;digitoTst=82&amp;anoTst=2013&amp;orgaoTst=5&amp;tribunalTst=05&amp;varaTst=0000&amp;submit=Consultar\" target=\"_blank\" rel=\"noopener\">RO-498-82.2013.5.05.0000<\/a><\/p>\n<p>Esta mat\u00e9ria tem cunho meramente informativo.<br \/>\nPermitida a reprodu\u00e7\u00e3o mediante cita\u00e7\u00e3o da fonte.<br \/>\nSecretaria de Comunica\u00e7\u00e3o Social<br \/>\n<a href=\"https:\/\/www.tst.jus.br\/\" target=\"_blank\" rel=\"noopener\">Tribunal Superior do Trabalho<\/a><br \/>\nTel. (61) 3043-4907<br \/>\n<a href=\"mailto:secom@tst.jus.br\" target=\"\" rel=\"noopener\">secom@tst.jus.br<\/a><br \/>\n\u00a0<\/p>\n<\/div><\/div>\n<\/div>\n","protected":false},"excerpt":{"rendered":"<p>Segundo a jurisprud\u00eancia do TST, as verbas t\u00eam natureza distinta 23\/06\/22 &#8211;\u00a0A Subse\u00e7\u00e3o II Especializada em Diss\u00eddios Individuais (SDI-2) do Tribunal Superior do Trabalho condenou o Banco Bradesco S.A. a pagar pens\u00e3o mensal, em decorr\u00eancia de doen\u00e7a ocupacional, em valor correspondente \u00e0 remunera\u00e7\u00e3o de um banc\u00e1rio, sem compens\u00e1-la com o benef\u00edcio previdenci\u00e1rio recebido por ele. [&hellip;]<\/p>\n","protected":false},"author":0,"featured_media":11256,"comment_status":"open","ping_status":"","sticky":false,"template":"","format":"standard","meta":{"footnotes":""},"categories":[5],"tags":[],"class_list":["post-11255","post","type-post","status-publish","format-standard","has-post-thumbnail","hentry","category-noticias-educacao-financeira"],"blocksy_meta":{"styles_descriptor":{"styles":{"desktop":"","tablet":"","mobile":""},"google_fonts":[],"version":6}},"yoast_head":"<!-- This site is optimized with the Yoast SEO plugin v27.4 - https:\/\/yoast.com\/product\/yoast-seo-wordpress\/ -->\n<title>Benef\u00edcio do INSS n\u00e3o pode ser descontado de pens\u00e3o mensal devida a banc\u00e1rio com doen\u00e7a cr\u00f4nica - Contabilidade Caxias<\/title>\n<meta name=\"robots\" content=\"index, follow, max-snippet:-1, max-image-preview:large, max-video-preview:-1\" \/>\n<link rel=\"canonical\" href=\"https:\/\/contabilidadecaxias.com.br\/index.php\/2022\/06\/23\/beneficio-do-inss-nao-pode-ser-descontado-de-pensao-mensal-devida-a-bancario-com-doenca-cronica\/\" \/>\n<meta property=\"og:locale\" content=\"pt_BR\" \/>\n<meta property=\"og:type\" content=\"article\" \/>\n<meta property=\"og:title\" content=\"Benef\u00edcio do INSS n\u00e3o pode ser descontado de pens\u00e3o mensal devida a banc\u00e1rio com doen\u00e7a cr\u00f4nica - Contabilidade Caxias\" \/>\n<meta property=\"og:description\" content=\"Segundo a jurisprud\u00eancia do TST, as verbas t\u00eam natureza distinta 23\/06\/22 &#8211;\u00a0A Subse\u00e7\u00e3o II Especializada em Diss\u00eddios Individuais (SDI-2) do Tribunal Superior do Trabalho condenou o Banco Bradesco S.A. a pagar pens\u00e3o mensal, em decorr\u00eancia de doen\u00e7a ocupacional, em valor correspondente \u00e0 remunera\u00e7\u00e3o de um banc\u00e1rio, sem compens\u00e1-la com o benef\u00edcio previdenci\u00e1rio recebido por ele. [&hellip;]\" \/>\n<meta property=\"og:url\" content=\"https:\/\/contabilidadecaxias.com.br\/index.php\/2022\/06\/23\/beneficio-do-inss-nao-pode-ser-descontado-de-pensao-mensal-devida-a-bancario-com-doenca-cronica\/\" \/>\n<meta property=\"og:site_name\" content=\"Contabilidade Caxias\" \/>\n<meta property=\"article:published_time\" content=\"2022-06-23T13:18:47+00:00\" \/>\n<meta name=\"twitter:card\" content=\"summary_large_image\" \/>\n<meta name=\"twitter:label1\" content=\"Est. tempo de leitura\" \/>\n\t<meta name=\"twitter:data1\" content=\"2 minutos\" \/>\n<script type=\"application\/ld+json\" class=\"yoast-schema-graph\">{\"@context\":\"https:\\\/\\\/schema.org\",\"@graph\":[{\"@type\":\"Article\",\"@id\":\"https:\\\/\\\/contabilidadecaxias.com.br\\\/index.php\\\/2022\\\/06\\\/23\\\/beneficio-do-inss-nao-pode-ser-descontado-de-pensao-mensal-devida-a-bancario-com-doenca-cronica\\\/#article\",\"isPartOf\":{\"@id\":\"https:\\\/\\\/contabilidadecaxias.com.br\\\/index.php\\\/2022\\\/06\\\/23\\\/beneficio-do-inss-nao-pode-ser-descontado-de-pensao-mensal-devida-a-bancario-com-doenca-cronica\\\/\"},\"author\":{\"name\":\"\",\"@id\":\"\"},\"headline\":\"Benef\u00edcio do INSS n\u00e3o pode ser descontado de pens\u00e3o mensal devida a banc\u00e1rio com doen\u00e7a cr\u00f4nica\",\"datePublished\":\"2022-06-23T13:18:47+00:00\",\"mainEntityOfPage\":{\"@id\":\"https:\\\/\\\/contabilidadecaxias.com.br\\\/index.php\\\/2022\\\/06\\\/23\\\/beneficio-do-inss-nao-pode-ser-descontado-de-pensao-mensal-devida-a-bancario-com-doenca-cronica\\\/\"},\"wordCount\":455,\"commentCount\":0,\"image\":{\"@id\":\"https:\\\/\\\/contabilidadecaxias.com.br\\\/index.php\\\/2022\\\/06\\\/23\\\/beneficio-do-inss-nao-pode-ser-descontado-de-pensao-mensal-devida-a-bancario-com-doenca-cronica\\\/#primaryimage\"},\"thumbnailUrl\":\"https:\\\/\\\/contabilidadecaxias.com.br\\\/wp-content\\\/uploads\\\/2022\\\/06\\\/d6746b6e-c876-4919-ec4e-311bf56f2460-r0PtcJ.jpeg\",\"articleSection\":[\"Educa\u00e7\u00e3o Financeira\"],\"inLanguage\":\"pt-BR\",\"potentialAction\":[{\"@type\":\"CommentAction\",\"name\":\"Comment\",\"target\":[\"https:\\\/\\\/contabilidadecaxias.com.br\\\/index.php\\\/2022\\\/06\\\/23\\\/beneficio-do-inss-nao-pode-ser-descontado-de-pensao-mensal-devida-a-bancario-com-doenca-cronica\\\/#respond\"]}]},{\"@type\":\"WebPage\",\"@id\":\"https:\\\/\\\/contabilidadecaxias.com.br\\\/index.php\\\/2022\\\/06\\\/23\\\/beneficio-do-inss-nao-pode-ser-descontado-de-pensao-mensal-devida-a-bancario-com-doenca-cronica\\\/\",\"url\":\"https:\\\/\\\/contabilidadecaxias.com.br\\\/index.php\\\/2022\\\/06\\\/23\\\/beneficio-do-inss-nao-pode-ser-descontado-de-pensao-mensal-devida-a-bancario-com-doenca-cronica\\\/\",\"name\":\"Benef\u00edcio do INSS n\u00e3o pode ser descontado de pens\u00e3o mensal devida a banc\u00e1rio com doen\u00e7a cr\u00f4nica - Contabilidade Caxias\",\"isPartOf\":{\"@id\":\"https:\\\/\\\/contabilidadecaxias.com.br\\\/#website\"},\"primaryImageOfPage\":{\"@id\":\"https:\\\/\\\/contabilidadecaxias.com.br\\\/index.php\\\/2022\\\/06\\\/23\\\/beneficio-do-inss-nao-pode-ser-descontado-de-pensao-mensal-devida-a-bancario-com-doenca-cronica\\\/#primaryimage\"},\"image\":{\"@id\":\"https:\\\/\\\/contabilidadecaxias.com.br\\\/index.php\\\/2022\\\/06\\\/23\\\/beneficio-do-inss-nao-pode-ser-descontado-de-pensao-mensal-devida-a-bancario-com-doenca-cronica\\\/#primaryimage\"},\"thumbnailUrl\":\"https:\\\/\\\/contabilidadecaxias.com.br\\\/wp-content\\\/uploads\\\/2022\\\/06\\\/d6746b6e-c876-4919-ec4e-311bf56f2460-r0PtcJ.jpeg\",\"datePublished\":\"2022-06-23T13:18:47+00:00\",\"author\":{\"@id\":\"\"},\"breadcrumb\":{\"@id\":\"https:\\\/\\\/contabilidadecaxias.com.br\\\/index.php\\\/2022\\\/06\\\/23\\\/beneficio-do-inss-nao-pode-ser-descontado-de-pensao-mensal-devida-a-bancario-com-doenca-cronica\\\/#breadcrumb\"},\"inLanguage\":\"pt-BR\",\"potentialAction\":[{\"@type\":\"ReadAction\",\"target\":[\"https:\\\/\\\/contabilidadecaxias.com.br\\\/index.php\\\/2022\\\/06\\\/23\\\/beneficio-do-inss-nao-pode-ser-descontado-de-pensao-mensal-devida-a-bancario-com-doenca-cronica\\\/\"]}]},{\"@type\":\"ImageObject\",\"inLanguage\":\"pt-BR\",\"@id\":\"https:\\\/\\\/contabilidadecaxias.com.br\\\/index.php\\\/2022\\\/06\\\/23\\\/beneficio-do-inss-nao-pode-ser-descontado-de-pensao-mensal-devida-a-bancario-com-doenca-cronica\\\/#primaryimage\",\"url\":\"https:\\\/\\\/contabilidadecaxias.com.br\\\/wp-content\\\/uploads\\\/2022\\\/06\\\/d6746b6e-c876-4919-ec4e-311bf56f2460-r0PtcJ.jpeg\",\"contentUrl\":\"https:\\\/\\\/contabilidadecaxias.com.br\\\/wp-content\\\/uploads\\\/2022\\\/06\\\/d6746b6e-c876-4919-ec4e-311bf56f2460-r0PtcJ.jpeg\",\"width\":1280,\"height\":853},{\"@type\":\"BreadcrumbList\",\"@id\":\"https:\\\/\\\/contabilidadecaxias.com.br\\\/index.php\\\/2022\\\/06\\\/23\\\/beneficio-do-inss-nao-pode-ser-descontado-de-pensao-mensal-devida-a-bancario-com-doenca-cronica\\\/#breadcrumb\",\"itemListElement\":[{\"@type\":\"ListItem\",\"position\":1,\"name\":\"In\u00edcio\",\"item\":\"https:\\\/\\\/contabilidadecaxias.com.br\\\/\"},{\"@type\":\"ListItem\",\"position\":2,\"name\":\"Benef\u00edcio do INSS n\u00e3o pode ser descontado de pens\u00e3o mensal devida a banc\u00e1rio com doen\u00e7a cr\u00f4nica\"}]},{\"@type\":\"WebSite\",\"@id\":\"https:\\\/\\\/contabilidadecaxias.com.br\\\/#website\",\"url\":\"https:\\\/\\\/contabilidadecaxias.com.br\\\/\",\"name\":\"Contabilidade Caxias\",\"description\":\"Site especializado em Contabilidade para Caxias.\",\"potentialAction\":[{\"@type\":\"SearchAction\",\"target\":{\"@type\":\"EntryPoint\",\"urlTemplate\":\"https:\\\/\\\/contabilidadecaxias.com.br\\\/?s={search_term_string}\"},\"query-input\":{\"@type\":\"PropertyValueSpecification\",\"valueRequired\":true,\"valueName\":\"search_term_string\"}}],\"inLanguage\":\"pt-BR\"}]}<\/script>\n<!-- \/ Yoast SEO plugin. -->","yoast_head_json":{"title":"Benef\u00edcio do INSS n\u00e3o pode ser descontado de pens\u00e3o mensal devida a banc\u00e1rio com doen\u00e7a cr\u00f4nica - Contabilidade Caxias","robots":{"index":"index","follow":"follow","max-snippet":"max-snippet:-1","max-image-preview":"max-image-preview:large","max-video-preview":"max-video-preview:-1"},"canonical":"https:\/\/contabilidadecaxias.com.br\/index.php\/2022\/06\/23\/beneficio-do-inss-nao-pode-ser-descontado-de-pensao-mensal-devida-a-bancario-com-doenca-cronica\/","og_locale":"pt_BR","og_type":"article","og_title":"Benef\u00edcio do INSS n\u00e3o pode ser descontado de pens\u00e3o mensal devida a banc\u00e1rio com doen\u00e7a cr\u00f4nica - Contabilidade Caxias","og_description":"Segundo a jurisprud\u00eancia do TST, as verbas t\u00eam natureza distinta 23\/06\/22 &#8211;\u00a0A Subse\u00e7\u00e3o II Especializada em Diss\u00eddios Individuais (SDI-2) do Tribunal Superior do Trabalho condenou o Banco Bradesco S.A. a pagar pens\u00e3o mensal, em decorr\u00eancia de doen\u00e7a ocupacional, em valor correspondente \u00e0 remunera\u00e7\u00e3o de um banc\u00e1rio, sem compens\u00e1-la com o benef\u00edcio previdenci\u00e1rio recebido por ele. [&hellip;]","og_url":"https:\/\/contabilidadecaxias.com.br\/index.php\/2022\/06\/23\/beneficio-do-inss-nao-pode-ser-descontado-de-pensao-mensal-devida-a-bancario-com-doenca-cronica\/","og_site_name":"Contabilidade Caxias","article_published_time":"2022-06-23T13:18:47+00:00","twitter_card":"summary_large_image","twitter_misc":{"Est. tempo de leitura":"2 minutos"},"schema":{"@context":"https:\/\/schema.org","@graph":[{"@type":"Article","@id":"https:\/\/contabilidadecaxias.com.br\/index.php\/2022\/06\/23\/beneficio-do-inss-nao-pode-ser-descontado-de-pensao-mensal-devida-a-bancario-com-doenca-cronica\/#article","isPartOf":{"@id":"https:\/\/contabilidadecaxias.com.br\/index.php\/2022\/06\/23\/beneficio-do-inss-nao-pode-ser-descontado-de-pensao-mensal-devida-a-bancario-com-doenca-cronica\/"},"author":{"name":"","@id":""},"headline":"Benef\u00edcio do INSS n\u00e3o pode ser descontado de pens\u00e3o mensal devida a banc\u00e1rio com doen\u00e7a cr\u00f4nica","datePublished":"2022-06-23T13:18:47+00:00","mainEntityOfPage":{"@id":"https:\/\/contabilidadecaxias.com.br\/index.php\/2022\/06\/23\/beneficio-do-inss-nao-pode-ser-descontado-de-pensao-mensal-devida-a-bancario-com-doenca-cronica\/"},"wordCount":455,"commentCount":0,"image":{"@id":"https:\/\/contabilidadecaxias.com.br\/index.php\/2022\/06\/23\/beneficio-do-inss-nao-pode-ser-descontado-de-pensao-mensal-devida-a-bancario-com-doenca-cronica\/#primaryimage"},"thumbnailUrl":"https:\/\/contabilidadecaxias.com.br\/wp-content\/uploads\/2022\/06\/d6746b6e-c876-4919-ec4e-311bf56f2460-r0PtcJ.jpeg","articleSection":["Educa\u00e7\u00e3o Financeira"],"inLanguage":"pt-BR","potentialAction":[{"@type":"CommentAction","name":"Comment","target":["https:\/\/contabilidadecaxias.com.br\/index.php\/2022\/06\/23\/beneficio-do-inss-nao-pode-ser-descontado-de-pensao-mensal-devida-a-bancario-com-doenca-cronica\/#respond"]}]},{"@type":"WebPage","@id":"https:\/\/contabilidadecaxias.com.br\/index.php\/2022\/06\/23\/beneficio-do-inss-nao-pode-ser-descontado-de-pensao-mensal-devida-a-bancario-com-doenca-cronica\/","url":"https:\/\/contabilidadecaxias.com.br\/index.php\/2022\/06\/23\/beneficio-do-inss-nao-pode-ser-descontado-de-pensao-mensal-devida-a-bancario-com-doenca-cronica\/","name":"Benef\u00edcio do INSS n\u00e3o pode ser descontado de pens\u00e3o mensal devida a banc\u00e1rio com doen\u00e7a cr\u00f4nica - Contabilidade Caxias","isPartOf":{"@id":"https:\/\/contabilidadecaxias.com.br\/#website"},"primaryImageOfPage":{"@id":"https:\/\/contabilidadecaxias.com.br\/index.php\/2022\/06\/23\/beneficio-do-inss-nao-pode-ser-descontado-de-pensao-mensal-devida-a-bancario-com-doenca-cronica\/#primaryimage"},"image":{"@id":"https:\/\/contabilidadecaxias.com.br\/index.php\/2022\/06\/23\/beneficio-do-inss-nao-pode-ser-descontado-de-pensao-mensal-devida-a-bancario-com-doenca-cronica\/#primaryimage"},"thumbnailUrl":"https:\/\/contabilidadecaxias.com.br\/wp-content\/uploads\/2022\/06\/d6746b6e-c876-4919-ec4e-311bf56f2460-r0PtcJ.jpeg","datePublished":"2022-06-23T13:18:47+00:00","author":{"@id":""},"breadcrumb":{"@id":"https:\/\/contabilidadecaxias.com.br\/index.php\/2022\/06\/23\/beneficio-do-inss-nao-pode-ser-descontado-de-pensao-mensal-devida-a-bancario-com-doenca-cronica\/#breadcrumb"},"inLanguage":"pt-BR","potentialAction":[{"@type":"ReadAction","target":["https:\/\/contabilidadecaxias.com.br\/index.php\/2022\/06\/23\/beneficio-do-inss-nao-pode-ser-descontado-de-pensao-mensal-devida-a-bancario-com-doenca-cronica\/"]}]},{"@type":"ImageObject","inLanguage":"pt-BR","@id":"https:\/\/contabilidadecaxias.com.br\/index.php\/2022\/06\/23\/beneficio-do-inss-nao-pode-ser-descontado-de-pensao-mensal-devida-a-bancario-com-doenca-cronica\/#primaryimage","url":"https:\/\/contabilidadecaxias.com.br\/wp-content\/uploads\/2022\/06\/d6746b6e-c876-4919-ec4e-311bf56f2460-r0PtcJ.jpeg","contentUrl":"https:\/\/contabilidadecaxias.com.br\/wp-content\/uploads\/2022\/06\/d6746b6e-c876-4919-ec4e-311bf56f2460-r0PtcJ.jpeg","width":1280,"height":853},{"@type":"BreadcrumbList","@id":"https:\/\/contabilidadecaxias.com.br\/index.php\/2022\/06\/23\/beneficio-do-inss-nao-pode-ser-descontado-de-pensao-mensal-devida-a-bancario-com-doenca-cronica\/#breadcrumb","itemListElement":[{"@type":"ListItem","position":1,"name":"In\u00edcio","item":"https:\/\/contabilidadecaxias.com.br\/"},{"@type":"ListItem","position":2,"name":"Benef\u00edcio do INSS n\u00e3o pode ser descontado de pens\u00e3o mensal devida a banc\u00e1rio com doen\u00e7a cr\u00f4nica"}]},{"@type":"WebSite","@id":"https:\/\/contabilidadecaxias.com.br\/#website","url":"https:\/\/contabilidadecaxias.com.br\/","name":"Contabilidade Caxias","description":"Site especializado em Contabilidade para Caxias.","potentialAction":[{"@type":"SearchAction","target":{"@type":"EntryPoint","urlTemplate":"https:\/\/contabilidadecaxias.com.br\/?s={search_term_string}"},"query-input":{"@type":"PropertyValueSpecification","valueRequired":true,"valueName":"search_term_string"}}],"inLanguage":"pt-BR"}]}},"_links":{"self":[{"href":"https:\/\/contabilidadecaxias.com.br\/index.php\/wp-json\/wp\/v2\/posts\/11255","targetHints":{"allow":["GET"]}}],"collection":[{"href":"https:\/\/contabilidadecaxias.com.br\/index.php\/wp-json\/wp\/v2\/posts"}],"about":[{"href":"https:\/\/contabilidadecaxias.com.br\/index.php\/wp-json\/wp\/v2\/types\/post"}],"replies":[{"embeddable":true,"href":"https:\/\/contabilidadecaxias.com.br\/index.php\/wp-json\/wp\/v2\/comments?post=11255"}],"version-history":[{"count":0,"href":"https:\/\/contabilidadecaxias.com.br\/index.php\/wp-json\/wp\/v2\/posts\/11255\/revisions"}],"wp:featuredmedia":[{"embeddable":true,"href":"https:\/\/contabilidadecaxias.com.br\/index.php\/wp-json\/wp\/v2\/media\/11256"}],"wp:attachment":[{"href":"https:\/\/contabilidadecaxias.com.br\/index.php\/wp-json\/wp\/v2\/media?parent=11255"}],"wp:term":[{"taxonomy":"category","embeddable":true,"href":"https:\/\/contabilidadecaxias.com.br\/index.php\/wp-json\/wp\/v2\/categories?post=11255"},{"taxonomy":"post_tag","embeddable":true,"href":"https:\/\/contabilidadecaxias.com.br\/index.php\/wp-json\/wp\/v2\/tags?post=11255"}],"curies":[{"name":"wp","href":"https:\/\/api.w.org\/{rel}","templated":true}]}}