{"id":11227,"date":"2022-06-22T15:18:21","date_gmt":"2022-06-22T18:18:21","guid":{"rendered":"https:\/\/contabilidadecaxias.com.br\/index.php\/2022\/06\/22\/tst-cassa-decisao-que-suspendeu-acao-trabalhista-ate-a-conclusao-de-inquerito-contra-empregado\/"},"modified":"2022-06-22T15:18:21","modified_gmt":"2022-06-22T18:18:21","slug":"tst-cassa-decisao-que-suspendeu-acao-trabalhista-ate-a-conclusao-de-inquerito-contra-empregado","status":"publish","type":"post","link":"https:\/\/contabilidadecaxias.com.br\/index.php\/2022\/06\/22\/tst-cassa-decisao-que-suspendeu-acao-trabalhista-ate-a-conclusao-de-inquerito-contra-empregado\/","title":{"rendered":"TST cassa decis\u00e3o que suspendeu a\u00e7\u00e3o trabalhista at\u00e9 a conclus\u00e3o de inqu\u00e9rito contra empregado"},"content":{"rendered":"<div class=\"noticia-wrapper\">\n<p><em><\/p>\n<p>Segundo o colegiado, a suspens\u00e3o foi mantida por prazo muito superior ao previsto.<\/p>\n<p><\/em><\/p>\n<div class=\"social-media-share mobile\">\n        <a class=\"share-facebook\" href=\"https:\/\/www.facebook.com\/sharer.php?u=https:\/\/www.tst.jus.br\/-\/tst-cassa-decis%C3%A3o-que-suspendeu-a%C3%A7%C3%A3o-trabalhista-at%C3%A9-a-conclus%C3%A3o-de-inqu%C3%A9rito-contra-empregado\" target=\"_blank\" rel=\"noopener\"><\/a><br \/>\n        <a class=\"share-twitter\" href=\"https:\/\/twitter.com\/intent\/tweet?text=TST%20cassa%20decis%C3%A3o%20que%20suspendeu%20a%C3%A7%C3%A3o%20trabalhista%20at%C3%A9%20a%20conclus%C3%A3o%20de%20inqu%C3%A9rito%20contra%20empregado%0AVeja%20mais%20em:&amp;url=https:\/\/www.tst.jus.br\/-\/tst-cassa-decis%C3%A3o-que-suspendeu-a%C3%A7%C3%A3o-trabalhista-at%C3%A9-a-conclus%C3%A3o-de-inqu%C3%A9rito-contra-empregado\" target=\"_blank\" rel=\"noopener\"><\/a><br \/>\n        <a class=\"share-linkedin\" href=\"https:\/\/www.linkedin.com\/shareArticle?mini=true&amp;url=https:\/\/www.tst.jus.br\/-\/tst-cassa-decis%C3%A3o-que-suspendeu-a%C3%A7%C3%A3o-trabalhista-at%C3%A9-a-conclus%C3%A3o-de-inqu%C3%A9rito-contra-empregado&amp;title=TST%20cassa%20decis%C3%A3o%20que%20suspendeu%20a%C3%A7%C3%A3o%20trabalhista%20at%C3%A9%20a%20conclus%C3%A3o%20de%20inqu%C3%A9rito%20contra%20empregado\" target=\"_blank\" rel=\"noopener\"><\/a><br \/>\n        <a class=\"share-whatsapp\" href=\"https:\/\/web.whatsapp.com\/send?text=https:\/\/www.tst.jus.br\/-\/tst-cassa-decis%C3%A3o-que-suspendeu-a%C3%A7%C3%A3o-trabalhista-at%C3%A9-a-conclus%C3%A3o-de-inqu%C3%A9rito-contra-empregado\" target=\"_blank\" rel=\"noopener\"><\/a><br \/>\n        <a class=\"share-googleplus\" href=\"https:\/\/plus.google.com\/share?url=https:\/\/www.tst.jus.br\/-\/tst-cassa-decis%C3%A3o-que-suspendeu-a%C3%A7%C3%A3o-trabalhista-at%C3%A9-a-conclus%C3%A3o-de-inqu%C3%A9rito-contra-empregado\" target=\"_blank\" rel=\"noopener\"><\/a>\n    <\/div>\n<div class=\"news-body\">\n<div class=\"imagem-da-noticia\">\n<p>ministro Evandro Valad\u00e3o em sess\u00e3o na 7\u00aa Turma.<\/p>\n<div class=\"social-media-share\">\n                    <a class=\"share-facebook\" href=\"https:\/\/www.facebook.com\/sharer.php?u=https:\/\/www.tst.jus.br\/-\/tst-cassa-decis%C3%A3o-que-suspendeu-a%C3%A7%C3%A3o-trabalhista-at%C3%A9-a-conclus%C3%A3o-de-inqu%C3%A9rito-contra-empregado\" target=\"_blank\" rel=\"noopener\"><\/a><br \/>\n                    <a class=\"share-twitter\" href=\"https:\/\/twitter.com\/intent\/tweet?text=TST%20cassa%20decis%C3%A3o%20que%20suspendeu%20a%C3%A7%C3%A3o%20trabalhista%20at%C3%A9%20a%20conclus%C3%A3o%20de%20inqu%C3%A9rito%20contra%20empregado%0AVeja%20mais%20em:&amp;url=https:\/\/www.tst.jus.br\/-\/tst-cassa-decis%C3%A3o-que-suspendeu-a%C3%A7%C3%A3o-trabalhista-at%C3%A9-a-conclus%C3%A3o-de-inqu%C3%A9rito-contra-empregado\" target=\"_blank\" rel=\"noopener\"><\/a><br \/>\n                    <a class=\"share-linkedin\" href=\"https:\/\/www.linkedin.com\/shareArticle?mini=true&amp;url=https:\/\/www.tst.jus.br\/-\/tst-cassa-decis%C3%A3o-que-suspendeu-a%C3%A7%C3%A3o-trabalhista-at%C3%A9-a-conclus%C3%A3o-de-inqu%C3%A9rito-contra-empregado&amp;title=TST%20cassa%20decis%C3%A3o%20que%20suspendeu%20a%C3%A7%C3%A3o%20trabalhista%20at%C3%A9%20a%20conclus%C3%A3o%20de%20inqu%C3%A9rito%20contra%20empregado\" target=\"_blank\" rel=\"noopener\"><\/a><br \/>\n                    <a class=\"share-whatsapp\" href=\"https:\/\/web.whatsapp.com\/send?text=https:\/\/www.tst.jus.br\/-\/tst-cassa-decis%C3%A3o-que-suspendeu-a%C3%A7%C3%A3o-trabalhista-at%C3%A9-a-conclus%C3%A3o-de-inqu%C3%A9rito-contra-empregado\" target=\"_blank\" rel=\"noopener\"><\/a><br \/>\n                    <a class=\"share-googleplus\" href=\"https:\/\/plus.google.com\/share?url=https:\/\/www.tst.jus.br\/-\/tst-cassa-decis%C3%A3o-que-suspendeu-a%C3%A7%C3%A3o-trabalhista-at%C3%A9-a-conclus%C3%A3o-de-inqu%C3%A9rito-contra-empregado\" target=\"_blank\" rel=\"noopener\"><\/a>\n                <\/div>\n<\/p><\/div>\n<div class=\"materia\">\n<p>22\/6\/2022 &#8211; A Subse\u00e7\u00e3o II Especializada em Diss\u00eddios Individuais do Tribunal Superior do Trabalho cassou decis\u00e3o do ju\u00edzo da 44\u00aa Vara do Trabalho de Belo Horizonte (MG), que suspendeu reclama\u00e7\u00e3o trabalhista de um ex-empregado da Gontijo Servi\u00e7os de Apoio Ltda. at\u00e9 finalizado caso que apura responsabilidade do empregado na esfera criminal.\u00a0 Segundo o colegiado, a reclama\u00e7\u00e3o trabalhista ficou suspensa em prazo muito superior ao previsto em lei.<\/p>\n<p><strong>Justa causa<\/strong><\/p>\n<p>Demitido por justa causa, o empregado tentava reverter a justa causa em ju\u00edzo, mas, segundo ele, ap\u00f3s realizada audi\u00eancia de instru\u00e7\u00e3o, o ju\u00edzo de primeiro grau, considerando grave\u00a0 os fatos envolvidos e que levaram \u00e0 demiss\u00e3o por justa causa do empregado, determinou a suspens\u00e3o da reclama\u00e7\u00e3o trabalhista at\u00e9 que fossem finalizados os procedimentos na \u00e1rea criminal.\u00a0<\/p>\n<p><strong>Processo criminal<\/strong><\/p>\n<p>Diante da decis\u00e3o, o empregado impetrou mandado de seguran\u00e7a ao Tribunal Regional do Trabalho da 3\u00aa Regi\u00e3o (MG) pedindo o prosseguimento da reclama\u00e7\u00e3o trabalhista. No mandado, o empregado afirmou que n\u00e3o existia nenhum processo criminal contra ele instaurado, \u201capenas um boletim de ocorr\u00eancia produzido pela empresa, que relata suposto crime\u201d.\u00a0 Todavia, o TRT-3 entendeu que a decis\u00e3o da Vara n\u00e3o se mostrava abusiva ou ilegal. \u201c A decis\u00e3o de suspender o andamento da a\u00e7\u00e3o \u00e9 faculdade assegurada ao ju\u00edzo\u201d, disse o Regional.<\/p>\n<p><strong>Faculdade<\/strong><\/p>\n<p>O ministro Evandro Valad\u00e3o, relator do processo na SDI-2, observou que o juiz do\u00a0trabalho\u00a0n\u00e3o est\u00e1, diante da apura\u00e7\u00e3o dos mesmos fatos na esfera criminal, obrigado a suspender o\u00a0processo\u00a0trabalhista, sendo tal suspens\u00e3o mera faculdade. Se o fizer, ou seja, determine a suspens\u00e3o da reclama\u00e7\u00e3o trabalhista at\u00e9 a apura\u00e7\u00e3o do suposto fato delituoso pela seara criminal, h\u00e1 prazo m\u00e1ximo a ser observado. \u201cO prazo indeterminado fere direito l\u00edquido e certo da parte\u201d, acentuou o relator.<\/p>\n<p><strong>Boletim<\/strong><\/p>\n<p>O ministro ressaltou que a suspens\u00e3o foi determinada por for\u00e7a de boletim de ocorr\u00eancia formulado unilateralmente pela empresa. Observou ainda que a reclama\u00e7\u00e3o foi suspensa em junho de 2021, e que at\u00e9 hoje n\u00e3o foram conclu\u00eddas as investiga\u00e7\u00f5es criminais. Segundo ele, o ato do ju\u00edzo de primeiro grau foi ilegal, uma vez que mantida a suspens\u00e3o da reclama\u00e7\u00e3o trabalhista em prazo muito superior ao previsto em lei, que \u00e9 de tr\u00eas meses.<\/p>\n<p>Com a decis\u00e3o, a instru\u00e7\u00e3o dever\u00e1 ser retomada, com o prosseguimento da reclama\u00e7\u00e3o trabalhista do empregado.\u00a0<\/p>\n<p>(RR\/CF)<\/p>\n<p>Processo:\u00a0 TST-ROT-<a href=\"https:\/\/consultaprocessual.tst.jus.br\/consultaProcessual\/consultaTstNumUnica.do?consulta=Consultar&amp;conscsjt=&amp;numeroTst=10879&amp;digitoTst=28&amp;anoTst=2021&amp;orgaoTst=5&amp;tribunalTst=03&amp;varaTst=0000&amp;submit=Consultar\" target=\"\" rel=\"noopener\">10879-28.2021.5.03.0000<\/a><\/p>\n<p>O TST possui oito Turmas, cada uma composta por tr\u00eas ministros, com a atribui\u00e7\u00e3o de analisar recursos de revista, agravos, agravos de instrumento, agravos regimentais e recursos ordin\u00e1rios em a\u00e7\u00e3o cautelar. Das decis\u00f5es das Turmas, a parte ainda pode, em alguns casos, recorrer \u00e0 Subse\u00e7\u00e3o I Especializada em Diss\u00eddios Individuais (SBDI-1).<\/p>\n<p>Esta mat\u00e9ria tem car\u00e1ter informativo, sem cunho oficial.<br \/>\nPermitida a reprodu\u00e7\u00e3o mediante cita\u00e7\u00e3o da fonte.<br \/>\nSecretaria de Comunica\u00e7\u00e3o Social<br \/>\nTribunal Superior do Trabalho<br \/>\nTel. (61) 3043-4907<br \/>\nsecom@tst.jus.br<\/p>\n<p>\n\u00a0<\/p>\n<\/div><\/div>\n<\/div>\n","protected":false},"excerpt":{"rendered":"<p>Segundo o colegiado, a suspens\u00e3o foi mantida por prazo muito superior ao previsto. ministro Evandro Valad\u00e3o em sess\u00e3o na 7\u00aa Turma. 22\/6\/2022 &#8211; A Subse\u00e7\u00e3o II Especializada em Diss\u00eddios Individuais do Tribunal Superior do Trabalho cassou decis\u00e3o do ju\u00edzo da 44\u00aa Vara do Trabalho de Belo Horizonte (MG), que suspendeu reclama\u00e7\u00e3o trabalhista de um ex-empregado [&hellip;]<\/p>\n","protected":false},"author":0,"featured_media":11228,"comment_status":"open","ping_status":"","sticky":false,"template":"","format":"standard","meta":{"footnotes":""},"categories":[5],"tags":[],"class_list":["post-11227","post","type-post","status-publish","format-standard","has-post-thumbnail","hentry","category-noticias-educacao-financeira"],"blocksy_meta":{"styles_descriptor":{"styles":{"desktop":"","tablet":"","mobile":""},"google_fonts":[],"version":6}},"yoast_head":"<!-- This site is optimized with the Yoast SEO plugin v27.4 - https:\/\/yoast.com\/product\/yoast-seo-wordpress\/ -->\n<title>TST cassa decis\u00e3o que suspendeu a\u00e7\u00e3o trabalhista at\u00e9 a conclus\u00e3o de inqu\u00e9rito contra empregado - Contabilidade Caxias<\/title>\n<meta name=\"robots\" content=\"index, follow, max-snippet:-1, max-image-preview:large, max-video-preview:-1\" \/>\n<link rel=\"canonical\" href=\"https:\/\/contabilidadecaxias.com.br\/index.php\/2022\/06\/22\/tst-cassa-decisao-que-suspendeu-acao-trabalhista-ate-a-conclusao-de-inquerito-contra-empregado\/\" \/>\n<meta property=\"og:locale\" content=\"pt_BR\" \/>\n<meta property=\"og:type\" content=\"article\" \/>\n<meta property=\"og:title\" content=\"TST cassa decis\u00e3o que suspendeu a\u00e7\u00e3o trabalhista at\u00e9 a conclus\u00e3o de inqu\u00e9rito contra empregado - Contabilidade Caxias\" \/>\n<meta property=\"og:description\" content=\"Segundo o colegiado, a suspens\u00e3o foi mantida por prazo muito superior ao previsto. ministro Evandro Valad\u00e3o em sess\u00e3o na 7\u00aa Turma. 22\/6\/2022 &#8211; A Subse\u00e7\u00e3o II Especializada em Diss\u00eddios Individuais do Tribunal Superior do Trabalho cassou decis\u00e3o do ju\u00edzo da 44\u00aa Vara do Trabalho de Belo Horizonte (MG), que suspendeu reclama\u00e7\u00e3o trabalhista de um ex-empregado [&hellip;]\" \/>\n<meta property=\"og:url\" content=\"https:\/\/contabilidadecaxias.com.br\/index.php\/2022\/06\/22\/tst-cassa-decisao-que-suspendeu-acao-trabalhista-ate-a-conclusao-de-inquerito-contra-empregado\/\" \/>\n<meta property=\"og:site_name\" content=\"Contabilidade Caxias\" \/>\n<meta property=\"article:published_time\" content=\"2022-06-22T18:18:21+00:00\" \/>\n<meta name=\"twitter:card\" content=\"summary_large_image\" \/>\n<meta name=\"twitter:label1\" content=\"Est. tempo de leitura\" \/>\n\t<meta name=\"twitter:data1\" content=\"3 minutos\" \/>\n<script type=\"application\/ld+json\" class=\"yoast-schema-graph\">{\"@context\":\"https:\\\/\\\/schema.org\",\"@graph\":[{\"@type\":\"Article\",\"@id\":\"https:\\\/\\\/contabilidadecaxias.com.br\\\/index.php\\\/2022\\\/06\\\/22\\\/tst-cassa-decisao-que-suspendeu-acao-trabalhista-ate-a-conclusao-de-inquerito-contra-empregado\\\/#article\",\"isPartOf\":{\"@id\":\"https:\\\/\\\/contabilidadecaxias.com.br\\\/index.php\\\/2022\\\/06\\\/22\\\/tst-cassa-decisao-que-suspendeu-acao-trabalhista-ate-a-conclusao-de-inquerito-contra-empregado\\\/\"},\"author\":{\"name\":\"\",\"@id\":\"\"},\"headline\":\"TST cassa decis\u00e3o que suspendeu a\u00e7\u00e3o trabalhista at\u00e9 a conclus\u00e3o de inqu\u00e9rito contra empregado\",\"datePublished\":\"2022-06-22T18:18:21+00:00\",\"mainEntityOfPage\":{\"@id\":\"https:\\\/\\\/contabilidadecaxias.com.br\\\/index.php\\\/2022\\\/06\\\/22\\\/tst-cassa-decisao-que-suspendeu-acao-trabalhista-ate-a-conclusao-de-inquerito-contra-empregado\\\/\"},\"wordCount\":554,\"commentCount\":0,\"image\":{\"@id\":\"https:\\\/\\\/contabilidadecaxias.com.br\\\/index.php\\\/2022\\\/06\\\/22\\\/tst-cassa-decisao-que-suspendeu-acao-trabalhista-ate-a-conclusao-de-inquerito-contra-empregado\\\/#primaryimage\"},\"thumbnailUrl\":\"https:\\\/\\\/contabilidadecaxias.com.br\\\/wp-content\\\/uploads\\\/2022\\\/06\\\/f2b5763a-f6a2-33dc-7ba8-ffd1250cecdb-E9URmt-scaled.jpeg\",\"articleSection\":[\"Educa\u00e7\u00e3o Financeira\"],\"inLanguage\":\"pt-BR\",\"potentialAction\":[{\"@type\":\"CommentAction\",\"name\":\"Comment\",\"target\":[\"https:\\\/\\\/contabilidadecaxias.com.br\\\/index.php\\\/2022\\\/06\\\/22\\\/tst-cassa-decisao-que-suspendeu-acao-trabalhista-ate-a-conclusao-de-inquerito-contra-empregado\\\/#respond\"]}]},{\"@type\":\"WebPage\",\"@id\":\"https:\\\/\\\/contabilidadecaxias.com.br\\\/index.php\\\/2022\\\/06\\\/22\\\/tst-cassa-decisao-que-suspendeu-acao-trabalhista-ate-a-conclusao-de-inquerito-contra-empregado\\\/\",\"url\":\"https:\\\/\\\/contabilidadecaxias.com.br\\\/index.php\\\/2022\\\/06\\\/22\\\/tst-cassa-decisao-que-suspendeu-acao-trabalhista-ate-a-conclusao-de-inquerito-contra-empregado\\\/\",\"name\":\"TST cassa decis\u00e3o que suspendeu a\u00e7\u00e3o trabalhista at\u00e9 a conclus\u00e3o de inqu\u00e9rito contra empregado - Contabilidade Caxias\",\"isPartOf\":{\"@id\":\"https:\\\/\\\/contabilidadecaxias.com.br\\\/#website\"},\"primaryImageOfPage\":{\"@id\":\"https:\\\/\\\/contabilidadecaxias.com.br\\\/index.php\\\/2022\\\/06\\\/22\\\/tst-cassa-decisao-que-suspendeu-acao-trabalhista-ate-a-conclusao-de-inquerito-contra-empregado\\\/#primaryimage\"},\"image\":{\"@id\":\"https:\\\/\\\/contabilidadecaxias.com.br\\\/index.php\\\/2022\\\/06\\\/22\\\/tst-cassa-decisao-que-suspendeu-acao-trabalhista-ate-a-conclusao-de-inquerito-contra-empregado\\\/#primaryimage\"},\"thumbnailUrl\":\"https:\\\/\\\/contabilidadecaxias.com.br\\\/wp-content\\\/uploads\\\/2022\\\/06\\\/f2b5763a-f6a2-33dc-7ba8-ffd1250cecdb-E9URmt-scaled.jpeg\",\"datePublished\":\"2022-06-22T18:18:21+00:00\",\"author\":{\"@id\":\"\"},\"breadcrumb\":{\"@id\":\"https:\\\/\\\/contabilidadecaxias.com.br\\\/index.php\\\/2022\\\/06\\\/22\\\/tst-cassa-decisao-que-suspendeu-acao-trabalhista-ate-a-conclusao-de-inquerito-contra-empregado\\\/#breadcrumb\"},\"inLanguage\":\"pt-BR\",\"potentialAction\":[{\"@type\":\"ReadAction\",\"target\":[\"https:\\\/\\\/contabilidadecaxias.com.br\\\/index.php\\\/2022\\\/06\\\/22\\\/tst-cassa-decisao-que-suspendeu-acao-trabalhista-ate-a-conclusao-de-inquerito-contra-empregado\\\/\"]}]},{\"@type\":\"ImageObject\",\"inLanguage\":\"pt-BR\",\"@id\":\"https:\\\/\\\/contabilidadecaxias.com.br\\\/index.php\\\/2022\\\/06\\\/22\\\/tst-cassa-decisao-que-suspendeu-acao-trabalhista-ate-a-conclusao-de-inquerito-contra-empregado\\\/#primaryimage\",\"url\":\"https:\\\/\\\/contabilidadecaxias.com.br\\\/wp-content\\\/uploads\\\/2022\\\/06\\\/f2b5763a-f6a2-33dc-7ba8-ffd1250cecdb-E9URmt-scaled.jpeg\",\"contentUrl\":\"https:\\\/\\\/contabilidadecaxias.com.br\\\/wp-content\\\/uploads\\\/2022\\\/06\\\/f2b5763a-f6a2-33dc-7ba8-ffd1250cecdb-E9URmt-scaled.jpeg\",\"width\":2560,\"height\":1741},{\"@type\":\"BreadcrumbList\",\"@id\":\"https:\\\/\\\/contabilidadecaxias.com.br\\\/index.php\\\/2022\\\/06\\\/22\\\/tst-cassa-decisao-que-suspendeu-acao-trabalhista-ate-a-conclusao-de-inquerito-contra-empregado\\\/#breadcrumb\",\"itemListElement\":[{\"@type\":\"ListItem\",\"position\":1,\"name\":\"In\u00edcio\",\"item\":\"https:\\\/\\\/contabilidadecaxias.com.br\\\/\"},{\"@type\":\"ListItem\",\"position\":2,\"name\":\"TST cassa decis\u00e3o que suspendeu a\u00e7\u00e3o trabalhista at\u00e9 a conclus\u00e3o de inqu\u00e9rito contra empregado\"}]},{\"@type\":\"WebSite\",\"@id\":\"https:\\\/\\\/contabilidadecaxias.com.br\\\/#website\",\"url\":\"https:\\\/\\\/contabilidadecaxias.com.br\\\/\",\"name\":\"Contabilidade Caxias\",\"description\":\"Site especializado em Contabilidade para Caxias.\",\"potentialAction\":[{\"@type\":\"SearchAction\",\"target\":{\"@type\":\"EntryPoint\",\"urlTemplate\":\"https:\\\/\\\/contabilidadecaxias.com.br\\\/?s={search_term_string}\"},\"query-input\":{\"@type\":\"PropertyValueSpecification\",\"valueRequired\":true,\"valueName\":\"search_term_string\"}}],\"inLanguage\":\"pt-BR\"}]}<\/script>\n<!-- \/ Yoast SEO plugin. -->","yoast_head_json":{"title":"TST cassa decis\u00e3o que suspendeu a\u00e7\u00e3o trabalhista at\u00e9 a conclus\u00e3o de inqu\u00e9rito contra empregado - Contabilidade Caxias","robots":{"index":"index","follow":"follow","max-snippet":"max-snippet:-1","max-image-preview":"max-image-preview:large","max-video-preview":"max-video-preview:-1"},"canonical":"https:\/\/contabilidadecaxias.com.br\/index.php\/2022\/06\/22\/tst-cassa-decisao-que-suspendeu-acao-trabalhista-ate-a-conclusao-de-inquerito-contra-empregado\/","og_locale":"pt_BR","og_type":"article","og_title":"TST cassa decis\u00e3o que suspendeu a\u00e7\u00e3o trabalhista at\u00e9 a conclus\u00e3o de inqu\u00e9rito contra empregado - Contabilidade Caxias","og_description":"Segundo o colegiado, a suspens\u00e3o foi mantida por prazo muito superior ao previsto. ministro Evandro Valad\u00e3o em sess\u00e3o na 7\u00aa Turma. 22\/6\/2022 &#8211; A Subse\u00e7\u00e3o II Especializada em Diss\u00eddios Individuais do Tribunal Superior do Trabalho cassou decis\u00e3o do ju\u00edzo da 44\u00aa Vara do Trabalho de Belo Horizonte (MG), que suspendeu reclama\u00e7\u00e3o trabalhista de um ex-empregado [&hellip;]","og_url":"https:\/\/contabilidadecaxias.com.br\/index.php\/2022\/06\/22\/tst-cassa-decisao-que-suspendeu-acao-trabalhista-ate-a-conclusao-de-inquerito-contra-empregado\/","og_site_name":"Contabilidade Caxias","article_published_time":"2022-06-22T18:18:21+00:00","twitter_card":"summary_large_image","twitter_misc":{"Est. tempo de leitura":"3 minutos"},"schema":{"@context":"https:\/\/schema.org","@graph":[{"@type":"Article","@id":"https:\/\/contabilidadecaxias.com.br\/index.php\/2022\/06\/22\/tst-cassa-decisao-que-suspendeu-acao-trabalhista-ate-a-conclusao-de-inquerito-contra-empregado\/#article","isPartOf":{"@id":"https:\/\/contabilidadecaxias.com.br\/index.php\/2022\/06\/22\/tst-cassa-decisao-que-suspendeu-acao-trabalhista-ate-a-conclusao-de-inquerito-contra-empregado\/"},"author":{"name":"","@id":""},"headline":"TST cassa decis\u00e3o que suspendeu a\u00e7\u00e3o trabalhista at\u00e9 a conclus\u00e3o de inqu\u00e9rito contra empregado","datePublished":"2022-06-22T18:18:21+00:00","mainEntityOfPage":{"@id":"https:\/\/contabilidadecaxias.com.br\/index.php\/2022\/06\/22\/tst-cassa-decisao-que-suspendeu-acao-trabalhista-ate-a-conclusao-de-inquerito-contra-empregado\/"},"wordCount":554,"commentCount":0,"image":{"@id":"https:\/\/contabilidadecaxias.com.br\/index.php\/2022\/06\/22\/tst-cassa-decisao-que-suspendeu-acao-trabalhista-ate-a-conclusao-de-inquerito-contra-empregado\/#primaryimage"},"thumbnailUrl":"https:\/\/contabilidadecaxias.com.br\/wp-content\/uploads\/2022\/06\/f2b5763a-f6a2-33dc-7ba8-ffd1250cecdb-E9URmt-scaled.jpeg","articleSection":["Educa\u00e7\u00e3o Financeira"],"inLanguage":"pt-BR","potentialAction":[{"@type":"CommentAction","name":"Comment","target":["https:\/\/contabilidadecaxias.com.br\/index.php\/2022\/06\/22\/tst-cassa-decisao-que-suspendeu-acao-trabalhista-ate-a-conclusao-de-inquerito-contra-empregado\/#respond"]}]},{"@type":"WebPage","@id":"https:\/\/contabilidadecaxias.com.br\/index.php\/2022\/06\/22\/tst-cassa-decisao-que-suspendeu-acao-trabalhista-ate-a-conclusao-de-inquerito-contra-empregado\/","url":"https:\/\/contabilidadecaxias.com.br\/index.php\/2022\/06\/22\/tst-cassa-decisao-que-suspendeu-acao-trabalhista-ate-a-conclusao-de-inquerito-contra-empregado\/","name":"TST cassa decis\u00e3o que suspendeu a\u00e7\u00e3o trabalhista at\u00e9 a conclus\u00e3o de inqu\u00e9rito contra empregado - Contabilidade Caxias","isPartOf":{"@id":"https:\/\/contabilidadecaxias.com.br\/#website"},"primaryImageOfPage":{"@id":"https:\/\/contabilidadecaxias.com.br\/index.php\/2022\/06\/22\/tst-cassa-decisao-que-suspendeu-acao-trabalhista-ate-a-conclusao-de-inquerito-contra-empregado\/#primaryimage"},"image":{"@id":"https:\/\/contabilidadecaxias.com.br\/index.php\/2022\/06\/22\/tst-cassa-decisao-que-suspendeu-acao-trabalhista-ate-a-conclusao-de-inquerito-contra-empregado\/#primaryimage"},"thumbnailUrl":"https:\/\/contabilidadecaxias.com.br\/wp-content\/uploads\/2022\/06\/f2b5763a-f6a2-33dc-7ba8-ffd1250cecdb-E9URmt-scaled.jpeg","datePublished":"2022-06-22T18:18:21+00:00","author":{"@id":""},"breadcrumb":{"@id":"https:\/\/contabilidadecaxias.com.br\/index.php\/2022\/06\/22\/tst-cassa-decisao-que-suspendeu-acao-trabalhista-ate-a-conclusao-de-inquerito-contra-empregado\/#breadcrumb"},"inLanguage":"pt-BR","potentialAction":[{"@type":"ReadAction","target":["https:\/\/contabilidadecaxias.com.br\/index.php\/2022\/06\/22\/tst-cassa-decisao-que-suspendeu-acao-trabalhista-ate-a-conclusao-de-inquerito-contra-empregado\/"]}]},{"@type":"ImageObject","inLanguage":"pt-BR","@id":"https:\/\/contabilidadecaxias.com.br\/index.php\/2022\/06\/22\/tst-cassa-decisao-que-suspendeu-acao-trabalhista-ate-a-conclusao-de-inquerito-contra-empregado\/#primaryimage","url":"https:\/\/contabilidadecaxias.com.br\/wp-content\/uploads\/2022\/06\/f2b5763a-f6a2-33dc-7ba8-ffd1250cecdb-E9URmt-scaled.jpeg","contentUrl":"https:\/\/contabilidadecaxias.com.br\/wp-content\/uploads\/2022\/06\/f2b5763a-f6a2-33dc-7ba8-ffd1250cecdb-E9URmt-scaled.jpeg","width":2560,"height":1741},{"@type":"BreadcrumbList","@id":"https:\/\/contabilidadecaxias.com.br\/index.php\/2022\/06\/22\/tst-cassa-decisao-que-suspendeu-acao-trabalhista-ate-a-conclusao-de-inquerito-contra-empregado\/#breadcrumb","itemListElement":[{"@type":"ListItem","position":1,"name":"In\u00edcio","item":"https:\/\/contabilidadecaxias.com.br\/"},{"@type":"ListItem","position":2,"name":"TST cassa decis\u00e3o que suspendeu a\u00e7\u00e3o trabalhista at\u00e9 a conclus\u00e3o de inqu\u00e9rito contra empregado"}]},{"@type":"WebSite","@id":"https:\/\/contabilidadecaxias.com.br\/#website","url":"https:\/\/contabilidadecaxias.com.br\/","name":"Contabilidade Caxias","description":"Site especializado em Contabilidade para Caxias.","potentialAction":[{"@type":"SearchAction","target":{"@type":"EntryPoint","urlTemplate":"https:\/\/contabilidadecaxias.com.br\/?s={search_term_string}"},"query-input":{"@type":"PropertyValueSpecification","valueRequired":true,"valueName":"search_term_string"}}],"inLanguage":"pt-BR"}]}},"_links":{"self":[{"href":"https:\/\/contabilidadecaxias.com.br\/index.php\/wp-json\/wp\/v2\/posts\/11227","targetHints":{"allow":["GET"]}}],"collection":[{"href":"https:\/\/contabilidadecaxias.com.br\/index.php\/wp-json\/wp\/v2\/posts"}],"about":[{"href":"https:\/\/contabilidadecaxias.com.br\/index.php\/wp-json\/wp\/v2\/types\/post"}],"replies":[{"embeddable":true,"href":"https:\/\/contabilidadecaxias.com.br\/index.php\/wp-json\/wp\/v2\/comments?post=11227"}],"version-history":[{"count":0,"href":"https:\/\/contabilidadecaxias.com.br\/index.php\/wp-json\/wp\/v2\/posts\/11227\/revisions"}],"wp:featuredmedia":[{"embeddable":true,"href":"https:\/\/contabilidadecaxias.com.br\/index.php\/wp-json\/wp\/v2\/media\/11228"}],"wp:attachment":[{"href":"https:\/\/contabilidadecaxias.com.br\/index.php\/wp-json\/wp\/v2\/media?parent=11227"}],"wp:term":[{"taxonomy":"category","embeddable":true,"href":"https:\/\/contabilidadecaxias.com.br\/index.php\/wp-json\/wp\/v2\/categories?post=11227"},{"taxonomy":"post_tag","embeddable":true,"href":"https:\/\/contabilidadecaxias.com.br\/index.php\/wp-json\/wp\/v2\/tags?post=11227"}],"curies":[{"name":"wp","href":"https:\/\/api.w.org\/{rel}","templated":true}]}}