{"id":11210,"date":"2022-06-21T16:07:22","date_gmt":"2022-06-21T19:07:22","guid":{"rendered":"https:\/\/contabilidadecaxias.com.br\/index.php\/2022\/06\/21\/diretorio-nacional-de-partido-nao-tera-de-responder-por-dividas-trabalhistas-de-diretorio-regional\/"},"modified":"2022-06-21T16:07:22","modified_gmt":"2022-06-21T19:07:22","slug":"diretorio-nacional-de-partido-nao-tera-de-responder-por-dividas-trabalhistas-de-diretorio-regional","status":"publish","type":"post","link":"https:\/\/contabilidadecaxias.com.br\/index.php\/2022\/06\/21\/diretorio-nacional-de-partido-nao-tera-de-responder-por-dividas-trabalhistas-de-diretorio-regional\/","title":{"rendered":"Diret\u00f3rio nacional de partido n\u00e3o ter\u00e1 de responder por d\u00edvidas trabalhistas de diret\u00f3rio regional"},"content":{"rendered":"<div class=\"noticia-wrapper\">\n<p><em><\/p>\n<p>Segundo o colegiado, n\u00e3o h\u00e1 solidariedade para o pagamento das d\u00edvidas trabalhistas<\/p>\n<p><\/em><\/p>\n<div class=\"social-media-share mobile\">\n        <a class=\"share-facebook\" href=\"https:\/\/www.facebook.com\/sharer.php?u=https:\/\/www.tst.jus.br\/-\/diret%C3%B3rio-nacional-de-partido-n%C3%A3o-ter%C3%A1-de-responder-por-d%C3%ADvidas-trabalhistas-de-diret%C3%B3rio-regional\" target=\"_blank\" rel=\"noopener\"><\/a><br \/>\n        <a class=\"share-twitter\" href=\"https:\/\/twitter.com\/intent\/tweet?text=Diret%C3%B3rio%20nacional%20de%20partido%20n%C3%A3o%20ter%C3%A1%20de%20responder%20por%20d%C3%ADvidas%20trabalhistas%20de%20diret%C3%B3rio%20regional%0AVeja%20mais%20em:&amp;url=https:\/\/www.tst.jus.br\/-\/diret%C3%B3rio-nacional-de-partido-n%C3%A3o-ter%C3%A1-de-responder-por-d%C3%ADvidas-trabalhistas-de-diret%C3%B3rio-regional\" target=\"_blank\" rel=\"noopener\"><\/a><br \/>\n        <a class=\"share-linkedin\" href=\"https:\/\/www.linkedin.com\/shareArticle?mini=true&amp;url=https:\/\/www.tst.jus.br\/-\/diret%C3%B3rio-nacional-de-partido-n%C3%A3o-ter%C3%A1-de-responder-por-d%C3%ADvidas-trabalhistas-de-diret%C3%B3rio-regional&amp;title=Diret%C3%B3rio%20nacional%20de%20partido%20n%C3%A3o%20ter%C3%A1%20de%20responder%20por%20d%C3%ADvidas%20trabalhistas%20de%20diret%C3%B3rio%20regional\" target=\"_blank\" rel=\"noopener\"><\/a><br \/>\n        <a class=\"share-whatsapp\" href=\"https:\/\/web.whatsapp.com\/send?text=https:\/\/www.tst.jus.br\/-\/diret%C3%B3rio-nacional-de-partido-n%C3%A3o-ter%C3%A1-de-responder-por-d%C3%ADvidas-trabalhistas-de-diret%C3%B3rio-regional\" target=\"_blank\" rel=\"noopener\"><\/a><br \/>\n        <a class=\"share-googleplus\" href=\"https:\/\/plus.google.com\/share?url=https:\/\/www.tst.jus.br\/-\/diret%C3%B3rio-nacional-de-partido-n%C3%A3o-ter%C3%A1-de-responder-por-d%C3%ADvidas-trabalhistas-de-diret%C3%B3rio-regional\" target=\"_blank\" rel=\"noopener\"><\/a>\n    <\/div>\n<div class=\"news-body\">\n<div class=\"imagem-da-noticia\">\n<p>foto da ministra Dela\u00edde Miranda em sess\u00e3o.<\/p>\n<div class=\"social-media-share\">\n                    <a class=\"share-facebook\" href=\"https:\/\/www.facebook.com\/sharer.php?u=https:\/\/www.tst.jus.br\/-\/diret%C3%B3rio-nacional-de-partido-n%C3%A3o-ter%C3%A1-de-responder-por-d%C3%ADvidas-trabalhistas-de-diret%C3%B3rio-regional\" target=\"_blank\" rel=\"noopener\"><\/a><br \/>\n                    <a class=\"share-twitter\" href=\"https:\/\/twitter.com\/intent\/tweet?text=Diret%C3%B3rio%20nacional%20de%20partido%20n%C3%A3o%20ter%C3%A1%20de%20responder%20por%20d%C3%ADvidas%20trabalhistas%20de%20diret%C3%B3rio%20regional%0AVeja%20mais%20em:&amp;url=https:\/\/www.tst.jus.br\/-\/diret%C3%B3rio-nacional-de-partido-n%C3%A3o-ter%C3%A1-de-responder-por-d%C3%ADvidas-trabalhistas-de-diret%C3%B3rio-regional\" target=\"_blank\" rel=\"noopener\"><\/a><br \/>\n                    <a class=\"share-linkedin\" href=\"https:\/\/www.linkedin.com\/shareArticle?mini=true&amp;url=https:\/\/www.tst.jus.br\/-\/diret%C3%B3rio-nacional-de-partido-n%C3%A3o-ter%C3%A1-de-responder-por-d%C3%ADvidas-trabalhistas-de-diret%C3%B3rio-regional&amp;title=Diret%C3%B3rio%20nacional%20de%20partido%20n%C3%A3o%20ter%C3%A1%20de%20responder%20por%20d%C3%ADvidas%20trabalhistas%20de%20diret%C3%B3rio%20regional\" target=\"_blank\" rel=\"noopener\"><\/a><br \/>\n                    <a class=\"share-whatsapp\" href=\"https:\/\/web.whatsapp.com\/send?text=https:\/\/www.tst.jus.br\/-\/diret%C3%B3rio-nacional-de-partido-n%C3%A3o-ter%C3%A1-de-responder-por-d%C3%ADvidas-trabalhistas-de-diret%C3%B3rio-regional\" target=\"_blank\" rel=\"noopener\"><\/a><br \/>\n                    <a class=\"share-googleplus\" href=\"https:\/\/plus.google.com\/share?url=https:\/\/www.tst.jus.br\/-\/diret%C3%B3rio-nacional-de-partido-n%C3%A3o-ter%C3%A1-de-responder-por-d%C3%ADvidas-trabalhistas-de-diret%C3%B3rio-regional\" target=\"_blank\" rel=\"noopener\"><\/a>\n                <\/div>\n<\/p><\/div>\n<div class=\"materia\">\n<p>21-06-22 &#8211; A Oitava Turma do Tribunal Superior do Trabalho rejeitou o exame de recurso de uma assistente administrativa do Partido da Social Democracia Brasileira (PSDB) de Goi\u00e2nia (GO), que cobrava do diret\u00f3rio nacional do partido o pagamento de d\u00edvidas trabalhistas de forma solid\u00e1ria. Segundo o colegiado, n\u00e3o h\u00e1 solidariedade, sendo obriga\u00e7\u00e3o do \u00f3rg\u00e3o partid\u00e1rio municipal a quita\u00e7\u00e3o das d\u00edvidas.\u00a0<\/p>\n<p><strong>Matriz e filial<\/strong><\/p>\n<p>A assistente defendia que, por ser um mesmo partido pol\u00edtico, o pagamento seria apenas uma quest\u00e3o interna, de distribui\u00e7\u00e3o de recursos. Nesse caso, acrescentou, \u201cdiret\u00f3rios municipais deveriam ser entendidos como filiais do diret\u00f3rio nacional, e assim responder de forma solid\u00e1ria pelas obriga\u00e7\u00f5es trabalhistas contra\u00eddas por aqueles\u201d.\u00a0 Para ela, haveria rela\u00e7\u00e3o jur\u00eddica entre os diret\u00f3rios, os quais deveriam ser considerados, nas suas rela\u00e7\u00f5es trabalhistas como outra empresa qualquer.<\/p>\n<p><strong>D\u00edvidas<\/strong><\/p>\n<p>Ao analisar o recurso, a relatora, ministra Dela\u00edde Miranda Arantes, aplicou ao caso o art. 15-A, &#8220;caput&#8221;, da Lei n\u00ba 9.096\/95. De acordo com a norma, a responsabilidade, inclusive civil e trabalhista, cabe exclusivamente ao \u00f3rg\u00e3o partid\u00e1rio municipal, estadual ou nacional que tiver dado causa ao n\u00e3o cumprimento da obriga\u00e7\u00e3o. \u201cO diret\u00f3rio nacional do partido pol\u00edtico n\u00e3o responde pelas d\u00edvidas trabalhistas dos seus diret\u00f3rios regionais ou municipais\u201d, concluiu.<\/p>\n<p>A assistente administrativa ainda cabe recurso da decis\u00e3o.<\/p>\n<p>(RR\/CF)<\/p>\n<p>Processo:\u00a0 TST-RR-<a href=\"https:\/\/consultaprocessual.tst.jus.br\/consultaProcessual\/consultaTstNumUnica.do?consulta=Consultar&amp;conscsjt=&amp;numeroTst=10975&amp;digitoTst=70&amp;anoTst=2019&amp;orgaoTst=5&amp;tribunalTst=18&amp;varaTst=0008&amp;submit=Consultar\" target=\"\" rel=\"noopener\">10975-70.2019.5.18.0008<\/a><\/p>\n<p>O TST possui oito Turmas, cada uma composta por tr\u00eas ministros, com a atribui\u00e7\u00e3o de analisar recursos de revista, agravos, agravos de instrumento, agravos regimentais e recursos ordin\u00e1rios em a\u00e7\u00e3o cautelar. Das decis\u00f5es das Turmas, a parte ainda pode, em alguns casos, recorrer \u00e0 Subse\u00e7\u00e3o I Especializada em Diss\u00eddios Individuais (SBDI-1).<\/p>\n<p>Esta mat\u00e9ria tem car\u00e1ter informativo, sem cunho oficial.<br \/>\nPermitida a reprodu\u00e7\u00e3o mediante cita\u00e7\u00e3o da fonte.<br \/>\nSecretaria de Comunica\u00e7\u00e3o Social<br \/>\nTribunal Superior do Trabalho<br \/>\nTel. (61) 3043-4907<br \/>\nsecom@tst.jus.br<\/p>\n<p>\u00a0<\/p>\n<\/div><\/div>\n<\/div>\n","protected":false},"excerpt":{"rendered":"<p>Segundo o colegiado, n\u00e3o h\u00e1 solidariedade para o pagamento das d\u00edvidas trabalhistas foto da ministra Dela\u00edde Miranda em sess\u00e3o. 21-06-22 &#8211; A Oitava Turma do Tribunal Superior do Trabalho rejeitou o exame de recurso de uma assistente administrativa do Partido da Social Democracia Brasileira (PSDB) de Goi\u00e2nia (GO), que cobrava do diret\u00f3rio nacional do partido [&hellip;]<\/p>\n","protected":false},"author":0,"featured_media":11211,"comment_status":"open","ping_status":"","sticky":false,"template":"","format":"standard","meta":{"footnotes":""},"categories":[5],"tags":[],"class_list":["post-11210","post","type-post","status-publish","format-standard","has-post-thumbnail","hentry","category-noticias-educacao-financeira"],"blocksy_meta":{"styles_descriptor":{"styles":{"desktop":"","tablet":"","mobile":""},"google_fonts":[],"version":6}},"yoast_head":"<!-- This site is optimized with the Yoast SEO plugin v27.4 - https:\/\/yoast.com\/product\/yoast-seo-wordpress\/ -->\n<title>Diret\u00f3rio nacional de partido n\u00e3o ter\u00e1 de responder por d\u00edvidas trabalhistas de diret\u00f3rio regional - Contabilidade Caxias<\/title>\n<meta name=\"robots\" content=\"index, follow, max-snippet:-1, max-image-preview:large, max-video-preview:-1\" \/>\n<link rel=\"canonical\" href=\"https:\/\/contabilidadecaxias.com.br\/index.php\/2022\/06\/21\/diretorio-nacional-de-partido-nao-tera-de-responder-por-dividas-trabalhistas-de-diretorio-regional\/\" \/>\n<meta property=\"og:locale\" content=\"pt_BR\" \/>\n<meta property=\"og:type\" content=\"article\" \/>\n<meta property=\"og:title\" content=\"Diret\u00f3rio nacional de partido n\u00e3o ter\u00e1 de responder por d\u00edvidas trabalhistas de diret\u00f3rio regional - Contabilidade Caxias\" \/>\n<meta property=\"og:description\" content=\"Segundo o colegiado, n\u00e3o h\u00e1 solidariedade para o pagamento das d\u00edvidas trabalhistas foto da ministra Dela\u00edde Miranda em sess\u00e3o. 21-06-22 &#8211; A Oitava Turma do Tribunal Superior do Trabalho rejeitou o exame de recurso de uma assistente administrativa do Partido da Social Democracia Brasileira (PSDB) de Goi\u00e2nia (GO), que cobrava do diret\u00f3rio nacional do partido [&hellip;]\" \/>\n<meta property=\"og:url\" content=\"https:\/\/contabilidadecaxias.com.br\/index.php\/2022\/06\/21\/diretorio-nacional-de-partido-nao-tera-de-responder-por-dividas-trabalhistas-de-diretorio-regional\/\" \/>\n<meta property=\"og:site_name\" content=\"Contabilidade Caxias\" \/>\n<meta property=\"article:published_time\" content=\"2022-06-21T19:07:22+00:00\" \/>\n<meta name=\"twitter:card\" content=\"summary_large_image\" \/>\n<meta name=\"twitter:label1\" content=\"Est. tempo de leitura\" \/>\n\t<meta name=\"twitter:data1\" content=\"2 minutos\" \/>\n<script type=\"application\/ld+json\" class=\"yoast-schema-graph\">{\"@context\":\"https:\\\/\\\/schema.org\",\"@graph\":[{\"@type\":\"Article\",\"@id\":\"https:\\\/\\\/contabilidadecaxias.com.br\\\/index.php\\\/2022\\\/06\\\/21\\\/diretorio-nacional-de-partido-nao-tera-de-responder-por-dividas-trabalhistas-de-diretorio-regional\\\/#article\",\"isPartOf\":{\"@id\":\"https:\\\/\\\/contabilidadecaxias.com.br\\\/index.php\\\/2022\\\/06\\\/21\\\/diretorio-nacional-de-partido-nao-tera-de-responder-por-dividas-trabalhistas-de-diretorio-regional\\\/\"},\"author\":{\"name\":\"\",\"@id\":\"\"},\"headline\":\"Diret\u00f3rio nacional de partido n\u00e3o ter\u00e1 de responder por d\u00edvidas trabalhistas de diret\u00f3rio regional\",\"datePublished\":\"2022-06-21T19:07:22+00:00\",\"mainEntityOfPage\":{\"@id\":\"https:\\\/\\\/contabilidadecaxias.com.br\\\/index.php\\\/2022\\\/06\\\/21\\\/diretorio-nacional-de-partido-nao-tera-de-responder-por-dividas-trabalhistas-de-diretorio-regional\\\/\"},\"wordCount\":378,\"commentCount\":0,\"image\":{\"@id\":\"https:\\\/\\\/contabilidadecaxias.com.br\\\/index.php\\\/2022\\\/06\\\/21\\\/diretorio-nacional-de-partido-nao-tera-de-responder-por-dividas-trabalhistas-de-diretorio-regional\\\/#primaryimage\"},\"thumbnailUrl\":\"https:\\\/\\\/contabilidadecaxias.com.br\\\/wp-content\\\/uploads\\\/2022\\\/06\\\/fbd86db8-d164-b7e1-8817-ca7198efdb9c-zcaXyn-scaled.jpeg\",\"articleSection\":[\"Educa\u00e7\u00e3o Financeira\"],\"inLanguage\":\"pt-BR\",\"potentialAction\":[{\"@type\":\"CommentAction\",\"name\":\"Comment\",\"target\":[\"https:\\\/\\\/contabilidadecaxias.com.br\\\/index.php\\\/2022\\\/06\\\/21\\\/diretorio-nacional-de-partido-nao-tera-de-responder-por-dividas-trabalhistas-de-diretorio-regional\\\/#respond\"]}]},{\"@type\":\"WebPage\",\"@id\":\"https:\\\/\\\/contabilidadecaxias.com.br\\\/index.php\\\/2022\\\/06\\\/21\\\/diretorio-nacional-de-partido-nao-tera-de-responder-por-dividas-trabalhistas-de-diretorio-regional\\\/\",\"url\":\"https:\\\/\\\/contabilidadecaxias.com.br\\\/index.php\\\/2022\\\/06\\\/21\\\/diretorio-nacional-de-partido-nao-tera-de-responder-por-dividas-trabalhistas-de-diretorio-regional\\\/\",\"name\":\"Diret\u00f3rio nacional de partido n\u00e3o ter\u00e1 de responder por d\u00edvidas trabalhistas de diret\u00f3rio regional - Contabilidade Caxias\",\"isPartOf\":{\"@id\":\"https:\\\/\\\/contabilidadecaxias.com.br\\\/#website\"},\"primaryImageOfPage\":{\"@id\":\"https:\\\/\\\/contabilidadecaxias.com.br\\\/index.php\\\/2022\\\/06\\\/21\\\/diretorio-nacional-de-partido-nao-tera-de-responder-por-dividas-trabalhistas-de-diretorio-regional\\\/#primaryimage\"},\"image\":{\"@id\":\"https:\\\/\\\/contabilidadecaxias.com.br\\\/index.php\\\/2022\\\/06\\\/21\\\/diretorio-nacional-de-partido-nao-tera-de-responder-por-dividas-trabalhistas-de-diretorio-regional\\\/#primaryimage\"},\"thumbnailUrl\":\"https:\\\/\\\/contabilidadecaxias.com.br\\\/wp-content\\\/uploads\\\/2022\\\/06\\\/fbd86db8-d164-b7e1-8817-ca7198efdb9c-zcaXyn-scaled.jpeg\",\"datePublished\":\"2022-06-21T19:07:22+00:00\",\"author\":{\"@id\":\"\"},\"breadcrumb\":{\"@id\":\"https:\\\/\\\/contabilidadecaxias.com.br\\\/index.php\\\/2022\\\/06\\\/21\\\/diretorio-nacional-de-partido-nao-tera-de-responder-por-dividas-trabalhistas-de-diretorio-regional\\\/#breadcrumb\"},\"inLanguage\":\"pt-BR\",\"potentialAction\":[{\"@type\":\"ReadAction\",\"target\":[\"https:\\\/\\\/contabilidadecaxias.com.br\\\/index.php\\\/2022\\\/06\\\/21\\\/diretorio-nacional-de-partido-nao-tera-de-responder-por-dividas-trabalhistas-de-diretorio-regional\\\/\"]}]},{\"@type\":\"ImageObject\",\"inLanguage\":\"pt-BR\",\"@id\":\"https:\\\/\\\/contabilidadecaxias.com.br\\\/index.php\\\/2022\\\/06\\\/21\\\/diretorio-nacional-de-partido-nao-tera-de-responder-por-dividas-trabalhistas-de-diretorio-regional\\\/#primaryimage\",\"url\":\"https:\\\/\\\/contabilidadecaxias.com.br\\\/wp-content\\\/uploads\\\/2022\\\/06\\\/fbd86db8-d164-b7e1-8817-ca7198efdb9c-zcaXyn-scaled.jpeg\",\"contentUrl\":\"https:\\\/\\\/contabilidadecaxias.com.br\\\/wp-content\\\/uploads\\\/2022\\\/06\\\/fbd86db8-d164-b7e1-8817-ca7198efdb9c-zcaXyn-scaled.jpeg\",\"width\":2560,\"height\":1707},{\"@type\":\"BreadcrumbList\",\"@id\":\"https:\\\/\\\/contabilidadecaxias.com.br\\\/index.php\\\/2022\\\/06\\\/21\\\/diretorio-nacional-de-partido-nao-tera-de-responder-por-dividas-trabalhistas-de-diretorio-regional\\\/#breadcrumb\",\"itemListElement\":[{\"@type\":\"ListItem\",\"position\":1,\"name\":\"In\u00edcio\",\"item\":\"https:\\\/\\\/contabilidadecaxias.com.br\\\/\"},{\"@type\":\"ListItem\",\"position\":2,\"name\":\"Diret\u00f3rio nacional de partido n\u00e3o ter\u00e1 de responder por d\u00edvidas trabalhistas de diret\u00f3rio regional\"}]},{\"@type\":\"WebSite\",\"@id\":\"https:\\\/\\\/contabilidadecaxias.com.br\\\/#website\",\"url\":\"https:\\\/\\\/contabilidadecaxias.com.br\\\/\",\"name\":\"Contabilidade Caxias\",\"description\":\"Site especializado em Contabilidade para Caxias.\",\"potentialAction\":[{\"@type\":\"SearchAction\",\"target\":{\"@type\":\"EntryPoint\",\"urlTemplate\":\"https:\\\/\\\/contabilidadecaxias.com.br\\\/?s={search_term_string}\"},\"query-input\":{\"@type\":\"PropertyValueSpecification\",\"valueRequired\":true,\"valueName\":\"search_term_string\"}}],\"inLanguage\":\"pt-BR\"}]}<\/script>\n<!-- \/ Yoast SEO plugin. -->","yoast_head_json":{"title":"Diret\u00f3rio nacional de partido n\u00e3o ter\u00e1 de responder por d\u00edvidas trabalhistas de diret\u00f3rio regional - Contabilidade Caxias","robots":{"index":"index","follow":"follow","max-snippet":"max-snippet:-1","max-image-preview":"max-image-preview:large","max-video-preview":"max-video-preview:-1"},"canonical":"https:\/\/contabilidadecaxias.com.br\/index.php\/2022\/06\/21\/diretorio-nacional-de-partido-nao-tera-de-responder-por-dividas-trabalhistas-de-diretorio-regional\/","og_locale":"pt_BR","og_type":"article","og_title":"Diret\u00f3rio nacional de partido n\u00e3o ter\u00e1 de responder por d\u00edvidas trabalhistas de diret\u00f3rio regional - Contabilidade Caxias","og_description":"Segundo o colegiado, n\u00e3o h\u00e1 solidariedade para o pagamento das d\u00edvidas trabalhistas foto da ministra Dela\u00edde Miranda em sess\u00e3o. 21-06-22 &#8211; A Oitava Turma do Tribunal Superior do Trabalho rejeitou o exame de recurso de uma assistente administrativa do Partido da Social Democracia Brasileira (PSDB) de Goi\u00e2nia (GO), que cobrava do diret\u00f3rio nacional do partido [&hellip;]","og_url":"https:\/\/contabilidadecaxias.com.br\/index.php\/2022\/06\/21\/diretorio-nacional-de-partido-nao-tera-de-responder-por-dividas-trabalhistas-de-diretorio-regional\/","og_site_name":"Contabilidade Caxias","article_published_time":"2022-06-21T19:07:22+00:00","twitter_card":"summary_large_image","twitter_misc":{"Est. tempo de leitura":"2 minutos"},"schema":{"@context":"https:\/\/schema.org","@graph":[{"@type":"Article","@id":"https:\/\/contabilidadecaxias.com.br\/index.php\/2022\/06\/21\/diretorio-nacional-de-partido-nao-tera-de-responder-por-dividas-trabalhistas-de-diretorio-regional\/#article","isPartOf":{"@id":"https:\/\/contabilidadecaxias.com.br\/index.php\/2022\/06\/21\/diretorio-nacional-de-partido-nao-tera-de-responder-por-dividas-trabalhistas-de-diretorio-regional\/"},"author":{"name":"","@id":""},"headline":"Diret\u00f3rio nacional de partido n\u00e3o ter\u00e1 de responder por d\u00edvidas trabalhistas de diret\u00f3rio regional","datePublished":"2022-06-21T19:07:22+00:00","mainEntityOfPage":{"@id":"https:\/\/contabilidadecaxias.com.br\/index.php\/2022\/06\/21\/diretorio-nacional-de-partido-nao-tera-de-responder-por-dividas-trabalhistas-de-diretorio-regional\/"},"wordCount":378,"commentCount":0,"image":{"@id":"https:\/\/contabilidadecaxias.com.br\/index.php\/2022\/06\/21\/diretorio-nacional-de-partido-nao-tera-de-responder-por-dividas-trabalhistas-de-diretorio-regional\/#primaryimage"},"thumbnailUrl":"https:\/\/contabilidadecaxias.com.br\/wp-content\/uploads\/2022\/06\/fbd86db8-d164-b7e1-8817-ca7198efdb9c-zcaXyn-scaled.jpeg","articleSection":["Educa\u00e7\u00e3o Financeira"],"inLanguage":"pt-BR","potentialAction":[{"@type":"CommentAction","name":"Comment","target":["https:\/\/contabilidadecaxias.com.br\/index.php\/2022\/06\/21\/diretorio-nacional-de-partido-nao-tera-de-responder-por-dividas-trabalhistas-de-diretorio-regional\/#respond"]}]},{"@type":"WebPage","@id":"https:\/\/contabilidadecaxias.com.br\/index.php\/2022\/06\/21\/diretorio-nacional-de-partido-nao-tera-de-responder-por-dividas-trabalhistas-de-diretorio-regional\/","url":"https:\/\/contabilidadecaxias.com.br\/index.php\/2022\/06\/21\/diretorio-nacional-de-partido-nao-tera-de-responder-por-dividas-trabalhistas-de-diretorio-regional\/","name":"Diret\u00f3rio nacional de partido n\u00e3o ter\u00e1 de responder por d\u00edvidas trabalhistas de diret\u00f3rio regional - Contabilidade Caxias","isPartOf":{"@id":"https:\/\/contabilidadecaxias.com.br\/#website"},"primaryImageOfPage":{"@id":"https:\/\/contabilidadecaxias.com.br\/index.php\/2022\/06\/21\/diretorio-nacional-de-partido-nao-tera-de-responder-por-dividas-trabalhistas-de-diretorio-regional\/#primaryimage"},"image":{"@id":"https:\/\/contabilidadecaxias.com.br\/index.php\/2022\/06\/21\/diretorio-nacional-de-partido-nao-tera-de-responder-por-dividas-trabalhistas-de-diretorio-regional\/#primaryimage"},"thumbnailUrl":"https:\/\/contabilidadecaxias.com.br\/wp-content\/uploads\/2022\/06\/fbd86db8-d164-b7e1-8817-ca7198efdb9c-zcaXyn-scaled.jpeg","datePublished":"2022-06-21T19:07:22+00:00","author":{"@id":""},"breadcrumb":{"@id":"https:\/\/contabilidadecaxias.com.br\/index.php\/2022\/06\/21\/diretorio-nacional-de-partido-nao-tera-de-responder-por-dividas-trabalhistas-de-diretorio-regional\/#breadcrumb"},"inLanguage":"pt-BR","potentialAction":[{"@type":"ReadAction","target":["https:\/\/contabilidadecaxias.com.br\/index.php\/2022\/06\/21\/diretorio-nacional-de-partido-nao-tera-de-responder-por-dividas-trabalhistas-de-diretorio-regional\/"]}]},{"@type":"ImageObject","inLanguage":"pt-BR","@id":"https:\/\/contabilidadecaxias.com.br\/index.php\/2022\/06\/21\/diretorio-nacional-de-partido-nao-tera-de-responder-por-dividas-trabalhistas-de-diretorio-regional\/#primaryimage","url":"https:\/\/contabilidadecaxias.com.br\/wp-content\/uploads\/2022\/06\/fbd86db8-d164-b7e1-8817-ca7198efdb9c-zcaXyn-scaled.jpeg","contentUrl":"https:\/\/contabilidadecaxias.com.br\/wp-content\/uploads\/2022\/06\/fbd86db8-d164-b7e1-8817-ca7198efdb9c-zcaXyn-scaled.jpeg","width":2560,"height":1707},{"@type":"BreadcrumbList","@id":"https:\/\/contabilidadecaxias.com.br\/index.php\/2022\/06\/21\/diretorio-nacional-de-partido-nao-tera-de-responder-por-dividas-trabalhistas-de-diretorio-regional\/#breadcrumb","itemListElement":[{"@type":"ListItem","position":1,"name":"In\u00edcio","item":"https:\/\/contabilidadecaxias.com.br\/"},{"@type":"ListItem","position":2,"name":"Diret\u00f3rio nacional de partido n\u00e3o ter\u00e1 de responder por d\u00edvidas trabalhistas de diret\u00f3rio regional"}]},{"@type":"WebSite","@id":"https:\/\/contabilidadecaxias.com.br\/#website","url":"https:\/\/contabilidadecaxias.com.br\/","name":"Contabilidade Caxias","description":"Site especializado em Contabilidade para Caxias.","potentialAction":[{"@type":"SearchAction","target":{"@type":"EntryPoint","urlTemplate":"https:\/\/contabilidadecaxias.com.br\/?s={search_term_string}"},"query-input":{"@type":"PropertyValueSpecification","valueRequired":true,"valueName":"search_term_string"}}],"inLanguage":"pt-BR"}]}},"_links":{"self":[{"href":"https:\/\/contabilidadecaxias.com.br\/index.php\/wp-json\/wp\/v2\/posts\/11210","targetHints":{"allow":["GET"]}}],"collection":[{"href":"https:\/\/contabilidadecaxias.com.br\/index.php\/wp-json\/wp\/v2\/posts"}],"about":[{"href":"https:\/\/contabilidadecaxias.com.br\/index.php\/wp-json\/wp\/v2\/types\/post"}],"replies":[{"embeddable":true,"href":"https:\/\/contabilidadecaxias.com.br\/index.php\/wp-json\/wp\/v2\/comments?post=11210"}],"version-history":[{"count":0,"href":"https:\/\/contabilidadecaxias.com.br\/index.php\/wp-json\/wp\/v2\/posts\/11210\/revisions"}],"wp:featuredmedia":[{"embeddable":true,"href":"https:\/\/contabilidadecaxias.com.br\/index.php\/wp-json\/wp\/v2\/media\/11211"}],"wp:attachment":[{"href":"https:\/\/contabilidadecaxias.com.br\/index.php\/wp-json\/wp\/v2\/media?parent=11210"}],"wp:term":[{"taxonomy":"category","embeddable":true,"href":"https:\/\/contabilidadecaxias.com.br\/index.php\/wp-json\/wp\/v2\/categories?post=11210"},{"taxonomy":"post_tag","embeddable":true,"href":"https:\/\/contabilidadecaxias.com.br\/index.php\/wp-json\/wp\/v2\/tags?post=11210"}],"curies":[{"name":"wp","href":"https:\/\/api.w.org\/{rel}","templated":true}]}}